{"id":2070577,"date":"2026-07-29T16:26:51","date_gmt":"2026-07-29T13:26:51","guid":{"rendered":"https:\/\/analyse.optim.biz\/?p=2070577"},"modified":"2026-07-29T16:26:51","modified_gmt":"2026-07-29T13:26:51","slug":"senatorul-ionel-carp-de-ziua-imnului-un-apel-la-unitate-si-intoarcere-la-valorile-autentice","status":"publish","type":"post","link":"https:\/\/analyse.optim.biz\/?p=2070577","title":{"rendered":"\u201eSenatorul Ionel Carp de Ziua Imnului: Un apel la unitate \u0219i \u00eentoarcere la valorile autentice\u201d"},"content":{"rendered":"<p>[analyse_image type=&#8221;featured&#8221; src=&#8221;https:\/\/infotulcea.ro\/wp-content\/uploads\/2021\/11\/bulina.png&#8221;]<\/p>\n<div id=\"content\" class=\"site-content container\">\n<div id=\"main-content-row\" class=\"tie-row main-content-row\">\n<div class=\"main-content tie-col-md-8 tie-col-xs-12\" role=\"main\">\n<article id=\"the-post\" class=\"container-wrapper post-content tie-standard\">\n<header class=\"entry-header-outer\">\n<nav id=\"breadcrumb\"><a href=\"https:\/\/infotulcea.ro\/\"> Home<\/a><em class=\"delimiter\">\/<\/em><a href=\"https:\/\/infotulcea.ro\/categorie\/politice\/\">Politice<\/a><em class=\"delimiter\">\/<\/em><span class=\"current\">\u201eSenatorul Ionel Carp de Ziua Imnului: Un apel la unitate \u0219i \u00eentoarcere la valorile autentice\u201d<\/span><\/nav>\n<div class=\"entry-header\"><span class=\"post-cat-wrap\"><a class=\"post-cat tie-cat-28\" href=\"https:\/\/infotulcea.ro\/categorie\/politice\/\">Politice<\/a><\/span><\/p>\n<h1 class=\"post-title entry-title\">\n\t\t\t\u201eSenatorul Ionel Carp de Ziua Imnului: Un apel la unitate \u0219i \u00eentoarcere la valorile autentice\u201d\t\t<\/h1>\n<div class=\"single-post-meta post-meta clearfix\"><span class=\"author-meta single-author no-avatars\"><span class=\"meta-item meta-author-wrapper meta-author-9\"><span class=\"meta-author\"><a href=\"https:\/\/infotulcea.ro\/author\/redactia-2\/\" class=\"author-name tie-icon\" title=\"Redactia\">Redactia<\/a><\/span><\/span><\/span><span class=\"date meta-item tie-icon\">29 iulie 2026<\/span><\/p>\n<div class=\"tie-alignright\"><span class=\"meta-comment tie-icon meta-item fa-before\">0<\/span><span class=\"meta-views meta-item \"> 344 <\/span><span class=\"meta-reading-time meta-item\"> 1 minute read<\/span><\/div>\n<\/div>\n<\/div>\n<\/header>\n<div class=\"entry-content entry clearfix\">\n<p>Ast\u0103zi, 29 iulie, s\u0103rb\u0103torim Ziua Imnului Na\u021bional al Rom\u00e2niei, un simbol fundamental al identit\u0103\u021bii, unit\u0103\u021bii \u0219i curajului poporului nostru. Cu aceast\u0103 ocazie, senatorul tulcean Ionel Carp subliniaz\u0103 importan\u021ba istoric\u0103 a c\u00e2ntecului \u201eDe\u0219teapt\u0103-te, rom\u00e2ne!\u201d \u0219i relevan\u021ba sa profund\u0103 \u00een contextul provoc\u0103rilor actuale. <source sizes=\"(max-width: 500px) 100vw, 500px\" type=\"image\/webp\" data-srcset=\"https:\/\/infotulcea.ro\/wp-content\/uploads\/2026\/07\/carp-ionel-500x346.jpg.webp 500w, https:\/\/infotulcea.ro\/wp-content\/uploads\/2026\/07\/carp-ionel-1024x709.jpg.webp 1024w, https:\/\/infotulcea.ro\/wp-content\/uploads\/2026\/07\/carp-ionel-768x532.jpg.webp 768w, https:\/\/infotulcea.ro\/wp-content\/uploads\/2026\/07\/carp-ionel.jpg.webp 1066w\" \/><\/p>\n<p><img loading=\"lazy\" decoding=\"async\" class=\"size-medium wp-image-40278 alignright\" src=\"https:\/\/infotulcea.ro\/wp-content\/uploads\/2026\/07\/carp-ionel-500x346.jpg\" alt width=\"500\" height=\"346\"><\/p>\n<p>\u201e<em>Travers\u0103m o perioad\u0103 marcat\u0103 de incertitudini majore. Tr\u0103im \u00eentr-o lume tot mai agitat\u0103 \u0219i, parc\u0103, r\u0103t\u0103cit\u0103 de propriile idealuri. \u00cen acest context, versurile imnului nostru na\u021bional r\u0103sun\u0103 mai adev\u0103rate ca oric\u00e2nd. Chemarea la \u00abde\u0219teptare\u00bb nu este doar o referin\u021b\u0103 istoric\u0103, ci un imperativ absolut al prezentului. Este datoria noastr\u0103 s\u0103 r\u0103m\u00e2nem lucizi, ancora\u021bi \u00een realitate \u0219i s\u0103 nu ne l\u0103s\u0103m cople\u0219i\u021bi de crizele care ne \u00eenconjoar\u0103<\/em>\u201d, a declarat senatorul Ionel Carp.<\/p>\n<p>Parlamentarul tulcean atrage aten\u021bia c\u0103 respectul fa\u021b\u0103 de simbolurile na\u021bionale trebuie s\u0103 dep\u0103\u0219easc\u0103 nivelul pur ceremonial, transform\u00e2ndu-se \u00eentr-un motor real al coeziunii sociale \u0219i al ac\u021biunii responsabile pentru viitorul \u021b\u0103rii.<\/p>\n<p><em>\u201eA sosit momentul unei rena\u0219teri morale pentru na\u021biunea noastr\u0103. Pentru a rezista \u00een fa\u021ba presiunilor tot mai mari, avem nevoie de o \u00eentoarcere la un set de valori autentice: demnitate, credin\u021b\u0103, respect \u0219i un patriotism asumat, nu doar clamat. Imnul ne aminte\u0219te de sacrificiile \u00eenainta\u0219ilor no\u0219tri, dar, mai ales, de puterea pe care o avem atunci c\u00e2nd suntem uni\u021bi. S\u0103 facem din acest simbol sacru un reper zilnic care s\u0103 ne ghideze ac\u021biunile \u0219i deciziile\u201d<\/em>, a concluzionat senatorul de Tulcea.<\/p>\n<\/div>\n<div id=\"post-extra-info\">\n<div class=\"theiaStickySidebar\">\n<div class=\"single-post-meta post-meta clearfix\"><span class=\"author-meta single-author no-avatars\"><span class=\"meta-item meta-author-wrapper meta-author-9\"><span class=\"meta-author\"><a href=\"https:\/\/infotulcea.ro\/author\/redactia-2\/\" class=\"author-name tie-icon\" title=\"Redactia\">Redactia<\/a><\/span><\/span><\/span><span class=\"date meta-item tie-icon\">29 iulie 2026<\/span><\/p>\n<div class=\"tie-alignright\"><span class=\"meta-comment tie-icon meta-item fa-before\">0<\/span><span class=\"meta-views meta-item \"> 344 <\/span><span class=\"meta-reading-time meta-item\"> 1 minute read<\/span><\/div>\n<\/div>\n<\/div>\n<\/div>\n<div id=\"share-buttons-bottom\" class=\"share-buttons share-buttons-bottom\">\n<div class=\"share-links  icons-only\">\n<div class=\"share-title\"><span> Share<\/span><\/div>\n<p><a href=\"https:\/\/www.facebook.com\/sharer.php?u=https:\/\/infotulcea.ro\/senatorul-ionel-carp-de-ziua-imnului-un-apel-la-unitate-si-intoarcere-la-valorile-autentice\/\" rel=\"external noopener nofollow\" title=\"Facebook\" target=\"_blank\" class=\"facebook-share-btn \" data-raw=\"https:\/\/www.facebook.com\/sharer.php?u={post_link}\"><span class=\"screen-reader-text\">Facebook<\/span><\/a><a href=\"https:\/\/twitter.com\/intent\/tweet?text=%E2%80%9ESenatorul%20Ionel%20Carp%20de%20Ziua%20Imnului%3A%20Un%20apel%20la%20unitate%20%C8%99i%20%C3%AEntoarcere%20la%20valorile%20autentice%E2%80%9D&amp;url=https:\/\/infotulcea.ro\/senatorul-ionel-carp-de-ziua-imnului-un-apel-la-unitate-si-intoarcere-la-valorile-autentice\/\" rel=\"external noopener nofollow\" title=\"X\" target=\"_blank\" class=\"twitter-share-btn \" data-raw=\"https:\/\/twitter.com\/intent\/tweet?text={post_title}&amp;url={post_link}\"><span class=\"screen-reader-text\">X<\/span><\/a><a href=\"https:\/\/api.whatsapp.com\/send?text=%E2%80%9ESenatorul%20Ionel%20Carp%20de%20Ziua%20Imnului%3A%20Un%20apel%20la%20unitate%20%C8%99i%20%C3%AEntoarcere%20la%20valorile%20autentice%E2%80%9D%20https:\/\/infotulcea.ro\/senatorul-ionel-carp-de-ziua-imnului-un-apel-la-unitate-si-intoarcere-la-valorile-autentice\/\" rel=\"external noopener nofollow\" title=\"WhatsApp\" target=\"_blank\" class=\"whatsapp-share-btn \" data-raw=\"https:\/\/api.whatsapp.com\/send?text={post_title}%20{post_link}\"><span class=\"screen-reader-text\">WhatsApp<\/span><\/a><a href=\"https:\/\/telegram.me\/share\/url?url=https:\/\/infotulcea.ro\/senatorul-ionel-carp-de-ziua-imnului-un-apel-la-unitate-si-intoarcere-la-valorile-autentice\/&amp;text=%E2%80%9ESenatorul%20Ionel%20Carp%20de%20Ziua%20Imnului%3A%20Un%20apel%20la%20unitate%20%C8%99i%20%C3%AEntoarcere%20la%20valorile%20autentice%E2%80%9D\" rel=\"external noopener nofollow\" title=\"Telegram\" target=\"_blank\" class=\"telegram-share-btn \" data-raw=\"https:\/\/telegram.me\/share\/url?url={post_link}&amp;text={post_title}\"><span class=\"screen-reader-text\">Telegram<\/span><\/a><a href=\"mailto:?subject=%E2%80%9ESenatorul%20Ionel%20Carp%20de%20Ziua%20Imnului%3A%20Un%20apel%20la%20unitate%20%C8%99i%20%C3%AEntoarcere%20la%20valorile%20autentice%E2%80%9D&amp;body=https:\/\/infotulcea.ro\/senatorul-ionel-carp-de-ziua-imnului-un-apel-la-unitate-si-intoarcere-la-valorile-autentice\/\" rel=\"external noopener nofollow\" title=\"Share via Email\" target=\"_blank\" class=\"email-share-btn \" data-raw=\"mailto:?subject={post_title}&amp;body={post_link}\"><span class=\"screen-reader-text\">Share via Email<\/span><\/a><a href=\"https:\/\/infotulcea.ro\/senatorul-ionel-carp-de-ziua-imnului-un-apel-la-unitate-si-intoarcere-la-valorile-autentice\/\" rel=\"external noopener nofollow\" title=\"Print\" target=\"_blank\" class=\"print-share-btn \" data-raw=\"#\"><span class=\"screen-reader-text\">Print<\/span><\/a><\/div>\n<\/div>\n<\/article>\n<div class=\"post-components\">\n<div id=\"related-posts\" class=\"container-wrapper has-extra-post\">\n<div class=\"mag-box-title the-global-title\">\n<h3>Related Articles<\/h3>\n<\/div>\n<div class=\"related-posts-list\">\n<div class=\"related-item tie-standard\"><a aria-label=\"George \u015ei\u015fcu, deputat PNL, v\u0103 ureaz\u0103 \u201eLa mul\u0163i ani!\u201d\" href=\"https:\/\/infotulcea.ro\/george-siscu-deputat-pnl-va-ureaza-la-multi-ani\/\" class=\"post-thumb\"><img loading=\"lazy\" decoding=\"async\" width=\"390\" height=\"220\" src=\"https:\/\/infotulcea.ro\/wp-content\/uploads\/2020\/12\/siscu-1-390x220.jpg\" class=\"attachment-jannah-image-large size-jannah-image-large wp-post-image lazyload\" alt><img loading=\"lazy\" decoding=\"async\" width=\"390\" height=\"220\" src=\"https:\/\/infotulcea.ro\/wp-content\/uploads\/2020\/12\/siscu-1-390x220.jpg\" class=\"attachment-jannah-image-large size-jannah-image-large wp-post-image\" alt><\/a><\/p>\n<h3 class=\"post-title\"><a href=\"https:\/\/infotulcea.ro\/george-siscu-deputat-pnl-va-ureaza-la-multi-ani\/\">George \u015ei\u015fcu, deputat PNL, v\u0103 ureaz\u0103 \u201eLa mul\u0163i ani!\u201d<\/a><\/h3>\n<div class=\"post-meta clearfix\"><span class=\"date meta-item tie-icon\">31 decembrie 2021<\/span><\/div>\n<\/div>\n<div class=\"related-item tie-standard\"><a aria-label=\"\u015etefana ZIBILEANU \u2013 PRO Rom\u00e2nia: Mesajul echipei Pro Rom\u00e2nia \u2013 Filiala Jude\u0163ean\u0103 Tulcea\" href=\"https:\/\/infotulcea.ro\/stefana-zibileanu-pro-romania-mesajul-echipei-pro-romania-filiala-judeteana-tulcea\/\" class=\"post-thumb\"><source type=\"image\/webp\" data-srcset=\"https:\/\/infotulcea.ro\/wp-content\/uploads\/2020\/09\/zibileanu-s-5-390x220.jpg.webp\" \/><img loading=\"lazy\" decoding=\"async\" width=\"390\" height=\"220\" src=\"https:\/\/infotulcea.ro\/wp-content\/uploads\/2020\/09\/zibileanu-s-5-390x220.jpg\" class=\"attachment-jannah-image-large size-jannah-image-large wp-post-image\" alt><\/a><\/p>\n<h3 class=\"post-title\"><a href=\"https:\/\/infotulcea.ro\/stefana-zibileanu-pro-romania-mesajul-echipei-pro-romania-filiala-judeteana-tulcea\/\">\u015etefana ZIBILEANU \u2013 PRO Rom\u00e2nia: Mesajul echipei Pro Rom\u00e2nia \u2013 Filiala Jude\u0163ean\u0103 Tulcea<\/a><\/h3>\n<div class=\"post-meta clearfix\"><span class=\"date meta-item tie-icon\">24 septembrie 2020<\/span><\/div>\n<\/div>\n<div class=\"related-item tie-standard\"><a aria-label=\"Vrem adev\u0103rul despre 10 august!\" href=\"https:\/\/infotulcea.ro\/vrem-adevarul-despre-10-august\/\" class=\"post-thumb\"><img loading=\"lazy\" decoding=\"async\" width=\"390\" height=\"220\" src=\"https:\/\/infotulcea.ro\/wp-content\/uploads\/2021\/07\/siscu-g-390x220.jpg\" class=\"attachment-jannah-image-large size-jannah-image-large wp-post-image lazyload\" alt><img loading=\"lazy\" decoding=\"async\" width=\"390\" height=\"220\" src=\"https:\/\/infotulcea.ro\/wp-content\/uploads\/2021\/07\/siscu-g-390x220.jpg\" class=\"attachment-jannah-image-large size-jannah-image-large wp-post-image\" alt><\/a><\/p>\n<h3 class=\"post-title\"><a href=\"https:\/\/infotulcea.ro\/vrem-adevarul-despre-10-august\/\">Vrem adev\u0103rul despre 10 august!<\/a><\/h3>\n<div class=\"post-meta clearfix\"><span class=\"date meta-item tie-icon\">10 august 2021<\/span><\/div>\n<\/div>\n<div class=\"related-item tie-standard\"><a aria-label=\"Victor TARHON \u2013 Partidul Mi\u015fcarea Popular\u0103: \u201eFapte: aproape 60 de milioane de lei pentru Sulina\u201d\" href=\"https:\/\/infotulcea.ro\/victor-tarhon-partidul-miscarea-populara-fapte-aproape-60-de-milioane-de-lei-pentru-sulina\/\" class=\"post-thumb\"><img loading=\"lazy\" decoding=\"async\" width=\"390\" height=\"220\" src=\"https:\/\/infotulcea.ro\/wp-content\/uploads\/2020\/09\/tarhon2-1-390x220.jpg\" class=\"attachment-jannah-image-large size-jannah-image-large wp-post-image lazyload\" alt><img loading=\"lazy\" decoding=\"async\" width=\"390\" height=\"220\" src=\"https:\/\/infotulcea.ro\/wp-content\/uploads\/2020\/09\/tarhon2-1-390x220.jpg\" class=\"attachment-jannah-image-large size-jannah-image-large wp-post-image\" alt><\/a><\/p>\n<h3 class=\"post-title\"><a href=\"https:\/\/infotulcea.ro\/victor-tarhon-partidul-miscarea-populara-fapte-aproape-60-de-milioane-de-lei-pentru-sulina\/\">Victor TARHON \u2013 Partidul Mi\u015fcarea Popular\u0103: \u201eFapte: aproape 60 de milioane de lei pentru Sulina\u201d<\/a><\/h3>\n<div class=\"post-meta clearfix\"><span class=\"date meta-item tie-icon\">13 septembrie 2020<\/span><\/div>\n<\/div>\n<\/div>\n<\/div>\n<div id=\"comments\" class=\"comments-area\">\n<div id=\"add-comment-block\" class=\"container-wrapper\">\n<div id=\"respond\" class=\"comment-respond\">\n<h3 id=\"reply-title\" class=\"comment-reply-title the-global-title\">Las\u0103 un r\u0103spuns <small><a rel=\"nofollow\" id=\"cancel-comment-reply-link\" href=\"https:\/\/infotulcea.ro\/senatorul-ionel-carp-de-ziua-imnului-un-apel-la-unitate-si-intoarcere-la-valorile-autentice\/#respond\">Anuleaz\u0103 r\u0103spunsul<\/a><\/small><\/h3>\n<p class=\"comment-notes\"><span id=\"email-notes\">Adresa ta de email nu va fi publicat\u0103.<\/span><span class=\"required-field-message\">C\u00e2mpurile obligatorii sunt marcate cu <span class=\"required\">*<\/span><\/span><\/p>\n<\/div>\n<\/div>\n<\/div>\n<\/div>\n<\/div>\n<div id=\"check-also-box\" class=\"container-wrapper check-also-right\">\n<div class=\"widget-title the-global-title\">\n<div class=\"the-subtitle\">Check Also<\/div>\n<p><a href=\"https:\/\/infotulcea.ro\/senatorul-ionel-carp-de-ziua-imnului-un-apel-la-unitate-si-intoarcere-la-valorile-autentice\/\" id=\"check-also-close\" class=\"remove\"><span class=\"screen-reader-text\">Close<\/span><\/a><\/div>\n<div class=\"widget posts-list-big-first has-first-big-post\">\n<ul class=\"posts-list-items\">\n<li class=\"widget-single-post-item widget-post-list tie-standard\">\n<div class=\"post-widget-thumbnail\"><a aria-label=\"Costel Vicol, senator de Tulcea: \u201eReform\u0103m \u015fi dezvolt\u0103m Rom\u00e2nia cu bani europeni\u201d\" href=\"https:\/\/infotulcea.ro\/costel-vicol-senator-de-tulcea-reformam-si-dezvoltam-romania-cu-bani-europeni\/\" class=\"post-thumb\"><span class=\"post-cat-wrap\"><span class=\"post-cat tie-cat-28\">Politice<\/span><\/span><img loading=\"lazy\" decoding=\"async\" width=\"390\" height=\"220\" src=\"https:\/\/infotulcea.ro\/wp-content\/uploads\/2021\/04\/vicol-1-390x220.jpg\" class=\"attachment-jannah-image-large size-jannah-image-large wp-post-image lazyload\" alt><img loading=\"lazy\" decoding=\"async\" width=\"390\" height=\"220\" src=\"https:\/\/infotulcea.ro\/wp-content\/uploads\/2021\/04\/vicol-1-390x220.jpg\" class=\"attachment-jannah-image-large size-jannah-image-large wp-post-image\" alt><\/a><\/div>\n<div class=\"post-widget-body \"><a class=\"post-title the-subtitle\" href=\"https:\/\/infotulcea.ro\/costel-vicol-senator-de-tulcea-reformam-si-dezvoltam-romania-cu-bani-europeni\/\">Costel Vicol, senator de Tulcea: \u201eReform\u0103m \u015fi dezvolt\u0103m Rom\u00e2nia cu bani europeni\u201d<\/a><\/p>\n<div class=\"post-meta\"><span class=\"date meta-item tie-icon\">14 mai 2021<\/span><\/div>\n<\/div>\n<\/li>\n<\/ul>\n<\/div>\n<\/div>\n<aside class=\"sidebar tie-col-md-4 tie-col-xs-12 normal-side is-sticky\" aria-label=\"Primary Sidebar\">\n<div class=\"theiaStickySidebar\">\n<div id=\"media_image-19\" class=\"container-wrapper widget widget_media_image\"><a href=\"https:\/\/infotulcea.ro\/delta-dunarii-mai-accesibila-navrom-delta-creste-numarul-curselor-regulate-de-la-1-mai-2025\/\"><source sizes=\"(max-width: 500px) 100vw, 500px\" type=\"image\/webp\" data-srcset=\"https:\/\/infotulcea.ro\/wp-content\/uploads\/2025\/04\/navrom-delta-500x271.jpg.webp 500w, https:\/\/infotulcea.ro\/wp-content\/uploads\/2025\/04\/navrom-delta-1024x555.jpg.webp 1024w, https:\/\/infotulcea.ro\/wp-content\/uploads\/2025\/04\/navrom-delta-768x416.jpg.webp 768w, https:\/\/infotulcea.ro\/wp-content\/uploads\/2025\/04\/navrom-delta.jpg.webp 1080w\" \/><img loading=\"lazy\" decoding=\"async\" width=\"500\" height=\"271\" src=\"https:\/\/infotulcea.ro\/wp-content\/uploads\/2025\/04\/navrom-delta-500x271.jpg\" class=\"image wp-image-34487  attachment-medium size-medium\" alt><\/a><\/div>\n<div id=\"media_image-17\" class=\"container-wrapper widget widget_media_image\"><a href=\"https:\/\/www.facebook.com\/share\/p\/1DGAD1tLWN\/?mibextid=wwXIfr\" target=\"_blank\"><source sizes=\"(max-width: 500px) 100vw, 500px\" type=\"image\/webp\" data-srcset=\"https:\/\/infotulcea.ro\/wp-content\/uploads\/2026\/01\/IMG_1563-500x500.jpeg.webp 500w, https:\/\/infotulcea.ro\/wp-content\/uploads\/2026\/01\/IMG_1563-1024x1024.jpeg.webp 1024w, https:\/\/infotulcea.ro\/wp-content\/uploads\/2026\/01\/IMG_1563-250x250.jpeg.webp 250w, https:\/\/infotulcea.ro\/wp-content\/uploads\/2026\/01\/IMG_1563-768x768.jpeg.webp 768w, https:\/\/infotulcea.ro\/wp-content\/uploads\/2026\/01\/IMG_1563.jpeg.webp 1080w\" \/><img loading=\"lazy\" decoding=\"async\" width=\"500\" height=\"500\" src=\"https:\/\/infotulcea.ro\/wp-content\/uploads\/2026\/01\/IMG_1563-500x500.jpeg\" class=\"image wp-image-37932  attachment-medium size-medium\" alt title=\"Centrale pe lemne\"><\/a><\/div>\n<div id=\"media_image-18\" class=\"container-wrapper widget widget_media_image\"><a href=\"https:\/\/www.licitatia.ro\/site\/index-guest\"><img loading=\"lazy\" decoding=\"async\" width=\"500\" height=\"262\" src=\"https:\/\/infotulcea.ro\/wp-content\/uploads\/2025\/09\/licitatia-500x262.png\" class=\"image wp-image-36670  attachment-medium size-medium lazyload\" alt><img loading=\"lazy\" decoding=\"async\" width=\"500\" height=\"262\" src=\"https:\/\/infotulcea.ro\/wp-content\/uploads\/2025\/09\/licitatia-500x262.png\" class=\"image wp-image-36670  attachment-medium size-medium\" alt><\/a><\/div>\n<div id=\"media_image-27\" class=\"container-wrapper widget widget_media_image\"><a href=\"https:\/\/www.centrale-lemne-liepsnele.ro\/\"><img loading=\"lazy\" decoding=\"async\" width=\"500\" height=\"500\" src=\"https:\/\/infotulcea.ro\/wp-content\/uploads\/2025\/09\/Centrale-pe-Lemne-Liepsnele-500x500.png\" class=\"image wp-image-36541  attachment-medium size-medium lazyload\" alt=\"Centrala pe lemne\"><img loading=\"lazy\" decoding=\"async\" width=\"500\" height=\"500\" src=\"https:\/\/infotulcea.ro\/wp-content\/uploads\/2025\/09\/Centrale-pe-Lemne-Liepsnele-500x500.png\" class=\"image wp-image-36541  attachment-medium size-medium\" alt=\"Centrala pe lemne\"><\/a><\/div>\n<div id=\"media_image-28\" class=\"container-wrapper widget widget_media_image\"><a href=\"https:\/\/infotulcea.ro\/angajeaza-te-ro-platforma-ta-online-de-angajari-si-forta-de-munca\/\"><source sizes=\"(max-width: 500px) 100vw, 500px\" type=\"image\/webp\" data-srcset=\"https:\/\/infotulcea.ro\/wp-content\/uploads\/2025\/04\/banner-angajazate-1-500x305.jpg.webp 500w, https:\/\/infotulcea.ro\/wp-content\/uploads\/2025\/04\/banner-angajazate-1-1024x625.jpg.webp 1024w, https:\/\/infotulcea.ro\/wp-content\/uploads\/2025\/04\/banner-angajazate-1-768x469.jpg.webp 768w, https:\/\/infotulcea.ro\/wp-content\/uploads\/2025\/04\/banner-angajazate-1.jpg.webp 1080w\" \/><img loading=\"lazy\" decoding=\"async\" width=\"500\" height=\"305\" src=\"https:\/\/infotulcea.ro\/wp-content\/uploads\/2025\/04\/banner-angajazate-1-500x305.jpg\" class=\"image wp-image-34317  attachment-medium size-medium\" alt><\/a><\/div>\n<\/div>\n<\/aside>\n<\/div>\n<\/div>\n<div class=\"entry-content entry clearfix\">\n<p>Ast\u0103zi, 29 iulie, s\u0103rb\u0103torim Ziua Imnului Na\u021bional al Rom\u00e2niei, un simbol fundamental al identit\u0103\u021bii, unit\u0103\u021bii \u0219i curajului poporului nostru. Cu aceast\u0103 ocazie, senatorul tulcean Ionel Carp subliniaz\u0103 importan\u021ba istoric\u0103 a c\u00e2ntecului \u201eDe\u0219teapt\u0103-te, rom\u00e2ne!\u201d \u0219i relevan\u021ba sa profund\u0103 \u00een contextul provoc\u0103rilor actuale. <source sizes=\"(max-width: 500px) 100vw, 500px\" type=\"image\/webp\" data-srcset=\"https:\/\/infotulcea.ro\/wp-content\/uploads\/2026\/07\/carp-ionel-500x346.jpg.webp 500w, https:\/\/infotulcea.ro\/wp-content\/uploads\/2026\/07\/carp-ionel-1024x709.jpg.webp 1024w, https:\/\/infotulcea.ro\/wp-content\/uploads\/2026\/07\/carp-ionel-768x532.jpg.webp 768w, https:\/\/infotulcea.ro\/wp-content\/uploads\/2026\/07\/carp-ionel.jpg.webp 1066w\" \/><\/p>\n<p><img loading=\"lazy\" decoding=\"async\" class=\"size-medium wp-image-40278 alignright\" src=\"https:\/\/infotulcea.ro\/wp-content\/uploads\/2026\/07\/carp-ionel-500x346.jpg\" alt width=\"500\" height=\"346\"><\/p>\n<p>\u201e<em>Travers\u0103m o perioad\u0103 marcat\u0103 de incertitudini majore. Tr\u0103im \u00eentr-o lume tot mai agitat\u0103 \u0219i, parc\u0103, r\u0103t\u0103cit\u0103 de propriile idealuri. \u00cen acest context, versurile imnului nostru na\u021bional r\u0103sun\u0103 mai adev\u0103rate ca oric\u00e2nd. Chemarea la \u00abde\u0219teptare\u00bb nu este doar o referin\u021b\u0103 istoric\u0103, ci un imperativ absolut al prezentului. Este datoria noastr\u0103 s\u0103 r\u0103m\u00e2nem lucizi, ancora\u021bi \u00een realitate \u0219i s\u0103 nu ne l\u0103s\u0103m cople\u0219i\u021bi de crizele care ne \u00eenconjoar\u0103<\/em>\u201d, a declarat senatorul Ionel Carp.<\/p>\n<p>Parlamentarul tulcean atrage aten\u021bia c\u0103 respectul fa\u021b\u0103 de simbolurile na\u021bionale trebuie s\u0103 dep\u0103\u0219easc\u0103 nivelul pur ceremonial, transform\u00e2ndu-se \u00eentr-un motor real al coeziunii sociale \u0219i al ac\u021biunii responsabile pentru viitorul \u021b\u0103rii.<\/p>\n<p><em>\u201eA sosit momentul unei rena\u0219teri morale pentru na\u021biunea noastr\u0103. Pentru a rezista \u00een fa\u021ba presiunilor tot mai mari, avem nevoie de o \u00eentoarcere la un set de valori autentice: demnitate, credin\u021b\u0103, respect \u0219i un patriotism asumat, nu doar clamat. Imnul ne aminte\u0219te de sacrificiile \u00eenainta\u0219ilor no\u0219tri, dar, mai ales, de puterea pe care o avem atunci c\u00e2nd suntem uni\u021bi. S\u0103 facem din acest simbol sacru un reper zilnic care s\u0103 ne ghideze ac\u021biunile \u0219i deciziile\u201d<\/em>, a concluzionat senatorul de Tulcea.<\/p>\n<\/div>\n<div class=\"articleBody\" data-key=\"articleBody\">Ast\u0103zi, 29 iulie, s\u0103rb\u0103torim Ziua Imnului Na\u021bional al Rom\u00e2niei, un simbol fundamental al identit\u0103\u021bii, unit\u0103\u021bii \u0219i curajului poporului nostru. Cu aceast\u0103 ocazie, senatorul tulcean Ionel Carp subliniaz\u0103 importan\u021ba istoric\u0103 a c\u00e2ntecului \u201eDe\u0219teapt\u0103-te, rom\u00e2ne!\u201d \u0219i relevan\u021ba sa profund\u0103 \u00een contextul provoc\u0103rilor actuale. <\/p>\n<p>\u201eTravers\u0103m o perioad\u0103 marcat\u0103 de incertitudini majore. Tr\u0103im \u00eentr-o lume tot mai agitat\u0103 \u0219i, parc\u0103, r\u0103t\u0103cit\u0103 de propriile idealuri. \u00cen acest context, versurile imnului nostru na\u021bional r\u0103sun\u0103 mai adev\u0103rate ca oric\u00e2nd. Chemarea la \u00abde\u0219teptare\u00bb nu este doar o referin\u021b\u0103 istoric\u0103, ci un imperativ absolut al prezentului. Este datoria noastr\u0103 s\u0103 r\u0103m\u00e2nem lucizi, ancora\u021bi \u00een realitate \u0219i s\u0103 nu ne l\u0103s\u0103m cople\u0219i\u021bi de crizele care ne \u00eenconjoar\u0103\u201d, a declarat senatorul Ionel Carp.<\/p>\n<p>Parlamentarul tulcean atrage aten\u021bia c\u0103 respectul fa\u021b\u0103 de simbolurile na\u021bionale trebuie s\u0103 dep\u0103\u0219easc\u0103 nivelul pur ceremonial, transform\u00e2ndu-se \u00eentr-un motor real al coeziunii sociale \u0219i al ac\u021biunii responsabile pentru viitorul \u021b\u0103rii.<\/p>\n<p>\u201eA sosit momentul unei rena\u0219teri morale pentru na\u021biunea noastr\u0103. Pentru a rezista \u00een fa\u021ba presiunilor tot mai mari, avem nevoie de o \u00eentoarcere la un set de valori autentice: demnitate, credin\u021b\u0103, respect \u0219i un patriotism asumat, nu doar clamat. Imnul ne aminte\u0219te de sacrificiile \u00eenainta\u0219ilor no\u0219tri, dar, mai ales, de puterea pe care o avem atunci c\u00e2nd suntem uni\u021bi. S\u0103 facem din acest simbol sacru un reper zilnic care s\u0103 ne ghideze ac\u021biunile \u0219i deciziile\u201d, a concluzionat senatorul de Tulcea.<\/p><\/div>\n<p>[analyse_source url=&#8221;https:\/\/infotulcea.ro\/senatorul-ionel-carp-de-ziua-imnului-un-apel-la-unitate-si-intoarcere-la-valorile-autentice\/&#8221;]<\/p>\n","protected":false},"excerpt":{"rendered":"<p>[analyse_image type=&#8221;featured&#8221; src=&#8221;https:\/\/infotulcea.ro\/wp-content\/uploads\/2021\/11\/bulina.png&#8221;] Home\/Politice\/\u201eSenatorul Ionel Carp de Ziua Imnului: Un apel la unitate \u0219i \u00eentoarcere la valorile autentice\u201d Politice \u201eSenatorul Ionel Carp de Ziua Imnului: Un apel la unitate \u0219i \u00eentoarcere la valorile autentice\u201d Redactia29 iulie 2026 0 344 1 minute read Ast\u0103zi, 29 iulie, s\u0103rb\u0103torim Ziua Imnului Na\u021bional al Rom\u00e2niei, un simbol fundamental al [&hellip;]<\/p>\n","protected":false},"author":1,"featured_media":0,"comment_status":"open","ping_status":"","sticky":false,"template":"","format":"standard","meta":{"footnotes":""},"categories":[89],"tags":[226,221],"class_list":["post-2070577","post","type-post","status-publish","format-standard","hentry","category-romania","tag-crawlmanager","tag-infotulcea-ro"],"_links":{"self":[{"href":"https:\/\/analyse.optim.biz\/index.php?rest_route=\/wp\/v2\/posts\/2070577","targetHints":{"allow":["GET"]}}],"collection":[{"href":"https:\/\/analyse.optim.biz\/index.php?rest_route=\/wp\/v2\/posts"}],"about":[{"href":"https:\/\/analyse.optim.biz\/index.php?rest_route=\/wp\/v2\/types\/post"}],"author":[{"embeddable":true,"href":"https:\/\/analyse.optim.biz\/index.php?rest_route=\/wp\/v2\/users\/1"}],"replies":[{"embeddable":true,"href":"https:\/\/analyse.optim.biz\/index.php?rest_route=%2Fwp%2Fv2%2Fcomments&post=2070577"}],"version-history":[{"count":0,"href":"https:\/\/analyse.optim.biz\/index.php?rest_route=\/wp\/v2\/posts\/2070577\/revisions"}],"wp:attachment":[{"href":"https:\/\/analyse.optim.biz\/index.php?rest_route=%2Fwp%2Fv2%2Fmedia&parent=2070577"}],"wp:term":[{"taxonomy":"category","embeddable":true,"href":"https:\/\/analyse.optim.biz\/index.php?rest_route=%2Fwp%2Fv2%2Fcategories&post=2070577"},{"taxonomy":"post_tag","embeddable":true,"href":"https:\/\/analyse.optim.biz\/index.php?rest_route=%2Fwp%2Fv2%2Ftags&post=2070577"}],"curies":[{"name":"wp","href":"https:\/\/api.w.org\/{rel}","templated":true}]}}