{"id":2070575,"date":"2026-07-29T15:19:11","date_gmt":"2026-07-29T12:19:11","guid":{"rendered":"https:\/\/analyse.optim.biz\/?p=2070575"},"modified":"2026-07-29T15:19:11","modified_gmt":"2026-07-29T12:19:11","slug":"focar-de-pesta-porcina-africana-confirmat-la-o-ferma-din-judetul-timis","status":"publish","type":"post","link":"https:\/\/analyse.optim.biz\/?p=2070575","title":{"rendered":"Focar de pest\u0103 porcin\u0103 african\u0103, confirmat la o ferm\u0103 din jude\u0163ul Timi\u015f"},"content":{"rendered":"<p>[analyse_image type=&#8221;featured&#8221; src=&#8221;http:\/\/www.banatulmeu.ro\/wp-content\/uploads\/2021\/04\/7387B491-85DB-41C1-BA79-EEDFCC4F6002.jpeg&#8221;]<\/p>\n<div class=\"post-content-bd\">\n<p>\u00cen jude\u0163ul Timi\u015f a fost confirmat, mar\u0163i, un focar de pest\u0103 porcin\u0103 african\u0103. Potrivit Direc\u0163iei Sanitar-Veterinar\u0103 \u015fi pentru Siguran\u0163a Alimentelor Timi\u015f, este vorba de o ferm\u0103 din localitatea Bulg\u0103ru\u015f, care apar\u0163ine SC COMTIM ROM\u00c2NIA SRL.<\/p>\n<p><em>\u201cDup\u0103 confirmarea Pestei Porcine Africane a fost convocat\u0103 \u0219edin\u021ba cu to\u021bi membrii CLCB, \u00een urma c\u0103reia s-a votat hot\u0103r\u00e2rea de aprobare a zonelor de protec\u021bie \u0219i supraveghere din jurul focarului de PPA, a m\u0103surilor de ucidere imediat\u0103, sub control oficial \u015fi neutralizare prin metode alternative incinerare\/\u00eengropare a materialelor de risc \u0219i a aprob\u0103rii Planului de m\u0103suri \u00een cazul confirm\u0103rii bolii PPA la suinele din exploata\u021bia comerciala a SC COMTIM ROM\u00c2NIA SRL- Ferma BULG\u0102RU\u0218, jude\u021bul Timi\u0219\u201d<\/em>, a informat DSVSA Timi\u015f.<\/p>\n<p>Pentru protejarea perimetrului contaminat, \u00een vederea evit\u0103rii r\u0103sp\u00e2ndirii virusului pestei porcine africane, s-au stabilit cele dou\u0103 zone \u0219i anume: zonele circulare de protec\u0163ie \u015fi supraveghere de 3 \u015fi respectiv 10 km din jurul focarului de pest\u0103 porcin\u0103 african\u0103, dup\u0103 cum urmeaz\u0103: zona de protec\u021bie \u2013 \u00een jurul focarului, de minim 3 km, pe raza localit\u0103\u021bii Bulg\u0103ru\u015f; zon\u0103 de supraveghere \u2013 \u00een jurul focarului, de minim 10 km, care include \u0219i zona de protec\u021bie, pe raza localit\u0103\u021bilor: Iecea Mare, Lenauheim, Graba\u0163, Uihei, \u015eandra, Gottlob, Lovrin \u015fi Pesac.<\/p>\n<p><em>\u201cPreciz\u0103m c\u0103 pesta porcin\u0103 african\u0103 nu afecteaz\u0103 oamenii, neexist\u00e2nd nici cel mai mic risc de \u00eemboln\u0103vire pentru oameni, acest virus av\u00e2nd, \u00eens\u0103, impact la nivel social din punct de vedere economic pentru specia suin\u0103<\/em>\u201c, a transmis DSVSA Timi\u015f.<\/p>\n<\/div>\n<p>[analyse_source url=&#8221;https:\/\/www.banatulmeu.ro\/focar-de-pesta-porcina-africana-confirmat-la-o-ferma-din-judetul-timis\/&#8221;]<\/p>\n","protected":false},"excerpt":{"rendered":"<p>[analyse_image type=&#8221;featured&#8221; src=&#8221;http:\/\/www.banatulmeu.ro\/wp-content\/uploads\/2021\/04\/7387B491-85DB-41C1-BA79-EEDFCC4F6002.jpeg&#8221;] \u00cen jude\u0163ul Timi\u015f a fost confirmat, mar\u0163i, un focar de pest\u0103 porcin\u0103 african\u0103. Potrivit Direc\u0163iei Sanitar-Veterinar\u0103 \u015fi pentru Siguran\u0163a Alimentelor Timi\u015f, este vorba de o ferm\u0103 din localitatea Bulg\u0103ru\u015f, care apar\u0163ine SC COMTIM ROM\u00c2NIA SRL. \u201cDup\u0103 confirmarea Pestei Porcine Africane a fost convocat\u0103 \u0219edin\u021ba cu to\u021bi membrii CLCB, \u00een urma c\u0103reia s-a [&hellip;]<\/p>\n","protected":false},"author":1,"featured_media":0,"comment_status":"open","ping_status":"","sticky":false,"template":"","format":"standard","meta":{"footnotes":""},"categories":[89],"tags":[204,226],"class_list":["post-2070575","post","type-post","status-publish","format-standard","hentry","category-romania","tag-banatulmeu-ro","tag-crawlmanager"],"_links":{"self":[{"href":"https:\/\/analyse.optim.biz\/index.php?rest_route=\/wp\/v2\/posts\/2070575","targetHints":{"allow":["GET"]}}],"collection":[{"href":"https:\/\/analyse.optim.biz\/index.php?rest_route=\/wp\/v2\/posts"}],"about":[{"href":"https:\/\/analyse.optim.biz\/index.php?rest_route=\/wp\/v2\/types\/post"}],"author":[{"embeddable":true,"href":"https:\/\/analyse.optim.biz\/index.php?rest_route=\/wp\/v2\/users\/1"}],"replies":[{"embeddable":true,"href":"https:\/\/analyse.optim.biz\/index.php?rest_route=%2Fwp%2Fv2%2Fcomments&post=2070575"}],"version-history":[{"count":0,"href":"https:\/\/analyse.optim.biz\/index.php?rest_route=\/wp\/v2\/posts\/2070575\/revisions"}],"wp:attachment":[{"href":"https:\/\/analyse.optim.biz\/index.php?rest_route=%2Fwp%2Fv2%2Fmedia&parent=2070575"}],"wp:term":[{"taxonomy":"category","embeddable":true,"href":"https:\/\/analyse.optim.biz\/index.php?rest_route=%2Fwp%2Fv2%2Fcategories&post=2070575"},{"taxonomy":"post_tag","embeddable":true,"href":"https:\/\/analyse.optim.biz\/index.php?rest_route=%2Fwp%2Fv2%2Ftags&post=2070575"}],"curies":[{"name":"wp","href":"https:\/\/api.w.org\/{rel}","templated":true}]}}