{"id":2070514,"date":"2026-07-30T16:25:00","date_gmt":"2026-07-30T13:25:00","guid":{"rendered":"https:\/\/analyse.optim.biz\/?p=2070514"},"modified":"2026-07-30T16:25:00","modified_gmt":"2026-07-30T13:25:00","slug":"proiect-aprobat-se-infiinteaza-serviciul-pentru-gestionarea-cainilor-comunitari","status":"publish","type":"post","link":"https:\/\/analyse.optim.biz\/?p=2070514","title":{"rendered":"Proiect aprobat. Se \u00eenfiin\u021beaz\u0103 Serviciul pentru gestionarea c\u00e2inilor comunitari"},"content":{"rendered":"<p>[analyse_image type=&#8221;featured&#8221; src=&#8221;https:\/\/www.campusbuzau.ro\/wp-content\/uploads\/2025\/08\/serviciu-ecarisaj-caini-vagabonzi-comunitari.jpghttps:\/\/www.campusbuzau.ro\/wp-content\/uploads\/2025\/08\/serviciu-ecarisaj-caini-vagabonzi-comunitari.jpg&#8221;]<\/p>\n<div class=\"entry-content\">\n<p><strong><em>De aproape o jum\u0103tate de an c\u00e2inii f\u0103r\u0103 st\u00e2p\u00e2n nu mai sunt captura\u021bi de pe str\u0103zi \u0219i s-au \u00eenmul\u021bit excesiv. Prim\u0103ria nu a mai avut voie s\u0103 solicite prinderea patrupedelor care deja s-au adunat \u00een grupuri \u0219i s-au stabilit \u00een diferite zone ale ora\u0219ului. Ast\u0103zi s-a aprobat \u00eenfiin\u021barea Serviciului de gestionare care urmeaz\u0103 s\u0103 fie scos la licita\u021bie pe plan na\u021bional.<\/em><\/strong><\/p>\n<p>Proiectul de hot\u0103r\u00e2re referitor la gestionarea c\u00e2inilor f\u0103r\u0103 ad\u0103post a trecut ast\u0103zi cu majoritate de voturi \u0219i va fi pus \u00een practic\u0103 c\u00e2t de repede posibil pentru ca Serviciul respectiv s\u0103 poat\u0103 re\u00eencepe activitatea, inclusiv cea de capturare a c\u00e2inilor de pe str\u0103zile ora\u0219ului.<\/p>\n<p>Viceprimarul admite\u00a0 c\u0103 \u00een tot acest timp \u00een care c\u00eeinii f\u0103r\u0103 st\u0103p\u00e2n nu au mai fost captura\u021bi, st\u0103zile Buz\u0103ului au devenit periculoase din cauza prezen\u021bei patrupedelor \u00een mai toate zonele.<\/p>\n<p>Viceprimarul Ionu\u021b Apostu a afirmat c\u0103 va ini\u021bia licita\u021bii na\u021bionale chiar de luni pentru ca noul Serviciu de gestionare a c\u00e2inilor f\u0103r\u0103 st\u0103p\u00e2n s\u0103 poat\u0103 activa c\u00e2t de cur\u00e2nd posibil.<\/p>\n<p>Activitatea de capturare a c\u00e2inilor comunitari este blocat\u0103 de patru luni, ace\u0219tia au devenit mai numero\u0219i \u0219i, din p\u0103cate \u0219i mai agresivi m\u0219i mul\u021bi locuitori ai ora\u0219ului au \u00eenceput s\u0103 se team\u0103 de ei.<\/p>\n<figure class=\"wp-block-embed is-type-video is-provider-youtube wp-block-embed-youtube wp-embed-aspect-16-9 wp-has-aspect-ratio\">\n<div class=\"wp-block-embed__wrapper\">\n<iframe loading=\"lazy\" title=\"SE VA \u00ceNFIIN\u021aA UN NOU SERVICIU DE GESTIONARE A C\u00c2INILOR F\u0102R\u0102 ST\u0102P\u00c2N\" width=\"500\" height=\"281\" src=\"https:\/\/www.youtube.com\/embed\/3dMvZcSbVMQ?feature=oembed\" frameborder allow=\"accelerometer; autoplay; clipboard-write; encrypted-media; gyroscope; picture-in-picture; web-share\" referrerpolicy=\"strict-origin-when-cross-origin\" allowfullscreen><\/iframe>\n<\/div>\n<\/figure>\n<\/div>\n<p>[analyse_source url=&#8221;https:\/\/www.campusbuzau.ro\/proiect-aprobat-se-infiinteaza-serviciul-pentru-gestionarea-cainilor-comunitari\/&#8221;]<\/p>\n","protected":false},"excerpt":{"rendered":"<p>[analyse_image type=&#8221;featured&#8221; src=&#8221;https:\/\/www.campusbuzau.ro\/wp-content\/uploads\/2025\/08\/serviciu-ecarisaj-caini-vagabonzi-comunitari.jpghttps:\/\/www.campusbuzau.ro\/wp-content\/uploads\/2025\/08\/serviciu-ecarisaj-caini-vagabonzi-comunitari.jpg&#8221;] De aproape o jum\u0103tate de an c\u00e2inii f\u0103r\u0103 st\u00e2p\u00e2n nu mai sunt captura\u021bi de pe str\u0103zi \u0219i s-au \u00eenmul\u021bit excesiv. Prim\u0103ria nu a mai avut voie s\u0103 solicite prinderea patrupedelor care deja s-au adunat \u00een grupuri \u0219i s-au stabilit \u00een diferite zone ale ora\u0219ului. Ast\u0103zi s-a aprobat \u00eenfiin\u021barea Serviciului de gestionare care [&hellip;]<\/p>\n","protected":false},"author":1,"featured_media":0,"comment_status":"open","ping_status":"","sticky":false,"template":"","format":"standard","meta":{"footnotes":""},"categories":[2],"tags":[118,226],"class_list":["post-2070514","post","type-post","status-publish","format-standard","hentry","category-politics","tag-campusbuzau-ro","tag-crawlmanager"],"_links":{"self":[{"href":"https:\/\/analyse.optim.biz\/index.php?rest_route=\/wp\/v2\/posts\/2070514","targetHints":{"allow":["GET"]}}],"collection":[{"href":"https:\/\/analyse.optim.biz\/index.php?rest_route=\/wp\/v2\/posts"}],"about":[{"href":"https:\/\/analyse.optim.biz\/index.php?rest_route=\/wp\/v2\/types\/post"}],"author":[{"embeddable":true,"href":"https:\/\/analyse.optim.biz\/index.php?rest_route=\/wp\/v2\/users\/1"}],"replies":[{"embeddable":true,"href":"https:\/\/analyse.optim.biz\/index.php?rest_route=%2Fwp%2Fv2%2Fcomments&post=2070514"}],"version-history":[{"count":0,"href":"https:\/\/analyse.optim.biz\/index.php?rest_route=\/wp\/v2\/posts\/2070514\/revisions"}],"wp:attachment":[{"href":"https:\/\/analyse.optim.biz\/index.php?rest_route=%2Fwp%2Fv2%2Fmedia&parent=2070514"}],"wp:term":[{"taxonomy":"category","embeddable":true,"href":"https:\/\/analyse.optim.biz\/index.php?rest_route=%2Fwp%2Fv2%2Fcategories&post=2070514"},{"taxonomy":"post_tag","embeddable":true,"href":"https:\/\/analyse.optim.biz\/index.php?rest_route=%2Fwp%2Fv2%2Ftags&post=2070514"}],"curies":[{"name":"wp","href":"https:\/\/api.w.org\/{rel}","templated":true}]}}