{"id":2070512,"date":"2026-07-30T16:23:00","date_gmt":"2026-07-30T13:23:00","guid":{"rendered":"https:\/\/analyse.optim.biz\/?p=2070512"},"modified":"2026-07-30T16:23:00","modified_gmt":"2026-07-30T13:23:00","slug":"schimb-de-replici-marca-clm-episod-neplacut-intre-primar-si-un-consilier","status":"publish","type":"post","link":"https:\/\/analyse.optim.biz\/?p=2070512","title":{"rendered":"Schimb de replici marca CLM. Episod nepl\u0103cut \u00eentre primar \u0219i un consilier"},"content":{"rendered":"<p>[analyse_image type=&#8221;featured&#8221; src=&#8221;https:\/\/www.campusbuzau.ro\/wp-content\/uploads\/2026\/07\/vlcsnap-2026-07-30-15h10m48s396.jpghttps:\/\/www.campusbuzau.ro\/wp-content\/uploads\/2026\/07\/vlcsnap-2026-07-30-15h10m48s396.jpg&#8221;]<\/p>\n<div class=\"entry-content\">\n<p><strong><em>O nou\u0103 mic\u0103 ceart\u0103 pe ordinea de zi. \u0218edin\u021ba CLM de ast\u0103zi a \u00eenceput cu un episod pe ton ridicat \u00eentre primar \u0219i un consilier din opozi\u021bie. Totul a pornit de la posibila existen\u021b\u0103 a unor fo\u0219ti colaboratori ai Securit\u0103\u021bii printre cet\u0103\u021benii de onoare.<\/em><\/strong><\/p>\n<p>Primul proiect de pe ordinea de zi a \u0219edin\u021bei CLM de ast\u0103zi s-a referit la acordarea titlului de \u201eCet\u0103\u021bean de onoare al Municipiului Buz\u0103u\u201d inginerului Vasile Moraru, fost pre\u0219edinte al Comisiei Inginerilor \u0219i Tehnicienilor din Municipiul \u0219i Jude\u021bul Buz\u0103u.<\/p>\n<p>Totodat\u0103 \u00een anii \u201990 a fost \u0219i primul primar independent al Buz\u0103ului dup\u0103 revolu\u021bia din \u201989.<\/p>\n<p>\u00cen timp ce proasp\u0103tul cet\u0103\u021bean mul\u021bumea pentru onoare care i s-a f\u0103cut, unul dintre consilieri i-a \u00eentrerupt discursul.<\/p>\n<p>Dup\u0103 terminarea momentului oficial a \u00eenceput \u0219i schimbul de replici \u00eentre cei doi, atunci c\u00e2nd primarul i-a repro\u0219at consilierului c\u0103 a stricat momentul cu remarci nepotrivite.<\/p>\n<p>Concluzia cu care s-a \u00eencheiat dialogul \u00een ton ridicat dintre cei doi protagoni\u0219ti, dialog din care nu s-a \u00een\u021beles mai nimic, este acela c\u0103 va trebui f\u0103cut\u0103 o \u201epurificare\u201d printre actualii cet\u0103\u021beni de onoare \u0219i c\u0103 cei propu\u0219i pentru acest titlu vor trebui s\u0103 aib\u0103 adeverni\u021b\u0103 de la CNSAS c\u0103 nu au colaborat cu Securitatea.<\/p>\n<figure class=\"wp-block-embed is-type-video is-provider-youtube wp-block-embed-youtube wp-embed-aspect-16-9 wp-has-aspect-ratio\">\n<div class=\"wp-block-embed__wrapper\">\n<iframe loading=\"lazy\" title=\"SCHIMB DE REPLICI \u00ceNTRE PRIMAR \u015eI UN CONSILIER\" width=\"500\" height=\"281\" src=\"https:\/\/www.youtube.com\/embed\/QuM_jJzEcP0?feature=oembed\" frameborder allow=\"accelerometer; autoplay; clipboard-write; encrypted-media; gyroscope; picture-in-picture; web-share\" referrerpolicy=\"strict-origin-when-cross-origin\" allowfullscreen><\/iframe>\n<\/div>\n<\/figure>\n<\/div>\n<p>[analyse_source url=&#8221;https:\/\/www.campusbuzau.ro\/schimb-de-replici-marca-clm-episod-neplacut-intre-primar-si-un-consilier\/&#8221;]<\/p>\n","protected":false},"excerpt":{"rendered":"<p>[analyse_image type=&#8221;featured&#8221; src=&#8221;https:\/\/www.campusbuzau.ro\/wp-content\/uploads\/2026\/07\/vlcsnap-2026-07-30-15h10m48s396.jpghttps:\/\/www.campusbuzau.ro\/wp-content\/uploads\/2026\/07\/vlcsnap-2026-07-30-15h10m48s396.jpg&#8221;] O nou\u0103 mic\u0103 ceart\u0103 pe ordinea de zi. \u0218edin\u021ba CLM de ast\u0103zi a \u00eenceput cu un episod pe ton ridicat \u00eentre primar \u0219i un consilier din opozi\u021bie. Totul a pornit de la posibila existen\u021b\u0103 a unor fo\u0219ti colaboratori ai Securit\u0103\u021bii printre cet\u0103\u021benii de onoare. Primul proiect de pe ordinea de zi a [&hellip;]<\/p>\n","protected":false},"author":1,"featured_media":0,"comment_status":"open","ping_status":"","sticky":false,"template":"","format":"standard","meta":{"footnotes":""},"categories":[2],"tags":[118,226],"class_list":["post-2070512","post","type-post","status-publish","format-standard","hentry","category-politics","tag-campusbuzau-ro","tag-crawlmanager"],"_links":{"self":[{"href":"https:\/\/analyse.optim.biz\/index.php?rest_route=\/wp\/v2\/posts\/2070512","targetHints":{"allow":["GET"]}}],"collection":[{"href":"https:\/\/analyse.optim.biz\/index.php?rest_route=\/wp\/v2\/posts"}],"about":[{"href":"https:\/\/analyse.optim.biz\/index.php?rest_route=\/wp\/v2\/types\/post"}],"author":[{"embeddable":true,"href":"https:\/\/analyse.optim.biz\/index.php?rest_route=\/wp\/v2\/users\/1"}],"replies":[{"embeddable":true,"href":"https:\/\/analyse.optim.biz\/index.php?rest_route=%2Fwp%2Fv2%2Fcomments&post=2070512"}],"version-history":[{"count":0,"href":"https:\/\/analyse.optim.biz\/index.php?rest_route=\/wp\/v2\/posts\/2070512\/revisions"}],"wp:attachment":[{"href":"https:\/\/analyse.optim.biz\/index.php?rest_route=%2Fwp%2Fv2%2Fmedia&parent=2070512"}],"wp:term":[{"taxonomy":"category","embeddable":true,"href":"https:\/\/analyse.optim.biz\/index.php?rest_route=%2Fwp%2Fv2%2Fcategories&post=2070512"},{"taxonomy":"post_tag","embeddable":true,"href":"https:\/\/analyse.optim.biz\/index.php?rest_route=%2Fwp%2Fv2%2Ftags&post=2070512"}],"curies":[{"name":"wp","href":"https:\/\/api.w.org\/{rel}","templated":true}]}}