{"id":2070508,"date":"2026-07-29T16:43:00","date_gmt":"2026-07-29T13:43:00","guid":{"rendered":"https:\/\/analyse.optim.biz\/?p=2070508"},"modified":"2026-07-29T16:43:00","modified_gmt":"2026-07-29T13:43:00","slug":"miza-pe-fonduri-de-la-ue-buzaul-tinteste-top-5-national-la-absorbtia-fondurilor-europene","status":"publish","type":"post","link":"https:\/\/analyse.optim.biz\/?p=2070508","title":{"rendered":"Miza pe fonduri de la UE. Buz\u0103ul \u021binte\u0219te Top 5 na\u021bional la absorb\u021bia fondurilor europene"},"content":{"rendered":"<p>[analyse_image type=&#8221;featured&#8221; src=&#8221;https:\/\/www.campusbuzau.ro\/wp-content\/uploads\/2026\/05\/cj-buzau.jpghttps:\/\/www.campusbuzau.ro\/wp-content\/uploads\/2026\/05\/cj-buzau.jpg&#8221;]<\/p>\n<div class=\"entry-content\">\n<p><strong><em><mark class=\"has-inline-color has-maincolor-color\">Atragerea fondurilor europene pentru demararea unor noi investi\u021bii a devenit o prioritate pentru conducerea Consiliului Jude\u021bean Buz\u0103u. Marcel Ciolacu, \u0219eful CJ Buz\u0103u, \u0219i-a exprimat recent dezam\u0103girea fa\u021b\u0103 de faptul c\u0103 a preluat administra\u021bia jude\u021bean\u0103 aflat\u0103 pe un modest loc 23 la nivel na\u021bional \u00een ceea ce prive\u0219te absorb\u021bia fondurilor europene.<\/mark><\/em><\/strong><\/p>\n<p>Fostul premier a anun\u021bat \u00eens\u0103 c\u0103 situa\u021bia se va schimba \u00een urm\u0103torii ani \u0219i a vorbit chiar de un obiectiv: intrarea Buz\u0103ului \u00een Top 5 jude\u021be \u00een ceea de prive\u0219te atragerea de bani europeni. <\/p>\n<p>Actualul exerci\u021biu financiar european se va \u00eencheia \u00een anul 2029. Marcel Ciolacu estimeaz\u0103 c\u0103 viitorul cadru financiar multianual al Uniunii Europene ar putea dubla aloc\u0103rile de fonduri comunitare destinate Rom\u00e2niei. Din acest motiv, sus\u021bine pre\u0219edintele CJ Buz\u0103u, speciali\u0219tii institu\u021biei trebuie s\u0103 preg\u0103teasc\u0103 din timp c\u00e2t mai multe proiecte, astfel \u00eenc\u00e2t jude\u021bul s\u0103 poat\u0103 accesa eficient noile finan\u021b\u0103ri. Totodat\u0103, sunt luate \u00een calcul \u0219i parteneriate cu jude\u021bele vecine, pentru dezvoltarea unor proiecte de interes regional. <\/p>\n<figure class=\"wp-block-image size-full is-resized\"><img loading=\"lazy\" decoding=\"async\" width=\"900\" height=\"585\" src=\"https:\/\/www.campusbuzau.ro\/wp-content\/uploads\/2026\/02\/ciolacu-si-vicepresedintii.jpg\" alt class=\"wp-image-151360\"><\/figure>\n<p>De asemenea, \u00een perioada urm\u0103toare, administra\u021bia jude\u021bean\u0103 va analiza \u00een detaliu fiecare proiect \u00een derulare, cu fonduri europene. Acolo unde va fi necesar, investi\u021biile vor fi etapizate, pentru a se evita pierderea finan\u021b\u0103rii.<\/p>\n<figure class=\"wp-block-embed is-type-video is-provider-youtube wp-block-embed-youtube wp-embed-aspect-16-9 wp-has-aspect-ratio\">\n<div class=\"wp-block-embed__wrapper\">\n<iframe loading=\"lazy\" title=\"CONDUCEREA CONSILIULUI JUDE\u0162EAN \u0162INTE\u015eTE TOP 5 \u00ceN ABSOR\u0162IA FONDURILE EUROPENE\" width=\"500\" height=\"281\" src=\"https:\/\/www.youtube.com\/embed\/0zqP8jPrpjc?feature=oembed\" frameborder allow=\"accelerometer; autoplay; clipboard-write; encrypted-media; gyroscope; picture-in-picture; web-share\" referrerpolicy=\"strict-origin-when-cross-origin\" allowfullscreen><\/iframe>\n<\/div>\n<\/figure>\n<\/div>\n<p>[analyse_source url=&#8221;https:\/\/www.campusbuzau.ro\/miza-pe-fondurile-europene-buzaul-tinteste-top-5-national-la-absorbtia-fondurilor-europene\/&#8221;]<\/p>\n","protected":false},"excerpt":{"rendered":"<p>[analyse_image type=&#8221;featured&#8221; src=&#8221;https:\/\/www.campusbuzau.ro\/wp-content\/uploads\/2026\/05\/cj-buzau.jpghttps:\/\/www.campusbuzau.ro\/wp-content\/uploads\/2026\/05\/cj-buzau.jpg&#8221;] Atragerea fondurilor europene pentru demararea unor noi investi\u021bii a devenit o prioritate pentru conducerea Consiliului Jude\u021bean Buz\u0103u. Marcel Ciolacu, \u0219eful CJ Buz\u0103u, \u0219i-a exprimat recent dezam\u0103girea fa\u021b\u0103 de faptul c\u0103 a preluat administra\u021bia jude\u021bean\u0103 aflat\u0103 pe un modest loc 23 la nivel na\u021bional \u00een ceea ce prive\u0219te absorb\u021bia fondurilor europene. Fostul premier [&hellip;]<\/p>\n","protected":false},"author":1,"featured_media":0,"comment_status":"open","ping_status":"","sticky":false,"template":"","format":"standard","meta":{"footnotes":""},"categories":[2],"tags":[118,226],"class_list":["post-2070508","post","type-post","status-publish","format-standard","hentry","category-politics","tag-campusbuzau-ro","tag-crawlmanager"],"_links":{"self":[{"href":"https:\/\/analyse.optim.biz\/index.php?rest_route=\/wp\/v2\/posts\/2070508","targetHints":{"allow":["GET"]}}],"collection":[{"href":"https:\/\/analyse.optim.biz\/index.php?rest_route=\/wp\/v2\/posts"}],"about":[{"href":"https:\/\/analyse.optim.biz\/index.php?rest_route=\/wp\/v2\/types\/post"}],"author":[{"embeddable":true,"href":"https:\/\/analyse.optim.biz\/index.php?rest_route=\/wp\/v2\/users\/1"}],"replies":[{"embeddable":true,"href":"https:\/\/analyse.optim.biz\/index.php?rest_route=%2Fwp%2Fv2%2Fcomments&post=2070508"}],"version-history":[{"count":0,"href":"https:\/\/analyse.optim.biz\/index.php?rest_route=\/wp\/v2\/posts\/2070508\/revisions"}],"wp:attachment":[{"href":"https:\/\/analyse.optim.biz\/index.php?rest_route=%2Fwp%2Fv2%2Fmedia&parent=2070508"}],"wp:term":[{"taxonomy":"category","embeddable":true,"href":"https:\/\/analyse.optim.biz\/index.php?rest_route=%2Fwp%2Fv2%2Fcategories&post=2070508"},{"taxonomy":"post_tag","embeddable":true,"href":"https:\/\/analyse.optim.biz\/index.php?rest_route=%2Fwp%2Fv2%2Ftags&post=2070508"}],"curies":[{"name":"wp","href":"https:\/\/api.w.org\/{rel}","templated":true}]}}