{"id":207043,"date":"2014-04-25T18:21:20","date_gmt":"2014-04-25T15:21:20","guid":{"rendered":"https:\/\/analyse.optim.biz\/?p=207043"},"modified":"2014-04-25T18:21:20","modified_gmt":"2014-04-25T15:21:20","slug":"traian-basescu-acordul-de-la-geneva-nu-a-fost-suficient-de-clar","status":"publish","type":"post","link":"https:\/\/analyse.optim.biz\/?p=207043","title":{"rendered":"Traian B\u0103sescu: Acordul de la Geneva nu a fost suficient de clar"},"content":{"rendered":"<div class=\"entry data-app-meta data-app-meta-article\" data-embed-base-url-canonical=\"https:\/\/www.digi24.ro\/embed\/stiri\/actualitate\/politica\/traian-basescu-acordul-de-la-geneva-nu-a-fost-suficient-de-clar-234787\">\n<p data-index=\"1\">\u201e<span>Func\u021bionarea Acordului de la Geneva cu privire la Ucraina. V\u0103 rog s\u0103 m\u0103 crede\u021bi c\u0103 l-am analizat cu aten\u021bie \u0219i punctul nostru de vedere, care este \u0219i confirmat de ping-pong-ul care se face \u00eentre diverse capitale, este c\u0103 acordul nu a fost suficient clar pentru a crea obliga\u021bii celor care pot s\u0103 asigure revenirea la normalitate a Ucrainei\u201d, a declarat Traian B\u0103sescu.<\/span><\/p>\n<p data-index=\"2\"><span>Acordul de la Geneva a fost semnat de reprezentan\u0163ii Rusiei, Ucrainei, Statelor Unite \u015fi Uniunii Europene. De altfel, cele dou\u0103 p\u0103r\u021bi se acuz\u0103 reciproc c\u0103 nu respect\u0103 acest acord, care\u00a0<span>prevede dezarmarea grup\u0103rilor ilegale \u015fi evacuarea sediilor oficiale ocupate.<\/span><\/span><\/p>\n<\/div>\n<p> Source URL: https:\/\/www.digi24.ro\/stiri\/actualitate\/politica\/traian-basescu-acordul-de-la-geneva-nu-a-fost-suficient-de-clar-234787<\/p>\n","protected":false},"excerpt":{"rendered":"<p>\u201eFunc\u021bionarea Acordului de la Geneva cu privire la Ucraina. V\u0103 rog s\u0103 m\u0103 crede\u021bi c\u0103 l-am analizat cu aten\u021bie \u0219i punctul nostru de vedere, care este \u0219i confirmat de ping-pong-ul care se face \u00eentre diverse capitale, este c\u0103 acordul nu a fost suficient clar pentru a crea obliga\u021bii celor care pot s\u0103 asigure revenirea la [&hellip;]<\/p>\n","protected":false},"author":1,"featured_media":207044,"comment_status":"open","ping_status":"","sticky":false,"template":"","format":"standard","meta":{"footnotes":""},"categories":[2],"tags":[11],"class_list":["post-207043","post","type-post","status-publish","format-standard","has-post-thumbnail","hentry","category-politics","tag-digi24"],"_links":{"self":[{"href":"https:\/\/analyse.optim.biz\/index.php?rest_route=\/wp\/v2\/posts\/207043","targetHints":{"allow":["GET"]}}],"collection":[{"href":"https:\/\/analyse.optim.biz\/index.php?rest_route=\/wp\/v2\/posts"}],"about":[{"href":"https:\/\/analyse.optim.biz\/index.php?rest_route=\/wp\/v2\/types\/post"}],"author":[{"embeddable":true,"href":"https:\/\/analyse.optim.biz\/index.php?rest_route=\/wp\/v2\/users\/1"}],"replies":[{"embeddable":true,"href":"https:\/\/analyse.optim.biz\/index.php?rest_route=%2Fwp%2Fv2%2Fcomments&post=207043"}],"version-history":[{"count":0,"href":"https:\/\/analyse.optim.biz\/index.php?rest_route=\/wp\/v2\/posts\/207043\/revisions"}],"wp:featuredmedia":[{"embeddable":true,"href":"https:\/\/analyse.optim.biz\/index.php?rest_route=\/wp\/v2\/media\/207044"}],"wp:attachment":[{"href":"https:\/\/analyse.optim.biz\/index.php?rest_route=%2Fwp%2Fv2%2Fmedia&parent=207043"}],"wp:term":[{"taxonomy":"category","embeddable":true,"href":"https:\/\/analyse.optim.biz\/index.php?rest_route=%2Fwp%2Fv2%2Fcategories&post=207043"},{"taxonomy":"post_tag","embeddable":true,"href":"https:\/\/analyse.optim.biz\/index.php?rest_route=%2Fwp%2Fv2%2Ftags&post=207043"}],"curies":[{"name":"wp","href":"https:\/\/api.w.org\/{rel}","templated":true}]}}