{"id":207032,"date":"2014-04-25T18:49:42","date_gmt":"2014-04-25T15:49:42","guid":{"rendered":"https:\/\/analyse.optim.biz\/?p=207032"},"modified":"2014-04-25T18:49:42","modified_gmt":"2014-04-25T15:49:42","slug":"presedintele-traian-basescu-o-noua-discutie-in-contradictoriu-cu-reporterul-antena-3","status":"publish","type":"post","link":"https:\/\/analyse.optim.biz\/?p=207032","title":{"rendered":"Pre\u0219edintele Traian B\u0103sescu, o nou\u0103 discu\u021bie \u00een contradictoriu cu reporterul Antena 3"},"content":{"rendered":"<div class=\"entry data-app-meta data-app-meta-article\" data-embed-base-url-canonical=\"https:\/\/www.digi24.ro\/embed\/stiri\/actualitate\/politica\/presedintele-traian-basescu-o-noua-discutie-in-contradictoriu-cu-reporterul-antena-3-234798\">\n<p data-index=\"1\"><em><strong><span>&#8211; \u00cemi permit s\u0103 v\u0103 \u00eentreb, domnule pre\u0219edinte, dac\u0103 dumneavostr\u0103, ca pre\u0219edinte, pentru c\u0103 ave\u021bi acces la informa\u021bii \u0219i la rapoarte, a\u021bi \u0219tiut c\u0103 firma Berfige, cea de unde fiica dumneavostr\u0103 a cump\u0103rat acel teren este o firm\u0103 fantom\u0103? Pentru c\u0103 raportul ANAF spune c\u0103 nu are sediu social, nu sunt de g\u0103sit. O firm\u0103 cu probleme, de la care Ioana B\u0103sescu a cump\u0103rat acel teren.<\/span><\/strong><\/em><\/p>\n<p data-index=\"2\"><strong><span>&#8211; V\u0103 m\u0103rturisesc c\u0103 acum aflu prima dat\u0103, dar v\u0103 asigur c\u0103 Ioana a fost un cump\u0103r\u0103tor de bun\u0103 credin\u021b\u0103.<\/span><\/strong><\/p>\n<p data-index=\"3\"><em><strong><span>&#8211; O singur\u0103 precizare, pentru c\u0103 a\u021bi mai spus \u00een alte ie\u0219iri de ale dumneavostr\u0103 c\u0103 a\u021bi f\u0103cut acolo studii, c\u0103 a\u021bi vrut s\u0103 vede\u021bi p\u0103m\u00e2ntul, oamenii&#8230; \u0218tia\u021bi c\u0103 sunt probleme, retroced\u0103ri ilegale&#8230;<\/span><\/strong><\/em><\/p>\n<p data-index=\"4\"><strong><span>&#8211; Am o mare rug\u0103minte, nu-mi spune\u021bi \u00een gur\u0103 ce n-am spus. Asta spun salaria\u021bii turn\u0103torului Voiculescu, dar eu n-am spus niciodat\u0103 c\u0103 acolo au fost retroced\u0103ri ilegale. Turn\u0103torul Voiculescu \u00ee\u0219i face treaba, salaria\u021bii lui recit\u0103 seara.<\/span><\/strong><\/p>\n<p data-index=\"5\"><em><strong><span>&#8211; Noi suntem Antena 3, nu trebuie s\u0103 ne jigni\u021bi acum, dup\u0103 Pa\u0219te&#8230;<\/span><\/strong><\/em><\/p>\n<p data-index=\"6\"><strong><span>&#8211; Dar nu v\u0103 jignesc. Nu sunte\u021bi salaria\u021bi?<\/span><\/strong><\/p>\n<p data-index=\"7\"><em><strong><span>&#8211; Ba da \u0219i cu m\u00e2ndrie chiar.<\/span><\/strong><\/em><\/p>\n<p data-index=\"8\"><strong>&#8211; \u0218i unde e problema? Nu lucra\u021bi \u00een trustul unui turn\u0103tor?<\/strong><\/p>\n<p data-index=\"9\"><em><strong>&#8211; Eu lucrez la Antena 3, televiziunea cu cea mai mare audien\u021b\u0103&#8230;<\/strong><\/em><\/p>\n<p data-index=\"10\"><strong>&#8211; Da, dar e patronat\u0103 de un turn\u0103tor al Securit\u0103\u021bii?<\/strong><\/p>\n<p data-index=\"11\"><em><strong>&#8211; Camelia Voiculescu este cea care&#8230;<\/strong><\/em><\/p>\n<p data-index=\"12\"><strong>&#8211; V\u0103 mul\u021bumesc mult!<\/strong><\/p>\n<p data-index=\"13\"><em><strong>&#8211; A\u0219 vrea s\u0103 vin la Cotroceni, domnule pre\u0219edinte, f\u0103r\u0103 s\u0103 mai am aceast\u0103 ap\u0103sare c\u0103 dumneavostr\u0103 o s\u0103 \u00eencerca\u021bi s\u0103 \u0219terge\u021bi cu noi pe jos. Chiar nu&#8230;<\/strong><\/em><\/p>\n<p data-index=\"14\"><strong>&#8211; Doamn\u0103, v\u0103 rog s\u0103 m\u0103 crede\u021bi c\u0103 ave\u021bi rezervat un scaun la fel de elegant ca to\u021bi colegii dumneavostr\u0103, \u0219i dac\u0103 v-a\u021bi \u00eencadra \u00een regulile de la Cotroceni, \u0219i n-a\u021bi veni cu temele turn\u0103torului Voiculescu&#8230;<\/strong><\/p>\n<p data-index=\"15\"><em><strong>&#8211; Sunt teme de actualitate&#8230;<\/strong><\/em><\/p>\n<p data-index=\"16\"><strong>&#8211; Pentru dumneavostr\u0103 e de actualitate, programul de denigrare. V\u0103 mul\u021bumesc mult.<\/strong><\/p>\n<\/div>\n<p> Source URL: https:\/\/www.digi24.ro\/stiri\/actualitate\/politica\/presedintele-traian-basescu-o-noua-discutie-in-contradictoriu-cu-reporterul-antena-3-234798<\/p>\n","protected":false},"excerpt":{"rendered":"<p>&#8211; \u00cemi permit s\u0103 v\u0103 \u00eentreb, domnule pre\u0219edinte, dac\u0103 dumneavostr\u0103, ca pre\u0219edinte, pentru c\u0103 ave\u021bi acces la informa\u021bii \u0219i la rapoarte, a\u021bi \u0219tiut c\u0103 firma Berfige, cea de unde fiica dumneavostr\u0103 a cump\u0103rat acel teren este o firm\u0103 fantom\u0103? Pentru c\u0103 raportul ANAF spune c\u0103 nu are sediu social, nu sunt de g\u0103sit. O firm\u0103 [&hellip;]<\/p>\n","protected":false},"author":1,"featured_media":207033,"comment_status":"open","ping_status":"","sticky":false,"template":"","format":"standard","meta":{"footnotes":""},"categories":[2],"tags":[11],"class_list":["post-207032","post","type-post","status-publish","format-standard","has-post-thumbnail","hentry","category-politics","tag-digi24"],"_links":{"self":[{"href":"https:\/\/analyse.optim.biz\/index.php?rest_route=\/wp\/v2\/posts\/207032","targetHints":{"allow":["GET"]}}],"collection":[{"href":"https:\/\/analyse.optim.biz\/index.php?rest_route=\/wp\/v2\/posts"}],"about":[{"href":"https:\/\/analyse.optim.biz\/index.php?rest_route=\/wp\/v2\/types\/post"}],"author":[{"embeddable":true,"href":"https:\/\/analyse.optim.biz\/index.php?rest_route=\/wp\/v2\/users\/1"}],"replies":[{"embeddable":true,"href":"https:\/\/analyse.optim.biz\/index.php?rest_route=%2Fwp%2Fv2%2Fcomments&post=207032"}],"version-history":[{"count":0,"href":"https:\/\/analyse.optim.biz\/index.php?rest_route=\/wp\/v2\/posts\/207032\/revisions"}],"wp:featuredmedia":[{"embeddable":true,"href":"https:\/\/analyse.optim.biz\/index.php?rest_route=\/wp\/v2\/media\/207033"}],"wp:attachment":[{"href":"https:\/\/analyse.optim.biz\/index.php?rest_route=%2Fwp%2Fv2%2Fmedia&parent=207032"}],"wp:term":[{"taxonomy":"category","embeddable":true,"href":"https:\/\/analyse.optim.biz\/index.php?rest_route=%2Fwp%2Fv2%2Fcategories&post=207032"},{"taxonomy":"post_tag","embeddable":true,"href":"https:\/\/analyse.optim.biz\/index.php?rest_route=%2Fwp%2Fv2%2Ftags&post=207032"}],"curies":[{"name":"wp","href":"https:\/\/api.w.org\/{rel}","templated":true}]}}