{"id":2070286,"date":"2026-07-29T13:33:37","date_gmt":"2026-07-29T10:33:37","guid":{"rendered":"https:\/\/analyse.optim.biz\/?p=2070286"},"modified":"2026-07-29T13:33:37","modified_gmt":"2026-07-29T10:33:37","slug":"canicula-revine-in-forta-temperaturi-de-pana-la-40c-si-nopti-tropicale-in-romania","status":"publish","type":"post","link":"https:\/\/analyse.optim.biz\/?p=2070286","title":{"rendered":"Canicula revine \u00een for\u021b\u0103: temperaturi de p\u00e2n\u0103 la 40\u00b0C \u0219i nop\u021bi tropicale \u00een Rom\u00e2nia"},"content":{"rendered":"<p>[analyse_image type=&#8221;featured&#8221; src=&#8221;https:\/\/orasul-timisoara.ro\/wp-content\/uploads\/2026\/07\/temperatura-canicula-termometru-01.jpg&#8221;]<\/p>\n<article id=\"post-39936\" class=\"td-post-template-7 post-39936 post type-post status-publish format-standard has-post-thumbnail category-featured category-stiri-nationale-si-internationale tag-anm tag-banat tag-canicula-2 tag-cod-rosu-2 tag-crisana tag-romania-2 tag-temperaturi-extreme tag-timis-2 tag-val-de-caldura-2 tag-vreme td-container-wrap\">\n<div class=\"td-full-screen-header-image-wrap\">\n<div class=\"td-container td-post-header\">\n<div class=\"td-crumb-container\">\n<div class=\"entry-crumbs\"><span><a title=\"Vede\u021bi toate articolele \u00een \u0218tiri na\u021bionale \u0219i interna\u021bionale\" class=\"entry-crumb\" href=\"https:\/\/orasul-timisoara.ro\/local-category\/stiri-nationale-si-internationale\/\">\u0218tiri na\u021bionale \u0219i interna\u021bionale<\/a><\/span><span class=\"td-bred-no-url-last\">Canicula revine \u00een for\u021b\u0103: temperaturi de p\u00e2n\u0103 la 40\u00b0C \u0219i nop\u021bi tropicale&#8230;<\/span><\/div>\n<\/div>\n<div class=\"td-post-header-holder\">\n<div class=\"td-parallax-header\">\n<header class=\"td-post-title\">\n<ul class=\"td-category\">\n<li class=\"entry-category\"><a href=\"https:\/\/orasul-timisoara.ro\/local-category\/stiri-nationale-si-internationale\/\">\u0218tiri na\u021bionale \u0219i interna\u021bionale<\/a><\/li>\n<\/ul>\n<h1 class=\"entry-title\">Canicula revine \u00een for\u021b\u0103: temperaturi de p\u00e2n\u0103 la 40\u00b0C \u0219i nop\u021bi tropicale \u00een Rom\u00e2nia<\/h1>\n<div class=\"td-module-meta-info\">\n<div class=\"td-post-author-name\">\n<div class=\"td-author-by\">De c\u0103tre<\/div>\n<p><a href=\"https:\/\/orasul-timisoara.ro\/author\/timisoara\/\">redactia<\/a><\/p>\n<div class=\"td-author-line\"> &#8211; <\/div>\n<\/div>\n<p><span class=\"td-post-date\"><time class=\"entry-date updated td-module-date\" datetime=\"2026-07-29T16:33:37+03:00\">29\/07\/2026<\/time><\/span><\/div>\n<\/header>\n<\/div>\n<\/div>\n<\/div>\n<div id=\"td-full-screen-header-image\" class=\"td-image-gradient-style7\"><img decoding=\"async\" class=\"td-backstretch\" src=\"https:\/\/orasul-timisoara.ro\/wp-content\/uploads\/2026\/07\/temperatura-canicula-termometru-01.jpg\"><\/div>\n<\/div>\n<div class=\"td-container\">\n<div class=\"td-pb-row\">\n<div class=\"td-pb-span8 td-main-content\" role=\"main\">\n<div class=\"td-ss-main-content\">\n<div class=\"td-post-sharing-top\">\n<div class=\"td-post-sharing-classic\"><iframe title=\"topFacebookLike\" frameborder src=\"https:\/\/www.facebook.com\/plugins\/like.php?href=https:\/\/orasul-timisoara.ro\/local-39936\/&amp;layout=button_count&amp;show_faces=false&amp;width=105&amp;action=like&amp;colorscheme=light&amp;height=21\"><\/iframe><\/div>\n<div id=\"td_social_sharing_article_top\" class=\"td-post-sharing td-ps-bg td-ps-notext td-post-sharing-style1 \">\n<div class=\"td-post-sharing-visible\"><a class=\"td-social-sharing-button td-social-sharing-button-js td-social-network td-social-facebook\" href=\"https:\/\/www.facebook.com\/sharer.php?u=https%3A%2F%2Forasul-timisoara.ro%2Flocal-39936%2F\" title=\"Facebook\"><\/p>\n<div class=\"td-social-but-text\">Facebook<\/div>\n<p><\/a><a class=\"td-social-sharing-button td-social-sharing-button-js td-social-network td-social-twitter\" href=\"https:\/\/twitter.com\/intent\/tweet?text=Canicula+revine+%C3%AEn+for%C8%9B%C4%83%3A+temperaturi+de+p%C3%A2n%C4%83+la+40%C2%B0C+%C8%99i+nop%C8%9Bi+tropicale+%C3%AEn+Rom%C3%A2nia&amp;url=https%3A%2F%2Forasul-timisoara.ro%2Flocal-39936%2F&amp;via=orasultm\" title=\"Twitter\"><\/p>\n<div class=\"td-social-but-text\">Twitter<\/div>\n<p><\/a><a class=\"td-social-sharing-button td-social-sharing-button-js td-social-network td-social-whatsapp\" href=\"https:\/\/api.whatsapp.com\/send?text=Canicula+revine+%C3%AEn+for%C8%9B%C4%83%3A+temperaturi+de+p%C3%A2n%C4%83+la+40%C2%B0C+%C8%99i+nop%C8%9Bi+tropicale+%C3%AEn+Rom%C3%A2nia%20%0A%0A%20https:\/\/orasul-timisoara.ro\/local-39936\/\" title=\"WhatsApp\"><\/p>\n<div class=\"td-social-but-text\">WhatsApp<\/div>\n<p><\/a><a class=\"td-social-sharing-button td-social-sharing-button-js td-social-network td-social-linkedin\" href=\"https:\/\/www.linkedin.com\/shareArticle?mini=true&amp;url=https:\/\/orasul-timisoara.ro\/local-39936\/&amp;title=Canicula+revine+%C3%AEn+for%C8%9B%C4%83%3A+temperaturi+de+p%C3%A2n%C4%83+la+40%C2%B0C+%C8%99i+nop%C8%9Bi+tropicale+%C3%AEn+Rom%C3%A2nia\" title=\"Linkedin\"><\/p>\n<div class=\"td-social-but-text\">Linkedin<\/div>\n<p><\/a><a class=\"td-social-sharing-button td-social-sharing-button-js td-social-network td-social-reddit\" href=\"https:\/\/reddit.com\/submit?url=https:\/\/orasul-timisoara.ro\/local-39936\/&amp;title=Canicula+revine+%C3%AEn+for%C8%9B%C4%83%3A+temperaturi+de+p%C3%A2n%C4%83+la+40%C2%B0C+%C8%99i+nop%C8%9Bi+tropicale+%C3%AEn+Rom%C3%A2nia\" title=\"ReddIt\"><\/p>\n<div class=\"td-social-but-text\">ReddIt<\/div>\n<p><\/a><a class=\"td-social-sharing-button td-social-sharing-button-js td-social-network td-social-mail\" href=\"mailto:?subject=Canicula%20revine%20%C3%AEn%20for%C8%9B%C4%83:%20temperaturi%20de%20p%C3%A2n%C4%83%20la%2040%C2%B0C%20%C8%99i%20nop%C8%9Bi%20tropicale%20%C3%AEn%20Rom%C3%A2nia&amp;body=https:\/\/orasul-timisoara.ro\/local-39936\/\" title=\"Email\"><\/p>\n<div class=\"td-social-but-text\">Email<\/div>\n<p><\/a><a class=\"td-social-sharing-button td-social-sharing-button-js td-social-network td-social-print\" href=\"https:\/\/orasul-timisoara.ro\/local-39936\/\" title=\"Imprimare\"><\/p>\n<div class=\"td-social-but-text\">Imprimare<\/div>\n<p><\/a><\/div>\n<\/div>\n<\/div>\n<div class=\"td-post-content tagdiv-type\">\n<p class=\"wp-block-paragraph\">Rom\u00e2nia se preg\u0103te\u0219te pentru un nou episod de canicul\u0103, care va cuprinde treptat aproape \u00eentreaga \u021bar\u0103 \u00een ultimele zile ale lunii iulie \u0219i la \u00eenceputul lunii august. Administra\u021bia Na\u021bional\u0103 de Meteorologie (ANM) avertizeaz\u0103 c\u0103 temperaturile vor urca p\u00e2n\u0103 la <strong>40 de grade Celsius<\/strong>, iar \u00een zonele cele mai afectate exist\u0103 posibilitatea emiterii unor <strong>coduri ro\u0219ii de canicul\u0103<\/strong>.<\/p>\n<p class=\"wp-block-paragraph\">Primul val de c\u0103ldur\u0103 va afecta vestul \u0219i sud-vestul \u021b\u0103rii, urm\u00e2nd ca, \u00een weekend \u0219i la \u00eenceputul s\u0103pt\u0103m\u00e2nii viitoare, temperaturile extrem de ridicate s\u0103 se extind\u0103 \u0219i \u00een celelalte regiuni.<\/p>\n<h2 class=\"wp-block-heading\">Banatul \u0219i Cri\u0219ana, primele lovite de canicul\u0103<\/h2>\n<p class=\"wp-block-paragraph\">Potrivit ANM, \u00een intervalul <strong>joi, 30 iulie, p\u00e2n\u0103 vineri diminea\u021b\u0103<\/strong>, jude\u021bele <strong>Timi\u0219, Cara\u0219-Severin, Arad, Bihor, Satu Mare, Dolj \u0219i Mehedin\u021bi<\/strong> vor intra sub influen\u021ba unui val de c\u0103ldur\u0103 accentuat.<\/p>\n<p class=\"wp-block-paragraph\">Temperaturile maxime vor fi cuprinse \u00eentre <strong>33 \u0219i 37 de grade Celsius<\/strong>, iar \u00een <strong>C\u00e2mpia de Vest<\/strong> vor fi \u00eenregistrate cele mai ridicate valori.<\/p>\n<p class=\"wp-block-paragraph\">\u00cen plus, indicele temperatur\u0103-umezeal\u0103 (ITU) va dep\u0103\u0219i pragul critic de <strong>80 de unit\u0103\u021bi<\/strong>, ceea ce \u00eenseamn\u0103 un nivel ridicat de disconfort termic.<\/p>\n<h2 class=\"wp-block-heading\">Temperaturile vor urca p\u00e2n\u0103 la 39-40 de grade<\/h2>\n<p class=\"wp-block-paragraph\">Meteorologii estimeaz\u0103 c\u0103 valul de c\u0103ldur\u0103 se va intensifica \u00een zilele de <strong>vineri, s\u00e2mb\u0103t\u0103 \u0219i duminic\u0103<\/strong>, c\u00e2nd \u00een vestul \u021b\u0103rii maximele vor ajunge la <strong>38-39 de grade Celsius<\/strong>.<\/p>\n<p class=\"wp-block-paragraph\">\u00cen perioada <strong>3-6 august<\/strong>, temperaturile ar putea atinge <strong>40 de grade<\/strong>, iar speciali\u0219tii nu exclud emiterea unor <strong>coduri ro\u0219ii de canicul\u0103<\/strong>, \u00een func\u021bie de evolu\u021bia maselor de aer tropical.<\/p>\n<p class=\"wp-block-paragraph\">Potrivit ANM, intensitatea maxim\u0103 a valului de c\u0103ldur\u0103 este a\u0219teptat\u0103 \u00een primele zile ale lunii august.<\/p>\n<h2 class=\"wp-block-heading\">Nop\u021bi tropicale \u0219i disconfort termic accentuat<\/h2>\n<p class=\"wp-block-paragraph\">Pe l\u00e2ng\u0103 temperaturile foarte ridicate din timpul zilei, meteorologii avertizeaz\u0103 c\u0103 \u0219i nop\u021bile vor deveni dificile.<\/p>\n<p class=\"wp-block-paragraph\">\u00cen vestul \u0219i sud-vestul \u021b\u0103rii sunt prognozate <strong>nop\u021bi tropicale<\/strong>, cu temperaturi minime de aproximativ <strong>20 de grade<\/strong>, iar \u00een zona Dealurilor de Vest valorile pot ajunge chiar la <strong>22-24 de grade Celsius<\/strong>.<\/p>\n<p class=\"wp-block-paragraph\">Aceste condi\u021bii vor accentua senza\u021bia de disconfort \u0219i vor reduce posibilitatea de r\u0103cire a organismului pe timpul nop\u021bii.<\/p>\n<h2 class=\"wp-block-heading\">Valul de c\u0103ldur\u0103 se extinde \u00een aproape toat\u0103 \u021bara<\/h2>\n<p class=\"wp-block-paragraph\">\u00cencep\u00e2nd din weekend, canicula se va extinde \u0219i \u00een <strong>Maramure\u0219<\/strong>, cea mai mare parte a <strong>Transilvaniei<\/strong>, local \u00een <strong>Oltenia<\/strong>, iar izolat \u00een <strong>Muntenia<\/strong> \u0219i <strong>Moldova<\/strong>.<\/p>\n<p class=\"wp-block-paragraph\">\u00cen Capital\u0103, temperaturile vor ajunge p\u00e2n\u0103 la <strong>35 de grade<\/strong>, iar pentru perioada <strong>30 iulie \u2013 3 august<\/strong> este deja emis\u0103 o informare meteorologic\u0103 privind valul de c\u0103ldur\u0103, disconfortul termic \u0219i nop\u021bile tropicale.<\/p>\n<p class=\"wp-block-paragraph\">Meteorologii estimeaz\u0103 c\u0103 \u00een sudul \u021b\u0103rii temperaturile foarte ridicate se vor accentua \u00eencep\u00e2nd cu <strong>3 august<\/strong> \u0219i ar putea persista p\u00e2n\u0103 \u00een jurul datei de <strong>9 august<\/strong>.<\/p>\n<h2 class=\"wp-block-heading\">Regim pluviometric deficitar \u0219i influen\u021ba aerului tropical<\/h2>\n<p class=\"wp-block-paragraph\">Speciali\u0219tii ANM explic\u0103 faptul c\u0103 actuala evolu\u021bie meteorologic\u0103 este determinat\u0103 de persisten\u021ba unui regim de presiune ridicat\u0103 deasupra unei mari p\u0103r\u021bi a Europei \u0219i de p\u0103trunderea unei mase de aer tropical din nordul Africii.<\/p>\n<p class=\"wp-block-paragraph\">\u00cen aceste condi\u021bii, precipita\u021biile vor fi deficitare \u00een cea mai mare parte a \u021b\u0103rii, iar vremea va deveni din ce \u00een ce mai cald\u0103 pe m\u0103sur\u0103 ce masa de aer fierbinte avanseaz\u0103 spre Rom\u00e2nia.<\/p>\n<h2 class=\"wp-block-heading\">ANM recomand\u0103 pruden\u021b\u0103 \u00een zilele cu temperaturi extreme<\/h2>\n<p class=\"wp-block-paragraph\">\u00cen contextul temperaturilor foarte ridicate prognozate pentru urm\u0103toarea perioad\u0103, autorit\u0103\u021bile recomand\u0103 evitarea expunerii prelungite la soare \u00een orele de v\u00e2rf, consumul unei cantit\u0103\u021bi suficiente de lichide \u0219i limitarea activit\u0103\u021bilor fizice intense \u00een aer liber.<\/p>\n<p class=\"wp-block-paragraph\">Meteorologii vor actualiza avertiz\u0103rile \u00een func\u021bie de evolu\u021bia fenomenelor, exist\u00e2nd posibilitatea ca \u00een zilele urm\u0103toare s\u0103 fie emise avertiz\u0103ri de <strong>Cod Portocaliu<\/strong> sau chiar <strong>Cod Ro\u0219u<\/strong> pentru canicul\u0103 \u00een regiunile cele mai afectate.<\/p>\n<\/div>\n<footer>\n<div class=\"td-post-source-tags\">\n<ul class=\"td-tags td-post-small-box clearfix\">\n<li><span>ETICHETE<\/span><\/li>\n<li><a href=\"https:\/\/orasul-timisoara.ro\/local-tag\/anm\/\">anm<\/a><\/li>\n<li><a href=\"https:\/\/orasul-timisoara.ro\/local-tag\/banat\/\">banat<\/a><\/li>\n<li><a href=\"https:\/\/orasul-timisoara.ro\/local-tag\/canicula-2\/\">canicul\u0103<\/a><\/li>\n<li><a href=\"https:\/\/orasul-timisoara.ro\/local-tag\/cod-rosu-2\/\">cod ro\u0219u<\/a><\/li>\n<li><a href=\"https:\/\/orasul-timisoara.ro\/local-tag\/crisana\/\">Cri\u0219ana<\/a><\/li>\n<li><a href=\"https:\/\/orasul-timisoara.ro\/local-tag\/romania-2\/\">rom\u00e2nia<\/a><\/li>\n<li><a href=\"https:\/\/orasul-timisoara.ro\/local-tag\/temperaturi-extreme\/\">temperaturi extreme<\/a><\/li>\n<li><a href=\"https:\/\/orasul-timisoara.ro\/local-tag\/timis-2\/\">timi\u0219<\/a><\/li>\n<li><a href=\"https:\/\/orasul-timisoara.ro\/local-tag\/val-de-caldura-2\/\">val de c\u0103ldur\u0103<\/a><\/li>\n<li><a href=\"https:\/\/orasul-timisoara.ro\/local-tag\/vreme\/\">vreme<\/a><\/li>\n<\/ul>\n<\/div>\n<div class=\"td-post-sharing-bottom\">\n<div class=\"td-post-sharing-classic\"><iframe title=\"bottomFacebookLike\" frameborder src=\"https:\/\/www.facebook.com\/plugins\/like.php?href=https:\/\/orasul-timisoara.ro\/local-39936\/&amp;layout=button_count&amp;show_faces=false&amp;width=105&amp;action=like&amp;colorscheme=light&amp;height=21\"><\/iframe><\/div>\n<div id=\"td_social_sharing_article_bottom\" class=\"td-post-sharing td-ps-bg td-ps-notext td-post-sharing-style1 \">\n<div class=\"td-post-sharing-visible\"><a class=\"td-social-sharing-button td-social-sharing-button-js td-social-network td-social-facebook\" href=\"https:\/\/www.facebook.com\/sharer.php?u=https%3A%2F%2Forasul-timisoara.ro%2Flocal-39936%2F\" title=\"Facebook\"><\/p>\n<div class=\"td-social-but-text\">Facebook<\/div>\n<p><\/a><a class=\"td-social-sharing-button td-social-sharing-button-js td-social-network td-social-twitter\" href=\"https:\/\/twitter.com\/intent\/tweet?text=Canicula+revine+%C3%AEn+for%C8%9B%C4%83%3A+temperaturi+de+p%C3%A2n%C4%83+la+40%C2%B0C+%C8%99i+nop%C8%9Bi+tropicale+%C3%AEn+Rom%C3%A2nia&amp;url=https%3A%2F%2Forasul-timisoara.ro%2Flocal-39936%2F&amp;via=orasultm\" title=\"Twitter\"><\/p>\n<div class=\"td-social-but-text\">Twitter<\/div>\n<p><\/a><a class=\"td-social-sharing-button td-social-sharing-button-js td-social-network td-social-whatsapp\" href=\"https:\/\/api.whatsapp.com\/send?text=Canicula+revine+%C3%AEn+for%C8%9B%C4%83%3A+temperaturi+de+p%C3%A2n%C4%83+la+40%C2%B0C+%C8%99i+nop%C8%9Bi+tropicale+%C3%AEn+Rom%C3%A2nia%20%0A%0A%20https:\/\/orasul-timisoara.ro\/local-39936\/\" title=\"WhatsApp\"><\/p>\n<div class=\"td-social-but-text\">WhatsApp<\/div>\n<p><\/a><a class=\"td-social-sharing-button td-social-sharing-button-js td-social-network td-social-linkedin\" href=\"https:\/\/www.linkedin.com\/shareArticle?mini=true&amp;url=https:\/\/orasul-timisoara.ro\/local-39936\/&amp;title=Canicula+revine+%C3%AEn+for%C8%9B%C4%83%3A+temperaturi+de+p%C3%A2n%C4%83+la+40%C2%B0C+%C8%99i+nop%C8%9Bi+tropicale+%C3%AEn+Rom%C3%A2nia\" title=\"Linkedin\"><\/p>\n<div class=\"td-social-but-text\">Linkedin<\/div>\n<p><\/a><a class=\"td-social-sharing-button td-social-sharing-button-js td-social-network td-social-reddit\" href=\"https:\/\/reddit.com\/submit?url=https:\/\/orasul-timisoara.ro\/local-39936\/&amp;title=Canicula+revine+%C3%AEn+for%C8%9B%C4%83%3A+temperaturi+de+p%C3%A2n%C4%83+la+40%C2%B0C+%C8%99i+nop%C8%9Bi+tropicale+%C3%AEn+Rom%C3%A2nia\" title=\"ReddIt\"><\/p>\n<div class=\"td-social-but-text\">ReddIt<\/div>\n<p><\/a><a class=\"td-social-sharing-button td-social-sharing-button-js td-social-network td-social-mail\" href=\"mailto:?subject=Canicula%20revine%20%C3%AEn%20for%C8%9B%C4%83:%20temperaturi%20de%20p%C3%A2n%C4%83%20la%2040%C2%B0C%20%C8%99i%20nop%C8%9Bi%20tropicale%20%C3%AEn%20Rom%C3%A2nia&amp;body=https:\/\/orasul-timisoara.ro\/local-39936\/\" title=\"Email\"><\/p>\n<div class=\"td-social-but-text\">Email<\/div>\n<p><\/a><a class=\"td-social-sharing-button td-social-sharing-button-js td-social-network td-social-print\" href=\"https:\/\/orasul-timisoara.ro\/local-39936\/\" title=\"Imprimare\"><\/p>\n<div class=\"td-social-but-text\">Imprimare<\/div>\n<p><\/a><\/div>\n<\/div>\n<\/div>\n<div class=\"td-block-row td-post-next-prev\">\n<div class=\"td-block-span6 td-post-prev-post\">\n<div class=\"td-post-next-prev-content\"><span>Articolul precedent<\/span><a href=\"https:\/\/orasul-timisoara.ro\/local-39934\/\">Legea pentru ieftinirea motorinei a trecut de Parlament. Ce se schimb\u0103 la pomp\u0103<\/a><\/div>\n<\/div>\n<\/div>\n<div class=\"td-author-name vcard author\"><span class=\"fn\"><a href=\"https:\/\/orasul-timisoara.ro\/author\/timisoara\/\">redactia<\/a><\/span><\/div>\n<p><span class=\"td-page-meta\"><\/span><span class=\"td-page-meta\"><span class=\"td-page-meta\"><\/span><\/span><span class=\"td-page-meta\"><\/span><\/footer>\n<div class=\"td_block_wrap td_block_related_posts tdi_3 td_with_ajax_pagination td-pb-border-top td_block_template_8\" data-td-block-uid=\"tdi_3\">\n<h4 class=\"td-related-title td-block-title\"><a id=\"tdi_4\" class=\"td-related-left td-cur-simple-item\" data-td_filter_value data-td_block_id=\"tdi_3\" href=\"https:\/\/orasul-timisoara.ro\/local-39936\/\">ARTICOLE SIMILARE<\/a><a id=\"tdi_5\" class=\"td-related-right\" data-td_filter_value=\"td_related_more_from_author\" data-td_block_id=\"tdi_3\" href=\"https:\/\/orasul-timisoara.ro\/local-39936\/\">DE LA ACELA\u0218I AUTOR<\/a><\/h4>\n<div id=\"tdi_3\" class=\"td_block_inner\">\n<div class=\"td-related-row\">\n<div class=\"td-related-span4\">\n<div class=\"td_module_related_posts td-animation-stack td_mod_related_posts\">\n<div class=\"td-module-image\">\n<div class=\"td-module-thumb\"><a href=\"https:\/\/orasul-timisoara.ro\/local-39894\/\" rel=\"bookmark\" class=\"td-image-wrap \" title=\"Bega \u0219i sculpturile din Alpinet, redescoperite printr-un nou proiect cultural\"><img loading=\"lazy\" decoding=\"async\" class=\"entry-thumb\" src=\"https:\/\/orasul-timisoara.ro\/wp-content\/uploads\/2026\/07\/Ecluze5-436x300.jpg\" alt title=\"Bega \u0219i sculpturile din Alpinet, redescoperite printr-un nou proiect cultural\" width=\"218\" height=\"150\"><\/a><\/div>\n<\/div>\n<div class=\"item-details\">\n<h3 class=\"entry-title td-module-title\"><a href=\"https:\/\/orasul-timisoara.ro\/local-39894\/\" rel=\"bookmark\" title=\"Bega \u0219i sculpturile din Alpinet, redescoperite printr-un nou proiect cultural\">Bega \u0219i sculpturile din Alpinet, redescoperite printr-un nou proiect cultural<\/a><\/h3>\n<\/div>\n<\/div>\n<\/div>\n<div class=\"td-related-span4\">\n<div class=\"td_module_related_posts td-animation-stack td_mod_related_posts\">\n<div class=\"td-module-image\">\n<div class=\"td-module-thumb\"><a href=\"https:\/\/orasul-timisoara.ro\/local-39869\/\" rel=\"bookmark\" class=\"td-image-wrap \" title=\"Summer Beach Cup 2026 revine la Ciacova cu sport, concerte \u0219i mii de participan\u021bi\"><img loading=\"lazy\" decoding=\"async\" class=\"entry-thumb\" src=\"https:\/\/orasul-timisoara.ro\/wp-content\/uploads\/2026\/07\/ciacova-summer-beach-436x300.jpg\" alt title=\"Summer Beach Cup 2026 revine la Ciacova cu sport, concerte \u0219i mii de participan\u021bi\" width=\"218\" height=\"150\"><\/a><\/div>\n<\/div>\n<div class=\"item-details\">\n<h3 class=\"entry-title td-module-title\"><a href=\"https:\/\/orasul-timisoara.ro\/local-39869\/\" rel=\"bookmark\" title=\"Summer Beach Cup 2026 revine la Ciacova cu sport, concerte \u0219i mii de participan\u021bi\">Summer Beach Cup 2026 revine la Ciacova cu sport, concerte \u0219i mii de participan\u021bi<\/a><\/h3>\n<\/div>\n<\/div>\n<\/div>\n<div class=\"td-related-span4\">\n<div class=\"td_module_related_posts td-animation-stack td_mod_related_posts\">\n<div class=\"td-module-image\">\n<div class=\"td-module-thumb\"><a href=\"https:\/\/orasul-timisoara.ro\/local-39675\/\" rel=\"bookmark\" class=\"td-image-wrap \" title=\"Un simbol al Banatului rena\u0219te: proiect de restaurare pentru Moara Valeapai (foto)\"><img loading=\"lazy\" decoding=\"async\" class=\"entry-thumb\" src=\"https:\/\/orasul-timisoara.ro\/wp-content\/uploads\/2026\/07\/ChatGPT-Image-Jul-15-2026-02_05_30-PM-436x300.jpg\" alt title=\"Un simbol al Banatului rena\u0219te: proiect de restaurare pentru Moara Valeapai (foto)\" width=\"218\" height=\"150\"><\/a><\/div>\n<\/div>\n<div class=\"item-details\">\n<h3 class=\"entry-title td-module-title\"><a href=\"https:\/\/orasul-timisoara.ro\/local-39675\/\" rel=\"bookmark\" title=\"Un simbol al Banatului rena\u0219te: proiect de restaurare pentru Moara Valeapai (foto)\">Un simbol al Banatului rena\u0219te: proiect de restaurare pentru Moara Valeapai (foto)<\/a><\/h3>\n<\/div>\n<\/div>\n<\/div>\n<\/div>\n<\/div>\n<\/div>\n<div class=\"comments\" id=\"comments\">\n<div id=\"respond\" class=\"comment-respond\">\n<h3 id=\"reply-title\" class=\"comment-reply-title\">L\u0102SA\u021aI UN MESAJ<\/h3>\n<div class=\"comment-form-input-wrap td-form-comment\">\n<div class=\"td-warning-comment\">V\u0103 rug\u0103m s\u0103 introduce\u021bi comentariul dvs.!<\/div>\n<\/div>\n<div class=\"comment-form-input-wrap td-form-author\">\n<div class=\"td-warning-author\">Introduce\u021bi aici numele dvs.<\/div>\n<\/div>\n<div class=\"comment-form-input-wrap td-form-email\">\n<div class=\"td-warning-email-error\">A\u021bi introdus o adres\u0103 de e-mail incorect\u0103!<\/div>\n<div class=\"td-warning-email\">V\u0103 rug\u0103m s\u0103 introduce\u021bi adresa dvs. de e-mail aici<\/div>\n<\/div>\n<\/div>\n<p class=\"akismet_comment_form_privacy_notice\">Acest site folose\u0219te Akismet pentru a reduce spamul. <a href=\"https:\/\/akismet.com\/privacy\/\" target=\"_blank\" rel=\"nofollow noopener\">Afl\u0103 cum sunt procesate datele comentariilor tale<\/a>.<\/p>\n<\/div>\n<\/div>\n<\/div>\n<div class=\"td-pb-span4 td-main-sidebar\" role=\"complementary\">\n<div class=\"td-ss-main-sidebar\">\n<aside id=\"block-4\" class=\"td_block_template_8 widget block-4 widget_block widget_media_image\">\n<figure class=\"wp-block-image size-full\"><img loading=\"lazy\" decoding=\"async\" width=\"336\" height=\"280\" src=\"https:\/\/orasul-timisoara.ro\/wp-content\/uploads\/2024\/11\/ReTIM-Abonamentul-Verde-Google-Ads-336x280px.gif\" alt class=\"wp-image-29257\"><\/figure>\n<\/aside>\n<div class=\"td_block_wrap td_block_social_counter td_block_widget tdi_6 td-social-style5 td-social-boxed td-pb-border-top td_block_template_8\">\n<div class=\"td-block-title-wrap\">\n<h4 class=\"td-block-title\"><span>Urm\u0103re\u0219te-ne pe Social Media<\/span><\/h4>\n<\/div>\n<div class=\"td-social-list\">\n<div class=\"td_social_type td-pb-margin-side td_social_facebook\">\n<div class=\"td-social-box\"><span class=\"td_social_info td_social_info_counter\">344,595<\/span><span class=\"td_social_info td_social_info_name\">Fani<\/span><span class=\"td_social_button\"><a href=\"https:\/\/www.facebook.com\/247timisoara\" target=\"_blank\" rel=\"nofollow\">\u00cemi place<\/a><\/span><\/div>\n<\/div>\n<div class=\"td_social_type td-pb-margin-side td_social_instagram\">\n<div class=\"td-social-box\"><span class=\"td_social_info td_social_info_counter\">4,416<\/span><span class=\"td_social_info td_social_info_name\">Cititori<\/span><span class=\"td_social_button\"><a href=\"https:\/\/instagram.com\/orasultimisoararo\/\" target=\"_blank\" rel=\"nofollow\">Conecta\u021bi-v\u0103<\/a><\/span><\/div>\n<\/div>\n<div class=\"td_social_type td-pb-margin-side td_social_rss\">\n<div class=\"td-social-box\"><span class=\"td_social_info td_social_info_counter\">12,506<\/span><span class=\"td_social_info td_social_info_name\">Cititori<\/span><span class=\"td_social_button\"><a href=\"https:\/\/orasul-timisoara.ro\/feed\/\" target=\"_blank\" rel=\"nofollow\">Conecta\u021bi-v\u0103<\/a><\/span><\/div>\n<\/div>\n<div class=\"td_social_type td-pb-margin-side td_social_tiktok\">\n<div class=\"td-social-box\"><span class=\"td_social_info td_social_info_counter\">1,500<\/span><span class=\"td_social_info td_social_info_name\">Cititori<\/span><span class=\"td_social_button\"><a href=\"https:\/\/www.tiktok.com\/@orasultimisoara\" target=\"_blank\" rel=\"nofollow\">Conecta\u021bi-v\u0103<\/a><\/span><\/div>\n<\/div>\n<div class=\"td_social_type td-pb-margin-side td_social_twitter\">\n<div class=\"td-social-box\"><span class=\"td_social_info td_social_info_counter\">1,595<\/span><span class=\"td_social_info td_social_info_name\">Cititori<\/span><span class=\"td_social_button\"><a href=\"https:\/\/twitter.com\/orasultm\" target=\"_blank\" rel=\"nofollow\">Conecta\u021bi-v\u0103<\/a><\/span><\/div>\n<\/div>\n<div class=\"td_social_type td-pb-margin-side td_social_youtube\">\n<div class=\"td-social-box\"><span class=\"td_social_info td_social_info_counter\">3,506<\/span><span class=\"td_social_info td_social_info_name\">Abona\u021bi<\/span><span class=\"td_social_button\"><a href=\"https:\/\/www.youtube.com\/channel\/UCQNsQvs2XCSIm1Z-AHRturw?sub_confirmation=1\" target=\"_blank\" rel=\"nofollow\">Abona\u021bi-v\u0103<\/a><\/span><\/div>\n<\/div>\n<\/div>\n<\/div>\n<aside id=\"text-7\" class=\"td_block_template_8 widget text-7 widget_text\">\n<h4 class=\"td-block-title\"><span>C\u0103ut\u0103ri populare pe OTM<\/span><\/h4>\n<div class=\"textwidget\"><a href=\"https:\/\/orasul-timisoara.ro\/?s=timisoara\"><span>Timisoara<\/span><\/a><a href=\"https:\/\/orasul-timisoara.ro\/?s=calin+dobra\"><span>Calin Dobra<\/span><\/a><a href=\"https:\/\/orasul-timisoara.ro\/?s=primaria+timisoara\"><span>Primaria Timisoara<\/span><\/a><a href=\"https:\/\/orasul-timisoara.ro\/?s=dominic+fritz\"><span>Dominic Fritz<\/span><\/a><a href=\"https:\/\/orasul-timisoara.ro\/?s=nicolae+robu\"><span>Nicolae Robu<\/span><\/a><a href=\"https:\/\/orasul-timisoara.ro\/?s=consiliul+local+timisoara\">Consiliul Local Timisoara<\/a><a href=\"https:\/\/orasul-timisoara.ro\/?s=consiliul+judetean+timis\"><span>Consiliul Judetean Timis<\/span><\/a><a href=\"https:\/\/orasul-timisoara.ro\/?s=cjt\"><span>CJT<\/span><\/a><a href=\"https:\/\/orasul-timisoara.ro\/?s=Alfred+Simonis\"><span>Alfred Simonis<\/span><\/a><a href=\"https:\/\/orasul-timisoara.ro\/?s=PNL\"><span>PNL<\/span><\/a><a href=\"https:\/\/orasul-timisoara.ro\/?s=coronavirus\"><span>coronavirus<\/span><\/a><a href=\"https:\/\/orasul-timisoara.ro\/?s=teatru+timisoara\">teatru Timisoara<\/a><a href=\"https:\/\/orasul-timisoara.ro\/?s=restaurante\"><span>restaurante Timisoara<\/span><\/a><a href=\"https:\/\/orasul-timisoara.ro\/?s=diskoteka\"><span>Diskoteka<\/span><\/a><a href=\"https:\/\/orasul-timisoara.ro\/?s=iulius+town\"><span>Iulius Town<\/span><\/a><a href=\"https:\/\/orasul-timisoara.ro\/?s=iulius+mall\"><span>Iulius Mall<\/span><\/a><a href=\"https:\/\/orasul-timisoara.ro\/?s=stpt\"><span>STPT<\/span><\/a><a href=\"https:\/\/orasul-timisoara.ro\/?s=alin+nica\"><span>Alin Nica<\/span><\/a><a href=\"https:\/\/orasul-timisoara.ro\/?s=psd\"><span>PSD<\/span><\/a><a href=\"https:\/\/orasul-timisoara.ro\/?s=aeroport\"><span>Aeroportul International Timisoara<\/span><\/a><a href=\"https:\/\/orasul-timisoara.ro\/?s=babes\"><span>Spitalul Victor Babes Timisoara<\/span><\/a><a href=\"https:\/\/orasul-timisoara.ro\/?s=poli\"><span>Poli Timi\u0219oara<\/span><\/a><a href=\"https:\/\/orasul-timisoara.ro\/?s=carantina\"><span>carantina<\/span><\/a><a href=\"https:\/\/orasul-timisoara.ro\/?s=aquatim\"><span>Aquatim<\/span><\/a><a href=\"https:\/\/orasul-timisoara.ro\/local-category\/stiri-timisoara\/\"><span>Stiri Timisoara<\/span><\/a><a href=\"https:\/\/orasul-timisoara.ro\/local-category\/investitii-in-timisoara\/\"><span>Investi\u021bii in Timi\u0219oara<\/span><\/a><a href=\"https:\/\/orasul-timisoara.ro\/local-9463\/\"><span>shaorma<\/span><\/a><a href=\"https:\/\/orasul-timisoara.ro\/?s=trafic\"><span>trafic rutier<\/span><\/a><a href=\"https:\/\/orasul-timisoara.ro\/?s=politia\"><span>politia locala timisoara<\/span><\/a><a href=\"https:\/\/orasul-timisoara.ro\/?s=roxana\"><span>Roxana Iliescu<\/span><\/a><a href=\"https:\/\/orasul-timisoara.ro\/?s=colterm\"><span>Colterm<\/span><\/a><a href=\"https:\/\/orasul-timisoara.ro\/?s=latcau\"><span>Ruben La\u021bc\u0103u<\/span><\/a><a href=\"https:\/\/orasul-timisoara.ro\/?s=timis\"><span>\u0218tiri din Timi\u0219<\/span><\/a><a href=\"https:\/\/orasul-timisoara.ro\/?s=spital\"><span>Spitale din Timi\u0219oara<\/span><\/a><a href=\"https:\/\/orasul-timisoara.ro\/?s=tabara\"><span>Cosmin Tab\u0103r\u0103<\/span><\/a><\/div>\n<\/aside>\n<aside id=\"rss-2\" class=\"td_block_template_8 widget rss-2 widget_rss\">\n<h4 class=\"td-block-title\"><span><a class=\"rsswidget rss-widget-feed\" href=\"https:\/\/fashionfridays.ro\/feed\"><img decoding=\"async\" class=\"rss-widget-icon\" width=\"14\" height=\"14\" src=\"https:\/\/orasul-timisoara.ro\/wp-includes\/images\/rss.png\" alt=\"RSS\" loading=\"lazy\"><\/a><a class=\"rsswidget rss-widget-title\" href=\"https:\/\/fashionfridays.ro\/\">Fashion Fridays<\/a><\/span><\/h4>\n<ul>\n<li><a class=\"rsswidget\" href=\"https:\/\/fashionfridays.ro\/romania-devine-a-29-a-piata-vogue-o-noua-era-pentru-industria-locala-de-moda\/\">Rom\u00e2nia devine a 29-a pia\u021b\u0103 Vogue: o nou\u0103 er\u0103 pentru industria local\u0103 de mod\u0103<\/a>\n<div class=\"rssSummary\">Revista Vogue \u00ee\u0219i extinde prezen\u021ba global\u0103 \u0219i va fi lansat\u0103 oficial \u00een Rom\u00e2nia \u00een prim\u0103vara anului 2027, marc\u00e2nd intrarea pe cea de-a 29-a pia\u021b\u0103 interna\u021bional\u0103. Proiectul este realizat \u00een parteneriat cu AEMME Publishing, o companie media recent \u00eenfiin\u021bat\u0103, care va publica edi\u021bia local\u0103 sub licen\u021b\u0103. Noua edi\u021bie, Vogue Rom\u00e2nia, \u00ee\u0219i propune s\u0103 combine autoritatea global\u0103 [\u2026]<\/div>\n<\/li>\n<\/ul>\n<\/aside>\n<aside id=\"rss-4\" class=\"td_block_template_8 widget rss-4 widget_rss\">\n<h4 class=\"td-block-title\"><span><a class=\"rsswidget rss-widget-feed\" href=\"https:\/\/emasini.ro\/feed\"><img decoding=\"async\" class=\"rss-widget-icon\" width=\"14\" height=\"14\" src=\"https:\/\/orasul-timisoara.ro\/wp-includes\/images\/rss.png\" alt=\"RSS\" loading=\"lazy\"><\/a><a class=\"rsswidget rss-widget-title\" href=\"https:\/\/emasini.ro\/\">eMasini<\/a><\/span><\/h4>\n<ul>\n<li><a class=\"rsswidget\" href=\"https:\/\/emasini.ro\/bmw-testeaza-noul-i4-convertible-primul-cabrio-electric-accesibil-al-marcii\/\">BMW testeaz\u0103 noul i4 Convertible, primul cabrio electric accesibil al m\u0103rcii<\/a>\n<div class=\"rssSummary\">BMW accelereaz\u0103 dezvoltarea noii genera\u021bii de modele electrice bazate pe platforma Neue Klasse, iar unul dintre cele mai interesante proiecte aflate \u00een teste este viitorul BMW i4 Convertible. Prototipul camuflat a fost surprins pe \u0219osele, confirm\u00e2nd c\u0103 produc\u0103torul german preg\u0103te\u0219te o decapotabil\u0103 electric\u0103 destinat\u0103 unui segment \u00een care oferta este, \u00een prezent, extrem de limitat\u0103. [\u2026]<\/div>\n<\/li>\n<\/ul>\n<\/aside>\n<\/div>\n<\/div>\n<\/div>\n<\/div>\n<\/article>\n<div class=\"td-post-content tagdiv-type\">\n<p class=\"wp-block-paragraph\">Rom\u00e2nia se preg\u0103te\u0219te pentru un nou episod de canicul\u0103, care va cuprinde treptat aproape \u00eentreaga \u021bar\u0103 \u00een ultimele zile ale lunii iulie \u0219i la \u00eenceputul lunii august. Administra\u021bia Na\u021bional\u0103 de Meteorologie (ANM) avertizeaz\u0103 c\u0103 temperaturile vor urca p\u00e2n\u0103 la <strong>40 de grade Celsius<\/strong>, iar \u00een zonele cele mai afectate exist\u0103 posibilitatea emiterii unor <strong>coduri ro\u0219ii de canicul\u0103<\/strong>.<\/p>\n<p class=\"wp-block-paragraph\">Primul val de c\u0103ldur\u0103 va afecta vestul \u0219i sud-vestul \u021b\u0103rii, urm\u00e2nd ca, \u00een weekend \u0219i la \u00eenceputul s\u0103pt\u0103m\u00e2nii viitoare, temperaturile extrem de ridicate s\u0103 se extind\u0103 \u0219i \u00een celelalte regiuni.<\/p>\n<h2 class=\"wp-block-heading\">Banatul \u0219i Cri\u0219ana, primele lovite de canicul\u0103<\/h2>\n<p class=\"wp-block-paragraph\">Potrivit ANM, \u00een intervalul <strong>joi, 30 iulie, p\u00e2n\u0103 vineri diminea\u021b\u0103<\/strong>, jude\u021bele <strong>Timi\u0219, Cara\u0219-Severin, Arad, Bihor, Satu Mare, Dolj \u0219i Mehedin\u021bi<\/strong> vor intra sub influen\u021ba unui val de c\u0103ldur\u0103 accentuat.<\/p>\n<p class=\"wp-block-paragraph\">Temperaturile maxime vor fi cuprinse \u00eentre <strong>33 \u0219i 37 de grade Celsius<\/strong>, iar \u00een <strong>C\u00e2mpia de Vest<\/strong> vor fi \u00eenregistrate cele mai ridicate valori.<\/p>\n<p class=\"wp-block-paragraph\">\u00cen plus, indicele temperatur\u0103-umezeal\u0103 (ITU) va dep\u0103\u0219i pragul critic de <strong>80 de unit\u0103\u021bi<\/strong>, ceea ce \u00eenseamn\u0103 un nivel ridicat de disconfort termic.<\/p>\n<h2 class=\"wp-block-heading\">Temperaturile vor urca p\u00e2n\u0103 la 39-40 de grade<\/h2>\n<p class=\"wp-block-paragraph\">Meteorologii estimeaz\u0103 c\u0103 valul de c\u0103ldur\u0103 se va intensifica \u00een zilele de <strong>vineri, s\u00e2mb\u0103t\u0103 \u0219i duminic\u0103<\/strong>, c\u00e2nd \u00een vestul \u021b\u0103rii maximele vor ajunge la <strong>38-39 de grade Celsius<\/strong>.<\/p>\n<p class=\"wp-block-paragraph\">\u00cen perioada <strong>3-6 august<\/strong>, temperaturile ar putea atinge <strong>40 de grade<\/strong>, iar speciali\u0219tii nu exclud emiterea unor <strong>coduri ro\u0219ii de canicul\u0103<\/strong>, \u00een func\u021bie de evolu\u021bia maselor de aer tropical.<\/p>\n<p class=\"wp-block-paragraph\">Potrivit ANM, intensitatea maxim\u0103 a valului de c\u0103ldur\u0103 este a\u0219teptat\u0103 \u00een primele zile ale lunii august.<\/p>\n<h2 class=\"wp-block-heading\">Nop\u021bi tropicale \u0219i disconfort termic accentuat<\/h2>\n<p class=\"wp-block-paragraph\">Pe l\u00e2ng\u0103 temperaturile foarte ridicate din timpul zilei, meteorologii avertizeaz\u0103 c\u0103 \u0219i nop\u021bile vor deveni dificile.<\/p>\n<p class=\"wp-block-paragraph\">\u00cen vestul \u0219i sud-vestul \u021b\u0103rii sunt prognozate <strong>nop\u021bi tropicale<\/strong>, cu temperaturi minime de aproximativ <strong>20 de grade<\/strong>, iar \u00een zona Dealurilor de Vest valorile pot ajunge chiar la <strong>22-24 de grade Celsius<\/strong>.<\/p>\n<p class=\"wp-block-paragraph\">Aceste condi\u021bii vor accentua senza\u021bia de disconfort \u0219i vor reduce posibilitatea de r\u0103cire a organismului pe timpul nop\u021bii.<\/p>\n<h2 class=\"wp-block-heading\">Valul de c\u0103ldur\u0103 se extinde \u00een aproape toat\u0103 \u021bara<\/h2>\n<p class=\"wp-block-paragraph\">\u00cencep\u00e2nd din weekend, canicula se va extinde \u0219i \u00een <strong>Maramure\u0219<\/strong>, cea mai mare parte a <strong>Transilvaniei<\/strong>, local \u00een <strong>Oltenia<\/strong>, iar izolat \u00een <strong>Muntenia<\/strong> \u0219i <strong>Moldova<\/strong>.<\/p>\n<p class=\"wp-block-paragraph\">\u00cen Capital\u0103, temperaturile vor ajunge p\u00e2n\u0103 la <strong>35 de grade<\/strong>, iar pentru perioada <strong>30 iulie \u2013 3 august<\/strong> este deja emis\u0103 o informare meteorologic\u0103 privind valul de c\u0103ldur\u0103, disconfortul termic \u0219i nop\u021bile tropicale.<\/p>\n<p class=\"wp-block-paragraph\">Meteorologii estimeaz\u0103 c\u0103 \u00een sudul \u021b\u0103rii temperaturile foarte ridicate se vor accentua \u00eencep\u00e2nd cu <strong>3 august<\/strong> \u0219i ar putea persista p\u00e2n\u0103 \u00een jurul datei de <strong>9 august<\/strong>.<\/p>\n<h2 class=\"wp-block-heading\">Regim pluviometric deficitar \u0219i influen\u021ba aerului tropical<\/h2>\n<p class=\"wp-block-paragraph\">Speciali\u0219tii ANM explic\u0103 faptul c\u0103 actuala evolu\u021bie meteorologic\u0103 este determinat\u0103 de persisten\u021ba unui regim de presiune ridicat\u0103 deasupra unei mari p\u0103r\u021bi a Europei \u0219i de p\u0103trunderea unei mase de aer tropical din nordul Africii.<\/p>\n<p class=\"wp-block-paragraph\">\u00cen aceste condi\u021bii, precipita\u021biile vor fi deficitare \u00een cea mai mare parte a \u021b\u0103rii, iar vremea va deveni din ce \u00een ce mai cald\u0103 pe m\u0103sur\u0103 ce masa de aer fierbinte avanseaz\u0103 spre Rom\u00e2nia.<\/p>\n<h2 class=\"wp-block-heading\">ANM recomand\u0103 pruden\u021b\u0103 \u00een zilele cu temperaturi extreme<\/h2>\n<p class=\"wp-block-paragraph\">\u00cen contextul temperaturilor foarte ridicate prognozate pentru urm\u0103toarea perioad\u0103, autorit\u0103\u021bile recomand\u0103 evitarea expunerii prelungite la soare \u00een orele de v\u00e2rf, consumul unei cantit\u0103\u021bi suficiente de lichide \u0219i limitarea activit\u0103\u021bilor fizice intense \u00een aer liber.<\/p>\n<p class=\"wp-block-paragraph\">Meteorologii vor actualiza avertiz\u0103rile \u00een func\u021bie de evolu\u021bia fenomenelor, exist\u00e2nd posibilitatea ca \u00een zilele urm\u0103toare s\u0103 fie emise avertiz\u0103ri de <strong>Cod Portocaliu<\/strong> sau chiar <strong>Cod Ro\u0219u<\/strong> pentru canicul\u0103 \u00een regiunile cele mai afectate.<\/p>\n<\/div>\n<p>[analyse_source url=&#8221;https:\/\/orasul-timisoara.ro\/local-39936\/&#8221;]<\/p>\n","protected":false},"excerpt":{"rendered":"<p>[analyse_image type=&#8221;featured&#8221; src=&#8221;https:\/\/orasul-timisoara.ro\/wp-content\/uploads\/2026\/07\/temperatura-canicula-termometru-01.jpg&#8221;] \u0218tiri na\u021bionale \u0219i interna\u021bionaleCanicula revine \u00een for\u021b\u0103: temperaturi de p\u00e2n\u0103 la 40\u00b0C \u0219i nop\u021bi tropicale&#8230; \u0218tiri na\u021bionale \u0219i interna\u021bionale Canicula revine \u00een for\u021b\u0103: temperaturi de p\u00e2n\u0103 la 40\u00b0C \u0219i nop\u021bi tropicale \u00een Rom\u00e2nia De c\u0103tre redactia &#8211; 29\/07\/2026 Facebook Twitter WhatsApp Linkedin ReddIt Email Imprimare Rom\u00e2nia se preg\u0103te\u0219te pentru un nou episod [&hellip;]<\/p>\n","protected":false},"author":1,"featured_media":0,"comment_status":"open","ping_status":"","sticky":false,"template":"","format":"standard","meta":{"footnotes":""},"categories":[89],"tags":[226,189],"class_list":["post-2070286","post","type-post","status-publish","format-standard","hentry","category-romania","tag-crawlmanager","tag-orasul-timisoara-ro"],"_links":{"self":[{"href":"https:\/\/analyse.optim.biz\/index.php?rest_route=\/wp\/v2\/posts\/2070286","targetHints":{"allow":["GET"]}}],"collection":[{"href":"https:\/\/analyse.optim.biz\/index.php?rest_route=\/wp\/v2\/posts"}],"about":[{"href":"https:\/\/analyse.optim.biz\/index.php?rest_route=\/wp\/v2\/types\/post"}],"author":[{"embeddable":true,"href":"https:\/\/analyse.optim.biz\/index.php?rest_route=\/wp\/v2\/users\/1"}],"replies":[{"embeddable":true,"href":"https:\/\/analyse.optim.biz\/index.php?rest_route=%2Fwp%2Fv2%2Fcomments&post=2070286"}],"version-history":[{"count":0,"href":"https:\/\/analyse.optim.biz\/index.php?rest_route=\/wp\/v2\/posts\/2070286\/revisions"}],"wp:attachment":[{"href":"https:\/\/analyse.optim.biz\/index.php?rest_route=%2Fwp%2Fv2%2Fmedia&parent=2070286"}],"wp:term":[{"taxonomy":"category","embeddable":true,"href":"https:\/\/analyse.optim.biz\/index.php?rest_route=%2Fwp%2Fv2%2Fcategories&post=2070286"},{"taxonomy":"post_tag","embeddable":true,"href":"https:\/\/analyse.optim.biz\/index.php?rest_route=%2Fwp%2Fv2%2Ftags&post=2070286"}],"curies":[{"name":"wp","href":"https:\/\/api.w.org\/{rel}","templated":true}]}}