{"id":2070280,"date":"2026-07-28T13:34:17","date_gmt":"2026-07-28T10:34:17","guid":{"rendered":"https:\/\/analyse.optim.biz\/?p=2070280"},"modified":"2026-07-28T13:34:17","modified_gmt":"2026-07-28T10:34:17","slug":"cartea-de-identitate-veche-dispare-treptat-cine-o-mai-poate-solicita-dupa-1-august","status":"publish","type":"post","link":"https:\/\/analyse.optim.biz\/?p=2070280","title":{"rendered":"Cartea de identitate veche dispare treptat. Cine o mai poate solicita dup\u0103 1 august"},"content":{"rendered":"<p>[analyse_image type=&#8221;featured&#8221; src=&#8221;https:\/\/orasul-timisoara.ro\/wp-content\/uploads\/2026\/07\/carte-de-identitate-veche.jpg&#8221;]<\/p>\n<article id=\"post-39872\" class=\"td-post-template-7 post-39872 post type-post status-publish format-standard has-post-thumbnail category-featured category-stiri-nationale-si-internationale tag-1-august-2026 tag-acte-de-identitate tag-buletin tag-carte-de-identitate tag-carte-de-identitate-simpla tag-carte-electronica-de-identitate tag-cei tag-cis tag-directia-generala-pentru-evidenta-persoanelor tag-evidenta-persoanelor tag-primarie-2 tag-romania-2 td-container-wrap\">\n<div class=\"td-full-screen-header-image-wrap\">\n<div class=\"td-container td-post-header\">\n<div class=\"td-crumb-container\">\n<div class=\"entry-crumbs\"><span><a title=\"Vede\u021bi toate articolele \u00een \u0218tiri na\u021bionale \u0219i interna\u021bionale\" class=\"entry-crumb\" href=\"https:\/\/orasul-timisoara.ro\/local-category\/stiri-nationale-si-internationale\/\">\u0218tiri na\u021bionale \u0219i interna\u021bionale<\/a><\/span><span class=\"td-bred-no-url-last\">Cartea de identitate veche dispare treptat. Cine o mai poate solicita dup\u0103&#8230;<\/span><\/div>\n<\/div>\n<div class=\"td-post-header-holder\">\n<div class=\"td-parallax-header\">\n<header class=\"td-post-title\">\n<ul class=\"td-category\">\n<li class=\"entry-category\"><a href=\"https:\/\/orasul-timisoara.ro\/local-category\/stiri-nationale-si-internationale\/\">\u0218tiri na\u021bionale \u0219i interna\u021bionale<\/a><\/li>\n<\/ul>\n<h1 class=\"entry-title\">Cartea de identitate veche dispare treptat. Cine o mai poate solicita dup\u0103 1 august<\/h1>\n<div class=\"td-module-meta-info\">\n<div class=\"td-post-author-name\">\n<div class=\"td-author-by\">De c\u0103tre<\/div>\n<p><a href=\"https:\/\/orasul-timisoara.ro\/author\/timisoara\/\">redactia<\/a><\/p>\n<div class=\"td-author-line\"> &#8211; <\/div>\n<\/div>\n<p><span class=\"td-post-date\"><time class=\"entry-date updated td-module-date\" datetime=\"2026-07-28T16:34:17+03:00\">28\/07\/2026<\/time><\/span><\/div>\n<\/header>\n<\/div>\n<\/div>\n<\/div>\n<div id=\"td-full-screen-header-image\" class=\"td-image-gradient-style7\"><img decoding=\"async\" class=\"td-backstretch\" src=\"https:\/\/orasul-timisoara.ro\/wp-content\/uploads\/2026\/07\/carte-de-identitate-veche.jpg\"><\/div>\n<\/div>\n<div class=\"td-container\">\n<div class=\"td-pb-row\">\n<div class=\"td-pb-span8 td-main-content\" role=\"main\">\n<div class=\"td-ss-main-content\">\n<div class=\"td-post-sharing-top\">\n<div class=\"td-post-sharing-classic\"><iframe title=\"topFacebookLike\" frameborder src=\"https:\/\/www.facebook.com\/plugins\/like.php?href=https:\/\/orasul-timisoara.ro\/local-39872\/&amp;layout=button_count&amp;show_faces=false&amp;width=105&amp;action=like&amp;colorscheme=light&amp;height=21\"><\/iframe><\/div>\n<div id=\"td_social_sharing_article_top\" class=\"td-post-sharing td-ps-bg td-ps-notext td-post-sharing-style1 \">\n<div class=\"td-post-sharing-visible\"><a class=\"td-social-sharing-button td-social-sharing-button-js td-social-network td-social-facebook\" href=\"https:\/\/www.facebook.com\/sharer.php?u=https%3A%2F%2Forasul-timisoara.ro%2Flocal-39872%2F\" title=\"Facebook\"><\/p>\n<div class=\"td-social-but-text\">Facebook<\/div>\n<p><\/a><a class=\"td-social-sharing-button td-social-sharing-button-js td-social-network td-social-twitter\" href=\"https:\/\/twitter.com\/intent\/tweet?text=Cartea+de+identitate+veche+dispare+treptat.+Cine+o+mai+poate+solicita+dup%C4%83+1+august&amp;url=https%3A%2F%2Forasul-timisoara.ro%2Flocal-39872%2F&amp;via=orasultm\" title=\"Twitter\"><\/p>\n<div class=\"td-social-but-text\">Twitter<\/div>\n<p><\/a><a class=\"td-social-sharing-button td-social-sharing-button-js td-social-network td-social-whatsapp\" href=\"https:\/\/api.whatsapp.com\/send?text=Cartea+de+identitate+veche+dispare+treptat.+Cine+o+mai+poate+solicita+dup%C4%83+1+august%20%0A%0A%20https:\/\/orasul-timisoara.ro\/local-39872\/\" title=\"WhatsApp\"><\/p>\n<div class=\"td-social-but-text\">WhatsApp<\/div>\n<p><\/a><a class=\"td-social-sharing-button td-social-sharing-button-js td-social-network td-social-linkedin\" href=\"https:\/\/www.linkedin.com\/shareArticle?mini=true&amp;url=https:\/\/orasul-timisoara.ro\/local-39872\/&amp;title=Cartea+de+identitate+veche+dispare+treptat.+Cine+o+mai+poate+solicita+dup%C4%83+1+august\" title=\"Linkedin\"><\/p>\n<div class=\"td-social-but-text\">Linkedin<\/div>\n<p><\/a><a class=\"td-social-sharing-button td-social-sharing-button-js td-social-network td-social-reddit\" href=\"https:\/\/reddit.com\/submit?url=https:\/\/orasul-timisoara.ro\/local-39872\/&amp;title=Cartea+de+identitate+veche+dispare+treptat.+Cine+o+mai+poate+solicita+dup%C4%83+1+august\" title=\"ReddIt\"><\/p>\n<div class=\"td-social-but-text\">ReddIt<\/div>\n<p><\/a><a class=\"td-social-sharing-button td-social-sharing-button-js td-social-network td-social-mail\" href=\"mailto:?subject=Cartea%20de%20identitate%20veche%20dispare%20treptat.%20Cine%20o%20mai%20poate%20solicita%20dup%C4%83%201%20august&amp;body=https:\/\/orasul-timisoara.ro\/local-39872\/\" title=\"Email\"><\/p>\n<div class=\"td-social-but-text\">Email<\/div>\n<p><\/a><a class=\"td-social-sharing-button td-social-sharing-button-js td-social-network td-social-print\" href=\"https:\/\/orasul-timisoara.ro\/local-39872\/\" title=\"Imprimare\"><\/p>\n<div class=\"td-social-but-text\">Imprimare<\/div>\n<p><\/a><\/div>\n<\/div>\n<\/div>\n<div class=\"td-post-content tagdiv-type\">\n<p class=\"wp-block-paragraph\">\u00cencep\u00e2nd cu <strong>1 august 2026<\/strong>, emiterea c\u0103r\u021bii de identitate \u00een formatul clasic, model 1997, va fi restr\u00e2ns\u0103 semnificativ. Serviciul Public Comunitar Local de Eviden\u021b\u0103 a Persoanelor anun\u021b\u0103 c\u0103 acest tip de document va mai putea fi solicitat doar \u00een situa\u021bii expres prev\u0103zute, \u00een conformitate cu dispozi\u021biile Direc\u021biei Generale pentru Eviden\u021ba Persoanelor.<\/p>\n<p class=\"wp-block-paragraph\">M\u0103sura face parte din procesul de tranzi\u021bie c\u0103tre noile documente de identitate, respectiv <strong>Cartea Electronic\u0103 de Identitate (CEI)<\/strong> \u0219i <strong>Cartea de Identitate Simpl\u0103 (CIS)<\/strong>, care sunt introduse treptat la nivel na\u021bional.<\/p>\n<h2 class=\"wp-block-heading\">\u00cen ce situa\u021bii mai poate fi solicitat\u0103 cartea de identitate model 1997<\/h2>\n<p class=\"wp-block-paragraph\">Dup\u0103 data de 1 august, autorit\u0103\u021bile vor prelua cereri pentru emiterea c\u0103r\u021bii de identitate model 1997 doar \u00een dou\u0103 cazuri speciale.<\/p>\n<p class=\"wp-block-paragraph\">Primul se refer\u0103 la cererile depuse la <strong>misiunile diplomatice<\/strong> sau <strong>oficiile consulare ale Rom\u00e2niei din str\u0103in\u0103tate<\/strong>, care sunt transmise ulterior prin Direc\u021bia General\u0103 pentru Eviden\u021ba Persoanelor.<\/p>\n<p class=\"wp-block-paragraph\">Al doilea caz vizeaz\u0103 cererile depuse prin intermediul unei persoane \u00eemputernicite, \u00een baza unei <strong>procuri speciale<\/strong> emise de o misiune diplomatic\u0103 sau de un oficiu consular al Rom\u00e2niei din str\u0103in\u0103tate.<\/p>\n<p class=\"wp-block-paragraph\">\u00cen afara acestor situa\u021bii, solicit\u0103rile pentru emiterea c\u0103r\u021bii de identitate \u00een formatul vechi nu vor mai fi preluate.<\/p>\n<h2 class=\"wp-block-heading\">Solu\u021bii pentru persoanele care nu se pot deplasa<\/h2>\n<p class=\"wp-block-paragraph\">Serviciul Public Comunitar Local de Eviden\u021b\u0103 a Persoanelor precizeaz\u0103 c\u0103 persoanele care, din motive medicale, nu se pot prezenta la sediul institu\u021biei pot solicita emiterea <strong>C\u0103r\u021bii Electronice de Identitate (CEI)<\/strong> sau a <strong>C\u0103r\u021bii de Identitate Simple (CIS)<\/strong>.<\/p>\n<p class=\"wp-block-paragraph\">\u00cen aceste cazuri, autorit\u0103\u021bile pot utiliza <strong>sta\u021bia mobil\u0103<\/strong> pentru preluarea documentelor necesare \u0219i a datelor biometrice direct la domiciliul solicitantului sau \u00een locul \u00een care acesta se afl\u0103.<\/p>\n<p class=\"wp-block-paragraph\">Aceast\u0103 procedur\u0103 este disponibil\u0103 \u0219i pentru persoanele internate \u00een unit\u0103\u021bi sanitare, g\u0103zduite \u00een institu\u021bii de protec\u021bie sau \u00een centre de servicii sociale.<\/p>\n<h2 class=\"wp-block-heading\">Cum se depun solicit\u0103rile pentru persoanele nedeplasabile<\/h2>\n<p class=\"wp-block-paragraph\">Pentru persoanele care nu se pot deplasa, cererea privind eliberarea <strong>C\u0103r\u021bii Electronice de Identitate<\/strong> trebuie depus\u0103 de un apar\u021bin\u0103tor.<\/p>\n<p class=\"wp-block-paragraph\">Solicitarea se depune la <strong>Camera 9 a Prim\u0103riei<\/strong>, f\u0103r\u0103 programare prealabil\u0103 \u0219i f\u0103r\u0103 bon de ordine.<\/p>\n<p class=\"wp-block-paragraph\">Apar\u021bin\u0103torul trebuie s\u0103 prezinte documentul medical care atest\u0103 imposibilitatea deplas\u0103rii solicitantului, precum \u0219i actele necesare pentru emiterea documentului de identitate, \u00een original.<\/p>\n<h2 class=\"wp-block-heading\">Ce se \u00eent\u00e2mpl\u0103 cu cererile depuse p\u00e2n\u0103 la 31 iulie<\/h2>\n<p class=\"wp-block-paragraph\">Autorit\u0103\u021bile precizeaz\u0103 c\u0103 toate solicit\u0103rile \u00eenregistrate <strong>p\u00e2n\u0103 la 31 iulie 2026 inclusiv<\/strong> vor fi solu\u021bionate potrivit op\u021biunii exprimate de solicitant.<\/p>\n<p class=\"wp-block-paragraph\">Astfel, persoanele care depun cererea \u00eenainte de intrarea \u00een vigoare a noilor reguli vor primi actul de identitate solicitat, inclusiv cartea de identitate model 1997, dac\u0103 aceasta a fost aleas\u0103 la momentul depunerii documenta\u021biei.<\/p>\n<p class=\"wp-block-paragraph\">Noile m\u0103suri marcheaz\u0103 o nou\u0103 etap\u0103 \u00een procesul de modernizare a sistemului de eviden\u021b\u0103 a persoanelor, autorit\u0103\u021bile orient\u00e2ndu-se c\u0103tre utilizarea noilor documente de identitate, care ofer\u0103 func\u021bionalit\u0103\u021bi suplimentare \u0219i un nivel mai ridicat de securitate.<\/p>\n<\/div>\n<footer>\n<div class=\"td-post-source-tags\">\n<ul class=\"td-tags td-post-small-box clearfix\">\n<li><span>ETICHETE<\/span><\/li>\n<li><a href=\"https:\/\/orasul-timisoara.ro\/local-tag\/1-august-2026\/\">1 august 2026<\/a><\/li>\n<li><a href=\"https:\/\/orasul-timisoara.ro\/local-tag\/acte-de-identitate\/\">acte de identitate<\/a><\/li>\n<li><a href=\"https:\/\/orasul-timisoara.ro\/local-tag\/buletin\/\">buletin<\/a><\/li>\n<li><a href=\"https:\/\/orasul-timisoara.ro\/local-tag\/carte-de-identitate\/\">carte de identitate<\/a><\/li>\n<li><a href=\"https:\/\/orasul-timisoara.ro\/local-tag\/carte-de-identitate-simpla\/\">carte de identitate simpl\u0103<\/a><\/li>\n<li><a href=\"https:\/\/orasul-timisoara.ro\/local-tag\/carte-electronica-de-identitate\/\">Carte Electronic\u0103 de Identitate<\/a><\/li>\n<li><a href=\"https:\/\/orasul-timisoara.ro\/local-tag\/cei\/\">CEI<\/a><\/li>\n<li><a href=\"https:\/\/orasul-timisoara.ro\/local-tag\/cis\/\">CIS<\/a><\/li>\n<li><a href=\"https:\/\/orasul-timisoara.ro\/local-tag\/directia-generala-pentru-evidenta-persoanelor\/\">Direc\u021bia General\u0103 pentru Eviden\u021ba Persoanelor<\/a><\/li>\n<li><a href=\"https:\/\/orasul-timisoara.ro\/local-tag\/evidenta-persoanelor\/\">eviden\u021ba persoanelor<\/a><\/li>\n<li><a href=\"https:\/\/orasul-timisoara.ro\/local-tag\/primarie-2\/\">prim\u0103rie<\/a><\/li>\n<li><a href=\"https:\/\/orasul-timisoara.ro\/local-tag\/romania-2\/\">rom\u00e2nia<\/a><\/li>\n<\/ul>\n<\/div>\n<div class=\"td-post-sharing-bottom\">\n<div class=\"td-post-sharing-classic\"><iframe title=\"bottomFacebookLike\" frameborder src=\"https:\/\/www.facebook.com\/plugins\/like.php?href=https:\/\/orasul-timisoara.ro\/local-39872\/&amp;layout=button_count&amp;show_faces=false&amp;width=105&amp;action=like&amp;colorscheme=light&amp;height=21\"><\/iframe><\/div>\n<div id=\"td_social_sharing_article_bottom\" class=\"td-post-sharing td-ps-bg td-ps-notext td-post-sharing-style1 \">\n<div class=\"td-post-sharing-visible\"><a class=\"td-social-sharing-button td-social-sharing-button-js td-social-network td-social-facebook\" href=\"https:\/\/www.facebook.com\/sharer.php?u=https%3A%2F%2Forasul-timisoara.ro%2Flocal-39872%2F\" title=\"Facebook\"><\/p>\n<div class=\"td-social-but-text\">Facebook<\/div>\n<p><\/a><a class=\"td-social-sharing-button td-social-sharing-button-js td-social-network td-social-twitter\" href=\"https:\/\/twitter.com\/intent\/tweet?text=Cartea+de+identitate+veche+dispare+treptat.+Cine+o+mai+poate+solicita+dup%C4%83+1+august&amp;url=https%3A%2F%2Forasul-timisoara.ro%2Flocal-39872%2F&amp;via=orasultm\" title=\"Twitter\"><\/p>\n<div class=\"td-social-but-text\">Twitter<\/div>\n<p><\/a><a class=\"td-social-sharing-button td-social-sharing-button-js td-social-network td-social-whatsapp\" href=\"https:\/\/api.whatsapp.com\/send?text=Cartea+de+identitate+veche+dispare+treptat.+Cine+o+mai+poate+solicita+dup%C4%83+1+august%20%0A%0A%20https:\/\/orasul-timisoara.ro\/local-39872\/\" title=\"WhatsApp\"><\/p>\n<div class=\"td-social-but-text\">WhatsApp<\/div>\n<p><\/a><a class=\"td-social-sharing-button td-social-sharing-button-js td-social-network td-social-linkedin\" href=\"https:\/\/www.linkedin.com\/shareArticle?mini=true&amp;url=https:\/\/orasul-timisoara.ro\/local-39872\/&amp;title=Cartea+de+identitate+veche+dispare+treptat.+Cine+o+mai+poate+solicita+dup%C4%83+1+august\" title=\"Linkedin\"><\/p>\n<div class=\"td-social-but-text\">Linkedin<\/div>\n<p><\/a><a class=\"td-social-sharing-button td-social-sharing-button-js td-social-network td-social-reddit\" href=\"https:\/\/reddit.com\/submit?url=https:\/\/orasul-timisoara.ro\/local-39872\/&amp;title=Cartea+de+identitate+veche+dispare+treptat.+Cine+o+mai+poate+solicita+dup%C4%83+1+august\" title=\"ReddIt\"><\/p>\n<div class=\"td-social-but-text\">ReddIt<\/div>\n<p><\/a><a class=\"td-social-sharing-button td-social-sharing-button-js td-social-network td-social-mail\" href=\"mailto:?subject=Cartea%20de%20identitate%20veche%20dispare%20treptat.%20Cine%20o%20mai%20poate%20solicita%20dup%C4%83%201%20august&amp;body=https:\/\/orasul-timisoara.ro\/local-39872\/\" title=\"Email\"><\/p>\n<div class=\"td-social-but-text\">Email<\/div>\n<p><\/a><a class=\"td-social-sharing-button td-social-sharing-button-js td-social-network td-social-print\" href=\"https:\/\/orasul-timisoara.ro\/local-39872\/\" title=\"Imprimare\"><\/p>\n<div class=\"td-social-but-text\">Imprimare<\/div>\n<p><\/a><\/div>\n<\/div>\n<\/div>\n<div class=\"td-block-row td-post-next-prev\">\n<div class=\"td-block-span6 td-post-prev-post\">\n<div class=\"td-post-next-prev-content\"><span>Articolul precedent<\/span><a href=\"https:\/\/orasul-timisoara.ro\/local-39869\/\">Summer Beach Cup 2026 revine la Ciacova cu sport, concerte \u0219i mii de participan\u021bi<\/a><\/div>\n<\/div>\n<div class=\"td-block-span6 td-post-next-post\">\n<div class=\"td-post-next-prev-content\"><span>Articolul urm\u0103tor<\/span><a href=\"https:\/\/orasul-timisoara.ro\/local-39876\/\">Ministrul Mediului \u0219i prefectul de Timi\u0219, control la S\u0103c\u0103laz dup\u0103 descoperirea unui depozit ilegal de de\u0219euri<\/a><\/div>\n<\/div>\n<\/div>\n<div class=\"td-author-name vcard author\"><span class=\"fn\"><a href=\"https:\/\/orasul-timisoara.ro\/author\/timisoara\/\">redactia<\/a><\/span><\/div>\n<p><span class=\"td-page-meta\"><\/span><span class=\"td-page-meta\"><span class=\"td-page-meta\"><\/span><\/span><span class=\"td-page-meta\"><\/span><\/footer>\n<div class=\"td_block_wrap td_block_related_posts tdi_3 td_with_ajax_pagination td-pb-border-top td_block_template_8\" data-td-block-uid=\"tdi_3\">\n<h4 class=\"td-related-title td-block-title\"><a id=\"tdi_4\" class=\"td-related-left td-cur-simple-item\" data-td_filter_value data-td_block_id=\"tdi_3\" href=\"https:\/\/orasul-timisoara.ro\/local-39872\/\">ARTICOLE SIMILARE<\/a><a id=\"tdi_5\" class=\"td-related-right\" data-td_filter_value=\"td_related_more_from_author\" data-td_block_id=\"tdi_3\" href=\"https:\/\/orasul-timisoara.ro\/local-39872\/\">DE LA ACELA\u0218I AUTOR<\/a><\/h4>\n<div id=\"tdi_3\" class=\"td_block_inner\">\n<div class=\"td-related-row\">\n<div class=\"td-related-span4\">\n<div class=\"td_module_related_posts td-animation-stack td_mod_related_posts\">\n<div class=\"td-module-image\">\n<div class=\"td-module-thumb\"><a href=\"https:\/\/orasul-timisoara.ro\/local-32989\/\" rel=\"bookmark\" class=\"td-image-wrap \" title=\"Aglomera\u021bie la Eviden\u021ba Persoanelor Timi\u0219oara: Program\u0103rile pentru buletine, abia din august\"><img loading=\"lazy\" decoding=\"async\" class=\"entry-thumb\" src=\"https:\/\/orasul-timisoara.ro\/wp-content\/uploads\/2025\/07\/directia-de-evidenta-a-populatiei-tm-436x300.jpg\" alt title=\"Aglomera\u021bie la Eviden\u021ba Persoanelor Timi\u0219oara: Program\u0103rile pentru buletine, abia din august\" width=\"218\" height=\"150\"><\/a><\/div>\n<\/div>\n<div class=\"item-details\">\n<h3 class=\"entry-title td-module-title\"><a href=\"https:\/\/orasul-timisoara.ro\/local-32989\/\" rel=\"bookmark\" title=\"Aglomera\u021bie la Eviden\u021ba Persoanelor Timi\u0219oara: Program\u0103rile pentru buletine, abia din august\">Aglomera\u021bie la Eviden\u021ba Persoanelor Timi\u0219oara: Program\u0103rile pentru buletine, abia din august<\/a><\/h3>\n<\/div>\n<\/div>\n<\/div>\n<div class=\"td-related-span4\">\n<div class=\"td_module_related_posts td-animation-stack td_mod_related_posts\">\n<div class=\"td-module-image\">\n<div class=\"td-module-thumb\"><a href=\"https:\/\/orasul-timisoara.ro\/local-30961\/\" rel=\"bookmark\" class=\"td-image-wrap \" title=\"Ce acte sunt valabile pentru votul la alegerile preziden\u021biale din mai 2025\"><img loading=\"lazy\" decoding=\"async\" class=\"entry-thumb\" src=\"https:\/\/orasul-timisoara.ro\/wp-content\/uploads\/2025\/05\/alegeri-prezidentiale-copy-436x300.jpg\" alt title=\"Ce acte sunt valabile pentru votul la alegerile preziden\u021biale din mai 2025\" width=\"218\" height=\"150\"><\/a><\/div>\n<\/div>\n<div class=\"item-details\">\n<h3 class=\"entry-title td-module-title\"><a href=\"https:\/\/orasul-timisoara.ro\/local-30961\/\" rel=\"bookmark\" title=\"Ce acte sunt valabile pentru votul la alegerile preziden\u021biale din mai 2025\">Ce acte sunt valabile pentru votul la alegerile preziden\u021biale din mai 2025<\/a><\/h3>\n<\/div>\n<\/div>\n<\/div>\n<div class=\"td-related-span4\">\n<div class=\"td_module_related_posts td-animation-stack td_mod_related_posts\">\n<div class=\"td-module-image\">\n<div class=\"td-module-thumb\"><a href=\"https:\/\/orasul-timisoara.ro\/local-13938\/\" rel=\"bookmark\" class=\"td-image-wrap \" title=\"Vom avea cartea de identitate cu cip electronic \u00eencep\u00e2nd cu luna august 2021\"><img loading=\"lazy\" decoding=\"async\" class=\"entry-thumb\" src=\"https:\/\/orasul-timisoara.ro\/wp-content\/uploads\/2021\/03\/macheta-buletin-electronic.jpg\" alt title=\"Vom avea cartea de identitate cu cip electronic \u00eencep\u00e2nd cu luna august 2021\" width=\"218\" height=\"150\"><\/a><\/div>\n<\/div>\n<div class=\"item-details\">\n<h3 class=\"entry-title td-module-title\"><a href=\"https:\/\/orasul-timisoara.ro\/local-13938\/\" rel=\"bookmark\" title=\"Vom avea cartea de identitate cu cip electronic \u00eencep\u00e2nd cu luna august 2021\">Vom avea cartea de identitate cu cip electronic \u00eencep\u00e2nd cu luna august 2021<\/a><\/h3>\n<\/div>\n<\/div>\n<\/div>\n<\/div>\n<\/div>\n<\/div>\n<div class=\"comments\" id=\"comments\">\n<div id=\"respond\" class=\"comment-respond\">\n<h3 id=\"reply-title\" class=\"comment-reply-title\">L\u0102SA\u021aI UN MESAJ<\/h3>\n<div class=\"comment-form-input-wrap td-form-comment\">\n<div class=\"td-warning-comment\">V\u0103 rug\u0103m s\u0103 introduce\u021bi comentariul dvs.!<\/div>\n<\/div>\n<div class=\"comment-form-input-wrap td-form-author\">\n<div class=\"td-warning-author\">Introduce\u021bi aici numele dvs.<\/div>\n<\/div>\n<div class=\"comment-form-input-wrap td-form-email\">\n<div class=\"td-warning-email-error\">A\u021bi introdus o adres\u0103 de e-mail incorect\u0103!<\/div>\n<div class=\"td-warning-email\">V\u0103 rug\u0103m s\u0103 introduce\u021bi adresa dvs. de e-mail aici<\/div>\n<\/div>\n<\/div>\n<p class=\"akismet_comment_form_privacy_notice\">Acest site folose\u0219te Akismet pentru a reduce spamul. <a href=\"https:\/\/akismet.com\/privacy\/\" target=\"_blank\" rel=\"nofollow noopener\">Afl\u0103 cum sunt procesate datele comentariilor tale<\/a>.<\/p>\n<\/div>\n<\/div>\n<\/div>\n<div class=\"td-pb-span4 td-main-sidebar\" role=\"complementary\">\n<div class=\"td-ss-main-sidebar\">\n<aside id=\"block-4\" class=\"td_block_template_8 widget block-4 widget_block widget_media_image\">\n<figure class=\"wp-block-image size-full\"><img loading=\"lazy\" decoding=\"async\" width=\"336\" height=\"280\" src=\"https:\/\/orasul-timisoara.ro\/wp-content\/uploads\/2024\/11\/ReTIM-Abonamentul-Verde-Google-Ads-336x280px.gif\" alt class=\"wp-image-29257\"><\/figure>\n<\/aside>\n<div class=\"td_block_wrap td_block_social_counter td_block_widget tdi_6 td-social-style5 td-social-boxed td-pb-border-top td_block_template_8\">\n<div class=\"td-block-title-wrap\">\n<h4 class=\"td-block-title\"><span>Urm\u0103re\u0219te-ne pe Social Media<\/span><\/h4>\n<\/div>\n<div class=\"td-social-list\">\n<div class=\"td_social_type td-pb-margin-side td_social_facebook\">\n<div class=\"td-social-box\"><span class=\"td_social_info td_social_info_counter\">344,595<\/span><span class=\"td_social_info td_social_info_name\">Fani<\/span><span class=\"td_social_button\"><a href=\"https:\/\/www.facebook.com\/247timisoara\" target=\"_blank\" rel=\"nofollow\">\u00cemi place<\/a><\/span><\/div>\n<\/div>\n<div class=\"td_social_type td-pb-margin-side td_social_instagram\">\n<div class=\"td-social-box\"><span class=\"td_social_info td_social_info_counter\">4,416<\/span><span class=\"td_social_info td_social_info_name\">Cititori<\/span><span class=\"td_social_button\"><a href=\"https:\/\/instagram.com\/orasultimisoararo\/\" target=\"_blank\" rel=\"nofollow\">Conecta\u021bi-v\u0103<\/a><\/span><\/div>\n<\/div>\n<div class=\"td_social_type td-pb-margin-side td_social_rss\">\n<div class=\"td-social-box\"><span class=\"td_social_info td_social_info_counter\">12,506<\/span><span class=\"td_social_info td_social_info_name\">Cititori<\/span><span class=\"td_social_button\"><a href=\"https:\/\/orasul-timisoara.ro\/feed\/\" target=\"_blank\" rel=\"nofollow\">Conecta\u021bi-v\u0103<\/a><\/span><\/div>\n<\/div>\n<div class=\"td_social_type td-pb-margin-side td_social_tiktok\">\n<div class=\"td-social-box\"><span class=\"td_social_info td_social_info_counter\">1,500<\/span><span class=\"td_social_info td_social_info_name\">Cititori<\/span><span class=\"td_social_button\"><a href=\"https:\/\/www.tiktok.com\/@orasultimisoara\" target=\"_blank\" rel=\"nofollow\">Conecta\u021bi-v\u0103<\/a><\/span><\/div>\n<\/div>\n<div class=\"td_social_type td-pb-margin-side td_social_twitter\">\n<div class=\"td-social-box\"><span class=\"td_social_info td_social_info_counter\">1,595<\/span><span class=\"td_social_info td_social_info_name\">Cititori<\/span><span class=\"td_social_button\"><a href=\"https:\/\/twitter.com\/orasultm\" target=\"_blank\" rel=\"nofollow\">Conecta\u021bi-v\u0103<\/a><\/span><\/div>\n<\/div>\n<div class=\"td_social_type td-pb-margin-side td_social_youtube\">\n<div class=\"td-social-box\"><span class=\"td_social_info td_social_info_counter\">3,506<\/span><span class=\"td_social_info td_social_info_name\">Abona\u021bi<\/span><span class=\"td_social_button\"><a href=\"https:\/\/www.youtube.com\/channel\/UCQNsQvs2XCSIm1Z-AHRturw?sub_confirmation=1\" target=\"_blank\" rel=\"nofollow\">Abona\u021bi-v\u0103<\/a><\/span><\/div>\n<\/div>\n<\/div>\n<\/div>\n<aside id=\"text-7\" class=\"td_block_template_8 widget text-7 widget_text\">\n<h4 class=\"td-block-title\"><span>C\u0103ut\u0103ri populare pe OTM<\/span><\/h4>\n<div class=\"textwidget\"><a href=\"https:\/\/orasul-timisoara.ro\/?s=timisoara\"><span>Timisoara<\/span><\/a><a href=\"https:\/\/orasul-timisoara.ro\/?s=calin+dobra\"><span>Calin Dobra<\/span><\/a><a href=\"https:\/\/orasul-timisoara.ro\/?s=primaria+timisoara\"><span>Primaria Timisoara<\/span><\/a><a href=\"https:\/\/orasul-timisoara.ro\/?s=dominic+fritz\"><span>Dominic Fritz<\/span><\/a><a href=\"https:\/\/orasul-timisoara.ro\/?s=nicolae+robu\"><span>Nicolae Robu<\/span><\/a><a href=\"https:\/\/orasul-timisoara.ro\/?s=consiliul+local+timisoara\">Consiliul Local Timisoara<\/a><a href=\"https:\/\/orasul-timisoara.ro\/?s=consiliul+judetean+timis\"><span>Consiliul Judetean Timis<\/span><\/a><a href=\"https:\/\/orasul-timisoara.ro\/?s=cjt\"><span>CJT<\/span><\/a><a href=\"https:\/\/orasul-timisoara.ro\/?s=Alfred+Simonis\"><span>Alfred Simonis<\/span><\/a><a href=\"https:\/\/orasul-timisoara.ro\/?s=PNL\"><span>PNL<\/span><\/a><a href=\"https:\/\/orasul-timisoara.ro\/?s=coronavirus\"><span>coronavirus<\/span><\/a><a href=\"https:\/\/orasul-timisoara.ro\/?s=teatru+timisoara\">teatru Timisoara<\/a><a href=\"https:\/\/orasul-timisoara.ro\/?s=restaurante\"><span>restaurante Timisoara<\/span><\/a><a href=\"https:\/\/orasul-timisoara.ro\/?s=diskoteka\"><span>Diskoteka<\/span><\/a><a href=\"https:\/\/orasul-timisoara.ro\/?s=iulius+town\"><span>Iulius Town<\/span><\/a><a href=\"https:\/\/orasul-timisoara.ro\/?s=iulius+mall\"><span>Iulius Mall<\/span><\/a><a href=\"https:\/\/orasul-timisoara.ro\/?s=stpt\"><span>STPT<\/span><\/a><a href=\"https:\/\/orasul-timisoara.ro\/?s=alin+nica\"><span>Alin Nica<\/span><\/a><a href=\"https:\/\/orasul-timisoara.ro\/?s=psd\"><span>PSD<\/span><\/a><a href=\"https:\/\/orasul-timisoara.ro\/?s=aeroport\"><span>Aeroportul International Timisoara<\/span><\/a><a href=\"https:\/\/orasul-timisoara.ro\/?s=babes\"><span>Spitalul Victor Babes Timisoara<\/span><\/a><a href=\"https:\/\/orasul-timisoara.ro\/?s=poli\"><span>Poli Timi\u0219oara<\/span><\/a><a href=\"https:\/\/orasul-timisoara.ro\/?s=carantina\"><span>carantina<\/span><\/a><a href=\"https:\/\/orasul-timisoara.ro\/?s=aquatim\"><span>Aquatim<\/span><\/a><a href=\"https:\/\/orasul-timisoara.ro\/local-category\/stiri-timisoara\/\"><span>Stiri Timisoara<\/span><\/a><a href=\"https:\/\/orasul-timisoara.ro\/local-category\/investitii-in-timisoara\/\"><span>Investi\u021bii in Timi\u0219oara<\/span><\/a><a href=\"https:\/\/orasul-timisoara.ro\/local-9463\/\"><span>shaorma<\/span><\/a><a href=\"https:\/\/orasul-timisoara.ro\/?s=trafic\"><span>trafic rutier<\/span><\/a><a href=\"https:\/\/orasul-timisoara.ro\/?s=politia\"><span>politia locala timisoara<\/span><\/a><a href=\"https:\/\/orasul-timisoara.ro\/?s=roxana\"><span>Roxana Iliescu<\/span><\/a><a href=\"https:\/\/orasul-timisoara.ro\/?s=colterm\"><span>Colterm<\/span><\/a><a href=\"https:\/\/orasul-timisoara.ro\/?s=latcau\"><span>Ruben La\u021bc\u0103u<\/span><\/a><a href=\"https:\/\/orasul-timisoara.ro\/?s=timis\"><span>\u0218tiri din Timi\u0219<\/span><\/a><a href=\"https:\/\/orasul-timisoara.ro\/?s=spital\"><span>Spitale din Timi\u0219oara<\/span><\/a><a href=\"https:\/\/orasul-timisoara.ro\/?s=tabara\"><span>Cosmin Tab\u0103r\u0103<\/span><\/a><\/div>\n<\/aside>\n<aside id=\"rss-2\" class=\"td_block_template_8 widget rss-2 widget_rss\">\n<h4 class=\"td-block-title\"><span><a class=\"rsswidget rss-widget-feed\" href=\"https:\/\/fashionfridays.ro\/feed\"><img decoding=\"async\" class=\"rss-widget-icon\" width=\"14\" height=\"14\" src=\"https:\/\/orasul-timisoara.ro\/wp-includes\/images\/rss.png\" alt=\"RSS\" loading=\"lazy\"><\/a><a class=\"rsswidget rss-widget-title\" href=\"https:\/\/fashionfridays.ro\/\">Fashion Fridays<\/a><\/span><\/h4>\n<ul>\n<li><a class=\"rsswidget\" href=\"https:\/\/fashionfridays.ro\/romania-devine-a-29-a-piata-vogue-o-noua-era-pentru-industria-locala-de-moda\/\">Rom\u00e2nia devine a 29-a pia\u021b\u0103 Vogue: o nou\u0103 er\u0103 pentru industria local\u0103 de mod\u0103<\/a>\n<div class=\"rssSummary\">Revista Vogue \u00ee\u0219i extinde prezen\u021ba global\u0103 \u0219i va fi lansat\u0103 oficial \u00een Rom\u00e2nia \u00een prim\u0103vara anului 2027, marc\u00e2nd intrarea pe cea de-a 29-a pia\u021b\u0103 interna\u021bional\u0103. Proiectul este realizat \u00een parteneriat cu AEMME Publishing, o companie media recent \u00eenfiin\u021bat\u0103, care va publica edi\u021bia local\u0103 sub licen\u021b\u0103. Noua edi\u021bie, Vogue Rom\u00e2nia, \u00ee\u0219i propune s\u0103 combine autoritatea global\u0103 [\u2026]<\/div>\n<\/li>\n<\/ul>\n<\/aside>\n<aside id=\"rss-4\" class=\"td_block_template_8 widget rss-4 widget_rss\">\n<h4 class=\"td-block-title\"><span><a class=\"rsswidget rss-widget-feed\" href=\"https:\/\/emasini.ro\/feed\"><img decoding=\"async\" class=\"rss-widget-icon\" width=\"14\" height=\"14\" src=\"https:\/\/orasul-timisoara.ro\/wp-includes\/images\/rss.png\" alt=\"RSS\" loading=\"lazy\"><\/a><a class=\"rsswidget rss-widget-title\" href=\"https:\/\/emasini.ro\/\">eMasini<\/a><\/span><\/h4>\n<ul>\n<li><a class=\"rsswidget\" href=\"https:\/\/emasini.ro\/bmw-testeaza-noul-i4-convertible-primul-cabrio-electric-accesibil-al-marcii\/\">BMW testeaz\u0103 noul i4 Convertible, primul cabrio electric accesibil al m\u0103rcii<\/a>\n<div class=\"rssSummary\">BMW accelereaz\u0103 dezvoltarea noii genera\u021bii de modele electrice bazate pe platforma Neue Klasse, iar unul dintre cele mai interesante proiecte aflate \u00een teste este viitorul BMW i4 Convertible. Prototipul camuflat a fost surprins pe \u0219osele, confirm\u00e2nd c\u0103 produc\u0103torul german preg\u0103te\u0219te o decapotabil\u0103 electric\u0103 destinat\u0103 unui segment \u00een care oferta este, \u00een prezent, extrem de limitat\u0103. [\u2026]<\/div>\n<\/li>\n<\/ul>\n<\/aside>\n<\/div>\n<\/div>\n<\/div>\n<\/div>\n<\/article>\n<div class=\"td-post-content tagdiv-type\">\n<p class=\"wp-block-paragraph\">\u00cencep\u00e2nd cu <strong>1 august 2026<\/strong>, emiterea c\u0103r\u021bii de identitate \u00een formatul clasic, model 1997, va fi restr\u00e2ns\u0103 semnificativ. Serviciul Public Comunitar Local de Eviden\u021b\u0103 a Persoanelor anun\u021b\u0103 c\u0103 acest tip de document va mai putea fi solicitat doar \u00een situa\u021bii expres prev\u0103zute, \u00een conformitate cu dispozi\u021biile Direc\u021biei Generale pentru Eviden\u021ba Persoanelor.<\/p>\n<p class=\"wp-block-paragraph\">M\u0103sura face parte din procesul de tranzi\u021bie c\u0103tre noile documente de identitate, respectiv <strong>Cartea Electronic\u0103 de Identitate (CEI)<\/strong> \u0219i <strong>Cartea de Identitate Simpl\u0103 (CIS)<\/strong>, care sunt introduse treptat la nivel na\u021bional.<\/p>\n<h2 class=\"wp-block-heading\">\u00cen ce situa\u021bii mai poate fi solicitat\u0103 cartea de identitate model 1997<\/h2>\n<p class=\"wp-block-paragraph\">Dup\u0103 data de 1 august, autorit\u0103\u021bile vor prelua cereri pentru emiterea c\u0103r\u021bii de identitate model 1997 doar \u00een dou\u0103 cazuri speciale.<\/p>\n<p class=\"wp-block-paragraph\">Primul se refer\u0103 la cererile depuse la <strong>misiunile diplomatice<\/strong> sau <strong>oficiile consulare ale Rom\u00e2niei din str\u0103in\u0103tate<\/strong>, care sunt transmise ulterior prin Direc\u021bia General\u0103 pentru Eviden\u021ba Persoanelor.<\/p>\n<p class=\"wp-block-paragraph\">Al doilea caz vizeaz\u0103 cererile depuse prin intermediul unei persoane \u00eemputernicite, \u00een baza unei <strong>procuri speciale<\/strong> emise de o misiune diplomatic\u0103 sau de un oficiu consular al Rom\u00e2niei din str\u0103in\u0103tate.<\/p>\n<p class=\"wp-block-paragraph\">\u00cen afara acestor situa\u021bii, solicit\u0103rile pentru emiterea c\u0103r\u021bii de identitate \u00een formatul vechi nu vor mai fi preluate.<\/p>\n<h2 class=\"wp-block-heading\">Solu\u021bii pentru persoanele care nu se pot deplasa<\/h2>\n<p class=\"wp-block-paragraph\">Serviciul Public Comunitar Local de Eviden\u021b\u0103 a Persoanelor precizeaz\u0103 c\u0103 persoanele care, din motive medicale, nu se pot prezenta la sediul institu\u021biei pot solicita emiterea <strong>C\u0103r\u021bii Electronice de Identitate (CEI)<\/strong> sau a <strong>C\u0103r\u021bii de Identitate Simple (CIS)<\/strong>.<\/p>\n<p class=\"wp-block-paragraph\">\u00cen aceste cazuri, autorit\u0103\u021bile pot utiliza <strong>sta\u021bia mobil\u0103<\/strong> pentru preluarea documentelor necesare \u0219i a datelor biometrice direct la domiciliul solicitantului sau \u00een locul \u00een care acesta se afl\u0103.<\/p>\n<p class=\"wp-block-paragraph\">Aceast\u0103 procedur\u0103 este disponibil\u0103 \u0219i pentru persoanele internate \u00een unit\u0103\u021bi sanitare, g\u0103zduite \u00een institu\u021bii de protec\u021bie sau \u00een centre de servicii sociale.<\/p>\n<h2 class=\"wp-block-heading\">Cum se depun solicit\u0103rile pentru persoanele nedeplasabile<\/h2>\n<p class=\"wp-block-paragraph\">Pentru persoanele care nu se pot deplasa, cererea privind eliberarea <strong>C\u0103r\u021bii Electronice de Identitate<\/strong> trebuie depus\u0103 de un apar\u021bin\u0103tor.<\/p>\n<p class=\"wp-block-paragraph\">Solicitarea se depune la <strong>Camera 9 a Prim\u0103riei<\/strong>, f\u0103r\u0103 programare prealabil\u0103 \u0219i f\u0103r\u0103 bon de ordine.<\/p>\n<p class=\"wp-block-paragraph\">Apar\u021bin\u0103torul trebuie s\u0103 prezinte documentul medical care atest\u0103 imposibilitatea deplas\u0103rii solicitantului, precum \u0219i actele necesare pentru emiterea documentului de identitate, \u00een original.<\/p>\n<h2 class=\"wp-block-heading\">Ce se \u00eent\u00e2mpl\u0103 cu cererile depuse p\u00e2n\u0103 la 31 iulie<\/h2>\n<p class=\"wp-block-paragraph\">Autorit\u0103\u021bile precizeaz\u0103 c\u0103 toate solicit\u0103rile \u00eenregistrate <strong>p\u00e2n\u0103 la 31 iulie 2026 inclusiv<\/strong> vor fi solu\u021bionate potrivit op\u021biunii exprimate de solicitant.<\/p>\n<p class=\"wp-block-paragraph\">Astfel, persoanele care depun cererea \u00eenainte de intrarea \u00een vigoare a noilor reguli vor primi actul de identitate solicitat, inclusiv cartea de identitate model 1997, dac\u0103 aceasta a fost aleas\u0103 la momentul depunerii documenta\u021biei.<\/p>\n<p class=\"wp-block-paragraph\">Noile m\u0103suri marcheaz\u0103 o nou\u0103 etap\u0103 \u00een procesul de modernizare a sistemului de eviden\u021b\u0103 a persoanelor, autorit\u0103\u021bile orient\u00e2ndu-se c\u0103tre utilizarea noilor documente de identitate, care ofer\u0103 func\u021bionalit\u0103\u021bi suplimentare \u0219i un nivel mai ridicat de securitate.<\/p>\n<\/div>\n<p>[analyse_source url=&#8221;https:\/\/orasul-timisoara.ro\/local-39872\/&#8221;]<\/p>\n","protected":false},"excerpt":{"rendered":"<p>[analyse_image type=&#8221;featured&#8221; src=&#8221;https:\/\/orasul-timisoara.ro\/wp-content\/uploads\/2026\/07\/carte-de-identitate-veche.jpg&#8221;] \u0218tiri na\u021bionale \u0219i interna\u021bionaleCartea de identitate veche dispare treptat. Cine o mai poate solicita dup\u0103&#8230; \u0218tiri na\u021bionale \u0219i interna\u021bionale Cartea de identitate veche dispare treptat. Cine o mai poate solicita dup\u0103 1 august De c\u0103tre redactia &#8211; 28\/07\/2026 Facebook Twitter WhatsApp Linkedin ReddIt Email Imprimare \u00cencep\u00e2nd cu 1 august 2026, emiterea c\u0103r\u021bii [&hellip;]<\/p>\n","protected":false},"author":1,"featured_media":0,"comment_status":"open","ping_status":"","sticky":false,"template":"","format":"standard","meta":{"footnotes":""},"categories":[89],"tags":[226,189],"class_list":["post-2070280","post","type-post","status-publish","format-standard","hentry","category-romania","tag-crawlmanager","tag-orasul-timisoara-ro"],"_links":{"self":[{"href":"https:\/\/analyse.optim.biz\/index.php?rest_route=\/wp\/v2\/posts\/2070280","targetHints":{"allow":["GET"]}}],"collection":[{"href":"https:\/\/analyse.optim.biz\/index.php?rest_route=\/wp\/v2\/posts"}],"about":[{"href":"https:\/\/analyse.optim.biz\/index.php?rest_route=\/wp\/v2\/types\/post"}],"author":[{"embeddable":true,"href":"https:\/\/analyse.optim.biz\/index.php?rest_route=\/wp\/v2\/users\/1"}],"replies":[{"embeddable":true,"href":"https:\/\/analyse.optim.biz\/index.php?rest_route=%2Fwp%2Fv2%2Fcomments&post=2070280"}],"version-history":[{"count":0,"href":"https:\/\/analyse.optim.biz\/index.php?rest_route=\/wp\/v2\/posts\/2070280\/revisions"}],"wp:attachment":[{"href":"https:\/\/analyse.optim.biz\/index.php?rest_route=%2Fwp%2Fv2%2Fmedia&parent=2070280"}],"wp:term":[{"taxonomy":"category","embeddable":true,"href":"https:\/\/analyse.optim.biz\/index.php?rest_route=%2Fwp%2Fv2%2Fcategories&post=2070280"},{"taxonomy":"post_tag","embeddable":true,"href":"https:\/\/analyse.optim.biz\/index.php?rest_route=%2Fwp%2Fv2%2Ftags&post=2070280"}],"curies":[{"name":"wp","href":"https:\/\/api.w.org\/{rel}","templated":true}]}}