{"id":2070234,"date":"2026-07-30T16:53:18","date_gmt":"2026-07-30T13:53:18","guid":{"rendered":"https:\/\/analyse.optim.biz\/?p=2070234"},"modified":"2026-07-30T16:53:18","modified_gmt":"2026-07-30T13:53:18","slug":"inca-trei-autosanitare-pentru-serviciul-judetean-de-ambulanta-suceava-mihaela-ianovici-autosanitarele-vor-contribui-la-cresterea-capacitatii-de-interventie-si-la-asigurarea-unor-servicii-medicale-de","status":"publish","type":"post","link":"https:\/\/analyse.optim.biz\/?p=2070234","title":{"rendered":"\u00cenc\u0103 trei autosanitare pentru Serviciul Jude\u021bean de Ambulan\u021b\u0103 Suceava. Mihaela Ianovici: Autosanitarele vor contribui la cre\u0219terea capacit\u0103\u021bii de interven\u021bie \u0219i la asigurarea unor servicii medicale de urgen\u021b\u0103 mai rapide"},"content":{"rendered":"<p>[analyse_image type=&#8221;featured&#8221; src=&#8221;https:\/\/www.radiotop.ro\/img\/media\/2026\/07\/ambulanta-personal-cluj.jpg&#8221;]<\/p>\n<div class=\"entry-content no-share\">\n<div class=\"content-inner \">\n<div class=\"jeg_preview_slider gallery_1\" data-selector=\"gallery_1\">\n<div class=\"jeg_preview_holder\">\n<div class=\"jeg_preview_media\">\n<div class=\"jeg_preview_media_holder\">\n<h3>\u00a0<\/h3>\n<div class=\"jeg_preview_control\">\n<div class=\"left_control\">\n<div class=\"counter\"><span class=\"current\">1<\/span> of  1<\/div>\n<\/div>\n<div class=\"zoom\"><span class=\"reduce\">&#8211;<\/span><span class=\"increase\">+<\/span><\/div>\n<\/div>\n<\/div>\n<\/div>\n<div class=\"jeg_preview_bottom_slider\"><a data-id=\"0\" data-title data-image=\"https:\/\/www.radiotop.ro\/img\/media\/2026\/07\/ambulanta-ianovici.jpg\" href=\"https:\/\/www.radiotop.ro\/img\/media\/2026\/07\/ambulanta-ianovici.jpg\" class=\"jeg_preview_item active\"><\/p>\n<div class=\"jeg_preview_item_thumbnail\"><img loading=\"lazy\" decoding=\"async\" width=\"120\" height=\"86\" src=\"https:\/\/www.radiotop.ro\/img\/media\/2026\/07\/ambulanta-ianovici-120x86.jpg\" class=\"attachment-jnews-120x86 size-jnews-120x86\" alt><\/div>\n<p><\/a><\/div>\n<\/div>\n<\/div>\n<p>Ast\u0103zi, o echip\u0103 a Serviciului de Ambulan\u021b\u0103 Jude\u021bean Suceava s-a deplasat la Cluj-Napoca pentru recep\u021bionarea ultimelor trei autosanitare destinate \u00eennoirii parcului auto al institu\u021biei. Prin aceast\u0103 recep\u021bie se finalizeaz\u0103 procesul de modernizare a flotei de interven\u021bie a SAJ Suceava, care num\u0103r\u0103 \u00een prezent 27 de autosanitare noi, dintre care trei autosanitare de tip C \u0219i 24 de autosanitare de tip B.<\/p>\n<p>\u00cen comunicatul managerului SAJ Suceava, Mihaela Ianovici, se mai spune: \u201dNoile autosanitare, echipate la cele mai \u00eenalte standarde, vor contribui la cre\u0219terea capacit\u0103\u021bii de interven\u021bie \u0219i la asigurarea unor servicii medicale de urgen\u021b\u0103 mai rapide, mai sigure \u0219i mai eficiente pentru locuitorii jude\u021bului Suceava\u201d.<\/p>\n<p>Doamna Ianovici \u201dadreseaz\u0103 sincere mul\u021bumiri tuturor institu\u021biilor \u0219i persoanelor implicate \u00een derularea acestui demers, precum \u0219i tuturor celor care au contribuit la modernizarea parcului auto al institu\u021biei.<\/p>\n<p>Cu deosebit respect, pe aceast\u0103 cale, managerul mul\u021bume\u0219te \u0219i colegilor din cadrul SAJ Suceava care au participat la cursurile de instruire \u0219i preg\u0103tire necesare pentru operarea noilor autosanitare, apreciind profesionalismul, implicarea \u0219i dedicarea de care au dat dovad\u0103\u201d.<\/p>\n<\/div>\n<\/div>\n<div class=\"content-inner \">\n<div class=\"jeg_preview_slider gallery_1\" data-selector=\"gallery_1\">\n<div class=\"jeg_preview_holder\">\n<div class=\"jeg_preview_media\">\n<div class=\"jeg_preview_media_holder\">\n<h3>\u00a0<\/h3>\n<div class=\"jeg_preview_control\">\n<div class=\"left_control\">\n<div class=\"counter\"><span class=\"current\">1<\/span> of  1<\/div>\n<\/div>\n<div class=\"zoom\"><span class=\"reduce\">&#8211;<\/span><span class=\"increase\">+<\/span><\/div>\n<\/div>\n<\/div>\n<\/div>\n<div class=\"jeg_preview_bottom_slider\"><a data-id=\"0\" data-title data-image=\"https:\/\/www.radiotop.ro\/img\/media\/2026\/07\/ambulanta-ianovici.jpg\" href=\"https:\/\/www.radiotop.ro\/img\/media\/2026\/07\/ambulanta-ianovici.jpg\" class=\"jeg_preview_item active\"><\/p>\n<div class=\"jeg_preview_item_thumbnail\"><img loading=\"lazy\" decoding=\"async\" width=\"120\" height=\"86\" src=\"https:\/\/www.radiotop.ro\/img\/media\/2026\/07\/ambulanta-ianovici-120x86.jpg\" class=\"attachment-jnews-120x86 size-jnews-120x86\" alt><\/div>\n<p><\/a><\/div>\n<\/div>\n<\/div>\n<p>Ast\u0103zi, o echip\u0103 a Serviciului de Ambulan\u021b\u0103 Jude\u021bean Suceava s-a deplasat la Cluj-Napoca pentru recep\u021bionarea ultimelor trei autosanitare destinate \u00eennoirii parcului auto al institu\u021biei. Prin aceast\u0103 recep\u021bie se finalizeaz\u0103 procesul de modernizare a flotei de interven\u021bie a SAJ Suceava, care num\u0103r\u0103 \u00een prezent 27 de autosanitare noi, dintre care trei autosanitare de tip C \u0219i 24 de autosanitare de tip B.<\/p>\n<p>\u00cen comunicatul managerului SAJ Suceava, Mihaela Ianovici, se mai spune: \u201dNoile autosanitare, echipate la cele mai \u00eenalte standarde, vor contribui la cre\u0219terea capacit\u0103\u021bii de interven\u021bie \u0219i la asigurarea unor servicii medicale de urgen\u021b\u0103 mai rapide, mai sigure \u0219i mai eficiente pentru locuitorii jude\u021bului Suceava\u201d.<\/p>\n<p>Doamna Ianovici \u201dadreseaz\u0103 sincere mul\u021bumiri tuturor institu\u021biilor \u0219i persoanelor implicate \u00een derularea acestui demers, precum \u0219i tuturor celor care au contribuit la modernizarea parcului auto al institu\u021biei.<\/p>\n<p>Cu deosebit respect, pe aceast\u0103 cale, managerul mul\u021bume\u0219te \u0219i colegilor din cadrul SAJ Suceava care au participat la cursurile de instruire \u0219i preg\u0103tire necesare pentru operarea noilor autosanitare, apreciind profesionalismul, implicarea \u0219i dedicarea de care au dat dovad\u0103\u201d.<\/p>\n<\/div>\n<p>[analyse_source url=&#8221;https:\/\/www.radiotop.ro\/sanatate\/inca-trei-autosanitare-pentru-serviciul-judetean-de-ambulanta-suceava-mihaela-ianovici-autosanitarele-vor-contribui-la-cresterea-capacitatii-de-interventie-si-la-asigurarea-unor-servicii-medicale-de.html&#8221;]<\/p>\n","protected":false},"excerpt":{"rendered":"<p>[analyse_image type=&#8221;featured&#8221; src=&#8221;https:\/\/www.radiotop.ro\/img\/media\/2026\/07\/ambulanta-personal-cluj.jpg&#8221;] \u00a0 1 of 1 &#8211;+ Ast\u0103zi, o echip\u0103 a Serviciului de Ambulan\u021b\u0103 Jude\u021bean Suceava s-a deplasat la Cluj-Napoca pentru recep\u021bionarea ultimelor trei autosanitare destinate \u00eennoirii parcului auto al institu\u021biei. Prin aceast\u0103 recep\u021bie se finalizeaz\u0103 procesul de modernizare a flotei de interven\u021bie a SAJ Suceava, care num\u0103r\u0103 \u00een prezent 27 de autosanitare noi, [&hellip;]<\/p>\n","protected":false},"author":1,"featured_media":0,"comment_status":"open","ping_status":"","sticky":false,"template":"","format":"standard","meta":{"footnotes":""},"categories":[89],"tags":[226,163],"class_list":["post-2070234","post","type-post","status-publish","format-standard","hentry","category-romania","tag-crawlmanager","tag-radiotop-ro"],"_links":{"self":[{"href":"https:\/\/analyse.optim.biz\/index.php?rest_route=\/wp\/v2\/posts\/2070234","targetHints":{"allow":["GET"]}}],"collection":[{"href":"https:\/\/analyse.optim.biz\/index.php?rest_route=\/wp\/v2\/posts"}],"about":[{"href":"https:\/\/analyse.optim.biz\/index.php?rest_route=\/wp\/v2\/types\/post"}],"author":[{"embeddable":true,"href":"https:\/\/analyse.optim.biz\/index.php?rest_route=\/wp\/v2\/users\/1"}],"replies":[{"embeddable":true,"href":"https:\/\/analyse.optim.biz\/index.php?rest_route=%2Fwp%2Fv2%2Fcomments&post=2070234"}],"version-history":[{"count":0,"href":"https:\/\/analyse.optim.biz\/index.php?rest_route=\/wp\/v2\/posts\/2070234\/revisions"}],"wp:attachment":[{"href":"https:\/\/analyse.optim.biz\/index.php?rest_route=%2Fwp%2Fv2%2Fmedia&parent=2070234"}],"wp:term":[{"taxonomy":"category","embeddable":true,"href":"https:\/\/analyse.optim.biz\/index.php?rest_route=%2Fwp%2Fv2%2Fcategories&post=2070234"},{"taxonomy":"post_tag","embeddable":true,"href":"https:\/\/analyse.optim.biz\/index.php?rest_route=%2Fwp%2Fv2%2Ftags&post=2070234"}],"curies":[{"name":"wp","href":"https:\/\/api.w.org\/{rel}","templated":true}]}}