{"id":207020,"date":"2014-04-25T21:34:47","date_gmt":"2014-04-25T18:34:47","guid":{"rendered":"https:\/\/analyse.optim.biz\/?p=207020"},"modified":"2014-04-25T21:34:47","modified_gmt":"2014-04-25T18:34:47","slug":"baronii-ar-putea-scapa-de-anchete-presedintele-spune-ca-legea-este-buna","status":"publish","type":"post","link":"https:\/\/analyse.optim.biz\/?p=207020","title":{"rendered":"Baronii ar putea sc\u0103pa de anchete. Pre\u0219edintele spune c\u0103 legea este bun\u0103"},"content":{"rendered":"<div class=\"entry data-app-meta data-app-meta-article\" data-embed-base-url-canonical=\"https:\/\/www.digi24.ro\/embed\/stiri\/actualitate\/politica\/baronii-ar-putea-scapa-de-anchete-presedintele-spune-ca-legea-este-buna-234864\">\n<p data-index=\"1\">\u201e\u00cen\u0163eleg c\u0103 se reduce spectacolul arest\u0103rilor. (&#8230;) Primarii sunt victime sigure. (&#8230;) Eu am avut \u0219ans\u0103, dar m-au costat foarte mult avoca\u021bii. (&#8230;) \u00cen condi\u0163iile \u00een care, func\u0163ionarii, \u015ftiind c\u0103 nimeni nu le face nimic, c\u0103 primarul semneaz\u0103 \u015fi r\u0103spunde, mergeau cu BMW-ul \u015fi primarul semna\u201d, a declarat pre\u0219edintele. \u201eNu este un lucru r\u0103u \u0219i nu-i va feri pe ho\u021bi de procurori\u201d, a asigurat Traian B\u0103sescu.<\/p>\n<p data-index=\"2\">Modificarea legii administra\u0163iei publice locale a trecut de Parlament \u015fi a fost promulgat\u0103 de pre\u015fedintele Traian B\u0103sescu. Ini\u0163iativa a doi senatori social-democra\u0163i, <strong>Gabriela Firea \u015fi Darius V\u00e2lcov<\/strong>, textul prevede posibilitatea ca primarii s\u0103-\u0219i delege atribu\u0163iile viceprimarului, secretarului, func\u0163ionarilor care conduc departamente \u015fi \u015fefilor serviciilor publice de interes local. Acela\u015fi principiu se aplic\u0103 \u015fi \u015fefilor de consilii jude\u0163ene, care \u00ee\u015fi pot transfera atribu\u0163iile vicepre\u015fedin\u0163ilor, func\u0163ionarilor din cadrul consiliului \u015fi conduc\u0103torilor institu\u0163iilor publice de interes jude\u0163ean.<\/p>\n<p data-index=\"3\">Ce \u00eenseamn\u0103, practic, acest lucru? C\u0103 primarii \u015fi \u015fefii de consilii jude\u0163ene scap\u0103 de incompatibilit\u0103\u0163i. \u015ei vor putea da, f\u0103r\u0103 probleme, contracte publice propriilor firme.<\/p>\n<p data-index=\"4\"><strong>Legea 215\/2001:<\/strong><\/p>\n<p data-index=\"5\">Art. 65 \u201ePrimarul poate delega atribu\u0163iile (&#8230;) viceprimarului, secretarului, conduc\u0103torilor compartimentelor sau personalului din aparatul de specialitate, precum \u015fi conduc\u0103torilor serviciilor publice de interes local\u201d.<\/p>\n<p data-index=\"6\"><strong>Legea 215\/2001:<\/strong><\/p>\n<p data-index=\"7\">Art. 104, alin. (7) \u201ePre\u015fedintele consiliului jude\u0163ean poate delega atribu\u0163iile vicepre\u015fedin\u0163ilor, conduc\u0103torilor compartimentelor sau personalului din aparatul de specialitate, precum \u015fi conduc\u0103torilor serviciilor publice de interes jude\u0163ean\u201d.<\/p>\n<p data-index=\"8\">Unul dintre ini\u0163iatori dezminte faptul c\u0103 ar fi avut inten\u0163ia de a-i sc\u0103pa pe ale\u015fii locali \u015fi jude\u0163eni de anchetele DNA. <strong>Gabriela Firea<\/strong> sus\u0163ine c\u0103 primarii nu pot semna documenta\u0163ii tehnice, avize \u015fi certificate de urbanism. \u201eLegea nu condi\u0163ioneaz\u0103 ca primarul s\u0103 aib\u0103 studii de specialitate, \u00eentr-un anumit domeniu, care s\u0103-i permit\u0103 s\u0103 verifice documentele pe care le semneaz\u0103&#8230; ca primarul&#8221;, mai spune so\u021bia primarului din Voluntari \u00eentr-un comunicat de pres\u0103.<\/p>\n<h5>Harta baronilor locali cu probleme<\/h5>\n<p data-index=\"9\"><img decoding=\"async\" src=\"https:\/\/analyse.optim.biz\/wp-content\/uploads\/2024\/09\/y2vhmmeyy2rmzty0mze2zjg4odlin2uwmzi4odi-thumb_.jpg\" data-skip-htmlfix=\"1\" title=\"y2vhmmeyy2rmzty0mze2zjg4odlin2uwmzi4odi-thumb_\">Legea vine, \u00eens\u0103, \u00eentr-un context care ridic\u0103 semne de \u00eentrebare. Din ce \u00een ce mai mul\u0163i fo\u0219ti \u0219i actuali pre\u015fedin\u0163i de consilii jude\u0163ene sunt cerceta\u0163i penal de c\u0103tre DNA sau chiar trimi\u015fi \u00een judecat\u0103. Mai precis, 11:<\/p>\n<p data-index=\"10\"><strong>Mircea Cosma<\/strong> &#8211; \u015feful Consiliului Jude\u0163ean Prahova<\/p>\n<p data-index=\"11\"><strong>Nicu\u015for Constantinescu<\/strong> &#8211; pre\u015fedintele Consiliului Jude\u0163ean Constan\u0163a <\/p>\n<p data-index=\"12\"><strong>Constantin Nicolescu<\/strong> &#8211; \u0219eful Consiliului Jude\u0163ean Arge\u015f<\/p>\n<p data-index=\"13\"><strong>Liviu Dragnea<\/strong> &#8211; fost pre\u015fedinte al Consiliului Jude\u0163ean Teleorman, actual vicepremier <\/p>\n<p data-index=\"14\"><strong>Ion Prioteasa<\/strong> &#8211; \u015feful CJ Dolj <\/p>\n<p data-index=\"15\"><strong>Marian Opri\u015fan<\/strong> &#8211; pre\u015fedinte al Consiliului Jude\u0163ean Vrancea <\/p>\n<p data-index=\"16\"><strong>Gheorghe Bunea Stancu<\/strong> &#8211; pre\u015fedintele CJ Br\u0103ila <\/p>\n<p data-index=\"17\"><strong>Florin \u0162urcanu<\/strong> &#8211; \u015feful CJ Boto\u015fani<\/p>\n<p data-index=\"18\"><strong>Borboly Csaba<\/strong> \u2013 pre\u0219edintele CJ Harghita <\/p>\n<p data-index=\"19\"><strong>Ioan Cindrea<\/strong> \u2013 pre\u0219edinte Consiliului Jude\u021bean Sibiu <\/p>\n<p data-index=\"20\"><strong>Alexandru Kiss<\/strong> \u2013 vicepre\u0219edinte al CJ Bihor.<\/p>\n<\/div>\n<p> Source URL: https:\/\/www.digi24.ro\/stiri\/actualitate\/politica\/baronii-ar-putea-scapa-de-anchete-presedintele-spune-ca-legea-este-buna-234864<\/p>\n","protected":false},"excerpt":{"rendered":"<p>\u201e\u00cen\u0163eleg c\u0103 se reduce spectacolul arest\u0103rilor. (&#8230;) Primarii sunt victime sigure. (&#8230;) Eu am avut \u0219ans\u0103, dar m-au costat foarte mult avoca\u021bii. (&#8230;) \u00cen condi\u0163iile \u00een care, func\u0163ionarii, \u015ftiind c\u0103 nimeni nu le face nimic, c\u0103 primarul semneaz\u0103 \u015fi r\u0103spunde, mergeau cu BMW-ul \u015fi primarul semna\u201d, a declarat pre\u0219edintele. \u201eNu este un lucru r\u0103u \u0219i [&hellip;]<\/p>\n","protected":false},"author":1,"featured_media":207021,"comment_status":"open","ping_status":"","sticky":false,"template":"","format":"standard","meta":{"footnotes":""},"categories":[2],"tags":[11],"class_list":["post-207020","post","type-post","status-publish","format-standard","has-post-thumbnail","hentry","category-politics","tag-digi24"],"_links":{"self":[{"href":"https:\/\/analyse.optim.biz\/index.php?rest_route=\/wp\/v2\/posts\/207020","targetHints":{"allow":["GET"]}}],"collection":[{"href":"https:\/\/analyse.optim.biz\/index.php?rest_route=\/wp\/v2\/posts"}],"about":[{"href":"https:\/\/analyse.optim.biz\/index.php?rest_route=\/wp\/v2\/types\/post"}],"author":[{"embeddable":true,"href":"https:\/\/analyse.optim.biz\/index.php?rest_route=\/wp\/v2\/users\/1"}],"replies":[{"embeddable":true,"href":"https:\/\/analyse.optim.biz\/index.php?rest_route=%2Fwp%2Fv2%2Fcomments&post=207020"}],"version-history":[{"count":0,"href":"https:\/\/analyse.optim.biz\/index.php?rest_route=\/wp\/v2\/posts\/207020\/revisions"}],"wp:featuredmedia":[{"embeddable":true,"href":"https:\/\/analyse.optim.biz\/index.php?rest_route=\/wp\/v2\/media\/207021"}],"wp:attachment":[{"href":"https:\/\/analyse.optim.biz\/index.php?rest_route=%2Fwp%2Fv2%2Fmedia&parent=207020"}],"wp:term":[{"taxonomy":"category","embeddable":true,"href":"https:\/\/analyse.optim.biz\/index.php?rest_route=%2Fwp%2Fv2%2Fcategories&post=207020"},{"taxonomy":"post_tag","embeddable":true,"href":"https:\/\/analyse.optim.biz\/index.php?rest_route=%2Fwp%2Fv2%2Ftags&post=207020"}],"curies":[{"name":"wp","href":"https:\/\/api.w.org\/{rel}","templated":true}]}}