{"id":2070130,"date":"2026-07-29T00:00:00","date_gmt":"2026-07-28T21:00:00","guid":{"rendered":"https:\/\/analyse.optim.biz\/?p=2070130"},"modified":"2026-07-29T00:00:00","modified_gmt":"2026-07-28T21:00:00","slug":"mozaic-stiri-nationale-paul-de-romania-bun-de-impachetat-si-trimis-acasa","status":"publish","type":"post","link":"https:\/\/analyse.optim.biz\/?p=2070130","title":{"rendered":"MOZAIC \u0218TIRI NA\u021aIONALE: Paul de Rom\u00e2nia, bun de \u201e\u00eempachetat\u201d \u0219i trimis acas\u0103"},"content":{"rendered":"<p>[analyse_image type=&#8221;featured&#8221; src=&#8221;https:\/\/zdvi.cname.ro\/_\/mozaic-Stiri-naTionale-paul-de-romania-bun-de-impachetat-si-trimis-acasa\/mediaPool\/uvtGPut.jpeg&#8221;]<\/p>\n<div class=\"main-content detaliu-articol\"><a class=\"titlu-cat-list\" href=\"https:\/\/ziaruldevrancea.ro\/actualitatea\/national\">Na\u021bional<\/a><\/p>\n<h1>MOZAIC \u0218TIRI NA\u021aIONALE: Paul de Rom\u00e2nia, bun de \u201e\u00eempachetat\u201d \u0219i trimis acas\u0103<\/h1>\n<div class=\"date-articol clearfix\">\n<div class=\"distribuie-articol dropdown\">\n    Distribuie: \u00a0<br \/>\n    <em>|<\/em><\/div>\n<div class=\"autor-articol\"><a href=\"https:\/\/ziaruldevrancea.ro\/autor\/radu-tomescu\/\"><img decoding=\"async\" class=\"img-circle\" src=\"https:\/\/zdvi.cname.ro\/50_50\/articleAuthor\/radu-tomescu\/articleAuthor\/ucx2Ggg.PNG\" alt><\/a><\/p>\n<h5><a href=\"https:\/\/ziaruldevrancea.ro\/autor\/radu-tomescu\/\">Radu Tomescu<\/a><\/h5>\n<div class=\"grup-spatiere\"><span class=\"cu-spatiere\">29 iul 2026<\/span><span class=\"cu-spatiere\">100 vizualiz\u0103ri<\/span><\/div>\n<\/div>\n<\/div>\n<div class=\"poza-mare\"><a href class=\"openGallery\"><img decoding=\"async\" class=\"img-responsive\" src=\"https:\/\/zdvi.cname.ro\/850_530\/mozaic-Stiri-naTionale-paul-de-romania-bun-de-impachetat-si-trimis-acasa\/article\/mediaPool\/uvtGPut.jpeg\" alt><\/a><\/div>\n<p>Curtea de Casa\u0163ie a Fran\u0163ei a respins recursul lui Paul de Rom\u00e2nia \u00eempotriva hot\u0103r\u00e2rii Cur\u0163ii de apel Paris care a decis predarea sa c\u0103tre Rom\u00e2nia pentru executarea pedepsei n decizia este definitiv\u0103<\/p>\n<p>Curtea de Casa\u0163ie a Fran\u0163ei a respins definitiv recursul lui Paul de Rom\u00e2nia \u00eempotriva hot\u0103r\u00e2rii Cur\u0163ii de apel Paris care decisese predarea sa c\u0103tre Rom\u00e2nia pentru executarea pedepsei.<\/p>\n<p>\u201dMinisterul Justi\u0163iei informeaz\u0103 c\u0103, ast\u0103zi, 29 iulie 2026, Cour de cassation (Curtea de Casa\u0163ie a Fran\u0163ei) a respins definitiv recursul formulat de Paul de Rom\u00e2nia \u00eempotriva deciziei de predare c\u0103tre autorit\u0103\u0163ile rom\u00e2ne. Prin aceast\u0103 hot\u0103r\u00e2re, decizia de executare a mandatului european de arestare \u015fi de predare a persoanei solicitate c\u0103tre Rom\u00e2nia a devenit definitiv\u0103\u201d, a anun\u0163at oficial, miercuri sear\u0103, Ministerul Justi\u0163iei.<\/p>\n<p>Sursa citat\u0103 a precizat c\u0103 hot\u0103r\u00e2rea pronun\u0163at\u0103 miercuri urmeaz\u0103 emiterii \u015fi punerii \u00een executare a celui de-al treilea mandat european de arestare, \u00een urm\u0103rirea \u00eendeplinirii actului de justi\u0163ie \u015fi a execut\u0103rii hot\u0103r\u00e2rilor judec\u0103tore\u015fti definitive.<\/p>\n<p>\u201dDecizia instan\u0163ei supreme franceze reconfirm\u0103 cooperarea judiciar\u0103 eficient\u0103 dintre Rom\u00e2nia \u015fi Republica Francez\u0103 \u015fi angajamentul comun al celor dou\u0103 state pentru aplicarea principiilor statului de drept \u015fi respectarea obliga\u0163iilor asumate \u00een cadrul mecanismelor europene de cooperare judiciar\u0103. Totodat\u0103, aceast\u0103 hot\u0103r\u00e2re confirm\u0103 buna func\u0163ionare a mandatului european de arestare, un instrument important de cooperare judiciar\u0103 \u00een materie penal\u0103 la nivelul Uniunii Europene\u201d, se mai arat\u0103 \u00een comunicatul Ministerului Justi\u0163iei.<\/p>\n<p>Potrivit documentului citat, \u00een jurispruden\u0163a sa constant\u0103, Curtea de Justi\u0163ie a Uniunii Europene a reconfirmat principiul \u00eencrederii reciproce \u00eentre statele membre, subliniind faptul c\u0103 executarea unui mandat european de arestare reprezint\u0103 regula, iar refuzul execut\u0103rii sau al pred\u0103rii poate interveni numai \u00een situa\u0163ii excep\u0163ionale, strict delimitate de dreptul Uniunii Europene.<\/p>\n<p>\u00cen 19 iunie, Ministerul Justi\u0163iei anun\u0163a c\u0103 autorit\u0103\u0163ile judiciare din Paris au dispus predarea imediat\u0103 c\u0103tre autorit\u0103\u0163ile rom\u00e2ne a lui Paul de Rom\u00e2nia, dar decizia nu era definitiv\u0103.<\/p>\n<p>Descendentul regelui Carol al II-lea, unul dintre ultimii regi ai Rom\u00e2niei, este acuzat c\u0103 a colaborat cu o band\u0103 de escroci, \u00eencep\u00e2nd din 2006, pentru a recupera propriet\u0103\u0163ile pe care le revendica \u00een calitate de mo\u015ftenitor al familiei regale.<\/p>\n<p>Bucure\u015ftiul a emis un prim mandat de arestare pe numele prin\u0163ului Paul \u00een decembrie 2020, la o zi dup\u0103 condamnarea acestuia la trei ani \u015fi patru luni de \u00eenchisoare pentru trafic de influen\u0163\u0103 \u015fi complicitate. \u00cen acest dosar, 18 persoane au fost condamnate, iar prejudiciul adus statului rom\u00e2n a fost estimat la cel pu\u0163in 145 de milioane de euro.<\/p>\n<p>Curtea de Apel din Paris a respins prima cerere de extr\u0103dare, \u00een noiembrie 2023, consider\u00e2nd c\u0103 dreptul la un proces echitabil nu a fost respectat, av\u00e2nd \u00een vedere neregulile constatate \u00een depunerea jur\u0103m\u00e2ntului a doi dintre cei trei judec\u0103tori care l-au condamnat. Autorit\u0103\u0163ile rom\u00e2ne au emis un nou mandat de arestare \u00eempotriva prin\u0163ului \u00een ianuarie 2025, pe baza deciziei Cur\u0163ii de Justi\u0163ie a Uniunii Europene (CJUE) din 29 iulie 2024, pronun\u0163at\u0103 \u00een urma unei solicit\u0103ri pre-judiciare. CJUE a considerat c\u0103 decizia justi\u0163iei franceze era &#8220;contrar\u0103 principiului \u00eencrederii reciproce&#8221; \u00eentre \u0163\u0103rile europene, exercit\u00e2nd &#8220;un control excesiv&#8221; asupra func\u0163ion\u0103rii sistemului judiciar rom\u00e2n, a reamintit pre\u015fedintele Camerei de extr\u0103dare \u00een cadrul \u015fedin\u0163ei din iunie.<\/p>\n<p>Procurorul general a solicitat extr\u0103darea lui Paul din Rom\u00e2nia \u00een numele &#8220;principiului priorit\u0103\u0163ii dreptului european asupra dreptului na\u0163ional&#8221;, resping\u00e2nd orice &#8220;persecu\u0163ie&#8221;.<\/p>\n<p>Avocata sa a denun\u0163at &#8220;cel mai mare scandal politic pe care l-a cunoscut o familie regal\u0103&#8221;, \u00een leg\u0103tur\u0103 cu &#8220;litigiul succesoral&#8221;. Paul al Rom\u00e2niei a fost arestat la domiciliul s\u0103u din Paris \u015fi \u00eencarcerat la 7 aprilie 2025, fiind ulterior plasat sub control judiciar. Tat\u0103l prin\u0163ului, Carol Mircea Grigore, n\u0103scut \u00een 1920, a fost fiul lui Carol al II-lea, rege al Rom\u00e2niei \u00eentre 1930 \u015fi 1940.<\/p>\n<p><strong>Ilie Bolojan afirm\u0103 c\u0103 a discutat de dou\u0103 ori cu George Simion \u00een acest an<\/strong><\/p>\n<p>\u00a0\u201eNu au fost ni\u015fte negocieri politice\u201d, a precizat premierul interimar<\/p>\n<p>Pre\u015fedintele PNL, premierul interimar Ilie Bolojan, a declarat, miercuri sear\u0103, c\u0103 a discutat de dou\u0103 ori cu George Simion \u00een acest an, dar nu au fost negocieri politice.<\/p>\n<p>\u201dCred c\u0103 anul acesta m-am \u00eent\u00e2lnit cu domnul Simion, cred c\u0103 de dou\u0103 ori. Eu, \u00een condi\u0163iile \u00een care, \u00een plan parlamentar, \u00een plan uman, oameni vor s\u0103 discute cu tine, au voturi \u00een spate, reprezint\u0103 categorii de cet\u0103\u0163eni care au votat, am c\u0103utat s\u0103 nu jignesc oameni \u015fi s\u0103 am o rela\u0163ie civilizat\u0103. Asta am f\u0103cut \u015fi c\u00e2t am fost pre\u015fedintele Senatului, asta am f\u0103cut \u015fi \u00een aceast\u0103 perioad\u0103 \u015fi cu to\u0163i cei, de exemplu, care sunt \u00een Senat, cu liderii de grup, cu cei care erau vicepre\u015fedin\u0163i, am c\u0103utat s\u0103 am o rela\u0163ie civilizat\u0103, pentru c\u0103 asta \u0163ine de respectul \u00eentre oameni \u015fi de respectul pentru rom\u00e2nii care voteaz\u0103\u201d, a declarat, miercuri sear\u0103, la Digi 24, Ilie Bolojan.<\/p>\n<p>Pre\u015fedintele PNL afirm\u0103 c\u0103 a avut cu George Simion \u201do discu\u0163ie pur \u015fi simplu general\u0103, legat\u0103 de perspective, dar nu au fost ni\u015fte negocieri politice\u201d. \u201dPur \u015fi simplu un schimb de opinii\u201d, a ad\u0103ugat Bolojan.<\/p>\n<p>Acesta a ad\u0103ugat c\u0103 nu crede c\u0103 a avut o discu\u0163ie cu George Simion \u00eenainte de votul pentru \u00eenvestire a Guvernului Ve\u015ftea. \u201dNu cred c\u0103 a fost o discu\u0163ie \u00eenainte de guvernul Ve\u015ftea. (&#8230;) Cred c\u0103 a fost mai devreme. Dar nu \u0163in minte aceste date \u015fi nu are rost s\u0103 vin cu detalii\u201d, a mai afirmat premierul.<\/p>\n<p>Ilie Bolojan consider\u0103 c\u0103 era mai bine dac\u0103 pre\u015fedintele Nicu\u015for Dan ar fi f\u0103cut apeluri la responsabilitate \u00eenainte de mo\u0163iunea de cenzur\u0103 care a dus la c\u0103derea guvernului \u015fi nu dup\u0103 acest moment. El a fost \u00eentrebat de ce crede c\u0103 l-a abandonat pre\u015fedintele Nicu\u015for Dan. &#8220;Eu nu v\u0103d problema \u00een aceast\u0103 perspectiv\u0103. Pre\u015fedintele are prerogativele lui pe care le exercit\u0103 a\u015fa cum consider\u0103 de cuviin\u0163\u0103, iar guvernul \u015fi premierul au prerogativele pe care le exercit\u0103 a\u015fa cum poate sau crede de cuviin\u0163\u0103. Noi am avut o coali\u0163ie pe care PSD a distrus-o, care, cu bune cu rele, a reu\u015fit s\u0103 scoat\u0103 Rom\u00e2nia din fund\u0103tura \u00een care era \u00een vara anului trecut, dar au generat o criz\u0103 care ne-a dus \u00een aceast\u0103 situa\u0163ie&#8221;, a declarat Ilie Bolojan.<\/p>\n<p>El consider\u0103 c\u0103 era bine dac\u0103 pre\u015fedintele f\u0103cea apeluri la responsabilitate \u00eenainte de mo\u0163iunea de cenzur\u0103. &#8220;Sigur, era bine, cred, dac\u0103 pre\u015fedintele, \u00eenainte de mo\u0163iune, de a face criz\u0103, ar fi f\u0103cut apeluri la responsabilitate pe care le-a f\u0103cut dup\u0103 aceea, dar d\u00e2nsul a luat aceste decizii. Sunt fi\u015fe de posturi diferite. Sigur c\u0103 cu c\u00e2t ai o colaborare mai bun\u0103, \u015fi am avut \u00een aceast\u0103 perioad\u0103 o colaborare institu\u0163ional\u0103 cu pre\u015fedintele, \u015fi \u00een perioada de dinainte de mo\u0163iune \u015fi dup\u0103. Eu am c\u0103utat \u00eentotdeauna s\u0103 respect fi\u015fa postului, pentru c\u0103 asta e responsabilitatea pentru Rom\u00e2nia c\u00e2nd ocupi o astfel de func\u0163ie, \u015fi atunci c\u00e2nd s-a putut colabora pe toate elementele de interes comun care intr\u0103 \u00een responsabilitate fiecare institu\u0163ie, am colaborat pentru treaba asta&#8221;, a transmis Ilie Bolojan.<\/p>\n<p>El a fost \u00eentrebat dac\u0103 Nicu\u015for Dan prelunge\u015fte criza \u00eent\u00e2rziind s\u0103 fac\u0103 o nominalizare de prim-ministru. &#8220;Pre\u015fedintele are o responsabilitate pentru nominalizarea premierului \u015fi d\u00e2nsul avea trei posibilit\u0103\u0163i \u00een aceast\u0103 perioad\u0103. Sau s\u0103 nominalizeze un premier care venea cu un acord politic \u00een spate, care-i garanta alegerea de c\u0103tre Parlament. Nu s-a \u00eent\u00e2mplat asta pentru c\u0103 nu s-a ajuns la o concluzie. A doua, s\u0103 nominalizeze un premier f\u0103r\u0103 s\u0103 existe un acord politic, permi\u0163\u00e2ndu-i acelui premier s\u0103 caute s\u0103-\u015fi formeze o majoritate&#8221;, a afirmat Bolojan.<\/p>\n<p>El a ad\u0103ugat c\u0103 Nicu\u015for Dan a avut dou\u0103 oferte de acest tip. &#8220;\u015ei a avut dou\u0103 oferte de acest tip, urm\u00e2nd s\u0103 se vad\u0103 ce se \u00eent\u00e2mpl\u0103 mai departe \u015fi dac\u0103 nu se face o majoritate \u00een spatele lui \u015fi guvernul care se \u00eencearc\u0103 a fi format nu trece de Parlament, s\u0103 intr\u0103m \u00eentr-o zon\u0103 \u00een care se pot organiza alegeri anticipate. Sau a treia ipotez\u0103 este s\u0103 se a\u015ftepte p\u00e2n\u0103 se g\u0103se\u015fte o formul\u0103, se face o mas\u0103 critic\u0103 pentru a forma un guvern \u015fi aceasta a fost abordarea pe care a ales-o domnul pre\u015fedinte&#8221;, a mai declarat premierul Bolojan.<\/p>\n<p><strong>Diana Buzoianu: S\u0103 accept\u0103m c\u0103 avem nevoie de alegeri anticipate<\/strong><\/p>\n<p>Ministrul interimar al Mediului, Diana Buzoianu (USR), a declarat, miercuri sear\u0103, c\u0103 Sorin Grindeanu are o problem\u0103 fundamental\u0103: \u201da distrus \u0163ara asta \u015fi acum habar nu are de unde \u00ee\u015fi face rost de o majoritate\u201d, de\u015fi a fost avertizat, \u00eenainte de mo\u0163iunea de cenzur\u0103, c\u0103 o alt\u0103 majoritate nu exist\u0103. &#8220;De ce nu plec\u0103m? R\u0103spunsul este foarte simplu, pentru c\u0103 noi citim Constitu\u0163ia. Spre deosebire de domnul Grindeanu (&#8230;) Constitu\u0163ia ast\u0103zi spune foarte clar: dac\u0103 un guvern a fost demis, r\u0103m\u00e2ne guvern interimar p\u00e2n\u0103 c\u00e2nd se propune un guvern care ob\u0163ine majoritatea \u00een Parlament&#8221;, a declarat, miercuri sear\u0103, la B1 TV, Diana Buzoianu.<\/p>\n<p>Reprezentanta USR este de p\u0103rere c\u0103 Sorin Grindeanu &#8220;are o problem\u0103 fundamental\u0103&#8221;. &#8220;A distrus \u0163ara asta \u015fi acum habar nu are de unde \u00ee\u015fi face rost de o majoritate, pentru c\u0103 el \u00ee\u015fi planifica o majoritate ca el s\u0103 se \u00eentoarc\u0103 \u00eempreun\u0103 cu, sigur, colegii dumnealui \u00ee\u015fi planificau aceast\u0103 re\u00eentoarcere pe o majoritate care nu exista \u015fi noi le-am spus de la bun \u00eenceput c\u0103 aceast\u0103 majoritate nu exist\u0103. Acum sunt to\u0163i \u015foca\u0163i c\u0103 nu exist\u0103 majoritatea pe care toat\u0103 lumea a avertizat c\u0103 nu o vor mai avea dac\u0103 pic\u0103 guvernul&#8221;, a mai declarat ministrul USR.<\/p>\n<p>Diana Buzoianu \u00eei transmite liderului PSD s\u0103 fie mai mult preocupat de ob\u0163inerea unei majorit\u0103\u0163i \u00een Parlament dec\u00e2t de plecarea Guvernului: &#8220;Dac\u0103 domnul Grindeanu este \u00een fiecare zi preocupat de ce nu pleac\u0103 guvernul, s\u0103 fie preocupat s\u0103-\u015fi duc\u0103 aceast\u0103 energie pentru a forma o majoritate \u00een Parlament. Dac\u0103 nu poate s\u0103 fac\u0103 aceast\u0103 majoritate \u00een Parlament, dup\u0103 ce a dobor\u00e2t un guvern, atunci s\u0103 nu-\u015fi mai trimit\u0103, nu \u015ftiu, secunzii, s\u0103 zic a\u015fa, la b\u0103taie s\u0103 spun\u0103 c\u0103 nu se poate organiza niciun r\u00e2nd de alegeri anticipate \u015fi s\u0103 accept\u0103m c\u0103 avem nevoie de alegeri anticipate&#8221;.<\/p>\n<p>Diana Buzoianu apreciaz\u0103 c\u0103 &#8220;toat\u0103 aceast\u0103 perioad\u0103 de instabilitate prelungit\u0103 nu poate s\u0103 fac\u0103 dec\u00e2t s\u0103 creasc\u0103 mi\u015fc\u0103rile extremiste&#8221;. &#8220;Cred c\u0103 o ie\u015fire din aceast\u0103\u2026 o resetare a sferei politice presupune \u015fi \u00eentoarcerea la oameni. Eu sunt ferm convins\u0103, rom\u00e2nii nu au votat, acum un an \u015fi jum\u0103tate, nu au votat circul \u0103sta, nu au votat un partid care a promis c\u0103 va aduce banii \u00een Rom\u00e2nia, dar de fapt acum \u015fantajeaz\u0103 cu voturile \u00een Parlament \u015fi risc\u0103m cu to\u0163ii s\u0103 pierdem miliarde doar pentru jocul lor politic de a-\u015fi mai scoate c\u00e2teva comunicate, repet, \u00een aceste zile. E un joc absolut cinic \u015fi eu nu cred c\u0103 rom\u00e2nii au votat asta \u015fi cred c\u0103 dac\u0103 ast\u0103zi ar fi alegerile, ar taxa acest comportament&#8221;, este de p\u0103rere Diana Buzoianu.<\/p>\n<p><strong>Ilie Bolojan va candida din nou cu echipa sa la un Congres organizat \u00een toamn\u0103<\/strong><\/p>\n<p>Vicepre\u015fedintele PNL Alexandru Muraru a declarat c\u0103 Ilie Bolojan \u00ee\u015fi va reafirma pozi\u0163ia de lider \u00een PNL \u00een cadrul unui congres care ar putea fi organizat \u00een toamn\u0103. Pre\u015fedintele liberalilor ar urma s\u0103 candideze cu aceea\u015fi echip\u0103 pe care a avut-o la Congresul Extraordinar care este contestat de parte dintre liberali. Muraru afirm\u0103, de asemenea, c\u0103 opozan\u0163ii lui Bolojan vor continua cu demersurile de a-l da jos din fruntea partidului, dar apreciaz\u0103 c\u0103 instan\u0163ele nu se vor gr\u0103bi, iar r\u0103zboiul intern va dura p\u00e2n\u0103 \u00eenspre anul 2027.<\/p>\n<p>Liberalul Alexandru Muraru a declarat, \u00eentr-un interviu pentru Cotidianul, c\u0103 PNL va continua demersul de modificare a Statutului \u015fi va reconfirma conducerea aleas\u0103 la Congresul Extraordinar din 21 iunie. &#8220;Cel mai probabil, vom face nu unul, ci dou\u0103 congrese: pentru aprobarea Statutului \u015fi, ulterior, pentru repetarea alegerilor interne. Pe mo\u0163iune, exact cum a fost acel congres, poate cu acela\u015fi num\u0103r de delega\u0163i, \u00eenc\u0103 nu \u015ftim&#8221;, a declarat vicepre\u015fedintele PNL.<\/p>\n<p>Potrivit acestuia, primul congres ar putea avea loc la finalul lunii august, iar al doilea \u00een luna septembrie, pe baza noului Statut. Alegerile din 21 iunie \u015fi Statutul aprobat atunci sunt contestate \u00een instan\u0163\u0103 de parte dintre liberalii nemun\u0163umi\u0163i de linia adoptat\u0103 de PNL; care a refuzat s\u0103 se \u00eentoarc\u0103 la masa negocierilor cu PSD pentru \u00eenvestirea unui Guvern.<\/p>\n<p>Alexandru Muraru acuz\u0103 c\u0103 unii dintre colegii s\u0103i &#8220;s-au folosit de re\u0163elele PSD din Justi\u0163ie \u015fi media pentru a comunica&#8221;. &#8220;Este f\u0103r\u0103 precedent c\u0103, \u00eentr-un stat NATO, membru al Uniunii Europene, un partid politic s\u0103 foloseasc\u0103 Justi\u0163ia pentru a da jos Guvernul, pentru a schimba majoritatea, pentru a construi o mas\u0103 critic\u0103 \u00eentr-un partid politic \u015fi pentru a bloca activitatea Guvernului&#8221;, a declarat Muraru.<\/p>\n<p>Acesta crede, \u00eens\u0103, c\u0103 instan\u0163ele nu se vor gr\u0103bi \u00een a da deciziile \u00een dosarele care vizeaz\u0103 politica intern\u0103 din PNL \u015fi apreciaz\u0103 c\u0103 r\u0103zboiul dintre tabere va dura p\u00e2n\u0103 \u00eenspre anul 2027.<\/p>\n<p>\u00cen 21 iunie, PNL a organizat un Congres Extraordinar, dup\u0103 desemnarea surprinz\u0103toare a lui Adrian Ve\u015ftea \u00een func\u0163ia de premier de c\u0103tre pre\u015fedintele Nicu\u015for Dan, f\u0103r\u0103 ca PNL s\u0103 fie consultat. \u00cen instan\u0163\u0103, tab\u0103ra pro-Bolojan din PNL a pierdut p\u00e2n\u0103 acum \u00een fa\u0163a taberei anti-Bolojan.<\/p>\n<p>Curtea de Apel Bucure\u015fti a men\u0163inut, pe 21 iulie, decizia Tribunalului Bucure\u015fti de a suspenda deciziile adoptate de PNL \u00een Consiliul Na\u0163ional Extraordinar (CNE) din data de 19 iunie.<\/p>\n<p><strong>Zece militari ai For\u0163elor Aeriene Rom\u00e2ne, \u00eenainta\u0163i \u00een grad \u00een mod excep\u0163ional<\/strong><\/p>\n<p>Ministrul interimar al Ap\u0103r\u0103rii Na\u0163ionale, Radu Miru\u0163\u0103, a semnat, miercuri, ordinele de \u00eenaintare \u00een gradul urm\u0103tor, \u00een mod excep\u0163ional, pentru trei ofi\u0163eri \u015fi \u015fapte mai\u015ftri militari care au contribuit la succesul misiunilor desf\u0103\u015furate \u00een Lituania \u015fi \u00een Rom\u00e2nia.<\/p>\n<p>&#8220;Ast\u0103zi am avut onoarea s\u0103 confer \u00eenaintarea \u00een grad, \u00een mod excep\u0163ional, pentru zece militari ai For\u0163elor Aeriene Rom\u00e2ne, al\u0103turi de \u015feful Statului Major al For\u0163elor Aeriene, generalul &#8211; locotenent Leonard Baraboi. Sunt oameni care au contribuit direct la succesul misiunilor de combatere a dronelor desf\u0103\u015furate at\u00e2t \u00een Rom\u00e2nia, c\u00e2t \u015fi \u00een Lituania. Da, asta presupune c\u0103 este misiunea lor, dar orice analiz\u0103 la rece arat\u0103 c\u0103 fac lucruri extraordinare cu ceea ce ai la dispozi\u0163ie&#8221;, a scris, miercuri, pe Facebook, ministrul interimar al Ap\u0103r\u0103rii, Radu Miru\u0163\u0103.<\/p>\n<p>Acesta precizeaz\u0103 c\u0103 a fost un moment de recunoa\u015ftere a meritelor lor, dar \u015fi un prilej de a transmite un mesaj clar: &#8220;succesul nu apar\u0163ine niciodat\u0103 unui singur om&#8221;. &#8220;\u00cen spatele fiec\u0103rei aeronave care decoleaz\u0103 la timp, al fiec\u0103rei drone identificate \u015fi neutralizate, al fiec\u0103rei misiuni \u00eendeplinite f\u0103r\u0103 ca popula\u0163ia s\u0103 fie pus\u0103 \u00een pericol, exist\u0103 o echip\u0103 \u00eentreag\u0103. Pilo\u0163i, controlori de trafic aerian, personal tehnic, mecanici, speciali\u015fti \u00een supraveghere, comand\u0103 \u015fi control. Oameni care lucreaz\u0103 coordonat, cu profesionalism \u015fi, de multe ori, sub o presiune pe care cei mai mul\u0163i dintre noi nu o v\u0103d. Le mul\u0163umesc tuturor! Rom\u00e2nia este mai sigur\u0103 datorit\u0103 lor&#8221;, a transmis Radu Miru\u0163\u0103.<\/p>\n<p><strong>IGPR: 16 persoane audiate pentru furt calificat din avioane. Ar fi furat produse de 800.000 de euro<\/strong><\/p>\n<p>Poli\u021bi\u0219tii Direc\u021biei Transporturi au pus \u00een aplicare, joi, 12 mandate de perchezi\u021bie domiciliar\u0103 \u0219i 16 mandate de aducere, \u00een Bucure\u0219ti \u0219i jude\u021bele Ilfov \u0219i Prahova, \u00eentr-un dosar de furt calificat din aeronave, cu un prejudiciu de 800.000 de euro produs unei companii aeriene. &#8221;Sunt efectuate cercet\u0103ri cu privire la activitatea infrac\u021bional\u0103 a 16 persoane, angaja\u021bi ai unei societ\u0103\u021bi comerciale \u0219i complici ai acestora, care, \u00een perioada aprilie 2023 &#8211; prezent, ar fi sustras diferite produse de catering \u0219i boutique (parfumuri, ceasuri, m\u00e2ncare, accesorii, produse personalizate \u0219i alte bunuri), comercializate pe parcursul zborurilor efectuate de c\u0103tre o companie aerian\u0103, precum \u0219i \u00eencas\u0103rile provenite din v\u00e2nzarea acestora&#8221;, informeaz\u0103 Inspectoratul General al Poli\u021biei Rom\u00e2ne.<\/p>\n<p>\u00a0<\/p>\n<hr>\n<div class=\"bloc-widget widget-rosu\">\n<p>\u00cen lipsa unui acord scris din partea Ziarului de Vrancea, pute\u0163i prelua maxim 500 de caractere din acest articol dac\u0103 preciza\u0163i sursa \u015fi insera\u0163i vizibil link-ul articolului:\u00a0<span>#insertcurrentlinkhere<\/span><\/p>\n<\/div>\n<div class=\"extra-articol listing-anunturi\">\n<h6>Anun\u021buri <span class=\"text-primary\">ZdV<\/span> Premium<\/h6>\n<div class=\"row\">\n<div class=\"col-lg-4 col-md-6 bloc-egal\"><a class=\"card-anunt\" href=\"https:\/\/ziaruldevrancea.ro\/anunturi\/imobiliare\/vanzari-terenuri\/vand-teren-in-panciu\"><strong class=\"titlu\">V\u00e2nz\u0103ri terenuri<\/strong><span class=\"text-anunt\">Teren Panciu 1170 mp, cu num\u0103r cas\u0103, ap\u0103&#8230;<\/span><span class=\"data-anunt\">29.07.2026  <\/span><\/a><\/div>\n<div class=\"col-lg-4 col-md-6 bloc-egal\"><a class=\"card-anunt\" href=\"https:\/\/ziaruldevrancea.ro\/anunturi\/altele\/anulare-acte\/vand-scrumbii-afumate-capturi-dunare\"><strong class=\"titlu\">Vanzari diverse<\/strong><span class=\"text-anunt\">Pret : 117 lei \/ kg . \u00a0 Este&#8230;<\/span><span class=\"data-anunt\">29.07.2026 , Gala\u021bi , Gala\u021bi<\/span><\/a><\/div>\n<div class=\"col-lg-4 col-md-6 bloc-egal\"><a class=\"card-anunt\" href=\"https:\/\/ziaruldevrancea.ro\/anunturi\/necrolog\/decese\/dumnezeu-sa-o-aseze-in-randul-celor-drepti\"><strong class=\"titlu\">Decese<\/strong><span class=\"text-anunt\">Cu profund\u0103 durere, familia anun\u021b\u0103 trecerea la&#8230;<\/span><span class=\"data-anunt\">28.07.2026  <\/span><\/a><\/div>\n<\/div>\n<\/div>\n<div class=\"extra-articol alte-articole\">\n<div class=\"row\">\n<div class=\"col-lg-6 bloc-egal\">\n<div class=\"card articol-listing\">\n<h6>\u00cen categoria <a href=\"https:\/\/ziaruldevrancea.ro\/actualitatea\/national\">Na\u021bional<\/a><\/h6>\n<div class=\"grup-articol-listing\">\n<div class=\"cont-pils\"><a href=\"https:\/\/ziaruldevrancea.ro\/actualitatea\/national\/mozaic-Stiri-naTionale-ciucu-nu-cred-ca-mai-putem-guverna-cel-putin-10-20-de-ani-alaturi-de-psd\"><img decoding=\"async\" src=\"https:\/\/zdvi.cname.ro\/180_135\/actualitatea\/national\/mozaic-Stiri-naTionale-ciucu-nu-cred-ca-mai-putem-guverna-cel-putin-10-20-de-ani-alaturi-de-psd\/mediaPool\/uJWJRRu.jpeg\" class=\"img-responsive img-180\" alt><\/a><\/div>\n<h2><a class=\"link-titlu\" href=\"https:\/\/ziaruldevrancea.ro\/actualitatea\/national\/mozaic-Stiri-naTionale-ciucu-nu-cred-ca-mai-putem-guverna-cel-putin-10-20-de-ani-alaturi-de-psd\">MOZAIC \u0218TIRI NA\u021aIONALE: Ciucu: Nu cred c\u0103 mai putem guverna cel pu\u0163in 10-20 de ani al\u0103turi de PSD<\/a><\/h2>\n<div class=\"date-post\"><a href=\"https:\/\/ziaruldevrancea.ro\/autor\/rodica-condurache\">Rodica Condurache<\/a>, 28 iul 2026  <\/div>\n<\/div>\n<div class=\"grup-articol-listing\">\n<div class=\"cont-pils\"><a href=\"https:\/\/ziaruldevrancea.ro\/actualitatea\/national\/mozaic-Stiri-naTionale-greva-generala-in-sanatate\"><img decoding=\"async\" src=\"https:\/\/zdvi.cname.ro\/180_135\/actualitatea\/national\/mozaic-Stiri-naTionale-greva-generala-in-sanatate\/mediaPool\/uWZk34o.jpeg\" class=\"img-responsive img-180\" alt><\/a><\/div>\n<h2><a class=\"link-titlu\" href=\"https:\/\/ziaruldevrancea.ro\/actualitatea\/national\/mozaic-Stiri-naTionale-greva-generala-in-sanatate\">MOZAIC \u0218TIRI NA\u021aIONALE: Grev\u0103 general\u0103 \u00een S\u0103n\u0103tate<\/a><\/h2>\n<div class=\"date-post\"><a href=\"https:\/\/ziaruldevrancea.ro\/autor\/rodica-condurache\">Rodica Condurache<\/a>, 27 iul 2026  <\/div>\n<\/div>\n<div class=\"grup-articol-listing\">\n<div class=\"cont-pils\"><a href=\"https:\/\/ziaruldevrancea.ro\/actualitatea\/national\/mozaic-Stiri-naTionale-basescu-despre-dan-are-un-popor-cu-care-nu-se-potriveste.-noi-vrem-mai-repede-el-vrea-mai-incet\"><img decoding=\"async\" src=\"https:\/\/zdvi.cname.ro\/180_135\/actualitatea\/national\/mozaic-Stiri-naTionale-basescu-despre-dan-are-un-popor-cu-care-nu-se-potriveste.-noi-vrem-mai-repede-el-vrea-mai-incet\/mediaPool\/uEIDcLv.jpg\" class=\"img-responsive img-180\" alt><\/a><\/div>\n<h2><a class=\"link-titlu\" href=\"https:\/\/ziaruldevrancea.ro\/actualitatea\/national\/mozaic-Stiri-naTionale-basescu-despre-dan-are-un-popor-cu-care-nu-se-potriveste.-noi-vrem-mai-repede-el-vrea-mai-incet\">MOZAIC \u0218TIRI NA\u021aIONALE: B\u0103sescu, despre Dan: Are un popor cu care nu se potrive\u015fte. Noi vrem mai repede, el vrea mai \u00eencet<\/a><\/h2>\n<div class=\"date-post\"><a href=\"https:\/\/ziaruldevrancea.ro\/autor\/rodica-condurache\">Rodica Condurache<\/a>, 26 iul 2026  <\/div>\n<\/div>\n<\/div>\n<\/div>\n<div class=\"col-lg-6 bloc-egal\">\n<div class=\"card articol-listing\">\n<h6>De acela\u0219i <a href=\"https:\/\/ziaruldevrancea.ro\/autor\/radu-tomescu\/\">autor<\/a><\/h6>\n<div class=\"grup-articol-listing\">\n<div class=\"cont-pils\"><a href=\"https:\/\/ziaruldevrancea.ro\/actualitatea\/stiri-locale\/dosar-de-trafic-de-droguri-in-vrancea-trei-persoane-cercetate-canabis-si-cocaina-vandute-in-adjud-potrivit-anchetatorilor\"><img decoding=\"async\" src=\"https:\/\/zdvi.cname.ro\/180_135\/actualitatea\/stiri-locale\/dosar-de-trafic-de-droguri-in-vrancea-trei-persoane-cercetate-canabis-si-cocaina-vandute-in-adjud-potrivit-anchetatorilor\/mediaPool\/ucfOmNt.JPG\" class=\"img-responsive img-180\" alt><\/a><\/div>\n<h2><a class=\"link-titlu\" href=\"https:\/\/ziaruldevrancea.ro\/actualitatea\/stiri-locale\/dosar-de-trafic-de-droguri-in-vrancea-trei-persoane-cercetate-canabis-si-cocaina-vandute-in-adjud-potrivit-anchetatorilor\">Dosar de trafic de droguri \u00een Vrancea: trei persoane cercetate, canabis \u0219i cocain\u0103 v\u00e2ndute \u00een Adjud, potrivit anchetatorilor<\/a><\/h2>\n<div class=\"date-post\"><a href=\"https:\/\/ziaruldevrancea.ro\/autor\/radu-tomescu\">Radu Tomescu<\/a>, 30 iul 2026  <\/div>\n<\/div>\n<div class=\"grup-articol-listing\">\n<div class=\"cont-pils\"><a href=\"https:\/\/ziaruldevrancea.ro\/actualitatea\/stiri-locale\/Sofer-din-vidra-depistat-baut-la-volan-pe-dn2d.-politistii-din-vrancea-au-deschis-dosar-penal\"><img decoding=\"async\" src=\"https:\/\/zdvi.cname.ro\/180_135\/actualitatea\/stiri-locale\/Sofer-din-vidra-depistat-baut-la-volan-pe-dn2d.-politistii-din-vrancea-au-deschis-dosar-penal\/mediaPool\/uRApAly.jpg\" class=\"img-responsive img-180\" alt><\/a><\/div>\n<h2><a class=\"link-titlu\" href=\"https:\/\/ziaruldevrancea.ro\/actualitatea\/stiri-locale\/Sofer-din-vidra-depistat-baut-la-volan-pe-dn2d.-politistii-din-vrancea-au-deschis-dosar-penal\">\u0218ofer din Vidra, depistat b\u0103ut la volan pe DN2D. Poli\u021bi\u0219tii din Vrancea au deschis dosar penal<\/a><\/h2>\n<div class=\"date-post\"><a href=\"https:\/\/ziaruldevrancea.ro\/autor\/radu-tomescu\">Radu Tomescu<\/a>, 30 iul 2026  <\/div>\n<\/div>\n<div class=\"grup-articol-listing\">\n<div class=\"cont-pils\"><a href=\"https:\/\/ziaruldevrancea.ro\/actualitatea\/stiri-locale\/accident-grav-in-vrancea-pieton-ranit-dupa-ce-a-fost-lovit-de-un-autoturism-la-dragosloveni-in-comuna-dumbraveni\"><img decoding=\"async\" src=\"https:\/\/zdvi.cname.ro\/180_135\/actualitatea\/stiri-locale\/accident-grav-in-vrancea-pieton-ranit-dupa-ce-a-fost-lovit-de-un-autoturism-la-dragosloveni-in-comuna-dumbraveni\/mediaPool\/u9KFdc2.jpg\" class=\"img-responsive img-180\" alt><\/a><\/div>\n<h2><a class=\"link-titlu\" href=\"https:\/\/ziaruldevrancea.ro\/actualitatea\/stiri-locale\/accident-grav-in-vrancea-pieton-ranit-dupa-ce-a-fost-lovit-de-un-autoturism-la-dragosloveni-in-comuna-dumbraveni\">Accident grav \u00een Vrancea: pieton r\u0103nit dup\u0103 ce a fost lovit de un autoturism la Dragosloveni, \u00een comuna Dumbr\u0103veni<\/a><\/h2>\n<div class=\"date-post\"><a href=\"https:\/\/ziaruldevrancea.ro\/autor\/radu-tomescu\">Radu Tomescu<\/a>, 30 iul 2026  <\/div>\n<\/div>\n<\/div>\n<\/div>\n<\/div>\n<\/div>\n<div class=\"extra-articol listing-anunturi\">\n<h6>Anun\u021buri <span class=\"text-primary\">ZdV<\/span> Premium<\/h6>\n<div class=\"row\">\n<div class=\"col-lg-4 col-md-6 bloc-egal\"><a class=\"card-anunt\" href=\"https:\/\/ziaruldevrancea.ro\/anunturi\/imobiliare\/vanzari-case\/vand-casa-si-teren-in-panciu-anunt-72818\"><strong class=\"titlu\">V\u00e2nz\u0103ri case<\/strong><span class=\"text-anunt\">V\u00e2nd cas\u0103 cu 2 camere, buc\u0103t\u0103rie, baie,&#8230;<\/span><span class=\"data-anunt\">23.07.2026  <\/span><\/a><\/div>\n<div class=\"col-lg-4 col-md-6 bloc-egal\"><a class=\"card-anunt\" href=\"https:\/\/ziaruldevrancea.ro\/anunturi\/angajari\/cereri-angajari\/doresc-angajare-anunt-72815\"><strong class=\"titlu\">Cereri<\/strong><span class=\"text-anunt\">Doresc s\u0103 am grij\u0103 de un copil de gradini\u021b\u0103&#8230;<\/span><span class=\"data-anunt\">21.07.2026  <\/span><\/a><\/div>\n<div class=\"col-lg-4 col-md-6 bloc-egal\"><a class=\"card-anunt\" href=\"https:\/\/ziaruldevrancea.ro\/anunturi\/inchirieri\/locuinte-oferte\/primesc-in-gazda-anunt-72816\"><strong class=\"titlu\">Locuin\u021be oferte<\/strong><span class=\"text-anunt\">\u00a0Primesc \u00een gazd\u0103 la cas\u0103.<\/p>\n<p>Tel&#8230;.<\/span><span class=\"data-anunt\">21.07.2026  <\/span><\/a><\/div>\n<\/div>\n<\/div>\n<div class=\"bloc-widget widget-albastru\">\n    Ziarul de Vrancea \u00a0nu este responsabil juridic pentru con\u0163inutul textelor din comentariile de mai jos. Responsabilitatea pentru mesajele dumneavoastra v\u0103 revine \u00een exclusivitate.\n<\/div>\n<div class=\"comentarii-articol\" id=\"comentarii\">\n<h3>Comentarii: <span class=\"text-primary\">0<\/span><\/h3>\n<p><a href=\"https:\/\/ziaruldevrancea.ro\/actualitatea\/national\/mozaic-Stiri-naTionale-paul-de-romania-bun-de-impachetat-si-trimis-acasa\" class=\"btn btn-success btn-adauga-com\" data-toggle=\"modal\" data-parent=\"0\" data-target=\"#commentModal\">Adaug\u0103 comentariu<\/a><\/p>\n<div class=\"loadMask comments-mask\"><img decoding=\"async\" src=\"https:\/\/zdvs.cname.ro\/images\/loader_40.gif\"><\/div>\n<div class=\"comenteaza-jos\">Trebuie s\u0103 fii <a href=\"https:\/\/ziaruldevrancea.ro\/account\">autentificat<\/a> pentru a putea <a href=\"https:\/\/ziaruldevrancea.ro\/actualitatea\/national\/mozaic-Stiri-naTionale-paul-de-romania-bun-de-impachetat-si-trimis-acasa\" class data-toggle=\"modal\" data-parent=\"0\" data-target=\"#commentModal\">posta un comentariu<\/a>.<\/div>\n<\/div>\n<div class=\"modal fade\" id=\"commentModal\" role=\"dialog\" aria-labelledby=\"commentModalLabel\">\n<div class=\"modal-dialog modal-lg\" role=\"document\">\n<div class=\"modal-content\">\n<div class=\"modal-header\">\n<h3 class=\"modal-title\" id=\"commentModalLabel\">Comenteaz\u0103<\/h3>\n<\/div>\n<div class=\"modal-body\">\n<div class=\"tabel tabel-full\">\n<div class=\"celula\">\n              Trebuie s\u0103 fii <a href=\"https:\/\/ziaruldevrancea.ro\/account\">autentificat<\/a> pentru a putea posta un comentariu.\n            <\/div>\n<\/div>\n<\/div>\n<div class=\"modal-footer\">\n<div id=\"commentPending\" class=\"formPending pull-left\"><img decoding=\"async\" src=\"https:\/\/zdvs.cname.ro\/images\/loader_40.gif\"> In curs de procesare&#8230;<\/div>\n<p><a href=\"https:\/\/ziaruldevrancea.ro\/actualitatea\/national\/mozaic-Stiri-naTionale-paul-de-romania-bun-de-impachetat-si-trimis-acasa\" class=\"btn btn-default\" data-dismiss=\"modal\">Anuleaz\u0103<\/a><\/div>\n<\/div>\n<\/div>\n<\/div>\n<div class=\"modal fade\" id=\"commentReportModal\" role=\"dialog\" aria-labelledby=\"commentReportModalLabel\">\n<div class=\"modal-dialog modal-lg\" role=\"document\">\n<div class=\"modal-content\">\n<div class=\"modal-header\">\n<h3 class=\"modal-title\" id=\"commentReportModalLabel\">Raporteaza comentariu<\/h3>\n<\/div>\n<div class=\"modal-body\">\n<div class=\"tabel tabel-full\">\n<div class=\"celula\">\n              Trebuie s\u0103 fii <a href=\"https:\/\/ziaruldevrancea.ro\/account\">autentificat<\/a> pentru a putea raporta un comentariu.\n            <\/div>\n<\/div>\n<\/div>\n<div class=\"modal-footer\">\n<div id=\"commentReportPending\" class=\"formPending pull-left\"><img decoding=\"async\" src=\"https:\/\/zdvs.cname.ro\/images\/loader_40.gif\"> In curs de procesare&#8230;<\/div>\n<p><a href=\"https:\/\/ziaruldevrancea.ro\/actualitatea\/national\/mozaic-Stiri-naTionale-paul-de-romania-bun-de-impachetat-si-trimis-acasa\" class=\"btn btn-default\" data-dismiss=\"modal\">Anuleaz\u0103<\/a><\/div>\n<\/div>\n<\/div>\n<\/div>\n<div class=\"modal fade\" id=\"commentLikeModal\" role=\"dialog\" aria-labelledby=\"commentLikeModalLabel\">\n<div class=\"modal-dialog modal-lg\" role=\"document\">\n<div class=\"modal-content\">\n<div class=\"modal-header\">\n<h3 class=\"modal-title\" id=\"commentReportModalLabel\">Apreciaza comentariu<\/h3>\n<\/div>\n<div class=\"modal-body\">\n<div class=\"tabel tabel-full\">\n<div class=\"celula\">\n            Trebuie s\u0103 fii <a href=\"https:\/\/ziaruldevrancea.ro\/account\">autentificat<\/a> pentru a putea aprecia un comentariu.\n          <\/div>\n<\/div>\n<\/div>\n<div class=\"modal-footer\"><a href=\"https:\/\/ziaruldevrancea.ro\/actualitatea\/national\/mozaic-Stiri-naTionale-paul-de-romania-bun-de-impachetat-si-trimis-acasa\" class=\"btn btn-default\" data-dismiss=\"modal\">Anuleaz\u0103<\/a><\/div>\n<\/div>\n<\/div>\n<\/div>\n<div class=\"bloc-widget widget-rosu\"><span><small>Ziarul de Vrancea doreste ca acest site sa fie un spatiu al discutiilor civilizate, al comentariilor de bun simt. Din acest motiv, cei care posteaza comentarii la articole trebuie sa respecte urmatoarele reguli:<br \/>\n1. Sa se refere doar la articolul la care posteaza comentarii.<br \/>\n2. Sa foloseasca un limbaj civilizat, fara injurii, calomnii, comentarii antisemite, xenofobe sau rasiste.<br \/>\n3. Sunt interzise atacurile la adresa autorilor, daca acestea nu au legatura cu textul.<br \/>\n4. Username-ul sa nu fie nume de personalitati ale vietii publice sau parodieri ale acestora.<br \/>\nAutorul unui articol poate fi criticat pentru eventuale greseli, incoerenta, lipsa de documentare etc.<br \/>\nNerespectarea regulilor mentionate mai sus va duce la stergerea comentariilor, fara avertisment si fara explicatii.<br \/>\nAbaterile repetate vor avea drept consecinta interdictia accesului la aceasta facilitate a site-ului.<\/small><\/span><\/div>\n<\/div>\n<p>[analyse_source url=&#8221;https:\/\/ziaruldevrancea.ro\/actualitatea\/national\/mozaic-Stiri-naTionale-paul-de-romania-bun-de-impachetat-si-trimis-acasa&#8221;]<\/p>\n","protected":false},"excerpt":{"rendered":"<p>[analyse_image type=&#8221;featured&#8221; src=&#8221;https:\/\/zdvi.cname.ro\/_\/mozaic-Stiri-naTionale-paul-de-romania-bun-de-impachetat-si-trimis-acasa\/mediaPool\/uvtGPut.jpeg&#8221;] Na\u021bional MOZAIC \u0218TIRI NA\u021aIONALE: Paul de Rom\u00e2nia, bun de \u201e\u00eempachetat\u201d \u0219i trimis acas\u0103 Distribuie: \u00a0 | Radu Tomescu 29 iul 2026100 vizualiz\u0103ri Curtea de Casa\u0163ie a Fran\u0163ei a respins recursul lui Paul de Rom\u00e2nia \u00eempotriva hot\u0103r\u00e2rii Cur\u0163ii de apel Paris care a decis predarea sa c\u0103tre Rom\u00e2nia pentru executarea pedepsei n decizia [&hellip;]<\/p>\n","protected":false},"author":1,"featured_media":0,"comment_status":"open","ping_status":"","sticky":false,"template":"","format":"standard","meta":{"footnotes":""},"categories":[89],"tags":[226,208],"class_list":["post-2070130","post","type-post","status-publish","format-standard","hentry","category-romania","tag-crawlmanager","tag-ziaruldevrancea-ro"],"_links":{"self":[{"href":"https:\/\/analyse.optim.biz\/index.php?rest_route=\/wp\/v2\/posts\/2070130","targetHints":{"allow":["GET"]}}],"collection":[{"href":"https:\/\/analyse.optim.biz\/index.php?rest_route=\/wp\/v2\/posts"}],"about":[{"href":"https:\/\/analyse.optim.biz\/index.php?rest_route=\/wp\/v2\/types\/post"}],"author":[{"embeddable":true,"href":"https:\/\/analyse.optim.biz\/index.php?rest_route=\/wp\/v2\/users\/1"}],"replies":[{"embeddable":true,"href":"https:\/\/analyse.optim.biz\/index.php?rest_route=%2Fwp%2Fv2%2Fcomments&post=2070130"}],"version-history":[{"count":0,"href":"https:\/\/analyse.optim.biz\/index.php?rest_route=\/wp\/v2\/posts\/2070130\/revisions"}],"wp:attachment":[{"href":"https:\/\/analyse.optim.biz\/index.php?rest_route=%2Fwp%2Fv2%2Fmedia&parent=2070130"}],"wp:term":[{"taxonomy":"category","embeddable":true,"href":"https:\/\/analyse.optim.biz\/index.php?rest_route=%2Fwp%2Fv2%2Fcategories&post=2070130"},{"taxonomy":"post_tag","embeddable":true,"href":"https:\/\/analyse.optim.biz\/index.php?rest_route=%2Fwp%2Fv2%2Ftags&post=2070130"}],"curies":[{"name":"wp","href":"https:\/\/api.w.org\/{rel}","templated":true}]}}