{"id":2070129,"date":"2026-07-28T00:00:00","date_gmt":"2026-07-27T21:00:00","guid":{"rendered":"https:\/\/analyse.optim.biz\/?p=2070129"},"modified":"2026-07-28T00:00:00","modified_gmt":"2026-07-27T21:00:00","slug":"mozaic-stiri-nationale-ciucu-nu-cred-ca-mai-putem-guverna-cel-putin-10-20-de-ani-alaturi-de-psd","status":"publish","type":"post","link":"https:\/\/analyse.optim.biz\/?p=2070129","title":{"rendered":"MOZAIC \u0218TIRI NA\u021aIONALE: Ciucu: Nu cred c\u0103 mai putem guverna cel pu\u0163in 10-20 de ani al\u0103turi de PSD"},"content":{"rendered":"<p>[analyse_image type=&#8221;featured&#8221; src=&#8221;https:\/\/zdvi.cname.ro\/_\/mozaic-Stiri-naTionale-ciucu-nu-cred-ca-mai-putem-guverna-cel-putin-10-20-de-ani-alaturi-de-psd\/mediaPool\/uJWJRRu.jpeg&#8221;]<\/p>\n<div class=\"main-content detaliu-articol\"><a class=\"titlu-cat-list\" href=\"https:\/\/ziaruldevrancea.ro\/actualitatea\/national\">Na\u021bional<\/a><\/p>\n<h1>MOZAIC \u0218TIRI NA\u021aIONALE: Ciucu: Nu cred c\u0103 mai putem guverna cel pu\u0163in 10-20 de ani al\u0103turi de PSD<\/h1>\n<div class=\"date-articol clearfix\">\n<div class=\"distribuie-articol dropdown\">\n    Distribuie: \u00a0<br \/>\n    <em>|<\/em><\/div>\n<div class=\"autor-articol\"><a href=\"https:\/\/ziaruldevrancea.ro\/autor\/rodica-condurache\/\"><img decoding=\"async\" class=\"img-circle\" src=\"https:\/\/zdvi.cname.ro\/50_50\/articleAuthor\/rodica-condurache\/articleAuthor\/uy6Kz5r.jpg\" alt><\/a><\/p>\n<h5><a href=\"https:\/\/ziaruldevrancea.ro\/autor\/rodica-condurache\/\">Rodica Condurache<\/a><\/h5>\n<div class=\"grup-spatiere\"><span class=\"cu-spatiere\">28 iul 2026<\/span><span class=\"cu-spatiere\">253 vizualiz\u0103ri<\/span><\/div>\n<\/div>\n<\/div>\n<div class=\"poza-mare\"><a href class=\"openGallery\"><img decoding=\"async\" class=\"img-responsive\" src=\"https:\/\/zdvi.cname.ro\/850_530\/mozaic-Stiri-naTionale-ciucu-nu-cred-ca-mai-putem-guverna-cel-putin-10-20-de-ani-alaturi-de-psd\/article\/mediaPool\/uJWJRRu.jpeg\" alt><\/a><\/div>\n<p>\u00a0\u201ePentru c\u0103 sunt avizi de putere \u015fi vor s\u0103-\u015fi p\u0103streze privilegiile, vor face o alian\u0163\u0103 cu AUR. V\u0103d AUR \u00eentr-un bloc cu PSD\u201d, a precizat liberalul<\/p>\n<p>Primarul Capitalei, Ciprian Ciucu, a declarat mar\u0163i c\u0103, din punctul de vedere al PNL, nu crede c\u0103 mai pot guverna cel pu\u0163in 10-20 de ani al\u0103turi de PSD. Ciprian Ciucu a declarat \u00eentr-un interviu la Cotidianul c\u0103 vede AUR \u00eentr-un bloc cu PSD, la urm\u0103toarele alegeri. &#8220;V\u0103d AUR \u00eentr-un bloc cu PSD. Exist\u0103 teoria c\u0103 exist\u0103 trei tipuri de electorate, unul de tip modernizator pro-european, altul de tip retrograd PSD-ist, axat foarte mult pe institu\u0163iile statului \u015fi altul, a\u015fa zis suveranist anti-occidental. Eu a\u015f simplifica pu\u0163in lucrurile, (..) v\u0103d un clivaj pe de-o parte \u00eentre for\u0163ele pro-modernizare \u015fi pro-europene care-\u015fi doresc reform\u0103 real\u0103 a statului \u015fi partidele retrograde, pentru c\u0103 exist\u0103 acest principiu de a se comunica \u00eentre PSD \u015fi AUR. (..) Deci b\u0103t\u0103lia electoral\u0103 va fi pe aceste dou\u0103 blocuri, din punctul meu de vedere&#8221;, a declarat Ciucu.<\/p>\n<p>\u00centrebat dac\u0103 vede o alian\u0163\u0103 \u00eentre PSD \u015fi AUR, Ciucu a r\u0103spuns: &#8220;Eu \u015ftiu c\u0103 i-a promis pre\u015fedintelui, dar Sorin Grindeanu, de-a lungul timpului, a promis multe lucruri \u015fi nu s-a \u0163inut de cuv\u00e2nt&#8221;, a spus el. Potrivit lui Ciucu, puterea unui partid politic are dou\u0103 valen\u0163e, ori e\u015fti un partid foarte puternic care \u00eencerci s\u0103 iei 40 \u015fi 50% \u015fi s\u0103 formezi o coali\u0163ie \u00een care s\u0103 fii majoritar sau s\u0103 fii singur, majoritar cople\u015fitor sau s\u0103 fii singur, s\u0103 ai puterea de alian\u0163\u0103.<\/p>\n<p>&#8220;\u00cen momentul de fa\u0163\u0103, din cauza comportamentului de anul acesta \u015fi nu numai, PSD \u015fi-a pierdut foarte mult din puterea de alian\u0163\u0103, pentru c\u0103 noi nu mai avem \u00eencredere \u00een ei, tot timpul atac\u0103 USR \u015fi se atac\u0103 reciproc, deci nu vor putea face o alian\u0163\u0103 cu USR. \u015ei, ca s\u0103-\u015fi rec\u00e2\u015ftige puterea, singura lor posibilitate este s\u0103 fac\u0103 o alian\u0163\u0103 cu AUR. Deci eu cred c\u0103, p\u00e2n\u0103 la urm\u0103, pentru c\u0103 sunt avizi de putere \u015fi vor s\u0103-\u015fi p\u0103streze privilegiile, vor face o alian\u0163\u0103 cu AUR&#8221;, a men\u0163ionat Ciucu. &#8220;Din punctul nostru de vedere, nu cred c\u0103 mai putem guverna cel pu\u0163in 10-20 de ani al\u0103turi de PSD&#8221;, a mai spus Ciprian Ciucu, despre o viitoare colaborare a PNL cu PSD.<\/p>\n<p><strong>Nu ar fi o idee bun\u0103 o fuziune PNL-USR<\/strong><\/p>\n<p>Primarul Capitalei mai spune c\u0103 nu ar fi o idee bun\u0103 o fuziune PNL-USR, el ar\u0103t\u00e2nd c\u0103 se poate g\u00e2ndi un proiect politic foarte bun de modernizare a Rom\u00e2niei pentru 2028, cu For\u0163a Dreptei, Partidul REPER, chiar \u015fi Partidul Mi\u015fcarea Popular\u0103. &#8220;Nu ar fi o idee bun\u0103. \u00cen politic\u0103, faci fuziuni c\u00e2nd nu e\u015fti la putere \u015fi imediat dup\u0103 alegeri, eventual (..) cum s-a salvat Partidul Democrat Liberal c\u00e2nd s-a unit cu PNL. Dar de obicei, \u00een politic\u0103, 2 plus 2 nu fac 4, fac 3, sau 3 \u015fi jum\u0103tate. \u015ei nu cred c\u0103 este o idee bun\u0103. Cele dou\u0103 partide sunt compatibile, ca alian\u0163\u0103 electoral\u0103, dar nu cred c\u0103 sunt compatibile pentru a fi aceia\u015fi oameni \u00een aceea\u015fi organiza\u0163ie&#8221;, a ar\u0103tat el.<\/p>\n<p>Potrivit lui Ciucu, PNL poate face &#8220;o alian\u0163\u0103 electoral\u0103 larg\u0103, nu doar cu Uniunea Salva\u0163i Rom\u00e2nia\u201d. &#8220;Se poate g\u00e2ndi un proiect politic foarte bun de modernizare a Rom\u00e2niei pentru 2028. Sunt partide mai mici, dar partide valoroase. M\u0103 refer la Partidul For\u0163a Dreptei. Cu For\u0163a Dreptei am putea avea o fuziune. Poate s\u0103 fie Partidul Reper, chiar \u015fi Partidul Mi\u015fcarea Popular\u0103 poate s\u0103 adere la o astfel de alian\u0163\u0103. \u00cen special de centru, centru dreapta&#8221;, a mai afirmat Ciucu.<\/p>\n<p><strong>Ce spune despre aripa anti-Bolojan din PNL<\/strong><\/p>\n<p>Prim-vicepre\u015fedintele PNL Ciprian Ciucu a mai declarat, mar\u0163i, despre aripa anti-Bolojan din PNL, c\u0103 este o fac\u0163iune mai veche, cunoscut\u0103, care \u00eentotdeauna a \u00eencercat \u00een ultima perioad\u0103 s\u0103 se pozi\u0163ioneze al\u0103turi de PSD \u015fi sunt din ce \u00een ce mai pu\u0163ini. &#8220;Ne a\u015fteptam la o astfel de situa\u0163ie. \u00centotdeauna c\u00e2nd apar astfel de momente critice, sunt unii care vor s\u0103 r\u0103m\u00e2n\u0103 la guvernare, cei care vor ca s\u0103 guverneze cu PSD. Partidul Na\u0163ional Liberal are o fac\u0163iune mai degrab\u0103 \u00een acest moment, nu a\u015f vorbi de tabere, o fac\u0163iune care \u00ee\u015fi dore\u015fte s\u0103 mearg\u0103 mai departe cu PSD. \u015ei nu m\u0103 refer la ei, m\u0103 refer la marea majoritate a Partidului Na\u0163ional Liberal, care este unit\u0103 \u015fi care este al\u0103turi de Ilie Bolojan&#8221;, a declarat Ciprian Ciucu.<\/p>\n<p>Potrivit lui Ciucu, &#8220;aceast\u0103 fac\u0163iune din Partidul Na\u0163ional Liberal este o fac\u0163iune mai veche, cunoscut\u0103, care \u00eentotdeauna a \u00eencercat \u00een ultima perioad\u0103 s\u0103 se pozi\u0163ioneze al\u0103turi de PSD&#8221;. &#8220;Probabil c\u0103 vor merge mai departe pe aceea\u015fi politic\u0103, nu v\u0103d de ce ar schimba ceva&#8221;, a men\u0163ionat primarul.<\/p>\n<p>El a mai spus c\u0103 sunt aceia\u015fi membri ai Partidului Na\u0163ional Liberal, din ce \u00een ce mai pu\u0163ini. &#8220;Sunt undeva la 10, cred c\u0103 au r\u0103mas, mai proeminen\u0163i, vreau s\u0103 spun. Acum au inventat aceast\u0103 platform\u0103, care nu este nici m\u0103car permis\u0103 de c\u0103tre Statut, dar, \u00een fine, au f\u0103cut-o. Din p\u0103cate, din perspectiva acestei platforme, vedem zilnic atacuri la Partidul Na\u0163ional Liberal \u015fi la pre\u015fedintele ales, Ilie Bolojan, ceea ce nu este ok. Adic\u0103, din punctul meu de vedere, dac\u0103 vrei s\u0103 r\u0103m\u00e2i \u00een partid, trebuie s\u0103 respec\u0163i deciziile partidului, nu s\u0103 ataci propriul partid, \u00een modul \u00een care o fac, efectiv, zilnic, cu fel \u015fi fel de film\u0103ri \u015fi post\u0103ri pe social media&#8221;, a explicat Ciucu. &#8220;Nu-\u0163i bag\u0103 nimeni pumnul \u00een gur\u0103, pur \u015fi simplu a\u015fa func\u0163ioneaz\u0103 un partid. \u00cen afara regulilor statutare ale partidului, ajungi \u00een anarhie \u015fi, din p\u0103cate, ace\u015fti \u00eenc\u0103 colegi continu\u0103 s\u0103 atace partidul din interiorul lui, ceea ce nu este vreodat\u0103 \u00een regul\u0103, pentru c\u0103 este o lips\u0103 total\u0103 de colegialitate fa\u0163\u0103 de ceilal\u0163i, fa\u0163\u0103 de miile de membri din \u0163ar\u0103 care au votat \u00eentr-un fel \u015fi l-au sus\u0163inut pe Ilie Bolojan.<\/p>\n<p>El a respins \u015fi acuza\u0163iile c\u0103 PNL s-a userizat. &#8220;Nu \u015ftiu, \u00een primul r\u00e2nd, ce \u00eenseamn\u0103 userizare. Nimeni nu a definit userizarea. (..) \u015ei eu am fost acuzat, ani la r\u00e2nd, c\u0103 am fost userist. Prostii. Mai ales c\u0103 Ilie Bolojan este un membru foarte vechi al Partidului Na\u0163ional Liberal, mult mai vechi dec\u00e2t majoritatea din aceast\u0103 platform\u0103. A\u015fa c\u0103 sunt ni\u015fte acuze, efectiv, aiurea \u00een tramvai&#8221;, a comentat Ciucu.<\/p>\n<p><strong>Guvernul a aprobat deblocarea a 6.850 de posturi \u00een spitale<\/strong><\/p>\n<p>Guvernul a aprobat, \u00een \u015fedin\u0163a de mar\u0163i sear\u0103, Memorandumul privind organizarea concursurilor pentru ocuparea posturilor vacante din unit\u0103\u0163ile sanitare publice. Se deblocheaz\u0103, astfel, peste 6.850 de posturi, cele mai multe pentru asisten\u0163i medicali. Cea mai mare parte a posturilor sunt pentru spitale, iar aproape 400 pentru Serviciile de Ambulan\u0163\u0103 Jude\u0163ene.<\/p>\n<p>&#8220;\u00cen \u015fedin\u0163a de Guvern din aceast\u0103 sear\u0103 a fost aprobat Memorandumul privind organizarea concursurilor pentru ocuparea posturilor vacante din unit\u0103\u0163ile sanitare publice. \u200bPrin acest document se deblocheaz\u0103 un num\u0103r total de 6.850,75 de posturi&#8221;, anun\u0163\u0103, mar\u0163i sear\u0103, Ministerul S\u0103n\u0103t\u0103\u0163ii.<\/p>\n<p>Potrivit sursei citate, posturile sunt distribuite astfel:<\/p>\n<p>&#8211; \u200b6.452 de posturi pentru spitalele finan\u0163ate din Fondul Na\u0163ional Unic de Asigur\u0103ri Sociale de S\u0103n\u0103tate (FNUASS);<\/p>\n<p>&#8211; \u200b398 de posturi pentru Serviciile de Ambulan\u0163\u0103 Jude\u0163ene (SAJ). &#8220;Cea mai mare parte a posturilor deblocate vizeaz\u0103 asisten\u0163ii medicali \u015fi personalul auxiliar, categorii esen\u0163iale pentru func\u0163ionarea spitalelor \u015fi a serviciilor de ambulan\u0163\u0103&#8221;, a transmis Ministerul S\u0103n\u0103t\u0103\u0163ii.<\/p>\n<p>Structura complet\u0103 a posturilor deblocate este urm\u0103toarea:<\/p>\n<p>-\u200b 2.593 posturi pentru asisten\u0163i medicali;<\/p>\n<p>-\u200b 2.567 posturi pentru personal medical auxiliar (infirmiere, brancardieri etc.);<\/p>\n<p>-\u200b 1.433 posturi pentru medici;<\/p>\n<p>-\u200b 257 posturi pentru farmaci\u015fti, biologi, biochimi\u015fti \u015fi fizicieni.<\/p>\n<p>&#8220;Aprobarea acestui Memorandum reprezint\u0103 un pas important pentru echilibrarea resursei umane din sistemul de s\u0103n\u0103tate \u015fi pentru asigurarea continuit\u0103\u0163ii actului medical \u00een unit\u0103\u0163ile sanitare. Este o m\u0103sur\u0103 necesar\u0103, \u00eens\u0103 demersurile pentru sus\u0163inerea personalului medical \u015fi pentru eficientizarea sistemului sanitar trebuie continuate de o manier\u0103 predictibil\u0103 \u015fi ferm\u0103&#8221;, a declarat ministrul interimar al S\u0103n\u0103t\u0103\u0163ii, Cseke Attila. Decizia le permite spitalelor \u015fi serviciilor de ambulan\u0163\u0103 s\u0103 lanseze f\u0103r\u0103 \u00eent\u00e2rziere procedurile de recrutare.<\/p>\n<p>Luni sear\u0103, Ministerul S\u0103n\u0103t\u0103\u0163ii anun\u0163a c\u0103 propune deblocarea a peste 7.800 de posturi, dintre care aproape 3.000 pentru asisten\u0163i medicali \u015fi peste 1.300 pentru medici.<\/p>\n<p><strong>Ileana, so\u0163ia lui Gradu C\u00eerpaci, zis \u015fi \u201eMinistrul de Finan\u0163e\u201d, predat\u0103 autorit\u0103\u0163ilor din Germania<\/strong><\/p>\n<p>n \u00eempreun\u0103 cu so\u0163ul ei ar fi \u0163inut \u00een sclavie un b\u0103rbat pe care l-a obligat s\u0103 doneze un rinichi<\/p>\n<p>Poli\u0163ia Rom\u00e2n\u0103 a predat-o autorit\u0103\u0163ilor germane pe Ileana C\u00eerpaci, so\u0163ia lui Gradu C\u00eerpaci, zis \u015fi \u201dMinistrul de Finan\u0163e\u201d. Aceasta a fost urm\u0103rit\u0103 interna\u0163ional de c\u0103tre autorit\u0103\u0163ile din Germania, \u00een baza unui mandat european de arestare. &#8220;La data de 28 iulie 2026, Poli\u0163ia Rom\u00e2n\u0103 a predat autorit\u0103\u0163ilor germane o femeie, urm\u0103rit\u0103 interna\u0163ional de c\u0103tre autorit\u0103\u0163ile din Germania, \u00een baza unui mandat european de arestare, emis pentru s\u0103v\u00e2r\u015firea infrac\u0163iunilor de trafic de persoane raportat la prelevarea \u015fi transplantul ilegal de organe umane&#8221;, anun\u0163\u0103, mar\u0163i, Poli\u0163ia Rom\u00e2n\u0103.<\/p>\n<p>Institu\u0163ia a precizat c\u0103, \u00een 21 iulie 2026, \u00een urma unei ac\u0163iuni organizate \u00een comun cu autorit\u0103\u0163ile germane, poli\u0163i\u015ftii Inspectoratului de Poli\u0163ie Jude\u0163ean Timi\u015f, cu sprijinul poli\u0163i\u015ftilor Inspectoratului de Poli\u0163ie Jude\u0163ean Cara\u015f-Severin au depistat-o pe femeie, la o adres\u0103 din Municipiul Caransebe\u015f. &#8220;Ulterior, la data de 22 iulie 2026, Curtea de Apel Timi\u015foara a dispus, cu privire la aceasta, executarea mandatului european emis de Germania \u015fi predarea femeii autorit\u0103\u0163ilor germane&#8221;, precizeaz\u0103 Poli\u0163ia.<\/p>\n<p>Este vorba despre Ileana, so\u0163ia lui Gradu C\u00eerpaci, zis \u015fi &#8220;Ministrul de Finan\u0163e&#8221;. Cei doi fac parte dintr-unul dintre cele mai cunoscute clanuri din Timi\u015foara, ai c\u0103rui membri de\u0163in mai multe vile \u00een zona central\u0103 a ora\u015fului.<\/p>\n<p>\u00cen timp ce locuiau \u00een M\u00fcnchen (Germania), Gradu C\u00eerpaci \u015fi so\u0163ia lui l-au cazat pe un b\u0103rbat adus din Rom\u00e2nia \u00eentr-un apartament, i-au luat pa\u015faportul \u015fi buletinul \u015fi l-au izolat de familia lui r\u0103mas\u0103 \u00een \u0163ar\u0103. Apoi, l-au pus s\u0103 lucreze pentru ei \u015fi l-au constr\u00e2ns s\u0103 semneze mai multe contracte. Ulterior, l-au amenin\u0163at c\u0103 \u00eei vor ucide rudele din Rom\u00e2nia, dac\u0103 nu accept\u0103 s\u0103 \u00eei doneze un rinichi lui Gradu C\u00eerpaci, care suferea de o boal\u0103 renal\u0103. Donatorul urma s\u0103 primeasc\u0103 15.000 de euro \u015fi un apartament \u00een Timi\u015foara. Opera\u0163ia a avut loc \u00eentr-un spital din Freiburg, Germania. Dup\u0103 transplant, b\u0103rbatul nu a mai primit nimic \u015fi ar fi r\u0103mas sclavul familiei C\u00eerpaci.<\/p>\n<p>\u00cen luna martie a acestui an, poli\u0163i\u015ftii din Germania, \u00eempreun\u0103 cu procurorii DIICOT Timi\u015foara, au descins la vila familiei C\u00eerpaci, de unde au ridicat mai multe contracte de v\u00e2nzare-cump\u0103rare, poli\u0163e de asigurare, acte medicale, calculatoare \u015fi telefoane. Pe numele celor doi a fost emis un mandat european de arestare pentru trafic de persoane \u00een scopul prelev\u0103rii de organe, v\u0103t\u0103mare corporal\u0103, constr\u00e2ngere, amenin\u0163are \u015fi \u00een\u015fel\u0103ciune.<\/p>\n<p><strong>CNA a eliminat un fake news lansat de Claudiu T\u00e2rziu<\/strong><\/p>\n<p>n europarlamentarul anun\u0163a c\u0103 rom\u00e2nii risc\u0103 p\u00e2n\u0103 la 10 ani de \u00eenchisoare dac\u0103 \u00ee\u015fi sap\u0103 o f\u00e2nt\u00e2n\u0103 \u00een propria curte<\/p>\n<p>Consiliul Na\u0163ional al Audiovizualului (CNA) a analizat, mar\u0163i, fake news-ul lansat de europarlamentarul Claudiu T\u00e2rziu \u015fi a emis ordin de eliminare a con\u0163inutului ilegal, anun\u0163\u0103 organiza\u0163ia Declic.<\/p>\n<p>T\u00e2rziu sus\u0163ine c\u0103 rom\u00e2nii risc\u0103 p\u00e2n\u0103 la 10 ani de \u00eenchisoare dac\u0103 \u00ee\u015fi sap\u0103 o f\u00e2nt\u00e2n\u0103 \u00een propria curte. \u00cen 15 iulie, zeci de mii de rom\u00e2ni au intrat \u00een panic\u0103 dup\u0103 ce europarlamentarul a lansat ideea c\u0103 \u201eri\u015fti s\u0103 faci pu\u015fc\u0103rie dac\u0103 \u00ee\u0163i sapi o f\u00e2nt\u00e2n\u0103 \u00een propria curte\u201d. Clipul s-a viralizat masiv \u015fi a fost preluat de mii de alte conturi. Imediat, CNA a anun\u0163at c\u0103 a primit peste 400 de sesiz\u0103ri pe acest subiect.<\/p>\n<p>Potrivit ONG-ului, CNA va cere platformelor s\u0103 foloseasc\u0103 propriile mecanisme pentru a identifica \u015fi elimina \u015fi celelalte clipuri care propag\u0103 aceea\u015fi dezinformare.<\/p>\n<p>\u201eMul\u0163umim tuturor celor care a\u0163i trimis o sesizare \u015fi a\u0163i pus subiectul pe agenda CNA, ca prioritate. Dar aceasta este doar o victorie de etap\u0103. Vrem ca, data viitoare, CNA s\u0103 poat\u0103 identifica \u015fi opri astfel de valuri de dezinformare f\u0103r\u0103 s\u0103 fie nevoie de presiune public\u0103\u201d, a transmis Declic care solicit\u0103 cet\u0103\u0163enilor s\u0103 semneze peti\u0163ia \u201eOpri\u0163i propagarea extremismului \u00een mediul online!\u201d. Prin aceasta se cere o reform\u0103 urgent\u0103 a Consiliului Na\u0163ional al Audiovizualului (CNA), care s\u0103-i permit\u0103 institu\u0163iei s\u0103 lupte cu adev\u0103rat \u00eempotriva dezinform\u0103rii.<\/p>\n<p><strong>T\u00e2n\u0103r de 17 ani, cercetat pentru omor calificat dup\u0103 ce a ucis o femeie de 90 de ani<\/strong><\/p>\n<p>O femeie \u00een v\u00e2rst\u0103 de 90 de ani din jude\u0163ul Vaslui a fost omor\u00e2t\u0103 \u00een b\u0103taie de un adolescent \u00een v\u00e2rst\u0103 de 17 ani, care a intrat \u00een casa victimei pentru a fura bani. Femeia a fost imobilizat\u0103 la pat \u015fi lovit\u0103 violent cu pumnii, murind \u00een scurt timp. Adolescentul nu este la prima fapt\u0103 cu violen\u0163\u0103.<\/p>\n<p>Reprezentan\u0163ii Parchetului de pe l\u00e2ng\u0103 Tribunalul Vaslui au anun\u0163at, mar\u0163i, c\u0103 procurorii au fost sesiza\u0163i cu privire la faptul c\u0103 o femeie de 90 de ani din localitatea G\u00e2rceni a fost g\u0103sit\u0103 moart\u0103 \u00een locuin\u0163a sa, av\u00e2nd multiple leziuni la nivelul fe\u0163ei. &#8220;Din probatoriul administrat a rezultat c\u0103, \u00een ziua de 27.07.2026, \u00een jurul orei 6:30, inculpatul a p\u0103truns f\u0103r\u0103 drept \u00een curtea \u015fi apoi \u00een casa victimei, situate \u00een sat G\u00e2rceni, cu scopul de a sustrage bani. Acesta a surprins victima \u015fi a imobilizat-o pe patul din \u00eenc\u0103pere, aplic\u00e2ndu-i apoi multiple lovituri cu pumnii, \u00een zona capului, pentru a o \u00eempiedica s\u0103 \u0163ipe \u015fi s\u0103 alarmeze vecinii&#8221;, au afirmat procurorii.<\/p>\n<p>Ei au men\u0163ionat c\u0103 loviturile au fost foarte puternice \u015fi &#8220;au cauzat un traumatism cranio-facial, cu insuficien\u0163\u0103 cardio-respiratorie, ce a dus la decesul victimei \u00een scurt timp&#8221;. Principalul suspect este un adolescent \u00een v\u00e2rst\u0103 de 17 ani. El este cercetat pentru tentativ\u0103 la t\u00e2lh\u0103rie calificat\u0103 \u015fi omor calificat.<\/p>\n<p>Anchetatorii au precizat c\u0103 acesta nu se afl\u0103 la primul conflict cu legea. &#8220;Acesta are \u00een prezent v\u00e2rsta de 17 ani \u015fi nu este la primul conflict cu legea penal\u0103. Instan\u0163a i-a aplicat o m\u0103sur\u0103 educativ\u0103 neprivativ\u0103 de libertate, pentru s\u0103v\u00e2r\u015firea unei alte infrac\u0163iuni de mare violen\u0163\u0103&#8221;, au transmis procurorii.<\/p>\n<hr>\n<div class=\"bloc-widget widget-rosu\">\n<p>\u00cen lipsa unui acord scris din partea Ziarului de Vrancea, pute\u0163i prelua maxim 500 de caractere din acest articol dac\u0103 preciza\u0163i sursa \u015fi insera\u0163i vizibil link-ul articolului:\u00a0<span>#insertcurrentlinkhere<\/span><\/p>\n<\/div>\n<div class=\"extra-articol listing-anunturi\">\n<h6>Anun\u021buri <span class=\"text-primary\">ZdV<\/span> Premium<\/h6>\n<div class=\"row\">\n<div class=\"col-lg-4 col-md-6 bloc-egal\"><a class=\"card-anunt\" href=\"https:\/\/ziaruldevrancea.ro\/anunturi\/imobiliare\/vanzari-terenuri\/vand-teren-in-panciu\"><strong class=\"titlu\">V\u00e2nz\u0103ri terenuri<\/strong><span class=\"text-anunt\">Teren Panciu 1170 mp, cu num\u0103r cas\u0103, ap\u0103&#8230;<\/span><span class=\"data-anunt\">29.07.2026  <\/span><\/a><\/div>\n<div class=\"col-lg-4 col-md-6 bloc-egal\"><a class=\"card-anunt\" href=\"https:\/\/ziaruldevrancea.ro\/anunturi\/altele\/anulare-acte\/vand-scrumbii-afumate-capturi-dunare\"><strong class=\"titlu\">Vanzari diverse<\/strong><span class=\"text-anunt\">Pret : 117 lei \/ kg . \u00a0 Este&#8230;<\/span><span class=\"data-anunt\">29.07.2026 , Gala\u021bi , Gala\u021bi<\/span><\/a><\/div>\n<div class=\"col-lg-4 col-md-6 bloc-egal\"><a class=\"card-anunt\" href=\"https:\/\/ziaruldevrancea.ro\/anunturi\/necrolog\/decese\/dumnezeu-sa-o-aseze-in-randul-celor-drepti\"><strong class=\"titlu\">Decese<\/strong><span class=\"text-anunt\">Cu profund\u0103 durere, familia anun\u021b\u0103 trecerea la&#8230;<\/span><span class=\"data-anunt\">28.07.2026  <\/span><\/a><\/div>\n<\/div>\n<\/div>\n<div class=\"extra-articol alte-articole\">\n<div class=\"row\">\n<div class=\"col-lg-6 bloc-egal\">\n<div class=\"card articol-listing\">\n<h6>\u00cen categoria <a href=\"https:\/\/ziaruldevrancea.ro\/actualitatea\/national\">Na\u021bional<\/a><\/h6>\n<div class=\"grup-articol-listing\">\n<div class=\"cont-pils\"><a href=\"https:\/\/ziaruldevrancea.ro\/actualitatea\/national\/mozaic-Stiri-naTionale-paul-de-romania-bun-de-impachetat-si-trimis-acasa\"><img decoding=\"async\" src=\"https:\/\/zdvi.cname.ro\/180_135\/actualitatea\/national\/mozaic-Stiri-naTionale-paul-de-romania-bun-de-impachetat-si-trimis-acasa\/mediaPool\/uvtGPut.jpeg\" class=\"img-responsive img-180\" alt><\/a><\/div>\n<h2><a class=\"link-titlu\" href=\"https:\/\/ziaruldevrancea.ro\/actualitatea\/national\/mozaic-Stiri-naTionale-paul-de-romania-bun-de-impachetat-si-trimis-acasa\">MOZAIC \u0218TIRI NA\u021aIONALE: Paul de Rom\u00e2nia, bun de \u201e\u00eempachetat\u201d \u0219i trimis acas\u0103<\/a><\/h2>\n<div class=\"date-post\"><a href=\"https:\/\/ziaruldevrancea.ro\/autor\/radu-tomescu\">Radu Tomescu<\/a>, 29 iul 2026  <\/div>\n<\/div>\n<div class=\"grup-articol-listing\">\n<div class=\"cont-pils\"><a href=\"https:\/\/ziaruldevrancea.ro\/actualitatea\/national\/mozaic-Stiri-naTionale-greva-generala-in-sanatate\"><img decoding=\"async\" src=\"https:\/\/zdvi.cname.ro\/180_135\/actualitatea\/national\/mozaic-Stiri-naTionale-greva-generala-in-sanatate\/mediaPool\/uWZk34o.jpeg\" class=\"img-responsive img-180\" alt><\/a><\/div>\n<h2><a class=\"link-titlu\" href=\"https:\/\/ziaruldevrancea.ro\/actualitatea\/national\/mozaic-Stiri-naTionale-greva-generala-in-sanatate\">MOZAIC \u0218TIRI NA\u021aIONALE: Grev\u0103 general\u0103 \u00een S\u0103n\u0103tate<\/a><\/h2>\n<div class=\"date-post\"><a href=\"https:\/\/ziaruldevrancea.ro\/autor\/rodica-condurache\">Rodica Condurache<\/a>, 27 iul 2026  <\/div>\n<\/div>\n<div class=\"grup-articol-listing\">\n<div class=\"cont-pils\"><a href=\"https:\/\/ziaruldevrancea.ro\/actualitatea\/national\/mozaic-Stiri-naTionale-basescu-despre-dan-are-un-popor-cu-care-nu-se-potriveste.-noi-vrem-mai-repede-el-vrea-mai-incet\"><img decoding=\"async\" src=\"https:\/\/zdvi.cname.ro\/180_135\/actualitatea\/national\/mozaic-Stiri-naTionale-basescu-despre-dan-are-un-popor-cu-care-nu-se-potriveste.-noi-vrem-mai-repede-el-vrea-mai-incet\/mediaPool\/uEIDcLv.jpg\" class=\"img-responsive img-180\" alt><\/a><\/div>\n<h2><a class=\"link-titlu\" href=\"https:\/\/ziaruldevrancea.ro\/actualitatea\/national\/mozaic-Stiri-naTionale-basescu-despre-dan-are-un-popor-cu-care-nu-se-potriveste.-noi-vrem-mai-repede-el-vrea-mai-incet\">MOZAIC \u0218TIRI NA\u021aIONALE: B\u0103sescu, despre Dan: Are un popor cu care nu se potrive\u015fte. Noi vrem mai repede, el vrea mai \u00eencet<\/a><\/h2>\n<div class=\"date-post\"><a href=\"https:\/\/ziaruldevrancea.ro\/autor\/rodica-condurache\">Rodica Condurache<\/a>, 26 iul 2026  <\/div>\n<\/div>\n<\/div>\n<\/div>\n<div class=\"col-lg-6 bloc-egal\">\n<div class=\"card articol-listing\">\n<h6>De acela\u0219i <a href=\"https:\/\/ziaruldevrancea.ro\/autor\/rodica-condurache\/\">autor<\/a><\/h6>\n<div class=\"grup-articol-listing\">\n<div class=\"cont-pils\"><a href=\"https:\/\/ziaruldevrancea.ro\/timp-liber\/astazi-despre-psihologul-clinician-andrei-partos---om-bun---nevoia-de-a-repune-muzica-si-poezia-romaneasca-la-un-loc-bun\"><img decoding=\"async\" src=\"https:\/\/zdvi.cname.ro\/180_135\/timp-liber\/astazi-despre-psihologul-clinician-andrei-partos---om-bun---nevoia-de-a-repune-muzica-si-poezia-romaneasca-la-un-loc-bun\/mediaPool\/uYSVhEO.jpg\" class=\"img-responsive img-180\" alt><\/a><\/div>\n<h2><a class=\"link-titlu\" href=\"https:\/\/ziaruldevrancea.ro\/timp-liber\/astazi-despre-psihologul-clinician-andrei-partos---om-bun---nevoia-de-a-repune-muzica-si-poezia-romaneasca-la-un-loc-bun\">VIDEO V\u0103 mai aminti\u021bi de \u201eRADIO VACAN\u021aA COSTINE\u0218TI\u201d? Ast\u0103zi despre vocea Costine\u015ftiului de alt\u0103dat\u0103. Andrei Parto\u0219 &#8211; Psihologul clinician care dup\u0103 zece ani de activitate s-a dedicat nevoii de a repune muzica \u015fi poezia rom\u00e2neasc\u0103 la un loc bun<\/a><\/h2>\n<div class=\"date-post\"><a href=\"https:\/\/ziaruldevrancea.ro\/autor\/rodica-condurache\">Rodica Condurache<\/a>, 31 iul 2026  <\/div>\n<\/div>\n<div class=\"grup-articol-listing\">\n<div class=\"cont-pils\"><a href=\"https:\/\/ziaruldevrancea.ro\/timp-liber\/horoscop-31-iulie-2026\"><img decoding=\"async\" src=\"https:\/\/zdvi.cname.ro\/180_135\/timp-liber\/horoscop-31-iulie-2026\/mediaPool\/uA8enxT.jpg\" class=\"img-responsive img-180\" alt><\/a><\/div>\n<h2><a class=\"link-titlu\" href=\"https:\/\/ziaruldevrancea.ro\/timp-liber\/horoscop-31-iulie-2026\">Horoscop 31 iulie 2026 <\/a><\/h2>\n<div class=\"date-post\"><a href=\"https:\/\/ziaruldevrancea.ro\/autor\/rodica-condurache\">Rodica Condurache<\/a>, 31 iul 2026  <\/div>\n<\/div>\n<div class=\"grup-articol-listing\">\n<div class=\"cont-pils\"><a href=\"https:\/\/ziaruldevrancea.ro\/timp-liber\/calendarul-zilei-de-31-iulie-evenimente-personalitati-si-momente-care-au-marcat-aceasta-zi\"><img decoding=\"async\" src=\"https:\/\/zdvi.cname.ro\/180_135\/timp-liber\/calendarul-zilei-de-31-iulie-evenimente-personalitati-si-momente-care-au-marcat-aceasta-zi\/mediaPool\/uVFdgAV.jpg\" class=\"img-responsive img-180\" alt><\/a><\/div>\n<h2><a class=\"link-titlu\" href=\"https:\/\/ziaruldevrancea.ro\/timp-liber\/calendarul-zilei-de-31-iulie-evenimente-personalitati-si-momente-care-au-marcat-aceasta-zi\">Calendarul zilei de 31 iulie | Evenimente, personalit\u0103\u021bi \u0219i momente care au marcat aceast\u0103 zi<\/a><\/h2>\n<div class=\"date-post\"><a href=\"https:\/\/ziaruldevrancea.ro\/autor\/rodica-condurache\">Rodica Condurache<\/a>, 31 iul 2026  <\/div>\n<\/div>\n<\/div>\n<\/div>\n<\/div>\n<\/div>\n<div class=\"extra-articol listing-anunturi\">\n<h6>Anun\u021buri <span class=\"text-primary\">ZdV<\/span> Premium<\/h6>\n<div class=\"row\">\n<div class=\"col-lg-4 col-md-6 bloc-egal\"><a class=\"card-anunt\" href=\"https:\/\/ziaruldevrancea.ro\/anunturi\/imobiliare\/vanzari-case\/vand-casa-si-teren-in-panciu-anunt-72818\"><strong class=\"titlu\">V\u00e2nz\u0103ri case<\/strong><span class=\"text-anunt\">V\u00e2nd cas\u0103 cu 2 camere, buc\u0103t\u0103rie, baie,&#8230;<\/span><span class=\"data-anunt\">23.07.2026  <\/span><\/a><\/div>\n<div class=\"col-lg-4 col-md-6 bloc-egal\"><a class=\"card-anunt\" href=\"https:\/\/ziaruldevrancea.ro\/anunturi\/angajari\/cereri-angajari\/doresc-angajare-anunt-72815\"><strong class=\"titlu\">Cereri<\/strong><span class=\"text-anunt\">Doresc s\u0103 am grij\u0103 de un copil de gradini\u021b\u0103&#8230;<\/span><span class=\"data-anunt\">21.07.2026  <\/span><\/a><\/div>\n<div class=\"col-lg-4 col-md-6 bloc-egal\"><a class=\"card-anunt\" href=\"https:\/\/ziaruldevrancea.ro\/anunturi\/inchirieri\/locuinte-oferte\/primesc-in-gazda-anunt-72816\"><strong class=\"titlu\">Locuin\u021be oferte<\/strong><span class=\"text-anunt\">\u00a0Primesc \u00een gazd\u0103 la cas\u0103.<\/p>\n<p>Tel&#8230;.<\/span><span class=\"data-anunt\">21.07.2026  <\/span><\/a><\/div>\n<\/div>\n<\/div>\n<div class=\"bloc-widget widget-albastru\">\n    Ziarul de Vrancea \u00a0nu este responsabil juridic pentru con\u0163inutul textelor din comentariile de mai jos. Responsabilitatea pentru mesajele dumneavoastra v\u0103 revine \u00een exclusivitate.\n<\/div>\n<div class=\"comentarii-articol\" id=\"comentarii\">\n<h3>Comentarii: <span class=\"text-primary\">0<\/span><\/h3>\n<p><a href=\"https:\/\/ziaruldevrancea.ro\/actualitatea\/national\/mozaic-Stiri-naTionale-ciucu-nu-cred-ca-mai-putem-guverna-cel-putin-10-20-de-ani-alaturi-de-psd\" class=\"btn btn-success btn-adauga-com\" data-toggle=\"modal\" data-parent=\"0\" data-target=\"#commentModal\">Adaug\u0103 comentariu<\/a><\/p>\n<div class=\"loadMask comments-mask\"><img decoding=\"async\" src=\"https:\/\/zdvs.cname.ro\/images\/loader_40.gif\"><\/div>\n<div class=\"comenteaza-jos\">Trebuie s\u0103 fii <a href=\"https:\/\/ziaruldevrancea.ro\/account\">autentificat<\/a> pentru a putea <a href=\"https:\/\/ziaruldevrancea.ro\/actualitatea\/national\/mozaic-Stiri-naTionale-ciucu-nu-cred-ca-mai-putem-guverna-cel-putin-10-20-de-ani-alaturi-de-psd\" class data-toggle=\"modal\" data-parent=\"0\" data-target=\"#commentModal\">posta un comentariu<\/a>.<\/div>\n<\/div>\n<div class=\"modal fade\" id=\"commentModal\" role=\"dialog\" aria-labelledby=\"commentModalLabel\">\n<div class=\"modal-dialog modal-lg\" role=\"document\">\n<div class=\"modal-content\">\n<div class=\"modal-header\">\n<h3 class=\"modal-title\" id=\"commentModalLabel\">Comenteaz\u0103<\/h3>\n<\/div>\n<div class=\"modal-body\">\n<div class=\"tabel tabel-full\">\n<div class=\"celula\">\n              Trebuie s\u0103 fii <a href=\"https:\/\/ziaruldevrancea.ro\/account\">autentificat<\/a> pentru a putea posta un comentariu.\n            <\/div>\n<\/div>\n<\/div>\n<div class=\"modal-footer\">\n<div id=\"commentPending\" class=\"formPending pull-left\"><img decoding=\"async\" src=\"https:\/\/zdvs.cname.ro\/images\/loader_40.gif\"> In curs de procesare&#8230;<\/div>\n<p><a href=\"https:\/\/ziaruldevrancea.ro\/actualitatea\/national\/mozaic-Stiri-naTionale-ciucu-nu-cred-ca-mai-putem-guverna-cel-putin-10-20-de-ani-alaturi-de-psd\" class=\"btn btn-default\" data-dismiss=\"modal\">Anuleaz\u0103<\/a><\/div>\n<\/div>\n<\/div>\n<\/div>\n<div class=\"modal fade\" id=\"commentReportModal\" role=\"dialog\" aria-labelledby=\"commentReportModalLabel\">\n<div class=\"modal-dialog modal-lg\" role=\"document\">\n<div class=\"modal-content\">\n<div class=\"modal-header\">\n<h3 class=\"modal-title\" id=\"commentReportModalLabel\">Raporteaza comentariu<\/h3>\n<\/div>\n<div class=\"modal-body\">\n<div class=\"tabel tabel-full\">\n<div class=\"celula\">\n              Trebuie s\u0103 fii <a href=\"https:\/\/ziaruldevrancea.ro\/account\">autentificat<\/a> pentru a putea raporta un comentariu.\n            <\/div>\n<\/div>\n<\/div>\n<div class=\"modal-footer\">\n<div id=\"commentReportPending\" class=\"formPending pull-left\"><img decoding=\"async\" src=\"https:\/\/zdvs.cname.ro\/images\/loader_40.gif\"> In curs de procesare&#8230;<\/div>\n<p><a href=\"https:\/\/ziaruldevrancea.ro\/actualitatea\/national\/mozaic-Stiri-naTionale-ciucu-nu-cred-ca-mai-putem-guverna-cel-putin-10-20-de-ani-alaturi-de-psd\" class=\"btn btn-default\" data-dismiss=\"modal\">Anuleaz\u0103<\/a><\/div>\n<\/div>\n<\/div>\n<\/div>\n<div class=\"modal fade\" id=\"commentLikeModal\" role=\"dialog\" aria-labelledby=\"commentLikeModalLabel\">\n<div class=\"modal-dialog modal-lg\" role=\"document\">\n<div class=\"modal-content\">\n<div class=\"modal-header\">\n<h3 class=\"modal-title\" id=\"commentReportModalLabel\">Apreciaza comentariu<\/h3>\n<\/div>\n<div class=\"modal-body\">\n<div class=\"tabel tabel-full\">\n<div class=\"celula\">\n            Trebuie s\u0103 fii <a href=\"https:\/\/ziaruldevrancea.ro\/account\">autentificat<\/a> pentru a putea aprecia un comentariu.\n          <\/div>\n<\/div>\n<\/div>\n<div class=\"modal-footer\"><a href=\"https:\/\/ziaruldevrancea.ro\/actualitatea\/national\/mozaic-Stiri-naTionale-ciucu-nu-cred-ca-mai-putem-guverna-cel-putin-10-20-de-ani-alaturi-de-psd\" class=\"btn btn-default\" data-dismiss=\"modal\">Anuleaz\u0103<\/a><\/div>\n<\/div>\n<\/div>\n<\/div>\n<div class=\"bloc-widget widget-rosu\"><span><small>Ziarul de Vrancea doreste ca acest site sa fie un spatiu al discutiilor civilizate, al comentariilor de bun simt. Din acest motiv, cei care posteaza comentarii la articole trebuie sa respecte urmatoarele reguli:<br \/>\n1. Sa se refere doar la articolul la care posteaza comentarii.<br \/>\n2. Sa foloseasca un limbaj civilizat, fara injurii, calomnii, comentarii antisemite, xenofobe sau rasiste.<br \/>\n3. Sunt interzise atacurile la adresa autorilor, daca acestea nu au legatura cu textul.<br \/>\n4. Username-ul sa nu fie nume de personalitati ale vietii publice sau parodieri ale acestora.<br \/>\nAutorul unui articol poate fi criticat pentru eventuale greseli, incoerenta, lipsa de documentare etc.<br \/>\nNerespectarea regulilor mentionate mai sus va duce la stergerea comentariilor, fara avertisment si fara explicatii.<br \/>\nAbaterile repetate vor avea drept consecinta interdictia accesului la aceasta facilitate a site-ului.<\/small><\/span><\/div>\n<\/div>\n<p>[analyse_source url=&#8221;https:\/\/ziaruldevrancea.ro\/actualitatea\/national\/mozaic-Stiri-naTionale-ciucu-nu-cred-ca-mai-putem-guverna-cel-putin-10-20-de-ani-alaturi-de-psd&#8221;]<\/p>\n","protected":false},"excerpt":{"rendered":"<p>[analyse_image type=&#8221;featured&#8221; src=&#8221;https:\/\/zdvi.cname.ro\/_\/mozaic-Stiri-naTionale-ciucu-nu-cred-ca-mai-putem-guverna-cel-putin-10-20-de-ani-alaturi-de-psd\/mediaPool\/uJWJRRu.jpeg&#8221;] Na\u021bional MOZAIC \u0218TIRI NA\u021aIONALE: Ciucu: Nu cred c\u0103 mai putem guverna cel pu\u0163in 10-20 de ani al\u0103turi de PSD Distribuie: \u00a0 | Rodica Condurache 28 iul 2026253 vizualiz\u0103ri \u00a0\u201ePentru c\u0103 sunt avizi de putere \u015fi vor s\u0103-\u015fi p\u0103streze privilegiile, vor face o alian\u0163\u0103 cu AUR. V\u0103d AUR \u00eentr-un bloc cu PSD\u201d, a [&hellip;]<\/p>\n","protected":false},"author":1,"featured_media":0,"comment_status":"open","ping_status":"","sticky":false,"template":"","format":"standard","meta":{"footnotes":""},"categories":[89],"tags":[226,208],"class_list":["post-2070129","post","type-post","status-publish","format-standard","hentry","category-romania","tag-crawlmanager","tag-ziaruldevrancea-ro"],"_links":{"self":[{"href":"https:\/\/analyse.optim.biz\/index.php?rest_route=\/wp\/v2\/posts\/2070129","targetHints":{"allow":["GET"]}}],"collection":[{"href":"https:\/\/analyse.optim.biz\/index.php?rest_route=\/wp\/v2\/posts"}],"about":[{"href":"https:\/\/analyse.optim.biz\/index.php?rest_route=\/wp\/v2\/types\/post"}],"author":[{"embeddable":true,"href":"https:\/\/analyse.optim.biz\/index.php?rest_route=\/wp\/v2\/users\/1"}],"replies":[{"embeddable":true,"href":"https:\/\/analyse.optim.biz\/index.php?rest_route=%2Fwp%2Fv2%2Fcomments&post=2070129"}],"version-history":[{"count":0,"href":"https:\/\/analyse.optim.biz\/index.php?rest_route=\/wp\/v2\/posts\/2070129\/revisions"}],"wp:attachment":[{"href":"https:\/\/analyse.optim.biz\/index.php?rest_route=%2Fwp%2Fv2%2Fmedia&parent=2070129"}],"wp:term":[{"taxonomy":"category","embeddable":true,"href":"https:\/\/analyse.optim.biz\/index.php?rest_route=%2Fwp%2Fv2%2Fcategories&post=2070129"},{"taxonomy":"post_tag","embeddable":true,"href":"https:\/\/analyse.optim.biz\/index.php?rest_route=%2Fwp%2Fv2%2Ftags&post=2070129"}],"curies":[{"name":"wp","href":"https:\/\/api.w.org\/{rel}","templated":true}]}}