{"id":2070128,"date":"2026-07-27T00:00:00","date_gmt":"2026-07-26T21:00:00","guid":{"rendered":"https:\/\/analyse.optim.biz\/?p=2070128"},"modified":"2026-07-27T00:00:00","modified_gmt":"2026-07-26T21:00:00","slug":"mozaic-stiri-nationale-greva-generala-in-sanatate","status":"publish","type":"post","link":"https:\/\/analyse.optim.biz\/?p=2070128","title":{"rendered":"MOZAIC \u0218TIRI NA\u021aIONALE: Grev\u0103 general\u0103 \u00een S\u0103n\u0103tate"},"content":{"rendered":"<p>[analyse_image type=&#8221;featured&#8221; src=&#8221;https:\/\/zdvi.cname.ro\/_\/mozaic-Stiri-naTionale-greva-generala-in-sanatate\/mediaPool\/uWZk34o.jpeg&#8221;]<\/p>\n<div class=\"main-content detaliu-articol\"><a class=\"titlu-cat-list\" href=\"https:\/\/ziaruldevrancea.ro\/actualitatea\/national\">Na\u021bional<\/a><\/p>\n<h1>MOZAIC \u0218TIRI NA\u021aIONALE: Grev\u0103 general\u0103 \u00een S\u0103n\u0103tate<\/h1>\n<div class=\"date-articol clearfix\">\n<div class=\"distribuie-articol dropdown\">\n    Distribuie: \u00a0<br \/>\n    <em>|<\/em><\/div>\n<div class=\"autor-articol\"><a href=\"https:\/\/ziaruldevrancea.ro\/autor\/rodica-condurache\/\"><img decoding=\"async\" class=\"img-circle\" src=\"https:\/\/zdvi.cname.ro\/50_50\/articleAuthor\/rodica-condurache\/articleAuthor\/uy6Kz5r.jpg\" alt><\/a><\/p>\n<h5><a href=\"https:\/\/ziaruldevrancea.ro\/autor\/rodica-condurache\/\">Rodica Condurache<\/a><\/h5>\n<div class=\"grup-spatiere\"><span class=\"cu-spatiere\">27 iul 2026<\/span><span class=\"cu-spatiere\">310 vizualiz\u0103ri<\/span><\/div>\n<\/div>\n<\/div>\n<div class=\"poza-mare\"><a href class=\"openGallery\"><img decoding=\"async\" class=\"img-responsive\" src=\"https:\/\/zdvi.cname.ro\/850_530\/mozaic-Stiri-naTionale-greva-generala-in-sanatate\/article\/mediaPool\/uWZk34o.jpeg\" alt><\/a><\/div>\n<p>MS a cerut direc\u0163iilor de s\u0103n\u0103tate public\u0103 s\u0103 monitorizeze activitatea din unit\u0103\u0163ile sanitare n ce spune ministrul S\u0103n\u0103t\u0103\u021bii<\/p>\n<p>\u00a0<\/p>\n<p>Ministerul S\u0103n\u0103t\u0103\u0163ii a cerut direc\u0163iilor de s\u0103n\u0103tate public\u0103, \u00een contextul grevei generale declan\u015fate mar\u0163i, s\u0103 monitorizeze activitatea din unit\u0103\u0163ile sanitare \u015fi s\u0103 raporteze urgent orice incident sau situa\u0163ie de criz\u0103 care poate afecta continuitatea serviciilor medicale pentru pacien\u0163i.<\/p>\n<p>Ministerul S\u0103n\u0103t\u0103\u0163ii precizeaz\u0103 c\u0103 respect\u0103 dreptul constitu\u0163ional al angaja\u0163ilor de a organiza ac\u0163iuni sindicale \u015fi reafirm\u0103 c\u0103 dialogul social reprezint\u0103 baza identific\u0103rii unor solu\u0163ii reale, echilibrate \u015fi sustenabile pentru sistemul de s\u0103n\u0103tate \u015fi pentru personalul medical.<\/p>\n<p>\u00cen perioada premerg\u0103toare ac\u0163iunilor de protest, Ministerul S\u0103n\u0103t\u0103\u0163ii afirm\u0103 c\u0103 a desf\u0103\u015furat discu\u0163ii cu partenerii sociali \u015fi a formulat propuneri pentru noua lege a salariz\u0103rii, cu obiectivul de a asigura o remunerare mai echitabil\u0103, adaptat\u0103 responsabilit\u0103\u0163ilor \u015fi complexit\u0103\u0163ii activit\u0103\u0163ii din sistemul sanitar. Printre m\u0103surile propuse se reg\u0103sesc: cre\u015fterea sporului pentru g\u0103rzile efectuate \u00een structurile de urgen\u0163\u0103 de la 20% la 30%; introducerea unui program-pilot de salarizare pe criterii de performan\u0163\u0103 pentru personalul medical din unit\u0103\u0163ile sanitare publice; revizuirea modului de acordare a sporurilor pentru condi\u0163ii periculoase, prin stabilirea unor criterii clare \u015fi diferen\u0163iate \u00een func\u0163ie de specificul activit\u0103\u0163ii; reconfigurarea coeficien\u0163ilor de salarizare pentru corectarea dezechilibrelor existente \u015fi o ierarhizare corect\u0103 a func\u0163iilor; stabilirea unei perioade de tranzi\u0163ie pentru aplicarea noilor prevederi salariale. Totodat\u0103, Ministerul S\u0103n\u0103t\u0103\u0163ii a ini\u0163iat Memorandumul privind deblocarea a peste 7000 de posturi \u00een unit\u0103\u0163ile sanitare publice, m\u0103sur\u0103 destinat\u0103 reducerii deficitului de personal \u015fi consolid\u0103rii capacit\u0103\u0163ii sistemului medical.<\/p>\n<p>SANITAS a declan\u015fat, mar\u0163i, greva general\u0103 \u00een semn de protest fa\u0163\u0103 de Legea salariz\u0103rii, despre care reprezentan\u0163ii federa\u0163iei spun c\u0103 perpetueaz\u0103 inechit\u0103\u0163i salariale \u00eentre diferite categorii profesionale din sistem. Negocierile, care au avut loc inclusiv la Palatul Cotroceni, nu i-au determinat pe angaja\u0163ii din sistem s\u0103 renun\u0163e la protest. Sindicali\u015ftii SANITAS au reclamat presiuni, afirm\u00e2nd c\u0103 managerii unor institu\u0163ii au solicitat liste cu numele salaria\u0163ilor care particip\u0103 la protest, \u00een vederea suspend\u0103rii contractelor individuale de munc\u0103. Deci\u015fi s\u0103 intre \u00een grev\u0103 general\u0103 pe termen nelimitat, sindicali\u015ftii anun\u0163\u0103 c\u0103 spitalele vor asigura doar asisten\u0163a medical\u0103 \u015fi serviciile esen\u0163iale, astfel \u00eenc\u00e2t pacien\u0163ii &#8220;s\u0103 nu fie lipsi\u0163i de \u00eengrijirile de care au nevoie&#8221;.<\/p>\n<p><strong>Cseke Attila: Am primit asigur\u0103ri c\u0103 veniturile angaja\u0163ilor din sistemul medical nu vor sc\u0103dea<\/strong><\/p>\n<p>Ministrul interimar al S\u0103n\u0103t\u0103\u0163ii, Cseke Attila, afirm\u0103 c\u0103 a primit asigur\u0103ri de la Ministerul Muncii c\u0103 veniturile angaja\u0163ilor din sistemul medical nu vor sc\u0103dea, subliniind c\u0103 nu ministerul pe care \u00eel conduce este \u201eini\u0163iatorul\u201d proiectului Legii salariz\u0103rii unitare, ci Ministerul Muncii, dar \u015fi c\u0103 acest proiect vizeaz\u0103 salarizarea \u00eentregului sistem bugetar, nu doar a celui sanitar. Pe de alt\u0103 parte, Cseke, \u00een calitate de parlamentar UDMR, s-a ar\u0103tat sceptic \u00een privin\u0163a adopt\u0103rii \u00een Parlament a proiectului \u00eentr-un \u201etimp scurt\u201d.<\/p>\n<p>\u201eVreau s\u0103 specific c\u0103 acest proiect al legii salariz\u0103rii nu este un proiect al legii salariz\u0103rii \u00een domeniul sanitar, ci o salarizare unitar\u0103 pentru domeniul bugetar, deci nu este un proiect ini\u0163iat de c\u0103tre Ministerul S\u0103n\u0103t\u0103\u0163ii. Noi am dat ajutor pe partea noastr\u0103 profesional\u0103, astfel \u00eenc\u00e2t s\u0103 rezolv\u0103m c\u00e2t mai multe dintre problemele pe care le-am identificat. Am f\u0103cut \u015fi o adres\u0103 s\u0103pt\u0103m\u00e2na trecut\u0103 Ministerului Muncii, \u00een care am identificat aceste chestiuni \u015fi \u00een care mare partea lor sunt solu\u0163ionate ast\u0103zi\u201d, a declarat, mar\u0163i, \u00eentr-o interven\u0163ie la Digi 24, ministrul interimar al S\u0103n\u0103t\u0103\u0163ii, Cseke Attila, preciz\u00e2nd c\u0103 toate datele tehnice cu privire la calcule, sporuri \u015fi altele trebuie s\u0103 le dea ini\u0163iatorul, care este Ministerul Muncii. \u00centrebat dac\u0103 a discutat cu ministrul interimar al Muncii, Drago\u015f P\u00e2slaru, dac\u0103 prin aplicarea noii legi ar urma s\u0103 scad\u0103 veniturile angaja\u0163ilor din sistemul de s\u0103n\u0103tate, Cseke a r\u0103spuns c\u0103 \u201eevident\u201d c\u0103 a \u00eentrebat acest lucru. \u201eAsigur\u0103rile sunt c\u0103 nu vor sc\u0103dea veniturile, la circa 80% va avea loc o cre\u015ftere a veniturilor \u015fi 20% vor intra pe sistemul de compensare, \u00een sensul \u00een care veniturile actuale vor r\u0103m\u00e2ne la acela\u015fi nivel p\u00e2n\u0103 la 2031. Dar acestea sunt, \u00eenc\u0103 o dat\u0103, pe baza informa\u0163iilor pe care noi le primim\u201d, a punctat ministrul.<\/p>\n<p>Cseke Attila a ad\u0103ugat c\u0103 a primit asigur\u0103ri de la Ministerul Muncii c\u0103 veniturile angaja\u0163ilor nu vor sc\u0103dea, afirma\u0163ia fiind \u00een contextul \u00een care participan\u0163i la greva general\u0103 au spus c\u0103 vor pierde 600-700 de lei la salariu.<\/p>\n<p>\u00centrebat dac\u0103 sindicatele sunt de acord cu Memorandumul ini\u0163iat de MS pentru deblocarea a 7.800 de posturi din S\u0103n\u0103tate \u015fi ce se va \u00een\u00e2mpla \u00een continuare, ministrul interimar a r\u0103spuns: \u201eEu cred c\u0103 sunt de acord, pentru c\u0103 pe actuala legisla\u0163ie, modalitatea de deblocare a posturilor, a angaj\u0103rilor \u00een spitale este prin acest mecanism prin care Ministerul S\u0103n\u0103t\u0103\u0163ii ini\u0163iaz\u0103 acest proiect de memorandum. \u015ei \u00een ultimii doi ani este singura ini\u0163iativ\u0103, pe circuitul de avizare interministerial al Ministerului S\u0103n\u0103t\u0103\u0163ii, prin care propunem deblocarea unui num\u0103r semnificativ de posturi. Am avut o prim\u0103 variant\u0103, au cerut analizarea \u015fi a altor criterii, de baza c\u0103rora s\u0103 facem aceast\u0103 analiz\u0103, am f\u0103cut aceast\u0103 analiz\u0103, am finalizat acest proiect de memorandum \u015fi l-am pus \u00een circuitul de avizare interministerial\u201d.<\/p>\n<p>Ministrul a spus c\u0103 posturile ar urma s\u0103 fie deblocate \u00een momentul \u00een care se aprob\u0103 \u00een \u015fedin\u0163a de Guvern. \u00a0\u201eMemorandumul are \u015fi o anex\u0103 cu toate spitalele, exact c\u00e2t se aloc\u0103 pentru fiecare spital. Pot s\u0103 v\u0103 spun c\u0103 pe noile criterii, spitalele care au o complexitate medical\u0103, trateaz\u0103 diagnostice mai complexe, au un num\u0103r \u00een cre\u015ftere de posturi care urmeaz\u0103 a fi deblocate \u015fi cele care au o complexitate mai mic\u0103, acolo num\u0103rul propus de deblocare este mai redus. S-a acordat prioritate acelor spitale care trateaz\u0103 bolnavii cu problematici mai complexe\u201d, a afirmat Cseke Attila.<\/p>\n<p>Potrivit acestuia, \u00een momentul \u00een care Memorandumul este aprobat, Ministerul S\u0103n\u0103t\u0103\u0163ii comunic\u0103 fiec\u0103rui spital exact num\u0103rul de posturi deblocate, dup\u0103 care unitatea sanitar\u0103 poate \u00eencepe procedura de angajare.<\/p>\n<p>Totodat\u0103, Cseke Attila le transmite pacien\u0163ilor care aveau o programare la medic, \u00eentr-un spital public, \u00een aceast\u0103 zi, c\u0103 Ministerul S\u0103n\u0103t\u0103\u0163ii \u201eface toate demersurile pentru a fi al\u0103turi de ei\u201d. Cseke Attila a ad\u0103ugat c\u0103, \u00een condi\u0163iile \u00een care discu\u0163iile tehnice au avansat foarte mult, interesul MS este acela ca \u201eaceast\u0103 grev\u0103 s\u0103 se termine c\u00e2t mai rapid\u201d.<\/p>\n<p>Pe de alt\u0103 parte, \u00een calitate de parlamentar UDMR, Cseke Attila a afirmat c\u0103 \u201ese vede foarte clar c\u0103 cel pu\u0163in ast\u0103zi, c\u00e2nd se discut\u0103\u201d, nu sunt \u201e\u015fanse pe termen scurt, \u00eentr-o zi, dou\u0103, \u00eentr-o s\u0103pt\u0103m\u00e2n\u0103, ca acest proiect al salariz\u0103rii unitare pe multiple domenii s\u0103 fie adoptat\u201d. \u201e\u015ei atunci, eu cred c\u0103 discu\u0163iile tehnice sunt importante, discu\u0163iile cu grupurile parlamentare pentru a se g\u0103sit solu\u0163ii, dac\u0103 se g\u0103sesc solu\u0163ii \u00een comun, trebuie promovat \u015fi trebuie aprobat, dac\u0103 nu, trebuie abandonat acest proiect\u201d, a punctat Cseke Attila.<\/p>\n<p>\u00cen leg\u0103tur\u0103 cu posibilitatea adopt\u0103rii proiectului p\u00e2n\u0103 la sf\u00e2r\u015fitul lunii august, potrivit jalonului din PNRR, ministrul interimar al S\u0103n\u0103t\u0103\u0163ii a spus c\u0103 acesta este \u201edezideratul\u201d, dar c\u0103 este vorba despre \u201eo majoritate parlamentar\u0103\u201d, \u00een condi\u0163iile \u00een care guvernul este interimar \u015fi \u201enu poate face nimic, nici m\u0103car proiecte legislative nu poate introduce \u00een Parlament, nu s\u0103 adopte ordonan\u0163e\u201d.<\/p>\n<p><strong>Fost ministru moldovean: Poate e timpul ca Maia Sandu s\u0103 analizeze posibilitatea retragerii cet\u0103\u0163eniei moldovene\u015fti lui Dan Dungaciu<\/strong><\/p>\n<p>prim-vicepre\u015fedinte AUR a declarat c\u0103 Republica Moldova nu ar mai trebui ajutat\u0103<\/p>\n<p>Fostul ministru moldovean al Ap\u0103r\u0103rii Anatol \u015ealaru, care de-a lungul timpului a avut mai multe opinii critice \u015fi dezv\u0103luiri viz\u00e2nd membri ai AUR, inclusiv pe liderul partidului, George Simion, afirm\u0103, \u00eentr-o postare pe Facebook, c\u0103 poate c\u0103 este timpul ca pre\u015fedintele R. Moldova Maia Sandu s\u0103 analizeze posibilitatea retragerii cet\u0103\u0163eniei moldovene\u015fti lui Dan Dungaciu, prim-vicepre\u015fedinte AUR, pentru declara\u0163ii conform c\u0103rora Republica Moldova nu ar mai trebui ajutat\u0103.<\/p>\n<p>&#8220;Declara\u0163iile lui Dan Dungaciu despre faptul c\u0103 Republica Moldova nu ar mai trebui ajutat\u0103, ci doar tratat\u0103 ca o simpl\u0103 afacere printr-un posibil viitor fond de investi\u0163ii, din care &#8220;ar avea de c\u00e2\u015ftigat&#8221; at\u00e2t Chi\u015fin\u0103ul, c\u00e2t \u015fi Bucure\u015ftiul, sunt greu de \u00een\u0163eles dat fiind rela\u0163iile economice moldo-rom\u00e2ne. Rom\u00e2nia are investi\u0163ii directe \u00een Republica Moldova de aproximativ 480 de milioane de euro (ISD), la care se adaug\u0103 circa 350 de milioane de euro reprezent\u00e2nd capitalul celor pu\u0163in peste 1.500 de firme rom\u00e2ne\u015fti. Aceste investi\u0163ii genereaz\u0103 peste 30.000 de locuri de munc\u0103. Republica Moldova trebuie ajutat\u0103 pentru c\u0103 este parte a Rom\u00e2niei \u015fi ajut\u00e2nd aceast\u0103 bucat\u0103 rom\u00e2neasc\u0103 de p\u0103m\u00e2nt Rom\u00e2nia se ajut\u0103 pe sine. Republica Moldova nu mai este de mult o problem\u0103 extern\u0103 pentru Rom\u00e2nia, ci una intern\u0103, iar securitatea Rom\u00e2niei nu mai \u00eencepe la Prut, ci la Nistru&#8221;, scrie \u015ealaru pe Facebook.<\/p>\n<p>El afirm\u0103 c\u0103, din p\u0103cate, aceste afirma\u0163ii vin din partea unui om care, \u00een iulie 2010, dob\u00e2ndea cet\u0103\u0163enia Republicii Moldova, depun\u00e2nd jur\u0103m\u00e2ntul de credin\u0163\u0103 \u00een fa\u0163a lui Dorin Chirtoac\u0103, al c\u0103rui unchi, Mihai Ghimpu, \u00eei acordase aceast\u0103 cet\u0103\u0163enie. \u00cen urma acord\u0103rii cet\u0103\u0163eniei moldoven\u015fti Dan Dungaciu a devenit consilier al pre\u015fedintelui interimar Mihai Ghimpu chiar pe probleme de integrare european\u0103. &#8220;Atunci care ar fi motiva\u0163ia pentru care de ceva timp Dan Dungaciu atac\u0103 din pozi\u0163ia de lider AUR Republica Moldova \u015fi puterea de la Chi\u015fin\u0103u? O explica\u0163ie o reprezint\u0103 ceea ce s-a \u00eent\u00e2mplat \u00een Chi\u015fin\u0103u la \u00eenceputul anului 2026&#8221;, explic\u0103 fostul ministru.<\/p>\n<p>El relateaz\u0103 c\u0103, la 15 ianuarie 2026, Dan Dungaciu \u015fi-a lansat la Chi\u015fin\u0103u cartea despre Donald Trump, iar printre invita\u0163ii s\u0103i &#8220;importan\u0163i&#8221; se num\u0103rau reprezentan\u0163i ai Ambasadei Federa\u0163iei Ruse la Chi\u015fin\u0103u, ai PSRM, condus de Igor Dodon, \u015fi ai MAN, partidul condus de Ivan Ceban, primarul Chi\u015fin\u0103ului. El prezint\u0103 imagini \u00een care sus\u0163ine c\u0103 apare Rvacev Oleg Valentinovici, care figureaz\u0103 ca ata\u015fat \u00een cadrul Ambasadei Federa\u0163iei Ruse la Chi\u015fin\u0103u \u015fi este, totodat\u0103, cel de-al treilea reprezentant al Federa\u0163iei Ruse \u00een Comisia Unificat\u0103 de Control (CUC), organism care asigur\u0103 implementarea Acordului de \u00eencetare a focului pe Nistru.<\/p>\n<p>&#8220;Func\u0163ia de\u0163inut\u0103 indic\u0103 \u00een mod clar apartenen\u0163a sa la GRU&#8221;, noteaz\u0103 Anatol \u015ealaru. Un al doilea &#8220;invitat&#8221; la lansarea de carte este Daniil Zaharov, care \u00eel asist\u0103 pe ambasadorul rus Oleg Ozerov \u00een activit\u0103\u0163ile desf\u0103\u015furate \u00een Transnistria \u015fi G\u0103g\u0103uzia. Mai jos sunt fotografii \u00een care acesta apare \u00een Transnistria \u015fi G\u0103g\u0103uzia al\u0103turi de ambasadorul Federa\u0163iei Ruse acreditat la Chi\u015fin\u0103u, mai spune fostul ministru.<\/p>\n<p>Din partea lui Igor Dodon \u015fi a PSRM a participat Adrian Albu, fost candidat al PSRM la Prim\u0103ria Chi\u015fin\u0103u \u015fi despre care presa a publicat \u00eenregistr\u0103ri audio \u00een care acesta comunica cu Iurie Gudilin, prezentat drept agent FSB, \u00een contextul sus\u0163inerii lui Alexandr Stoianoglo: \u00cenregistr\u0103rile audio se afl\u0103 \u00een posesia redac\u0163iei Deschide.md, precizeaz\u0103 \u015ealaru.<\/p>\n<p>Din partea lui Ivan Ceban, primarul municipiului Chi\u015fin\u0103u, declarat indezirabil de c\u0103tre Rom\u00e2nia \u015fi, ulterior, \u00een spa\u0163iul Schengen, a participat deputatul MAN Gaik Vartanean, considerat unul dintre cei mai apropia\u0163i colaboratori ai lui Ion Ceban, mai spune el.<\/p>\n<p>&#8220;Toate aceste personalit\u0103\u0163i &#8220;iubitoare&#8221; de Rom\u00e2nia au venit exclusiv la invita\u0163ia lui Dan Dungaciu. Privind fotografiile de mai jos \u015fi analiz\u00e2nd comportamentul AUR, \u00een frunte cu George Simion, refuzul de a vota pentru dobor\u00e2rea dronelor ruse\u015fti, votul negativ \u00eempotriva sprijinirii SUA, precum \u015fi lipsa condamn\u0103rii Federa\u0163iei Ruse ale c\u0103rei drone ne tot &#8220;viziteaz\u0103&#8221;, putem parafraza titlul unei c\u0103r\u0163i a lui Dan Dungaciu: &#8220;Rusia ante portas&#8221;. Poate c\u0103 este timpul ca pre\u015fedintele Maia Sandu s\u0103 analizeze posibilitatea retragerii cet\u0103\u0163eniei moldovene\u015fti lui Dan Dungaciu a\u015fa cum i-a retras-o \u015fi lui Alexandru B\u0103lan, fostul adjunct al SIS, cu care Dungaciu \u00eencepe s\u0103 semene din ce \u00een ce mai mult&#8221;, conchide fostul ministru al Ap\u0103r\u0103rii din Republica Moldova.<\/p>\n<p><strong>Un idiot util al lui Putin<\/strong><\/p>\n<p>Recent, \u00eentr-un interviu, \u015ealaru l-a numit pe Dungaciu &#8220;un idiot util al lui Putin&#8221;.<\/p>\n<p>&#8220;Dan Dungaciu se afl\u0103-n treab\u0103. Lui \u00eei place s\u0103 vorbeasc\u0103 f\u0103r\u0103 s\u0103 aduc\u0103 argumente. Lanseaz\u0103 ni\u015fte ipoteze idioate. Rom\u00e2nia are o datorie moral\u0103 fa\u0163\u0103 de Republica Moldova, dar apar ni\u015fte idio\u0163i utili ai lui Putin, cum este Dan Dungaciu, care, de\u015fi p\u00e2n\u0103 acum spunea c\u0103 noi suntem fra\u0163i \u015fi a\u015fa mai departe, el \u015fi s-a \u00eensurat la Chi\u015fin\u0103u, eu o cunosc pe so\u0163ia lui de aici, dar el acum, el \u015fi George Simion, \u0103\u015ftia de la AUR, care v\u0103d c\u0103 nu se bucur\u0103 de popularitate \u00een Republica Moldova, promoveaz\u0103 politica rus\u0103. Dac\u0103 ne uit\u0103m doar la declara\u0163iile lui Dan Dungaciu, cei care mai sunt \u00een AUR acolo, George Simion, alt idiot util este Valeriu Munteanu, deci f\u0103r\u0103 s\u0103 le cuno\u015fti biografia, f\u0103r\u0103 s\u0103 cuno\u015fti nimic altceva, doar dac\u0103 te ui\u0163i la declara\u0163iile lor, spui: b\u0103, \u0103\u015ftia sunt trimi\u015fi de Putin \u00een Rom\u00e2nia, \u0103\u015ftia fac politica lui Putin, \u0103\u015ftia sunt pro-ru\u015fi, sut\u0103 la sut\u0103. De\u015fi ei spun c\u0103 nu, noi nu suntem, dar ei sunt anti-ucraineni, anti-europeni, anti-NATO, pro-Putin&#8221;, a spus el \u00eentr-un interviu acordat jurnalistului Nicolae Chicu \u015fi citat de cotidianul.md.<\/p>\n<p>Fostul ministru al Ap\u0103r\u0103rii sus\u0163ine c\u0103 pozi\u0163iile exprimate de Dan Dungaciu nu sunt \u00eent\u00e2mpl\u0103toare \u015fi \u00eel acuz\u0103 c\u0103, de-a lungul carierei sale, a ac\u0163ionat constant \u00eempotriva intereselor Rom\u00e2niei \u015fi ale parcursului european al Republicii Moldova. &#8220;Dan Dungaciu, dac\u0103 ar fi pl\u0103tit de altcineva s\u0103 declare c\u0103 Putin este cel mai mare du\u015fman al lumii, el va trece \u00een alt\u0103 tab\u0103r\u0103 imediat. El a fost undeva \u015fi pe la Guvern, nu a trecut nu \u015ftiu ce, nu l-au \u0163inut mult, l-au dat afar\u0103. Dan Dungaciu, oriunde a fost, el a f\u0103cut ceea ce \u015ftie mai bine. A f\u0103cut escrocherii \u015fi a fost \u00eempotriva statului rom\u00e2n \u015fi a rom\u00e2nilor pro-europeni. Iar ast\u0103zi el este pur \u015fi simplu un tr\u0103d\u0103tor. Ce s\u0103 vrei s\u0103 a\u015ftep\u0163i de la Dan Dungaciu? Pe unde a fost, a avut dosare penale. De exemplu, acela\u015fi Institut de Sociologie de la Academia Rom\u00e2n\u0103. Iar ru\u015fii se folosesc de asemenea idio\u0163i utili \u015fi promoveaz\u0103 tot felul de personaje, cum e \u015eo\u015foac\u0103, cum e George Simion, C\u0103lin Georgescu, Dan Dungaciu. Ru\u015fii \u00eei folosesc pentru a transmite narativele astea propriilor cet\u0103\u0163eni. C\u0103, uita\u0163i-v\u0103, noi suntem puternici. Noi avem parteneri \u00een Europa. Mai r\u0103bda\u0163i \u00eenc\u0103 c\u00e2\u0163iva ani de r\u0103zboi \u015fi de lipsuri, \u015fi de lips\u0103 de benzin\u0103 \u015fi de tot, c\u0103 vede\u0163i ce a spus Dan Dungaciu. \u00cen cur\u00e2nd noi vom \u00eenvinge.&#8221;, a declarat Anatol \u015ealaru.<\/p>\n<p>Dan Dungaciu a declarat, la jum\u0103tatea lunii iulie, c\u0103 Rom\u00e2nia nu ar mai trebui s\u0103 trimit\u0103 bani \u00een afara grani\u0163elor at\u00e2t timp c\u00e2t are mari probleme economice acas\u0103.<\/p>\n<p>&#8220;Deficitele economice sunt cele care sunt. Rom\u00e2nia opre\u015fte orice finan\u0163are extern\u0103, c\u0103 este vorba de Ucraina, c\u0103 este vorba de Republica Moldova. Republica Moldova se va finan\u0163a, din punctul nostru de vedere, doar prin fondul de Investi\u0163ii Moldova pe care noi l-am propus. Este o legisla\u0163ie \u00een Parlament, fondul Moldova adic\u0103 investi\u0163ii eficiente \u015fi pentru Rom\u00e2nia \u015fi pentru Republica Moldova \u015fi at\u00e2t. Nu bani gratis, nu bani despre care nici nu \u015ftim unde ajung \u015fi cum ajung. Nu \u015ftim de foarte multe ori cum sunt folosi\u0163i. De multe ori sunt folosi\u0163i din perspectiv\u0103 strict politic\u0103. Orice finan\u0163are \u00een exterior trebuie s\u0103 fie oprit\u0103 cel pu\u0163in c\u00e2t Rom\u00e2nia are problemele economice pe care le are. Din punctul meu de vedere este absurd s\u0103 pui \u00een c\u00e2rca cet\u0103\u0163eanului rom\u00e2n sume enorme de bani care, \u00eentre noi fie vorba, nici m\u0103car nu le \u015ftim,&#8221; a explicat el.<\/p>\n<p><strong>Medic: Hepatitele infec\u0163ioase se pot transmite u\u015for \u00eentre persoane, pot ap\u0103rea la orice v\u00e2rst\u0103 \u015fi pot afecta orice categorie social\u0103<\/strong><\/p>\n<p>\u00a0care sunt m\u0103surile de preven\u021bie<\/p>\n<p>Octavian T\u0103b\u0103caru, medic specialist Boli Infec\u0163ioase \u00een cadrul Spitalului Jude\u0163ean de Urgen\u0163\u0103 Buz\u0103u, avertizeaz\u0103 c\u0103 hepatitele infec\u0163ioase se pot transmite u\u015for \u00eentre persoane, pot ap\u0103rea la orice v\u00e2rst\u0103 \u015fi pot afecta orice categorie social\u0103, iar igiena riguroas\u0103 a m\u00e2inilor este extrem de important\u0103. Conform medicului, \u00een cazul hepatitelor B \u015fi C, putem vorbi de o evolu\u0163ie silen\u0163ioas\u0103 \u00een decursul mai multor ani, care \u00een timp vor duce la ciroz\u0103 hepatic\u0103 \u015fi carcinom hepatocelular.\u00a0&#8220;Hepatitele infec\u0163ioase pot ap\u0103rea la orice v\u00e2rst\u0103 \u015fi pot afecta orice categorie social\u0103. Spre exemplu, \u00een cazul hepatitelor A \u015fi E, care se transmit preponderant fecal-oral, este extrem de important\u0103 igiena riguroas\u0103 a m\u00e2inilor. De asemenea, este important de \u015ftiut c\u0103 \u00een unele cazuri putem avea o evolu\u0163ie fulminant\u0103 iar \u00een cazul hepatitelor B \u015fi C, putem vorbi de o evolu\u0163ie silen\u0163ioas\u0103 \u00een decursul mai multor ani, care \u00een timp vor duce la ciroz\u0103 hepatic\u0103 \u015fi carcinom hepatocelular. Totodat\u0103, persoana poate transmite mai departe virusul f\u0103r\u0103 s\u0103 \u015ftie. O detectare precoce a bolii permite \u00eenceperea c\u00e2t mai rapid\u0103 a tratamentului, precum \u015fi limitarea transmiterii&#8221;, explic\u0103 el.<\/p>\n<p><strong>Care sunt simptomele<\/strong><\/p>\n<p>Semnele care ar trebui s\u0103 trimit\u0103 un pacient la medic sunt icterul sclero-tegumentar (colorarea \u00een galben a pielii \u015fi mucoaselor), astenia fizic\u0103 marcat\u0103, lipsa poftei de m\u00e2ncare, dureri \u00een etajul abdominal superior, mai accentuate \u00een hipocondrul drept, grea\u0163\u0103, v\u0103rs\u0103turi, scaune decolorate, urin\u0103 \u00eenchis\u0103 la culoare. Apari\u0163ia somnolen\u0163ei, a st\u0103rilor de confuzie, a tremorului dar \u015fi prezen\u0163a s\u00e2nger\u0103rilor (epistaxis, de la nivelul gingiilor) indic\u0103 o evolu\u0163ie sever\u0103 a bolii.&#8221;<\/p>\n<p>Medicul Octavian T\u0103b\u0103caru subliniaz\u0103 c\u0103, \u00een primul r\u00e2nd, teste pentru hepatit\u0103 trebuie s\u0103 fac\u0103 personalul medical &#8211; mai ales cei din specialit\u0103\u0163ile chirurgicale \u015fi stomatologice &#8211; dar \u015fi personalul care lucreaz\u0103 \u00een unit\u0103\u0163ile de hemodializ\u0103, centre transfuzionale, laboratoare de analize medicale. Totodat\u0103, teste trebuie s\u0103 fac\u0103 pacien\u0163ii hemodializa\u0163i, cei care sunt frecvent supu\u015fi transfuziilor, persoanele cu parteneri sexuali multipli, persoanele cu antecedente de boli transmisibile sexual, persoanele institu\u0163ionalizate sau persoanele \u00eencarcerate. &#8220;Se recomand\u0103 ca \u015fi membrii familiilor persoanelor bolnave de hepatit\u0103 cronic\u0103 B sau C s\u0103 se testeze. La fel, pacien\u0163ii cu HIV, persoanele cu valori crescute ale transaminazelor sau alte semne de afectare hepatic\u0103&#8221;, noteaz\u0103 medicul.<\/p>\n<p>\u00cen ceea ce prive\u015fte m\u0103surile care ne ajut\u0103 s\u0103 prevenim \u00eemboln\u0103virea difer\u0103 \u00een func\u0163ie de tipul hepatitei. Pentru hepatitele cu cale de transmitere preponderant fecal-oral\u0103, \u00een spe\u0163\u0103 cele produse de virusurile A sau E, m\u0103surile de preven\u0163ie sunt urm\u0103toarele: sp\u0103larea corect\u0103 a m\u00e2inilor cu ap\u0103 \u015fi s\u0103pun; consumul de alimente \u015fi ap\u0103 din surse sigure; sp\u0103larea riguroas\u0103 a fructelor \u015fi legumelor; prepararea termic\u0103 adecvat\u0103 a alimentelor.<\/p>\n<p>\u00cen cazul hepatitelor B \u015fi C se recomand\u0103: sterilizarea corect\u0103 a instrumentarului medical; testarea sistematic\u0103 a s\u00e2ngelui de la donatori; screeningul sistematic al gravidelor, instruirea periodic\u0103 a personalului medical referitor la cunoa\u015fterea \u015fi respectarea m\u0103surilor de preven\u0163ie, pentru a evita expunerea accidental\u0103 la s\u00e2ngele infectat; evitarea utiliz\u0103rii la comun a obiectelor \u00een\u0163ep\u0103toare-t\u0103ietoare (forfecu\u0163e, unghiere, lame de b\u0103rbierit etc.); contact sexual doar protejat, prin utilizarea prezervativului. \u00cen cazul piercingului, tatuajelor sau procedurilor cosmetice, trebuie utilizate instrumente sterile iar acolo unde este cazul, instrumente de unic\u0103 folosin\u0163\u0103.<\/p>\n<p>Metoda specific\u0103 de profilaxie este vaccinarea. ,,Vaccinarea este cea mai eficient\u0103 metod\u0103 de prevenire a hepatitei B. Ea \u00eencepe \u00een primele 24 de ore de la na\u015ftere apoi se continu\u0103 \u00een cadrul schemei de vaccinare a Ministerului S\u0103n\u0103t\u0103\u0163ii. Reduce semnificativ riscul de a dob\u00e2ndi boala \u015fi, bine\u00een\u0163eles, riscul de apari\u0163ie a cirozei\/carcinomului hepatic, precum \u015fi transmiterea bolii. Vaccinarea este important\u0103 \u015fi pentru persoanele neimunizate, \u00een special pentru cele cu risc crescut de expunere. Persoanele care nu \u00ee\u015fi cunosc situa\u0163ia vaccinal\u0103 pot discuta cu medicul de familie despre testarea markerilor VHB \u015fi despre necesitatea vaccin\u0103rii&#8221;, spune T\u0103b\u0103caru.<\/p>\n<p><strong>Baza 86 Aerian\u0103 Borcea: Specula\u0163iile privind identitatea unor pilo\u0163i de-ai no\u015ftri de pe aeronave F-16 sunt complet false<\/strong><\/p>\n<p>Reprezentan\u0163ii Bazei Aeriene Borcea au anun\u0163at c\u0103 specula\u0163iile privind identitatea unor pilo\u0163i din cadrul bazei de pe aeronave F-16 sunt complet false \u015fi au ad\u0103ugat c\u0103 discre\u0163ia asupra identit\u0103\u0163ii pilo\u0163ilor este o necesitate, pentru a prevenit orice form\u0103 de presiune, h\u0103r\u0163uire sau amenin\u0163are la adresa lor sau a familiilor lor .\u201e\u00cen ultimele zile, \u00een spa\u0163iul online au ap\u0103rut o serie de mesaje \u015fi specula\u0163ii conspira\u0163ioniste care sus\u0163in c\u0103 numele pilotului rom\u00e2n implicat \u00een recentele misiuni de interceptare a dronelor ar fi cunoscut, fac\u00e2nd referire la fiul unui fost comandant al bazei \u015fi lans\u00e2nd scenarii false despre regulile serviciului de alarm\u0103. Baza 86 Aerian\u0103 Borcea respinge ferm aceste afirma\u0163ii\u201d, au transmis, mar\u0163i, reprezentan\u0163ii Bazei 86 Aeriene Borcea pe pagina proprie de Facebook.<\/p>\n<p>Ei au ad\u0103ugat c\u0103 \u00een\u0163eleg curiozitatea \u015fi dorin\u0163a publicului de a-i cunoa\u015fte \u015fi de a-i felicita pe militarii implica\u0163i \u00een misiuni, dar identitatea acestora nu este public\u0103.<\/p>\n<p>\u201dDiscre\u0163ia asupra identit\u0103\u0163ii pilo\u0163ilor no\u015ftri este o necesitate, bazat\u0103 pe reguli de securitate opera\u0163ional\u0103. Protejarea personalului \u015fi a familiilor: aceasta este o m\u0103sur\u0103 de baz\u0103 pentru a preveni orice form\u0103 de presiune, h\u0103r\u0163uire sau amenin\u0163are la adresa lor sau a familiilor lor\u201d, au afirmat reprezentan\u0163ii Bazei 86 Aeriene Borcea. Ei au precizat c\u0103 nedivulgarea detaliilor opera\u0163ionale (numele pilo\u0163ilor, tiparul turelor de serviciu, tacticile \u015fi procedurile) este o procedur\u0103 standard \u00een toate for\u0163ele aeriene din NATO, iar orice informa\u0163ie publicat\u0103 poate fi colectat\u0103 \u015fi analizat\u0103 de inamic.<\/p>\n<p>Militarii de la Borcea au mai subliniat c\u0103 alocarea pilo\u0163ilor pe misiuni de lupt\u0103 se face pe criterii de competen\u0163\u0103. \u00a0\u201dServiciul de Lupt\u0103 Permanent &#8211; alocarea pilo\u0163ilor pe misiuni de lupt\u0103 se face exclusiv pe criterii de competen\u0163\u0103, certificare opera\u0163ional\u0103 \u015fi planificare riguroas\u0103 a orelor de zbor \u015fi de refacere, respect\u00e2nd legisla\u0163ia aeronautic\u0103. Nu exist\u0103 decizii arbitrare sau derog\u0103ri de la aceste reguli. Misiunile de ap\u0103rare a spa\u0163iului aerian na\u0163ional se execut\u0103 cu maxim\u0103 seriozitate, 24 de ore din 24, 7 zile din 7. Aeronavele F-16 Fighting Falcon \u015fi personalul navigant sau tehnic din cadrul Bazei 86 Aeriene sunt mereu la datorie\u201d, a mai precizat sursa citat\u0103.<\/p>\n<p>Pilo\u0163i de pe aeronave F-16 au dobor\u00e2t timp de trei zile consecutiv, la sf\u00e2r\u015fitul s\u0103pt\u0103m\u00e2nii trecute, trei drone care intraser\u0103 \u00een spa\u0163iul aerian na\u0163ional. Primele doua drone au fost dobor\u00e2te de acela\u0219i echipaj.<\/p>\n<p><strong>Zaharova: Moscova va r\u0103spunde la expulzarea unui diplomat rus din Rom\u00e2nia<\/strong><\/p>\n<p>Moscova va da un r\u0103spuns adecvat la expulzarea unui angajat al Ambasadei Federa\u0163iei Ruse din Rom\u00e2nia, a declarat pentru agen\u0163ia de stat TASS purt\u0103toarea de cuv\u00e2nt a Ministerului rus al Afacerilor Externe, Maria Zaharova. \u201eAcuza\u0163iile rom\u00e2nilor sunt nefondate, preten\u0163iile sunt nejustificate. Aceste ac\u0163iuni neprietenoase vor primi un r\u0103spuns adecvat\u201d, a declarat Maria Zaharova.<\/p>\n<p>Ministerul Afacerilor Externe al Rom\u00e2niei l-a convocat luni pe ambasadorul Federa\u0163iei Ruse dup\u0103 seria de incidente cu drone ruse\u015fti dobor\u00e2te dup\u0103 ce au intrat pe teritoriul \u0163\u0103rii. \u015eeful misiunii diplomatice ruse la Bucure\u015fti a primit o not\u0103 verbal\u0103 de protest, conform c\u0103reia unul dintre diploma\u0163ii ru\u015fi trebuie s\u0103 p\u0103r\u0103seasc\u0103 teritoriul \u0163\u0103rii \u00een termen de cinci zile. \u00cen plus, ambasadorul Rom\u00e2niei a fost rechemat de la Moscova la Bucure\u015fti pentru consult\u0103ri.<\/p>\n<p><strong>Grindeanu, \u00eentrebat dac\u0103 PSD ar putea negocia cu AUR un nou guvern: I-a\u0163i v\u0103zut pe Dungaciu sau pe Simion s\u0103 spun\u0103 ceva despre dronele care au intrat \u00een Rom\u00e2nia?<\/strong><\/p>\n<p>Liderul PSD, Sorin Grindeanu, a afirmat c\u0103, pentru ca social-democra\u0163ii s\u0103 \u00eenceap\u0103 negocieri cu AUR pentru un nou guvern, este nevoie ca forma\u0163iunea lui George Simion s\u0103 clarifice ni\u015fte lucruri, el preciz\u00e2nd c\u0103 exist\u0103 o lips\u0103 de credibilitate a unor lideri AUR.<\/p>\n<p>Grindeanu a dat ca exemplu lipsa de reac\u0163ie a liderilor AUR \u00een privin\u0163a dronelor care au intrat pe teritoriul Rom\u00e2niei. &#8220;\u00cen acest moment ei (cei de la AUR &#8211; n.r.) trebuie s\u0103-\u015fi clarifice ni\u015fte lucruri. \u00cen primul r\u00e2nd exist\u0103 o lips\u0103 de credibilitate a unor lideri. Eu cel pu\u0163in am mari semne de \u00eentrebare \u00een cuv\u00e2ntul \u015fi \u00een ceea ce spun c\u0103 fac \u015fi vor s\u0103 fac\u0103. \u00cen al doilea r\u00e2nd, ceea ce e \u015fi mai grav, eu n-am v\u0103zut clarific\u0103ri la o parte dintre ei, dintre ace\u015fti lideri, deci n-am v\u0103zut nici \u00een aceste zile&#8221;, a afirmat, luni sear\u0103, la Antena 3, liderul PSD, Sorin Grindeanu.<\/p>\n<p>Potrivit acestuia, doar Petri\u015for Peiu de la AUR a reac\u0163ionat \u00een ultimele zile \u00een privin\u0163a dronelor care au p\u0103truns pe teritoriul Rom\u00e2niei, \u00een schimb George Simion \u015fi Dan Dungaciu nu ar fi abordat acest subiect. &#8220;Apropo de aceste drone care au intrat pe teritoriul Rom\u00e2niei, am v\u0103zut parc\u0103 doar pe Peiu, \u00een rest pe nimeni, e o lini\u015fte din asta. L-a\u0163i v\u0103zut pe domnul Dungaciu s\u0103 spun\u0103 ceva? L-a\u0163i v\u0103zut pe Simion s\u0103 spun\u0103 ceva? A\u0163i v\u0103zut s\u0103 spun\u0103 de sanc\u0163iunile contra Rusiei ceva? I-a\u0163i v\u0103zut pe ace\u015fti oameni? Aici e o chestiune pe care, din perspectiva mea, trebuie s\u0103 o clarifice ei. Asta dac\u0103 vor s\u0103 devin\u0103 un partener frecventabil, nu doar din perspectiva PSD, ci din perspectiva oric\u0103rui partid pro-occidental&#8221;, a ad\u0103ugat Sorin Grindeanu.<\/p>\n<p>Rom\u00e2nia a dobor\u00e2t trei zile la r\u00e2nd c\u00e2te o dron\u0103, despre cea care a p\u0103truns \u00een spa\u0163iul rom\u00e2nesc vineri exist\u00e2nd date certe c\u0103 este de provenien\u0163\u0103 ruseasc\u0103. Ambasadorul rus \u00een Rom\u00e2nia a fost convocat la MAE pentru a i se ar\u0103ta dovezile.<\/p>\n<p>\u00a0<\/p>\n<p>\u00a0<\/p>\n<hr>\n<div class=\"bloc-widget widget-rosu\">\n<p>\u00cen lipsa unui acord scris din partea Ziarului de Vrancea, pute\u0163i prelua maxim 500 de caractere din acest articol dac\u0103 preciza\u0163i sursa \u015fi insera\u0163i vizibil link-ul articolului:\u00a0<span>#insertcurrentlinkhere<\/span><\/p>\n<\/div>\n<div class=\"extra-articol listing-anunturi\">\n<h6>Anun\u021buri <span class=\"text-primary\">ZdV<\/span> Premium<\/h6>\n<div class=\"row\">\n<div class=\"col-lg-4 col-md-6 bloc-egal\"><a class=\"card-anunt\" href=\"https:\/\/ziaruldevrancea.ro\/anunturi\/imobiliare\/vanzari-terenuri\/vand-teren-in-panciu\"><strong class=\"titlu\">V\u00e2nz\u0103ri terenuri<\/strong><span class=\"text-anunt\">Teren Panciu 1170 mp, cu num\u0103r cas\u0103, ap\u0103&#8230;<\/span><span class=\"data-anunt\">29.07.2026  <\/span><\/a><\/div>\n<div class=\"col-lg-4 col-md-6 bloc-egal\"><a class=\"card-anunt\" href=\"https:\/\/ziaruldevrancea.ro\/anunturi\/altele\/anulare-acte\/vand-scrumbii-afumate-capturi-dunare\"><strong class=\"titlu\">Vanzari diverse<\/strong><span class=\"text-anunt\">Pret : 117 lei \/ kg . \u00a0 Este&#8230;<\/span><span class=\"data-anunt\">29.07.2026 , Gala\u021bi , Gala\u021bi<\/span><\/a><\/div>\n<div class=\"col-lg-4 col-md-6 bloc-egal\"><a class=\"card-anunt\" href=\"https:\/\/ziaruldevrancea.ro\/anunturi\/necrolog\/decese\/dumnezeu-sa-o-aseze-in-randul-celor-drepti\"><strong class=\"titlu\">Decese<\/strong><span class=\"text-anunt\">Cu profund\u0103 durere, familia anun\u021b\u0103 trecerea la&#8230;<\/span><span class=\"data-anunt\">28.07.2026  <\/span><\/a><\/div>\n<\/div>\n<\/div>\n<div class=\"extra-articol alte-articole\">\n<div class=\"row\">\n<div class=\"col-lg-6 bloc-egal\">\n<div class=\"card articol-listing\">\n<h6>\u00cen categoria <a href=\"https:\/\/ziaruldevrancea.ro\/actualitatea\/national\">Na\u021bional<\/a><\/h6>\n<div class=\"grup-articol-listing\">\n<div class=\"cont-pils\"><a href=\"https:\/\/ziaruldevrancea.ro\/actualitatea\/national\/mozaic-Stiri-naTionale-paul-de-romania-bun-de-impachetat-si-trimis-acasa\"><img decoding=\"async\" src=\"https:\/\/zdvi.cname.ro\/180_135\/actualitatea\/national\/mozaic-Stiri-naTionale-paul-de-romania-bun-de-impachetat-si-trimis-acasa\/mediaPool\/uvtGPut.jpeg\" class=\"img-responsive img-180\" alt><\/a><\/div>\n<h2><a class=\"link-titlu\" href=\"https:\/\/ziaruldevrancea.ro\/actualitatea\/national\/mozaic-Stiri-naTionale-paul-de-romania-bun-de-impachetat-si-trimis-acasa\">MOZAIC \u0218TIRI NA\u021aIONALE: Paul de Rom\u00e2nia, bun de \u201e\u00eempachetat\u201d \u0219i trimis acas\u0103<\/a><\/h2>\n<div class=\"date-post\"><a href=\"https:\/\/ziaruldevrancea.ro\/autor\/radu-tomescu\">Radu Tomescu<\/a>, 29 iul 2026  <\/div>\n<\/div>\n<div class=\"grup-articol-listing\">\n<div class=\"cont-pils\"><a href=\"https:\/\/ziaruldevrancea.ro\/actualitatea\/national\/mozaic-Stiri-naTionale-ciucu-nu-cred-ca-mai-putem-guverna-cel-putin-10-20-de-ani-alaturi-de-psd\"><img decoding=\"async\" src=\"https:\/\/zdvi.cname.ro\/180_135\/actualitatea\/national\/mozaic-Stiri-naTionale-ciucu-nu-cred-ca-mai-putem-guverna-cel-putin-10-20-de-ani-alaturi-de-psd\/mediaPool\/uJWJRRu.jpeg\" class=\"img-responsive img-180\" alt><\/a><\/div>\n<h2><a class=\"link-titlu\" href=\"https:\/\/ziaruldevrancea.ro\/actualitatea\/national\/mozaic-Stiri-naTionale-ciucu-nu-cred-ca-mai-putem-guverna-cel-putin-10-20-de-ani-alaturi-de-psd\">MOZAIC \u0218TIRI NA\u021aIONALE: Ciucu: Nu cred c\u0103 mai putem guverna cel pu\u0163in 10-20 de ani al\u0103turi de PSD<\/a><\/h2>\n<div class=\"date-post\"><a href=\"https:\/\/ziaruldevrancea.ro\/autor\/rodica-condurache\">Rodica Condurache<\/a>, 28 iul 2026  <\/div>\n<\/div>\n<div class=\"grup-articol-listing\">\n<div class=\"cont-pils\"><a href=\"https:\/\/ziaruldevrancea.ro\/actualitatea\/national\/mozaic-Stiri-naTionale-basescu-despre-dan-are-un-popor-cu-care-nu-se-potriveste.-noi-vrem-mai-repede-el-vrea-mai-incet\"><img decoding=\"async\" src=\"https:\/\/zdvi.cname.ro\/180_135\/actualitatea\/national\/mozaic-Stiri-naTionale-basescu-despre-dan-are-un-popor-cu-care-nu-se-potriveste.-noi-vrem-mai-repede-el-vrea-mai-incet\/mediaPool\/uEIDcLv.jpg\" class=\"img-responsive img-180\" alt><\/a><\/div>\n<h2><a class=\"link-titlu\" href=\"https:\/\/ziaruldevrancea.ro\/actualitatea\/national\/mozaic-Stiri-naTionale-basescu-despre-dan-are-un-popor-cu-care-nu-se-potriveste.-noi-vrem-mai-repede-el-vrea-mai-incet\">MOZAIC \u0218TIRI NA\u021aIONALE: B\u0103sescu, despre Dan: Are un popor cu care nu se potrive\u015fte. Noi vrem mai repede, el vrea mai \u00eencet<\/a><\/h2>\n<div class=\"date-post\"><a href=\"https:\/\/ziaruldevrancea.ro\/autor\/rodica-condurache\">Rodica Condurache<\/a>, 26 iul 2026  <\/div>\n<\/div>\n<\/div>\n<\/div>\n<div class=\"col-lg-6 bloc-egal\">\n<div class=\"card articol-listing\">\n<h6>De acela\u0219i <a href=\"https:\/\/ziaruldevrancea.ro\/autor\/rodica-condurache\/\">autor<\/a><\/h6>\n<div class=\"grup-articol-listing\">\n<div class=\"cont-pils\"><a href=\"https:\/\/ziaruldevrancea.ro\/timp-liber\/astazi-despre-psihologul-clinician-andrei-partos---om-bun---nevoia-de-a-repune-muzica-si-poezia-romaneasca-la-un-loc-bun\"><img decoding=\"async\" src=\"https:\/\/zdvi.cname.ro\/180_135\/timp-liber\/astazi-despre-psihologul-clinician-andrei-partos---om-bun---nevoia-de-a-repune-muzica-si-poezia-romaneasca-la-un-loc-bun\/mediaPool\/uYSVhEO.jpg\" class=\"img-responsive img-180\" alt><\/a><\/div>\n<h2><a class=\"link-titlu\" href=\"https:\/\/ziaruldevrancea.ro\/timp-liber\/astazi-despre-psihologul-clinician-andrei-partos---om-bun---nevoia-de-a-repune-muzica-si-poezia-romaneasca-la-un-loc-bun\">VIDEO V\u0103 mai aminti\u021bi de \u201eRADIO VACAN\u021aA COSTINE\u0218TI\u201d? Ast\u0103zi despre vocea Costine\u015ftiului de alt\u0103dat\u0103. Andrei Parto\u0219 &#8211; Psihologul clinician care dup\u0103 zece ani de activitate s-a dedicat nevoii de a repune muzica \u015fi poezia rom\u00e2neasc\u0103 la un loc bun<\/a><\/h2>\n<div class=\"date-post\"><a href=\"https:\/\/ziaruldevrancea.ro\/autor\/rodica-condurache\">Rodica Condurache<\/a>, 31 iul 2026  <\/div>\n<\/div>\n<div class=\"grup-articol-listing\">\n<div class=\"cont-pils\"><a href=\"https:\/\/ziaruldevrancea.ro\/timp-liber\/horoscop-31-iulie-2026\"><img decoding=\"async\" src=\"https:\/\/zdvi.cname.ro\/180_135\/timp-liber\/horoscop-31-iulie-2026\/mediaPool\/uA8enxT.jpg\" class=\"img-responsive img-180\" alt><\/a><\/div>\n<h2><a class=\"link-titlu\" href=\"https:\/\/ziaruldevrancea.ro\/timp-liber\/horoscop-31-iulie-2026\">Horoscop 31 iulie 2026 <\/a><\/h2>\n<div class=\"date-post\"><a href=\"https:\/\/ziaruldevrancea.ro\/autor\/rodica-condurache\">Rodica Condurache<\/a>, 31 iul 2026  <\/div>\n<\/div>\n<div class=\"grup-articol-listing\">\n<div class=\"cont-pils\"><a href=\"https:\/\/ziaruldevrancea.ro\/timp-liber\/calendarul-zilei-de-31-iulie-evenimente-personalitati-si-momente-care-au-marcat-aceasta-zi\"><img decoding=\"async\" src=\"https:\/\/zdvi.cname.ro\/180_135\/timp-liber\/calendarul-zilei-de-31-iulie-evenimente-personalitati-si-momente-care-au-marcat-aceasta-zi\/mediaPool\/uVFdgAV.jpg\" class=\"img-responsive img-180\" alt><\/a><\/div>\n<h2><a class=\"link-titlu\" href=\"https:\/\/ziaruldevrancea.ro\/timp-liber\/calendarul-zilei-de-31-iulie-evenimente-personalitati-si-momente-care-au-marcat-aceasta-zi\">Calendarul zilei de 31 iulie | Evenimente, personalit\u0103\u021bi \u0219i momente care au marcat aceast\u0103 zi<\/a><\/h2>\n<div class=\"date-post\"><a href=\"https:\/\/ziaruldevrancea.ro\/autor\/rodica-condurache\">Rodica Condurache<\/a>, 31 iul 2026  <\/div>\n<\/div>\n<\/div>\n<\/div>\n<\/div>\n<\/div>\n<div class=\"extra-articol listing-anunturi\">\n<h6>Anun\u021buri <span class=\"text-primary\">ZdV<\/span> Premium<\/h6>\n<div class=\"row\">\n<div class=\"col-lg-4 col-md-6 bloc-egal\"><a class=\"card-anunt\" href=\"https:\/\/ziaruldevrancea.ro\/anunturi\/imobiliare\/vanzari-case\/vand-casa-si-teren-in-panciu-anunt-72818\"><strong class=\"titlu\">V\u00e2nz\u0103ri case<\/strong><span class=\"text-anunt\">V\u00e2nd cas\u0103 cu 2 camere, buc\u0103t\u0103rie, baie,&#8230;<\/span><span class=\"data-anunt\">23.07.2026  <\/span><\/a><\/div>\n<div class=\"col-lg-4 col-md-6 bloc-egal\"><a class=\"card-anunt\" href=\"https:\/\/ziaruldevrancea.ro\/anunturi\/angajari\/cereri-angajari\/doresc-angajare-anunt-72815\"><strong class=\"titlu\">Cereri<\/strong><span class=\"text-anunt\">Doresc s\u0103 am grij\u0103 de un copil de gradini\u021b\u0103&#8230;<\/span><span class=\"data-anunt\">21.07.2026  <\/span><\/a><\/div>\n<div class=\"col-lg-4 col-md-6 bloc-egal\"><a class=\"card-anunt\" href=\"https:\/\/ziaruldevrancea.ro\/anunturi\/inchirieri\/locuinte-oferte\/primesc-in-gazda-anunt-72816\"><strong class=\"titlu\">Locuin\u021be oferte<\/strong><span class=\"text-anunt\">\u00a0Primesc \u00een gazd\u0103 la cas\u0103.<\/p>\n<p>Tel&#8230;.<\/span><span class=\"data-anunt\">21.07.2026  <\/span><\/a><\/div>\n<\/div>\n<\/div>\n<div class=\"bloc-widget widget-albastru\">\n    Ziarul de Vrancea \u00a0nu este responsabil juridic pentru con\u0163inutul textelor din comentariile de mai jos. Responsabilitatea pentru mesajele dumneavoastra v\u0103 revine \u00een exclusivitate.\n<\/div>\n<div class=\"comentarii-articol\" id=\"comentarii\">\n<h3>Comentarii: <span class=\"text-primary\">0<\/span><\/h3>\n<p><a href=\"https:\/\/ziaruldevrancea.ro\/actualitatea\/national\/mozaic-Stiri-naTionale-greva-generala-in-sanatate\" class=\"btn btn-success btn-adauga-com\" data-toggle=\"modal\" data-parent=\"0\" data-target=\"#commentModal\">Adaug\u0103 comentariu<\/a><\/p>\n<div class=\"loadMask comments-mask\"><img decoding=\"async\" src=\"https:\/\/zdvs.cname.ro\/images\/loader_40.gif\"><\/div>\n<div class=\"comenteaza-jos\">Trebuie s\u0103 fii <a href=\"https:\/\/ziaruldevrancea.ro\/account\">autentificat<\/a> pentru a putea <a href=\"https:\/\/ziaruldevrancea.ro\/actualitatea\/national\/mozaic-Stiri-naTionale-greva-generala-in-sanatate\" class data-toggle=\"modal\" data-parent=\"0\" data-target=\"#commentModal\">posta un comentariu<\/a>.<\/div>\n<\/div>\n<div class=\"modal fade\" id=\"commentModal\" role=\"dialog\" aria-labelledby=\"commentModalLabel\">\n<div class=\"modal-dialog modal-lg\" role=\"document\">\n<div class=\"modal-content\">\n<div class=\"modal-header\">\n<h3 class=\"modal-title\" id=\"commentModalLabel\">Comenteaz\u0103<\/h3>\n<\/div>\n<div class=\"modal-body\">\n<div class=\"tabel tabel-full\">\n<div class=\"celula\">\n              Trebuie s\u0103 fii <a href=\"https:\/\/ziaruldevrancea.ro\/account\">autentificat<\/a> pentru a putea posta un comentariu.\n            <\/div>\n<\/div>\n<\/div>\n<div class=\"modal-footer\">\n<div id=\"commentPending\" class=\"formPending pull-left\"><img decoding=\"async\" src=\"https:\/\/zdvs.cname.ro\/images\/loader_40.gif\"> In curs de procesare&#8230;<\/div>\n<p><a href=\"https:\/\/ziaruldevrancea.ro\/actualitatea\/national\/mozaic-Stiri-naTionale-greva-generala-in-sanatate\" class=\"btn btn-default\" data-dismiss=\"modal\">Anuleaz\u0103<\/a><\/div>\n<\/div>\n<\/div>\n<\/div>\n<div class=\"modal fade\" id=\"commentReportModal\" role=\"dialog\" aria-labelledby=\"commentReportModalLabel\">\n<div class=\"modal-dialog modal-lg\" role=\"document\">\n<div class=\"modal-content\">\n<div class=\"modal-header\">\n<h3 class=\"modal-title\" id=\"commentReportModalLabel\">Raporteaza comentariu<\/h3>\n<\/div>\n<div class=\"modal-body\">\n<div class=\"tabel tabel-full\">\n<div class=\"celula\">\n              Trebuie s\u0103 fii <a href=\"https:\/\/ziaruldevrancea.ro\/account\">autentificat<\/a> pentru a putea raporta un comentariu.\n            <\/div>\n<\/div>\n<\/div>\n<div class=\"modal-footer\">\n<div id=\"commentReportPending\" class=\"formPending pull-left\"><img decoding=\"async\" src=\"https:\/\/zdvs.cname.ro\/images\/loader_40.gif\"> In curs de procesare&#8230;<\/div>\n<p><a href=\"https:\/\/ziaruldevrancea.ro\/actualitatea\/national\/mozaic-Stiri-naTionale-greva-generala-in-sanatate\" class=\"btn btn-default\" data-dismiss=\"modal\">Anuleaz\u0103<\/a><\/div>\n<\/div>\n<\/div>\n<\/div>\n<div class=\"modal fade\" id=\"commentLikeModal\" role=\"dialog\" aria-labelledby=\"commentLikeModalLabel\">\n<div class=\"modal-dialog modal-lg\" role=\"document\">\n<div class=\"modal-content\">\n<div class=\"modal-header\">\n<h3 class=\"modal-title\" id=\"commentReportModalLabel\">Apreciaza comentariu<\/h3>\n<\/div>\n<div class=\"modal-body\">\n<div class=\"tabel tabel-full\">\n<div class=\"celula\">\n            Trebuie s\u0103 fii <a href=\"https:\/\/ziaruldevrancea.ro\/account\">autentificat<\/a> pentru a putea aprecia un comentariu.\n          <\/div>\n<\/div>\n<\/div>\n<div class=\"modal-footer\"><a href=\"https:\/\/ziaruldevrancea.ro\/actualitatea\/national\/mozaic-Stiri-naTionale-greva-generala-in-sanatate\" class=\"btn btn-default\" data-dismiss=\"modal\">Anuleaz\u0103<\/a><\/div>\n<\/div>\n<\/div>\n<\/div>\n<div class=\"bloc-widget widget-rosu\"><span><small>Ziarul de Vrancea doreste ca acest site sa fie un spatiu al discutiilor civilizate, al comentariilor de bun simt. Din acest motiv, cei care posteaza comentarii la articole trebuie sa respecte urmatoarele reguli:<br \/>\n1. Sa se refere doar la articolul la care posteaza comentarii.<br \/>\n2. Sa foloseasca un limbaj civilizat, fara injurii, calomnii, comentarii antisemite, xenofobe sau rasiste.<br \/>\n3. Sunt interzise atacurile la adresa autorilor, daca acestea nu au legatura cu textul.<br \/>\n4. Username-ul sa nu fie nume de personalitati ale vietii publice sau parodieri ale acestora.<br \/>\nAutorul unui articol poate fi criticat pentru eventuale greseli, incoerenta, lipsa de documentare etc.<br \/>\nNerespectarea regulilor mentionate mai sus va duce la stergerea comentariilor, fara avertisment si fara explicatii.<br \/>\nAbaterile repetate vor avea drept consecinta interdictia accesului la aceasta facilitate a site-ului.<\/small><\/span><\/div>\n<\/div>\n<p>[analyse_source url=&#8221;https:\/\/ziaruldevrancea.ro\/actualitatea\/national\/mozaic-Stiri-naTionale-greva-generala-in-sanatate&#8221;]<\/p>\n","protected":false},"excerpt":{"rendered":"<p>[analyse_image type=&#8221;featured&#8221; src=&#8221;https:\/\/zdvi.cname.ro\/_\/mozaic-Stiri-naTionale-greva-generala-in-sanatate\/mediaPool\/uWZk34o.jpeg&#8221;] Na\u021bional MOZAIC \u0218TIRI NA\u021aIONALE: Grev\u0103 general\u0103 \u00een S\u0103n\u0103tate Distribuie: \u00a0 | Rodica Condurache 27 iul 2026310 vizualiz\u0103ri MS a cerut direc\u0163iilor de s\u0103n\u0103tate public\u0103 s\u0103 monitorizeze activitatea din unit\u0103\u0163ile sanitare n ce spune ministrul S\u0103n\u0103t\u0103\u021bii \u00a0 Ministerul S\u0103n\u0103t\u0103\u0163ii a cerut direc\u0163iilor de s\u0103n\u0103tate public\u0103, \u00een contextul grevei generale declan\u015fate mar\u0163i, s\u0103 monitorizeze [&hellip;]<\/p>\n","protected":false},"author":1,"featured_media":0,"comment_status":"open","ping_status":"","sticky":false,"template":"","format":"standard","meta":{"footnotes":""},"categories":[89],"tags":[226,208],"class_list":["post-2070128","post","type-post","status-publish","format-standard","hentry","category-romania","tag-crawlmanager","tag-ziaruldevrancea-ro"],"_links":{"self":[{"href":"https:\/\/analyse.optim.biz\/index.php?rest_route=\/wp\/v2\/posts\/2070128","targetHints":{"allow":["GET"]}}],"collection":[{"href":"https:\/\/analyse.optim.biz\/index.php?rest_route=\/wp\/v2\/posts"}],"about":[{"href":"https:\/\/analyse.optim.biz\/index.php?rest_route=\/wp\/v2\/types\/post"}],"author":[{"embeddable":true,"href":"https:\/\/analyse.optim.biz\/index.php?rest_route=\/wp\/v2\/users\/1"}],"replies":[{"embeddable":true,"href":"https:\/\/analyse.optim.biz\/index.php?rest_route=%2Fwp%2Fv2%2Fcomments&post=2070128"}],"version-history":[{"count":0,"href":"https:\/\/analyse.optim.biz\/index.php?rest_route=\/wp\/v2\/posts\/2070128\/revisions"}],"wp:attachment":[{"href":"https:\/\/analyse.optim.biz\/index.php?rest_route=%2Fwp%2Fv2%2Fmedia&parent=2070128"}],"wp:term":[{"taxonomy":"category","embeddable":true,"href":"https:\/\/analyse.optim.biz\/index.php?rest_route=%2Fwp%2Fv2%2Fcategories&post=2070128"},{"taxonomy":"post_tag","embeddable":true,"href":"https:\/\/analyse.optim.biz\/index.php?rest_route=%2Fwp%2Fv2%2Ftags&post=2070128"}],"curies":[{"name":"wp","href":"https:\/\/api.w.org\/{rel}","templated":true}]}}