{"id":2070123,"date":"2026-07-26T00:00:00","date_gmt":"2026-07-25T21:00:00","guid":{"rendered":"https:\/\/analyse.optim.biz\/?p=2070123"},"modified":"2026-07-26T00:00:00","modified_gmt":"2026-07-25T21:00:00","slug":"mozaic-stiri-nationale-basescu-despre-dan-are-un-popor-cu-care-nu-se-potriveste-noi-vrem-mai-repede-el-vrea-mai-incet","status":"publish","type":"post","link":"https:\/\/analyse.optim.biz\/?p=2070123","title":{"rendered":"MOZAIC \u0218TIRI NA\u021aIONALE: B\u0103sescu, despre Dan: Are un popor cu care nu se potrive\u015fte. Noi vrem mai repede, el vrea mai \u00eencet"},"content":{"rendered":"<p>[analyse_image type=&#8221;featured&#8221; src=&#8221;https:\/\/zdvi.cname.ro\/_\/mozaic-Stiri-naTionale-basescu-despre-dan-are-un-popor-cu-care-nu-se-potriveste.-noi-vrem-mai-repede-el-vrea-mai-incet\/mediaPool\/uEIDcLv.jpg&#8221;]<\/p>\n<div class=\"main-content detaliu-articol\"><a class=\"titlu-cat-list\" href=\"https:\/\/ziaruldevrancea.ro\/actualitatea\/national\">Na\u021bional<\/a><\/p>\n<h1>MOZAIC \u0218TIRI NA\u021aIONALE: B\u0103sescu, despre Dan: Are un popor cu care nu se potrive\u015fte. Noi vrem mai repede, el vrea mai \u00eencet<\/h1>\n<div class=\"date-articol clearfix\">\n<div class=\"distribuie-articol dropdown\">\n    Distribuie: \u00a0<br \/>\n    <em>|<\/em><\/div>\n<div class=\"autor-articol\"><a href=\"https:\/\/ziaruldevrancea.ro\/autor\/rodica-condurache\/\"><img decoding=\"async\" class=\"img-circle\" src=\"https:\/\/zdvi.cname.ro\/50_50\/articleAuthor\/rodica-condurache\/articleAuthor\/uy6Kz5r.jpg\" alt><\/a><\/p>\n<h5><a href=\"https:\/\/ziaruldevrancea.ro\/autor\/rodica-condurache\/\">Rodica Condurache<\/a><\/h5>\n<div class=\"grup-spatiere\"><span class=\"cu-spatiere\">26 iul 2026<\/span><span class=\"cu-spatiere\">384 vizualiz\u0103ri<\/span><\/div>\n<\/div>\n<\/div>\n<div class=\"poza-mare\"><a href class=\"openGallery\"><img decoding=\"async\" class=\"img-responsive\" src=\"https:\/\/zdvi.cname.ro\/850_530\/mozaic-Stiri-naTionale-basescu-despre-dan-are-un-popor-cu-care-nu-se-potriveste.-noi-vrem-mai-repede-el-vrea-mai-incet\/article\/mediaPool\/uEIDcLv.jpg\" alt><\/a><\/div>\n<p>Ce crede despre o eventual\u0103 suspendare a pre\u015fedintelui<\/p>\n<p>\u00a0<\/p>\n<p>Fostul pre\u015fedinte Traian B\u0103sescu a afirmat c\u0103 nu crede c\u0103 Nicu\u015for Dan este dep\u0103\u015fit uneori de situa\u0163ie, dar c\u0103 acesta are un stil care nu se potrive\u015fte cu ceilal\u0163i. \u201eCred c\u0103 are un popor cu care nu se potrive\u015fte. Noi vrem mai repede, el vrea mai \u00eencet\u201d, a ad\u0103ugat B\u0103sescu. \u00centrebat dac\u0103 crede c\u0103 va trece un referendum pentru demiterea lui Nicu\u015for Dan, fostul pre\u015fedinte a r\u0103spuns negativ.<\/p>\n<p>Traian B\u0103sescu a fost \u00eentrebat, duminic\u0103, la Digi 24, dac\u0103 pre\u015fedintele Nicu\u015for Dan \u00ee\u015fi va duce mandatul p\u00e2n\u0103 la cap\u0103t. &#8220;Da. Iar prostia cu suspendarea cred c\u0103 este o exagerare. Nu trece referendumul. (&#8230;) Dac\u0103 se face suspendarea \u015fi suspendarea odat\u0103 f\u0103cut\u0103 se face referendumul de demitere. Nu cred c\u0103 trece demiterea&#8221;, a declarat Traian B\u0103sescu.<\/p>\n<p>\u00centrebat dac\u0103 nu are senza\u0163ia c\u0103 Nicu\u015for Dan are momente c\u00e2nd este dep\u0103\u015fit de situa\u0163ie, Traian B\u0103sescu a r\u0103spuns: &#8220;Nu! Cred c\u0103 are un stil care nu se potrive\u015fte cu noi, cu ceilal\u0163i. Are un popor cu care nu se potrive\u015fte. Noi vrem mai repede, el vrea mai \u00eencet&#8221;.<\/p>\n<p><strong>\u201ePre\u015fedintele are ambiguit\u0103\u0163i constitu\u0163ionale\u201d<\/strong><\/p>\n<p>Fostul pre\u015fedinte Traian B\u0103sescu sus\u0163ine c\u0103 pre\u015fedintele Nicu\u015for Dan are ambiguit\u0103\u0163i constitu\u0163ionale afirm\u00e2nd c\u0103 nu vrea guvern cu AUR, dar trimi\u0163\u00e2nd oameni s\u0103 negocieze cu acest partid. \u00a0&#8220;\u00censu\u015fi pre\u015fedintele are ambiguit\u0103\u0163i constitu\u0163ionale. Pre\u015fedintele vine \u015fi spune: \u00abnu voi valida un guvern sau nu sunt de acord cu un guvern \u00een care este AUR\u00bb. Ce vrei s\u0103 spui? C\u0103 dac\u0103 voteaz\u0103 Parlamentul Guvernul tu refuzi semnarea decretelor? M\u0103 \u00eendoiesc&#8221;, a afirmat Traian B\u0103sescu.<\/p>\n<p>Fostul \u015fef al statului mai spune c\u0103 pre\u015fedintele sus\u0163ine c\u0103 nu vrea un guvern cu AUR, dar trimite oameni s\u0103 negocieze cu acest partid, ad\u0103ug\u00e2nd c\u0103 \u00een acela\u015fi mod s-a comportat \u015fi PSD. &#8220;Spune c\u0103 nu vrea un guvern cu AUR, dar trimite oameni s\u0103 negocieze. Aici suntem. PSD nici el nu vrea cu AUR, dar trimite oameni s\u0103 negocieze. Sau exigen\u0163a pre\u015fedintelui, s\u0103 fie un candidat care are num\u0103rul de voturi, 233 de voturi. De unde p\u00e2n\u0103 unde? Ce articol din Constitu\u0163ie \u00ee\u0163i spune c\u0103 tu trebuie s\u0103 ai confirmarea voturilor \u00eenainte de votul din Parlament? Sunt st\u00e2ng\u0103cii constitu\u0163ionale care blocheaz\u0103 lucrurile. \u015ei nu e \u00een regul\u0103. Statul se \u015fubreze\u015fte \u00eencontinuu&#8221;, a explicat fostul pre\u015fedinte.<\/p>\n<p>\u00centrebat dac\u0103 sursa primar\u0103 a crizei politice poate fi conflictul dintre Nicu\u015for Dan \u015fi premierul Ilie Bolojan, Traian B\u0103sescu a r\u0103spuns: &#8220;Nu a\u015f zice. Sursa primar\u0103 a fost PSD-ul cu Grindeanu. Pre\u015fedintele poate s-a lipit de ocazie, c\u0103 pre\u015fedintele nu avea ce s\u0103-i fac\u0103 lui Bolojan. PSD, Grindeanu i-a vrut capul pentru c\u0103 intrase \u00een criz\u0103 de credibilitate datorit\u0103 m\u0103surilor pe care le aprobau \u00een guvern \u015fi ie\u015feau \u015fi le criticau \u00een afara guvernului. Asta a fost cauza pentru care s-a declan\u015fat criza. C\u0103 pre\u015fedintele nu a f\u0103cut nimic s\u0103 o \u00eempiedice, este adev\u0103rat&#8221;.<\/p>\n<p>B\u0103sescu sus\u0163ine c\u0103 Nicu\u015for Dan \u015fi Sorin Grindeanu au avut evalu\u0103ri gre\u015fite \u00een ceea ce prive\u015fte reac\u0163ia PNL. &#8220;Este evident c\u0103 \u015fi pre\u015fedintele, \u015fi Grindeanu au avut evalu\u0103ri gre\u015fite la reac\u0163ia PNL. Se a\u015fteptau ca bine, hai, pleac\u0103 Bolojan, punem pe altul din b\u0103ie\u0163ii no\u015ftri cei cu care \u00eempreun\u0103 de 20 de ani fac toate blestem\u0103\u0163iile, suspend\u0103m pre\u015fedin\u0163i, sus\u0163inem pe Geoan\u0103. Nu au evaluat reac\u0163ia PNL-ului \u015fi, sincer s\u0103 fiu, a fost o reac\u0163ie bun\u0103 altfel. Dac\u0103 s-ar \u00eent\u00e2mpla s\u0103 \u00een\u0163eleag\u0103 PNL c\u00e2t r\u0103u a f\u0103cut st\u00e2nd 20 de ani \u00een aceast\u0103 alian\u0163\u0103 cu PSD, c\u0103 a distrus \u015fansa dreptei s\u0103 schimbe \u0163ara, s\u0103 o transforme, c\u00e2te blocaje a f\u0103cut \u00eempreun\u0103 cu PSD \u00een timpul mandatului meu, ar fi bine. Dar, \u015ftiind cum s-a zb\u0103tut Bolojan la a doua suspendare a mea din 2012, cred pu\u0163in \u00een faptul c\u0103 se vor schimba. Au o conjunctur\u0103 \u015fi-\u015fi vor reveni la n\u0103ravurile vechi&#8221;, a mai declarat Traian B\u0103sescu.<\/p>\n<p><strong>Arafat reclam\u0103 abuzuri \u00een dosarul presupuselor angaj\u0103ri fictive de la DSU\u00a0<\/strong><\/p>\n<p>\u015eeful Departamentului pentru Situa\u0163ii de Urgen\u0163\u0103 (DSU), Raed Arafat, reclam\u0103 fapte \u201ede o gravitate deosebit\u0103\u201d, descoperite recent \u00een urma \u201everific\u0103rilor oficiale\u201d privind crearea \u015fi instrumentarea dosarului penal care vizeaz\u0103 \u201epretinse angaj\u0103ri fictive la DSU\u201d. Arafat afirm\u0103 c\u0103 aceste verific\u0103ri \u201eau confirmat c\u0103 procurorul \u015fi-a atras \u00een mod artificial competen\u0163a \u00een dosar, prin invocarea unei \u00eemprejur\u0103ri de fapt pl\u0103smuite\u201d.<\/p>\n<p>&#8220;\u00cen contextul dosarului penal privind pretinsele angaj\u0103ri fictive la DSU, m\u0103 v\u0103d nevoit s\u0103 comunic public o serie de informa\u0163ii de o gravitate deosebit\u0103, care au fost recent descoperite \u00een urma verific\u0103rilor oficiale efectuate cu privire la crearea \u015fi instrumentarea acestui dosar. Aceste verific\u0103ri au confirmat c\u0103 procurorul \u015fi-a atras \u00een mod artificial competen\u0163a \u00een dosar, prin invocarea unei \u00eemprejur\u0103ri de fapt pl\u0103smuite. Aceast\u0103 constatare demonteaz\u0103 fundamentul pe care a fost construit \u00eentregul dosar \u015fi relev\u0103 o modalitate de exercitare a func\u0163iei de urm\u0103rire penal\u0103 incompatibil\u0103 cu exigen\u0163ele legii&#8221;, explic\u0103 Raed Arafat pe pagina sa de Facebook.<\/p>\n<p>\u015eeful DSU sus\u0163ine c\u0103 pe baza acestor &#8220;premise artificiale, procurorul a desf\u0103\u015furat timp de peste un an urm\u0103rirea penal\u0103 in rem f\u0103r\u0103 ca persoanele vizate s\u0103 fie informate \u015fi f\u0103r\u0103 ca acestea s\u0103 \u00ee\u015fi poat\u0103 exercita drepturile procesuale&#8221;. &#8220;\u00cen acela\u015fi timp, acelea\u015fi sus\u0163ineri ale procurorului au fost folosite pentru a ob\u0163ine autorizarea unor m\u0103suri de supraveghere tehnic\u0103 cu cel mai ridicat grad de intruziune, desf\u0103\u015furate pe o perioad\u0103 de aproape \u015fase luni. Escaladarea m\u0103surilor nu s-a oprit aici. Procurorul a solicitat \u015fi autorizarea unor perchezi\u0163ii domiciliare \u00eempotriva persoanelor cercetate. Judec\u0103torul de la Curtea de Apel a constatat \u00eens\u0103 caracterul v\u0103dit dispropor\u0163ionat al acestor solicit\u0103ri \u015fi le-a respins. \u00cen loc s\u0103 accepte controlul de legalitate exercitat de instan\u0163\u0103, procurorul a dispus ridicarea silit\u0103 a telefoanelor mobile apar\u0163in\u00e2nd tuturor celor 13 persoane vizate, ob\u0163in\u00e2nd pe alt\u0103 cale ceea ce instan\u0163a refuzase s\u0103 \u00eencuviin\u0163eze&#8221;, explic\u0103 Arafat.<\/p>\n<p>Secretarul de stat spune c\u0103, privite \u00eempreun\u0103, aceste \u00eemprejur\u0103ri &#8220;nu reprezint\u0103 simple erori de apreciere \u015fi nici op\u0163iuni procesuale discutabile&#8221;, ci &#8220;descriu un mod de exercitare a ac\u0163iunii penale caracterizat prin fabricarea premiselor necesare dob\u00e2ndirii competen\u0163ei, ascunderea urm\u0103ririi penale fa\u0163\u0103 de persoanele vizate, utilizarea unor sus\u0163ineri nereale pentru justificarea celor mai intruzive m\u0103suri de supraveghere \u015fi \u00eencercarea de a ocoli controlul exercitat de instan\u0163\u0103&#8221;.<\/p>\n<p>&#8220;Un asemenea mod de ac\u0163iune angajeaz\u0103 problema r\u0103spunderii procurorului \u015fi ridic\u0103 \u00eentreb\u0103ri fundamentale privind folosirea resurselor judiciare ale statului. Resurse umane, logistice \u015fi financiare considerabile au fost consumate pentru sus\u0163inerea unui dosar construit pe premise pl\u0103smuite, \u00een loc s\u0103 fie orientate c\u0103tre combaterea faptelor reale de criminalitate. \u00centr-un stat de drept, nimeni nu este mai presus de lege, inclusiv cei chema\u0163i s\u0103 o aplice. Atunci c\u00e2nd instrumentarea unui dosar se bazeaz\u0103 pe premise artificiale \u015fi conduce la restr\u00e2ngerea grav\u0103 a drepturilor fundamentale, r\u0103spunderea nu poate r\u0103m\u00e2ne doar o chestiune teoretic\u0103, ci trebuie asumat\u0103 \u00een toate formele prev\u0103zute de lege&#8221;, mai spune Raed Arafat.<\/p>\n<p>Potrivit lui Arafat, \u00een dosar sunt viza\u0163i patru medici \u015fi o asistent\u0103 medical\u0103, to\u0163i &#8220;cu o experien\u0163\u0103 foarte mare&#8221;, angaja\u0163i cu jum\u0103tate de norm\u0103 la DSU, \u00een cazul c\u0103rora procurorul sus\u0163ine c\u0103 ar fi fost remunera\u0163i f\u0103r\u0103 s\u0103 presteze munca pentru care au fost angaja\u0163i. \u015eeful DSU spune c\u0103, pentru a proba faptul c\u0103 cei cinci au muncit, reprezentan\u0163ii DSU au trimis Parchetului Militar &#8220;44 de bibliorafturi care con\u0163in 20.000 de pagini care demonstreaz\u0103 c\u0103 pontajul a ar\u0103tat c\u0103 ei lucreaz\u0103 \u015fi la distan\u0163\u0103, dar \u015fi fizic&#8221;, \u015fi aproape 8.000 de file care demonstreaz\u0103 c\u0103 oamenii au predat materiale, c\u0103 ace\u015ftia au muncit, au comunicat prin e-mailuri, inclusiv la miezul nop\u0163ii&#8221;.<\/p>\n<p>&#8220;\u00cen niciun caz nu putem vorbi de \u00een\u015fel\u0103ciuni sau de munc\u0103 fictiv\u0103, cum s-a pretins&#8221;, a mai spus Arafat.<\/p>\n<p>\u00cen 27 martie, procurorii au f\u0103cut perchezi\u0163ii la sediul Departamentului pentru Situa\u0163ii de Urgen\u0163\u0103 (DSU), \u00eentr-un dosar care ar viza angaj\u0103ri fictive. Raed Arafat a declarat atunci c\u0103 este o anchet\u0103 in rem, iar DSU a precizat c\u0103 anchetatorii au solicitat documente relevante pentru clarificarea situa\u0163iei investigate, care urmeaz\u0103 a fi transmise \u00een cel mai scurt timp, \u015fi au ridicat telefoane mobile apar\u0163in\u00e2nd unor angaja\u0163i ai institu\u0163iei. Ulterior, Raed Arafat a infirmat &#8220;categoric&#8221; existen\u0163a unor posibile angaj\u0103ri fictive a unor medici \u00een cadrul institu\u0163iei \u015fi anun\u0163a c\u0103 a colaborat \u015fi va colabora \u00een continuare cu anchetatorii.<\/p>\n<p>&#8220;Adev\u0103rul trebuie stabilit pe baza faptelor, a documentelor \u015fi a cadrului legal, nu prin specula\u0163ii&#8221;, a transmis atunci Arafat.<\/p>\n<p><strong>Irineu Dar\u0103u, dup\u0103 anchetele DNA din industria de ap\u0103rare: Cine fur\u0103 din industria de armament tr\u0103deaz\u0103 \u0163ara<\/strong><\/p>\n<p>Ministrul interimar al Economiei, Digitaliz\u0103rii, Antreprenoriatului \u015fi Turismului, Irineu Dar\u0103u, afirm\u0103 c\u0103 este nevoie de o reform\u0103 profund\u0103 \u00een industria de ap\u0103rare, dup\u0103 ce trei directori ai unor companii de stat din subordinea Romarm au fost aresta\u0163i de DNA \u00eentr-un dosar de luare de mit\u0103. El a catalogat la TVR Info, drept extrem de grave faptele de corup\u0163ie din domeniul ap\u0103r\u0103rii \u015fi a spus c\u0103 persoanele care ob\u0163in ilegal bani din aceast\u0103 industrie \u201etr\u0103deaz\u0103 \u0163ara\u201d.<\/p>\n<p>&#8220;Cine se \u00eenfrupt\u0103 ilegal din orice leu din industria de armament tr\u0103deaz\u0103 \u0163ara. Nu doar pentru c\u0103 avem r\u0103zboiul la grani\u0163\u0103, ci \u00een general. Este o circumstan\u0163\u0103 agravant\u0103 s\u0103 \u00eencerci s\u0103 furi din industria de ap\u0103rare&#8221;, consider\u0103 Dar\u0103u. Ministrul a declarat c\u0103 nu crede c\u0103 fenomenul corup\u0163iei a disp\u0103rut din industria de ap\u0103rare \u015fi a f\u0103cut apel la toate institu\u0163iile statului s\u0103 investigheze \u015fi s\u0103 sanc\u0163ioneze orice fapt\u0103 ilegal\u0103. &#8220;Apelul meu c\u0103tre toate institu\u0163iile statului, de la servicii p\u00e2n\u0103 la justi\u0163ie, este s\u0103 nu scape \u00een Rom\u00e2nia niciun astfel de corupt.&#8221; a fost mesajul s\u0103u.<\/p>\n<p>\u00cen ceea ce prive\u015fte m\u0103surile pe care le poate lua Ministerul Economiei, Dar\u0103u a spus c\u0103 prioritatea este reprezentat\u0103 de reformarea companiei Romarm \u015fi de \u00eembun\u0103t\u0103\u0163irea guvernan\u0163ei corporative. Ministrul consider\u0103 c\u0103 actuala structur\u0103, cu 16 filiale, nu este cea mai eficient\u0103 \u015fi sus\u0163ine c\u0103 unele dintre acestea au ajuns s\u0103 func\u0163ioneze ca &#8220;mici feude&#8221;. &#8220;Nu cred c\u0103 16 filiale sub o companie Romarm reprezint\u0103 organizarea optim\u0103. Am impresia c\u0103 unele dintre aceste filiale sunt ni\u015fte mici feude. O reorganizare ar ajuta s\u0103 se sparg\u0103 aceste structuri&#8221;, a argumentat el.<\/p>\n<p>Totodat\u0103, ministrul a anun\u0163at c\u0103 va propune introducerea unor criterii clare de performan\u0163\u0103 pentru conducerea companiilor din subordine, astfel \u00eenc\u00e2t managerii s\u0103 poat\u0103 fi evalua\u0163i \u015fi tra\u015fi la r\u0103spundere pentru rezultatele ob\u0163inute. Potrivit lui Irineu Dar\u0103u, reforma Romarm trebuie f\u0103cut\u0103 cu pruden\u0163\u0103, \u00eens\u0103 este necesar\u0103 pentru cre\u015fterea eficien\u0163ei \u015fi a transparen\u0163ei \u00eentr-un sector strategic pentru securitatea Rom\u00e2niei.<\/p>\n<p>Potrivit procurorilor Direc\u0163iei Na\u0163ionale Anticorup\u0163ie &#8211; Sec\u0163ia de combatere a infrac\u0163iunilor asimilate infrac\u0163iunilor de corup\u0163ie, Mihai Rafiu, director general al SC &#8220;Uzina Mecanic\u0103 Bucure\u015fti&#8221; este acuzat de luare de mit\u0103 \u00een form\u0103 continuat\u0103 (12 acte materiale), Tiberiu Alexandru P\u00eervu, director general al Uzinei Mecanice Plopeni, de luare de mit\u0103 \u00een form\u0103 continuat\u0103 (3 acte materiale), iar directorul comercial al UM Plopeni, Liliana Sorescu, este acuzat\u0103 de dou\u0103 infrac\u0163iuni de luare de mit\u0103, dintre care una \u00een form\u0103 continuat\u0103. De asemenea, \u00een dosar este vizat \u015fi administratorul mai multor societ\u0103\u0163i comerciale, pentru complicitate la luare de mit\u0103 \u015fi dare de mit\u0103 \u00een form\u0103 continuat\u0103 (2 infrac\u0163iuni).<\/p>\n<p><strong>Pa\u015faportul rom\u00e2nesc ocup\u0103 locul 11 la nivel mondial \u00een clasamentul libert\u0103\u0163ii de c\u0103l\u0103torie<\/strong><\/p>\n<p>Pa\u015faportul rom\u00e2nesc ocup\u0103 locul 11 \u00een lume \u00een ceea ce prive\u015fte libertatea de c\u0103l\u0103torie, potrivit celei mai recente edi\u0163ii a Henley Passport Index, situ\u00e2ndu-se cu o pozi\u0163ie dup\u0103 pa\u015faportului Statelor Unite \u015fi pe acela\u015fi loc cu Bulgaria. Clasamentul realizat la nivel global evalueaz\u0103 pa\u015fapoartele \u00een func\u0163ie de num\u0103rul destina\u0163iilor \u00een care titularii lor pot intra f\u0103r\u0103 a ob\u0163ine \u00een prealabil o viz\u0103.<\/p>\n<p>Clasamentul arat\u0103 c\u0103 cet\u0103\u0163enii rom\u00e2ni \u015fi bulgari pot c\u0103l\u0103tori f\u0103r\u0103 viz\u0103 \u00een 178 de \u0163\u0103ri, cu doar dou\u0103 mai pu\u0163ine dec\u00e2t de\u0163in\u0103torii unui pa\u015faport american.\u00a0<\/p>\n<p>Henley Passport Index monitorizeaz\u0103 de dou\u0103 decenii puterea pa\u015fapoartelor, folosind date ale Asocia\u0163iei Interna\u0163ionale a Transportului Aerian (IATA) pentru a clasifica statele \u00een func\u0163ie de oportunit\u0103\u0163ile de c\u0103l\u0103torie f\u0103r\u0103 viz\u0103. Pozi\u0163ia pa\u015faportului rom\u00e2nesc s-a \u00eembun\u0103t\u0103\u0163it semnificativ fa\u0163\u0103 de anii anteriori. Cea mai slab\u0103 clasare a fost \u00eenregistrat\u0103 \u00een 2006, c\u00e2nd Rom\u00e2nia ocupa locul 34, \u00een timp ce Bulgaria ocupa locul 29 la nivel mondial. Anul trecut, Rom\u00e2nia se situa pe locul 15.<\/p>\n<p>Prima pozi\u0163ie \u00een cel mai recent clasament este de\u0163inut\u0103 Singapore, al c\u0103rui pa\u015faport ofer\u0103 acces f\u0103r\u0103 viz\u0103 \u00een 193 de \u0163\u0103ri. Pe locul al doilea se afl\u0103 Japonia, urmat\u0103 de Coreea de Sud, Emiratele Arabe Unite \u015fi Suedia.<\/p>\n<p><strong>Sondaj CURS &#8211; AUR se men\u0163ine pe primul loc \u00een inten\u0163ia de vot la alegerile parlamentare<\/strong><\/p>\n<p>AUR se men\u0163ine pe primul loc \u00een inten\u0163ia de vot la alegerile parlamentare, cu un scor de 34%, urmat de PSD, PNL \u015fi USR, indic\u0103 un sondaj CURS la nivel na\u0163ional. Majoritatea responden\u0163ilor nu sunt de acord cu suspendarea pre\u015fedintelui.<\/p>\n<p>Dac\u0103 duminica viitoare ar avea loc alegeri parlamentare, AUR ar ob\u0163ine 34% din voturile celor care declar\u0103 c\u0103 ar merge la urne, fiind urmat de PSD cu 23% \u015fi PNL cu 21%. USR este creditat cu 9%, iar UDMR cu 4%. SOS Rom\u00e2nia ob\u0163ine 3%, \u00een timp ce PNRR-Piedone \u015fi Ac\u0163iunea Conservatoare sunt creditate fiecare cu c\u00e2te 2%.<\/p>\n<p>Cei mai mul\u0163i dintre cei chestiona\u0163i consider\u0103 c\u0103 \u0163ara merge \u00eentr-o direc\u0163ie gre\u015fit\u0103 80% dintre responden\u0163i apreciaz\u0103 c\u0103 Rom\u00e2nia se \u00eendreapt\u0103 \u00eentr-o direc\u0163ie gre\u015fit\u0103, \u00een timp ce doar 16% consider\u0103 c\u0103 direc\u0163ia este una bun\u0103.<\/p>\n<p>\u00cen ceea ce prive\u015fte scenariul suspend\u0103rii \u015fi demiterii Pre\u015fedintelui Rom\u00e2niei, 57% dintre responden\u0163i declar\u0103 c\u0103 nu sunt de acord cu aceast\u0103 variant\u0103, \u00een timp ce 31% o sus\u0163in.<\/p>\n<p>Sondajul a fost realizat de CURS, institut controlat de PSD, \u00een perioada 14-24 iulie 2026, pe un e\u015fantion de 1.108 responden\u0163i cu v\u00e2rsta de 18 ani \u015fi peste, reprezentativ pentru popula\u0163ia adult\u0103 rezident\u0103 din Rom\u00e2nia. E\u015fantionul este probabilist, multistadial \u015fi stratificat, iar marja maxim\u0103 de eroare este de \u00b13%, la un nivel de \u00eencredere de 95%.<\/p>\n<p><strong>Neam\u0163: Doi copii afla\u0163i la sc\u0103ldat \u00een apele r\u00e2ului Moldova s-au \u00eenecat<\/strong><\/p>\n<p>Doi copii afla\u0163i la sc\u0103ldat \u00een apele r\u00e2ului Moldova au fost c\u0103uta\u0163i, duminic\u0103 dup\u0103-amiaz\u0103, de c\u0103tre pompieri \u015fi scafandri, \u00een zona podului de la Horia. Potrivit reprezentan\u0163ilor ISU, cei doi copii, fra\u0163i, au fost g\u0103si\u0163i de scafandri, \u00eens\u0103, \u00een ciuda efoturilor medicilor care au f\u0103cut manevre de resuscitare, ace\u015ftia nu au mai putut fi salva\u0163i. Cei doi copii aveau 12, respectiv, 15 ani. \u201e\u00cen ciuda eforturilor depuse de echipajele de interven\u0163ie, cei doi copii nu au r\u0103spuns manevrelor de resuscitare. Medicul de pe ambulan\u0163a SMURD TIM a declarat decesul celor doi b\u0103ie\u0163i (fra\u0163i) \u00een v\u00e2rst\u0103 de 12, respectiv 15 ani\u201d, arat\u0103 sursa citat\u0103.<\/p>\n<p>\u00a0<\/p>\n<p>\u00a0<\/p>\n<hr>\n<div class=\"bloc-widget widget-rosu\">\n<p>\u00cen lipsa unui acord scris din partea Ziarului de Vrancea, pute\u0163i prelua maxim 500 de caractere din acest articol dac\u0103 preciza\u0163i sursa \u015fi insera\u0163i vizibil link-ul articolului:\u00a0<span>#insertcurrentlinkhere<\/span><\/p>\n<\/div>\n<div class=\"extra-articol listing-anunturi\">\n<h6>Anun\u021buri <span class=\"text-primary\">ZdV<\/span> Premium<\/h6>\n<div class=\"row\">\n<div class=\"col-lg-4 col-md-6 bloc-egal\"><a class=\"card-anunt\" href=\"https:\/\/ziaruldevrancea.ro\/anunturi\/imobiliare\/vanzari-terenuri\/vand-teren-in-panciu\"><strong class=\"titlu\">V\u00e2nz\u0103ri terenuri<\/strong><span class=\"text-anunt\">Teren Panciu 1170 mp, cu num\u0103r cas\u0103, ap\u0103&#8230;<\/span><span class=\"data-anunt\">29.07.2026  <\/span><\/a><\/div>\n<div class=\"col-lg-4 col-md-6 bloc-egal\"><a class=\"card-anunt\" href=\"https:\/\/ziaruldevrancea.ro\/anunturi\/altele\/anulare-acte\/vand-scrumbii-afumate-capturi-dunare\"><strong class=\"titlu\">Vanzari diverse<\/strong><span class=\"text-anunt\">Pret : 117 lei \/ kg . \u00a0 Este&#8230;<\/span><span class=\"data-anunt\">29.07.2026 , Gala\u021bi , Gala\u021bi<\/span><\/a><\/div>\n<div class=\"col-lg-4 col-md-6 bloc-egal\"><a class=\"card-anunt\" href=\"https:\/\/ziaruldevrancea.ro\/anunturi\/necrolog\/decese\/dumnezeu-sa-o-aseze-in-randul-celor-drepti\"><strong class=\"titlu\">Decese<\/strong><span class=\"text-anunt\">Cu profund\u0103 durere, familia anun\u021b\u0103 trecerea la&#8230;<\/span><span class=\"data-anunt\">28.07.2026  <\/span><\/a><\/div>\n<\/div>\n<\/div>\n<div class=\"extra-articol alte-articole\">\n<div class=\"row\">\n<div class=\"col-lg-6 bloc-egal\">\n<div class=\"card articol-listing\">\n<h6>\u00cen categoria <a href=\"https:\/\/ziaruldevrancea.ro\/actualitatea\/national\">Na\u021bional<\/a><\/h6>\n<div class=\"grup-articol-listing\">\n<div class=\"cont-pils\"><a href=\"https:\/\/ziaruldevrancea.ro\/actualitatea\/national\/mozaic-Stiri-naTionale-paul-de-romania-bun-de-impachetat-si-trimis-acasa\"><img decoding=\"async\" src=\"https:\/\/zdvi.cname.ro\/180_135\/actualitatea\/national\/mozaic-Stiri-naTionale-paul-de-romania-bun-de-impachetat-si-trimis-acasa\/mediaPool\/uvtGPut.jpeg\" class=\"img-responsive img-180\" alt><\/a><\/div>\n<h2><a class=\"link-titlu\" href=\"https:\/\/ziaruldevrancea.ro\/actualitatea\/national\/mozaic-Stiri-naTionale-paul-de-romania-bun-de-impachetat-si-trimis-acasa\">MOZAIC \u0218TIRI NA\u021aIONALE: Paul de Rom\u00e2nia, bun de \u201e\u00eempachetat\u201d \u0219i trimis acas\u0103<\/a><\/h2>\n<div class=\"date-post\"><a href=\"https:\/\/ziaruldevrancea.ro\/autor\/radu-tomescu\">Radu Tomescu<\/a>, 29 iul 2026  <\/div>\n<\/div>\n<div class=\"grup-articol-listing\">\n<div class=\"cont-pils\"><a href=\"https:\/\/ziaruldevrancea.ro\/actualitatea\/national\/mozaic-Stiri-naTionale-ciucu-nu-cred-ca-mai-putem-guverna-cel-putin-10-20-de-ani-alaturi-de-psd\"><img decoding=\"async\" src=\"https:\/\/zdvi.cname.ro\/180_135\/actualitatea\/national\/mozaic-Stiri-naTionale-ciucu-nu-cred-ca-mai-putem-guverna-cel-putin-10-20-de-ani-alaturi-de-psd\/mediaPool\/uJWJRRu.jpeg\" class=\"img-responsive img-180\" alt><\/a><\/div>\n<h2><a class=\"link-titlu\" href=\"https:\/\/ziaruldevrancea.ro\/actualitatea\/national\/mozaic-Stiri-naTionale-ciucu-nu-cred-ca-mai-putem-guverna-cel-putin-10-20-de-ani-alaturi-de-psd\">MOZAIC \u0218TIRI NA\u021aIONALE: Ciucu: Nu cred c\u0103 mai putem guverna cel pu\u0163in 10-20 de ani al\u0103turi de PSD<\/a><\/h2>\n<div class=\"date-post\"><a href=\"https:\/\/ziaruldevrancea.ro\/autor\/rodica-condurache\">Rodica Condurache<\/a>, 28 iul 2026  <\/div>\n<\/div>\n<div class=\"grup-articol-listing\">\n<div class=\"cont-pils\"><a href=\"https:\/\/ziaruldevrancea.ro\/actualitatea\/national\/mozaic-Stiri-naTionale-greva-generala-in-sanatate\"><img decoding=\"async\" src=\"https:\/\/zdvi.cname.ro\/180_135\/actualitatea\/national\/mozaic-Stiri-naTionale-greva-generala-in-sanatate\/mediaPool\/uWZk34o.jpeg\" class=\"img-responsive img-180\" alt><\/a><\/div>\n<h2><a class=\"link-titlu\" href=\"https:\/\/ziaruldevrancea.ro\/actualitatea\/national\/mozaic-Stiri-naTionale-greva-generala-in-sanatate\">MOZAIC \u0218TIRI NA\u021aIONALE: Grev\u0103 general\u0103 \u00een S\u0103n\u0103tate<\/a><\/h2>\n<div class=\"date-post\"><a href=\"https:\/\/ziaruldevrancea.ro\/autor\/rodica-condurache\">Rodica Condurache<\/a>, 27 iul 2026  <\/div>\n<\/div>\n<\/div>\n<\/div>\n<div class=\"col-lg-6 bloc-egal\">\n<div class=\"card articol-listing\">\n<h6>De acela\u0219i <a href=\"https:\/\/ziaruldevrancea.ro\/autor\/rodica-condurache\/\">autor<\/a><\/h6>\n<div class=\"grup-articol-listing\">\n<div class=\"cont-pils\"><a href=\"https:\/\/ziaruldevrancea.ro\/timp-liber\/astazi-despre-psihologul-clinician-andrei-partos---om-bun---nevoia-de-a-repune-muzica-si-poezia-romaneasca-la-un-loc-bun\"><img decoding=\"async\" src=\"https:\/\/zdvi.cname.ro\/180_135\/timp-liber\/astazi-despre-psihologul-clinician-andrei-partos---om-bun---nevoia-de-a-repune-muzica-si-poezia-romaneasca-la-un-loc-bun\/mediaPool\/uYSVhEO.jpg\" class=\"img-responsive img-180\" alt><\/a><\/div>\n<h2><a class=\"link-titlu\" href=\"https:\/\/ziaruldevrancea.ro\/timp-liber\/astazi-despre-psihologul-clinician-andrei-partos---om-bun---nevoia-de-a-repune-muzica-si-poezia-romaneasca-la-un-loc-bun\">VIDEO V\u0103 mai aminti\u021bi de \u201eRADIO VACAN\u021aA COSTINE\u0218TI\u201d? Ast\u0103zi despre vocea Costine\u015ftiului de alt\u0103dat\u0103. Andrei Parto\u0219 &#8211; Psihologul clinician care dup\u0103 zece ani de activitate s-a dedicat nevoii de a repune muzica \u015fi poezia rom\u00e2neasc\u0103 la un loc bun<\/a><\/h2>\n<div class=\"date-post\"><a href=\"https:\/\/ziaruldevrancea.ro\/autor\/rodica-condurache\">Rodica Condurache<\/a>, 31 iul 2026  <\/div>\n<\/div>\n<div class=\"grup-articol-listing\">\n<div class=\"cont-pils\"><a href=\"https:\/\/ziaruldevrancea.ro\/timp-liber\/horoscop-31-iulie-2026\"><img decoding=\"async\" src=\"https:\/\/zdvi.cname.ro\/180_135\/timp-liber\/horoscop-31-iulie-2026\/mediaPool\/uA8enxT.jpg\" class=\"img-responsive img-180\" alt><\/a><\/div>\n<h2><a class=\"link-titlu\" href=\"https:\/\/ziaruldevrancea.ro\/timp-liber\/horoscop-31-iulie-2026\">Horoscop 31 iulie 2026 <\/a><\/h2>\n<div class=\"date-post\"><a href=\"https:\/\/ziaruldevrancea.ro\/autor\/rodica-condurache\">Rodica Condurache<\/a>, 31 iul 2026  <\/div>\n<\/div>\n<div class=\"grup-articol-listing\">\n<div class=\"cont-pils\"><a href=\"https:\/\/ziaruldevrancea.ro\/timp-liber\/calendarul-zilei-de-31-iulie-evenimente-personalitati-si-momente-care-au-marcat-aceasta-zi\"><img decoding=\"async\" src=\"https:\/\/zdvi.cname.ro\/180_135\/timp-liber\/calendarul-zilei-de-31-iulie-evenimente-personalitati-si-momente-care-au-marcat-aceasta-zi\/mediaPool\/uVFdgAV.jpg\" class=\"img-responsive img-180\" alt><\/a><\/div>\n<h2><a class=\"link-titlu\" href=\"https:\/\/ziaruldevrancea.ro\/timp-liber\/calendarul-zilei-de-31-iulie-evenimente-personalitati-si-momente-care-au-marcat-aceasta-zi\">Calendarul zilei de 31 iulie | Evenimente, personalit\u0103\u021bi \u0219i momente care au marcat aceast\u0103 zi<\/a><\/h2>\n<div class=\"date-post\"><a href=\"https:\/\/ziaruldevrancea.ro\/autor\/rodica-condurache\">Rodica Condurache<\/a>, 31 iul 2026  <\/div>\n<\/div>\n<\/div>\n<\/div>\n<\/div>\n<\/div>\n<div class=\"extra-articol listing-anunturi\">\n<h6>Anun\u021buri <span class=\"text-primary\">ZdV<\/span> Premium<\/h6>\n<div class=\"row\">\n<div class=\"col-lg-4 col-md-6 bloc-egal\"><a class=\"card-anunt\" href=\"https:\/\/ziaruldevrancea.ro\/anunturi\/imobiliare\/vanzari-case\/vand-casa-si-teren-in-panciu-anunt-72818\"><strong class=\"titlu\">V\u00e2nz\u0103ri case<\/strong><span class=\"text-anunt\">V\u00e2nd cas\u0103 cu 2 camere, buc\u0103t\u0103rie, baie,&#8230;<\/span><span class=\"data-anunt\">23.07.2026  <\/span><\/a><\/div>\n<div class=\"col-lg-4 col-md-6 bloc-egal\"><a class=\"card-anunt\" href=\"https:\/\/ziaruldevrancea.ro\/anunturi\/angajari\/cereri-angajari\/doresc-angajare-anunt-72815\"><strong class=\"titlu\">Cereri<\/strong><span class=\"text-anunt\">Doresc s\u0103 am grij\u0103 de un copil de gradini\u021b\u0103&#8230;<\/span><span class=\"data-anunt\">21.07.2026  <\/span><\/a><\/div>\n<div class=\"col-lg-4 col-md-6 bloc-egal\"><a class=\"card-anunt\" href=\"https:\/\/ziaruldevrancea.ro\/anunturi\/inchirieri\/locuinte-oferte\/primesc-in-gazda-anunt-72816\"><strong class=\"titlu\">Locuin\u021be oferte<\/strong><span class=\"text-anunt\">\u00a0Primesc \u00een gazd\u0103 la cas\u0103.<\/p>\n<p>Tel&#8230;.<\/span><span class=\"data-anunt\">21.07.2026  <\/span><\/a><\/div>\n<\/div>\n<\/div>\n<div class=\"bloc-widget widget-albastru\">\n    Ziarul de Vrancea \u00a0nu este responsabil juridic pentru con\u0163inutul textelor din comentariile de mai jos. Responsabilitatea pentru mesajele dumneavoastra v\u0103 revine \u00een exclusivitate.\n<\/div>\n<div class=\"comentarii-articol\" id=\"comentarii\">\n<h3>Comentarii: <span class=\"text-primary\">0<\/span><\/h3>\n<p><a href=\"https:\/\/ziaruldevrancea.ro\/actualitatea\/national\/mozaic-Stiri-naTionale-basescu-despre-dan-are-un-popor-cu-care-nu-se-potriveste.-noi-vrem-mai-repede-el-vrea-mai-incet\" class=\"btn btn-success btn-adauga-com\" data-toggle=\"modal\" data-parent=\"0\" data-target=\"#commentModal\">Adaug\u0103 comentariu<\/a><\/p>\n<div class=\"loadMask comments-mask\"><img decoding=\"async\" src=\"https:\/\/zdvs.cname.ro\/images\/loader_40.gif\"><\/div>\n<div class=\"comenteaza-jos\">Trebuie s\u0103 fii <a href=\"https:\/\/ziaruldevrancea.ro\/account\">autentificat<\/a> pentru a putea <a href=\"https:\/\/ziaruldevrancea.ro\/actualitatea\/national\/mozaic-Stiri-naTionale-basescu-despre-dan-are-un-popor-cu-care-nu-se-potriveste.-noi-vrem-mai-repede-el-vrea-mai-incet\" class data-toggle=\"modal\" data-parent=\"0\" data-target=\"#commentModal\">posta un comentariu<\/a>.<\/div>\n<\/div>\n<div class=\"modal fade\" id=\"commentModal\" role=\"dialog\" aria-labelledby=\"commentModalLabel\">\n<div class=\"modal-dialog modal-lg\" role=\"document\">\n<div class=\"modal-content\">\n<div class=\"modal-header\">\n<h3 class=\"modal-title\" id=\"commentModalLabel\">Comenteaz\u0103<\/h3>\n<\/div>\n<div class=\"modal-body\">\n<div class=\"tabel tabel-full\">\n<div class=\"celula\">\n              Trebuie s\u0103 fii <a href=\"https:\/\/ziaruldevrancea.ro\/account\">autentificat<\/a> pentru a putea posta un comentariu.\n            <\/div>\n<\/div>\n<\/div>\n<div class=\"modal-footer\">\n<div id=\"commentPending\" class=\"formPending pull-left\"><img decoding=\"async\" src=\"https:\/\/zdvs.cname.ro\/images\/loader_40.gif\"> In curs de procesare&#8230;<\/div>\n<p><a href=\"https:\/\/ziaruldevrancea.ro\/actualitatea\/national\/mozaic-Stiri-naTionale-basescu-despre-dan-are-un-popor-cu-care-nu-se-potriveste.-noi-vrem-mai-repede-el-vrea-mai-incet\" class=\"btn btn-default\" data-dismiss=\"modal\">Anuleaz\u0103<\/a><\/div>\n<\/div>\n<\/div>\n<\/div>\n<div class=\"modal fade\" id=\"commentReportModal\" role=\"dialog\" aria-labelledby=\"commentReportModalLabel\">\n<div class=\"modal-dialog modal-lg\" role=\"document\">\n<div class=\"modal-content\">\n<div class=\"modal-header\">\n<h3 class=\"modal-title\" id=\"commentReportModalLabel\">Raporteaza comentariu<\/h3>\n<\/div>\n<div class=\"modal-body\">\n<div class=\"tabel tabel-full\">\n<div class=\"celula\">\n              Trebuie s\u0103 fii <a href=\"https:\/\/ziaruldevrancea.ro\/account\">autentificat<\/a> pentru a putea raporta un comentariu.\n            <\/div>\n<\/div>\n<\/div>\n<div class=\"modal-footer\">\n<div id=\"commentReportPending\" class=\"formPending pull-left\"><img decoding=\"async\" src=\"https:\/\/zdvs.cname.ro\/images\/loader_40.gif\"> In curs de procesare&#8230;<\/div>\n<p><a href=\"https:\/\/ziaruldevrancea.ro\/actualitatea\/national\/mozaic-Stiri-naTionale-basescu-despre-dan-are-un-popor-cu-care-nu-se-potriveste.-noi-vrem-mai-repede-el-vrea-mai-incet\" class=\"btn btn-default\" data-dismiss=\"modal\">Anuleaz\u0103<\/a><\/div>\n<\/div>\n<\/div>\n<\/div>\n<div class=\"modal fade\" id=\"commentLikeModal\" role=\"dialog\" aria-labelledby=\"commentLikeModalLabel\">\n<div class=\"modal-dialog modal-lg\" role=\"document\">\n<div class=\"modal-content\">\n<div class=\"modal-header\">\n<h3 class=\"modal-title\" id=\"commentReportModalLabel\">Apreciaza comentariu<\/h3>\n<\/div>\n<div class=\"modal-body\">\n<div class=\"tabel tabel-full\">\n<div class=\"celula\">\n            Trebuie s\u0103 fii <a href=\"https:\/\/ziaruldevrancea.ro\/account\">autentificat<\/a> pentru a putea aprecia un comentariu.\n          <\/div>\n<\/div>\n<\/div>\n<div class=\"modal-footer\"><a href=\"https:\/\/ziaruldevrancea.ro\/actualitatea\/national\/mozaic-Stiri-naTionale-basescu-despre-dan-are-un-popor-cu-care-nu-se-potriveste.-noi-vrem-mai-repede-el-vrea-mai-incet\" class=\"btn btn-default\" data-dismiss=\"modal\">Anuleaz\u0103<\/a><\/div>\n<\/div>\n<\/div>\n<\/div>\n<div class=\"bloc-widget widget-rosu\"><span><small>Ziarul de Vrancea doreste ca acest site sa fie un spatiu al discutiilor civilizate, al comentariilor de bun simt. Din acest motiv, cei care posteaza comentarii la articole trebuie sa respecte urmatoarele reguli:<br \/>\n1. Sa se refere doar la articolul la care posteaza comentarii.<br \/>\n2. Sa foloseasca un limbaj civilizat, fara injurii, calomnii, comentarii antisemite, xenofobe sau rasiste.<br \/>\n3. Sunt interzise atacurile la adresa autorilor, daca acestea nu au legatura cu textul.<br \/>\n4. Username-ul sa nu fie nume de personalitati ale vietii publice sau parodieri ale acestora.<br \/>\nAutorul unui articol poate fi criticat pentru eventuale greseli, incoerenta, lipsa de documentare etc.<br \/>\nNerespectarea regulilor mentionate mai sus va duce la stergerea comentariilor, fara avertisment si fara explicatii.<br \/>\nAbaterile repetate vor avea drept consecinta interdictia accesului la aceasta facilitate a site-ului.<\/small><\/span><\/div>\n<\/div>\n<p>[analyse_source url=&#8221;https:\/\/ziaruldevrancea.ro\/actualitatea\/national\/mozaic-Stiri-naTionale-basescu-despre-dan-are-un-popor-cu-care-nu-se-potriveste.-noi-vrem-mai-repede-el-vrea-mai-incet&#8221;]<\/p>\n","protected":false},"excerpt":{"rendered":"<p>[analyse_image type=&#8221;featured&#8221; src=&#8221;https:\/\/zdvi.cname.ro\/_\/mozaic-Stiri-naTionale-basescu-despre-dan-are-un-popor-cu-care-nu-se-potriveste.-noi-vrem-mai-repede-el-vrea-mai-incet\/mediaPool\/uEIDcLv.jpg&#8221;] Na\u021bional MOZAIC \u0218TIRI NA\u021aIONALE: B\u0103sescu, despre Dan: Are un popor cu care nu se potrive\u015fte. Noi vrem mai repede, el vrea mai \u00eencet Distribuie: \u00a0 | Rodica Condurache 26 iul 2026384 vizualiz\u0103ri Ce crede despre o eventual\u0103 suspendare a pre\u015fedintelui \u00a0 Fostul pre\u015fedinte Traian B\u0103sescu a afirmat c\u0103 nu crede c\u0103 Nicu\u015for [&hellip;]<\/p>\n","protected":false},"author":1,"featured_media":0,"comment_status":"open","ping_status":"","sticky":false,"template":"","format":"standard","meta":{"footnotes":""},"categories":[89],"tags":[226,208],"class_list":["post-2070123","post","type-post","status-publish","format-standard","hentry","category-romania","tag-crawlmanager","tag-ziaruldevrancea-ro"],"_links":{"self":[{"href":"https:\/\/analyse.optim.biz\/index.php?rest_route=\/wp\/v2\/posts\/2070123","targetHints":{"allow":["GET"]}}],"collection":[{"href":"https:\/\/analyse.optim.biz\/index.php?rest_route=\/wp\/v2\/posts"}],"about":[{"href":"https:\/\/analyse.optim.biz\/index.php?rest_route=\/wp\/v2\/types\/post"}],"author":[{"embeddable":true,"href":"https:\/\/analyse.optim.biz\/index.php?rest_route=\/wp\/v2\/users\/1"}],"replies":[{"embeddable":true,"href":"https:\/\/analyse.optim.biz\/index.php?rest_route=%2Fwp%2Fv2%2Fcomments&post=2070123"}],"version-history":[{"count":0,"href":"https:\/\/analyse.optim.biz\/index.php?rest_route=\/wp\/v2\/posts\/2070123\/revisions"}],"wp:attachment":[{"href":"https:\/\/analyse.optim.biz\/index.php?rest_route=%2Fwp%2Fv2%2Fmedia&parent=2070123"}],"wp:term":[{"taxonomy":"category","embeddable":true,"href":"https:\/\/analyse.optim.biz\/index.php?rest_route=%2Fwp%2Fv2%2Fcategories&post=2070123"},{"taxonomy":"post_tag","embeddable":true,"href":"https:\/\/analyse.optim.biz\/index.php?rest_route=%2Fwp%2Fv2%2Ftags&post=2070123"}],"curies":[{"name":"wp","href":"https:\/\/api.w.org\/{rel}","templated":true}]}}