{"id":2070121,"date":"2026-07-26T00:00:00","date_gmt":"2026-07-25T21:00:00","guid":{"rendered":"https:\/\/analyse.optim.biz\/?p=2070121"},"modified":"2026-07-26T00:00:00","modified_gmt":"2026-07-25T21:00:00","slug":"focsaneanul-om-de-afaceri-si-politician-valentin-resmerita-prezent-la-intalnirea-cu-presedinta-indiei","status":"publish","type":"post","link":"https:\/\/analyse.optim.biz\/?p=2070121","title":{"rendered":"Foc\u0219\u0103neanul om de afaceri \u0219i politician Valentin Resmeri\u021b\u0103, prezent la \u00eent\u00e2lnirea cu pre\u0219edinta Indiei"},"content":{"rendered":"<p>[analyse_image type=&#8221;featured&#8221; src=&#8221;https:\/\/zdvi.cname.ro\/_\/focsaneanul-om-de-afaceri-si-politician-valentin-resmerita-prezent-la-intalnirea-cu-presedinta-indiei\/mediaPool\/uiqaTI8.jpg&#8221;]<\/p>\n<div class=\"main-content detaliu-articol\"><a class=\"titlu-cat-list\" href=\"https:\/\/ziaruldevrancea.ro\/special\/politica\">Politic\u0103<\/a><\/p>\n<h1>Foc\u0219\u0103neanul om de afaceri \u0219i politician Valentin Resmeri\u021b\u0103, prezent la \u00eent\u00e2lnirea cu pre\u0219edinta Indiei<\/h1>\n<div class=\"date-articol clearfix\">\n<div class=\"distribuie-articol dropdown\">\n    Distribuie: \u00a0<br \/>\n    <em>|<\/em><\/div>\n<div class=\"autor-articol\"><a href=\"https:\/\/ziaruldevrancea.ro\/autor\/radu-tomescu\/\"><img decoding=\"async\" class=\"img-circle\" src=\"https:\/\/zdvi.cname.ro\/50_50\/articleAuthor\/radu-tomescu\/articleAuthor\/ucx2Ggg.PNG\" alt><\/a><\/p>\n<h5><a href=\"https:\/\/ziaruldevrancea.ro\/autor\/radu-tomescu\/\">Radu Tomescu<\/a><\/h5>\n<div class=\"grup-spatiere\"><span class=\"cu-spatiere\">26 iul 2026<\/span><span class=\"cu-spatiere\">1128 vizualiz\u0103ri<\/span><\/div>\n<\/div>\n<\/div>\n<div class=\"poza-mare\"><a href class=\"openGallery\"><img decoding=\"async\" class=\"img-responsive\" src=\"https:\/\/zdvi.cname.ro\/850_530\/focsaneanul-om-de-afaceri-si-politician-valentin-resmerita-prezent-la-intalnirea-cu-presedinta-indiei\/article\/mediaPool\/uiqaTI8.jpg\" alt><\/a><\/div>\n<p><strong>Omul de afaceri din Foc\u0219ani a anun\u021bat prin intermediul unei post\u0103ri activat\u0103 s\u00e2mb\u0103t\u0103 25 iulie 2026 pe contul s\u0103u de facebook c- a participat la evenimentul diplomatic organizat la Bucure\u0219ti.<\/strong><\/p>\n<p><strong>La doar c\u00e2teva s\u0103pt\u0103m\u00e2ni dup\u0103 aderarea la USR, Valentin Resmeri\u021b\u0103, fost candidat la Prim\u0103ria Foc\u0219ani, a fost invitat la \u00eent\u00e2lnirea organizat\u0103 cu prilejul vizitei oficiale \u00een Rom\u00e2nia a pre\u0219edintei Republicii India, Droupadi Murmu.<\/strong><\/p>\n<hr>\n<p><strong>Valentin Resmeri\u021b\u0103, prezent la \u00eent\u00e2lnirea cu pre\u0219edinta Indiei. Omul de afaceri din Foc\u0219ani a participat la evenimentul diplomatic organizat la Bucure\u0219ti<\/strong><\/p>\n<p>Omul de afaceri vr\u00e2ncean <strong>Valentin Resmeri\u021b\u0103<\/strong>, cunoscut \u00een plan local at\u00e2t prin activitatea sa antreprenorial\u0103, c\u00e2t \u0219i prin implicarea \u00een via\u021ba public\u0103 \u0219i politic\u0103 din municipiul Foc\u0219ani, a participat s\u00e2mb\u0103t\u0103, 25 iulie 2026, la un eveniment organizat la Bucure\u0219ti cu ocazia vizitei oficiale \u00een Rom\u00e2nia a <strong>Excelen\u021bei Sale Droupadi Murmu, pre\u0219edinta Republicii India<\/strong>.<\/p>\n<p>Informa\u021bia a fost f\u0103cut\u0103 public\u0103 de Valentin Resmeri\u021b\u0103 printr-o postare pe pagina sa de Facebook, \u00eenso\u021bit\u0103 de o fotografie oficial\u0103 \u0219i de o scurt\u0103 \u00eenregistrare video realizat\u0103 \u00een cadrul evenimentului.<\/p>\n<p>\u00cen mesajul publicat, acesta a transmis:<\/p>\n<blockquote>\n<p><strong>\u201eAm fost onorat s\u0103 particip ast\u0103zi, \u00een calitate de invitat, la \u00eent\u00e2lnirea organizat\u0103 la Bucure\u0219ti cu prilejul vizitei Excelen\u021bei Sale, doamna Droupadi Murmu, Pre\u0219edinta Republicii India.O vizit\u0103 cu o semnifica\u021bie aparte, pe care o putem numi vizita simbolic\u0103 a deceniului pentru rela\u021bia dintre Rom\u00e2nia \u0219i India.Mul\u021bumesc pentru invita\u021bie \u0219i pentru privilegiul de a fi parte dintr-un moment at\u00e2t de special, care aduce mai aproape dou\u0103 \u021b\u0103ri, dar mai ales oamenii care construiesc, zi de zi, leg\u0103tura dintre ele.<\/strong>\u201d<\/p>\n<\/blockquote>\n<p>Participarea omului de afaceri foc\u0219\u0103nean la eveniment are loc \u00eentr-un context \u00een care rela\u021biile economice \u0219i diplomatice dintre Rom\u00e2nia \u0219i India sunt \u00een aten\u021bia autorit\u0103\u021bilor celor dou\u0103 state, vizita \u0219efei statului indian fiind considerat\u0103 unul dintre cele mai importante momente ale dialogului bilateral din ultimii ani.<\/p>\n<p><strong>Un nou context \u0219i pe scena politic\u0103 din Foc\u0219ani<\/strong><\/p>\n<p>Prezen\u021ba lui Valentin Resmeri\u021b\u0103 la evenimentul diplomatic vine la aproximativ dou\u0103 s\u0103pt\u0103m\u00e2ni dup\u0103 ce acesta \u0219i-a anun\u021bat oficial \u00eenscrierea \u00een <strong>USR<\/strong>, forma\u021biune \u00een cadrul c\u0103reia \u0219i-a \u00eenceput un nou parcurs politic.<\/p>\n<p>A\u0219a cum <strong>Ziarul de Vrancea<\/strong> informa pe 10 iulie 2026, fostul candidat al PNL la Prim\u0103ria Foc\u0219ani la alegerile locale din 2024 a devenit membru al organiza\u021biei USR Foc\u0219ani, mutare apreciat\u0103 la acel moment drept una dintre cele mai importante repozi\u021bion\u0103ri politice produse \u00een municipiu dup\u0103 scrutinul local.<\/p>\n<p>Resmeri\u021b\u0103 a candidat din partea PNL la alegerile locale din iunie 2024, clas\u00e2ndu-se pe locul al doilea \u00een competi\u021bia pentru func\u021bia de primar al municipiului Foc\u0219ani, cu <strong>6.581 de voturi (21,38%)<\/strong>. Ulterior, rela\u021biile sale cu conducerea organiza\u021biei liberale s-au deteriorat, iar \u00een aceast\u0103 var\u0103 a ales s\u0103 continue activitatea politic\u0103 \u00een cadrul USR.<\/p>\n<p><strong>Eveniment cu participarea mai multor invita\u021bi<\/strong><\/p>\n<p>Fotografia publicat\u0103 de Valentin Resmeri\u021b\u0103 \u00eel surprinde al\u0103turi de oficiali rom\u00e2ni \u0219i indieni, reprezentan\u021bi ai mediului diplomatic, ai comunit\u0103\u021bii indiene din Rom\u00e2nia \u0219i invita\u021bi la ceremonia organizat\u0103 la Ambasada Indiei din Bucure\u0219ti.<\/p>\n<p>Deocamdat\u0103, omul de afaceri vr\u00e2ncean nu a oferit alte detalii privind discu\u021biile purtate \u00een cadrul \u00eent\u00e2lnirii, rezum\u00e2ndu-se la mesajul publicat pe re\u021belele sociale \u0219i la aprecierea importan\u021bei simbolice a vizitei pre\u0219edintei Republicii India pentru consolidarea rela\u021biilor dintre cele dou\u0103 state.<\/p>\n<p><strong>Radu Tomescu\u00a0<\/strong><\/p>\n<hr>\n<div class=\"bloc-widget widget-rosu\">\n<p>\u00cen lipsa unui acord scris din partea Ziarului de Vrancea, pute\u0163i prelua maxim 500 de caractere din acest articol dac\u0103 preciza\u0163i sursa \u015fi insera\u0163i vizibil link-ul articolului:\u00a0<span>#insertcurrentlinkhere<\/span><\/p>\n<\/div>\n<div class=\"extra-articol listing-anunturi\">\n<h6>Anun\u021buri <span class=\"text-primary\">ZdV<\/span> Premium<\/h6>\n<div class=\"row\">\n<div class=\"col-lg-4 col-md-6 bloc-egal\"><a class=\"card-anunt\" href=\"https:\/\/ziaruldevrancea.ro\/anunturi\/imobiliare\/vanzari-terenuri\/vand-teren-in-panciu\"><strong class=\"titlu\">V\u00e2nz\u0103ri terenuri<\/strong><span class=\"text-anunt\">Teren Panciu 1170 mp, cu num\u0103r cas\u0103, ap\u0103&#8230;<\/span><span class=\"data-anunt\">29.07.2026  <\/span><\/a><\/div>\n<div class=\"col-lg-4 col-md-6 bloc-egal\"><a class=\"card-anunt\" href=\"https:\/\/ziaruldevrancea.ro\/anunturi\/altele\/anulare-acte\/vand-scrumbii-afumate-capturi-dunare\"><strong class=\"titlu\">Vanzari diverse<\/strong><span class=\"text-anunt\">Pret : 117 lei \/ kg . \u00a0 Este&#8230;<\/span><span class=\"data-anunt\">29.07.2026 , Gala\u021bi , Gala\u021bi<\/span><\/a><\/div>\n<div class=\"col-lg-4 col-md-6 bloc-egal\"><a class=\"card-anunt\" href=\"https:\/\/ziaruldevrancea.ro\/anunturi\/necrolog\/decese\/dumnezeu-sa-o-aseze-in-randul-celor-drepti\"><strong class=\"titlu\">Decese<\/strong><span class=\"text-anunt\">Cu profund\u0103 durere, familia anun\u021b\u0103 trecerea la&#8230;<\/span><span class=\"data-anunt\">28.07.2026  <\/span><\/a><\/div>\n<\/div>\n<\/div>\n<div class=\"extra-articol alte-articole\">\n<div class=\"row\">\n<div class=\"col-lg-6 bloc-egal\">\n<div class=\"card articol-listing\">\n<h6>\u00cen categoria <a href=\"https:\/\/ziaruldevrancea.ro\/special\/politica\">Politic\u0103<\/a><\/h6>\n<div class=\"grup-articol-listing\">\n<div class=\"cont-pils\"><a href=\"https:\/\/ziaruldevrancea.ro\/special\/politica\/marcel-ciolacu-invoca-exemplul-buzau-vrancea-in-dezbaterea-privind-reforma-administrativ-teritoriala\"><img decoding=\"async\" src=\"https:\/\/zdvi.cname.ro\/180_135\/special\/politica\/marcel-ciolacu-invoca-exemplul-buzau-vrancea-in-dezbaterea-privind-reforma-administrativ-teritoriala\/mediaPool\/uM6lp7p.jpg\" class=\"img-responsive img-180\" alt><\/a><\/div>\n<h2><a class=\"link-titlu\" href=\"https:\/\/ziaruldevrancea.ro\/special\/politica\/marcel-ciolacu-invoca-exemplul-buzau-vrancea-in-dezbaterea-privind-reforma-administrativ-teritoriala\">Marcel Ciolacu invoc\u0103 exemplul Buz\u0103u\u2013Vrancea \u00een dezbaterea privind reforma administrativ-teritorial\u0103<\/a><\/h2>\n<div class=\"date-post\"><a href=\"https:\/\/ziaruldevrancea.ro\/autor\/radu-tomescu\">Radu Tomescu<\/a>, 25 iul 2026  <\/div>\n<\/div>\n<div class=\"grup-articol-listing\">\n<div class=\"cont-pils\"><a href=\"https:\/\/ziaruldevrancea.ro\/special\/politica\/focsaneanul-cristian-botan-revine-la-palatul-victoria-in-echipa-unui-vicepremier.-un-nou-rol-in-guvernul-romaniei\"><img decoding=\"async\" src=\"https:\/\/zdvi.cname.ro\/180_135\/special\/politica\/focsaneanul-cristian-botan-revine-la-palatul-victoria-in-echipa-unui-vicepremier.-un-nou-rol-in-guvernul-romaniei\/mediaPool\/uryN7sA.jpg\" class=\"img-responsive img-180\" alt><\/a><\/div>\n<h2><a class=\"link-titlu\" href=\"https:\/\/ziaruldevrancea.ro\/special\/politica\/focsaneanul-cristian-botan-revine-la-palatul-victoria-in-echipa-unui-vicepremier.-un-nou-rol-in-guvernul-romaniei\">Foc\u0219\u0103neanul Cristian Botan revine la Palatul Victoria, \u00een echipa unui vicepremier. Un nou rol \u00een Guvernul Rom\u00e2niei<\/a><\/h2>\n<div class=\"date-post\"><a href=\"https:\/\/ziaruldevrancea.ro\/autor\/radu-tomescu\">Radu Tomescu<\/a>, 13 iul 2026  <\/div>\n<\/div>\n<div class=\"grup-articol-listing\">\n<div class=\"cont-pils\"><a href=\"https:\/\/ziaruldevrancea.ro\/special\/politica\/foto-tragedia-produsa-in-decembrie-2024-pe-un-fond-cinegetic-din-comuna-racoasa-ar-putea-schimba-legea-vanatorii\"><img decoding=\"async\" src=\"https:\/\/zdvi.cname.ro\/180_135\/special\/politica\/foto-tragedia-produsa-in-decembrie-2024-pe-un-fond-cinegetic-din-comuna-racoasa-ar-putea-schimba-legea-vanatorii\/mediaPool\/ukSFf9n.jpg\" class=\"img-responsive img-180\" alt><\/a><\/div>\n<h2><a class=\"link-titlu\" href=\"https:\/\/ziaruldevrancea.ro\/special\/politica\/foto-tragedia-produsa-in-decembrie-2024-pe-un-fond-cinegetic-din-comuna-racoasa-ar-putea-schimba-legea-vanatorii\">Foto | Tragedia produs\u0103 \u00een decembrie 2024 pe un fond cinegetic din comuna R\u0103coasa, ar putea schimba Legea v\u00e2n\u0103torii<\/a><\/h2>\n<div class=\"date-post\"><a href=\"https:\/\/ziaruldevrancea.ro\/autor\/nicolae-manoliu\">Nicolae Manoliu<\/a>, 11 iul 2026  <\/div>\n<\/div>\n<\/div>\n<\/div>\n<div class=\"col-lg-6 bloc-egal\">\n<div class=\"card articol-listing\">\n<h6>De acela\u0219i <a href=\"https:\/\/ziaruldevrancea.ro\/autor\/radu-tomescu\/\">autor<\/a><\/h6>\n<div class=\"grup-articol-listing\">\n<div class=\"cont-pils\"><a href=\"https:\/\/ziaruldevrancea.ro\/actualitatea\/stiri-locale\/dosar-de-trafic-de-droguri-in-vrancea-trei-persoane-cercetate-canabis-si-cocaina-vandute-in-adjud-potrivit-anchetatorilor\"><img decoding=\"async\" src=\"https:\/\/zdvi.cname.ro\/180_135\/actualitatea\/stiri-locale\/dosar-de-trafic-de-droguri-in-vrancea-trei-persoane-cercetate-canabis-si-cocaina-vandute-in-adjud-potrivit-anchetatorilor\/mediaPool\/ucfOmNt.JPG\" class=\"img-responsive img-180\" alt><\/a><\/div>\n<h2><a class=\"link-titlu\" href=\"https:\/\/ziaruldevrancea.ro\/actualitatea\/stiri-locale\/dosar-de-trafic-de-droguri-in-vrancea-trei-persoane-cercetate-canabis-si-cocaina-vandute-in-adjud-potrivit-anchetatorilor\">Dosar de trafic de droguri \u00een Vrancea: trei persoane cercetate, canabis \u0219i cocain\u0103 v\u00e2ndute \u00een Adjud, potrivit anchetatorilor<\/a><\/h2>\n<div class=\"date-post\"><a href=\"https:\/\/ziaruldevrancea.ro\/autor\/radu-tomescu\">Radu Tomescu<\/a>, 30 iul 2026  <\/div>\n<\/div>\n<div class=\"grup-articol-listing\">\n<div class=\"cont-pils\"><a href=\"https:\/\/ziaruldevrancea.ro\/actualitatea\/stiri-locale\/Sofer-din-vidra-depistat-baut-la-volan-pe-dn2d.-politistii-din-vrancea-au-deschis-dosar-penal\"><img decoding=\"async\" src=\"https:\/\/zdvi.cname.ro\/180_135\/actualitatea\/stiri-locale\/Sofer-din-vidra-depistat-baut-la-volan-pe-dn2d.-politistii-din-vrancea-au-deschis-dosar-penal\/mediaPool\/uRApAly.jpg\" class=\"img-responsive img-180\" alt><\/a><\/div>\n<h2><a class=\"link-titlu\" href=\"https:\/\/ziaruldevrancea.ro\/actualitatea\/stiri-locale\/Sofer-din-vidra-depistat-baut-la-volan-pe-dn2d.-politistii-din-vrancea-au-deschis-dosar-penal\">\u0218ofer din Vidra, depistat b\u0103ut la volan pe DN2D. Poli\u021bi\u0219tii din Vrancea au deschis dosar penal<\/a><\/h2>\n<div class=\"date-post\"><a href=\"https:\/\/ziaruldevrancea.ro\/autor\/radu-tomescu\">Radu Tomescu<\/a>, 30 iul 2026  <\/div>\n<\/div>\n<div class=\"grup-articol-listing\">\n<div class=\"cont-pils\"><a href=\"https:\/\/ziaruldevrancea.ro\/actualitatea\/stiri-locale\/accident-grav-in-vrancea-pieton-ranit-dupa-ce-a-fost-lovit-de-un-autoturism-la-dragosloveni-in-comuna-dumbraveni\"><img decoding=\"async\" src=\"https:\/\/zdvi.cname.ro\/180_135\/actualitatea\/stiri-locale\/accident-grav-in-vrancea-pieton-ranit-dupa-ce-a-fost-lovit-de-un-autoturism-la-dragosloveni-in-comuna-dumbraveni\/mediaPool\/u9KFdc2.jpg\" class=\"img-responsive img-180\" alt><\/a><\/div>\n<h2><a class=\"link-titlu\" href=\"https:\/\/ziaruldevrancea.ro\/actualitatea\/stiri-locale\/accident-grav-in-vrancea-pieton-ranit-dupa-ce-a-fost-lovit-de-un-autoturism-la-dragosloveni-in-comuna-dumbraveni\">Accident grav \u00een Vrancea: pieton r\u0103nit dup\u0103 ce a fost lovit de un autoturism la Dragosloveni, \u00een comuna Dumbr\u0103veni<\/a><\/h2>\n<div class=\"date-post\"><a href=\"https:\/\/ziaruldevrancea.ro\/autor\/radu-tomescu\">Radu Tomescu<\/a>, 30 iul 2026  <\/div>\n<\/div>\n<\/div>\n<\/div>\n<\/div>\n<\/div>\n<div class=\"extra-articol listing-anunturi\">\n<h6>Anun\u021buri <span class=\"text-primary\">ZdV<\/span> Premium<\/h6>\n<div class=\"row\">\n<div class=\"col-lg-4 col-md-6 bloc-egal\"><a class=\"card-anunt\" href=\"https:\/\/ziaruldevrancea.ro\/anunturi\/imobiliare\/vanzari-case\/vand-casa-si-teren-in-panciu-anunt-72818\"><strong class=\"titlu\">V\u00e2nz\u0103ri case<\/strong><span class=\"text-anunt\">V\u00e2nd cas\u0103 cu 2 camere, buc\u0103t\u0103rie, baie,&#8230;<\/span><span class=\"data-anunt\">23.07.2026  <\/span><\/a><\/div>\n<div class=\"col-lg-4 col-md-6 bloc-egal\"><a class=\"card-anunt\" href=\"https:\/\/ziaruldevrancea.ro\/anunturi\/angajari\/cereri-angajari\/doresc-angajare-anunt-72815\"><strong class=\"titlu\">Cereri<\/strong><span class=\"text-anunt\">Doresc s\u0103 am grij\u0103 de un copil de gradini\u021b\u0103&#8230;<\/span><span class=\"data-anunt\">21.07.2026  <\/span><\/a><\/div>\n<div class=\"col-lg-4 col-md-6 bloc-egal\"><a class=\"card-anunt\" href=\"https:\/\/ziaruldevrancea.ro\/anunturi\/inchirieri\/locuinte-oferte\/primesc-in-gazda-anunt-72816\"><strong class=\"titlu\">Locuin\u021be oferte<\/strong><span class=\"text-anunt\">\u00a0Primesc \u00een gazd\u0103 la cas\u0103.<\/p>\n<p>Tel&#8230;.<\/span><span class=\"data-anunt\">21.07.2026  <\/span><\/a><\/div>\n<\/div>\n<\/div>\n<div class=\"bloc-widget widget-albastru\">\n    Ziarul de Vrancea \u00a0nu este responsabil juridic pentru con\u0163inutul textelor din comentariile de mai jos. Responsabilitatea pentru mesajele dumneavoastra v\u0103 revine \u00een exclusivitate.\n<\/div>\n<div class=\"comentarii-articol\" id=\"comentarii\">\n<h3>Comentarii: <span class=\"text-primary\">0<\/span><\/h3>\n<p><a href=\"https:\/\/ziaruldevrancea.ro\/special\/politica\/focsaneanul-om-de-afaceri-si-politician-valentin-resmerita-prezent-la-intalnirea-cu-presedinta-indiei\" class=\"btn btn-success btn-adauga-com\" data-toggle=\"modal\" data-parent=\"0\" data-target=\"#commentModal\">Adaug\u0103 comentariu<\/a><\/p>\n<div class=\"loadMask comments-mask\"><img decoding=\"async\" src=\"https:\/\/zdvs.cname.ro\/images\/loader_40.gif\"><\/div>\n<div class=\"comenteaza-jos\">Trebuie s\u0103 fii <a href=\"https:\/\/ziaruldevrancea.ro\/account\">autentificat<\/a> pentru a putea <a href=\"https:\/\/ziaruldevrancea.ro\/special\/politica\/focsaneanul-om-de-afaceri-si-politician-valentin-resmerita-prezent-la-intalnirea-cu-presedinta-indiei\" class data-toggle=\"modal\" data-parent=\"0\" data-target=\"#commentModal\">posta un comentariu<\/a>.<\/div>\n<\/div>\n<div class=\"modal fade\" id=\"commentModal\" role=\"dialog\" aria-labelledby=\"commentModalLabel\">\n<div class=\"modal-dialog modal-lg\" role=\"document\">\n<div class=\"modal-content\">\n<div class=\"modal-header\">\n<h3 class=\"modal-title\" id=\"commentModalLabel\">Comenteaz\u0103<\/h3>\n<\/div>\n<div class=\"modal-body\">\n<div class=\"tabel tabel-full\">\n<div class=\"celula\">\n              Trebuie s\u0103 fii <a href=\"https:\/\/ziaruldevrancea.ro\/account\">autentificat<\/a> pentru a putea posta un comentariu.\n            <\/div>\n<\/div>\n<\/div>\n<div class=\"modal-footer\">\n<div id=\"commentPending\" class=\"formPending pull-left\"><img decoding=\"async\" src=\"https:\/\/zdvs.cname.ro\/images\/loader_40.gif\"> In curs de procesare&#8230;<\/div>\n<p><a href=\"https:\/\/ziaruldevrancea.ro\/special\/politica\/focsaneanul-om-de-afaceri-si-politician-valentin-resmerita-prezent-la-intalnirea-cu-presedinta-indiei\" class=\"btn btn-default\" data-dismiss=\"modal\">Anuleaz\u0103<\/a><\/div>\n<\/div>\n<\/div>\n<\/div>\n<div class=\"modal fade\" id=\"commentReportModal\" role=\"dialog\" aria-labelledby=\"commentReportModalLabel\">\n<div class=\"modal-dialog modal-lg\" role=\"document\">\n<div class=\"modal-content\">\n<div class=\"modal-header\">\n<h3 class=\"modal-title\" id=\"commentReportModalLabel\">Raporteaza comentariu<\/h3>\n<\/div>\n<div class=\"modal-body\">\n<div class=\"tabel tabel-full\">\n<div class=\"celula\">\n              Trebuie s\u0103 fii <a href=\"https:\/\/ziaruldevrancea.ro\/account\">autentificat<\/a> pentru a putea raporta un comentariu.\n            <\/div>\n<\/div>\n<\/div>\n<div class=\"modal-footer\">\n<div id=\"commentReportPending\" class=\"formPending pull-left\"><img decoding=\"async\" src=\"https:\/\/zdvs.cname.ro\/images\/loader_40.gif\"> In curs de procesare&#8230;<\/div>\n<p><a href=\"https:\/\/ziaruldevrancea.ro\/special\/politica\/focsaneanul-om-de-afaceri-si-politician-valentin-resmerita-prezent-la-intalnirea-cu-presedinta-indiei\" class=\"btn btn-default\" data-dismiss=\"modal\">Anuleaz\u0103<\/a><\/div>\n<\/div>\n<\/div>\n<\/div>\n<div class=\"modal fade\" id=\"commentLikeModal\" role=\"dialog\" aria-labelledby=\"commentLikeModalLabel\">\n<div class=\"modal-dialog modal-lg\" role=\"document\">\n<div class=\"modal-content\">\n<div class=\"modal-header\">\n<h3 class=\"modal-title\" id=\"commentReportModalLabel\">Apreciaza comentariu<\/h3>\n<\/div>\n<div class=\"modal-body\">\n<div class=\"tabel tabel-full\">\n<div class=\"celula\">\n            Trebuie s\u0103 fii <a href=\"https:\/\/ziaruldevrancea.ro\/account\">autentificat<\/a> pentru a putea aprecia un comentariu.\n          <\/div>\n<\/div>\n<\/div>\n<div class=\"modal-footer\"><a href=\"https:\/\/ziaruldevrancea.ro\/special\/politica\/focsaneanul-om-de-afaceri-si-politician-valentin-resmerita-prezent-la-intalnirea-cu-presedinta-indiei\" class=\"btn btn-default\" data-dismiss=\"modal\">Anuleaz\u0103<\/a><\/div>\n<\/div>\n<\/div>\n<\/div>\n<div class=\"bloc-widget widget-rosu\"><span><small>Ziarul de Vrancea doreste ca acest site sa fie un spatiu al discutiilor civilizate, al comentariilor de bun simt. Din acest motiv, cei care posteaza comentarii la articole trebuie sa respecte urmatoarele reguli:<br \/>\n1. Sa se refere doar la articolul la care posteaza comentarii.<br \/>\n2. Sa foloseasca un limbaj civilizat, fara injurii, calomnii, comentarii antisemite, xenofobe sau rasiste.<br \/>\n3. Sunt interzise atacurile la adresa autorilor, daca acestea nu au legatura cu textul.<br \/>\n4. Username-ul sa nu fie nume de personalitati ale vietii publice sau parodieri ale acestora.<br \/>\nAutorul unui articol poate fi criticat pentru eventuale greseli, incoerenta, lipsa de documentare etc.<br \/>\nNerespectarea regulilor mentionate mai sus va duce la stergerea comentariilor, fara avertisment si fara explicatii.<br \/>\nAbaterile repetate vor avea drept consecinta interdictia accesului la aceasta facilitate a site-ului.<\/small><\/span><\/div>\n<\/div>\n<p>[analyse_source url=&#8221;https:\/\/ziaruldevrancea.ro\/special\/politica\/focsaneanul-om-de-afaceri-si-politician-valentin-resmerita-prezent-la-intalnirea-cu-presedinta-indiei&#8221;]<\/p>\n","protected":false},"excerpt":{"rendered":"<p>[analyse_image type=&#8221;featured&#8221; src=&#8221;https:\/\/zdvi.cname.ro\/_\/focsaneanul-om-de-afaceri-si-politician-valentin-resmerita-prezent-la-intalnirea-cu-presedinta-indiei\/mediaPool\/uiqaTI8.jpg&#8221;] Politic\u0103 Foc\u0219\u0103neanul om de afaceri \u0219i politician Valentin Resmeri\u021b\u0103, prezent la \u00eent\u00e2lnirea cu pre\u0219edinta Indiei Distribuie: \u00a0 | Radu Tomescu 26 iul 20261128 vizualiz\u0103ri Omul de afaceri din Foc\u0219ani a anun\u021bat prin intermediul unei post\u0103ri activat\u0103 s\u00e2mb\u0103t\u0103 25 iulie 2026 pe contul s\u0103u de facebook c- a participat la evenimentul diplomatic organizat [&hellip;]<\/p>\n","protected":false},"author":1,"featured_media":0,"comment_status":"open","ping_status":"","sticky":false,"template":"","format":"standard","meta":{"footnotes":""},"categories":[89],"tags":[226,208],"class_list":["post-2070121","post","type-post","status-publish","format-standard","hentry","category-romania","tag-crawlmanager","tag-ziaruldevrancea-ro"],"_links":{"self":[{"href":"https:\/\/analyse.optim.biz\/index.php?rest_route=\/wp\/v2\/posts\/2070121","targetHints":{"allow":["GET"]}}],"collection":[{"href":"https:\/\/analyse.optim.biz\/index.php?rest_route=\/wp\/v2\/posts"}],"about":[{"href":"https:\/\/analyse.optim.biz\/index.php?rest_route=\/wp\/v2\/types\/post"}],"author":[{"embeddable":true,"href":"https:\/\/analyse.optim.biz\/index.php?rest_route=\/wp\/v2\/users\/1"}],"replies":[{"embeddable":true,"href":"https:\/\/analyse.optim.biz\/index.php?rest_route=%2Fwp%2Fv2%2Fcomments&post=2070121"}],"version-history":[{"count":0,"href":"https:\/\/analyse.optim.biz\/index.php?rest_route=\/wp\/v2\/posts\/2070121\/revisions"}],"wp:attachment":[{"href":"https:\/\/analyse.optim.biz\/index.php?rest_route=%2Fwp%2Fv2%2Fmedia&parent=2070121"}],"wp:term":[{"taxonomy":"category","embeddable":true,"href":"https:\/\/analyse.optim.biz\/index.php?rest_route=%2Fwp%2Fv2%2Fcategories&post=2070121"},{"taxonomy":"post_tag","embeddable":true,"href":"https:\/\/analyse.optim.biz\/index.php?rest_route=%2Fwp%2Fv2%2Ftags&post=2070121"}],"curies":[{"name":"wp","href":"https:\/\/api.w.org\/{rel}","templated":true}]}}