{"id":2070120,"date":"2026-07-25T00:00:00","date_gmt":"2026-07-24T21:00:00","guid":{"rendered":"https:\/\/analyse.optim.biz\/?p=2070120"},"modified":"2026-07-25T00:00:00","modified_gmt":"2026-07-24T21:00:00","slug":"marcel-ciolacu-invoca-exemplul-buzau-vrancea-in-dezbaterea-privind-reforma-administrativ-teritoriala","status":"publish","type":"post","link":"https:\/\/analyse.optim.biz\/?p=2070120","title":{"rendered":"Marcel Ciolacu invoc\u0103 exemplul Buz\u0103u\u2013Vrancea \u00een dezbaterea privind reforma administrativ-teritorial\u0103"},"content":{"rendered":"<p>[analyse_image type=&#8221;featured&#8221; src=&#8221;https:\/\/zdvi.cname.ro\/_\/marcel-ciolacu-invoca-exemplul-buzau-vrancea-in-dezbaterea-privind-reforma-administrativ-teritoriala\/mediaPool\/uM6lp7p.jpg&#8221;]<\/p>\n<div class=\"main-content detaliu-articol\"><a class=\"titlu-cat-list\" href=\"https:\/\/ziaruldevrancea.ro\/special\/politica\">Politic\u0103<\/a><\/p>\n<h1>Marcel Ciolacu invoc\u0103 exemplul Buz\u0103u\u2013Vrancea \u00een dezbaterea privind reforma administrativ-teritorial\u0103<\/h1>\n<div class=\"date-articol clearfix\">\n<div class=\"distribuie-articol dropdown\">\n    Distribuie: \u00a0<br \/>\n    <em>|<\/em><\/div>\n<div class=\"autor-articol\"><a href=\"https:\/\/ziaruldevrancea.ro\/autor\/radu-tomescu\/\"><img decoding=\"async\" class=\"img-circle\" src=\"https:\/\/zdvi.cname.ro\/50_50\/articleAuthor\/radu-tomescu\/articleAuthor\/ucx2Ggg.PNG\" alt><\/a><\/p>\n<h5><a href=\"https:\/\/ziaruldevrancea.ro\/autor\/radu-tomescu\/\">Radu Tomescu<\/a><\/h5>\n<div class=\"grup-spatiere\"><span class=\"cu-spatiere\">25 iul 2026<\/span><span class=\"cu-spatiere\">1280 vizualiz\u0103ri<\/span><\/div>\n<\/div>\n<\/div>\n<div class=\"poza-mare\"><a href class=\"openGallery\"><img decoding=\"async\" class=\"img-responsive\" src=\"https:\/\/zdvi.cname.ro\/850_530\/marcel-ciolacu-invoca-exemplul-buzau-vrancea-in-dezbaterea-privind-reforma-administrativ-teritoriala\/article\/mediaPool\/uM6lp7p.jpg\" alt><\/a><\/div>\n<p><strong>\u201eConsor\u021biile, o alternativ\u0103 la desfiin\u021barea comunelor\u201d<\/strong><\/p>\n<p><strong>Vrancea este men\u021bionat\u0103 \u00een discu\u021biile despre viitorul organiz\u0103rii administrative a Rom\u00e2niei, dup\u0103 ce pre\u0219edintele Consiliului Jude\u021bean Buz\u0103u, Marcel Ciolacu, a sus\u021binut c\u0103 jude\u021bele Buz\u0103u \u0219i Vrancea ar putea colabora prin consor\u021bii administrative, f\u0103r\u0103 desfiin\u021barea localit\u0103\u021bilor.<\/strong><\/p>\n<p><strong>Marcel Ciolacu invoc\u0103 exemplul Buz\u0103u\u2013Vrancea \u00een dezbaterea privind reforma administrativ-teritorial\u0103: \u201eConsor\u021biile, o alternativ\u0103 la desfiin\u021barea comunelor\u201d<\/strong><\/p>\n<p><strong>Vrancea revine \u00een centrul unei dezbateri na\u021bionale privind reforma administrativ-teritorial\u0103, dup\u0103 ce pre\u0219edintele Consiliului Jude\u021bean Buz\u0103u, Marcel Ciolacu, a oferit jude\u021bul nostru drept exemplu de colaborare regional\u0103, \u00een contextul discu\u021biilor despre reorganizarea administrativ\u0103 a Rom\u00e2niei.<\/strong><\/p>\n<p>Potrivit unei declara\u021bii f\u0103cute joi, 23 iulie 2026, \u0219i citate de AGERPRES, Marcel Ciolacu a afirmat c\u0103 sus\u021bine necesitatea unei reforme administrativ-teritoriale, \u00eens\u0103 se opune desfiin\u021b\u0103rii comunelor sau satelor. \u00cen opinia sa, solu\u021bia ar trebui s\u0103 fie dezvoltarea unor <strong>consor\u021bii administrative<\/strong>, prin care mai multe unit\u0103\u021bi administrativ-teritoriale s\u0103 colaboreze pentru furnizarea unor servicii publice, f\u0103r\u0103 pierderea identit\u0103\u021bii locale.<\/p>\n<p>La finalul \u0219edin\u021bei Consiliului Jude\u021bean Buz\u0103u, fostul premier a precizat c\u0103 o astfel de reform\u0103 trebuie construit\u0103 \u201ecu cap\u201d, iar eventualele schimb\u0103ri trebuie s\u0103 fie rezultatul voin\u021bei comunit\u0103\u021bilor locale, nu al unor decizii impuse de autorit\u0103\u021bi.<\/p>\n<p><strong>Vrancea \u0219i Buz\u0103ul, exemplu de colaborare<\/strong><\/p>\n<p>\u00cen argumenta\u021bia sa, Marcel Ciolacu a f\u0103cut referire direct\u0103 la rela\u021bia dintre jude\u021bele Buz\u0103u \u0219i Vrancea, evoc\u00e2nd leg\u0103turile istorice \u0219i institu\u021bionale dintre cele dou\u0103 teritorii.<\/p>\n<p>Acesta a amintit c\u0103 <strong>Arhiepiscopia Buz\u0103ului \u0219i Vrancei<\/strong> reprezint\u0103 un exemplu de organizare comun\u0103 care func\u021bioneaz\u0103 deja \u0219i care ar putea inspira forme moderne de cooperare administrativ\u0103 \u00eentre jude\u021be.<\/p>\n<p>Totodat\u0103, el a subliniat c\u0103 istoria Buz\u0103ului este str\u00e2ns legat\u0103 de cea a Vrancei, motiv pentru care o abordare comun\u0103 \u00een anumite domenii ar putea reprezenta o solu\u021bie mai eficient\u0103 dec\u00e2t reorganizarea prin desfiin\u021barea unor unit\u0103\u021bi administrativ-teritoriale.<\/p>\n<p><strong>\u201eNu cred \u00een desfiin\u021barea comunelor\u201d<\/strong><\/p>\n<p>Marcel Ciolacu a declarat c\u0103 nu sus\u021bine ideea elimin\u0103rii comunelor pentru reducerea cheltuielilor bugetare \u0219i consider\u0103 c\u0103 reorganizarea administrativ\u0103 trebuie s\u0103 urm\u0103reasc\u0103 eficientizarea serviciilor publice, nu dispari\u021bia localit\u0103\u021bilor.<\/p>\n<p>Potrivit acestuia, \u00een cadrul unor consor\u021bii administrative ar putea fi organizate \u00een comun serviciile suport, iar num\u0103rul consilierilor locali ar putea fi redus acolo unde exist\u0103 acordul comunit\u0103\u021bilor.<\/p>\n<p>El a insistat c\u0103 deciziile privind o eventual\u0103 asociere trebuie s\u0103 apar\u021bin\u0103 locuitorilor \u0219i comunit\u0103\u021bilor, nu exclusiv primarilor sau consiliilor locale.<\/p>\n<p><strong>Reforma administrativ\u0103 r\u0103m\u00e2ne un subiect de dezbatere<\/strong><\/p>\n<p>\u00cen declara\u021biile sale, pre\u0219edintele CJ Buz\u0103u a comparat \u0219i organizarea administrativ\u0103 a Rom\u00e2niei cu cea a altor state europene, ar\u0103t\u00e2nd c\u0103 simpla reducere a num\u0103rului de unit\u0103\u021bi administrativ-teritoriale nu reprezint\u0103, \u00een opinia sa, solu\u021bia pentru problemele economice sau bugetare.<\/p>\n<p>Dezbaterea privind reforma administrativ-teritorial\u0103 este una aflat\u0103 de mai mul\u021bi ani pe agenda public\u0103, iar p\u00e2n\u0103 \u00een prezent nu exist\u0103 un proiect legislativ adoptat care s\u0103 prevad\u0103 reorganizarea jude\u021belor sau desfiin\u021barea comunelor. Declara\u021biile f\u0103cute de Marcel Ciolacu reprezint\u0103 o pozi\u021bie exprimat\u0103 \u00een cadrul acestei dezbateri \u0219i readuc \u00een aten\u021bie posibilitatea unor forme de cooperare administrativ\u0103 \u00eentre jude\u021be, inclusiv \u00eentre <strong>Vrancea \u0219i Buz\u0103u<\/strong>.<\/p>\n<hr>\n<div class=\"bloc-widget widget-rosu\">\n<p>\u00cen lipsa unui acord scris din partea Ziarului de Vrancea, pute\u0163i prelua maxim 500 de caractere din acest articol dac\u0103 preciza\u0163i sursa \u015fi insera\u0163i vizibil link-ul articolului:\u00a0<span>#insertcurrentlinkhere<\/span><\/p>\n<\/div>\n<div class=\"extra-articol listing-anunturi\">\n<h6>Anun\u021buri <span class=\"text-primary\">ZdV<\/span> Premium<\/h6>\n<div class=\"row\">\n<div class=\"col-lg-4 col-md-6 bloc-egal\"><a class=\"card-anunt\" href=\"https:\/\/ziaruldevrancea.ro\/anunturi\/imobiliare\/vanzari-terenuri\/vand-teren-in-panciu\"><strong class=\"titlu\">V\u00e2nz\u0103ri terenuri<\/strong><span class=\"text-anunt\">Teren Panciu 1170 mp, cu num\u0103r cas\u0103, ap\u0103&#8230;<\/span><span class=\"data-anunt\">29.07.2026  <\/span><\/a><\/div>\n<div class=\"col-lg-4 col-md-6 bloc-egal\"><a class=\"card-anunt\" href=\"https:\/\/ziaruldevrancea.ro\/anunturi\/altele\/anulare-acte\/vand-scrumbii-afumate-capturi-dunare\"><strong class=\"titlu\">Vanzari diverse<\/strong><span class=\"text-anunt\">Pret : 117 lei \/ kg . \u00a0 Este&#8230;<\/span><span class=\"data-anunt\">29.07.2026 , Gala\u021bi , Gala\u021bi<\/span><\/a><\/div>\n<div class=\"col-lg-4 col-md-6 bloc-egal\"><a class=\"card-anunt\" href=\"https:\/\/ziaruldevrancea.ro\/anunturi\/necrolog\/decese\/dumnezeu-sa-o-aseze-in-randul-celor-drepti\"><strong class=\"titlu\">Decese<\/strong><span class=\"text-anunt\">Cu profund\u0103 durere, familia anun\u021b\u0103 trecerea la&#8230;<\/span><span class=\"data-anunt\">28.07.2026  <\/span><\/a><\/div>\n<\/div>\n<\/div>\n<div class=\"extra-articol alte-articole\">\n<div class=\"row\">\n<div class=\"col-lg-6 bloc-egal\">\n<div class=\"card articol-listing\">\n<h6>\u00cen categoria <a href=\"https:\/\/ziaruldevrancea.ro\/special\/politica\">Politic\u0103<\/a><\/h6>\n<div class=\"grup-articol-listing\">\n<div class=\"cont-pils\"><a href=\"https:\/\/ziaruldevrancea.ro\/special\/politica\/focsaneanul-om-de-afaceri-si-politician-valentin-resmerita-prezent-la-intalnirea-cu-presedinta-indiei\"><img decoding=\"async\" src=\"https:\/\/zdvi.cname.ro\/180_135\/special\/politica\/focsaneanul-om-de-afaceri-si-politician-valentin-resmerita-prezent-la-intalnirea-cu-presedinta-indiei\/mediaPool\/uiqaTI8.jpg\" class=\"img-responsive img-180\" alt><\/a><\/div>\n<h2><a class=\"link-titlu\" href=\"https:\/\/ziaruldevrancea.ro\/special\/politica\/focsaneanul-om-de-afaceri-si-politician-valentin-resmerita-prezent-la-intalnirea-cu-presedinta-indiei\">Foc\u0219\u0103neanul om de afaceri \u0219i politician Valentin Resmeri\u021b\u0103, prezent la \u00eent\u00e2lnirea cu pre\u0219edinta Indiei<\/a><\/h2>\n<div class=\"date-post\"><a href=\"https:\/\/ziaruldevrancea.ro\/autor\/radu-tomescu\">Radu Tomescu<\/a>, 26 iul 2026  <\/div>\n<\/div>\n<div class=\"grup-articol-listing\">\n<div class=\"cont-pils\"><a href=\"https:\/\/ziaruldevrancea.ro\/special\/politica\/focsaneanul-cristian-botan-revine-la-palatul-victoria-in-echipa-unui-vicepremier.-un-nou-rol-in-guvernul-romaniei\"><img decoding=\"async\" src=\"https:\/\/zdvi.cname.ro\/180_135\/special\/politica\/focsaneanul-cristian-botan-revine-la-palatul-victoria-in-echipa-unui-vicepremier.-un-nou-rol-in-guvernul-romaniei\/mediaPool\/uryN7sA.jpg\" class=\"img-responsive img-180\" alt><\/a><\/div>\n<h2><a class=\"link-titlu\" href=\"https:\/\/ziaruldevrancea.ro\/special\/politica\/focsaneanul-cristian-botan-revine-la-palatul-victoria-in-echipa-unui-vicepremier.-un-nou-rol-in-guvernul-romaniei\">Foc\u0219\u0103neanul Cristian Botan revine la Palatul Victoria, \u00een echipa unui vicepremier. Un nou rol \u00een Guvernul Rom\u00e2niei<\/a><\/h2>\n<div class=\"date-post\"><a href=\"https:\/\/ziaruldevrancea.ro\/autor\/radu-tomescu\">Radu Tomescu<\/a>, 13 iul 2026  <\/div>\n<\/div>\n<div class=\"grup-articol-listing\">\n<div class=\"cont-pils\"><a href=\"https:\/\/ziaruldevrancea.ro\/special\/politica\/foto-tragedia-produsa-in-decembrie-2024-pe-un-fond-cinegetic-din-comuna-racoasa-ar-putea-schimba-legea-vanatorii\"><img decoding=\"async\" src=\"https:\/\/zdvi.cname.ro\/180_135\/special\/politica\/foto-tragedia-produsa-in-decembrie-2024-pe-un-fond-cinegetic-din-comuna-racoasa-ar-putea-schimba-legea-vanatorii\/mediaPool\/ukSFf9n.jpg\" class=\"img-responsive img-180\" alt><\/a><\/div>\n<h2><a class=\"link-titlu\" href=\"https:\/\/ziaruldevrancea.ro\/special\/politica\/foto-tragedia-produsa-in-decembrie-2024-pe-un-fond-cinegetic-din-comuna-racoasa-ar-putea-schimba-legea-vanatorii\">Foto | Tragedia produs\u0103 \u00een decembrie 2024 pe un fond cinegetic din comuna R\u0103coasa, ar putea schimba Legea v\u00e2n\u0103torii<\/a><\/h2>\n<div class=\"date-post\"><a href=\"https:\/\/ziaruldevrancea.ro\/autor\/nicolae-manoliu\">Nicolae Manoliu<\/a>, 11 iul 2026  <\/div>\n<\/div>\n<\/div>\n<\/div>\n<div class=\"col-lg-6 bloc-egal\">\n<div class=\"card articol-listing\">\n<h6>De acela\u0219i <a href=\"https:\/\/ziaruldevrancea.ro\/autor\/radu-tomescu\/\">autor<\/a><\/h6>\n<div class=\"grup-articol-listing\">\n<div class=\"cont-pils\"><a href=\"https:\/\/ziaruldevrancea.ro\/actualitatea\/stiri-locale\/dosar-de-trafic-de-droguri-in-vrancea-trei-persoane-cercetate-canabis-si-cocaina-vandute-in-adjud-potrivit-anchetatorilor\"><img decoding=\"async\" src=\"https:\/\/zdvi.cname.ro\/180_135\/actualitatea\/stiri-locale\/dosar-de-trafic-de-droguri-in-vrancea-trei-persoane-cercetate-canabis-si-cocaina-vandute-in-adjud-potrivit-anchetatorilor\/mediaPool\/ucfOmNt.JPG\" class=\"img-responsive img-180\" alt><\/a><\/div>\n<h2><a class=\"link-titlu\" href=\"https:\/\/ziaruldevrancea.ro\/actualitatea\/stiri-locale\/dosar-de-trafic-de-droguri-in-vrancea-trei-persoane-cercetate-canabis-si-cocaina-vandute-in-adjud-potrivit-anchetatorilor\">Dosar de trafic de droguri \u00een Vrancea: trei persoane cercetate, canabis \u0219i cocain\u0103 v\u00e2ndute \u00een Adjud, potrivit anchetatorilor<\/a><\/h2>\n<div class=\"date-post\"><a href=\"https:\/\/ziaruldevrancea.ro\/autor\/radu-tomescu\">Radu Tomescu<\/a>, 30 iul 2026  <\/div>\n<\/div>\n<div class=\"grup-articol-listing\">\n<div class=\"cont-pils\"><a href=\"https:\/\/ziaruldevrancea.ro\/actualitatea\/stiri-locale\/Sofer-din-vidra-depistat-baut-la-volan-pe-dn2d.-politistii-din-vrancea-au-deschis-dosar-penal\"><img decoding=\"async\" src=\"https:\/\/zdvi.cname.ro\/180_135\/actualitatea\/stiri-locale\/Sofer-din-vidra-depistat-baut-la-volan-pe-dn2d.-politistii-din-vrancea-au-deschis-dosar-penal\/mediaPool\/uRApAly.jpg\" class=\"img-responsive img-180\" alt><\/a><\/div>\n<h2><a class=\"link-titlu\" href=\"https:\/\/ziaruldevrancea.ro\/actualitatea\/stiri-locale\/Sofer-din-vidra-depistat-baut-la-volan-pe-dn2d.-politistii-din-vrancea-au-deschis-dosar-penal\">\u0218ofer din Vidra, depistat b\u0103ut la volan pe DN2D. Poli\u021bi\u0219tii din Vrancea au deschis dosar penal<\/a><\/h2>\n<div class=\"date-post\"><a href=\"https:\/\/ziaruldevrancea.ro\/autor\/radu-tomescu\">Radu Tomescu<\/a>, 30 iul 2026  <\/div>\n<\/div>\n<div class=\"grup-articol-listing\">\n<div class=\"cont-pils\"><a href=\"https:\/\/ziaruldevrancea.ro\/actualitatea\/stiri-locale\/accident-grav-in-vrancea-pieton-ranit-dupa-ce-a-fost-lovit-de-un-autoturism-la-dragosloveni-in-comuna-dumbraveni\"><img decoding=\"async\" src=\"https:\/\/zdvi.cname.ro\/180_135\/actualitatea\/stiri-locale\/accident-grav-in-vrancea-pieton-ranit-dupa-ce-a-fost-lovit-de-un-autoturism-la-dragosloveni-in-comuna-dumbraveni\/mediaPool\/u9KFdc2.jpg\" class=\"img-responsive img-180\" alt><\/a><\/div>\n<h2><a class=\"link-titlu\" href=\"https:\/\/ziaruldevrancea.ro\/actualitatea\/stiri-locale\/accident-grav-in-vrancea-pieton-ranit-dupa-ce-a-fost-lovit-de-un-autoturism-la-dragosloveni-in-comuna-dumbraveni\">Accident grav \u00een Vrancea: pieton r\u0103nit dup\u0103 ce a fost lovit de un autoturism la Dragosloveni, \u00een comuna Dumbr\u0103veni<\/a><\/h2>\n<div class=\"date-post\"><a href=\"https:\/\/ziaruldevrancea.ro\/autor\/radu-tomescu\">Radu Tomescu<\/a>, 30 iul 2026  <\/div>\n<\/div>\n<\/div>\n<\/div>\n<\/div>\n<\/div>\n<div class=\"extra-articol listing-anunturi\">\n<h6>Anun\u021buri <span class=\"text-primary\">ZdV<\/span> Premium<\/h6>\n<div class=\"row\">\n<div class=\"col-lg-4 col-md-6 bloc-egal\"><a class=\"card-anunt\" href=\"https:\/\/ziaruldevrancea.ro\/anunturi\/imobiliare\/vanzari-case\/vand-casa-si-teren-in-panciu-anunt-72818\"><strong class=\"titlu\">V\u00e2nz\u0103ri case<\/strong><span class=\"text-anunt\">V\u00e2nd cas\u0103 cu 2 camere, buc\u0103t\u0103rie, baie,&#8230;<\/span><span class=\"data-anunt\">23.07.2026  <\/span><\/a><\/div>\n<div class=\"col-lg-4 col-md-6 bloc-egal\"><a class=\"card-anunt\" href=\"https:\/\/ziaruldevrancea.ro\/anunturi\/angajari\/cereri-angajari\/doresc-angajare-anunt-72815\"><strong class=\"titlu\">Cereri<\/strong><span class=\"text-anunt\">Doresc s\u0103 am grij\u0103 de un copil de gradini\u021b\u0103&#8230;<\/span><span class=\"data-anunt\">21.07.2026  <\/span><\/a><\/div>\n<div class=\"col-lg-4 col-md-6 bloc-egal\"><a class=\"card-anunt\" href=\"https:\/\/ziaruldevrancea.ro\/anunturi\/inchirieri\/locuinte-oferte\/primesc-in-gazda-anunt-72816\"><strong class=\"titlu\">Locuin\u021be oferte<\/strong><span class=\"text-anunt\">\u00a0Primesc \u00een gazd\u0103 la cas\u0103.<\/p>\n<p>Tel&#8230;.<\/span><span class=\"data-anunt\">21.07.2026  <\/span><\/a><\/div>\n<\/div>\n<\/div>\n<div class=\"bloc-widget widget-albastru\">\n    Ziarul de Vrancea \u00a0nu este responsabil juridic pentru con\u0163inutul textelor din comentariile de mai jos. Responsabilitatea pentru mesajele dumneavoastra v\u0103 revine \u00een exclusivitate.\n<\/div>\n<div class=\"comentarii-articol\" id=\"comentarii\">\n<h3>Comentarii: <span class=\"text-primary\">0<\/span><\/h3>\n<p><a href=\"https:\/\/ziaruldevrancea.ro\/special\/politica\/marcel-ciolacu-invoca-exemplul-buzau-vrancea-in-dezbaterea-privind-reforma-administrativ-teritoriala\" class=\"btn btn-success btn-adauga-com\" data-toggle=\"modal\" data-parent=\"0\" data-target=\"#commentModal\">Adaug\u0103 comentariu<\/a><\/p>\n<div class=\"loadMask comments-mask\"><img decoding=\"async\" src=\"https:\/\/zdvs.cname.ro\/images\/loader_40.gif\"><\/div>\n<div class=\"comenteaza-jos\">Trebuie s\u0103 fii <a href=\"https:\/\/ziaruldevrancea.ro\/account\">autentificat<\/a> pentru a putea <a href=\"https:\/\/ziaruldevrancea.ro\/special\/politica\/marcel-ciolacu-invoca-exemplul-buzau-vrancea-in-dezbaterea-privind-reforma-administrativ-teritoriala\" class data-toggle=\"modal\" data-parent=\"0\" data-target=\"#commentModal\">posta un comentariu<\/a>.<\/div>\n<\/div>\n<div class=\"modal fade\" id=\"commentModal\" role=\"dialog\" aria-labelledby=\"commentModalLabel\">\n<div class=\"modal-dialog modal-lg\" role=\"document\">\n<div class=\"modal-content\">\n<div class=\"modal-header\">\n<h3 class=\"modal-title\" id=\"commentModalLabel\">Comenteaz\u0103<\/h3>\n<\/div>\n<div class=\"modal-body\">\n<div class=\"tabel tabel-full\">\n<div class=\"celula\">\n              Trebuie s\u0103 fii <a href=\"https:\/\/ziaruldevrancea.ro\/account\">autentificat<\/a> pentru a putea posta un comentariu.\n            <\/div>\n<\/div>\n<\/div>\n<div class=\"modal-footer\">\n<div id=\"commentPending\" class=\"formPending pull-left\"><img decoding=\"async\" src=\"https:\/\/zdvs.cname.ro\/images\/loader_40.gif\"> In curs de procesare&#8230;<\/div>\n<p><a href=\"https:\/\/ziaruldevrancea.ro\/special\/politica\/marcel-ciolacu-invoca-exemplul-buzau-vrancea-in-dezbaterea-privind-reforma-administrativ-teritoriala\" class=\"btn btn-default\" data-dismiss=\"modal\">Anuleaz\u0103<\/a><\/div>\n<\/div>\n<\/div>\n<\/div>\n<div class=\"modal fade\" id=\"commentReportModal\" role=\"dialog\" aria-labelledby=\"commentReportModalLabel\">\n<div class=\"modal-dialog modal-lg\" role=\"document\">\n<div class=\"modal-content\">\n<div class=\"modal-header\">\n<h3 class=\"modal-title\" id=\"commentReportModalLabel\">Raporteaza comentariu<\/h3>\n<\/div>\n<div class=\"modal-body\">\n<div class=\"tabel tabel-full\">\n<div class=\"celula\">\n              Trebuie s\u0103 fii <a href=\"https:\/\/ziaruldevrancea.ro\/account\">autentificat<\/a> pentru a putea raporta un comentariu.\n            <\/div>\n<\/div>\n<\/div>\n<div class=\"modal-footer\">\n<div id=\"commentReportPending\" class=\"formPending pull-left\"><img decoding=\"async\" src=\"https:\/\/zdvs.cname.ro\/images\/loader_40.gif\"> In curs de procesare&#8230;<\/div>\n<p><a href=\"https:\/\/ziaruldevrancea.ro\/special\/politica\/marcel-ciolacu-invoca-exemplul-buzau-vrancea-in-dezbaterea-privind-reforma-administrativ-teritoriala\" class=\"btn btn-default\" data-dismiss=\"modal\">Anuleaz\u0103<\/a><\/div>\n<\/div>\n<\/div>\n<\/div>\n<div class=\"modal fade\" id=\"commentLikeModal\" role=\"dialog\" aria-labelledby=\"commentLikeModalLabel\">\n<div class=\"modal-dialog modal-lg\" role=\"document\">\n<div class=\"modal-content\">\n<div class=\"modal-header\">\n<h3 class=\"modal-title\" id=\"commentReportModalLabel\">Apreciaza comentariu<\/h3>\n<\/div>\n<div class=\"modal-body\">\n<div class=\"tabel tabel-full\">\n<div class=\"celula\">\n            Trebuie s\u0103 fii <a href=\"https:\/\/ziaruldevrancea.ro\/account\">autentificat<\/a> pentru a putea aprecia un comentariu.\n          <\/div>\n<\/div>\n<\/div>\n<div class=\"modal-footer\"><a href=\"https:\/\/ziaruldevrancea.ro\/special\/politica\/marcel-ciolacu-invoca-exemplul-buzau-vrancea-in-dezbaterea-privind-reforma-administrativ-teritoriala\" class=\"btn btn-default\" data-dismiss=\"modal\">Anuleaz\u0103<\/a><\/div>\n<\/div>\n<\/div>\n<\/div>\n<div class=\"bloc-widget widget-rosu\"><span><small>Ziarul de Vrancea doreste ca acest site sa fie un spatiu al discutiilor civilizate, al comentariilor de bun simt. Din acest motiv, cei care posteaza comentarii la articole trebuie sa respecte urmatoarele reguli:<br \/>\n1. Sa se refere doar la articolul la care posteaza comentarii.<br \/>\n2. Sa foloseasca un limbaj civilizat, fara injurii, calomnii, comentarii antisemite, xenofobe sau rasiste.<br \/>\n3. Sunt interzise atacurile la adresa autorilor, daca acestea nu au legatura cu textul.<br \/>\n4. Username-ul sa nu fie nume de personalitati ale vietii publice sau parodieri ale acestora.<br \/>\nAutorul unui articol poate fi criticat pentru eventuale greseli, incoerenta, lipsa de documentare etc.<br \/>\nNerespectarea regulilor mentionate mai sus va duce la stergerea comentariilor, fara avertisment si fara explicatii.<br \/>\nAbaterile repetate vor avea drept consecinta interdictia accesului la aceasta facilitate a site-ului.<\/small><\/span><\/div>\n<\/div>\n<p>[analyse_source url=&#8221;https:\/\/ziaruldevrancea.ro\/special\/politica\/marcel-ciolacu-invoca-exemplul-buzau-vrancea-in-dezbaterea-privind-reforma-administrativ-teritoriala&#8221;]<\/p>\n","protected":false},"excerpt":{"rendered":"<p>[analyse_image type=&#8221;featured&#8221; src=&#8221;https:\/\/zdvi.cname.ro\/_\/marcel-ciolacu-invoca-exemplul-buzau-vrancea-in-dezbaterea-privind-reforma-administrativ-teritoriala\/mediaPool\/uM6lp7p.jpg&#8221;] Politic\u0103 Marcel Ciolacu invoc\u0103 exemplul Buz\u0103u\u2013Vrancea \u00een dezbaterea privind reforma administrativ-teritorial\u0103 Distribuie: \u00a0 | Radu Tomescu 25 iul 20261280 vizualiz\u0103ri \u201eConsor\u021biile, o alternativ\u0103 la desfiin\u021barea comunelor\u201d Vrancea este men\u021bionat\u0103 \u00een discu\u021biile despre viitorul organiz\u0103rii administrative a Rom\u00e2niei, dup\u0103 ce pre\u0219edintele Consiliului Jude\u021bean Buz\u0103u, Marcel Ciolacu, a sus\u021binut c\u0103 jude\u021bele Buz\u0103u \u0219i Vrancea [&hellip;]<\/p>\n","protected":false},"author":1,"featured_media":0,"comment_status":"open","ping_status":"","sticky":false,"template":"","format":"standard","meta":{"footnotes":""},"categories":[89],"tags":[226,208],"class_list":["post-2070120","post","type-post","status-publish","format-standard","hentry","category-romania","tag-crawlmanager","tag-ziaruldevrancea-ro"],"_links":{"self":[{"href":"https:\/\/analyse.optim.biz\/index.php?rest_route=\/wp\/v2\/posts\/2070120","targetHints":{"allow":["GET"]}}],"collection":[{"href":"https:\/\/analyse.optim.biz\/index.php?rest_route=\/wp\/v2\/posts"}],"about":[{"href":"https:\/\/analyse.optim.biz\/index.php?rest_route=\/wp\/v2\/types\/post"}],"author":[{"embeddable":true,"href":"https:\/\/analyse.optim.biz\/index.php?rest_route=\/wp\/v2\/users\/1"}],"replies":[{"embeddable":true,"href":"https:\/\/analyse.optim.biz\/index.php?rest_route=%2Fwp%2Fv2%2Fcomments&post=2070120"}],"version-history":[{"count":0,"href":"https:\/\/analyse.optim.biz\/index.php?rest_route=\/wp\/v2\/posts\/2070120\/revisions"}],"wp:attachment":[{"href":"https:\/\/analyse.optim.biz\/index.php?rest_route=%2Fwp%2Fv2%2Fmedia&parent=2070120"}],"wp:term":[{"taxonomy":"category","embeddable":true,"href":"https:\/\/analyse.optim.biz\/index.php?rest_route=%2Fwp%2Fv2%2Fcategories&post=2070120"},{"taxonomy":"post_tag","embeddable":true,"href":"https:\/\/analyse.optim.biz\/index.php?rest_route=%2Fwp%2Fv2%2Ftags&post=2070120"}],"curies":[{"name":"wp","href":"https:\/\/api.w.org\/{rel}","templated":true}]}}