{"id":2070119,"date":"2026-07-29T00:00:00","date_gmt":"2026-07-28T21:00:00","guid":{"rendered":"https:\/\/analyse.optim.biz\/?p=2070119"},"modified":"2026-07-29T00:00:00","modified_gmt":"2026-07-28T21:00:00","slug":"titularizare-2026-in-vrancea-au-fost-publicate-primele-rezultate-candidatii-pot-depune-contestatii-pana-pe-29-iulie","status":"publish","type":"post","link":"https:\/\/analyse.optim.biz\/?p=2070119","title":{"rendered":"Titularizare 2026 \u00een Vrancea: au fost publicate primele rezultate. Candida\u021bii pot depune contesta\u021bii p\u00e2n\u0103 pe 29 iulie"},"content":{"rendered":"<p>[analyse_image type=&#8221;featured&#8221; src=&#8221;https:\/\/zdvi.cname.ro\/_\/titularizare-2026-in-vrancea-au-fost-publicate-primele-rezultate.-candidatii-pot-depune-contestatii-pana-pe-29-iulie\/mediaPool\/us2m6oB.jpg&#8221;]<\/p>\n<div class=\"main-content detaliu-articol\"><a class=\"titlu-cat-list\" href=\"https:\/\/ziaruldevrancea.ro\/special\/educatie\">Educa\u021bie<\/a><\/p>\n<h1>Titularizare 2026 \u00een Vrancea: au fost publicate primele rezultate. Candida\u021bii pot depune contesta\u021bii p\u00e2n\u0103 pe 29 iulie<\/h1>\n<div class=\"date-articol clearfix\">\n<div class=\"distribuie-articol dropdown\">\n    Distribuie: \u00a0<br \/>\n    <em>|<\/em><\/div>\n<div class=\"autor-articol\"><a href=\"https:\/\/ziaruldevrancea.ro\/autor\/maria-bratu\/\"><img decoding=\"async\" class=\"img-circle\" src=\"https:\/\/zdvi.cname.ro\/50_50\/articleAuthor\/maria-bratu\/articleAuthor\/urTSNay.PNG\" alt><\/a><\/p>\n<h5><a href=\"https:\/\/ziaruldevrancea.ro\/autor\/maria-bratu\/\">Maria BRATU<\/a><\/h5>\n<div class=\"grup-spatiere\"><span class=\"cu-spatiere\">29 iul 2026<\/span><span class=\"cu-spatiere\">1260 vizualiz\u0103ri<\/span><\/div>\n<\/div>\n<\/div>\n<div class=\"poza-mare\"><a href class=\"openGallery\"><img decoding=\"async\" class=\"img-responsive\" src=\"https:\/\/zdvi.cname.ro\/850_530\/titularizare-2026-in-vrancea-au-fost-publicate-primele-rezultate.-candidatii-pot-depune-contestatii-pana-pe-29-iulie\/article\/mediaPool\/us2m6oB.jpg\" alt><\/a><\/div>\n<p><strong>Profesorii \u0219i viitorii profesori din Vrancea \u00ee\u0219i pot verifica notele ob\u021binute la concursul na\u021bional de Titularizare 2026. Rezultatele finale vor fi afi\u0219ate pe 4 august, iar repartizarea pe posturile de titular va avea loc \u00een perioada 5-6 august.<\/strong><\/p>\n<p><strong>Titularizare 2026 \u00een Vrancea: au fost publicate primele rezultate. Candida\u021bii pot depune contesta\u021bii p\u00e2n\u0103 pe 29 iulie<\/strong><\/p>\n<p><strong>Foc\u0219ani<\/strong>\u00a0\u2013 Primele rezultate ale concursului na\u021bional de Titularizare 2026 au fost publicate mar\u021bi, 28 iulie, at\u00e2t la sediile inspectoratelor \u0219colare jude\u021bene, c\u00e2t \u0219i pe platforma oficial\u0103 a Ministerului Educa\u021biei. Candida\u021bii din jude\u021bul Vrancea \u00ee\u0219i pot consulta notele ob\u021binute la proba scris\u0103 acces\u00e2nd pagina dedicat\u0103 jude\u021bului Vrancea de pe site-ul titularizare.edu.ro.sau acces\u00e2nd titlul al\u0103turat\u00a0<\/p>\n<p><strong><a href=\"http:\/\/titularizare.edu.ro\/generated\/files\/j\/index.html#VN\" rel=\"noreferrer noopener\" target=\"_blank\">Rezultate titularizare 2026 Jude\u021bul Vrancea<\/a><\/strong><\/p>\n<p>Potrivit informa\u021biilor publicate de <strong>Edupedu.ro<\/strong>, aproape 37.400 de profesori \u0219i viitori profesori au sus\u021binut \u00een acest an proba scris\u0103 a concursului na\u021bional de Titularizare, organizat\u0103 \u00een data de 21 iulie. Comparativ cu anul trecut, num\u0103rul participan\u021bilor a fost mai mic cu aproximativ 6%, c\u00e2nd la examen s-au \u00eenscris aproape 39.700 de candida\u021bi.<\/p>\n<p><strong>Candida\u021bii din Vrancea pot depune contesta\u021bii<\/strong><\/p>\n<p>Profesorii nemul\u021bumi\u021bi de rezultatele ob\u021binute pot depune contesta\u021bii la Inspectoratul \u0218colar Jude\u021bean Vrancea sau le pot transmite \u00een format electronic.<\/p>\n<p>Programul este urm\u0103torul:<\/p>\n<ul>\n<li><strong>mar\u021bi, 28 iulie<\/strong>, dup\u0103 afi\u0219area rezultatelor, p\u00e2n\u0103 la ora <strong>21:00<\/strong>;<\/li>\n<li><strong>miercuri, 29 iulie<\/strong>, \u00eentre orele dimine\u021bii \u0219i <strong>12:00<\/strong>.<\/li>\n<\/ul>\n<p>Rezultatele finale, dup\u0103 solu\u021bionarea contesta\u021biilor, vor fi afi\u0219ate \u00een data de <strong>4 august 2026<\/strong>.<\/p>\n<p><strong>Peste jum\u0103tate dintre candida\u021bi au ob\u021binut note de cel pu\u021bin 7<\/strong><\/p>\n<p>Datele prezentate de Ministerul Educa\u021biei \u0219i Cercet\u0103rii arat\u0103 c\u0103 <strong>pu\u021bin peste jum\u0103tate dintre cei 33.881 de candida\u021bi evalua\u021bi au ob\u021binut note de minimum 7<\/strong>, pragul minim necesar pentru titularizare, cu condi\u021bia existen\u021bei unui post vacant.<\/p>\n<p>\u00cen total:<\/p>\n<ul>\n<li><strong>28 de candida\u021bi<\/strong> au ob\u021binut nota maxim\u0103, 10;<\/li>\n<li><strong>10.874 de candida\u021bi (34,39%)<\/strong> au primit note \u00eentre <strong>5 \u0219i 6,99<\/strong>, ceea ce le permite ocuparea unor posturi doar ca suplinitori, dac\u0103 \u00eendeplinesc celelalte condi\u021bii prev\u0103zute de metodologie;<\/li>\n<li><strong>4.609 candida\u021bi (14,57%)<\/strong> au ob\u021binut note sub 5.<\/li>\n<\/ul>\n<p>\u00cen cazul absolven\u021bilor promo\u021biei 2026, <strong>36,56%<\/strong> au ob\u021binut note cuprinse \u00eentre 5 \u0219i 6,99.<\/p>\n<p><strong>Nota peste 7 nu garanteaz\u0103 automat un post de titular<\/strong><\/p>\n<p>Titularizarea reprezint\u0103 angajarea \u00eentr-o unitate de \u00eenv\u0103\u021b\u0103m\u00e2nt pe perioad\u0103 nedeterminat\u0103.<\/p>\n<p>Pentru ocuparea unui post de titular este necesar\u0103 ob\u021binerea <strong>cel pu\u021bin a notei 7 at\u00e2t la proba scris\u0103, c\u00e2t \u0219i la inspec\u021bia la clas\u0103<\/strong>, \u00eens\u0103 aceast\u0103 condi\u021bie nu garanteaz\u0103 automat repartizarea pe un post. Repartizarea depinde \u0219i de existen\u021ba posturilor vacante \u0219i de ordinea descresc\u0103toare a mediilor candida\u021bilor.<\/p>\n<p><strong>Ce urmeaz\u0103 dup\u0103 afi\u0219area rezultatelor finale<\/strong><\/p>\n<p>Conform calendarului oficial al concursului:<\/p>\n<ul>\n<li><strong>5-6 august<\/strong> \u2013 repartizarea candida\u021bilor pe posturile vacante de titularizare;<\/li>\n<li><strong>7 august<\/strong> \u2013 reactualizarea listei posturilor vacante \u0219i rezervate;<\/li>\n<li><strong>17-21 august<\/strong> \u2013 emiterea \u0219i comunicarea deciziilor de repartizare.<\/li>\n<\/ul>\n<p><strong>Tot mai pu\u021bine posturi disponibile<\/strong><\/p>\n<p>\u00cen contextul public\u0103rii rezultatelor, mai mul\u021bi profesori au declarat pentru presa na\u021bional\u0103 c\u0103 procesul de titularizare r\u0103m\u00e2ne unul dificil, \u00een principal din cauza num\u0103rului redus de posturi disponibile pe perioad\u0103 nedeterminat\u0103.<\/p>\n<p>Potrivit unor declara\u021bii f\u0103cute pentru TVR, unii candida\u021bi spun c\u0103, de\u0219i au ob\u021binut \u00een anii anteriori note peste 7, au fost nevoi\u021bi s\u0103 participe din nou la concurs deoarece nu au g\u0103sit posturi titularizabile. Al\u021bi profesori au ar\u0103tat c\u0103 \u00ee\u0219i completeaz\u0103 norma didactic\u0103 \u00een dou\u0103 unit\u0103\u021bi de \u00eenv\u0103\u021b\u0103m\u00e2nt.<\/p>\n<p>La r\u00e2ndul s\u0103u, inspectorul \u0219colar general adjunct din Buz\u0103u, Dan Popescu, a explicat c\u0103 reducerea num\u0103rului de posturi disponibile este influen\u021bat\u0103 \u0219i de modific\u0103rile legislative privind norma didactic\u0103, care au diminuat num\u0103rul catedrelor complete \u00een mai multe discipline, printre care Limba rom\u00e2n\u0103, Limba englez\u0103, Matematica \u0219i Fizica.<\/p>\n<p>Profesorii din jude\u021bul Vrancea \u00ee\u0219i pot consulta notele ini\u021biale pe platforma oficial\u0103 a Ministerului Educa\u021biei, urm\u00e2nd ca dup\u0103 solu\u021bionarea contesta\u021biilor \u0219i afi\u0219area rezultatelor finale s\u0103 \u00eenceap\u0103 etapa repartiz\u0103rii pe posturile disponibile pentru anul \u0219colar 2026-2027.<\/p>\n<p><strong>Maria Bratu\u00a0<\/strong><\/p>\n<hr>\n<div class=\"bloc-widget widget-rosu\">\n<p>\u00cen lipsa unui acord scris din partea Ziarului de Vrancea, pute\u0163i prelua maxim 500 de caractere din acest articol dac\u0103 preciza\u0163i sursa \u015fi insera\u0163i vizibil link-ul articolului:\u00a0<span>#insertcurrentlinkhere<\/span><\/p>\n<\/div>\n<div class=\"extra-articol listing-anunturi\">\n<h6>Anun\u021buri <span class=\"text-primary\">ZdV<\/span> Premium<\/h6>\n<div class=\"row\">\n<div class=\"col-lg-4 col-md-6 bloc-egal\"><a class=\"card-anunt\" href=\"https:\/\/ziaruldevrancea.ro\/anunturi\/imobiliare\/vanzari-terenuri\/vand-teren-in-panciu\"><strong class=\"titlu\">V\u00e2nz\u0103ri terenuri<\/strong><span class=\"text-anunt\">Teren Panciu 1170 mp, cu num\u0103r cas\u0103, ap\u0103&#8230;<\/span><span class=\"data-anunt\">29.07.2026  <\/span><\/a><\/div>\n<div class=\"col-lg-4 col-md-6 bloc-egal\"><a class=\"card-anunt\" href=\"https:\/\/ziaruldevrancea.ro\/anunturi\/altele\/anulare-acte\/vand-scrumbii-afumate-capturi-dunare\"><strong class=\"titlu\">Vanzari diverse<\/strong><span class=\"text-anunt\">Pret : 117 lei \/ kg . \u00a0 Este&#8230;<\/span><span class=\"data-anunt\">29.07.2026 , Gala\u021bi , Gala\u021bi<\/span><\/a><\/div>\n<div class=\"col-lg-4 col-md-6 bloc-egal\"><a class=\"card-anunt\" href=\"https:\/\/ziaruldevrancea.ro\/anunturi\/necrolog\/decese\/dumnezeu-sa-o-aseze-in-randul-celor-drepti\"><strong class=\"titlu\">Decese<\/strong><span class=\"text-anunt\">Cu profund\u0103 durere, familia anun\u021b\u0103 trecerea la&#8230;<\/span><span class=\"data-anunt\">28.07.2026  <\/span><\/a><\/div>\n<\/div>\n<\/div>\n<div class=\"extra-articol alte-articole\">\n<div class=\"row\">\n<div class=\"col-lg-6 bloc-egal\">\n<div class=\"card articol-listing\">\n<h6>\u00cen categoria <a href=\"https:\/\/ziaruldevrancea.ro\/special\/educatie\">Educa\u021bie<\/a><\/h6>\n<div class=\"grup-articol-listing\">\n<div class=\"cont-pils\"><a href=\"https:\/\/ziaruldevrancea.ro\/special\/educatie\/inca-o-echipa-de-elevi-ai-colegiului-national-unirea-din-focsani-pe-podium-la-festivalul-international-boovie-2026\"><img decoding=\"async\" src=\"https:\/\/zdvi.cname.ro\/180_135\/special\/educatie\/inca-o-echipa-de-elevi-ai-colegiului-national-unirea-din-focsani-pe-podium-la-festivalul-international-boovie-2026\/mediaPool\/utlFpD9.jpg\" class=\"img-responsive img-180\" alt><\/a><\/div>\n<h2><a class=\"link-titlu\" href=\"https:\/\/ziaruldevrancea.ro\/special\/educatie\/inca-o-echipa-de-elevi-ai-colegiului-national-unirea-din-focsani-pe-podium-la-festivalul-international-boovie-2026\">\u00cenc\u0103 o echip\u0103 de elevi ai Colegiului Na\u021bional \u201eUnirea\u201d din Foc\u0219ani pe podium la Festivalul Interna\u021bional Boovie 2026<\/a><\/h2>\n<div class=\"date-post\"><a href=\"https:\/\/ziaruldevrancea.ro\/autor\/anca-vasiliu\">Anca Vasiliu<\/a>, 29 iul 2026  <\/div>\n<\/div>\n<div class=\"grup-articol-listing\">\n<div class=\"cont-pils\"><a href=\"https:\/\/ziaruldevrancea.ro\/special\/educatie\/astazi-despre-fondatorul-unor-ramuri-noi-ale-chimiei-academicianul-costin-d.-nenitescu\"><img decoding=\"async\" src=\"https:\/\/zdvi.cname.ro\/180_135\/special\/educatie\/astazi-despre-fondatorul-unor-ramuri-noi-ale-chimiei-academicianul-costin-d.-nenitescu\/mediaPool\/uRJvAjd.jpg\" class=\"img-responsive img-180\" alt><\/a><\/div>\n<h2><a class=\"link-titlu\" href=\"https:\/\/ziaruldevrancea.ro\/special\/educatie\/astazi-despre-fondatorul-unor-ramuri-noi-ale-chimiei-academicianul-costin-d.-nenitescu\">Ast\u0103zi despre fondatorul unor ramuri noi ale chimiei: Academicianul Costin D. Neni\u021bescu. La 26 de ani a publicat prima edi\u021bie din cele dou\u0103 tratate \u201eChimie organic\u0103\u201d \u0219i \u201eChimie general\u0103\u201d dup\u0103 care peste 40 de genera\u021bii au \u00eenv\u0103\u021bat \u0219i \u00eenc\u0103 \u00eenva\u021b\u0103 <\/a><\/h2>\n<div class=\"date-post\"><a href=\"https:\/\/ziaruldevrancea.ro\/autor\/rodica-condurache\">Rodica Condurache<\/a>, 29 iul 2026  <\/div>\n<\/div>\n<div class=\"grup-articol-listing\">\n<div class=\"cont-pils\"><a href=\"https:\/\/ziaruldevrancea.ro\/special\/educatie\/foto-infoeducatie-2026-a-inceput-la-focsani\"><img decoding=\"async\" src=\"https:\/\/zdvi.cname.ro\/180_135\/special\/educatie\/foto-infoeducatie-2026-a-inceput-la-focsani\/mediaPool\/u2uQ6E6.jpg\" class=\"img-responsive img-180\" alt><\/a><\/div>\n<h2><a class=\"link-titlu\" href=\"https:\/\/ziaruldevrancea.ro\/special\/educatie\/foto-infoeducatie-2026-a-inceput-la-focsani\">Foto | InfoEduca\u021bie 2026 a \u00eenceput la Foc\u0219ani<\/a><\/h2>\n<div class=\"date-post\"><a href=\"https:\/\/ziaruldevrancea.ro\/autor\/maria-bratu\">Maria BRATU<\/a>, 28 iul 2026  <\/div>\n<\/div>\n<\/div>\n<\/div>\n<div class=\"col-lg-6 bloc-egal\">\n<div class=\"card articol-listing\">\n<h6>De acela\u0219i <a href=\"https:\/\/ziaruldevrancea.ro\/autor\/maria-bratu\/\">autor<\/a><\/h6>\n<div class=\"grup-articol-listing\">\n<div class=\"cont-pils\"><a href=\"https:\/\/ziaruldevrancea.ro\/special\/educatie\/infoeducatie-2026-incepe-la-focsani.-consiliul-judetean-vrancea-ramane-partener-al-competitiei-nationale\"><img decoding=\"async\" src=\"https:\/\/zdvi.cname.ro\/180_135\/special\/educatie\/infoeducatie-2026-incepe-la-focsani.-consiliul-judetean-vrancea-ramane-partener-al-competitiei-nationale\/mediaPool\/uHLcanJ.jpeg\" class=\"img-responsive img-180\" alt><\/a><\/div>\n<h2><a class=\"link-titlu\" href=\"https:\/\/ziaruldevrancea.ro\/special\/educatie\/infoeducatie-2026-incepe-la-focsani.-consiliul-judetean-vrancea-ramane-partener-al-competitiei-nationale\">InfoEduca\u021bie 2026 \u00eencepe la Foc\u0219ani. Consiliul Jude\u021bean Vrancea r\u0103m\u00e2ne partener al competi\u021biei na\u021bionale<\/a><\/h2>\n<div class=\"date-post\"><a href=\"https:\/\/ziaruldevrancea.ro\/autor\/maria-bratu\">Maria BRATU<\/a>, 28 iul 2026  <\/div>\n<\/div>\n<div class=\"grup-articol-listing\">\n<div class=\"cont-pils\"><a href=\"https:\/\/ziaruldevrancea.ro\/special\/educatie\/elevii-colegiului-national-unirea-focsani-dublu-premiati-la-boovie-2026\"><img decoding=\"async\" src=\"https:\/\/zdvi.cname.ro\/180_135\/special\/educatie\/elevii-colegiului-national-unirea-focsani-dublu-premiati-la-boovie-2026\/mediaPool\/ut1PwJv.jpeg\" class=\"img-responsive img-180\" alt><\/a><\/div>\n<h2><a class=\"link-titlu\" href=\"https:\/\/ziaruldevrancea.ro\/special\/educatie\/elevii-colegiului-national-unirea-focsani-dublu-premiati-la-boovie-2026\">Elevii Colegiului Na\u021bional \u201eUnirea\u201d Foc\u0219ani, dublu premia\u021bi la Boovie 2026<\/a><\/h2>\n<div class=\"date-post\"><a href=\"https:\/\/ziaruldevrancea.ro\/autor\/maria-bratu\">Maria BRATU<\/a>, 27 iul 2026  <\/div>\n<\/div>\n<div class=\"grup-articol-listing\">\n<div class=\"cont-pils\"><a href=\"https:\/\/ziaruldevrancea.ro\/special\/educatie\/concurs-pentru-directorii-de-scoli-2026-cand-se-scot-posturile-la-concurs-si-care-sunt-etapele.-ce-trebuie-sa-stie-profesorii-din-vrancea\"><img decoding=\"async\" src=\"https:\/\/zdvi.cname.ro\/180_135\/special\/educatie\/concurs-pentru-directorii-de-scoli-2026-cand-se-scot-posturile-la-concurs-si-care-sunt-etapele.-ce-trebuie-sa-stie-profesorii-din-vrancea\/mediaPool\/uA55q32.jpg\" class=\"img-responsive img-180\" alt><\/a><\/div>\n<h2><a class=\"link-titlu\" href=\"https:\/\/ziaruldevrancea.ro\/special\/educatie\/concurs-pentru-directorii-de-scoli-2026-cand-se-scot-posturile-la-concurs-si-care-sunt-etapele.-ce-trebuie-sa-stie-profesorii-din-vrancea\">Concurs pentru directorii de \u0219coli 2026: c\u00e2nd se scot posturile la concurs \u0219i care sunt etapele. Ce trebuie s\u0103 \u0219tie profesorii din Vrancea<\/a><\/h2>\n<div class=\"date-post\"><a href=\"https:\/\/ziaruldevrancea.ro\/autor\/maria-bratu\">Maria BRATU<\/a>, 25 iul 2026  <\/div>\n<\/div>\n<\/div>\n<\/div>\n<\/div>\n<\/div>\n<div class=\"extra-articol listing-anunturi\">\n<h6>Anun\u021buri <span class=\"text-primary\">ZdV<\/span> Premium<\/h6>\n<div class=\"row\">\n<div class=\"col-lg-4 col-md-6 bloc-egal\"><a class=\"card-anunt\" href=\"https:\/\/ziaruldevrancea.ro\/anunturi\/imobiliare\/vanzari-case\/vand-casa-si-teren-in-panciu-anunt-72818\"><strong class=\"titlu\">V\u00e2nz\u0103ri case<\/strong><span class=\"text-anunt\">V\u00e2nd cas\u0103 cu 2 camere, buc\u0103t\u0103rie, baie,&#8230;<\/span><span class=\"data-anunt\">23.07.2026  <\/span><\/a><\/div>\n<div class=\"col-lg-4 col-md-6 bloc-egal\"><a class=\"card-anunt\" href=\"https:\/\/ziaruldevrancea.ro\/anunturi\/angajari\/cereri-angajari\/doresc-angajare-anunt-72815\"><strong class=\"titlu\">Cereri<\/strong><span class=\"text-anunt\">Doresc s\u0103 am grij\u0103 de un copil de gradini\u021b\u0103&#8230;<\/span><span class=\"data-anunt\">21.07.2026  <\/span><\/a><\/div>\n<div class=\"col-lg-4 col-md-6 bloc-egal\"><a class=\"card-anunt\" href=\"https:\/\/ziaruldevrancea.ro\/anunturi\/inchirieri\/locuinte-oferte\/primesc-in-gazda-anunt-72816\"><strong class=\"titlu\">Locuin\u021be oferte<\/strong><span class=\"text-anunt\">\u00a0Primesc \u00een gazd\u0103 la cas\u0103.<\/p>\n<p>Tel&#8230;.<\/span><span class=\"data-anunt\">21.07.2026  <\/span><\/a><\/div>\n<\/div>\n<\/div>\n<div class=\"bloc-widget widget-albastru\">\n    Ziarul de Vrancea \u00a0nu este responsabil juridic pentru con\u0163inutul textelor din comentariile de mai jos. Responsabilitatea pentru mesajele dumneavoastra v\u0103 revine \u00een exclusivitate.\n<\/div>\n<div class=\"comentarii-articol\" id=\"comentarii\">\n<h3>Comentarii: <span class=\"text-primary\">0<\/span><\/h3>\n<p><a href=\"https:\/\/ziaruldevrancea.ro\/special\/educatie\/titularizare-2026-in-vrancea-au-fost-publicate-primele-rezultate.-candidatii-pot-depune-contestatii-pana-pe-29-iulie\" class=\"btn btn-success btn-adauga-com\" data-toggle=\"modal\" data-parent=\"0\" data-target=\"#commentModal\">Adaug\u0103 comentariu<\/a><\/p>\n<div class=\"loadMask comments-mask\"><img decoding=\"async\" src=\"https:\/\/zdvs.cname.ro\/images\/loader_40.gif\"><\/div>\n<div class=\"comenteaza-jos\">Trebuie s\u0103 fii <a href=\"https:\/\/ziaruldevrancea.ro\/account\">autentificat<\/a> pentru a putea <a href=\"https:\/\/ziaruldevrancea.ro\/special\/educatie\/titularizare-2026-in-vrancea-au-fost-publicate-primele-rezultate.-candidatii-pot-depune-contestatii-pana-pe-29-iulie\" class data-toggle=\"modal\" data-parent=\"0\" data-target=\"#commentModal\">posta un comentariu<\/a>.<\/div>\n<\/div>\n<div class=\"modal fade\" id=\"commentModal\" role=\"dialog\" aria-labelledby=\"commentModalLabel\">\n<div class=\"modal-dialog modal-lg\" role=\"document\">\n<div class=\"modal-content\">\n<div class=\"modal-header\">\n<h3 class=\"modal-title\" id=\"commentModalLabel\">Comenteaz\u0103<\/h3>\n<\/div>\n<div class=\"modal-body\">\n<div class=\"tabel tabel-full\">\n<div class=\"celula\">\n              Trebuie s\u0103 fii <a href=\"https:\/\/ziaruldevrancea.ro\/account\">autentificat<\/a> pentru a putea posta un comentariu.\n            <\/div>\n<\/div>\n<\/div>\n<div class=\"modal-footer\">\n<div id=\"commentPending\" class=\"formPending pull-left\"><img decoding=\"async\" src=\"https:\/\/zdvs.cname.ro\/images\/loader_40.gif\"> In curs de procesare&#8230;<\/div>\n<p><a href=\"https:\/\/ziaruldevrancea.ro\/special\/educatie\/titularizare-2026-in-vrancea-au-fost-publicate-primele-rezultate.-candidatii-pot-depune-contestatii-pana-pe-29-iulie\" class=\"btn btn-default\" data-dismiss=\"modal\">Anuleaz\u0103<\/a><\/div>\n<\/div>\n<\/div>\n<\/div>\n<div class=\"modal fade\" id=\"commentReportModal\" role=\"dialog\" aria-labelledby=\"commentReportModalLabel\">\n<div class=\"modal-dialog modal-lg\" role=\"document\">\n<div class=\"modal-content\">\n<div class=\"modal-header\">\n<h3 class=\"modal-title\" id=\"commentReportModalLabel\">Raporteaza comentariu<\/h3>\n<\/div>\n<div class=\"modal-body\">\n<div class=\"tabel tabel-full\">\n<div class=\"celula\">\n              Trebuie s\u0103 fii <a href=\"https:\/\/ziaruldevrancea.ro\/account\">autentificat<\/a> pentru a putea raporta un comentariu.\n            <\/div>\n<\/div>\n<\/div>\n<div class=\"modal-footer\">\n<div id=\"commentReportPending\" class=\"formPending pull-left\"><img decoding=\"async\" src=\"https:\/\/zdvs.cname.ro\/images\/loader_40.gif\"> In curs de procesare&#8230;<\/div>\n<p><a href=\"https:\/\/ziaruldevrancea.ro\/special\/educatie\/titularizare-2026-in-vrancea-au-fost-publicate-primele-rezultate.-candidatii-pot-depune-contestatii-pana-pe-29-iulie\" class=\"btn btn-default\" data-dismiss=\"modal\">Anuleaz\u0103<\/a><\/div>\n<\/div>\n<\/div>\n<\/div>\n<div class=\"modal fade\" id=\"commentLikeModal\" role=\"dialog\" aria-labelledby=\"commentLikeModalLabel\">\n<div class=\"modal-dialog modal-lg\" role=\"document\">\n<div class=\"modal-content\">\n<div class=\"modal-header\">\n<h3 class=\"modal-title\" id=\"commentReportModalLabel\">Apreciaza comentariu<\/h3>\n<\/div>\n<div class=\"modal-body\">\n<div class=\"tabel tabel-full\">\n<div class=\"celula\">\n            Trebuie s\u0103 fii <a href=\"https:\/\/ziaruldevrancea.ro\/account\">autentificat<\/a> pentru a putea aprecia un comentariu.\n          <\/div>\n<\/div>\n<\/div>\n<div class=\"modal-footer\"><a href=\"https:\/\/ziaruldevrancea.ro\/special\/educatie\/titularizare-2026-in-vrancea-au-fost-publicate-primele-rezultate.-candidatii-pot-depune-contestatii-pana-pe-29-iulie\" class=\"btn btn-default\" data-dismiss=\"modal\">Anuleaz\u0103<\/a><\/div>\n<\/div>\n<\/div>\n<\/div>\n<div class=\"bloc-widget widget-rosu\"><span><small>Ziarul de Vrancea doreste ca acest site sa fie un spatiu al discutiilor civilizate, al comentariilor de bun simt. Din acest motiv, cei care posteaza comentarii la articole trebuie sa respecte urmatoarele reguli:<br \/>\n1. Sa se refere doar la articolul la care posteaza comentarii.<br \/>\n2. Sa foloseasca un limbaj civilizat, fara injurii, calomnii, comentarii antisemite, xenofobe sau rasiste.<br \/>\n3. Sunt interzise atacurile la adresa autorilor, daca acestea nu au legatura cu textul.<br \/>\n4. Username-ul sa nu fie nume de personalitati ale vietii publice sau parodieri ale acestora.<br \/>\nAutorul unui articol poate fi criticat pentru eventuale greseli, incoerenta, lipsa de documentare etc.<br \/>\nNerespectarea regulilor mentionate mai sus va duce la stergerea comentariilor, fara avertisment si fara explicatii.<br \/>\nAbaterile repetate vor avea drept consecinta interdictia accesului la aceasta facilitate a site-ului.<\/small><\/span><\/div>\n<\/div>\n<p>[analyse_source url=&#8221;https:\/\/ziaruldevrancea.ro\/special\/educatie\/titularizare-2026-in-vrancea-au-fost-publicate-primele-rezultate.-candidatii-pot-depune-contestatii-pana-pe-29-iulie&#8221;]<\/p>\n","protected":false},"excerpt":{"rendered":"<p>[analyse_image type=&#8221;featured&#8221; src=&#8221;https:\/\/zdvi.cname.ro\/_\/titularizare-2026-in-vrancea-au-fost-publicate-primele-rezultate.-candidatii-pot-depune-contestatii-pana-pe-29-iulie\/mediaPool\/us2m6oB.jpg&#8221;] Educa\u021bie Titularizare 2026 \u00een Vrancea: au fost publicate primele rezultate. Candida\u021bii pot depune contesta\u021bii p\u00e2n\u0103 pe 29 iulie Distribuie: \u00a0 | Maria BRATU 29 iul 20261260 vizualiz\u0103ri Profesorii \u0219i viitorii profesori din Vrancea \u00ee\u0219i pot verifica notele ob\u021binute la concursul na\u021bional de Titularizare 2026. Rezultatele finale vor fi afi\u0219ate pe 4 august, [&hellip;]<\/p>\n","protected":false},"author":1,"featured_media":0,"comment_status":"open","ping_status":"","sticky":false,"template":"","format":"standard","meta":{"footnotes":""},"categories":[89],"tags":[226,208],"class_list":["post-2070119","post","type-post","status-publish","format-standard","hentry","category-romania","tag-crawlmanager","tag-ziaruldevrancea-ro"],"_links":{"self":[{"href":"https:\/\/analyse.optim.biz\/index.php?rest_route=\/wp\/v2\/posts\/2070119","targetHints":{"allow":["GET"]}}],"collection":[{"href":"https:\/\/analyse.optim.biz\/index.php?rest_route=\/wp\/v2\/posts"}],"about":[{"href":"https:\/\/analyse.optim.biz\/index.php?rest_route=\/wp\/v2\/types\/post"}],"author":[{"embeddable":true,"href":"https:\/\/analyse.optim.biz\/index.php?rest_route=\/wp\/v2\/users\/1"}],"replies":[{"embeddable":true,"href":"https:\/\/analyse.optim.biz\/index.php?rest_route=%2Fwp%2Fv2%2Fcomments&post=2070119"}],"version-history":[{"count":0,"href":"https:\/\/analyse.optim.biz\/index.php?rest_route=\/wp\/v2\/posts\/2070119\/revisions"}],"wp:attachment":[{"href":"https:\/\/analyse.optim.biz\/index.php?rest_route=%2Fwp%2Fv2%2Fmedia&parent=2070119"}],"wp:term":[{"taxonomy":"category","embeddable":true,"href":"https:\/\/analyse.optim.biz\/index.php?rest_route=%2Fwp%2Fv2%2Fcategories&post=2070119"},{"taxonomy":"post_tag","embeddable":true,"href":"https:\/\/analyse.optim.biz\/index.php?rest_route=%2Fwp%2Fv2%2Ftags&post=2070119"}],"curies":[{"name":"wp","href":"https:\/\/api.w.org\/{rel}","templated":true}]}}