{"id":2070117,"date":"2026-07-29T00:00:00","date_gmt":"2026-07-28T21:00:00","guid":{"rendered":"https:\/\/analyse.optim.biz\/?p=2070117"},"modified":"2026-07-29T00:00:00","modified_gmt":"2026-07-28T21:00:00","slug":"astazi-despre-fondatorul-unor-ramuri-noi-ale-chimiei-academicianul-costin-d-nenitescu-la-26-de-ani-a-publicat-prima-editie-din-cele-doua-tratate-chimie-organica-si-chimie","status":"publish","type":"post","link":"https:\/\/analyse.optim.biz\/?p=2070117","title":{"rendered":"Ast\u0103zi despre fondatorul unor ramuri noi ale chimiei: Academicianul Costin D. Neni\u021bescu. La 26 de ani a publicat prima edi\u021bie din cele dou\u0103 tratate \u201eChimie organic\u0103\u201d \u0219i \u201eChimie general\u0103\u201d dup\u0103 care peste 40 de genera\u021bii au \u00eenv\u0103\u021bat \u0219i \u00eenc\u0103 \u00eenva\u021b\u0103"},"content":{"rendered":"<p>[analyse_image type=&#8221;featured&#8221; src=&#8221;https:\/\/zdvi.cname.ro\/_\/astazi-despre-fondatorul-unor-ramuri-noi-ale-chimiei-academicianul-costin-d.-nenitescu\/mediaPool\/uRJvAjd.jpg&#8221;]<\/p>\n<div class=\"main-content detaliu-articol\"><a class=\"titlu-cat-list\" href=\"https:\/\/ziaruldevrancea.ro\/special\/educatie\">Educa\u021bie<\/a><\/p>\n<h1>Ast\u0103zi despre fondatorul unor ramuri noi ale chimiei: Academicianul Costin D. Neni\u021bescu. La 26 de ani a publicat prima edi\u021bie din cele dou\u0103 tratate \u201eChimie organic\u0103\u201d \u0219i \u201eChimie general\u0103\u201d dup\u0103 care peste 40 de genera\u021bii au \u00eenv\u0103\u021bat \u0219i \u00eenc\u0103 \u00eenva\u021b\u0103 <\/h1>\n<div class=\"date-articol clearfix\">\n<div class=\"distribuie-articol dropdown\">\n    Distribuie: \u00a0<br \/>\n    <em>|<\/em><\/div>\n<div class=\"autor-articol\"><a href=\"https:\/\/ziaruldevrancea.ro\/autor\/rodica-condurache\/\"><img decoding=\"async\" class=\"img-circle\" src=\"https:\/\/zdvi.cname.ro\/50_50\/articleAuthor\/rodica-condurache\/articleAuthor\/uy6Kz5r.jpg\" alt><\/a><\/p>\n<h5><a href=\"https:\/\/ziaruldevrancea.ro\/autor\/rodica-condurache\/\">Rodica Condurache<\/a><\/h5>\n<div class=\"grup-spatiere\"><span class=\"cu-spatiere\">29 iul 2026<\/span><span class=\"cu-spatiere\">4095 vizualiz\u0103ri<\/span><\/div>\n<\/div>\n<\/div>\n<div class=\"poza-mare\"><a href class=\"openGallery\"><img decoding=\"async\" class=\"img-responsive\" src=\"https:\/\/zdvi.cname.ro\/850_530\/astazi-despre-fondatorul-unor-ramuri-noi-ale-chimiei-academicianul-costin-d.-nenitescu\/article\/mediaPool\/uRJvAjd.jpg\" alt><\/a><\/div>\n<p>Costin D. Neni\u021bescu (\u00een publica\u021biile \u0219tiin\u021bifice Nenitzescu; n. 15 iulie 1902, Bucure\u0219ti \u2013 d. 29 iulie 1970, Bu\u0219teni), a fost un chimist rom\u00e2n. A fost fondatorul \u0219i promotorul unor ramuri noi ale chimiei din Rom\u00e2nia \u0219i un membru al Academiei Rom\u00e2ne.<\/p>\n<p>A fost fiul lui Dimitrie S. Neni\u021bescu, doctor \u00een drept \u0219i \u0219tiin\u021be politice, avocat, secretar general al Ministerului de Interne, director al B\u0103ncii Na\u021bionale Rom\u00e2ne, deputat, frunta\u0219 al Partidului Conservator \u0219i ministru al Industriei \u0219i Comer\u021bului (1910-1912).<\/p>\n<p>A fost c\u0103s\u0103torit de dou\u0103 ori, prima dat\u0103 cu Ana Santer \u0219i a doua oar\u0103 cu Ecaterina Cior\u0103nescu (1909 &#8211; 2000). <a href=\"https:\/\/www.ziaruldevrancea.ro\/special\/educatie\/astazi-despre-cercetatorul-care-a-creat-primele-medicamente-de-sinteza-din-romania-ecaterina-cioranescu-nenitescu---chimist-de-exceptie-membru-titular-al-academiei-romane\" target=\"_blank\">Ecaterina Cior\u0103nescu <\/a>a fost prima femeie asistent la Catedra de Chimie Organic\u0103 de la Politehnica din Bucure\u0219ti. I-a fost elev\u0103, asistent\u0103, doctorand\u0103 \u0219i so\u021bie. L-a sus\u021binut \u00een munca sa \u0219tiin\u021bific\u0103.<\/p>\n<p>Dup\u0103 ce absolv\u0103 liceul \u00een Bucure\u0219ti, la Liceul \u201eGheorghe Laz\u0103r\u201d, \u00eencepe \u00een 1920 studiul chimiei la ETH Z\u00fcrich, fiind profund impresionat de cursurile lui Peter Debye \u0219i Hermann Staudinger. E fascinat de lucr\u0103rile lui Hans Fischer \u0219i se mut\u0103 \u00een 1922 \u00een M\u00fcnchen unde \u00ee\u0219i termin\u0103 studiile \u00een 1925 cu doctoratul condus de Hans Fischer, mentorul s\u0103u \u0219tiin\u021bific. \u00cen timpul preg\u0103tirii tezei de doctorat realizeaz\u0103, f\u0103r\u0103 a colabora cu Fischer, o sintez\u0103 original\u0103 a indolului. Era unul din elevii prefera\u021bi a lui Fischer.<\/p>\n<p>La \u00eenceputul carierei are o camer\u0103 de lucru de c\u00e2\u021biva metri p\u0103tra\u021bi, unde porne\u0219te cu entuziasm la crearea unui laborator.<\/p>\n<p>Activitatea didactic\u0103 \u0219i de cercetare<\/p>\n<p>Se \u00eentoarce \u00een \u021bar\u0103, unde \u00eentre anii 1925 \u0219i 1935 este profesor la Universitatea din Bucure\u0219ti \u0219i pred\u0103 cursurile de chimie organic\u0103 \u0219i chimie general\u0103. \u00cen 1928, la 26 de ani, public\u0103 prima edi\u021bie din cele dou\u0103 tratate, \u201eChimie organic\u0103\u201d \u0219i \u201eChimie general\u0103\u201d. Peste 40 de genera\u021bii au \u00eenv\u0103\u021bat \u0219i \u00eenc\u0103 \u00eenva\u021b\u0103 dup\u0103 aceste c\u0103r\u021bi, acum singurele c\u0103r\u021bi de specialitate \u00een limba rom\u00e2n\u0103 care se ridic\u0103 la nivel occidental[judecat\u0103 de valoare] (nu s-a mai publicat nimic asem\u0103n\u0103tor \u00een ultimii 24 de ani).[necesit\u0103 citare] Tratatul de chimie organic\u0103 a fost publicat \u00een 8 edi\u021bii, prima av\u00e2nd un singur volum, restul dou\u0103. Unele au fost traduse \u00een limbi str\u0103ine. Tratatele au fost publicate la Editura CFR-Oped \u0219i Editura Tehnic\u0103. Aceste lucr\u0103ri ne arat\u0103 for\u021ba de anticipare cu totul remarcabil\u0103 a autorului. A intuit una din cele mai importante direc\u021bii de dezvoltare a chimiei organice \u0219i a adus contribu\u021bii de baz\u0103. Dou\u0103 exemple ar fi chimia reac\u021biilor care decurg prin ioni de carboniu \u0219i problema ciclobutadienei. De asemenea a publicat \u201eManualul inginerului chimist\u201d \u0219i manuale de liceu.<\/p>\n<p>Este ales ca membru al Academiei Rom\u00e2ne \u0219i al altor academii din str\u0103in\u0103tate (Germania, Cehoslovacia, Ungaria \u0219i Polonia). Prime\u0219te numeroase premii, dintre care medalia \u201eA.W. von Hofmann\u201d, una dintre cele mai prestigioase medalii \u0219tiin\u021bifice.<\/p>\n<p>A fost membru corespondent al Academiei de \u0218tiin\u021be din Rom\u00e2nia \u00eencep\u00e2nd cu 21 decembrie 1935 \u0219i membru titular \u00eencep\u00e2nd cu 20 decembrie 1936.[1]<\/p>\n<p>Se pare c\u0103 cel mai reprezentativ aspect al vie\u021bii sale este cel de profesor. \u00ce\u0219i impresiona puternic studen\u021bii prin a le prezenta chimia organic\u0103 \u00eentr-un mod captivant \u0219i logic. De asemenea se impunea prin apari\u021bia sa fizic\u0103: era \u00eenalt, solid, cu nas acvilin \u0219i o privire foarte p\u0103trunz\u0103toare. Era foarte bine informat \u00een toate domeniile chimiei organice, chimiei generale, analitice \u0219i chimiei fizice. Avea un discurs clar \u0219i calm. Nu se temea s\u0103 r\u0103spund\u0103 anumitor \u00eentreb\u0103ri ale studen\u021bilor cu \u201eNu \u0219tiu\u201d sau \u201eNu se \u0219tie \u00eenc\u0103\u201d. Neni\u021bescu putea s\u0103 intuiasc\u0103 ce calit\u0103\u021bi au studen\u021bii s\u0103i \u0219i \u00eei selecta ca viitori colaboratori pe cei mai buni dintre ace\u0219tia. Profesorul Rudolf Criegee spunea despre studen\u021bii lui Neni\u021bescu c\u0103 erau cei mai buni din laboratoarele sale.[necesit\u0103 citare]<\/p>\n<p>Ca om, a fost o persoan\u0103 deosebit\u0103. De\u0219i p\u0103rea aspru \u0219i sever, era generos \u0219i cu o inim\u0103 cald\u0103. \u00cei pl\u0103ceau mun\u021bii, drumurile de munte abrupte \u0219i \u00eenguste, cum ar fi Caraimanul sau zona B\u00e2lea. Curajul era o caracteristic\u0103 a sa. Politica nu se reg\u0103sea \u00een preocup\u0103rile sale. Neni\u021bescu nu era \u00een rela\u021bii bune cu regimul comunist. C\u00e2teva citate care ne arat\u0103 c\u00e2t de apreciat este \u00een str\u0103in\u0103tate:<\/p>\n<p>\u201eYour achievements in chemistry impress me very much, when I think that you succeeded to do this far from the great chemical centers, and lacking modern instrumentation. Hans Fisher, our common professor, would have enjoyed your work, seeing how you looked for other areas of research than those you became familiar with, during your Ph.D. studies.\u201d (Professor H. Plieninger, Heidelberg)<\/p>\n<p>\u201eWe have memories of friendly, serious, hard-working, warm-hearted people whom we will never forget\u2026 It was a satisfaction for me to discover how organic chemistry should be developed to such a high state in a small far-away country, which so few of us ever visited. Now I know what I should have guessed, that the enthusiasm and strength of one man was behind it. I feel inspired and enriched in my own life for having been exposed to him, if only for a few days. It is indeed a very rich man who can look on a life of rich and lasting contributions and a family of students prepared to extend the tradition into the future without limit.\u201d (Professor W.v.E. Doering, Harvard University, dup\u0103 vizita sa \u00een Rom\u00e2nia din 1970)<\/p>\n<p>\u201eIn particular, it was especially stimulating for me to meet you because I had come over the years to recognize and appreciate your splendid professional work in chemistry.\u201d (Professor H. Gilman, Iowa State University)<\/p>\n<p>\u201eLa \u00eemplinirea a o sut\u0103 de ani de la na\u0219terea acestui Savant \u0219i Profesor a\u0219 vrea s\u0103 amintesc c\u0103 el a dat un impuls nemai\u00eent\u00e2lnit p\u00e2n\u0103 atunci cercet\u0103rii \u0219i tehnicii rom\u00e2ne\u0219ti, at\u00e2t direct c\u00e2t \u0219i prin cei pe care i-a format \u00een cei 35 de ani de profesorat. A luat cu curaj pozi\u021bie contra unor directive cu urm\u0103ri nefaste la Academia Rom\u00e2n\u0103. Ca \u0219i ceilal\u021bi din genera\u021biile de chimi\u0219ti ai Politehnicii bucure\u0219tene sunt bucuros \u0219i m\u00e2ndru c\u0103 am avut norocul s\u0103 ascult prelegerile Magistrului \u0219i s\u0103 vad cum el a reu\u0219it s\u0103 creeze de la zero, trec\u00e2nd peste condi\u021bii vitrege, un nucleu de \u0219tiin\u021b\u0103 \u0219i \u00eenv\u0103\u021b\u0103m\u00e2nt care s-a impus nu numai \u00een Rom\u00e2nia ci \u0219i pe celelalte meridiane ale globului.\u201d Alexandru T. Balaban<\/p>\n<p>Contribu\u021bii \u0219tiin\u021bifice<\/p>\n<p>\u00cenc\u0103 de la \u00eenceputul anilor 1930 \u00een cadrul cercet\u0103rilor sistematice privind reac\u021bii ale hidrocarburilor catalizate de clorura de aluminiu sunt ob\u021binute \u00een grupul de cercetare al profesorului Neni\u021bescu rezultate de prim\u0103 importan\u021b\u0103 pentru \u00een\u021belegerea mecanismului reac\u021biilor prin intermediari carbocationici. Este observat pentru \u00eent\u00e2ia dat\u0103 rolul esen\u021bial al unui cocatalizator (urme de ap\u0103) \u00een reac\u021bia de izomerizare a cicloalcanilor \u00een prezen\u021ba clorurii de aluminiu. Din aceast\u0103 perioad\u0103 dateaz\u0103 alte observa\u021bii fundamentale privind reac\u021bia cicloalchenelor cu cloruri acide catalizat\u0103 de clorura de aluminiu, \u00een ciclohexan ca solvent (cunoscuta ast\u0103zi \u00een literatur\u0103 ca \u201ereac\u021bia Neni\u021bescu de acilare reductiv\u0103\u201d) sau transferul de hidrogen \u201e\u00eentr-o form\u0103 foarte activ\u0103\u201d. Aceasta este prima men\u021bionare a transferului intermolecular de ion de hidrur\u0103, a\u0219a cum se va numi mai t\u00e2rziu. \u00cen perioada 1965-1970 studiaz\u0103 reac\u021biile solvolitice. Colaboreaz\u0103 cu celebri profesori din Statele Unite ale Americii, contribuie cu scrierea unor capitole la diverse tratate. Numero\u0219i compu\u0219i organici \u0219i reac\u021bii \u00eei poart\u0103 numele. Se poate spune c\u0103 \u201ehidrocarbura Neni\u021bescu\u201d, prima anulen\u0103 (CH)10, a propulsat chimia anulenelor. A fost pionierul aplic\u0103rii metodelor fizice \u00een chimia organic\u0103 \u00een Rom\u00e2nia.<\/p>\n<p>Rezultatele muncii lui Costin Neni\u021bescu se v\u0103d \u00een cele 262 de articole originale \u0219i 21 de brevete. \u00cen anii 1970 lucr\u0103rile sale au num\u0103rat 1000 de cit\u0103ri. \u00cen ziua de azi Chemistry Citation Index num\u0103r\u0103 mai mult de 20 de cit\u0103ri pe an. A fost pentru scurt timp decan al Facult\u0103\u021bii de Chimie Industrial\u0103 din cadrul Politehnicii Bucure\u0219ti.<\/p>\n<p>\u00cen onoarea maestrului, Facultatea de Chimie Industrial\u0103 organizeaz\u0103 \u00een fiecare an Concursul National de Chimie \u201eC.D. Neni\u021bescu\u201d. Un premiu anual oferit de Academia Rom\u00e2n\u0103 \u00eei poart\u0103 numele.<\/p>\n<p>Lucr\u0103ri \u0219i tratate<\/p>\n<p>\u00a0\u00a0\u00a0 Chimie organic\u0103, 2 volume, editura Didactic\u0103 \u0219i Pedagogic\u0103, Bucure\u0219ti, 1972<\/p>\n<p>\u00a0\u00a0\u00a0 Chimie general\u0103, editura Didactic\u0103 \u0219i Pedagogic\u0103, Bucure\u0219ti, 1300 pag.<\/p>\n<p>Referin\u021be<\/p>\n<p>\u00a0\u00a0\u00a0 ^ Lista membrilor Academiei de \u0218tiin\u021be din Rom\u00e2nia (ASR) (1936-1948) p.1<\/p>\n<p>Bibliografie<\/p>\n<p>\u00a0\u00a0\u00a0 A. Balaban, M. Banciu, Costin D. Neni\u021bescu &#8211; Via\u021ba \u0219i opera, Editura Academiei, 1995, Bucure\u0219ti<\/p>\n<p>\u00a0\u00a0\u00a0 http:\/\/www.chim.pub.ro\/ingchimica\/Emilian%20Bratu.doc<\/p>\n<p>\u00a0\u00a0\u00a0 http:\/\/www.compendium.ro\/<\/p>\n<p>\u00a0\u00a0\u00a0 http:\/\/www.case.edu\/pubs\/cnews\/1998\/1-29\/mateescu.htm<\/p>\n<p>\u00a0\u00a0\u00a0 In memoriam Costin D. Nenitzescu<\/p>\n<p>\u00a0\u00a0\u00a0 Personalit\u0103\u021bi rom\u00e2ne\u0219ti ale \u0219tiin\u021belor naturii \u0219i tehnicii &#8211; Dic\u021bionar, Bucure\u0219ti: Editura \u0218tiin\u021bific\u0103 \u0219i Enciclopedic\u0103, 1982<\/p>\n<p>Leg\u0103turi externe<\/p>\n<p>\u00a0\u00a0\u00a0 Membrii Academiei Rom\u00e2ne din 1866 p\u00e2n\u0103 \u00een prezent \u2013 N<\/p>\n<p><\/p>\n<p>De la Wikipedia, enciclopedia liber\u0103<\/p>\n<p>\u00a0<\/p>\n<p>\u00a0<\/p>\n<hr>\n<div class=\"bloc-widget widget-rosu\">\n<p>\u00cen lipsa unui acord scris din partea Ziarului de Vrancea, pute\u0163i prelua maxim 500 de caractere din acest articol dac\u0103 preciza\u0163i sursa \u015fi insera\u0163i vizibil link-ul articolului:\u00a0<span>#insertcurrentlinkhere<\/span><\/p>\n<\/div>\n<div class=\"extra-articol listing-anunturi\">\n<h6>Anun\u021buri <span class=\"text-primary\">ZdV<\/span> Premium<\/h6>\n<div class=\"row\">\n<div class=\"col-lg-4 col-md-6 bloc-egal\"><a class=\"card-anunt\" href=\"https:\/\/ziaruldevrancea.ro\/anunturi\/imobiliare\/vanzari-terenuri\/vand-teren-in-panciu\"><strong class=\"titlu\">V\u00e2nz\u0103ri terenuri<\/strong><span class=\"text-anunt\">Teren Panciu 1170 mp, cu num\u0103r cas\u0103, ap\u0103&#8230;<\/span><span class=\"data-anunt\">29.07.2026  <\/span><\/a><\/div>\n<div class=\"col-lg-4 col-md-6 bloc-egal\"><a class=\"card-anunt\" href=\"https:\/\/ziaruldevrancea.ro\/anunturi\/altele\/anulare-acte\/vand-scrumbii-afumate-capturi-dunare\"><strong class=\"titlu\">Vanzari diverse<\/strong><span class=\"text-anunt\">Pret : 117 lei \/ kg . \u00a0 Este&#8230;<\/span><span class=\"data-anunt\">29.07.2026 , Gala\u021bi , Gala\u021bi<\/span><\/a><\/div>\n<div class=\"col-lg-4 col-md-6 bloc-egal\"><a class=\"card-anunt\" href=\"https:\/\/ziaruldevrancea.ro\/anunturi\/necrolog\/decese\/dumnezeu-sa-o-aseze-in-randul-celor-drepti\"><strong class=\"titlu\">Decese<\/strong><span class=\"text-anunt\">Cu profund\u0103 durere, familia anun\u021b\u0103 trecerea la&#8230;<\/span><span class=\"data-anunt\">28.07.2026  <\/span><\/a><\/div>\n<\/div>\n<\/div>\n<div class=\"extra-articol alte-articole\">\n<div class=\"row\">\n<div class=\"col-lg-6 bloc-egal\">\n<div class=\"card articol-listing\">\n<h6>\u00cen categoria <a href=\"https:\/\/ziaruldevrancea.ro\/special\/educatie\">Educa\u021bie<\/a><\/h6>\n<div class=\"grup-articol-listing\">\n<div class=\"cont-pils\"><a href=\"https:\/\/ziaruldevrancea.ro\/special\/educatie\/titularizare-2026-in-vrancea-au-fost-publicate-primele-rezultate.-candidatii-pot-depune-contestatii-pana-pe-29-iulie\"><img decoding=\"async\" src=\"https:\/\/zdvi.cname.ro\/180_135\/special\/educatie\/titularizare-2026-in-vrancea-au-fost-publicate-primele-rezultate.-candidatii-pot-depune-contestatii-pana-pe-29-iulie\/mediaPool\/us2m6oB.jpg\" class=\"img-responsive img-180\" alt><\/a><\/div>\n<h2><a class=\"link-titlu\" href=\"https:\/\/ziaruldevrancea.ro\/special\/educatie\/titularizare-2026-in-vrancea-au-fost-publicate-primele-rezultate.-candidatii-pot-depune-contestatii-pana-pe-29-iulie\">Titularizare 2026 \u00een Vrancea: au fost publicate primele rezultate. Candida\u021bii pot depune contesta\u021bii p\u00e2n\u0103 pe 29 iulie<\/a><\/h2>\n<div class=\"date-post\"><a href=\"https:\/\/ziaruldevrancea.ro\/autor\/maria-bratu\">Maria BRATU<\/a>, 29 iul 2026  <\/div>\n<\/div>\n<div class=\"grup-articol-listing\">\n<div class=\"cont-pils\"><a href=\"https:\/\/ziaruldevrancea.ro\/special\/educatie\/inca-o-echipa-de-elevi-ai-colegiului-national-unirea-din-focsani-pe-podium-la-festivalul-international-boovie-2026\"><img decoding=\"async\" src=\"https:\/\/zdvi.cname.ro\/180_135\/special\/educatie\/inca-o-echipa-de-elevi-ai-colegiului-national-unirea-din-focsani-pe-podium-la-festivalul-international-boovie-2026\/mediaPool\/utlFpD9.jpg\" class=\"img-responsive img-180\" alt><\/a><\/div>\n<h2><a class=\"link-titlu\" href=\"https:\/\/ziaruldevrancea.ro\/special\/educatie\/inca-o-echipa-de-elevi-ai-colegiului-national-unirea-din-focsani-pe-podium-la-festivalul-international-boovie-2026\">\u00cenc\u0103 o echip\u0103 de elevi ai Colegiului Na\u021bional \u201eUnirea\u201d din Foc\u0219ani pe podium la Festivalul Interna\u021bional Boovie 2026<\/a><\/h2>\n<div class=\"date-post\"><a href=\"https:\/\/ziaruldevrancea.ro\/autor\/anca-vasiliu\">Anca Vasiliu<\/a>, 29 iul 2026  <\/div>\n<\/div>\n<div class=\"grup-articol-listing\">\n<div class=\"cont-pils\"><a href=\"https:\/\/ziaruldevrancea.ro\/special\/educatie\/foto-infoeducatie-2026-a-inceput-la-focsani\"><img decoding=\"async\" src=\"https:\/\/zdvi.cname.ro\/180_135\/special\/educatie\/foto-infoeducatie-2026-a-inceput-la-focsani\/mediaPool\/u2uQ6E6.jpg\" class=\"img-responsive img-180\" alt><\/a><\/div>\n<h2><a class=\"link-titlu\" href=\"https:\/\/ziaruldevrancea.ro\/special\/educatie\/foto-infoeducatie-2026-a-inceput-la-focsani\">Foto | InfoEduca\u021bie 2026 a \u00eenceput la Foc\u0219ani<\/a><\/h2>\n<div class=\"date-post\"><a href=\"https:\/\/ziaruldevrancea.ro\/autor\/maria-bratu\">Maria BRATU<\/a>, 28 iul 2026  <\/div>\n<\/div>\n<\/div>\n<\/div>\n<div class=\"col-lg-6 bloc-egal\">\n<div class=\"card articol-listing\">\n<h6>De acela\u0219i <a href=\"https:\/\/ziaruldevrancea.ro\/autor\/rodica-condurache\/\">autor<\/a><\/h6>\n<div class=\"grup-articol-listing\">\n<div class=\"cont-pils\"><a href=\"https:\/\/ziaruldevrancea.ro\/timp-liber\/astazi-despre-psihologul-clinician-andrei-partos---om-bun---nevoia-de-a-repune-muzica-si-poezia-romaneasca-la-un-loc-bun\"><img decoding=\"async\" src=\"https:\/\/zdvi.cname.ro\/180_135\/timp-liber\/astazi-despre-psihologul-clinician-andrei-partos---om-bun---nevoia-de-a-repune-muzica-si-poezia-romaneasca-la-un-loc-bun\/mediaPool\/uYSVhEO.jpg\" class=\"img-responsive img-180\" alt><\/a><\/div>\n<h2><a class=\"link-titlu\" href=\"https:\/\/ziaruldevrancea.ro\/timp-liber\/astazi-despre-psihologul-clinician-andrei-partos---om-bun---nevoia-de-a-repune-muzica-si-poezia-romaneasca-la-un-loc-bun\">VIDEO V\u0103 mai aminti\u021bi de \u201eRADIO VACAN\u021aA COSTINE\u0218TI\u201d? Ast\u0103zi despre vocea Costine\u015ftiului de alt\u0103dat\u0103. Andrei Parto\u0219 &#8211; Psihologul clinician care dup\u0103 zece ani de activitate s-a dedicat nevoii de a repune muzica \u015fi poezia rom\u00e2neasc\u0103 la un loc bun<\/a><\/h2>\n<div class=\"date-post\"><a href=\"https:\/\/ziaruldevrancea.ro\/autor\/rodica-condurache\">Rodica Condurache<\/a>, 31 iul 2026  <\/div>\n<\/div>\n<div class=\"grup-articol-listing\">\n<div class=\"cont-pils\"><a href=\"https:\/\/ziaruldevrancea.ro\/timp-liber\/horoscop-31-iulie-2026\"><img decoding=\"async\" src=\"https:\/\/zdvi.cname.ro\/180_135\/timp-liber\/horoscop-31-iulie-2026\/mediaPool\/uA8enxT.jpg\" class=\"img-responsive img-180\" alt><\/a><\/div>\n<h2><a class=\"link-titlu\" href=\"https:\/\/ziaruldevrancea.ro\/timp-liber\/horoscop-31-iulie-2026\">Horoscop 31 iulie 2026 <\/a><\/h2>\n<div class=\"date-post\"><a href=\"https:\/\/ziaruldevrancea.ro\/autor\/rodica-condurache\">Rodica Condurache<\/a>, 31 iul 2026  <\/div>\n<\/div>\n<div class=\"grup-articol-listing\">\n<div class=\"cont-pils\"><a href=\"https:\/\/ziaruldevrancea.ro\/timp-liber\/calendarul-zilei-de-31-iulie-evenimente-personalitati-si-momente-care-au-marcat-aceasta-zi\"><img decoding=\"async\" src=\"https:\/\/zdvi.cname.ro\/180_135\/timp-liber\/calendarul-zilei-de-31-iulie-evenimente-personalitati-si-momente-care-au-marcat-aceasta-zi\/mediaPool\/uVFdgAV.jpg\" class=\"img-responsive img-180\" alt><\/a><\/div>\n<h2><a class=\"link-titlu\" href=\"https:\/\/ziaruldevrancea.ro\/timp-liber\/calendarul-zilei-de-31-iulie-evenimente-personalitati-si-momente-care-au-marcat-aceasta-zi\">Calendarul zilei de 31 iulie | Evenimente, personalit\u0103\u021bi \u0219i momente care au marcat aceast\u0103 zi<\/a><\/h2>\n<div class=\"date-post\"><a href=\"https:\/\/ziaruldevrancea.ro\/autor\/rodica-condurache\">Rodica Condurache<\/a>, 31 iul 2026  <\/div>\n<\/div>\n<\/div>\n<\/div>\n<\/div>\n<\/div>\n<div class=\"extra-articol listing-anunturi\">\n<h6>Anun\u021buri <span class=\"text-primary\">ZdV<\/span> Premium<\/h6>\n<div class=\"row\">\n<div class=\"col-lg-4 col-md-6 bloc-egal\"><a class=\"card-anunt\" href=\"https:\/\/ziaruldevrancea.ro\/anunturi\/imobiliare\/vanzari-case\/vand-casa-si-teren-in-panciu-anunt-72818\"><strong class=\"titlu\">V\u00e2nz\u0103ri case<\/strong><span class=\"text-anunt\">V\u00e2nd cas\u0103 cu 2 camere, buc\u0103t\u0103rie, baie,&#8230;<\/span><span class=\"data-anunt\">23.07.2026  <\/span><\/a><\/div>\n<div class=\"col-lg-4 col-md-6 bloc-egal\"><a class=\"card-anunt\" href=\"https:\/\/ziaruldevrancea.ro\/anunturi\/angajari\/cereri-angajari\/doresc-angajare-anunt-72815\"><strong class=\"titlu\">Cereri<\/strong><span class=\"text-anunt\">Doresc s\u0103 am grij\u0103 de un copil de gradini\u021b\u0103&#8230;<\/span><span class=\"data-anunt\">21.07.2026  <\/span><\/a><\/div>\n<div class=\"col-lg-4 col-md-6 bloc-egal\"><a class=\"card-anunt\" href=\"https:\/\/ziaruldevrancea.ro\/anunturi\/inchirieri\/locuinte-oferte\/primesc-in-gazda-anunt-72816\"><strong class=\"titlu\">Locuin\u021be oferte<\/strong><span class=\"text-anunt\">\u00a0Primesc \u00een gazd\u0103 la cas\u0103.<\/p>\n<p>Tel&#8230;.<\/span><span class=\"data-anunt\">21.07.2026  <\/span><\/a><\/div>\n<\/div>\n<\/div>\n<div class=\"bloc-widget widget-albastru\">\n    Ziarul de Vrancea \u00a0nu este responsabil juridic pentru con\u0163inutul textelor din comentariile de mai jos. Responsabilitatea pentru mesajele dumneavoastra v\u0103 revine \u00een exclusivitate.\n<\/div>\n<div class=\"comentarii-articol\" id=\"comentarii\">\n<h3>Comentarii: <span class=\"text-primary\">0<\/span><\/h3>\n<p><a href=\"https:\/\/ziaruldevrancea.ro\/special\/educatie\/astazi-despre-fondatorul-unor-ramuri-noi-ale-chimiei-academicianul-costin-d.-nenitescu\" class=\"btn btn-success btn-adauga-com\" data-toggle=\"modal\" data-parent=\"0\" data-target=\"#commentModal\">Adaug\u0103 comentariu<\/a><\/p>\n<div class=\"loadMask comments-mask\"><img decoding=\"async\" src=\"https:\/\/zdvs.cname.ro\/images\/loader_40.gif\"><\/div>\n<div class=\"comenteaza-jos\">Trebuie s\u0103 fii <a href=\"https:\/\/ziaruldevrancea.ro\/account\">autentificat<\/a> pentru a putea <a href=\"https:\/\/ziaruldevrancea.ro\/special\/educatie\/astazi-despre-fondatorul-unor-ramuri-noi-ale-chimiei-academicianul-costin-d.-nenitescu\" class data-toggle=\"modal\" data-parent=\"0\" data-target=\"#commentModal\">posta un comentariu<\/a>.<\/div>\n<\/div>\n<div class=\"modal fade\" id=\"commentModal\" role=\"dialog\" aria-labelledby=\"commentModalLabel\">\n<div class=\"modal-dialog modal-lg\" role=\"document\">\n<div class=\"modal-content\">\n<div class=\"modal-header\">\n<h3 class=\"modal-title\" id=\"commentModalLabel\">Comenteaz\u0103<\/h3>\n<\/div>\n<div class=\"modal-body\">\n<div class=\"tabel tabel-full\">\n<div class=\"celula\">\n              Trebuie s\u0103 fii <a href=\"https:\/\/ziaruldevrancea.ro\/account\">autentificat<\/a> pentru a putea posta un comentariu.\n            <\/div>\n<\/div>\n<\/div>\n<div class=\"modal-footer\">\n<div id=\"commentPending\" class=\"formPending pull-left\"><img decoding=\"async\" src=\"https:\/\/zdvs.cname.ro\/images\/loader_40.gif\"> In curs de procesare&#8230;<\/div>\n<p><a href=\"https:\/\/ziaruldevrancea.ro\/special\/educatie\/astazi-despre-fondatorul-unor-ramuri-noi-ale-chimiei-academicianul-costin-d.-nenitescu\" class=\"btn btn-default\" data-dismiss=\"modal\">Anuleaz\u0103<\/a><\/div>\n<\/div>\n<\/div>\n<\/div>\n<div class=\"modal fade\" id=\"commentReportModal\" role=\"dialog\" aria-labelledby=\"commentReportModalLabel\">\n<div class=\"modal-dialog modal-lg\" role=\"document\">\n<div class=\"modal-content\">\n<div class=\"modal-header\">\n<h3 class=\"modal-title\" id=\"commentReportModalLabel\">Raporteaza comentariu<\/h3>\n<\/div>\n<div class=\"modal-body\">\n<div class=\"tabel tabel-full\">\n<div class=\"celula\">\n              Trebuie s\u0103 fii <a href=\"https:\/\/ziaruldevrancea.ro\/account\">autentificat<\/a> pentru a putea raporta un comentariu.\n            <\/div>\n<\/div>\n<\/div>\n<div class=\"modal-footer\">\n<div id=\"commentReportPending\" class=\"formPending pull-left\"><img decoding=\"async\" src=\"https:\/\/zdvs.cname.ro\/images\/loader_40.gif\"> In curs de procesare&#8230;<\/div>\n<p><a href=\"https:\/\/ziaruldevrancea.ro\/special\/educatie\/astazi-despre-fondatorul-unor-ramuri-noi-ale-chimiei-academicianul-costin-d.-nenitescu\" class=\"btn btn-default\" data-dismiss=\"modal\">Anuleaz\u0103<\/a><\/div>\n<\/div>\n<\/div>\n<\/div>\n<div class=\"modal fade\" id=\"commentLikeModal\" role=\"dialog\" aria-labelledby=\"commentLikeModalLabel\">\n<div class=\"modal-dialog modal-lg\" role=\"document\">\n<div class=\"modal-content\">\n<div class=\"modal-header\">\n<h3 class=\"modal-title\" id=\"commentReportModalLabel\">Apreciaza comentariu<\/h3>\n<\/div>\n<div class=\"modal-body\">\n<div class=\"tabel tabel-full\">\n<div class=\"celula\">\n            Trebuie s\u0103 fii <a href=\"https:\/\/ziaruldevrancea.ro\/account\">autentificat<\/a> pentru a putea aprecia un comentariu.\n          <\/div>\n<\/div>\n<\/div>\n<div class=\"modal-footer\"><a href=\"https:\/\/ziaruldevrancea.ro\/special\/educatie\/astazi-despre-fondatorul-unor-ramuri-noi-ale-chimiei-academicianul-costin-d.-nenitescu\" class=\"btn btn-default\" data-dismiss=\"modal\">Anuleaz\u0103<\/a><\/div>\n<\/div>\n<\/div>\n<\/div>\n<div class=\"bloc-widget widget-rosu\"><span><small>Ziarul de Vrancea doreste ca acest site sa fie un spatiu al discutiilor civilizate, al comentariilor de bun simt. Din acest motiv, cei care posteaza comentarii la articole trebuie sa respecte urmatoarele reguli:<br \/>\n1. Sa se refere doar la articolul la care posteaza comentarii.<br \/>\n2. Sa foloseasca un limbaj civilizat, fara injurii, calomnii, comentarii antisemite, xenofobe sau rasiste.<br \/>\n3. Sunt interzise atacurile la adresa autorilor, daca acestea nu au legatura cu textul.<br \/>\n4. Username-ul sa nu fie nume de personalitati ale vietii publice sau parodieri ale acestora.<br \/>\nAutorul unui articol poate fi criticat pentru eventuale greseli, incoerenta, lipsa de documentare etc.<br \/>\nNerespectarea regulilor mentionate mai sus va duce la stergerea comentariilor, fara avertisment si fara explicatii.<br \/>\nAbaterile repetate vor avea drept consecinta interdictia accesului la aceasta facilitate a site-ului.<\/small><\/span><\/div>\n<\/div>\n<p>[analyse_source url=&#8221;https:\/\/ziaruldevrancea.ro\/special\/educatie\/astazi-despre-fondatorul-unor-ramuri-noi-ale-chimiei-academicianul-costin-d.-nenitescu&#8221;]<\/p>\n","protected":false},"excerpt":{"rendered":"<p>[analyse_image type=&#8221;featured&#8221; src=&#8221;https:\/\/zdvi.cname.ro\/_\/astazi-despre-fondatorul-unor-ramuri-noi-ale-chimiei-academicianul-costin-d.-nenitescu\/mediaPool\/uRJvAjd.jpg&#8221;] Educa\u021bie Ast\u0103zi despre fondatorul unor ramuri noi ale chimiei: Academicianul Costin D. Neni\u021bescu. La 26 de ani a publicat prima edi\u021bie din cele dou\u0103 tratate \u201eChimie organic\u0103\u201d \u0219i \u201eChimie general\u0103\u201d dup\u0103 care peste 40 de genera\u021bii au \u00eenv\u0103\u021bat \u0219i \u00eenc\u0103 \u00eenva\u021b\u0103 Distribuie: \u00a0 | Rodica Condurache 29 iul 20264095 vizualiz\u0103ri Costin D. [&hellip;]<\/p>\n","protected":false},"author":1,"featured_media":0,"comment_status":"open","ping_status":"","sticky":false,"template":"","format":"standard","meta":{"footnotes":""},"categories":[89],"tags":[226,208],"class_list":["post-2070117","post","type-post","status-publish","format-standard","hentry","category-romania","tag-crawlmanager","tag-ziaruldevrancea-ro"],"_links":{"self":[{"href":"https:\/\/analyse.optim.biz\/index.php?rest_route=\/wp\/v2\/posts\/2070117","targetHints":{"allow":["GET"]}}],"collection":[{"href":"https:\/\/analyse.optim.biz\/index.php?rest_route=\/wp\/v2\/posts"}],"about":[{"href":"https:\/\/analyse.optim.biz\/index.php?rest_route=\/wp\/v2\/types\/post"}],"author":[{"embeddable":true,"href":"https:\/\/analyse.optim.biz\/index.php?rest_route=\/wp\/v2\/users\/1"}],"replies":[{"embeddable":true,"href":"https:\/\/analyse.optim.biz\/index.php?rest_route=%2Fwp%2Fv2%2Fcomments&post=2070117"}],"version-history":[{"count":0,"href":"https:\/\/analyse.optim.biz\/index.php?rest_route=\/wp\/v2\/posts\/2070117\/revisions"}],"wp:attachment":[{"href":"https:\/\/analyse.optim.biz\/index.php?rest_route=%2Fwp%2Fv2%2Fmedia&parent=2070117"}],"wp:term":[{"taxonomy":"category","embeddable":true,"href":"https:\/\/analyse.optim.biz\/index.php?rest_route=%2Fwp%2Fv2%2Fcategories&post=2070117"},{"taxonomy":"post_tag","embeddable":true,"href":"https:\/\/analyse.optim.biz\/index.php?rest_route=%2Fwp%2Fv2%2Ftags&post=2070117"}],"curies":[{"name":"wp","href":"https:\/\/api.w.org\/{rel}","templated":true}]}}