{"id":2070116,"date":"2026-07-28T00:00:00","date_gmt":"2026-07-27T21:00:00","guid":{"rendered":"https:\/\/analyse.optim.biz\/?p=2070116"},"modified":"2026-07-28T00:00:00","modified_gmt":"2026-07-27T21:00:00","slug":"foto-infoeducatie-2026-a-inceput-la-focsani","status":"publish","type":"post","link":"https:\/\/analyse.optim.biz\/?p=2070116","title":{"rendered":"Foto | InfoEduca\u021bie 2026 a \u00eenceput la Foc\u0219ani"},"content":{"rendered":"<p>[analyse_image type=&#8221;featured&#8221; src=&#8221;https:\/\/zdvi.cname.ro\/_\/foto-infoeducatie-2026-a-inceput-la-focsani\/mediaPool\/u2uQ6E6.jpg&#8221;]<\/p>\n<div class=\"main-content detaliu-articol\"><a class=\"titlu-cat-list\" href=\"https:\/\/ziaruldevrancea.ro\/special\/educatie\">Educa\u021bie<\/a><\/p>\n<h1>Foto | InfoEduca\u021bie 2026 a \u00eenceput la Foc\u0219ani<\/h1>\n<div class=\"date-articol clearfix\">\n<div class=\"distribuie-articol dropdown\">\n    Distribuie: \u00a0<br \/>\n    <em>|<\/em><\/div>\n<div class=\"autor-articol\"><a href=\"https:\/\/ziaruldevrancea.ro\/autor\/maria-bratu\/\"><img decoding=\"async\" class=\"img-circle\" src=\"https:\/\/zdvi.cname.ro\/50_50\/articleAuthor\/maria-bratu\/articleAuthor\/urTSNay.PNG\" alt><\/a><\/p>\n<h5><a href=\"https:\/\/ziaruldevrancea.ro\/autor\/maria-bratu\/\">Maria BRATU<\/a><\/h5>\n<div class=\"grup-spatiere\"><span class=\"cu-spatiere\">28 iul 2026<\/span><span class=\"cu-spatiere\">415 vizualiz\u0103ri<\/span><\/div>\n<\/div>\n<\/div>\n<div class=\"poza-mare\">\n<div class=\"poza-mare galerie-detaliu\">\n<div id=\"carousel-poza-mare\" class=\"carousel slide carusel-poza\" data-ride=\"carousel\" data-interval=\"0\">\n<div class=\"carousel-inner\" role=\"listbox\">\n<div class=\"item imagine-carusel active\"><a href class=\"openGallery\"><img decoding=\"async\" class=\"img-responsive\" src=\"https:\/\/zdvi.cname.ro\/850_530\/foto-infoeducatie-2026-a-inceput-la-focsani\/article\/mediaPool\/u2uQ6E6.jpg\" alt><\/a><\/div>\n<div class=\"item imagine-carusel \"><a href class=\"openGallery\"><img decoding=\"async\" class=\"img-responsive\" src=\"https:\/\/zdvi.cname.ro\/850_530\/foto-infoeducatie-2026-a-inceput-la-focsani\/article\/mediaPool\/uIiRq4y.jpg\" alt><\/a><\/div>\n<div class=\"item imagine-carusel \"><a href class=\"openGallery\"><img decoding=\"async\" class=\"img-responsive\" src=\"https:\/\/zdvi.cname.ro\/850_530\/foto-infoeducatie-2026-a-inceput-la-focsani\/article\/mediaPool\/uB1tvrR.jpg\" alt><\/a><\/div>\n<div class=\"item imagine-carusel \"><a href class=\"openGallery\"><img decoding=\"async\" class=\"img-responsive\" src=\"https:\/\/zdvi.cname.ro\/850_530\/foto-infoeducatie-2026-a-inceput-la-focsani\/article\/mediaPool\/uQr6CO9.jpg\" alt><\/a><\/div>\n<div class=\"item imagine-carusel \"><a href class=\"openGallery\"><img decoding=\"async\" class=\"img-responsive\" src=\"https:\/\/zdvi.cname.ro\/850_530\/foto-infoeducatie-2026-a-inceput-la-focsani\/article\/mediaPool\/u9GSNbs.jpg\" alt><\/a><\/div>\n<div class=\"item imagine-carusel \"><a href class=\"openGallery\"><img decoding=\"async\" class=\"img-responsive\" src=\"https:\/\/zdvi.cname.ro\/850_530\/foto-infoeducatie-2026-a-inceput-la-focsani\/article\/mediaPool\/u6Wk2yK.jpg\" alt><\/a><\/div>\n<div class=\"item imagine-carusel \"><a href class=\"openGallery\"><img decoding=\"async\" class=\"img-responsive\" src=\"https:\/\/zdvi.cname.ro\/850_530\/foto-infoeducatie-2026-a-inceput-la-focsani\/article\/mediaPool\/uXVdjW2.jpg\" alt><\/a><\/div>\n<div class=\"item imagine-carusel \"><a href class=\"openGallery\"><img decoding=\"async\" class=\"img-responsive\" src=\"https:\/\/zdvi.cname.ro\/850_530\/foto-infoeducatie-2026-a-inceput-la-focsani\/article\/mediaPool\/umDbDjl.jpg\" alt><\/a><\/div>\n<div class=\"item imagine-carusel \"><a href class=\"openGallery\"><img decoding=\"async\" class=\"img-responsive\" src=\"https:\/\/zdvi.cname.ro\/850_530\/foto-infoeducatie-2026-a-inceput-la-focsani\/article\/mediaPool\/uz8tZGD.jpg\" alt><\/a><\/div>\n<div class=\"item imagine-carusel \"><a href class=\"openGallery\"><img decoding=\"async\" class=\"img-responsive\" src=\"https:\/\/zdvi.cname.ro\/850_530\/foto-infoeducatie-2026-a-inceput-la-focsani\/article\/mediaPool\/ue0op4V.jpg\" alt><\/a><\/div>\n<div class=\"item imagine-carusel \"><a href class=\"openGallery\"><img decoding=\"async\" class=\"img-responsive\" src=\"https:\/\/zdvi.cname.ro\/850_530\/foto-infoeducatie-2026-a-inceput-la-focsani\/article\/mediaPool\/uDtwRre.jpg\" alt><\/a><\/div>\n<\/div>\n<\/div>\n<div id=\"carousel-poze-mici\" class=\"carousel slide carusel-mici\" data-ride=\"carousel\" data-interval=\"0\">\n<div class=\"carousel-inner\" role=\"listbox\">\n<div class=\"item active\">\n<ul class=\"navigare-carusel-imagini\">\n<li data-target=\"#carousel-poza-mare\" data-slide-to=\"0\"><img decoding=\"async\" class=\"img-responsive\" src=\"https:\/\/zdvi.cname.ro\/_90\/foto-infoeducatie-2026-a-inceput-la-focsani\/article\/mediaPool\/u2uQ6E6.jpg\" alt><\/li>\n<li data-target=\"#carousel-poza-mare\" data-slide-to=\"1\"><img decoding=\"async\" class=\"img-responsive\" src=\"https:\/\/zdvi.cname.ro\/_90\/foto-infoeducatie-2026-a-inceput-la-focsani\/article\/mediaPool\/uIiRq4y.jpg\" alt><\/li>\n<li data-target=\"#carousel-poza-mare\" data-slide-to=\"2\"><img decoding=\"async\" class=\"img-responsive\" src=\"https:\/\/zdvi.cname.ro\/_90\/foto-infoeducatie-2026-a-inceput-la-focsani\/article\/mediaPool\/uB1tvrR.jpg\" alt><\/li>\n<li data-target=\"#carousel-poza-mare\" data-slide-to=\"3\"><img decoding=\"async\" class=\"img-responsive\" src=\"https:\/\/zdvi.cname.ro\/_90\/foto-infoeducatie-2026-a-inceput-la-focsani\/article\/mediaPool\/uQr6CO9.jpg\" alt><\/li>\n<li data-target=\"#carousel-poza-mare\" data-slide-to=\"4\"><img decoding=\"async\" class=\"img-responsive\" src=\"https:\/\/zdvi.cname.ro\/_90\/foto-infoeducatie-2026-a-inceput-la-focsani\/article\/mediaPool\/u9GSNbs.jpg\" alt><\/li>\n<\/ul>\n<\/div>\n<div class=\"item \">\n<ul class=\"navigare-carusel-imagini\">\n<li data-target=\"#carousel-poza-mare\" data-slide-to=\"5\"><img decoding=\"async\" class=\"img-responsive\" src=\"https:\/\/zdvi.cname.ro\/_90\/foto-infoeducatie-2026-a-inceput-la-focsani\/article\/mediaPool\/u6Wk2yK.jpg\" alt><\/li>\n<li data-target=\"#carousel-poza-mare\" data-slide-to=\"6\"><img decoding=\"async\" class=\"img-responsive\" src=\"https:\/\/zdvi.cname.ro\/_90\/foto-infoeducatie-2026-a-inceput-la-focsani\/article\/mediaPool\/uXVdjW2.jpg\" alt><\/li>\n<li data-target=\"#carousel-poza-mare\" data-slide-to=\"7\"><img decoding=\"async\" class=\"img-responsive\" src=\"https:\/\/zdvi.cname.ro\/_90\/foto-infoeducatie-2026-a-inceput-la-focsani\/article\/mediaPool\/umDbDjl.jpg\" alt><\/li>\n<li data-target=\"#carousel-poza-mare\" data-slide-to=\"8\"><img decoding=\"async\" class=\"img-responsive\" src=\"https:\/\/zdvi.cname.ro\/_90\/foto-infoeducatie-2026-a-inceput-la-focsani\/article\/mediaPool\/uz8tZGD.jpg\" alt><\/li>\n<li data-target=\"#carousel-poza-mare\" data-slide-to=\"9\"><img decoding=\"async\" class=\"img-responsive\" src=\"https:\/\/zdvi.cname.ro\/_90\/foto-infoeducatie-2026-a-inceput-la-focsani\/article\/mediaPool\/ue0op4V.jpg\" alt><\/li>\n<\/ul>\n<\/div>\n<div class=\"item \">\n<ul class=\"navigare-carusel-imagini\">\n<li data-target=\"#carousel-poza-mare\" data-slide-to=\"10\"><img decoding=\"async\" class=\"img-responsive\" src=\"https:\/\/zdvi.cname.ro\/_90\/foto-infoeducatie-2026-a-inceput-la-focsani\/article\/mediaPool\/uDtwRre.jpg\" alt><\/li>\n<\/ul>\n<\/div>\n<\/div>\n<p><a class=\"control left\" href=\"https:\/\/ziaruldevrancea.ro\/special\/educatie\/foto-infoeducatie-2026-a-inceput-la-focsani#carousel-poze-mici\" role=\"button\" data-slide=\"prev\"><span class=\"sr-only\">Previous<\/span><\/a><a class=\"control right\" href=\"https:\/\/ziaruldevrancea.ro\/special\/educatie\/foto-infoeducatie-2026-a-inceput-la-focsani#carousel-poze-mici\" role=\"button\" data-slide=\"next\"><span class=\"sr-only\">Next<\/span><\/a><\/div>\n<\/div>\n<\/div>\n<p><strong>Peste 300 de elevi \u0219i profesori transform\u0103 Vrancea \u00een centrul inova\u021biei digitale din Rom\u00e2nia.<\/strong><\/p>\n<p><strong>Vrancea g\u0103zduie\u0219te cea de-a XXXIII-a edi\u021bie a Olimpiadei Na\u021bionale de Inovare \u0219i Creativitate Digital\u0103, competi\u021bie care reune\u0219te tineri pasiona\u021bi de programare, robotic\u0103, inteligen\u021b\u0103 artificial\u0103 \u0219i dezvoltare software din \u00eentreaga \u021bar\u0103<\/strong><\/p>\n<p><strong>Foc\u0219ani.<\/strong> Municipiul Foc\u0219ani a devenit, \u00eencep\u00e2nd de mar\u021bi, 28 iulie 2026, gazda uneia dintre cele mai importante competi\u021bii na\u021bionale dedicate tehnologiei \u0219i creativit\u0103\u021bii digitale. Cea de-a XXXIII-a edi\u021bie a Olimpiadei Na\u021bionale de Inovare \u0219i Creativitate Digital\u0103 <strong>InfoEduca\u021bie<\/strong> a debutat oficial, reunind peste 300 de elevi \u0219i profesori din \u00eentreaga \u021bar\u0103, care vor participa p\u00e2n\u0103 pe 31 iulie la probe \u0219i activit\u0103\u021bi dedicate inov\u0103rii, program\u0103rii, roboticii \u0219i inteligen\u021bei artificiale.<\/p>\n<p>Evenimentul este organizat de Inspectoratul \u0218colar Jude\u021bean Vrancea, cu sprijinul Ministerului Educa\u021biei \u0219i Cercet\u0103rii, iar Consiliul Jude\u021bean Vrancea este \u0219i \u00een acest an principalul partener al competi\u021biei.<\/p>\n<p>InfoEduca\u021bie este una dintre cele mai longevive \u0219i apreciate competi\u021bii \u0219colare din Rom\u00e2nia dedicate domeniului IT, fiind organizat\u0103 \u00eenc\u0103 de la \u00eenceputurile sale \u00een Vrancea. De-a lungul celor peste trei decenii de existen\u021b\u0103, concursul a devenit un reper pentru elevii pasiona\u021bi de tehnologie, mul\u021bi dintre fo\u0219tii participan\u021bi reg\u0103sindu-se ast\u0103zi \u00een companii importante din industria software sau \u00een mediul universitar.<\/p>\n<p>\u00cen cadrul edi\u021biei din acest an, concuren\u021bii \u00ee\u0219i vor prezenta proiectele \u00een mai multe sec\u021biuni, printre care:<\/p>\n<ul>\n<li>software educa\u021bional;<\/li>\n<li>software utilitar;<\/li>\n<li>crea\u021bie web;<\/li>\n<li>crea\u021bie multimedia;<\/li>\n<li>robotic\u0103.<\/li>\n<\/ul>\n<p>Potrivit informa\u021biilor prezentate de Consiliul Jude\u021bean Vrancea, participan\u021bii vor avea parte nu doar de competi\u021bia propriu-zis\u0103, ci \u0219i de un program menit s\u0103 le ofere o imagine asupra jude\u021bului \u0219i a mediului economic local.<\/p>\n<p>Astfel, organizatorii au preg\u0103tit o vizit\u0103 la Mausoleul Eroilor de la M\u0103r\u0103\u0219e\u0219ti, deplas\u0103ri la companiile Micromet \u0219i Electric SRL, unde elevii vor putea vedea aplica\u021bii ale inteligen\u021bei artificiale \u00een industrie, precum \u0219i o demonstra\u021bie cu drone organizat\u0103 la Muzeul Viei \u0219i Vinului, sus\u021binut\u0103 de studen\u021bi ai Universit\u0103\u021bii de Vest din Timi\u0219oara.<\/p>\n<p><strong>Pre\u0219edintele Consiliului Jude\u021bean Vrancea, Nicu\u0219or Halici<\/strong>, a transmis, cu ocazia deschiderii competi\u021biei, un mesaj adresat participan\u021bilor, subliniind importan\u021ba investi\u021biilor \u00een educa\u021bie \u0219i competen\u021be digitale.<\/p>\n<blockquote>\n<p>\u201e<strong>M\u0103 bucur c\u0103 putem sus\u021bine din toat\u0103 inima \u0219i cu toate resursele Concursul InfoEduca\u021bie. Cred cu t\u0103rie c\u0103 investi\u021bia \u00een tineri, \u00een inovare \u0219i \u00een competen\u021bele digitale este una dintre cele mai importante investi\u021bii pe care le putem face pentru viitorul Rom\u00e2niei. Le doresc tuturor participan\u021bilor inspira\u021bie, curaj \u0219i succes! Viitorul apar\u021bine celor care au \u00eendr\u0103zneala s\u0103 transforme ideile \u00een realitate<\/strong>.\u201d<\/p>\n<\/blockquote>\n<p>Fotografiile publicate de organizatori surprind atmosfera din prima zi a competi\u021biei, sala Colegiului Na\u021bional \u201eUnirea\u201d din Foc\u0219ani fiind ocupat\u0103 de sute de elevi, profesori \u0219i invita\u021bi veni\u021bi din toate regiunile \u021b\u0103rii.<\/p>\n<p>Edi\u021bia din acest an confirm\u0103 faptul c\u0103 <strong>InfoEduca\u021bie<\/strong> r\u0103m\u00e2ne unul dintre cele mai importante evenimente educa\u021bionale organizate \u00een jude\u021bul Vrancea, contribuind at\u00e2t la promovarea performan\u021bei \u00een domeniul tehnologiei informa\u021biei, c\u00e2t \u0219i la promovarea jude\u021bului \u00een r\u00e2ndul tinerilor participan\u021bi.<\/p>\n<p>Competi\u021bia se desf\u0103\u0219oar\u0103 \u00een perioada <strong>28\u201331 iulie 2026<\/strong>, iar c\u00e2\u0219tig\u0103torii vor fi desemna\u021bi dup\u0103 evaluarea proiectelor realizate \u00een cadrul sec\u021biunilor dedicate inov\u0103rii \u0219i crea\u021biei digitale.<\/p>\n<p><strong>Maria Bratu<\/strong><\/p>\n<hr>\n<div class=\"bloc-widget widget-rosu\">\n<p>\u00cen lipsa unui acord scris din partea Ziarului de Vrancea, pute\u0163i prelua maxim 500 de caractere din acest articol dac\u0103 preciza\u0163i sursa \u015fi insera\u0163i vizibil link-ul articolului:\u00a0<span>#insertcurrentlinkhere<\/span><\/p>\n<\/div>\n<div class=\"extra-articol listing-anunturi\">\n<h6>Anun\u021buri <span class=\"text-primary\">ZdV<\/span> Premium<\/h6>\n<div class=\"row\">\n<div class=\"col-lg-4 col-md-6 bloc-egal\"><a class=\"card-anunt\" href=\"https:\/\/ziaruldevrancea.ro\/anunturi\/imobiliare\/vanzari-terenuri\/vand-teren-in-panciu\"><strong class=\"titlu\">V\u00e2nz\u0103ri terenuri<\/strong><span class=\"text-anunt\">Teren Panciu 1170 mp, cu num\u0103r cas\u0103, ap\u0103&#8230;<\/span><span class=\"data-anunt\">29.07.2026  <\/span><\/a><\/div>\n<div class=\"col-lg-4 col-md-6 bloc-egal\"><a class=\"card-anunt\" href=\"https:\/\/ziaruldevrancea.ro\/anunturi\/altele\/anulare-acte\/vand-scrumbii-afumate-capturi-dunare\"><strong class=\"titlu\">Vanzari diverse<\/strong><span class=\"text-anunt\">Pret : 117 lei \/ kg . \u00a0 Este&#8230;<\/span><span class=\"data-anunt\">29.07.2026 , Gala\u021bi , Gala\u021bi<\/span><\/a><\/div>\n<div class=\"col-lg-4 col-md-6 bloc-egal\"><a class=\"card-anunt\" href=\"https:\/\/ziaruldevrancea.ro\/anunturi\/necrolog\/decese\/dumnezeu-sa-o-aseze-in-randul-celor-drepti\"><strong class=\"titlu\">Decese<\/strong><span class=\"text-anunt\">Cu profund\u0103 durere, familia anun\u021b\u0103 trecerea la&#8230;<\/span><span class=\"data-anunt\">28.07.2026  <\/span><\/a><\/div>\n<\/div>\n<\/div>\n<div class=\"extra-articol alte-articole\">\n<div class=\"row\">\n<div class=\"col-lg-6 bloc-egal\">\n<div class=\"card articol-listing\">\n<h6>\u00cen categoria <a href=\"https:\/\/ziaruldevrancea.ro\/special\/educatie\">Educa\u021bie<\/a><\/h6>\n<div class=\"grup-articol-listing\">\n<div class=\"cont-pils\"><a href=\"https:\/\/ziaruldevrancea.ro\/special\/educatie\/titularizare-2026-in-vrancea-au-fost-publicate-primele-rezultate.-candidatii-pot-depune-contestatii-pana-pe-29-iulie\"><img decoding=\"async\" src=\"https:\/\/zdvi.cname.ro\/180_135\/special\/educatie\/titularizare-2026-in-vrancea-au-fost-publicate-primele-rezultate.-candidatii-pot-depune-contestatii-pana-pe-29-iulie\/mediaPool\/us2m6oB.jpg\" class=\"img-responsive img-180\" alt><\/a><\/div>\n<h2><a class=\"link-titlu\" href=\"https:\/\/ziaruldevrancea.ro\/special\/educatie\/titularizare-2026-in-vrancea-au-fost-publicate-primele-rezultate.-candidatii-pot-depune-contestatii-pana-pe-29-iulie\">Titularizare 2026 \u00een Vrancea: au fost publicate primele rezultate. Candida\u021bii pot depune contesta\u021bii p\u00e2n\u0103 pe 29 iulie<\/a><\/h2>\n<div class=\"date-post\"><a href=\"https:\/\/ziaruldevrancea.ro\/autor\/maria-bratu\">Maria BRATU<\/a>, 29 iul 2026  <\/div>\n<\/div>\n<div class=\"grup-articol-listing\">\n<div class=\"cont-pils\"><a href=\"https:\/\/ziaruldevrancea.ro\/special\/educatie\/inca-o-echipa-de-elevi-ai-colegiului-national-unirea-din-focsani-pe-podium-la-festivalul-international-boovie-2026\"><img decoding=\"async\" src=\"https:\/\/zdvi.cname.ro\/180_135\/special\/educatie\/inca-o-echipa-de-elevi-ai-colegiului-national-unirea-din-focsani-pe-podium-la-festivalul-international-boovie-2026\/mediaPool\/utlFpD9.jpg\" class=\"img-responsive img-180\" alt><\/a><\/div>\n<h2><a class=\"link-titlu\" href=\"https:\/\/ziaruldevrancea.ro\/special\/educatie\/inca-o-echipa-de-elevi-ai-colegiului-national-unirea-din-focsani-pe-podium-la-festivalul-international-boovie-2026\">\u00cenc\u0103 o echip\u0103 de elevi ai Colegiului Na\u021bional \u201eUnirea\u201d din Foc\u0219ani pe podium la Festivalul Interna\u021bional Boovie 2026<\/a><\/h2>\n<div class=\"date-post\"><a href=\"https:\/\/ziaruldevrancea.ro\/autor\/anca-vasiliu\">Anca Vasiliu<\/a>, 29 iul 2026  <\/div>\n<\/div>\n<div class=\"grup-articol-listing\">\n<div class=\"cont-pils\"><a href=\"https:\/\/ziaruldevrancea.ro\/special\/educatie\/astazi-despre-fondatorul-unor-ramuri-noi-ale-chimiei-academicianul-costin-d.-nenitescu\"><img decoding=\"async\" src=\"https:\/\/zdvi.cname.ro\/180_135\/special\/educatie\/astazi-despre-fondatorul-unor-ramuri-noi-ale-chimiei-academicianul-costin-d.-nenitescu\/mediaPool\/uRJvAjd.jpg\" class=\"img-responsive img-180\" alt><\/a><\/div>\n<h2><a class=\"link-titlu\" href=\"https:\/\/ziaruldevrancea.ro\/special\/educatie\/astazi-despre-fondatorul-unor-ramuri-noi-ale-chimiei-academicianul-costin-d.-nenitescu\">Ast\u0103zi despre fondatorul unor ramuri noi ale chimiei: Academicianul Costin D. Neni\u021bescu. La 26 de ani a publicat prima edi\u021bie din cele dou\u0103 tratate \u201eChimie organic\u0103\u201d \u0219i \u201eChimie general\u0103\u201d dup\u0103 care peste 40 de genera\u021bii au \u00eenv\u0103\u021bat \u0219i \u00eenc\u0103 \u00eenva\u021b\u0103 <\/a><\/h2>\n<div class=\"date-post\"><a href=\"https:\/\/ziaruldevrancea.ro\/autor\/rodica-condurache\">Rodica Condurache<\/a>, 29 iul 2026  <\/div>\n<\/div>\n<\/div>\n<\/div>\n<div class=\"col-lg-6 bloc-egal\">\n<div class=\"card articol-listing\">\n<h6>De acela\u0219i <a href=\"https:\/\/ziaruldevrancea.ro\/autor\/maria-bratu\/\">autor<\/a><\/h6>\n<div class=\"grup-articol-listing\">\n<div class=\"cont-pils\"><a href=\"https:\/\/ziaruldevrancea.ro\/special\/educatie\/infoeducatie-2026-incepe-la-focsani.-consiliul-judetean-vrancea-ramane-partener-al-competitiei-nationale\"><img decoding=\"async\" src=\"https:\/\/zdvi.cname.ro\/180_135\/special\/educatie\/infoeducatie-2026-incepe-la-focsani.-consiliul-judetean-vrancea-ramane-partener-al-competitiei-nationale\/mediaPool\/uHLcanJ.jpeg\" class=\"img-responsive img-180\" alt><\/a><\/div>\n<h2><a class=\"link-titlu\" href=\"https:\/\/ziaruldevrancea.ro\/special\/educatie\/infoeducatie-2026-incepe-la-focsani.-consiliul-judetean-vrancea-ramane-partener-al-competitiei-nationale\">InfoEduca\u021bie 2026 \u00eencepe la Foc\u0219ani. Consiliul Jude\u021bean Vrancea r\u0103m\u00e2ne partener al competi\u021biei na\u021bionale<\/a><\/h2>\n<div class=\"date-post\"><a href=\"https:\/\/ziaruldevrancea.ro\/autor\/maria-bratu\">Maria BRATU<\/a>, 28 iul 2026  <\/div>\n<\/div>\n<div class=\"grup-articol-listing\">\n<div class=\"cont-pils\"><a href=\"https:\/\/ziaruldevrancea.ro\/special\/educatie\/elevii-colegiului-national-unirea-focsani-dublu-premiati-la-boovie-2026\"><img decoding=\"async\" src=\"https:\/\/zdvi.cname.ro\/180_135\/special\/educatie\/elevii-colegiului-national-unirea-focsani-dublu-premiati-la-boovie-2026\/mediaPool\/ut1PwJv.jpeg\" class=\"img-responsive img-180\" alt><\/a><\/div>\n<h2><a class=\"link-titlu\" href=\"https:\/\/ziaruldevrancea.ro\/special\/educatie\/elevii-colegiului-national-unirea-focsani-dublu-premiati-la-boovie-2026\">Elevii Colegiului Na\u021bional \u201eUnirea\u201d Foc\u0219ani, dublu premia\u021bi la Boovie 2026<\/a><\/h2>\n<div class=\"date-post\"><a href=\"https:\/\/ziaruldevrancea.ro\/autor\/maria-bratu\">Maria BRATU<\/a>, 27 iul 2026  <\/div>\n<\/div>\n<div class=\"grup-articol-listing\">\n<div class=\"cont-pils\"><a href=\"https:\/\/ziaruldevrancea.ro\/special\/educatie\/concurs-pentru-directorii-de-scoli-2026-cand-se-scot-posturile-la-concurs-si-care-sunt-etapele.-ce-trebuie-sa-stie-profesorii-din-vrancea\"><img decoding=\"async\" src=\"https:\/\/zdvi.cname.ro\/180_135\/special\/educatie\/concurs-pentru-directorii-de-scoli-2026-cand-se-scot-posturile-la-concurs-si-care-sunt-etapele.-ce-trebuie-sa-stie-profesorii-din-vrancea\/mediaPool\/uA55q32.jpg\" class=\"img-responsive img-180\" alt><\/a><\/div>\n<h2><a class=\"link-titlu\" href=\"https:\/\/ziaruldevrancea.ro\/special\/educatie\/concurs-pentru-directorii-de-scoli-2026-cand-se-scot-posturile-la-concurs-si-care-sunt-etapele.-ce-trebuie-sa-stie-profesorii-din-vrancea\">Concurs pentru directorii de \u0219coli 2026: c\u00e2nd se scot posturile la concurs \u0219i care sunt etapele. Ce trebuie s\u0103 \u0219tie profesorii din Vrancea<\/a><\/h2>\n<div class=\"date-post\"><a href=\"https:\/\/ziaruldevrancea.ro\/autor\/maria-bratu\">Maria BRATU<\/a>, 25 iul 2026  <\/div>\n<\/div>\n<\/div>\n<\/div>\n<\/div>\n<\/div>\n<div class=\"extra-articol listing-anunturi\">\n<h6>Anun\u021buri <span class=\"text-primary\">ZdV<\/span> Premium<\/h6>\n<div class=\"row\">\n<div class=\"col-lg-4 col-md-6 bloc-egal\"><a class=\"card-anunt\" href=\"https:\/\/ziaruldevrancea.ro\/anunturi\/imobiliare\/vanzari-case\/vand-casa-si-teren-in-panciu-anunt-72818\"><strong class=\"titlu\">V\u00e2nz\u0103ri case<\/strong><span class=\"text-anunt\">V\u00e2nd cas\u0103 cu 2 camere, buc\u0103t\u0103rie, baie,&#8230;<\/span><span class=\"data-anunt\">23.07.2026  <\/span><\/a><\/div>\n<div class=\"col-lg-4 col-md-6 bloc-egal\"><a class=\"card-anunt\" href=\"https:\/\/ziaruldevrancea.ro\/anunturi\/angajari\/cereri-angajari\/doresc-angajare-anunt-72815\"><strong class=\"titlu\">Cereri<\/strong><span class=\"text-anunt\">Doresc s\u0103 am grij\u0103 de un copil de gradini\u021b\u0103&#8230;<\/span><span class=\"data-anunt\">21.07.2026  <\/span><\/a><\/div>\n<div class=\"col-lg-4 col-md-6 bloc-egal\"><a class=\"card-anunt\" href=\"https:\/\/ziaruldevrancea.ro\/anunturi\/inchirieri\/locuinte-oferte\/primesc-in-gazda-anunt-72816\"><strong class=\"titlu\">Locuin\u021be oferte<\/strong><span class=\"text-anunt\">\u00a0Primesc \u00een gazd\u0103 la cas\u0103.<\/p>\n<p>Tel&#8230;.<\/span><span class=\"data-anunt\">21.07.2026  <\/span><\/a><\/div>\n<\/div>\n<\/div>\n<div class=\"bloc-widget widget-albastru\">\n    Ziarul de Vrancea \u00a0nu este responsabil juridic pentru con\u0163inutul textelor din comentariile de mai jos. Responsabilitatea pentru mesajele dumneavoastra v\u0103 revine \u00een exclusivitate.\n<\/div>\n<div class=\"comentarii-articol\" id=\"comentarii\">\n<h3>Comentarii: <span class=\"text-primary\">0<\/span><\/h3>\n<p><a href=\"https:\/\/ziaruldevrancea.ro\/special\/educatie\/foto-infoeducatie-2026-a-inceput-la-focsani\" class=\"btn btn-success btn-adauga-com\" data-toggle=\"modal\" data-parent=\"0\" data-target=\"#commentModal\">Adaug\u0103 comentariu<\/a><\/p>\n<div class=\"loadMask comments-mask\"><img decoding=\"async\" src=\"https:\/\/zdvs.cname.ro\/images\/loader_40.gif\"><\/div>\n<div class=\"comenteaza-jos\">Trebuie s\u0103 fii <a href=\"https:\/\/ziaruldevrancea.ro\/account\">autentificat<\/a> pentru a putea <a href=\"https:\/\/ziaruldevrancea.ro\/special\/educatie\/foto-infoeducatie-2026-a-inceput-la-focsani\" class data-toggle=\"modal\" data-parent=\"0\" data-target=\"#commentModal\">posta un comentariu<\/a>.<\/div>\n<\/div>\n<div class=\"modal fade\" id=\"commentModal\" role=\"dialog\" aria-labelledby=\"commentModalLabel\">\n<div class=\"modal-dialog modal-lg\" role=\"document\">\n<div class=\"modal-content\">\n<div class=\"modal-header\">\n<h3 class=\"modal-title\" id=\"commentModalLabel\">Comenteaz\u0103<\/h3>\n<\/div>\n<div class=\"modal-body\">\n<div class=\"tabel tabel-full\">\n<div class=\"celula\">\n              Trebuie s\u0103 fii <a href=\"https:\/\/ziaruldevrancea.ro\/account\">autentificat<\/a> pentru a putea posta un comentariu.\n            <\/div>\n<\/div>\n<\/div>\n<div class=\"modal-footer\">\n<div id=\"commentPending\" class=\"formPending pull-left\"><img decoding=\"async\" src=\"https:\/\/zdvs.cname.ro\/images\/loader_40.gif\"> In curs de procesare&#8230;<\/div>\n<p><a href=\"https:\/\/ziaruldevrancea.ro\/special\/educatie\/foto-infoeducatie-2026-a-inceput-la-focsani\" class=\"btn btn-default\" data-dismiss=\"modal\">Anuleaz\u0103<\/a><\/div>\n<\/div>\n<\/div>\n<\/div>\n<div class=\"modal fade\" id=\"commentReportModal\" role=\"dialog\" aria-labelledby=\"commentReportModalLabel\">\n<div class=\"modal-dialog modal-lg\" role=\"document\">\n<div class=\"modal-content\">\n<div class=\"modal-header\">\n<h3 class=\"modal-title\" id=\"commentReportModalLabel\">Raporteaza comentariu<\/h3>\n<\/div>\n<div class=\"modal-body\">\n<div class=\"tabel tabel-full\">\n<div class=\"celula\">\n              Trebuie s\u0103 fii <a href=\"https:\/\/ziaruldevrancea.ro\/account\">autentificat<\/a> pentru a putea raporta un comentariu.\n            <\/div>\n<\/div>\n<\/div>\n<div class=\"modal-footer\">\n<div id=\"commentReportPending\" class=\"formPending pull-left\"><img decoding=\"async\" src=\"https:\/\/zdvs.cname.ro\/images\/loader_40.gif\"> In curs de procesare&#8230;<\/div>\n<p><a href=\"https:\/\/ziaruldevrancea.ro\/special\/educatie\/foto-infoeducatie-2026-a-inceput-la-focsani\" class=\"btn btn-default\" data-dismiss=\"modal\">Anuleaz\u0103<\/a><\/div>\n<\/div>\n<\/div>\n<\/div>\n<div class=\"modal fade\" id=\"commentLikeModal\" role=\"dialog\" aria-labelledby=\"commentLikeModalLabel\">\n<div class=\"modal-dialog modal-lg\" role=\"document\">\n<div class=\"modal-content\">\n<div class=\"modal-header\">\n<h3 class=\"modal-title\" id=\"commentReportModalLabel\">Apreciaza comentariu<\/h3>\n<\/div>\n<div class=\"modal-body\">\n<div class=\"tabel tabel-full\">\n<div class=\"celula\">\n            Trebuie s\u0103 fii <a href=\"https:\/\/ziaruldevrancea.ro\/account\">autentificat<\/a> pentru a putea aprecia un comentariu.\n          <\/div>\n<\/div>\n<\/div>\n<div class=\"modal-footer\"><a href=\"https:\/\/ziaruldevrancea.ro\/special\/educatie\/foto-infoeducatie-2026-a-inceput-la-focsani\" class=\"btn btn-default\" data-dismiss=\"modal\">Anuleaz\u0103<\/a><\/div>\n<\/div>\n<\/div>\n<\/div>\n<div class=\"bloc-widget widget-rosu\"><span><small>Ziarul de Vrancea doreste ca acest site sa fie un spatiu al discutiilor civilizate, al comentariilor de bun simt. Din acest motiv, cei care posteaza comentarii la articole trebuie sa respecte urmatoarele reguli:<br \/>\n1. Sa se refere doar la articolul la care posteaza comentarii.<br \/>\n2. Sa foloseasca un limbaj civilizat, fara injurii, calomnii, comentarii antisemite, xenofobe sau rasiste.<br \/>\n3. Sunt interzise atacurile la adresa autorilor, daca acestea nu au legatura cu textul.<br \/>\n4. Username-ul sa nu fie nume de personalitati ale vietii publice sau parodieri ale acestora.<br \/>\nAutorul unui articol poate fi criticat pentru eventuale greseli, incoerenta, lipsa de documentare etc.<br \/>\nNerespectarea regulilor mentionate mai sus va duce la stergerea comentariilor, fara avertisment si fara explicatii.<br \/>\nAbaterile repetate vor avea drept consecinta interdictia accesului la aceasta facilitate a site-ului.<\/small><\/span><\/div>\n<\/div>\n<p>[analyse_source url=&#8221;https:\/\/ziaruldevrancea.ro\/special\/educatie\/foto-infoeducatie-2026-a-inceput-la-focsani&#8221;]<\/p>\n","protected":false},"excerpt":{"rendered":"<p>[analyse_image type=&#8221;featured&#8221; src=&#8221;https:\/\/zdvi.cname.ro\/_\/foto-infoeducatie-2026-a-inceput-la-focsani\/mediaPool\/u2uQ6E6.jpg&#8221;] Educa\u021bie Foto | InfoEduca\u021bie 2026 a \u00eenceput la Foc\u0219ani Distribuie: \u00a0 | Maria BRATU 28 iul 2026415 vizualiz\u0103ri PreviousNext Peste 300 de elevi \u0219i profesori transform\u0103 Vrancea \u00een centrul inova\u021biei digitale din Rom\u00e2nia. Vrancea g\u0103zduie\u0219te cea de-a XXXIII-a edi\u021bie a Olimpiadei Na\u021bionale de Inovare \u0219i Creativitate Digital\u0103, competi\u021bie care reune\u0219te tineri pasiona\u021bi [&hellip;]<\/p>\n","protected":false},"author":1,"featured_media":0,"comment_status":"open","ping_status":"","sticky":false,"template":"","format":"standard","meta":{"footnotes":""},"categories":[89],"tags":[226,208],"class_list":["post-2070116","post","type-post","status-publish","format-standard","hentry","category-romania","tag-crawlmanager","tag-ziaruldevrancea-ro"],"_links":{"self":[{"href":"https:\/\/analyse.optim.biz\/index.php?rest_route=\/wp\/v2\/posts\/2070116","targetHints":{"allow":["GET"]}}],"collection":[{"href":"https:\/\/analyse.optim.biz\/index.php?rest_route=\/wp\/v2\/posts"}],"about":[{"href":"https:\/\/analyse.optim.biz\/index.php?rest_route=\/wp\/v2\/types\/post"}],"author":[{"embeddable":true,"href":"https:\/\/analyse.optim.biz\/index.php?rest_route=\/wp\/v2\/users\/1"}],"replies":[{"embeddable":true,"href":"https:\/\/analyse.optim.biz\/index.php?rest_route=%2Fwp%2Fv2%2Fcomments&post=2070116"}],"version-history":[{"count":0,"href":"https:\/\/analyse.optim.biz\/index.php?rest_route=\/wp\/v2\/posts\/2070116\/revisions"}],"wp:attachment":[{"href":"https:\/\/analyse.optim.biz\/index.php?rest_route=%2Fwp%2Fv2%2Fmedia&parent=2070116"}],"wp:term":[{"taxonomy":"category","embeddable":true,"href":"https:\/\/analyse.optim.biz\/index.php?rest_route=%2Fwp%2Fv2%2Fcategories&post=2070116"},{"taxonomy":"post_tag","embeddable":true,"href":"https:\/\/analyse.optim.biz\/index.php?rest_route=%2Fwp%2Fv2%2Ftags&post=2070116"}],"curies":[{"name":"wp","href":"https:\/\/api.w.org\/{rel}","templated":true}]}}