{"id":2070115,"date":"2026-07-30T00:00:00","date_gmt":"2026-07-29T21:00:00","guid":{"rendered":"https:\/\/analyse.optim.biz\/?p=2070115"},"modified":"2026-07-30T00:00:00","modified_gmt":"2026-07-29T21:00:00","slug":"administrarea-asociatiilor-de-proprietari-din-adjud-in-centrul-unei-dispute-sesizare-transmisa-ziarului-de-vrancea","status":"publish","type":"post","link":"https:\/\/analyse.optim.biz\/?p=2070115","title":{"rendered":"Administrarea asocia\u021biilor de proprietari din Adjud, \u00een centrul unei dispute. Sesizare transmis\u0103 Ziarului de Vrancea"},"content":{"rendered":"<p>[analyse_image type=&#8221;featured&#8221; src=&#8221;https:\/\/zdvi.cname.ro\/_\/administrarea-asociatiilor-de-proprietari-din-adjud-in-centrul-unei-dispute.-sesizare-transmisa-ziarului-de-vrancea\/mediaPool\/uMls7Ni.jpg&#8221;]<\/p>\n<div class=\"main-content detaliu-articol\"><a class=\"titlu-cat-list\" href=\"https:\/\/ziaruldevrancea.ro\/jurnalism-cetatenesc\">Jurnalism cetatenesc<\/a><\/p>\n<h1>Administrarea asocia\u021biilor de proprietari din Adjud, \u00een centrul unei dispute. Sesizare transmis\u0103 Ziarului de Vrancea<\/h1>\n<div class=\"date-articol clearfix\">\n<div class=\"distribuie-articol dropdown\">\n    Distribuie: \u00a0<br \/>\n    <em>|<\/em><\/div>\n<div class=\"autor-articol\"><a href=\"https:\/\/ziaruldevrancea.ro\/autor\/radu-tomescu\/\"><img decoding=\"async\" class=\"img-circle\" src=\"https:\/\/zdvi.cname.ro\/50_50\/articleAuthor\/radu-tomescu\/articleAuthor\/ucx2Ggg.PNG\" alt><\/a><\/p>\n<h5><a href=\"https:\/\/ziaruldevrancea.ro\/autor\/radu-tomescu\/\">Radu Tomescu<\/a><\/h5>\n<div class=\"grup-spatiere\"><span class=\"cu-spatiere\">30 iul 2026<\/span><span class=\"cu-spatiere\">814 vizualiz\u0103ri<\/span><\/div>\n<\/div>\n<\/div>\n<div class=\"poza-mare\"><a href class=\"openGallery\"><img decoding=\"async\" class=\"img-responsive\" src=\"https:\/\/zdvi.cname.ro\/850_530\/administrarea-asociatiilor-de-proprietari-din-adjud-in-centrul-unei-dispute.-sesizare-transmisa-ziarului-de-vrancea\/article\/mediaPool\/uMls7Ni.jpg\" alt=\"Foto:administrarebucuresti.ro\"><\/a><\/p>\n<div class=\"caption-poza\">Foto:administrarebucuresti.ro<\/div>\n<\/div>\n<p><strong>O sesizare transmis\u0103 Ziarului de Vrancea de reprezentantul unei firme de administrare a condominiilor acuz\u0103 posibile ingerin\u021be \u00een activitatea operatorilor economici \u0219i solicit\u0103 verific\u0103ri din partea autorit\u0103\u021bilor. Prim\u0103ria Adjud a transmis, la r\u00e2ndul s\u0103u, un punct de vedere \u00een care respinge acuza\u021biile \u0219i sus\u021bine c\u0103 ac\u021bioneaz\u0103 \u00een limitele competen\u021belor prev\u0103zute de Legea nr. 196\/2018.<\/strong><\/p>\n<p><img decoding=\"async\" alt src=\"https:\/\/zdvi.cname.ro\/_\/mediaPool-file\/mediaPool\/uVyfBVd.jpg\"><\/p>\n<p><strong>Foto:confort-imobile.ro<\/strong><\/p>\n<p>O disput\u0103 privind modul \u00een care sunt administrate rela\u021biile dintre autoritatea local\u0103 \u0219i asocia\u021biile de proprietari din municipiul Adjud a ajuns \u00een aten\u021bia redac\u021biei <strong>Ziarul de Vrancea<\/strong>, dup\u0103 ce societatea <strong>Asocia\u021bii UNU Adjud SRL<\/strong>, prin consilierul juridic Antonia Colniceanu, a transmis o sesizare \u00een care reclam\u0103 ceea ce consider\u0103 a fi interven\u021bii nejustificate ale unui func\u021bionar din cadrul Prim\u0103riei Adjud \u00een activitatea firmei \u0219i \u00een raporturile acesteia cu asocia\u021biile de proprietari.<\/p>\n<p>\u00cen documentul remis redac\u021biei, reprezentan\u021bii societ\u0103\u021bii sus\u021bin c\u0103 func\u021bionarul responsabil cu \u00eendrumarea \u0219i sprijinirea asocia\u021biilor de proprietari \u0219i-ar dep\u0103\u0219i atribu\u021biile prev\u0103zute de <strong>Legea nr. 196\/2018 privind \u00eenfiin\u021barea, organizarea \u0219i func\u021bionarea asocia\u021biilor de proprietari \u0219i administrarea condominiilor<\/strong>.<\/p>\n<p><strong>Ce reclam\u0103 societatea comercial\u0103<\/strong><\/p>\n<p>Potrivit sesiz\u0103rii, firma afirm\u0103 c\u0103:<\/p>\n<ul>\n<li>func\u021bionarul ar lipsi frecvent din timpul programului de lucru, f\u0103r\u0103 justific\u0103ri cunoscute;<\/li>\n<li>ar recomanda \u00een mod constant un anumit administrator c\u0103tre pre\u0219edin\u021bii \u0219i proprietarii din cadrul asocia\u021biilor;<\/li>\n<li>persoana recomandat\u0103 ar desf\u0103\u0219ura activit\u0103\u021bi de administrare f\u0103r\u0103 \u00eendeplinirea tuturor condi\u021biilor prev\u0103zute de Legea nr. 196\/2018, aspect despre care societatea solicit\u0103 verific\u0103ri din partea institu\u021biilor competente;<\/li>\n<li>func\u021bionarul s-ar fi prezentat \u00een repetate r\u00e2nduri la sediul societ\u0103\u021bii \u0219i ar fi formulat acuza\u021bii privind legalitatea activit\u0103\u021bii acesteia;<\/li>\n<li>Prim\u0103ria ar solicita contractele de administrare \u00eencheiate cu asocia\u021biile de proprietari, solicit\u0103ri pe care firma le consider\u0103 ca dep\u0103\u0219ind competen\u021bele compartimentului de \u00eendrumare \u0219i sprijin.<\/li>\n<\/ul>\n<p>De asemenea, societatea face referire la <strong>dosarul nr. 2506\/173\/2026<\/strong>, prin care UAT Municipiul Adjud solicit\u0103 dizolvarea personalit\u0103\u021bii juridice a Asocia\u021biei de Proprietari nr. 8, apreciind c\u0103 exist\u0103 \u00eentreb\u0103ri privind temeiul juridic al ac\u021biunii \u0219i oportunitatea utiliz\u0103rii fondurilor publice pentru promovarea unui astfel de litigiu.<\/p>\n<p>\u00cen finalul sesiz\u0103rii, reprezentan\u021bii societ\u0103\u021bii solicit\u0103 verificarea impar\u021bial\u0103 a tuturor aspectelor semnalate \u0219i precizeaz\u0103 c\u0103 demersul urm\u0103re\u0219te informarea opiniei publice \u0219i clarificarea situa\u021biei.<\/p>\n<p><strong>Prim\u0103ria Adjud: \u201eNe-am exercitat atribu\u021biile prev\u0103zute de lege\u201d<\/strong><\/p>\n<p>Ulterior transmiterii sesiz\u0103rii, Prim\u0103ria Municipiului Adjud a \u00eenaintat redac\u021biei <strong>Ziarului de Vrancea<\/strong> un punct de vedere \u00een care respinge acuza\u021biile formulate.<\/p>\n<p>Potrivit administra\u021biei locale, UAT Adjud trateaz\u0103 cu seriozitate toate sesiz\u0103rile primite de la cet\u0103\u021beni privind activitatea asocia\u021biilor de proprietari \u0219i exercit\u0103 atribu\u021biile prev\u0103zute la articolul 10 din Legea nr. 196\/2018.<\/p>\n<p>Reprezentan\u021bii Prim\u0103riei sus\u021bin c\u0103:<\/p>\n<ul>\n<li>compartimentul de specialitate a solicitat \u00een repetate r\u00e2nduri actualizarea datelor de contact \u0219i transmiterea documentelor necesare din partea administratorului \u0219i a asocia\u021biilor de proprietari;<\/li>\n<li>solicit\u0103rile adresate societ\u0103\u021bii au avut ca scop verificarea respect\u0103rii obliga\u021biilor legale privind activitatea administratorilor de condominii;<\/li>\n<li>administratorii au obliga\u021bia legal\u0103 de a de\u021bine atestat profesional \u0219i poli\u021b\u0103 de r\u0103spundere civil\u0103 profesional\u0103, iar lipsa acestora poate atrage sanc\u021biuni;<\/li>\n<li>institu\u021bia consider\u0103 c\u0103 are dreptul \u0219i obliga\u021bia legal\u0103 de a solicita informa\u021biile necesare pentru exercitarea atribu\u021biilor de control \u0219i \u00eendrumare.<\/li>\n<\/ul>\n<p>Prim\u0103ria precizeaz\u0103 c\u0103 ac\u021biunea privind dizolvarea unei asocia\u021bii de proprietari are la baz\u0103 situa\u021bia \u00een care aceasta nu \u0219i-ar mai \u00eendeplini scopul pentru care a fost constituit\u0103, invoc\u00e2nd interesul public \u0219i dispozi\u021biile legale aplicabile.<\/p>\n<p><strong>Referire la o adres\u0103 a IPJ Vrancea<\/strong><\/p>\n<p>\u00cen punctul de vedere transmis presei, administra\u021bia local\u0103 men\u021bioneaz\u0103 \u0219i existen\u021ba unei adrese primite din partea <strong>Inspectoratului de Poli\u021bie Jude\u021bean Vrancea \u2013 Serviciul de Investigare a Criminalit\u0103\u021bii Economice<\/strong>, prin care Prim\u0103riei i-au fost solicitate informa\u021bii referitoare la situa\u021bia unor asocia\u021bii de proprietari din municipiul Adjud, \u00een cadrul unui dosar penal aflat \u00een instrumentare.<\/p>\n<p>Prim\u0103ria apreciaz\u0103 c\u0103 aceast\u0103 coresponden\u021b\u0103 confirm\u0103 necesitatea colabor\u0103rii dintre autorit\u0103\u021bile publice \u0219i structurile competente \u00een vederea clarific\u0103rii situa\u021biilor semnalate.<\/p>\n<p><strong>Legea stabile\u0219te obliga\u021biile administratorilor<\/strong><\/p>\n<p>\u00cen documentele puse la dispozi\u021bia redac\u021biei sunt invocate \u0219i dispozi\u021biile Legii nr. 196\/2018, care prev\u0103d obliga\u021biile administratorilor de condominii, inclusiv de\u021binerea atestatului profesional, existen\u021ba unei asigur\u0103ri de r\u0103spundere civil\u0103 profesional\u0103 \u0219i respectarea condi\u021biilor privind administrarea fondurilor asocia\u021biilor de proprietari.<\/p>\n<p>Totodat\u0103, legea stabile\u0219te atribu\u021biile autorit\u0103\u021bilor administra\u021biei publice locale \u00een ceea ce prive\u0219te \u00eendrumarea, sprijinirea \u0219i controlul modului de organizare \u0219i func\u021bionare a asocia\u021biilor de proprietari.<\/p>\n<p><strong>Caz aflat \u00een aten\u021bia institu\u021biilor<\/strong><\/p>\n<p>\u00cen acest moment, pozi\u021biile celor dou\u0103 p\u0103r\u021bi sunt divergente.<\/p>\n<p>Societatea comercial\u0103 sus\u021bine c\u0103 activitatea sa este afectat\u0103 de interven\u021bii nejustificate ale unui func\u021bionar public \u0219i solicit\u0103 verific\u0103ri independente, \u00een timp ce Prim\u0103ria Municipiului Adjud afirm\u0103 c\u0103 toate demersurile \u00eentreprinse au avut la baz\u0103 prevederile Legii nr. 196\/2018 \u0219i interesul public privind buna func\u021bionare a asocia\u021biilor de proprietari.<\/p>\n<p>P\u00e2n\u0103 la o eventual\u0103 clarificare din partea institu\u021biilor competente sau a instan\u021belor de judecat\u0103, situa\u021bia r\u0103m\u00e2ne una aflat\u0103 \u00een curs de analiz\u0103, iar <strong>Ziarul de Vrancea<\/strong> va urm\u0103ri evolu\u021bia acestui caz \u0219i va publica \u0219i eventualele puncte de vedere ale celorlalte persoane sau institu\u021bii implicate.<\/p>\n<p><strong>Nicolae Manoliu<\/strong><\/p>\n<p><strong>Citi\u021bi \u0219i:Con\u021binutul integral al sesiz\u0103rii \u0219i pe cel al r\u0103spunsului Prim\u0103riei Municipiului Adjud \u00een leg\u0103tur\u0103 cu acest articol\u00a0<\/strong><\/p>\n<p><strong>Sesizarea trasmis\u0103 redac\u021biei Ziarului de Vrancea:<\/strong><\/p>\n<div>\u201e<em>Subsemnata Colniceanu Antonia, \u00een calitate de consilier juridic al unei societ\u0103\u021bi care desf\u0103\u0219oar\u0103 activit\u0103\u021bi de administrare a condominiilor \u00een municipiul Adjud, respectiv Asocia\u021bii UNU Adjud S. R. L, doresc s\u0103 aduc \u00een aten\u021bia opiniei publice o serie de aspecte pe care le consider deosebit de grave \u0219i care, \u00een opinia noastr\u0103, afecteaz\u0103 at\u00e2t libera concuren\u021b\u0103, c\u00e2t \u0219i buna func\u021bionare a asocia\u021biilor de proprietari.<\/em><\/div>\n<div><em>Consider\u0103m c\u0103 func\u021bionarul public din cadrul UAT Municipiul Adjud responsabil cu \u00eendrumarea \u0219i sprijinirea asocia\u021biilor de proprietari \u00ee\u0219i dep\u0103\u0219e\u0219te atribu\u021biile legale \u0219i intervine \u00een mod nejustificat \u00een activitatea operatorilor economici care desf\u0103\u0219oar\u0103 \u00een mod legal activit\u0103\u021bi de administrare a condominiilor.<\/em><\/div>\n<div><em>\u00cen concret, sus\u021binem c\u0103:<\/em><\/div>\n<div>&#8211;<em> func\u021bionarul lipse\u0219te frecvent din timpul programului de lucru, f\u0103r\u0103 ca, din informa\u021biile de care dispunem, s\u0103 existe ordine de deplasare care s\u0103 justifice absen\u021bele;<\/em><\/div>\n<div><em>&#8211; influen\u021beaz\u0103 opinia pre\u0219edin\u021bilor \u0219i proprietarilor din cadrul asocia\u021biilor de proprietari, recomand\u00e2nd \u00een mod constant un anumit administrator;<\/em><\/div>\n<div><em>&#8211; persoana recomandat\u0103 desf\u0103\u0219oar\u0103, potrivit informa\u021biilor \u0219i documentelor aflate \u00een posesia noastr\u0103, activit\u0103\u021bi de administrare f\u0103r\u0103 o form\u0103 juridic\u0103 autorizat\u0103 \u0219i f\u0103r\u0103 respectarea cerin\u021belor prev\u0103zute de Legea nr. 196\/2018, aspecte pe care solicit\u0103m autorit\u0103\u021bilor competente s\u0103 le verifice;<\/em><\/div>\n<div><em>&#8211; func\u021bionarul s-a prezentat \u00een repetate r\u00e2nduri la sediul societ\u0103\u021bii noastre, unde a formulat acuza\u021bii privind presupusa nelegalitate a activit\u0103\u021bii desf\u0103\u0219urate de noi, influen\u021b\u00e2nd astfel percep\u021bia beneficiarilor no\u0219tri;<\/em><\/div>\n<div><em>&#8211; intervine \u00een raporturile contractuale dintre societatea noastr\u0103 \u0219i asocia\u021biile de proprietari \u0219i solicit\u0103 prezentarea contractelor de administrare, de\u0219i apreciem c\u0103 asemenea solicit\u0103ri dep\u0103\u0219esc atribu\u021biile compartimentului de \u00eendrumare \u0219i sprijin prev\u0103zute de Legea nr. 196\/2018.<\/em><\/div>\n<div><em>De asemenea, atragem aten\u021bia asupra existen\u021bei dosarului nr. 2506\/173\/2026, av\u00e2nd ca obiect dizolvarea personalit\u0103\u021bii juridice a Asocia\u021biei de Proprietari nr. 8, ac\u021biune introdus\u0103 de UAT Municipiul Adjud.<\/em><\/div>\n<div><em>\u00cen opinia noastr\u0103, aceast\u0103 ac\u021biune ridic\u0103 serioase semne de \u00eentrebare cu privire la existen\u021ba calit\u0103\u021bii procesuale active a UAT, \u00een condi\u021biile \u00een care Legea nr. 196\/2018 reglementeaz\u0103 expres cazurile de dizolvare a asocia\u021biilor de proprietari. Totodat\u0103, apreciem c\u0103 promovarea unor astfel de litigii implic\u0103 utilizarea fondurilor publice provenite din taxele \u0219i impozitele achitate de contribuabili, motiv pentru care consider\u0103m c\u0103 exist\u0103 un interes public legitim privind verificarea oportunit\u0103\u021bii \u0219i legalit\u0103\u021bii acestor demersuri.<\/em><\/div>\n<div><em>Va solicit\u0103m sprijin pentru verificarea impar\u021biala tuturor aspectelor semnalate \u0219i s\u0103 se stabileasc\u0103 dac\u0103 atribu\u021biile legale au fost exercitate cu respectarea principiilor legalit\u0103\u021bii, impar\u021bialit\u0103\u021bii \u0219i transparen\u021bei.<\/em><\/div>\n<div><em>Scopul acestui demers nu este denigrarea vreunei persoane, ci informarea opiniei publice \u0219i solicitarea unei verific\u0103ri obiective a unor situa\u021bii care, \u00een opinia noastr\u0103, pot afecta func\u021bionarea corect\u0103 a asocia\u021biilor de proprietari \u0219i concuren\u021ba loial\u0103 pe pia\u021ba serviciilor de administrare a condominiilor.<\/em>\u201d<\/div>\n<p><strong>\u00a0R\u0103spunsul Prim\u0103riei Municipiului Adjud<\/strong><\/p>\n<p><strong><img decoding=\"async\" alt src=\"https:\/\/zdvi.cname.ro\/_\/mediaPool-file\/mediaPool\/uGnLIYG.jpg\"><\/strong><\/p>\n<p><strong><img decoding=\"async\" alt src=\"https:\/\/zdvi.cname.ro\/_\/mediaPool-file\/mediaPool\/uT9TJGN.jpg\"><\/strong><\/p>\n<p><strong><img decoding=\"async\" alt src=\"https:\/\/zdvi.cname.ro\/_\/mediaPool-file\/mediaPool\/uYpswfa.jpg\"><\/strong><\/p>\n<hr>\n<div class=\"bloc-widget widget-rosu\">\n<p>\u00cen lipsa unui acord scris din partea Ziarului de Vrancea, pute\u0163i prelua maxim 500 de caractere din acest articol dac\u0103 preciza\u0163i sursa \u015fi insera\u0163i vizibil link-ul articolului:\u00a0<span>#insertcurrentlinkhere<\/span><\/p>\n<\/div>\n<div class=\"extra-articol listing-anunturi\">\n<h6>Anun\u021buri <span class=\"text-primary\">ZdV<\/span> Premium<\/h6>\n<div class=\"row\">\n<div class=\"col-lg-4 col-md-6 bloc-egal\"><a class=\"card-anunt\" href=\"https:\/\/ziaruldevrancea.ro\/anunturi\/imobiliare\/vanzari-terenuri\/vand-teren-in-panciu\"><strong class=\"titlu\">V\u00e2nz\u0103ri terenuri<\/strong><span class=\"text-anunt\">Teren Panciu 1170 mp, cu num\u0103r cas\u0103, ap\u0103&#8230;<\/span><span class=\"data-anunt\">29.07.2026  <\/span><\/a><\/div>\n<div class=\"col-lg-4 col-md-6 bloc-egal\"><a class=\"card-anunt\" href=\"https:\/\/ziaruldevrancea.ro\/anunturi\/altele\/anulare-acte\/vand-scrumbii-afumate-capturi-dunare\"><strong class=\"titlu\">Vanzari diverse<\/strong><span class=\"text-anunt\">Pret : 117 lei \/ kg . \u00a0 Este&#8230;<\/span><span class=\"data-anunt\">29.07.2026 , Gala\u021bi , Gala\u021bi<\/span><\/a><\/div>\n<div class=\"col-lg-4 col-md-6 bloc-egal\"><a class=\"card-anunt\" href=\"https:\/\/ziaruldevrancea.ro\/anunturi\/necrolog\/decese\/dumnezeu-sa-o-aseze-in-randul-celor-drepti\"><strong class=\"titlu\">Decese<\/strong><span class=\"text-anunt\">Cu profund\u0103 durere, familia anun\u021b\u0103 trecerea la&#8230;<\/span><span class=\"data-anunt\">28.07.2026  <\/span><\/a><\/div>\n<\/div>\n<\/div>\n<div class=\"extra-articol alte-articole\">\n<div class=\"row\">\n<div class=\"col-lg-6 bloc-egal\">\n<div class=\"card articol-listing\">\n<h6>\u00cen categoria <a href=\"https:\/\/ziaruldevrancea.ro\/jurnalism-cetatenesc\">Jurnalism cetatenesc<\/a><\/h6>\n<div class=\"grup-articol-listing\">\n<div class=\"cont-pils\"><a href=\"https:\/\/ziaruldevrancea.ro\/jurnalism-cetatenesc\/socar-isi-extinde-reteaua-in-vrancea-benzinaria-de-la-intersectia-dn2e85-cu-drumul-spre-cotesti-ar-fi-fost-preluata\"><img decoding=\"async\" src=\"https:\/\/zdvi.cname.ro\/180_135\/jurnalism-cetatenesc\/socar-isi-extinde-reteaua-in-vrancea-benzinaria-de-la-intersectia-dn2e85-cu-drumul-spre-cotesti-ar-fi-fost-preluata\/mediaPool\/uiuVCQs.jpg\" class=\"img-responsive img-180\" alt><\/a><\/div>\n<h2><a class=\"link-titlu\" href=\"https:\/\/ziaruldevrancea.ro\/jurnalism-cetatenesc\/socar-isi-extinde-reteaua-in-vrancea-benzinaria-de-la-intersectia-dn2e85-cu-drumul-spre-cotesti-ar-fi-fost-preluata\">SOCAR \u00ee\u0219i extinde re\u021beaua \u00een Vrancea: benzin\u0103ria de la intersec\u021bia DN2\/E85 cu drumul spre Cote\u0219ti ar fi fost preluat\u0103<\/a><\/h2>\n<div class=\"date-post\"><a href=\"https:\/\/ziaruldevrancea.ro\/autor\/petre-paraschiv\">Petre Paraschiv<\/a>, 26 iul 2026  <\/div>\n<\/div>\n<div class=\"grup-articol-listing\">\n<div class=\"cont-pils\"><a href=\"https:\/\/ziaruldevrancea.ro\/jurnalism-cetatenesc\/sesizare-inaintea-comemorarii-de-la-marasti-vegetatie-crescuta-si-nemultumiri-privind-starea-zonei-istorice\"><img decoding=\"async\" src=\"https:\/\/zdvi.cname.ro\/180_135\/jurnalism-cetatenesc\/sesizare-inaintea-comemorarii-de-la-marasti-vegetatie-crescuta-si-nemultumiri-privind-starea-zonei-istorice\/mediaPool\/uhudcF9.jpg\" class=\"img-responsive img-180\" alt><\/a><\/div>\n<h2><a class=\"link-titlu\" href=\"https:\/\/ziaruldevrancea.ro\/jurnalism-cetatenesc\/sesizare-inaintea-comemorarii-de-la-marasti-vegetatie-crescuta-si-nemultumiri-privind-starea-zonei-istorice\">Sesizare \u00eenaintea comemor\u0103rii de la M\u0103r\u0103\u0219ti: vegeta\u021bie crescut\u0103 \u0219i nemul\u021bumiri privind starea zonei istorice<\/a><\/h2>\n<div class=\"date-post\"><a href=\"https:\/\/ziaruldevrancea.ro\/autor\/radu-tomescu\">Radu Tomescu<\/a>, 17 iul 2026  <\/div>\n<\/div>\n<div class=\"grup-articol-listing\">\n<div class=\"cont-pils\"><a href=\"https:\/\/ziaruldevrancea.ro\/jurnalism-cetatenesc\/focsani-gropi-reparate-cu-paie-pe-strada-militari-laminorul\"><img decoding=\"async\" src=\"https:\/\/zdvi.cname.ro\/180_135\/jurnalism-cetatenesc\/focsani-gropi-reparate-cu-paie-pe-strada-militari-laminorul\/mediaPool\/uyKC2wt.jpg\" class=\"img-responsive img-180\" alt><\/a><\/div>\n<h2><a class=\"link-titlu\" href=\"https:\/\/ziaruldevrancea.ro\/jurnalism-cetatenesc\/focsani-gropi-reparate-cu-paie-pe-strada-militari-laminorul\">Foc\u0219ani: \u201eGropi reparate\u201d cu paie pe strada Militari-Laminorul?<\/a><\/h2>\n<div class=\"date-post\"><a href=\"https:\/\/ziaruldevrancea.ro\/autor\/petre-paraschiv\">Petre Paraschiv<\/a>,  5 iul 2026  <\/div>\n<\/div>\n<\/div>\n<\/div>\n<div class=\"col-lg-6 bloc-egal\">\n<div class=\"card articol-listing\">\n<h6>De acela\u0219i <a href=\"https:\/\/ziaruldevrancea.ro\/autor\/radu-tomescu\/\">autor<\/a><\/h6>\n<div class=\"grup-articol-listing\">\n<div class=\"cont-pils\"><a href=\"https:\/\/ziaruldevrancea.ro\/actualitatea\/stiri-locale\/dosar-de-trafic-de-droguri-in-vrancea-trei-persoane-cercetate-canabis-si-cocaina-vandute-in-adjud-potrivit-anchetatorilor\"><img decoding=\"async\" src=\"https:\/\/zdvi.cname.ro\/180_135\/actualitatea\/stiri-locale\/dosar-de-trafic-de-droguri-in-vrancea-trei-persoane-cercetate-canabis-si-cocaina-vandute-in-adjud-potrivit-anchetatorilor\/mediaPool\/ucfOmNt.JPG\" class=\"img-responsive img-180\" alt><\/a><\/div>\n<h2><a class=\"link-titlu\" href=\"https:\/\/ziaruldevrancea.ro\/actualitatea\/stiri-locale\/dosar-de-trafic-de-droguri-in-vrancea-trei-persoane-cercetate-canabis-si-cocaina-vandute-in-adjud-potrivit-anchetatorilor\">Dosar de trafic de droguri \u00een Vrancea: trei persoane cercetate, canabis \u0219i cocain\u0103 v\u00e2ndute \u00een Adjud, potrivit anchetatorilor<\/a><\/h2>\n<div class=\"date-post\"><a href=\"https:\/\/ziaruldevrancea.ro\/autor\/radu-tomescu\">Radu Tomescu<\/a>, 30 iul 2026  <\/div>\n<\/div>\n<div class=\"grup-articol-listing\">\n<div class=\"cont-pils\"><a href=\"https:\/\/ziaruldevrancea.ro\/actualitatea\/stiri-locale\/Sofer-din-vidra-depistat-baut-la-volan-pe-dn2d.-politistii-din-vrancea-au-deschis-dosar-penal\"><img decoding=\"async\" src=\"https:\/\/zdvi.cname.ro\/180_135\/actualitatea\/stiri-locale\/Sofer-din-vidra-depistat-baut-la-volan-pe-dn2d.-politistii-din-vrancea-au-deschis-dosar-penal\/mediaPool\/uRApAly.jpg\" class=\"img-responsive img-180\" alt><\/a><\/div>\n<h2><a class=\"link-titlu\" href=\"https:\/\/ziaruldevrancea.ro\/actualitatea\/stiri-locale\/Sofer-din-vidra-depistat-baut-la-volan-pe-dn2d.-politistii-din-vrancea-au-deschis-dosar-penal\">\u0218ofer din Vidra, depistat b\u0103ut la volan pe DN2D. Poli\u021bi\u0219tii din Vrancea au deschis dosar penal<\/a><\/h2>\n<div class=\"date-post\"><a href=\"https:\/\/ziaruldevrancea.ro\/autor\/radu-tomescu\">Radu Tomescu<\/a>, 30 iul 2026  <\/div>\n<\/div>\n<div class=\"grup-articol-listing\">\n<div class=\"cont-pils\"><a href=\"https:\/\/ziaruldevrancea.ro\/actualitatea\/stiri-locale\/accident-grav-in-vrancea-pieton-ranit-dupa-ce-a-fost-lovit-de-un-autoturism-la-dragosloveni-in-comuna-dumbraveni\"><img decoding=\"async\" src=\"https:\/\/zdvi.cname.ro\/180_135\/actualitatea\/stiri-locale\/accident-grav-in-vrancea-pieton-ranit-dupa-ce-a-fost-lovit-de-un-autoturism-la-dragosloveni-in-comuna-dumbraveni\/mediaPool\/u9KFdc2.jpg\" class=\"img-responsive img-180\" alt><\/a><\/div>\n<h2><a class=\"link-titlu\" href=\"https:\/\/ziaruldevrancea.ro\/actualitatea\/stiri-locale\/accident-grav-in-vrancea-pieton-ranit-dupa-ce-a-fost-lovit-de-un-autoturism-la-dragosloveni-in-comuna-dumbraveni\">Accident grav \u00een Vrancea: pieton r\u0103nit dup\u0103 ce a fost lovit de un autoturism la Dragosloveni, \u00een comuna Dumbr\u0103veni<\/a><\/h2>\n<div class=\"date-post\"><a href=\"https:\/\/ziaruldevrancea.ro\/autor\/radu-tomescu\">Radu Tomescu<\/a>, 30 iul 2026  <\/div>\n<\/div>\n<\/div>\n<\/div>\n<\/div>\n<\/div>\n<div class=\"extra-articol listing-anunturi\">\n<h6>Anun\u021buri <span class=\"text-primary\">ZdV<\/span> Premium<\/h6>\n<div class=\"row\">\n<div class=\"col-lg-4 col-md-6 bloc-egal\"><a class=\"card-anunt\" href=\"https:\/\/ziaruldevrancea.ro\/anunturi\/imobiliare\/vanzari-case\/vand-casa-si-teren-in-panciu-anunt-72818\"><strong class=\"titlu\">V\u00e2nz\u0103ri case<\/strong><span class=\"text-anunt\">V\u00e2nd cas\u0103 cu 2 camere, buc\u0103t\u0103rie, baie,&#8230;<\/span><span class=\"data-anunt\">23.07.2026  <\/span><\/a><\/div>\n<div class=\"col-lg-4 col-md-6 bloc-egal\"><a class=\"card-anunt\" href=\"https:\/\/ziaruldevrancea.ro\/anunturi\/angajari\/cereri-angajari\/doresc-angajare-anunt-72815\"><strong class=\"titlu\">Cereri<\/strong><span class=\"text-anunt\">Doresc s\u0103 am grij\u0103 de un copil de gradini\u021b\u0103&#8230;<\/span><span class=\"data-anunt\">21.07.2026  <\/span><\/a><\/div>\n<div class=\"col-lg-4 col-md-6 bloc-egal\"><a class=\"card-anunt\" href=\"https:\/\/ziaruldevrancea.ro\/anunturi\/inchirieri\/locuinte-oferte\/primesc-in-gazda-anunt-72816\"><strong class=\"titlu\">Locuin\u021be oferte<\/strong><span class=\"text-anunt\">\u00a0Primesc \u00een gazd\u0103 la cas\u0103.<\/p>\n<p>Tel&#8230;.<\/span><span class=\"data-anunt\">21.07.2026  <\/span><\/a><\/div>\n<\/div>\n<\/div>\n<div class=\"bloc-widget widget-albastru\">\n    Ziarul de Vrancea \u00a0nu este responsabil juridic pentru con\u0163inutul textelor din comentariile de mai jos. Responsabilitatea pentru mesajele dumneavoastra v\u0103 revine \u00een exclusivitate.\n<\/div>\n<div class=\"comentarii-articol\" id=\"comentarii\">\n<h3>Comentarii: <span class=\"text-primary\">0<\/span><\/h3>\n<p><a href=\"https:\/\/ziaruldevrancea.ro\/jurnalism-cetatenesc\/administrarea-asociatiilor-de-proprietari-din-adjud-in-centrul-unei-dispute.-sesizare-transmisa-ziarului-de-vrancea\" class=\"btn btn-success btn-adauga-com\" data-toggle=\"modal\" data-parent=\"0\" data-target=\"#commentModal\">Adaug\u0103 comentariu<\/a><\/p>\n<div class=\"loadMask comments-mask\"><img decoding=\"async\" src=\"https:\/\/zdvs.cname.ro\/images\/loader_40.gif\"><\/div>\n<div class=\"comenteaza-jos\">Trebuie s\u0103 fii <a href=\"https:\/\/ziaruldevrancea.ro\/account\">autentificat<\/a> pentru a putea <a href=\"https:\/\/ziaruldevrancea.ro\/jurnalism-cetatenesc\/administrarea-asociatiilor-de-proprietari-din-adjud-in-centrul-unei-dispute.-sesizare-transmisa-ziarului-de-vrancea\" class data-toggle=\"modal\" data-parent=\"0\" data-target=\"#commentModal\">posta un comentariu<\/a>.<\/div>\n<\/div>\n<div class=\"modal fade\" id=\"commentModal\" role=\"dialog\" aria-labelledby=\"commentModalLabel\">\n<div class=\"modal-dialog modal-lg\" role=\"document\">\n<div class=\"modal-content\">\n<div class=\"modal-header\">\n<h3 class=\"modal-title\" id=\"commentModalLabel\">Comenteaz\u0103<\/h3>\n<\/div>\n<div class=\"modal-body\">\n<div class=\"tabel tabel-full\">\n<div class=\"celula\">\n              Trebuie s\u0103 fii <a href=\"https:\/\/ziaruldevrancea.ro\/account\">autentificat<\/a> pentru a putea posta un comentariu.\n            <\/div>\n<\/div>\n<\/div>\n<div class=\"modal-footer\">\n<div id=\"commentPending\" class=\"formPending pull-left\"><img decoding=\"async\" src=\"https:\/\/zdvs.cname.ro\/images\/loader_40.gif\"> In curs de procesare&#8230;<\/div>\n<p><a href=\"https:\/\/ziaruldevrancea.ro\/jurnalism-cetatenesc\/administrarea-asociatiilor-de-proprietari-din-adjud-in-centrul-unei-dispute.-sesizare-transmisa-ziarului-de-vrancea\" class=\"btn btn-default\" data-dismiss=\"modal\">Anuleaz\u0103<\/a><\/div>\n<\/div>\n<\/div>\n<\/div>\n<div class=\"modal fade\" id=\"commentReportModal\" role=\"dialog\" aria-labelledby=\"commentReportModalLabel\">\n<div class=\"modal-dialog modal-lg\" role=\"document\">\n<div class=\"modal-content\">\n<div class=\"modal-header\">\n<h3 class=\"modal-title\" id=\"commentReportModalLabel\">Raporteaza comentariu<\/h3>\n<\/div>\n<div class=\"modal-body\">\n<div class=\"tabel tabel-full\">\n<div class=\"celula\">\n              Trebuie s\u0103 fii <a href=\"https:\/\/ziaruldevrancea.ro\/account\">autentificat<\/a> pentru a putea raporta un comentariu.\n            <\/div>\n<\/div>\n<\/div>\n<div class=\"modal-footer\">\n<div id=\"commentReportPending\" class=\"formPending pull-left\"><img decoding=\"async\" src=\"https:\/\/zdvs.cname.ro\/images\/loader_40.gif\"> In curs de procesare&#8230;<\/div>\n<p><a href=\"https:\/\/ziaruldevrancea.ro\/jurnalism-cetatenesc\/administrarea-asociatiilor-de-proprietari-din-adjud-in-centrul-unei-dispute.-sesizare-transmisa-ziarului-de-vrancea\" class=\"btn btn-default\" data-dismiss=\"modal\">Anuleaz\u0103<\/a><\/div>\n<\/div>\n<\/div>\n<\/div>\n<div class=\"modal fade\" id=\"commentLikeModal\" role=\"dialog\" aria-labelledby=\"commentLikeModalLabel\">\n<div class=\"modal-dialog modal-lg\" role=\"document\">\n<div class=\"modal-content\">\n<div class=\"modal-header\">\n<h3 class=\"modal-title\" id=\"commentReportModalLabel\">Apreciaza comentariu<\/h3>\n<\/div>\n<div class=\"modal-body\">\n<div class=\"tabel tabel-full\">\n<div class=\"celula\">\n            Trebuie s\u0103 fii <a href=\"https:\/\/ziaruldevrancea.ro\/account\">autentificat<\/a> pentru a putea aprecia un comentariu.\n          <\/div>\n<\/div>\n<\/div>\n<div class=\"modal-footer\"><a href=\"https:\/\/ziaruldevrancea.ro\/jurnalism-cetatenesc\/administrarea-asociatiilor-de-proprietari-din-adjud-in-centrul-unei-dispute.-sesizare-transmisa-ziarului-de-vrancea\" class=\"btn btn-default\" data-dismiss=\"modal\">Anuleaz\u0103<\/a><\/div>\n<\/div>\n<\/div>\n<\/div>\n<div class=\"bloc-widget widget-rosu\"><span><small>Ziarul de Vrancea doreste ca acest site sa fie un spatiu al discutiilor civilizate, al comentariilor de bun simt. Din acest motiv, cei care posteaza comentarii la articole trebuie sa respecte urmatoarele reguli:<br \/>\n1. Sa se refere doar la articolul la care posteaza comentarii.<br \/>\n2. Sa foloseasca un limbaj civilizat, fara injurii, calomnii, comentarii antisemite, xenofobe sau rasiste.<br \/>\n3. Sunt interzise atacurile la adresa autorilor, daca acestea nu au legatura cu textul.<br \/>\n4. Username-ul sa nu fie nume de personalitati ale vietii publice sau parodieri ale acestora.<br \/>\nAutorul unui articol poate fi criticat pentru eventuale greseli, incoerenta, lipsa de documentare etc.<br \/>\nNerespectarea regulilor mentionate mai sus va duce la stergerea comentariilor, fara avertisment si fara explicatii.<br \/>\nAbaterile repetate vor avea drept consecinta interdictia accesului la aceasta facilitate a site-ului.<\/small><\/span><\/div>\n<\/div>\n<p>[analyse_source url=&#8221;https:\/\/ziaruldevrancea.ro\/jurnalism-cetatenesc\/administrarea-asociatiilor-de-proprietari-din-adjud-in-centrul-unei-dispute.-sesizare-transmisa-ziarului-de-vrancea&#8221;]<\/p>\n","protected":false},"excerpt":{"rendered":"<p>[analyse_image type=&#8221;featured&#8221; src=&#8221;https:\/\/zdvi.cname.ro\/_\/administrarea-asociatiilor-de-proprietari-din-adjud-in-centrul-unei-dispute.-sesizare-transmisa-ziarului-de-vrancea\/mediaPool\/uMls7Ni.jpg&#8221;] Jurnalism cetatenesc Administrarea asocia\u021biilor de proprietari din Adjud, \u00een centrul unei dispute. Sesizare transmis\u0103 Ziarului de Vrancea Distribuie: \u00a0 | Radu Tomescu 30 iul 2026814 vizualiz\u0103ri Foto:administrarebucuresti.ro O sesizare transmis\u0103 Ziarului de Vrancea de reprezentantul unei firme de administrare a condominiilor acuz\u0103 posibile ingerin\u021be \u00een activitatea operatorilor economici \u0219i solicit\u0103 verific\u0103ri din [&hellip;]<\/p>\n","protected":false},"author":1,"featured_media":0,"comment_status":"open","ping_status":"","sticky":false,"template":"","format":"standard","meta":{"footnotes":""},"categories":[89],"tags":[226,208],"class_list":["post-2070115","post","type-post","status-publish","format-standard","hentry","category-romania","tag-crawlmanager","tag-ziaruldevrancea-ro"],"_links":{"self":[{"href":"https:\/\/analyse.optim.biz\/index.php?rest_route=\/wp\/v2\/posts\/2070115","targetHints":{"allow":["GET"]}}],"collection":[{"href":"https:\/\/analyse.optim.biz\/index.php?rest_route=\/wp\/v2\/posts"}],"about":[{"href":"https:\/\/analyse.optim.biz\/index.php?rest_route=\/wp\/v2\/types\/post"}],"author":[{"embeddable":true,"href":"https:\/\/analyse.optim.biz\/index.php?rest_route=\/wp\/v2\/users\/1"}],"replies":[{"embeddable":true,"href":"https:\/\/analyse.optim.biz\/index.php?rest_route=%2Fwp%2Fv2%2Fcomments&post=2070115"}],"version-history":[{"count":0,"href":"https:\/\/analyse.optim.biz\/index.php?rest_route=\/wp\/v2\/posts\/2070115\/revisions"}],"wp:attachment":[{"href":"https:\/\/analyse.optim.biz\/index.php?rest_route=%2Fwp%2Fv2%2Fmedia&parent=2070115"}],"wp:term":[{"taxonomy":"category","embeddable":true,"href":"https:\/\/analyse.optim.biz\/index.php?rest_route=%2Fwp%2Fv2%2Fcategories&post=2070115"},{"taxonomy":"post_tag","embeddable":true,"href":"https:\/\/analyse.optim.biz\/index.php?rest_route=%2Fwp%2Fv2%2Ftags&post=2070115"}],"curies":[{"name":"wp","href":"https:\/\/api.w.org\/{rel}","templated":true}]}}