{"id":2070112,"date":"2026-07-30T00:00:00","date_gmt":"2026-07-29T21:00:00","guid":{"rendered":"https:\/\/analyse.optim.biz\/?p=2070112"},"modified":"2026-07-30T00:00:00","modified_gmt":"2026-07-29T21:00:00","slug":"vacanta-la-mare-pentru-tinerii-de-la-centrul-sfanta-maria-din-golesti-datorita-proiectului-a-doua-sansa-pentru-viata","status":"publish","type":"post","link":"https:\/\/analyse.optim.biz\/?p=2070112","title":{"rendered":"Vacan\u021b\u0103 la mare pentru tinerii de la Centrul \u201eSf\u00e2nta Maria\u201d din Gole\u0219ti, datorit\u0103 proiectului \u201eA doua \u0219ans\u0103 pentru via\u021b\u0103\u201d"},"content":{"rendered":"<p>[analyse_image type=&#8221;featured&#8221; src=&#8221;https:\/\/zdvi.cname.ro\/_\/vacanta-la-mare-pentru-tinerii-de-la-centrul-sfanta-maria-din-golesti-datorita-proiectului-a-doua-sansa-pentru-viata\/mediaPool\/unL6JIy.jpg&#8221;]<\/p>\n<div class=\"main-content detaliu-articol\"><a class=\"titlu-cat-list\" href=\"https:\/\/ziaruldevrancea.ro\/special\/social\">Social<\/a><\/p>\n<h1>Vacan\u021b\u0103 la mare pentru tinerii de la Centrul \u201eSf\u00e2nta Maria\u201d din Gole\u0219ti, datorit\u0103 proiectului \u201eA doua \u0219ans\u0103 pentru via\u021b\u0103\u201d<\/h1>\n<div class=\"date-articol clearfix\">\n<div class=\"distribuie-articol dropdown\">\n    Distribuie: \u00a0<br \/>\n    <em>|<\/em><\/div>\n<div class=\"autor-articol\"><a href=\"https:\/\/ziaruldevrancea.ro\/autor\/camelia-marin\/\"><img decoding=\"async\" class=\"img-circle\" src=\"https:\/\/zdvi.cname.ro\/50_50\/articleAuthor\/camelia-marin\/articleAuthor\/u9DOVkc.jpg\" alt><\/a><\/p>\n<h5><a href=\"https:\/\/ziaruldevrancea.ro\/autor\/camelia-marin\/\">Camelia Marin<\/a><\/h5>\n<div class=\"grup-spatiere\"><span class=\"cu-spatiere\">30 iul 2026<\/span><span class=\"cu-spatiere\">308 vizualiz\u0103ri<\/span><\/div>\n<\/div>\n<\/div>\n<div class=\"poza-mare\">\n<div class=\"poza-mare galerie-detaliu\">\n<div id=\"carousel-poza-mare\" class=\"carousel slide carusel-poza\" data-ride=\"carousel\" data-interval=\"0\">\n<div class=\"carousel-inner\" role=\"listbox\">\n<div class=\"item imagine-carusel active\"><a href class=\"openGallery\"><img decoding=\"async\" class=\"img-responsive\" src=\"https:\/\/zdvi.cname.ro\/850_530\/vacanta-la-mare-pentru-tinerii-de-la-centrul-sfanta-maria-din-golesti-datorita-proiectului-a-doua-sansa-pentru-viata\/article\/mediaPool\/unL6JIy.jpg\" alt><\/a><\/div>\n<div class=\"item imagine-carusel \"><a href class=\"openGallery\"><img decoding=\"async\" class=\"img-responsive\" src=\"https:\/\/zdvi.cname.ro\/850_530\/vacanta-la-mare-pentru-tinerii-de-la-centrul-sfanta-maria-din-golesti-datorita-proiectului-a-doua-sansa-pentru-viata\/article\/mediaPool\/u8UgaIi.jpeg\" alt><\/a><\/div>\n<div class=\"item imagine-carusel \"><a href class=\"openGallery\"><img decoding=\"async\" class=\"img-responsive\" src=\"https:\/\/zdvi.cname.ro\/850_530\/vacanta-la-mare-pentru-tinerii-de-la-centrul-sfanta-maria-din-golesti-datorita-proiectului-a-doua-sansa-pentru-viata\/article\/mediaPool\/ugjpueb.jpeg\" alt><\/a><\/div>\n<div class=\"item imagine-carusel \"><a href class=\"openGallery\"><img decoding=\"async\" class=\"img-responsive\" src=\"https:\/\/zdvi.cname.ro\/850_530\/vacanta-la-mare-pentru-tinerii-de-la-centrul-sfanta-maria-din-golesti-datorita-proiectului-a-doua-sansa-pentru-viata\/article\/mediaPool\/u4BsRK3.jpeg\" alt><\/a><\/div>\n<div class=\"item imagine-carusel \"><a href class=\"openGallery\"><img decoding=\"async\" class=\"img-responsive\" src=\"https:\/\/zdvi.cname.ro\/850_530\/vacanta-la-mare-pentru-tinerii-de-la-centrul-sfanta-maria-din-golesti-datorita-proiectului-a-doua-sansa-pentru-viata\/article\/mediaPool\/u85GihW.jpeg\" alt><\/a><\/div>\n<\/div>\n<\/div>\n<div id=\"carousel-poze-mici\" class=\"carousel slide carusel-mici\" data-ride=\"carousel\" data-interval=\"0\">\n<div class=\"carousel-inner\" role=\"listbox\">\n<div class=\"item active\">\n<ul class=\"navigare-carusel-imagini\">\n<li data-target=\"#carousel-poza-mare\" data-slide-to=\"0\"><img decoding=\"async\" class=\"img-responsive\" src=\"https:\/\/zdvi.cname.ro\/_90\/vacanta-la-mare-pentru-tinerii-de-la-centrul-sfanta-maria-din-golesti-datorita-proiectului-a-doua-sansa-pentru-viata\/article\/mediaPool\/unL6JIy.jpg\" alt><\/li>\n<li data-target=\"#carousel-poza-mare\" data-slide-to=\"1\"><img decoding=\"async\" class=\"img-responsive\" src=\"https:\/\/zdvi.cname.ro\/_90\/vacanta-la-mare-pentru-tinerii-de-la-centrul-sfanta-maria-din-golesti-datorita-proiectului-a-doua-sansa-pentru-viata\/article\/mediaPool\/u8UgaIi.jpeg\" alt><\/li>\n<li data-target=\"#carousel-poza-mare\" data-slide-to=\"2\"><img decoding=\"async\" class=\"img-responsive\" src=\"https:\/\/zdvi.cname.ro\/_90\/vacanta-la-mare-pentru-tinerii-de-la-centrul-sfanta-maria-din-golesti-datorita-proiectului-a-doua-sansa-pentru-viata\/article\/mediaPool\/ugjpueb.jpeg\" alt><\/li>\n<li data-target=\"#carousel-poza-mare\" data-slide-to=\"3\"><img decoding=\"async\" class=\"img-responsive\" src=\"https:\/\/zdvi.cname.ro\/_90\/vacanta-la-mare-pentru-tinerii-de-la-centrul-sfanta-maria-din-golesti-datorita-proiectului-a-doua-sansa-pentru-viata\/article\/mediaPool\/u4BsRK3.jpeg\" alt><\/li>\n<li data-target=\"#carousel-poza-mare\" data-slide-to=\"4\"><img decoding=\"async\" class=\"img-responsive\" src=\"https:\/\/zdvi.cname.ro\/_90\/vacanta-la-mare-pentru-tinerii-de-la-centrul-sfanta-maria-din-golesti-datorita-proiectului-a-doua-sansa-pentru-viata\/article\/mediaPool\/u85GihW.jpeg\" alt><\/li>\n<\/ul>\n<\/div>\n<\/div>\n<\/div>\n<\/div>\n<\/div>\n<p><strong>Patru zile pline de bucurie, z\u00e2mbete \u0219i experien\u021be de neuitat la N\u0103vodari pentru beneficiarii Centrului \u201eSf\u00e2nta Maria\u201d din Gole\u0219ti. Excursia a fost posibil\u0103 prin implicarea voluntarilor proiectului \u201eA doua \u0219ans\u0103 pentru via\u021b\u0103\u201d, derulat de 20 de ani \u00een parteneriat cu DGASPC Vrancea.<\/strong><\/p>\n<p><strong>O vacan\u021b\u0103 de neuitat pentru tinerii de la Centrul \u201eSf\u00e2nta Maria\u201d din Gole\u0219ti<\/strong><\/p>\n<p>Luna iulie le-a adus tinerilor de la Centrul \u201eSf\u00e2nta Maria\u201d din Gole\u0219ti sentimentul de vacan\u021b\u0103. Vestea c\u0103 vor pleca pentru patru zile la N\u0103vodari i-a transformat \u00een cei mai ferici\u021bi oameni de pe p\u0103m\u00e2nt. Astfel, \u0219i-au preg\u0103tit cu mare bucurie bagajele \u0219i \u0219i-au rememorat visurile legate de mare. Direc\u021bia Jude\u021bean\u0103 de Asisten\u021b\u0103 Social\u0103 \u0219i Protec\u021bia Copilului Vrancea a pus la dispozi\u021bie microbuzul, iar voluntarii din proiectul \u201eA doua \u0219ans\u0103 pentru via\u021b\u0103\u201d ( profesorii coordonatori din Colegiul Na\u0163ional <em>Al. I. Cuza<\/em>, Raluca Andreea S\u0103ndulescu, Alina Cucu, Diac Loredana, Vi\u0219inescu Elena, Dobroiu Claudia, Opai\u021b Ovidiu, Trestioreanu Livia, Lupu Alis, \u021aand\u0103r\u0103 Ionu\u021b, Mereu\u021b\u0103 Camelia, Voicu Voicu\u021ba, Poll Emilia, Porumb Manuela, H\u00eernea Carmen \u015fi peste 200 de elevi, coopta\u0163i \u00een calitate de voluntari, respectiv profesorii coordonatori din Colegiul Economic <em>Virgil Madgearu,<\/em> Roxana Carmen Ionescu, Nec\u0219u\u021bu Ioana, Mihaela Daniela C\u00eerstea, Mariana \u0218chiaua, Valentina R\u0103descu, Andreea Matei, Dana Iliescu, Cristina Lemnaru, Camelia Lep\u0103dat, Veronica Mi\u0219codan \u0219i de la \u0218coala Gimnazial\u0103 <em>Ion Heliade R\u0103dulescu<\/em>, Dragomir Daniela, Vlad Stelu\u021ba, Mocanu Ana,\u00a0 Nedelcu Alina, Niculae Ioana, C\u00eerlova-\u021aone M\u0103d\u0103lina, Dumitru Anca, \u0218tef\u0103nic\u0103 Ioana, V\u0103ideanu Manuela, Zainea Valentin, Oni\u0219oru Georgiana, respectiv prof. Teodora Bentz, de la Colegiul Na\u021bional\u00a0 <em>I.L.Caragiale<\/em> din Bucure\u0219ti \u0219i Florina Voicu de la \u0218coala Gimnazial\u0103 Her\u0103str\u0103u, Bucure\u0219ti, \u00eempreun\u0103 cu al\u021bi aproximativ 250 de elevi voluntari) au f\u0103cut posibil\u0103 aceast\u0103 minunat\u0103 excursie.<\/p>\n<p>\u00censo\u021bi\u021bi de o asistent\u0103 \u0219i de \u0219eful Centrului \u201eSf\u00e2nta Maria\u201d din Gole\u0219ti, domnul Sorin Atomulesei, tinerii cu dizabilit\u0103\u021bi au descoperit aerul cald al litoralului, apa lini\u0219tit\u0103 a m\u0103rii, \u0219ezlongurile \u0219i umbrelu\u021bele&#8230;Vremea a \u021binut cu beneficiarii Centrului, care au stat la soare, au intrat \u00een apele m\u0103rii, s-au plimbat cu b\u0103rcu\u021ba \u00een larg, au m\u00e2ncat \u00eenghe\u021bat\u0103 \u0219i au r\u00e2s mult. Pensiunea la care au fost caza\u021bi i-a primit cu c\u0103ldur\u0103, iar tinerii cu dizabilit\u0103\u021bi au putut s\u0103 \u00ee\u0219i preg\u0103teasc\u0103 m\u00e2ncarea \u00een buc\u0103t\u0103rie, s\u0103 fac\u0103 gr\u0103tar \u00een curte \u0219i s\u0103 petreac\u0103 dimine\u021bile \u0219i serile sub umbrar. \u0218i, pentru ca vacan\u021ba s\u0103 fie complet\u0103, s-au plimbat at\u00e2t pe faleza din Constan\u021ba, c\u00e2t \u0219i pe cea din Tulcea. Visul de vacan\u021b\u0103 s-a transformat \u00eentr-o amintire cald\u0103 \u0219i frumoas\u0103!<\/p>\n<p>Proiectul \u201eA doua \u0219ans\u0103 pentru via\u021b\u0103\u201d, ini\u021biat de cele trei unit\u0103\u021bi de \u00eenv\u0103\u021b\u0103m\u00e2nt preuniversitar din Foc\u0219ani \u0219i Bucure\u0219ti, s-a \u00eencheiat, \u00een anul \u0219colar 2025\u20132026, cu aceast\u0103 ultim\u0103 etap\u0103. Educa\u021bia incluziv\u0103 reprezint\u0103 o form\u0103 de \u00een\u021belegere a sensurilor vie\u021bii \u0219i de asumare a responsabilit\u0103\u021bii de cet\u0103\u021beni activi. \u00cen speran\u021ba c\u0103 acest proiect, derulat \u00een parteneriat cu Direc\u021bia Jude\u021bean\u0103 de Asisten\u021b\u0103 Social\u0103 \u0219i Protec\u021bia Copilului Vrancea, \u00eenc\u0103 din anul 2006, reprezint\u0103 un model, elevii \u0219i profesorii voluntari \u00ee\u0219i propun ca, \u0219i \u00een anul \u0219colar viitor, s\u0103 fie al\u0103turi de prietenii lor de la Centrul \u201eSf\u00e2nta Maria\u201d din Gole\u0219ti.<\/p>\n<hr>\n<div class=\"bloc-widget widget-rosu\">\n<p>\u00cen lipsa unui acord scris din partea Ziarului de Vrancea, pute\u0163i prelua maxim 500 de caractere din acest articol dac\u0103 preciza\u0163i sursa \u015fi insera\u0163i vizibil link-ul articolului:\u00a0<span>#insertcurrentlinkhere<\/span><\/p>\n<\/div>\n<div class=\"extra-articol listing-anunturi\">\n<h6>Anun\u021buri <span class=\"text-primary\">ZdV<\/span> Premium<\/h6>\n<div class=\"row\">\n<div class=\"col-lg-4 col-md-6 bloc-egal\"><a class=\"card-anunt\" href=\"https:\/\/ziaruldevrancea.ro\/anunturi\/imobiliare\/vanzari-terenuri\/vand-teren-in-panciu\"><strong class=\"titlu\">V\u00e2nz\u0103ri terenuri<\/strong><span class=\"text-anunt\">Teren Panciu 1170 mp, cu num\u0103r cas\u0103, ap\u0103&#8230;<\/span><span class=\"data-anunt\">29.07.2026  <\/span><\/a><\/div>\n<div class=\"col-lg-4 col-md-6 bloc-egal\"><a class=\"card-anunt\" href=\"https:\/\/ziaruldevrancea.ro\/anunturi\/altele\/anulare-acte\/vand-scrumbii-afumate-capturi-dunare\"><strong class=\"titlu\">Vanzari diverse<\/strong><span class=\"text-anunt\">Pret : 117 lei \/ kg . \u00a0 Este&#8230;<\/span><span class=\"data-anunt\">29.07.2026 , Gala\u021bi , Gala\u021bi<\/span><\/a><\/div>\n<div class=\"col-lg-4 col-md-6 bloc-egal\"><a class=\"card-anunt\" href=\"https:\/\/ziaruldevrancea.ro\/anunturi\/necrolog\/decese\/dumnezeu-sa-o-aseze-in-randul-celor-drepti\"><strong class=\"titlu\">Decese<\/strong><span class=\"text-anunt\">Cu profund\u0103 durere, familia anun\u021b\u0103 trecerea la&#8230;<\/span><span class=\"data-anunt\">28.07.2026  <\/span><\/a><\/div>\n<\/div>\n<\/div>\n<div class=\"extra-articol alte-articole\">\n<div class=\"row\">\n<div class=\"col-lg-6 bloc-egal\">\n<div class=\"card articol-listing\">\n<h6>\u00cen categoria <a href=\"https:\/\/ziaruldevrancea.ro\/special\/social\">Social<\/a><\/h6>\n<div class=\"grup-articol-listing\">\n<div class=\"cont-pils\"><a href=\"https:\/\/ziaruldevrancea.ro\/special\/social\/greva-generala-la-spitalul-judetean-focsani-angajatii-sanitas-din-vrancea-protesteaza-impotriva-noii-legi-a-salarizarii\"><img decoding=\"async\" src=\"https:\/\/zdvi.cname.ro\/180_135\/special\/social\/greva-generala-la-spitalul-judetean-focsani-angajatii-sanitas-din-vrancea-protesteaza-impotriva-noii-legi-a-salarizarii\/mediaPool\/unfJuYu.jpg\" class=\"img-responsive img-180\" alt><\/a><\/div>\n<h2><a class=\"link-titlu\" href=\"https:\/\/ziaruldevrancea.ro\/special\/social\/greva-generala-la-spitalul-judetean-focsani-angajatii-sanitas-din-vrancea-protesteaza-impotriva-noii-legi-a-salarizarii\">Grev\u0103 general\u0103 la Spitalul Jude\u021bean Foc\u0219ani: angaja\u021bii SANITAS din Vrancea protesteaz\u0103 \u00eempotriva noii Legi a salariz\u0103rii<\/a><\/h2>\n<div class=\"date-post\"><a href=\"https:\/\/ziaruldevrancea.ro\/autor\/radu-tomescu\">Radu Tomescu<\/a>, 29 iul 2026  <\/div>\n<\/div>\n<div class=\"grup-articol-listing\">\n<div class=\"cont-pils\"><a href=\"https:\/\/ziaruldevrancea.ro\/special\/social\/20-de-ani-in-slujba-sanatatii-la-spitalul-militar-focsani-dr.-huzum-mihaela-doua-decenii-dedicate-pacientilor\"><img decoding=\"async\" src=\"https:\/\/zdvi.cname.ro\/180_135\/special\/social\/20-de-ani-in-slujba-sanatatii-la-spitalul-militar-focsani-dr.-huzum-mihaela-doua-decenii-dedicate-pacientilor\/mediaPool\/ujFM24w.PNG\" class=\"img-responsive img-180\" alt><\/a><\/div>\n<h2><a class=\"link-titlu\" href=\"https:\/\/ziaruldevrancea.ro\/special\/social\/20-de-ani-in-slujba-sanatatii-la-spitalul-militar-focsani-dr.-huzum-mihaela-doua-decenii-dedicate-pacientilor\">20 de ani \u00een slujba s\u0103n\u0103t\u0103\u021bii la Spitalul Militar Foc\u0219ani: Dr. Huzum Mihaela, dou\u0103 decenii dedicate pacien\u021bilor <\/a><\/h2>\n<div class=\"date-post\"><a href=\"https:\/\/ziaruldevrancea.ro\/autor\/camelia-marin\">Camelia Marin<\/a>, 27 iul 2026  <\/div>\n<\/div>\n<div class=\"grup-articol-listing\">\n<div class=\"cont-pils\"><a href=\"https:\/\/ziaruldevrancea.ro\/special\/social\/spitalul-municipal-adjud-isi-consolideaza-echipa-medicala-un-nou-medic-specialist-obstetrica-ginecologie-incepe-activitatea\"><img decoding=\"async\" src=\"https:\/\/zdvi.cname.ro\/180_135\/special\/social\/spitalul-municipal-adjud-isi-consolideaza-echipa-medicala-un-nou-medic-specialist-obstetrica-ginecologie-incepe-activitatea\/mediaPool\/uTjUq5y.jpg\" class=\"img-responsive img-180\" alt><\/a><\/div>\n<h2><a class=\"link-titlu\" href=\"https:\/\/ziaruldevrancea.ro\/special\/social\/spitalul-municipal-adjud-isi-consolideaza-echipa-medicala-un-nou-medic-specialist-obstetrica-ginecologie-incepe-activitatea\">Spitalul Municipal Adjud \u00ee\u0219i consolideaz\u0103 echipa medical\u0103: un nou medic specialist Obstetric\u0103-Ginecologie \u00eencepe activitatea<\/a><\/h2>\n<div class=\"date-post\"><a href=\"https:\/\/ziaruldevrancea.ro\/autor\/mircea-pavel\">Mircea Pavel<\/a>, 25 iul 2026  <\/div>\n<\/div>\n<\/div>\n<\/div>\n<div class=\"col-lg-6 bloc-egal\">\n<div class=\"card articol-listing\">\n<h6>De acela\u0219i <a href=\"https:\/\/ziaruldevrancea.ro\/autor\/camelia-marin\/\">autor<\/a><\/h6>\n<div class=\"grup-articol-listing\">\n<div class=\"cont-pils\"><a href=\"https:\/\/ziaruldevrancea.ro\/timp-liber\/vrancea-celebreaza-ziua-nationala-a-salvamont-romania-demonstratii-activitati-pentru-copii-si-intalnire-cu-salvatorii-montani-la-crangul-petresti\"><img decoding=\"async\" src=\"https:\/\/zdvi.cname.ro\/180_135\/timp-liber\/vrancea-celebreaza-ziua-nationala-a-salvamont-romania-demonstratii-activitati-pentru-copii-si-intalnire-cu-salvatorii-montani-la-crangul-petresti\/mediaPool\/u3KcG10.jpg\" class=\"img-responsive img-180\" alt><\/a><\/div>\n<h2><a class=\"link-titlu\" href=\"https:\/\/ziaruldevrancea.ro\/timp-liber\/vrancea-celebreaza-ziua-nationala-a-salvamont-romania-demonstratii-activitati-pentru-copii-si-intalnire-cu-salvatorii-montani-la-crangul-petresti\"> Vrancea celebreaz\u0103 Ziua Na\u021bional\u0103 a Salvamont Rom\u00e2nia: demonstra\u021bii, activit\u0103\u021bi pentru copii \u0219i \u00eent\u00e2lnire cu salvatorii montani la Cr\u00e2ngul Petre\u0219ti<\/a><\/h2>\n<div class=\"date-post\"><a href=\"https:\/\/ziaruldevrancea.ro\/autor\/camelia-marin\">Camelia Marin<\/a>, 30 iul 2026  <\/div>\n<\/div>\n<div class=\"grup-articol-listing\">\n<div class=\"cont-pils\"><a href=\"https:\/\/ziaruldevrancea.ro\/timp-liber\/biblioteca-de-vacanta-revine-in-vrancea-crangul-petresti-devine-in-luna-august-locul-unde-copiii-descopera-lectura-jocul-si-creativitatea\"><img decoding=\"async\" src=\"https:\/\/zdvi.cname.ro\/180_135\/timp-liber\/biblioteca-de-vacanta-revine-in-vrancea-crangul-petresti-devine-in-luna-august-locul-unde-copiii-descopera-lectura-jocul-si-creativitatea\/mediaPool\/u1rpGJ2.jpeg\" class=\"img-responsive img-180\" alt><\/a><\/div>\n<h2><a class=\"link-titlu\" href=\"https:\/\/ziaruldevrancea.ro\/timp-liber\/biblioteca-de-vacanta-revine-in-vrancea-crangul-petresti-devine-in-luna-august-locul-unde-copiii-descopera-lectura-jocul-si-creativitatea\">Biblioteca de Vacan\u021b\u0103 revine \u00een Vrancea: Cr\u00e2ngul Petre\u0219ti devine, \u00een luna august, locul unde copiii descoper\u0103 lectura, jocul \u0219i creativitatea<\/a><\/h2>\n<div class=\"date-post\"><a href=\"https:\/\/ziaruldevrancea.ro\/autor\/camelia-marin\">Camelia Marin<\/a>, 30 iul 2026  <\/div>\n<\/div>\n<div class=\"grup-articol-listing\">\n<div class=\"cont-pils\"><a href=\"https:\/\/ziaruldevrancea.ro\/actualitatea\/stiri-locale\/ziua-imnului-national-marcata-la-iresti-politistii-vranceni-si-copiii-din-parohie-au-cantat-impreuna-desteapta-te-romane\"><img decoding=\"async\" src=\"https:\/\/zdvi.cname.ro\/180_135\/actualitatea\/stiri-locale\/ziua-imnului-national-marcata-la-iresti-politistii-vranceni-si-copiii-din-parohie-au-cantat-impreuna-desteapta-te-romane\/mediaPool\/ubvjYfR.jpg\" class=\"img-responsive img-180\" alt><\/a><\/div>\n<h2><a class=\"link-titlu\" href=\"https:\/\/ziaruldevrancea.ro\/actualitatea\/stiri-locale\/ziua-imnului-national-marcata-la-iresti-politistii-vranceni-si-copiii-din-parohie-au-cantat-impreuna-desteapta-te-romane\">Ziua Imnului Na\u021bional, marcat\u0103 la Ire\u0219ti: poli\u021bi\u0219tii vr\u00e2nceni \u0219i copiii din parohie au c\u00e2ntat \u00eempreun\u0103 \u201eDe\u0219teapt\u0103-te, rom\u00e2ne!\u201d<\/a><\/h2>\n<div class=\"date-post\"><a href=\"https:\/\/ziaruldevrancea.ro\/autor\/camelia-marin\">Camelia Marin<\/a>, 29 iul 2026  <\/div>\n<\/div>\n<\/div>\n<\/div>\n<\/div>\n<\/div>\n<div class=\"extra-articol listing-anunturi\">\n<h6>Anun\u021buri <span class=\"text-primary\">ZdV<\/span> Premium<\/h6>\n<div class=\"row\">\n<div class=\"col-lg-4 col-md-6 bloc-egal\"><a class=\"card-anunt\" href=\"https:\/\/ziaruldevrancea.ro\/anunturi\/imobiliare\/vanzari-case\/vand-casa-si-teren-in-panciu-anunt-72818\"><strong class=\"titlu\">V\u00e2nz\u0103ri case<\/strong><span class=\"text-anunt\">V\u00e2nd cas\u0103 cu 2 camere, buc\u0103t\u0103rie, baie,&#8230;<\/span><span class=\"data-anunt\">23.07.2026  <\/span><\/a><\/div>\n<div class=\"col-lg-4 col-md-6 bloc-egal\"><a class=\"card-anunt\" href=\"https:\/\/ziaruldevrancea.ro\/anunturi\/angajari\/cereri-angajari\/doresc-angajare-anunt-72815\"><strong class=\"titlu\">Cereri<\/strong><span class=\"text-anunt\">Doresc s\u0103 am grij\u0103 de un copil de gradini\u021b\u0103&#8230;<\/span><span class=\"data-anunt\">21.07.2026  <\/span><\/a><\/div>\n<div class=\"col-lg-4 col-md-6 bloc-egal\"><a class=\"card-anunt\" href=\"https:\/\/ziaruldevrancea.ro\/anunturi\/inchirieri\/locuinte-oferte\/primesc-in-gazda-anunt-72816\"><strong class=\"titlu\">Locuin\u021be oferte<\/strong><span class=\"text-anunt\">\u00a0Primesc \u00een gazd\u0103 la cas\u0103.<\/p>\n<p>Tel&#8230;.<\/span><span class=\"data-anunt\">21.07.2026  <\/span><\/a><\/div>\n<\/div>\n<\/div>\n<div class=\"bloc-widget widget-albastru\">\n    Ziarul de Vrancea \u00a0nu este responsabil juridic pentru con\u0163inutul textelor din comentariile de mai jos. Responsabilitatea pentru mesajele dumneavoastra v\u0103 revine \u00een exclusivitate.\n<\/div>\n<div class=\"comentarii-articol\" id=\"comentarii\">\n<h3>Comentarii: <span class=\"text-primary\">0<\/span><\/h3>\n<p><a href=\"https:\/\/ziaruldevrancea.ro\/special\/social\/vacanta-la-mare-pentru-tinerii-de-la-centrul-sfanta-maria-din-golesti-datorita-proiectului-a-doua-sansa-pentru-viata\" class=\"btn btn-success btn-adauga-com\" data-toggle=\"modal\" data-parent=\"0\" data-target=\"#commentModal\">Adaug\u0103 comentariu<\/a><\/p>\n<div class=\"loadMask comments-mask\"><img decoding=\"async\" src=\"https:\/\/zdvs.cname.ro\/images\/loader_40.gif\"><\/div>\n<div class=\"comenteaza-jos\">Trebuie s\u0103 fii <a href=\"https:\/\/ziaruldevrancea.ro\/account\">autentificat<\/a> pentru a putea <a href=\"https:\/\/ziaruldevrancea.ro\/special\/social\/vacanta-la-mare-pentru-tinerii-de-la-centrul-sfanta-maria-din-golesti-datorita-proiectului-a-doua-sansa-pentru-viata\" class data-toggle=\"modal\" data-parent=\"0\" data-target=\"#commentModal\">posta un comentariu<\/a>.<\/div>\n<\/div>\n<div class=\"modal fade\" id=\"commentModal\" role=\"dialog\" aria-labelledby=\"commentModalLabel\">\n<div class=\"modal-dialog modal-lg\" role=\"document\">\n<div class=\"modal-content\">\n<div class=\"modal-header\">\n<h3 class=\"modal-title\" id=\"commentModalLabel\">Comenteaz\u0103<\/h3>\n<\/div>\n<div class=\"modal-body\">\n<div class=\"tabel tabel-full\">\n<div class=\"celula\">\n              Trebuie s\u0103 fii <a href=\"https:\/\/ziaruldevrancea.ro\/account\">autentificat<\/a> pentru a putea posta un comentariu.\n            <\/div>\n<\/div>\n<\/div>\n<div class=\"modal-footer\">\n<div id=\"commentPending\" class=\"formPending pull-left\"><img decoding=\"async\" src=\"https:\/\/zdvs.cname.ro\/images\/loader_40.gif\"> In curs de procesare&#8230;<\/div>\n<p><a href=\"https:\/\/ziaruldevrancea.ro\/special\/social\/vacanta-la-mare-pentru-tinerii-de-la-centrul-sfanta-maria-din-golesti-datorita-proiectului-a-doua-sansa-pentru-viata\" class=\"btn btn-default\" data-dismiss=\"modal\">Anuleaz\u0103<\/a><\/div>\n<\/div>\n<\/div>\n<\/div>\n<div class=\"modal fade\" id=\"commentReportModal\" role=\"dialog\" aria-labelledby=\"commentReportModalLabel\">\n<div class=\"modal-dialog modal-lg\" role=\"document\">\n<div class=\"modal-content\">\n<div class=\"modal-header\">\n<h3 class=\"modal-title\" id=\"commentReportModalLabel\">Raporteaza comentariu<\/h3>\n<\/div>\n<div class=\"modal-body\">\n<div class=\"tabel tabel-full\">\n<div class=\"celula\">\n              Trebuie s\u0103 fii <a href=\"https:\/\/ziaruldevrancea.ro\/account\">autentificat<\/a> pentru a putea raporta un comentariu.\n            <\/div>\n<\/div>\n<\/div>\n<div class=\"modal-footer\">\n<div id=\"commentReportPending\" class=\"formPending pull-left\"><img decoding=\"async\" src=\"https:\/\/zdvs.cname.ro\/images\/loader_40.gif\"> In curs de procesare&#8230;<\/div>\n<p><a href=\"https:\/\/ziaruldevrancea.ro\/special\/social\/vacanta-la-mare-pentru-tinerii-de-la-centrul-sfanta-maria-din-golesti-datorita-proiectului-a-doua-sansa-pentru-viata\" class=\"btn btn-default\" data-dismiss=\"modal\">Anuleaz\u0103<\/a><\/div>\n<\/div>\n<\/div>\n<\/div>\n<div class=\"modal fade\" id=\"commentLikeModal\" role=\"dialog\" aria-labelledby=\"commentLikeModalLabel\">\n<div class=\"modal-dialog modal-lg\" role=\"document\">\n<div class=\"modal-content\">\n<div class=\"modal-header\">\n<h3 class=\"modal-title\" id=\"commentReportModalLabel\">Apreciaza comentariu<\/h3>\n<\/div>\n<div class=\"modal-body\">\n<div class=\"tabel tabel-full\">\n<div class=\"celula\">\n            Trebuie s\u0103 fii <a href=\"https:\/\/ziaruldevrancea.ro\/account\">autentificat<\/a> pentru a putea aprecia un comentariu.\n          <\/div>\n<\/div>\n<\/div>\n<div class=\"modal-footer\"><a href=\"https:\/\/ziaruldevrancea.ro\/special\/social\/vacanta-la-mare-pentru-tinerii-de-la-centrul-sfanta-maria-din-golesti-datorita-proiectului-a-doua-sansa-pentru-viata\" class=\"btn btn-default\" data-dismiss=\"modal\">Anuleaz\u0103<\/a><\/div>\n<\/div>\n<\/div>\n<\/div>\n<div class=\"bloc-widget widget-rosu\"><span><small>Ziarul de Vrancea doreste ca acest site sa fie un spatiu al discutiilor civilizate, al comentariilor de bun simt. Din acest motiv, cei care posteaza comentarii la articole trebuie sa respecte urmatoarele reguli:<br \/>\n1. Sa se refere doar la articolul la care posteaza comentarii.<br \/>\n2. Sa foloseasca un limbaj civilizat, fara injurii, calomnii, comentarii antisemite, xenofobe sau rasiste.<br \/>\n3. Sunt interzise atacurile la adresa autorilor, daca acestea nu au legatura cu textul.<br \/>\n4. Username-ul sa nu fie nume de personalitati ale vietii publice sau parodieri ale acestora.<br \/>\nAutorul unui articol poate fi criticat pentru eventuale greseli, incoerenta, lipsa de documentare etc.<br \/>\nNerespectarea regulilor mentionate mai sus va duce la stergerea comentariilor, fara avertisment si fara explicatii.<br \/>\nAbaterile repetate vor avea drept consecinta interdictia accesului la aceasta facilitate a site-ului.<\/small><\/span><\/div>\n<\/div>\n<p>[analyse_source url=&#8221;https:\/\/ziaruldevrancea.ro\/special\/social\/vacanta-la-mare-pentru-tinerii-de-la-centrul-sfanta-maria-din-golesti-datorita-proiectului-a-doua-sansa-pentru-viata&#8221;]<\/p>\n","protected":false},"excerpt":{"rendered":"<p>[analyse_image type=&#8221;featured&#8221; src=&#8221;https:\/\/zdvi.cname.ro\/_\/vacanta-la-mare-pentru-tinerii-de-la-centrul-sfanta-maria-din-golesti-datorita-proiectului-a-doua-sansa-pentru-viata\/mediaPool\/unL6JIy.jpg&#8221;] Social Vacan\u021b\u0103 la mare pentru tinerii de la Centrul \u201eSf\u00e2nta Maria\u201d din Gole\u0219ti, datorit\u0103 proiectului \u201eA doua \u0219ans\u0103 pentru via\u021b\u0103\u201d Distribuie: \u00a0 | Camelia Marin 30 iul 2026308 vizualiz\u0103ri Patru zile pline de bucurie, z\u00e2mbete \u0219i experien\u021be de neuitat la N\u0103vodari pentru beneficiarii Centrului \u201eSf\u00e2nta Maria\u201d din Gole\u0219ti. Excursia a fost posibil\u0103 [&hellip;]<\/p>\n","protected":false},"author":1,"featured_media":0,"comment_status":"open","ping_status":"","sticky":false,"template":"","format":"standard","meta":{"footnotes":""},"categories":[89],"tags":[226,208],"class_list":["post-2070112","post","type-post","status-publish","format-standard","hentry","category-romania","tag-crawlmanager","tag-ziaruldevrancea-ro"],"_links":{"self":[{"href":"https:\/\/analyse.optim.biz\/index.php?rest_route=\/wp\/v2\/posts\/2070112","targetHints":{"allow":["GET"]}}],"collection":[{"href":"https:\/\/analyse.optim.biz\/index.php?rest_route=\/wp\/v2\/posts"}],"about":[{"href":"https:\/\/analyse.optim.biz\/index.php?rest_route=\/wp\/v2\/types\/post"}],"author":[{"embeddable":true,"href":"https:\/\/analyse.optim.biz\/index.php?rest_route=\/wp\/v2\/users\/1"}],"replies":[{"embeddable":true,"href":"https:\/\/analyse.optim.biz\/index.php?rest_route=%2Fwp%2Fv2%2Fcomments&post=2070112"}],"version-history":[{"count":0,"href":"https:\/\/analyse.optim.biz\/index.php?rest_route=\/wp\/v2\/posts\/2070112\/revisions"}],"wp:attachment":[{"href":"https:\/\/analyse.optim.biz\/index.php?rest_route=%2Fwp%2Fv2%2Fmedia&parent=2070112"}],"wp:term":[{"taxonomy":"category","embeddable":true,"href":"https:\/\/analyse.optim.biz\/index.php?rest_route=%2Fwp%2Fv2%2Fcategories&post=2070112"},{"taxonomy":"post_tag","embeddable":true,"href":"https:\/\/analyse.optim.biz\/index.php?rest_route=%2Fwp%2Fv2%2Ftags&post=2070112"}],"curies":[{"name":"wp","href":"https:\/\/api.w.org\/{rel}","templated":true}]}}