{"id":2070111,"date":"2026-07-29T00:00:00","date_gmt":"2026-07-28T21:00:00","guid":{"rendered":"https:\/\/analyse.optim.biz\/?p=2070111"},"modified":"2026-07-29T00:00:00","modified_gmt":"2026-07-28T21:00:00","slug":"greva-generala-la-spitalul-judetean-focsani-angajatii-sanitas-din-vrancea-protesteaza-impotriva-noii-legi-a-salarizarii","status":"publish","type":"post","link":"https:\/\/analyse.optim.biz\/?p=2070111","title":{"rendered":"Grev\u0103 general\u0103 la Spitalul Jude\u021bean Foc\u0219ani: angaja\u021bii SANITAS din Vrancea protesteaz\u0103 \u00eempotriva noii Legi a salariz\u0103rii"},"content":{"rendered":"<p>[analyse_image type=&#8221;featured&#8221; src=&#8221;https:\/\/zdvi.cname.ro\/_\/greva-generala-la-spitalul-judetean-focsani-angajatii-sanitas-din-vrancea-protesteaza-impotriva-noii-legi-a-salarizarii\/mediaPool\/unfJuYu.jpg&#8221;]<\/p>\n<div class=\"main-content detaliu-articol\"><a class=\"titlu-cat-list\" href=\"https:\/\/ziaruldevrancea.ro\/special\/social\">Social<\/a><\/p>\n<h1>Grev\u0103 general\u0103 la Spitalul Jude\u021bean Foc\u0219ani: angaja\u021bii SANITAS din Vrancea protesteaz\u0103 \u00eempotriva noii Legi a salariz\u0103rii<\/h1>\n<div class=\"date-articol clearfix\">\n<div class=\"distribuie-articol dropdown\">\n    Distribuie: \u00a0<br \/>\n    <em>|<\/em><\/div>\n<div class=\"autor-articol\"><a href=\"https:\/\/ziaruldevrancea.ro\/autor\/radu-tomescu\/\"><img decoding=\"async\" class=\"img-circle\" src=\"https:\/\/zdvi.cname.ro\/50_50\/articleAuthor\/radu-tomescu\/articleAuthor\/ucx2Ggg.PNG\" alt><\/a><\/p>\n<h5><a href=\"https:\/\/ziaruldevrancea.ro\/autor\/radu-tomescu\/\">Radu Tomescu<\/a><\/h5>\n<div class=\"grup-spatiere\"><span class=\"cu-spatiere\">29 iul 2026<\/span><span class=\"cu-spatiere\">774 vizualiz\u0103ri<\/span><\/div>\n<\/div>\n<\/div>\n<div class=\"poza-mare\"><a href class=\"openGallery\"><img decoding=\"async\" class=\"img-responsive\" src=\"https:\/\/zdvi.cname.ro\/850_530\/greva-generala-la-spitalul-judetean-focsani-angajatii-sanitas-din-vrancea-protesteaza-impotriva-noii-legi-a-salarizarii\/article\/mediaPool\/unfJuYu.jpg\" alt><\/a><\/div>\n<p><strong>Personalul medical afiliat Federa\u021biei SANITAS a participat mar\u021bi la greva general\u0103 organizat\u0103 la nivel na\u021bional. La Spitalul Jude\u021bean de Urgen\u021b\u0103 \u201eSf\u00e2ntul Pantelimon\u201d Foc\u0219ani au fost asigurate urgen\u021bele \u0219i serviciile medicale esen\u021biale, \u00een timp ce sindicali\u0219tii au cerut reluarea dialogului privind noua Lege a salariz\u0103rii.<\/strong><\/p>\n<p><strong>Grev\u0103 general\u0103 la Spitalul Jude\u021bean Foc\u0219ani: angaja\u021bii SANITAS din Vrancea protesteaz\u0103 \u00eempotriva noii Legi a salariz\u0103rii<\/strong><\/p>\n<p>Angaja\u021bi ai Spitalului Jude\u021bean de Urgen\u021b\u0103 \u201eSf\u00e2ntul Pantelimon\u201d din Foc\u0219ani, membri ai Federa\u021biei SANITAS, au participat mar\u021bi, 28 iulie 2026, la greva general\u0103 declan\u0219at\u0103 la nivel na\u021bional \u00een sistemul public de s\u0103n\u0103tate. Ac\u021biunea de protest s-a desf\u0103\u0219urat simultan \u00een sute de unit\u0103\u021bi medicale din \u021bar\u0103 \u0219i are ca principal obiect de nemul\u021bumire proiectul noii Legi a salariz\u0103rii personalului pl\u0103tit din fonduri publice.<\/p>\n<p>La Foc\u0219ani, sindicali\u0219tii s-au adunat \u00een fa\u021ba Spitalului Jude\u021bean pentru a transmite un mesaj de solidaritate cu colegii din \u00eentreaga \u021bar\u0103 \u0219i pentru a solicita autorit\u0103\u021bilor reluarea negocierilor privind viitoarea lege a salariz\u0103rii.<\/p>\n<p><strong>Activitatea medical\u0103 esen\u021bial\u0103 a fost asigurat\u0103<\/strong><\/p>\n<p>De\u0219i protestul s-a desf\u0103\u0219urat \u00een cadrul unei greve generale, activitatea medical\u0103 indispensabil\u0103 nu a fost \u00eentrerupt\u0103. Au fost asigurate serviciile de urgen\u021b\u0103, \u00eengrijirea pacien\u021bilor interna\u021bi \u0219i toate interven\u021biile care nu puteau fi am\u00e2nate.<\/p>\n<p>Liderul SANITAS Vrancea, <strong>Claudiu Grosu<\/strong>, a precizat c\u0103 protestul nu este \u00eendreptat \u00eempotriva pacien\u021bilor, ci reprezint\u0103 un semnal de alarm\u0103 privind situa\u021bia din sistemul sanitar.<\/p>\n<p>Potrivit acestuia, scopul ac\u021biunii este ap\u0103rarea drepturilor angaja\u021bilor din s\u0103n\u0103tate \u0219i evitarea unor m\u0103suri care, \u00een opinia sindicali\u0219tilor, ar conduce la diminuarea veniturilor \u0219i la accentuarea deficitului de personal.<\/p>\n<p>Managerul Spitalului Jude\u021bean de Urgen\u021b\u0103 Foc\u0219ani, <strong>Florin Monac<\/strong>, a declarat c\u0103 activitatea unit\u0103\u021bii medicale nu a fost afectat\u0103 \u0219i c\u0103 pacien\u021bii au beneficiat \u00een continuare de toate serviciile esen\u021biale.<\/p>\n<p>Acesta a apreciat c\u0103 angaja\u021bii au dreptul legal de a protesta \u0219i a subliniat c\u0103 presiunea asupra personalului medical r\u0103m\u00e2ne una ridicat\u0103, \u00een condi\u021biile \u00een care mul\u021bi salaria\u021bi efectueaz\u0103 un num\u0103r mare de ore suplimentare \u0219i g\u0103rzi.<\/p>\n<p><strong>Sindicali\u0219tii contest\u0103 proiectul noii Legi a salariz\u0103rii<\/strong><\/p>\n<p>Federa\u021bia SANITAS sus\u021bine c\u0103 proiectul noii Legi a salariz\u0103rii a fost elaborat f\u0103r\u0103 consultarea real\u0103 a partenerilor sociali \u0219i c\u0103 forma actual\u0103 ar putea genera sc\u0103deri de venit pentru numeroase categorii de personal din s\u0103n\u0103tate \u0219i asisten\u021b\u0103 social\u0103.<\/p>\n<p>Reprezentan\u021bii organiza\u021biei sindicale afirm\u0103 c\u0103 protestele vor continua p\u00e2n\u0103 c\u00e2nd autorit\u0103\u021bile vor prezenta un proiect elaborat \u00eempreun\u0103 cu organiza\u021biile sindicale \u0219i care s\u0103 respecte principiile echit\u0103\u021bii, transparen\u021bei \u0219i recunoa\u0219terii muncii din sistemul sanitar.<\/p>\n<p>Totodat\u0103, liderii SANITAS au sus\u021binut public c\u0103 unii membri de sindicat ar fi fost supu\u0219i unor presiuni pentru a renun\u021ba la participarea la grev\u0103. Aceste afirma\u021bii au fost formulate de reprezentan\u021bii organiza\u021biei sindicale \u0219i nu au fost confirmate oficial de autorit\u0103\u021bi.<\/p>\n<p><strong>Discu\u021biile cu autorit\u0103\u021bile nu au dus la suspendarea protestelor<\/strong><\/p>\n<p>Greva general\u0103 a fost declan\u0219at\u0103 dup\u0103 ce \u00eent\u00e2lnirile desf\u0103\u0219urate \u00een ultimele zile \u00eentre reprezentan\u021bii Federa\u021biei SANITAS \u0219i autorit\u0103\u021bi nu au condus la un acord privind suspendarea protestelor.<\/p>\n<p>Sindicali\u0219tii solicit\u0103, \u00eentre altele:<\/p>\n<ul>\n<li>elaborarea noii Legi a salariz\u0103rii \u00een urma unui dialog real cu partenerii sociali;<\/li>\n<li>men\u021binerea veniturilor actuale ale angaja\u021bilor din s\u0103n\u0103tate;<\/li>\n<li>deblocarea posturilor vacante din sistemul sanitar;<\/li>\n<li>reducerea deficitului de personal \u0219i \u00eembun\u0103t\u0103\u021birea condi\u021biilor de munc\u0103.<\/li>\n<\/ul>\n<p>Federa\u021bia SANITAS sus\u021bine c\u0103 deficitul de personal din sistemul public de s\u0103n\u0103tate dep\u0103\u0219e\u0219te 30.000 de posturi la nivel na\u021bional \u0219i avertizeaz\u0103 c\u0103 lipsa investi\u021biilor \u00een resursa uman\u0103 poate afecta pe termen lung func\u021bionarea spitalelor.<\/p>\n<p><strong>Context juridic<\/strong><\/p>\n<p>\u00cenaintea declan\u0219\u0103rii grevei, Federa\u021bia SANITAS a atras aten\u021bia asupra modului \u00een care ar trebui aplicate prevederile Legii dialogului social privind suspendarea contractelor individuale de munc\u0103 pe durata particip\u0103rii la grev\u0103.<\/p>\n<p>Organiza\u021bia sindical\u0103 a invocat Decizia nr. 5\/2025 a \u00cenaltei Cur\u021bi de Casa\u021bie \u0219i Justi\u021bie, potrivit c\u0103reia suspendarea contractului individual de munc\u0103 opereaz\u0103 exclusiv pe perioada particip\u0103rii efective la grev\u0103 \u0219i nu anterior \u00eenceperii acesteia.<\/p>\n<p>\u00cen paralel, proiectul noii Legi a salariz\u0103rii r\u0103m\u00e2ne \u00eentr-o etap\u0103 de incertitudine juridic\u0103, dup\u0103 ce Curtea de Apel Bucure\u0219ti a suspendat recent procedura privind proiectul, hot\u0103r\u00e2re care poate fi atacat\u0103 cu recurs.<\/p>\n<p>De partea cealalt\u0103, reprezentan\u021bii Ministerului Muncii au anun\u021bat c\u0103 procesul de consultare privind viitoarea lege va continua, iar Ministerul S\u0103n\u0103t\u0103\u021bii a transmis c\u0103 unele propuneri formulate de organiza\u021biile sindicale au fost deja acceptate, inclusiv cele referitoare la sporurile pentru g\u0103rzile din structurile de urgen\u021b\u0103 \u0219i la analizarea unui sistem de salarizare bazat pe performan\u021b\u0103.<\/p>\n<p>\u00cen jude\u021bul Vrancea, protestul de mar\u021bi s-a desf\u0103\u0219urat f\u0103r\u0103 incidente, iar activitatea medical\u0103 pentru urgen\u021be \u0219i cazurile care necesitau interven\u021bie imediat\u0103 a fost asigurat\u0103 pe \u00eentreaga durat\u0103 a grevei.<\/p>\n<p><strong>Radu Tomescu\u00a0<\/strong><\/p>\n<hr>\n<div class=\"bloc-widget widget-rosu\">\n<p>\u00cen lipsa unui acord scris din partea Ziarului de Vrancea, pute\u0163i prelua maxim 500 de caractere din acest articol dac\u0103 preciza\u0163i sursa \u015fi insera\u0163i vizibil link-ul articolului:\u00a0<span>#insertcurrentlinkhere<\/span><\/p>\n<\/div>\n<div class=\"extra-articol listing-anunturi\">\n<h6>Anun\u021buri <span class=\"text-primary\">ZdV<\/span> Premium<\/h6>\n<div class=\"row\">\n<div class=\"col-lg-4 col-md-6 bloc-egal\"><a class=\"card-anunt\" href=\"https:\/\/ziaruldevrancea.ro\/anunturi\/imobiliare\/vanzari-terenuri\/vand-teren-in-panciu\"><strong class=\"titlu\">V\u00e2nz\u0103ri terenuri<\/strong><span class=\"text-anunt\">Teren Panciu 1170 mp, cu num\u0103r cas\u0103, ap\u0103&#8230;<\/span><span class=\"data-anunt\">29.07.2026  <\/span><\/a><\/div>\n<div class=\"col-lg-4 col-md-6 bloc-egal\"><a class=\"card-anunt\" href=\"https:\/\/ziaruldevrancea.ro\/anunturi\/altele\/anulare-acte\/vand-scrumbii-afumate-capturi-dunare\"><strong class=\"titlu\">Vanzari diverse<\/strong><span class=\"text-anunt\">Pret : 117 lei \/ kg . \u00a0 Este&#8230;<\/span><span class=\"data-anunt\">29.07.2026 , Gala\u021bi , Gala\u021bi<\/span><\/a><\/div>\n<div class=\"col-lg-4 col-md-6 bloc-egal\"><a class=\"card-anunt\" href=\"https:\/\/ziaruldevrancea.ro\/anunturi\/necrolog\/decese\/dumnezeu-sa-o-aseze-in-randul-celor-drepti\"><strong class=\"titlu\">Decese<\/strong><span class=\"text-anunt\">Cu profund\u0103 durere, familia anun\u021b\u0103 trecerea la&#8230;<\/span><span class=\"data-anunt\">28.07.2026  <\/span><\/a><\/div>\n<\/div>\n<\/div>\n<div class=\"extra-articol alte-articole\">\n<div class=\"row\">\n<div class=\"col-lg-6 bloc-egal\">\n<div class=\"card articol-listing\">\n<h6>\u00cen categoria <a href=\"https:\/\/ziaruldevrancea.ro\/special\/social\">Social<\/a><\/h6>\n<div class=\"grup-articol-listing\">\n<div class=\"cont-pils\"><a href=\"https:\/\/ziaruldevrancea.ro\/special\/social\/vacanta-la-mare-pentru-tinerii-de-la-centrul-sfanta-maria-din-golesti-datorita-proiectului-a-doua-sansa-pentru-viata\"><img decoding=\"async\" src=\"https:\/\/zdvi.cname.ro\/180_135\/special\/social\/vacanta-la-mare-pentru-tinerii-de-la-centrul-sfanta-maria-din-golesti-datorita-proiectului-a-doua-sansa-pentru-viata\/mediaPool\/unL6JIy.jpg\" class=\"img-responsive img-180\" alt><\/a><\/div>\n<h2><a class=\"link-titlu\" href=\"https:\/\/ziaruldevrancea.ro\/special\/social\/vacanta-la-mare-pentru-tinerii-de-la-centrul-sfanta-maria-din-golesti-datorita-proiectului-a-doua-sansa-pentru-viata\">Vacan\u021b\u0103 la mare pentru tinerii de la Centrul \u201eSf\u00e2nta Maria\u201d din Gole\u0219ti, datorit\u0103 proiectului \u201eA doua \u0219ans\u0103 pentru via\u021b\u0103\u201d<\/a><\/h2>\n<div class=\"date-post\"><a href=\"https:\/\/ziaruldevrancea.ro\/autor\/camelia-marin\">Camelia Marin<\/a>, 30 iul 2026  <\/div>\n<\/div>\n<div class=\"grup-articol-listing\">\n<div class=\"cont-pils\"><a href=\"https:\/\/ziaruldevrancea.ro\/special\/social\/20-de-ani-in-slujba-sanatatii-la-spitalul-militar-focsani-dr.-huzum-mihaela-doua-decenii-dedicate-pacientilor\"><img decoding=\"async\" src=\"https:\/\/zdvi.cname.ro\/180_135\/special\/social\/20-de-ani-in-slujba-sanatatii-la-spitalul-militar-focsani-dr.-huzum-mihaela-doua-decenii-dedicate-pacientilor\/mediaPool\/ujFM24w.PNG\" class=\"img-responsive img-180\" alt><\/a><\/div>\n<h2><a class=\"link-titlu\" href=\"https:\/\/ziaruldevrancea.ro\/special\/social\/20-de-ani-in-slujba-sanatatii-la-spitalul-militar-focsani-dr.-huzum-mihaela-doua-decenii-dedicate-pacientilor\">20 de ani \u00een slujba s\u0103n\u0103t\u0103\u021bii la Spitalul Militar Foc\u0219ani: Dr. Huzum Mihaela, dou\u0103 decenii dedicate pacien\u021bilor <\/a><\/h2>\n<div class=\"date-post\"><a href=\"https:\/\/ziaruldevrancea.ro\/autor\/camelia-marin\">Camelia Marin<\/a>, 27 iul 2026  <\/div>\n<\/div>\n<div class=\"grup-articol-listing\">\n<div class=\"cont-pils\"><a href=\"https:\/\/ziaruldevrancea.ro\/special\/social\/spitalul-municipal-adjud-isi-consolideaza-echipa-medicala-un-nou-medic-specialist-obstetrica-ginecologie-incepe-activitatea\"><img decoding=\"async\" src=\"https:\/\/zdvi.cname.ro\/180_135\/special\/social\/spitalul-municipal-adjud-isi-consolideaza-echipa-medicala-un-nou-medic-specialist-obstetrica-ginecologie-incepe-activitatea\/mediaPool\/uTjUq5y.jpg\" class=\"img-responsive img-180\" alt><\/a><\/div>\n<h2><a class=\"link-titlu\" href=\"https:\/\/ziaruldevrancea.ro\/special\/social\/spitalul-municipal-adjud-isi-consolideaza-echipa-medicala-un-nou-medic-specialist-obstetrica-ginecologie-incepe-activitatea\">Spitalul Municipal Adjud \u00ee\u0219i consolideaz\u0103 echipa medical\u0103: un nou medic specialist Obstetric\u0103-Ginecologie \u00eencepe activitatea<\/a><\/h2>\n<div class=\"date-post\"><a href=\"https:\/\/ziaruldevrancea.ro\/autor\/mircea-pavel\">Mircea Pavel<\/a>, 25 iul 2026  <\/div>\n<\/div>\n<\/div>\n<\/div>\n<div class=\"col-lg-6 bloc-egal\">\n<div class=\"card articol-listing\">\n<h6>De acela\u0219i <a href=\"https:\/\/ziaruldevrancea.ro\/autor\/radu-tomescu\/\">autor<\/a><\/h6>\n<div class=\"grup-articol-listing\">\n<div class=\"cont-pils\"><a href=\"https:\/\/ziaruldevrancea.ro\/actualitatea\/stiri-locale\/dosar-de-trafic-de-droguri-in-vrancea-trei-persoane-cercetate-canabis-si-cocaina-vandute-in-adjud-potrivit-anchetatorilor\"><img decoding=\"async\" src=\"https:\/\/zdvi.cname.ro\/180_135\/actualitatea\/stiri-locale\/dosar-de-trafic-de-droguri-in-vrancea-trei-persoane-cercetate-canabis-si-cocaina-vandute-in-adjud-potrivit-anchetatorilor\/mediaPool\/ucfOmNt.JPG\" class=\"img-responsive img-180\" alt><\/a><\/div>\n<h2><a class=\"link-titlu\" href=\"https:\/\/ziaruldevrancea.ro\/actualitatea\/stiri-locale\/dosar-de-trafic-de-droguri-in-vrancea-trei-persoane-cercetate-canabis-si-cocaina-vandute-in-adjud-potrivit-anchetatorilor\">Dosar de trafic de droguri \u00een Vrancea: trei persoane cercetate, canabis \u0219i cocain\u0103 v\u00e2ndute \u00een Adjud, potrivit anchetatorilor<\/a><\/h2>\n<div class=\"date-post\"><a href=\"https:\/\/ziaruldevrancea.ro\/autor\/radu-tomescu\">Radu Tomescu<\/a>, 30 iul 2026  <\/div>\n<\/div>\n<div class=\"grup-articol-listing\">\n<div class=\"cont-pils\"><a href=\"https:\/\/ziaruldevrancea.ro\/actualitatea\/stiri-locale\/Sofer-din-vidra-depistat-baut-la-volan-pe-dn2d.-politistii-din-vrancea-au-deschis-dosar-penal\"><img decoding=\"async\" src=\"https:\/\/zdvi.cname.ro\/180_135\/actualitatea\/stiri-locale\/Sofer-din-vidra-depistat-baut-la-volan-pe-dn2d.-politistii-din-vrancea-au-deschis-dosar-penal\/mediaPool\/uRApAly.jpg\" class=\"img-responsive img-180\" alt><\/a><\/div>\n<h2><a class=\"link-titlu\" href=\"https:\/\/ziaruldevrancea.ro\/actualitatea\/stiri-locale\/Sofer-din-vidra-depistat-baut-la-volan-pe-dn2d.-politistii-din-vrancea-au-deschis-dosar-penal\">\u0218ofer din Vidra, depistat b\u0103ut la volan pe DN2D. Poli\u021bi\u0219tii din Vrancea au deschis dosar penal<\/a><\/h2>\n<div class=\"date-post\"><a href=\"https:\/\/ziaruldevrancea.ro\/autor\/radu-tomescu\">Radu Tomescu<\/a>, 30 iul 2026  <\/div>\n<\/div>\n<div class=\"grup-articol-listing\">\n<div class=\"cont-pils\"><a href=\"https:\/\/ziaruldevrancea.ro\/actualitatea\/stiri-locale\/accident-grav-in-vrancea-pieton-ranit-dupa-ce-a-fost-lovit-de-un-autoturism-la-dragosloveni-in-comuna-dumbraveni\"><img decoding=\"async\" src=\"https:\/\/zdvi.cname.ro\/180_135\/actualitatea\/stiri-locale\/accident-grav-in-vrancea-pieton-ranit-dupa-ce-a-fost-lovit-de-un-autoturism-la-dragosloveni-in-comuna-dumbraveni\/mediaPool\/u9KFdc2.jpg\" class=\"img-responsive img-180\" alt><\/a><\/div>\n<h2><a class=\"link-titlu\" href=\"https:\/\/ziaruldevrancea.ro\/actualitatea\/stiri-locale\/accident-grav-in-vrancea-pieton-ranit-dupa-ce-a-fost-lovit-de-un-autoturism-la-dragosloveni-in-comuna-dumbraveni\">Accident grav \u00een Vrancea: pieton r\u0103nit dup\u0103 ce a fost lovit de un autoturism la Dragosloveni, \u00een comuna Dumbr\u0103veni<\/a><\/h2>\n<div class=\"date-post\"><a href=\"https:\/\/ziaruldevrancea.ro\/autor\/radu-tomescu\">Radu Tomescu<\/a>, 30 iul 2026  <\/div>\n<\/div>\n<\/div>\n<\/div>\n<\/div>\n<\/div>\n<div class=\"extra-articol listing-anunturi\">\n<h6>Anun\u021buri <span class=\"text-primary\">ZdV<\/span> Premium<\/h6>\n<div class=\"row\">\n<div class=\"col-lg-4 col-md-6 bloc-egal\"><a class=\"card-anunt\" href=\"https:\/\/ziaruldevrancea.ro\/anunturi\/imobiliare\/vanzari-case\/vand-casa-si-teren-in-panciu-anunt-72818\"><strong class=\"titlu\">V\u00e2nz\u0103ri case<\/strong><span class=\"text-anunt\">V\u00e2nd cas\u0103 cu 2 camere, buc\u0103t\u0103rie, baie,&#8230;<\/span><span class=\"data-anunt\">23.07.2026  <\/span><\/a><\/div>\n<div class=\"col-lg-4 col-md-6 bloc-egal\"><a class=\"card-anunt\" href=\"https:\/\/ziaruldevrancea.ro\/anunturi\/angajari\/cereri-angajari\/doresc-angajare-anunt-72815\"><strong class=\"titlu\">Cereri<\/strong><span class=\"text-anunt\">Doresc s\u0103 am grij\u0103 de un copil de gradini\u021b\u0103&#8230;<\/span><span class=\"data-anunt\">21.07.2026  <\/span><\/a><\/div>\n<div class=\"col-lg-4 col-md-6 bloc-egal\"><a class=\"card-anunt\" href=\"https:\/\/ziaruldevrancea.ro\/anunturi\/inchirieri\/locuinte-oferte\/primesc-in-gazda-anunt-72816\"><strong class=\"titlu\">Locuin\u021be oferte<\/strong><span class=\"text-anunt\">\u00a0Primesc \u00een gazd\u0103 la cas\u0103.<\/p>\n<p>Tel&#8230;.<\/span><span class=\"data-anunt\">21.07.2026  <\/span><\/a><\/div>\n<\/div>\n<\/div>\n<div class=\"bloc-widget widget-albastru\">\n    Ziarul de Vrancea \u00a0nu este responsabil juridic pentru con\u0163inutul textelor din comentariile de mai jos. Responsabilitatea pentru mesajele dumneavoastra v\u0103 revine \u00een exclusivitate.\n<\/div>\n<div class=\"comentarii-articol\" id=\"comentarii\">\n<h3>Comentarii: <span class=\"text-primary\">0<\/span><\/h3>\n<p><a href=\"https:\/\/ziaruldevrancea.ro\/special\/social\/greva-generala-la-spitalul-judetean-focsani-angajatii-sanitas-din-vrancea-protesteaza-impotriva-noii-legi-a-salarizarii\" class=\"btn btn-success btn-adauga-com\" data-toggle=\"modal\" data-parent=\"0\" data-target=\"#commentModal\">Adaug\u0103 comentariu<\/a><\/p>\n<div class=\"loadMask comments-mask\"><img decoding=\"async\" src=\"https:\/\/zdvs.cname.ro\/images\/loader_40.gif\"><\/div>\n<div class=\"comenteaza-jos\">Trebuie s\u0103 fii <a href=\"https:\/\/ziaruldevrancea.ro\/account\">autentificat<\/a> pentru a putea <a href=\"https:\/\/ziaruldevrancea.ro\/special\/social\/greva-generala-la-spitalul-judetean-focsani-angajatii-sanitas-din-vrancea-protesteaza-impotriva-noii-legi-a-salarizarii\" class data-toggle=\"modal\" data-parent=\"0\" data-target=\"#commentModal\">posta un comentariu<\/a>.<\/div>\n<\/div>\n<div class=\"modal fade\" id=\"commentModal\" role=\"dialog\" aria-labelledby=\"commentModalLabel\">\n<div class=\"modal-dialog modal-lg\" role=\"document\">\n<div class=\"modal-content\">\n<div class=\"modal-header\">\n<h3 class=\"modal-title\" id=\"commentModalLabel\">Comenteaz\u0103<\/h3>\n<\/div>\n<div class=\"modal-body\">\n<div class=\"tabel tabel-full\">\n<div class=\"celula\">\n              Trebuie s\u0103 fii <a href=\"https:\/\/ziaruldevrancea.ro\/account\">autentificat<\/a> pentru a putea posta un comentariu.\n            <\/div>\n<\/div>\n<\/div>\n<div class=\"modal-footer\">\n<div id=\"commentPending\" class=\"formPending pull-left\"><img decoding=\"async\" src=\"https:\/\/zdvs.cname.ro\/images\/loader_40.gif\"> In curs de procesare&#8230;<\/div>\n<p><a href=\"https:\/\/ziaruldevrancea.ro\/special\/social\/greva-generala-la-spitalul-judetean-focsani-angajatii-sanitas-din-vrancea-protesteaza-impotriva-noii-legi-a-salarizarii\" class=\"btn btn-default\" data-dismiss=\"modal\">Anuleaz\u0103<\/a><\/div>\n<\/div>\n<\/div>\n<\/div>\n<div class=\"modal fade\" id=\"commentReportModal\" role=\"dialog\" aria-labelledby=\"commentReportModalLabel\">\n<div class=\"modal-dialog modal-lg\" role=\"document\">\n<div class=\"modal-content\">\n<div class=\"modal-header\">\n<h3 class=\"modal-title\" id=\"commentReportModalLabel\">Raporteaza comentariu<\/h3>\n<\/div>\n<div class=\"modal-body\">\n<div class=\"tabel tabel-full\">\n<div class=\"celula\">\n              Trebuie s\u0103 fii <a href=\"https:\/\/ziaruldevrancea.ro\/account\">autentificat<\/a> pentru a putea raporta un comentariu.\n            <\/div>\n<\/div>\n<\/div>\n<div class=\"modal-footer\">\n<div id=\"commentReportPending\" class=\"formPending pull-left\"><img decoding=\"async\" src=\"https:\/\/zdvs.cname.ro\/images\/loader_40.gif\"> In curs de procesare&#8230;<\/div>\n<p><a href=\"https:\/\/ziaruldevrancea.ro\/special\/social\/greva-generala-la-spitalul-judetean-focsani-angajatii-sanitas-din-vrancea-protesteaza-impotriva-noii-legi-a-salarizarii\" class=\"btn btn-default\" data-dismiss=\"modal\">Anuleaz\u0103<\/a><\/div>\n<\/div>\n<\/div>\n<\/div>\n<div class=\"modal fade\" id=\"commentLikeModal\" role=\"dialog\" aria-labelledby=\"commentLikeModalLabel\">\n<div class=\"modal-dialog modal-lg\" role=\"document\">\n<div class=\"modal-content\">\n<div class=\"modal-header\">\n<h3 class=\"modal-title\" id=\"commentReportModalLabel\">Apreciaza comentariu<\/h3>\n<\/div>\n<div class=\"modal-body\">\n<div class=\"tabel tabel-full\">\n<div class=\"celula\">\n            Trebuie s\u0103 fii <a href=\"https:\/\/ziaruldevrancea.ro\/account\">autentificat<\/a> pentru a putea aprecia un comentariu.\n          <\/div>\n<\/div>\n<\/div>\n<div class=\"modal-footer\"><a href=\"https:\/\/ziaruldevrancea.ro\/special\/social\/greva-generala-la-spitalul-judetean-focsani-angajatii-sanitas-din-vrancea-protesteaza-impotriva-noii-legi-a-salarizarii\" class=\"btn btn-default\" data-dismiss=\"modal\">Anuleaz\u0103<\/a><\/div>\n<\/div>\n<\/div>\n<\/div>\n<div class=\"bloc-widget widget-rosu\"><span><small>Ziarul de Vrancea doreste ca acest site sa fie un spatiu al discutiilor civilizate, al comentariilor de bun simt. Din acest motiv, cei care posteaza comentarii la articole trebuie sa respecte urmatoarele reguli:<br \/>\n1. Sa se refere doar la articolul la care posteaza comentarii.<br \/>\n2. Sa foloseasca un limbaj civilizat, fara injurii, calomnii, comentarii antisemite, xenofobe sau rasiste.<br \/>\n3. Sunt interzise atacurile la adresa autorilor, daca acestea nu au legatura cu textul.<br \/>\n4. Username-ul sa nu fie nume de personalitati ale vietii publice sau parodieri ale acestora.<br \/>\nAutorul unui articol poate fi criticat pentru eventuale greseli, incoerenta, lipsa de documentare etc.<br \/>\nNerespectarea regulilor mentionate mai sus va duce la stergerea comentariilor, fara avertisment si fara explicatii.<br \/>\nAbaterile repetate vor avea drept consecinta interdictia accesului la aceasta facilitate a site-ului.<\/small><\/span><\/div>\n<\/div>\n<p>[analyse_source url=&#8221;https:\/\/ziaruldevrancea.ro\/special\/social\/greva-generala-la-spitalul-judetean-focsani-angajatii-sanitas-din-vrancea-protesteaza-impotriva-noii-legi-a-salarizarii&#8221;]<\/p>\n","protected":false},"excerpt":{"rendered":"<p>[analyse_image type=&#8221;featured&#8221; src=&#8221;https:\/\/zdvi.cname.ro\/_\/greva-generala-la-spitalul-judetean-focsani-angajatii-sanitas-din-vrancea-protesteaza-impotriva-noii-legi-a-salarizarii\/mediaPool\/unfJuYu.jpg&#8221;] Social Grev\u0103 general\u0103 la Spitalul Jude\u021bean Foc\u0219ani: angaja\u021bii SANITAS din Vrancea protesteaz\u0103 \u00eempotriva noii Legi a salariz\u0103rii Distribuie: \u00a0 | Radu Tomescu 29 iul 2026774 vizualiz\u0103ri Personalul medical afiliat Federa\u021biei SANITAS a participat mar\u021bi la greva general\u0103 organizat\u0103 la nivel na\u021bional. La Spitalul Jude\u021bean de Urgen\u021b\u0103 \u201eSf\u00e2ntul Pantelimon\u201d Foc\u0219ani au fost asigurate [&hellip;]<\/p>\n","protected":false},"author":1,"featured_media":0,"comment_status":"open","ping_status":"","sticky":false,"template":"","format":"standard","meta":{"footnotes":""},"categories":[89],"tags":[226,208],"class_list":["post-2070111","post","type-post","status-publish","format-standard","hentry","category-romania","tag-crawlmanager","tag-ziaruldevrancea-ro"],"_links":{"self":[{"href":"https:\/\/analyse.optim.biz\/index.php?rest_route=\/wp\/v2\/posts\/2070111","targetHints":{"allow":["GET"]}}],"collection":[{"href":"https:\/\/analyse.optim.biz\/index.php?rest_route=\/wp\/v2\/posts"}],"about":[{"href":"https:\/\/analyse.optim.biz\/index.php?rest_route=\/wp\/v2\/types\/post"}],"author":[{"embeddable":true,"href":"https:\/\/analyse.optim.biz\/index.php?rest_route=\/wp\/v2\/users\/1"}],"replies":[{"embeddable":true,"href":"https:\/\/analyse.optim.biz\/index.php?rest_route=%2Fwp%2Fv2%2Fcomments&post=2070111"}],"version-history":[{"count":0,"href":"https:\/\/analyse.optim.biz\/index.php?rest_route=\/wp\/v2\/posts\/2070111\/revisions"}],"wp:attachment":[{"href":"https:\/\/analyse.optim.biz\/index.php?rest_route=%2Fwp%2Fv2%2Fmedia&parent=2070111"}],"wp:term":[{"taxonomy":"category","embeddable":true,"href":"https:\/\/analyse.optim.biz\/index.php?rest_route=%2Fwp%2Fv2%2Fcategories&post=2070111"},{"taxonomy":"post_tag","embeddable":true,"href":"https:\/\/analyse.optim.biz\/index.php?rest_route=%2Fwp%2Fv2%2Ftags&post=2070111"}],"curies":[{"name":"wp","href":"https:\/\/api.w.org\/{rel}","templated":true}]}}