{"id":2070110,"date":"2026-07-27T00:00:00","date_gmt":"2026-07-26T21:00:00","guid":{"rendered":"https:\/\/analyse.optim.biz\/?p=2070110"},"modified":"2026-07-27T00:00:00","modified_gmt":"2026-07-26T21:00:00","slug":"20-de-ani-in-slujba-sanatatii-la-spitalul-militar-focsani-dr-huzum-mihaela-doua-decenii-dedicate-pacientilor","status":"publish","type":"post","link":"https:\/\/analyse.optim.biz\/?p=2070110","title":{"rendered":"20 de ani \u00een slujba s\u0103n\u0103t\u0103\u021bii la Spitalul Militar Foc\u0219ani: Dr. Huzum Mihaela, dou\u0103 decenii dedicate pacien\u021bilor"},"content":{"rendered":"<p>[analyse_image type=&#8221;featured&#8221; src=&#8221;https:\/\/zdvi.cname.ro\/_\/20-de-ani-in-slujba-sanatatii-la-spitalul-militar-focsani-dr.-huzum-mihaela-doua-decenii-dedicate-pacientilor\/mediaPool\/ujFM24w.PNG&#8221;]<\/p>\n<div class=\"main-content detaliu-articol\"><a class=\"titlu-cat-list\" href=\"https:\/\/ziaruldevrancea.ro\/special\/social\">Social<\/a><\/p>\n<h1>20 de ani \u00een slujba s\u0103n\u0103t\u0103\u021bii la Spitalul Militar Foc\u0219ani: Dr. Huzum Mihaela, dou\u0103 decenii dedicate pacien\u021bilor <\/h1>\n<div class=\"date-articol clearfix\">\n<div class=\"distribuie-articol dropdown\">\n    Distribuie: \u00a0<br \/>\n    <em>|<\/em><\/div>\n<div class=\"autor-articol\"><a href=\"https:\/\/ziaruldevrancea.ro\/autor\/camelia-marin\/\"><img decoding=\"async\" class=\"img-circle\" src=\"https:\/\/zdvi.cname.ro\/50_50\/articleAuthor\/camelia-marin\/articleAuthor\/u9DOVkc.jpg\" alt><\/a><\/p>\n<h5><a href=\"https:\/\/ziaruldevrancea.ro\/autor\/camelia-marin\/\">Camelia Marin<\/a><\/h5>\n<div class=\"grup-spatiere\"><span class=\"cu-spatiere\">27 iul 2026<\/span><span class=\"cu-spatiere\">1082 vizualiz\u0103ri<\/span><\/div>\n<\/div>\n<\/div>\n<div class=\"poza-mare\"><a href class=\"openGallery\"><img decoding=\"async\" class=\"img-responsive\" src=\"https:\/\/zdvi.cname.ro\/850_530\/20-de-ani-in-slujba-sanatatii-la-spitalul-militar-focsani-dr.-huzum-mihaela-doua-decenii-dedicate-pacientilor\/article\/mediaPool\/ujFM24w.PNG\" alt><\/a><\/div>\n<p><strong>Dou\u0103 decenii de activitate medical\u0103 \u00een slujba comunit\u0103\u021bii vr\u00e2ncene sunt marcate \u00een acest an de Dr. Huzum Mihaela, medic primar ORL, doctor \u00een \u0219tiin\u021be medicale \u0219i \u0219eful Compartimentului ORL din cadrul Spitalului Militar de Urgen\u021b\u0103 \u201eDr. Alexandru Popescu\u201d Foc\u0219ani. Cu aceast\u0103 ocazie, institu\u021bia medical\u0103 a eviden\u021biat contribu\u021bia medicului la \u00eengrijirea pacien\u021bilor \u0219i la dezvoltarea serviciilor medicale de specialitate.<\/strong><\/p>\n<p>\u00a0<\/p>\n<p>Potrivit informa\u021biilor transmise de reprezentan\u021bii Spitalului Militar, \u00een cei 20 de ani de activitate, mii de persoane au beneficiat de consulta\u021bii \u0219i tratamente oferite de Dr. Huzum Mihaela. Reprezentan\u021bii unit\u0103\u021bii medicale subliniaz\u0103 c\u0103 aprecierea \u0219i \u00eencrederea pacien\u021bilor reprezint\u0103 una dintre cele mai importante confirm\u0103ri ale calit\u0103\u021bii actului medical.<\/p>\n<p>\u00cen activitatea Compartimentului ORL, experien\u021ba profesional\u0103 este completat\u0103 de utilizarea unor echipamente moderne, care permit realizarea unor investiga\u021bii complexe \u0219i stabilirea unor diagnostice precise. Pacien\u021bii pot beneficia \u00een cadrul spitalului de evalu\u0103ri auditive efectuate \u00een condi\u021bii speciale de izolare fonic\u0103, precum \u0219i de consulta\u021bii \u0219i proceduri de mare fine\u021be realizate cu ajutorul microscopului medical.<\/p>\n<p>\u00cen mesajul transmis cu prilejul \u00eemplinirii celor 20 de ani de activitate, Dr. Huzum Mihaela a eviden\u021biat faptul c\u0103 medicina presupune mult mai mult dec\u00e2t cuno\u0219tin\u021be teoretice \u0219i tehnologie.<\/p>\n<p>\u201eTratamentul medical \u00eenseamn\u0103 mai mult dec\u00e2t teorie \u0219i tehnic\u0103; \u00eenseamn\u0103 perseveren\u021b\u0103, empatie \u0219i aten\u021bie la fiecare detaliu. Iar cea mai mare satisfac\u021bie a muncii noastre r\u0103m\u00e2ne starea de bine \u0219i \u00eencrederea pe care pacien\u021bii ne-o acord\u0103 de fiecare dat\u0103\u201d, a transmis medicul.<\/p>\n<p>Conducerea Spitalului Militar de Urgen\u021b\u0103 \u201eDr. Alexandru Popescu\u201d Foc\u0219ani i-a adresat mul\u021bumiri pentru profesionalismul, implicarea \u0219i dedicarea demonstrate \u00een cei 20 de ani de activitate, apreciind contribu\u021bia sa la \u00eengrijirea pacien\u021bilor \u0219i la consolidarea serviciilor medicale oferite comunit\u0103\u021bii.<\/p>\n<p>\u00centr-un domeniu \u00een care experien\u021ba, preg\u0103tirea continu\u0103 \u0219i rela\u021bia de \u00eencredere cu pacientul sunt esen\u021biale, aniversarea a dou\u0103 decenii de activitate profesional\u0103 reprezint\u0103 un moment important at\u00e2t pentru echipa medical\u0103 a Spitalului Militar Foc\u0219ani, c\u00e2t \u0219i pentru numero\u0219ii vr\u00e2nceni care au beneficiat de serviciile Compartimentului ORL.<\/p>\n<p><strong>Citi\u021bi \u0219i con\u021binutul integral al comunicatului de pres\u0103 f\u0103cut public ast\u0103zi, 27 iulie 2026 de FRT. MIH\u0102IL\u0102 Florin pe pagina de Facebook Spitalul Militar de Urgen\u021b\u0103 &#8221; Dr. Alexandru Popescu&#8221; Foc\u0219ani\u00a0 \u00een leg\u0103tur\u0103 cu aceast\u0103 \u0219tire:\u00a0<\/strong><\/p>\n<p><strong>20 de ani de excelen\u021b\u0103: Dr. Huzum Mihaela<\/strong><\/p>\n<p>Dedicarea pentru s\u0103n\u0103tatea oamenilor se m\u0103soar\u0103 \u00een voca\u021bie, timp \u0219i vie\u021bi schimbate \u00een bine. Anul acesta se \u00eemplinesc 20 de ani de c\u00e2nd Dr. Huzum Mihaela, medic primar, doctor \u00een \u0219tiin\u021be medicale \u0219i \u0219eful Compartimentului ORL, \u00ee\u0219i pune \u00eentreaga pricepere \u00een slujba celor care trec pragul Spitalului Militar de Urgen\u021b\u0103 \u201eDr. Alexandru Popescu\u201d Foc\u0219ani.<\/p>\n<p>\u00cen to\u021bi ace\u0219ti ani, mii de persoane i-au trecut pragul cabinetului, iar reac\u021biile pozitive \u0219i cuvintele de mul\u021bumire ale pacien\u021bilor reconfirm\u0103 zilnic calitatea actului medical. Fiec\u0103rui caz i se acord\u0103 o aten\u021bie deosebit\u0103, iar satisfac\u021bia celor care \u00ee\u0219i recap\u0103t\u0103 s\u0103n\u0103tatea este cea mai frumoas\u0103 dovad\u0103 a devotamentului doamnei doctor.<\/p>\n<p>Pentru a oferi diagnostice sigure \u0219i rapide, experien\u021ba clinic\u0103 este sus\u021binut\u0103 de dot\u0103ri de ultim\u0103 genera\u021bie. Pacien\u021bii beneficiaz\u0103 direct \u00een spital de investiga\u021bii complexe de la evalu\u0103ri auditive de mare precizie efectuate \u00een condi\u021bii speciale de izolare fonic\u0103, p\u00e2n\u0103 la consulta\u021bii \u0219i proceduri de fine\u021be realizate cu ajutorul microscopului medical.<\/p>\n<p>\u201eTratamentul medical \u00eenseamn\u0103 mai mult dec\u00e2t teorie \u0219i tehnic\u0103; \u00eenseamn\u0103 perseveren\u021b\u0103, empatie \u0219i aten\u021bie la fiecare detaliu. Iar cea mai mare satisfac\u021bie a muncii noastre r\u0103m\u00e2ne starea de bine \u0219i \u00eencrederea pe care pacien\u021bii ne-o acord\u0103 de fiecare dat\u0103.\u201d Ne transmite doamna Dr. Huzum Mihaela<\/p>\n<p>\u00cei mul\u021bumim doamnei doctor pentru profesionalismul impecabil, pentru energia depus\u0103 zi de zi \u0219i, mai ales, pentru grija neobosit\u0103 purtat\u0103 comunit\u0103\u021bii noastre!<\/p>\n<p>Text\/Foto: FRT. MIH\u0102IL\u0102 Florin<\/p>\n<p>\u00a0<\/p>\n<p>\u00a0<\/p>\n<p>\u00a0<\/p>\n<p>\u00a0<\/p>\n<p>\u00a0<\/p>\n<p>\u00a0<\/p>\n<hr>\n<div class=\"bloc-widget widget-rosu\">\n<p>\u00cen lipsa unui acord scris din partea Ziarului de Vrancea, pute\u0163i prelua maxim 500 de caractere din acest articol dac\u0103 preciza\u0163i sursa \u015fi insera\u0163i vizibil link-ul articolului:\u00a0<span>#insertcurrentlinkhere<\/span><\/p>\n<\/div>\n<div class=\"extra-articol listing-anunturi\">\n<h6>Anun\u021buri <span class=\"text-primary\">ZdV<\/span> Premium<\/h6>\n<div class=\"row\">\n<div class=\"col-lg-4 col-md-6 bloc-egal\"><a class=\"card-anunt\" href=\"https:\/\/ziaruldevrancea.ro\/anunturi\/imobiliare\/vanzari-terenuri\/vand-teren-in-panciu\"><strong class=\"titlu\">V\u00e2nz\u0103ri terenuri<\/strong><span class=\"text-anunt\">Teren Panciu 1170 mp, cu num\u0103r cas\u0103, ap\u0103&#8230;<\/span><span class=\"data-anunt\">29.07.2026  <\/span><\/a><\/div>\n<div class=\"col-lg-4 col-md-6 bloc-egal\"><a class=\"card-anunt\" href=\"https:\/\/ziaruldevrancea.ro\/anunturi\/altele\/anulare-acte\/vand-scrumbii-afumate-capturi-dunare\"><strong class=\"titlu\">Vanzari diverse<\/strong><span class=\"text-anunt\">Pret : 117 lei \/ kg . \u00a0 Este&#8230;<\/span><span class=\"data-anunt\">29.07.2026 , Gala\u021bi , Gala\u021bi<\/span><\/a><\/div>\n<div class=\"col-lg-4 col-md-6 bloc-egal\"><a class=\"card-anunt\" href=\"https:\/\/ziaruldevrancea.ro\/anunturi\/necrolog\/decese\/dumnezeu-sa-o-aseze-in-randul-celor-drepti\"><strong class=\"titlu\">Decese<\/strong><span class=\"text-anunt\">Cu profund\u0103 durere, familia anun\u021b\u0103 trecerea la&#8230;<\/span><span class=\"data-anunt\">28.07.2026  <\/span><\/a><\/div>\n<\/div>\n<\/div>\n<div class=\"extra-articol alte-articole\">\n<div class=\"row\">\n<div class=\"col-lg-6 bloc-egal\">\n<div class=\"card articol-listing\">\n<h6>\u00cen categoria <a href=\"https:\/\/ziaruldevrancea.ro\/special\/social\">Social<\/a><\/h6>\n<div class=\"grup-articol-listing\">\n<div class=\"cont-pils\"><a href=\"https:\/\/ziaruldevrancea.ro\/special\/social\/vacanta-la-mare-pentru-tinerii-de-la-centrul-sfanta-maria-din-golesti-datorita-proiectului-a-doua-sansa-pentru-viata\"><img decoding=\"async\" src=\"https:\/\/zdvi.cname.ro\/180_135\/special\/social\/vacanta-la-mare-pentru-tinerii-de-la-centrul-sfanta-maria-din-golesti-datorita-proiectului-a-doua-sansa-pentru-viata\/mediaPool\/unL6JIy.jpg\" class=\"img-responsive img-180\" alt><\/a><\/div>\n<h2><a class=\"link-titlu\" href=\"https:\/\/ziaruldevrancea.ro\/special\/social\/vacanta-la-mare-pentru-tinerii-de-la-centrul-sfanta-maria-din-golesti-datorita-proiectului-a-doua-sansa-pentru-viata\">Vacan\u021b\u0103 la mare pentru tinerii de la Centrul \u201eSf\u00e2nta Maria\u201d din Gole\u0219ti, datorit\u0103 proiectului \u201eA doua \u0219ans\u0103 pentru via\u021b\u0103\u201d<\/a><\/h2>\n<div class=\"date-post\"><a href=\"https:\/\/ziaruldevrancea.ro\/autor\/camelia-marin\">Camelia Marin<\/a>, 30 iul 2026  <\/div>\n<\/div>\n<div class=\"grup-articol-listing\">\n<div class=\"cont-pils\"><a href=\"https:\/\/ziaruldevrancea.ro\/special\/social\/greva-generala-la-spitalul-judetean-focsani-angajatii-sanitas-din-vrancea-protesteaza-impotriva-noii-legi-a-salarizarii\"><img decoding=\"async\" src=\"https:\/\/zdvi.cname.ro\/180_135\/special\/social\/greva-generala-la-spitalul-judetean-focsani-angajatii-sanitas-din-vrancea-protesteaza-impotriva-noii-legi-a-salarizarii\/mediaPool\/unfJuYu.jpg\" class=\"img-responsive img-180\" alt><\/a><\/div>\n<h2><a class=\"link-titlu\" href=\"https:\/\/ziaruldevrancea.ro\/special\/social\/greva-generala-la-spitalul-judetean-focsani-angajatii-sanitas-din-vrancea-protesteaza-impotriva-noii-legi-a-salarizarii\">Grev\u0103 general\u0103 la Spitalul Jude\u021bean Foc\u0219ani: angaja\u021bii SANITAS din Vrancea protesteaz\u0103 \u00eempotriva noii Legi a salariz\u0103rii<\/a><\/h2>\n<div class=\"date-post\"><a href=\"https:\/\/ziaruldevrancea.ro\/autor\/radu-tomescu\">Radu Tomescu<\/a>, 29 iul 2026  <\/div>\n<\/div>\n<div class=\"grup-articol-listing\">\n<div class=\"cont-pils\"><a href=\"https:\/\/ziaruldevrancea.ro\/special\/social\/spitalul-municipal-adjud-isi-consolideaza-echipa-medicala-un-nou-medic-specialist-obstetrica-ginecologie-incepe-activitatea\"><img decoding=\"async\" src=\"https:\/\/zdvi.cname.ro\/180_135\/special\/social\/spitalul-municipal-adjud-isi-consolideaza-echipa-medicala-un-nou-medic-specialist-obstetrica-ginecologie-incepe-activitatea\/mediaPool\/uTjUq5y.jpg\" class=\"img-responsive img-180\" alt><\/a><\/div>\n<h2><a class=\"link-titlu\" href=\"https:\/\/ziaruldevrancea.ro\/special\/social\/spitalul-municipal-adjud-isi-consolideaza-echipa-medicala-un-nou-medic-specialist-obstetrica-ginecologie-incepe-activitatea\">Spitalul Municipal Adjud \u00ee\u0219i consolideaz\u0103 echipa medical\u0103: un nou medic specialist Obstetric\u0103-Ginecologie \u00eencepe activitatea<\/a><\/h2>\n<div class=\"date-post\"><a href=\"https:\/\/ziaruldevrancea.ro\/autor\/mircea-pavel\">Mircea Pavel<\/a>, 25 iul 2026  <\/div>\n<\/div>\n<\/div>\n<\/div>\n<div class=\"col-lg-6 bloc-egal\">\n<div class=\"card articol-listing\">\n<h6>De acela\u0219i <a href=\"https:\/\/ziaruldevrancea.ro\/autor\/camelia-marin\/\">autor<\/a><\/h6>\n<div class=\"grup-articol-listing\">\n<div class=\"cont-pils\"><a href=\"https:\/\/ziaruldevrancea.ro\/timp-liber\/vrancea-celebreaza-ziua-nationala-a-salvamont-romania-demonstratii-activitati-pentru-copii-si-intalnire-cu-salvatorii-montani-la-crangul-petresti\"><img decoding=\"async\" src=\"https:\/\/zdvi.cname.ro\/180_135\/timp-liber\/vrancea-celebreaza-ziua-nationala-a-salvamont-romania-demonstratii-activitati-pentru-copii-si-intalnire-cu-salvatorii-montani-la-crangul-petresti\/mediaPool\/u3KcG10.jpg\" class=\"img-responsive img-180\" alt><\/a><\/div>\n<h2><a class=\"link-titlu\" href=\"https:\/\/ziaruldevrancea.ro\/timp-liber\/vrancea-celebreaza-ziua-nationala-a-salvamont-romania-demonstratii-activitati-pentru-copii-si-intalnire-cu-salvatorii-montani-la-crangul-petresti\"> Vrancea celebreaz\u0103 Ziua Na\u021bional\u0103 a Salvamont Rom\u00e2nia: demonstra\u021bii, activit\u0103\u021bi pentru copii \u0219i \u00eent\u00e2lnire cu salvatorii montani la Cr\u00e2ngul Petre\u0219ti<\/a><\/h2>\n<div class=\"date-post\"><a href=\"https:\/\/ziaruldevrancea.ro\/autor\/camelia-marin\">Camelia Marin<\/a>, 30 iul 2026  <\/div>\n<\/div>\n<div class=\"grup-articol-listing\">\n<div class=\"cont-pils\"><a href=\"https:\/\/ziaruldevrancea.ro\/timp-liber\/biblioteca-de-vacanta-revine-in-vrancea-crangul-petresti-devine-in-luna-august-locul-unde-copiii-descopera-lectura-jocul-si-creativitatea\"><img decoding=\"async\" src=\"https:\/\/zdvi.cname.ro\/180_135\/timp-liber\/biblioteca-de-vacanta-revine-in-vrancea-crangul-petresti-devine-in-luna-august-locul-unde-copiii-descopera-lectura-jocul-si-creativitatea\/mediaPool\/u1rpGJ2.jpeg\" class=\"img-responsive img-180\" alt><\/a><\/div>\n<h2><a class=\"link-titlu\" href=\"https:\/\/ziaruldevrancea.ro\/timp-liber\/biblioteca-de-vacanta-revine-in-vrancea-crangul-petresti-devine-in-luna-august-locul-unde-copiii-descopera-lectura-jocul-si-creativitatea\">Biblioteca de Vacan\u021b\u0103 revine \u00een Vrancea: Cr\u00e2ngul Petre\u0219ti devine, \u00een luna august, locul unde copiii descoper\u0103 lectura, jocul \u0219i creativitatea<\/a><\/h2>\n<div class=\"date-post\"><a href=\"https:\/\/ziaruldevrancea.ro\/autor\/camelia-marin\">Camelia Marin<\/a>, 30 iul 2026  <\/div>\n<\/div>\n<div class=\"grup-articol-listing\">\n<div class=\"cont-pils\"><a href=\"https:\/\/ziaruldevrancea.ro\/actualitatea\/stiri-locale\/ziua-imnului-national-marcata-la-iresti-politistii-vranceni-si-copiii-din-parohie-au-cantat-impreuna-desteapta-te-romane\"><img decoding=\"async\" src=\"https:\/\/zdvi.cname.ro\/180_135\/actualitatea\/stiri-locale\/ziua-imnului-national-marcata-la-iresti-politistii-vranceni-si-copiii-din-parohie-au-cantat-impreuna-desteapta-te-romane\/mediaPool\/ubvjYfR.jpg\" class=\"img-responsive img-180\" alt><\/a><\/div>\n<h2><a class=\"link-titlu\" href=\"https:\/\/ziaruldevrancea.ro\/actualitatea\/stiri-locale\/ziua-imnului-national-marcata-la-iresti-politistii-vranceni-si-copiii-din-parohie-au-cantat-impreuna-desteapta-te-romane\">Ziua Imnului Na\u021bional, marcat\u0103 la Ire\u0219ti: poli\u021bi\u0219tii vr\u00e2nceni \u0219i copiii din parohie au c\u00e2ntat \u00eempreun\u0103 \u201eDe\u0219teapt\u0103-te, rom\u00e2ne!\u201d<\/a><\/h2>\n<div class=\"date-post\"><a href=\"https:\/\/ziaruldevrancea.ro\/autor\/camelia-marin\">Camelia Marin<\/a>, 29 iul 2026  <\/div>\n<\/div>\n<\/div>\n<\/div>\n<\/div>\n<\/div>\n<div class=\"extra-articol listing-anunturi\">\n<h6>Anun\u021buri <span class=\"text-primary\">ZdV<\/span> Premium<\/h6>\n<div class=\"row\">\n<div class=\"col-lg-4 col-md-6 bloc-egal\"><a class=\"card-anunt\" href=\"https:\/\/ziaruldevrancea.ro\/anunturi\/imobiliare\/vanzari-case\/vand-casa-si-teren-in-panciu-anunt-72818\"><strong class=\"titlu\">V\u00e2nz\u0103ri case<\/strong><span class=\"text-anunt\">V\u00e2nd cas\u0103 cu 2 camere, buc\u0103t\u0103rie, baie,&#8230;<\/span><span class=\"data-anunt\">23.07.2026  <\/span><\/a><\/div>\n<div class=\"col-lg-4 col-md-6 bloc-egal\"><a class=\"card-anunt\" href=\"https:\/\/ziaruldevrancea.ro\/anunturi\/angajari\/cereri-angajari\/doresc-angajare-anunt-72815\"><strong class=\"titlu\">Cereri<\/strong><span class=\"text-anunt\">Doresc s\u0103 am grij\u0103 de un copil de gradini\u021b\u0103&#8230;<\/span><span class=\"data-anunt\">21.07.2026  <\/span><\/a><\/div>\n<div class=\"col-lg-4 col-md-6 bloc-egal\"><a class=\"card-anunt\" href=\"https:\/\/ziaruldevrancea.ro\/anunturi\/inchirieri\/locuinte-oferte\/primesc-in-gazda-anunt-72816\"><strong class=\"titlu\">Locuin\u021be oferte<\/strong><span class=\"text-anunt\">\u00a0Primesc \u00een gazd\u0103 la cas\u0103.<\/p>\n<p>Tel&#8230;.<\/span><span class=\"data-anunt\">21.07.2026  <\/span><\/a><\/div>\n<\/div>\n<\/div>\n<div class=\"bloc-widget widget-albastru\">\n    Ziarul de Vrancea \u00a0nu este responsabil juridic pentru con\u0163inutul textelor din comentariile de mai jos. Responsabilitatea pentru mesajele dumneavoastra v\u0103 revine \u00een exclusivitate.\n<\/div>\n<div class=\"comentarii-articol\" id=\"comentarii\">\n<h3>Comentarii: <span class=\"text-primary\">0<\/span><\/h3>\n<p><a href=\"https:\/\/ziaruldevrancea.ro\/special\/social\/20-de-ani-in-slujba-sanatatii-la-spitalul-militar-focsani-dr.-huzum-mihaela-doua-decenii-dedicate-pacientilor\" class=\"btn btn-success btn-adauga-com\" data-toggle=\"modal\" data-parent=\"0\" data-target=\"#commentModal\">Adaug\u0103 comentariu<\/a><\/p>\n<div class=\"loadMask comments-mask\"><img decoding=\"async\" src=\"https:\/\/zdvs.cname.ro\/images\/loader_40.gif\"><\/div>\n<div class=\"comenteaza-jos\">Trebuie s\u0103 fii <a href=\"https:\/\/ziaruldevrancea.ro\/account\">autentificat<\/a> pentru a putea <a href=\"https:\/\/ziaruldevrancea.ro\/special\/social\/20-de-ani-in-slujba-sanatatii-la-spitalul-militar-focsani-dr.-huzum-mihaela-doua-decenii-dedicate-pacientilor\" class data-toggle=\"modal\" data-parent=\"0\" data-target=\"#commentModal\">posta un comentariu<\/a>.<\/div>\n<\/div>\n<div class=\"modal fade\" id=\"commentModal\" role=\"dialog\" aria-labelledby=\"commentModalLabel\">\n<div class=\"modal-dialog modal-lg\" role=\"document\">\n<div class=\"modal-content\">\n<div class=\"modal-header\">\n<h3 class=\"modal-title\" id=\"commentModalLabel\">Comenteaz\u0103<\/h3>\n<\/div>\n<div class=\"modal-body\">\n<div class=\"tabel tabel-full\">\n<div class=\"celula\">\n              Trebuie s\u0103 fii <a href=\"https:\/\/ziaruldevrancea.ro\/account\">autentificat<\/a> pentru a putea posta un comentariu.\n            <\/div>\n<\/div>\n<\/div>\n<div class=\"modal-footer\">\n<div id=\"commentPending\" class=\"formPending pull-left\"><img decoding=\"async\" src=\"https:\/\/zdvs.cname.ro\/images\/loader_40.gif\"> In curs de procesare&#8230;<\/div>\n<p><a href=\"https:\/\/ziaruldevrancea.ro\/special\/social\/20-de-ani-in-slujba-sanatatii-la-spitalul-militar-focsani-dr.-huzum-mihaela-doua-decenii-dedicate-pacientilor\" class=\"btn btn-default\" data-dismiss=\"modal\">Anuleaz\u0103<\/a><\/div>\n<\/div>\n<\/div>\n<\/div>\n<div class=\"modal fade\" id=\"commentReportModal\" role=\"dialog\" aria-labelledby=\"commentReportModalLabel\">\n<div class=\"modal-dialog modal-lg\" role=\"document\">\n<div class=\"modal-content\">\n<div class=\"modal-header\">\n<h3 class=\"modal-title\" id=\"commentReportModalLabel\">Raporteaza comentariu<\/h3>\n<\/div>\n<div class=\"modal-body\">\n<div class=\"tabel tabel-full\">\n<div class=\"celula\">\n              Trebuie s\u0103 fii <a href=\"https:\/\/ziaruldevrancea.ro\/account\">autentificat<\/a> pentru a putea raporta un comentariu.\n            <\/div>\n<\/div>\n<\/div>\n<div class=\"modal-footer\">\n<div id=\"commentReportPending\" class=\"formPending pull-left\"><img decoding=\"async\" src=\"https:\/\/zdvs.cname.ro\/images\/loader_40.gif\"> In curs de procesare&#8230;<\/div>\n<p><a href=\"https:\/\/ziaruldevrancea.ro\/special\/social\/20-de-ani-in-slujba-sanatatii-la-spitalul-militar-focsani-dr.-huzum-mihaela-doua-decenii-dedicate-pacientilor\" class=\"btn btn-default\" data-dismiss=\"modal\">Anuleaz\u0103<\/a><\/div>\n<\/div>\n<\/div>\n<\/div>\n<div class=\"modal fade\" id=\"commentLikeModal\" role=\"dialog\" aria-labelledby=\"commentLikeModalLabel\">\n<div class=\"modal-dialog modal-lg\" role=\"document\">\n<div class=\"modal-content\">\n<div class=\"modal-header\">\n<h3 class=\"modal-title\" id=\"commentReportModalLabel\">Apreciaza comentariu<\/h3>\n<\/div>\n<div class=\"modal-body\">\n<div class=\"tabel tabel-full\">\n<div class=\"celula\">\n            Trebuie s\u0103 fii <a href=\"https:\/\/ziaruldevrancea.ro\/account\">autentificat<\/a> pentru a putea aprecia un comentariu.\n          <\/div>\n<\/div>\n<\/div>\n<div class=\"modal-footer\"><a href=\"https:\/\/ziaruldevrancea.ro\/special\/social\/20-de-ani-in-slujba-sanatatii-la-spitalul-militar-focsani-dr.-huzum-mihaela-doua-decenii-dedicate-pacientilor\" class=\"btn btn-default\" data-dismiss=\"modal\">Anuleaz\u0103<\/a><\/div>\n<\/div>\n<\/div>\n<\/div>\n<div class=\"bloc-widget widget-rosu\"><span><small>Ziarul de Vrancea doreste ca acest site sa fie un spatiu al discutiilor civilizate, al comentariilor de bun simt. Din acest motiv, cei care posteaza comentarii la articole trebuie sa respecte urmatoarele reguli:<br \/>\n1. Sa se refere doar la articolul la care posteaza comentarii.<br \/>\n2. Sa foloseasca un limbaj civilizat, fara injurii, calomnii, comentarii antisemite, xenofobe sau rasiste.<br \/>\n3. Sunt interzise atacurile la adresa autorilor, daca acestea nu au legatura cu textul.<br \/>\n4. Username-ul sa nu fie nume de personalitati ale vietii publice sau parodieri ale acestora.<br \/>\nAutorul unui articol poate fi criticat pentru eventuale greseli, incoerenta, lipsa de documentare etc.<br \/>\nNerespectarea regulilor mentionate mai sus va duce la stergerea comentariilor, fara avertisment si fara explicatii.<br \/>\nAbaterile repetate vor avea drept consecinta interdictia accesului la aceasta facilitate a site-ului.<\/small><\/span><\/div>\n<\/div>\n<p>[analyse_source url=&#8221;https:\/\/ziaruldevrancea.ro\/special\/social\/20-de-ani-in-slujba-sanatatii-la-spitalul-militar-focsani-dr.-huzum-mihaela-doua-decenii-dedicate-pacientilor&#8221;]<\/p>\n","protected":false},"excerpt":{"rendered":"<p>[analyse_image type=&#8221;featured&#8221; src=&#8221;https:\/\/zdvi.cname.ro\/_\/20-de-ani-in-slujba-sanatatii-la-spitalul-militar-focsani-dr.-huzum-mihaela-doua-decenii-dedicate-pacientilor\/mediaPool\/ujFM24w.PNG&#8221;] Social 20 de ani \u00een slujba s\u0103n\u0103t\u0103\u021bii la Spitalul Militar Foc\u0219ani: Dr. Huzum Mihaela, dou\u0103 decenii dedicate pacien\u021bilor Distribuie: \u00a0 | Camelia Marin 27 iul 20261082 vizualiz\u0103ri Dou\u0103 decenii de activitate medical\u0103 \u00een slujba comunit\u0103\u021bii vr\u00e2ncene sunt marcate \u00een acest an de Dr. Huzum Mihaela, medic primar ORL, doctor \u00een \u0219tiin\u021be medicale [&hellip;]<\/p>\n","protected":false},"author":1,"featured_media":0,"comment_status":"open","ping_status":"","sticky":false,"template":"","format":"standard","meta":{"footnotes":""},"categories":[89],"tags":[226,208],"class_list":["post-2070110","post","type-post","status-publish","format-standard","hentry","category-romania","tag-crawlmanager","tag-ziaruldevrancea-ro"],"_links":{"self":[{"href":"https:\/\/analyse.optim.biz\/index.php?rest_route=\/wp\/v2\/posts\/2070110","targetHints":{"allow":["GET"]}}],"collection":[{"href":"https:\/\/analyse.optim.biz\/index.php?rest_route=\/wp\/v2\/posts"}],"about":[{"href":"https:\/\/analyse.optim.biz\/index.php?rest_route=\/wp\/v2\/types\/post"}],"author":[{"embeddable":true,"href":"https:\/\/analyse.optim.biz\/index.php?rest_route=\/wp\/v2\/users\/1"}],"replies":[{"embeddable":true,"href":"https:\/\/analyse.optim.biz\/index.php?rest_route=%2Fwp%2Fv2%2Fcomments&post=2070110"}],"version-history":[{"count":0,"href":"https:\/\/analyse.optim.biz\/index.php?rest_route=\/wp\/v2\/posts\/2070110\/revisions"}],"wp:attachment":[{"href":"https:\/\/analyse.optim.biz\/index.php?rest_route=%2Fwp%2Fv2%2Fmedia&parent=2070110"}],"wp:term":[{"taxonomy":"category","embeddable":true,"href":"https:\/\/analyse.optim.biz\/index.php?rest_route=%2Fwp%2Fv2%2Fcategories&post=2070110"},{"taxonomy":"post_tag","embeddable":true,"href":"https:\/\/analyse.optim.biz\/index.php?rest_route=%2Fwp%2Fv2%2Ftags&post=2070110"}],"curies":[{"name":"wp","href":"https:\/\/api.w.org\/{rel}","templated":true}]}}