{"id":2070104,"date":"2026-07-28T00:00:00","date_gmt":"2026-07-27T21:00:00","guid":{"rendered":"https:\/\/analyse.optim.biz\/?p=2070104"},"modified":"2026-07-28T00:00:00","modified_gmt":"2026-07-27T21:00:00","slug":"mozaic-stiri-economice-termenul-de-achizitie-a-locuintelor-cu-tva-redus-a-fost-prelungit","status":"publish","type":"post","link":"https:\/\/analyse.optim.biz\/?p=2070104","title":{"rendered":"MOZAIC \u0218TIRI ECONOMICE: Termenul de achizi\u021bie a locuin\u021belor cu TVA redus a fost prelungit"},"content":{"rendered":"<p>[analyse_image type=&#8221;featured&#8221; src=&#8221;https:\/\/zdvi.cname.ro\/_\/mozaic-Stiri-economice-termenul-de-achizitie-a-locuintelor-cu-tva-redus-a-fost-prelungit\/mediaPool\/uFd4xKk.jpg&#8221;]<\/p>\n<div class=\"main-content detaliu-articol\"><a class=\"titlu-cat-list\" href=\"https:\/\/ziaruldevrancea.ro\/special\/economic\">Economic<\/a><\/p>\n<h1>MOZAIC \u0218TIRI ECONOMICE: Termenul de achizi\u021bie a locuin\u021belor cu TVA redus a fost prelungit <\/h1>\n<div class=\"date-articol clearfix\">\n<div class=\"distribuie-articol dropdown\">\n    Distribuie: \u00a0<br \/>\n    <em>|<\/em><\/div>\n<div class=\"autor-articol\"><a href=\"https:\/\/ziaruldevrancea.ro\/autor\/rodica-condurache\/\"><img decoding=\"async\" class=\"img-circle\" src=\"https:\/\/zdvi.cname.ro\/50_50\/articleAuthor\/rodica-condurache\/articleAuthor\/uy6Kz5r.jpg\" alt><\/a><\/p>\n<h5><a href=\"https:\/\/ziaruldevrancea.ro\/autor\/rodica-condurache\/\">Rodica Condurache<\/a><\/h5>\n<div class=\"grup-spatiere\"><span class=\"cu-spatiere\">28 iul 2026<\/span><span class=\"cu-spatiere\">233 vizualiz\u0103ri<\/span><\/div>\n<\/div>\n<\/div>\n<div class=\"poza-mare\"><a href class=\"openGallery\"><img decoding=\"async\" class=\"img-responsive\" src=\"https:\/\/zdvi.cname.ro\/850_530\/mozaic-Stiri-economice-termenul-de-achizitie-a-locuintelor-cu-tva-redus-a-fost-prelungit\/article\/mediaPool\/uFd4xKk.jpg\" alt><\/a><\/div>\n<p>Ministerul Finan\u021belor a luat aceast\u0103 decizie pentru a evita costuri suplimentare \u00een urma blocajului ANCPI<\/p>\n<p>Ministerul Finan\u021belor a sus\u021binut prelungirea, p\u00e2n\u0103 la 30 septembrie, a unei cote reduse de TVA de 9% pentru locuin\u021be \u00een vederea finaliz\u0103rii tranzac\u021biilor deja eligibile, astfel \u00eenc\u00e2t rom\u00e2nii afecta\u021bi de blocajul ANCPI s\u0103 nu suporte costuri suplimentare din motive care nu le sunt imputabile, a precizat mar\u021bi ministrul interimar al Finan\u021belor, Alexandru Nazare. &#8216;Consens \u00een Parlament prin dialog \u0219i argumente solide. TVA 9% la locuin\u021be se prelunge\u0219te p\u00e2n\u0103 la 30 septembrie. Forma de proiect elaborat\u0103 de Ministerul Finan\u021belor privind prelungirea termenului pentru achizi\u021bia locuin\u021belor cu TVA redus a trecut ieri de votul colegilor din Senat. Ministerul Finan\u021belor a sus\u021binut o solu\u021bie limitat\u0103, \u021bintit\u0103 \u0219i responsabil\u0103: nu am creat o nou\u0103 facilitate fiscal\u0103, ci am propus prelungirea termenului cu o perioad\u0103 rezonabil\u0103 pentru finalizarea tranzac\u021biilor deja eligibile, astfel \u00eenc\u00e2t rom\u00e2nii afecta\u021bi de blocajul ANCPI s\u0103 nu suporte costuri suplimentare din motive care nu le sunt imputabile. O interven\u021bie punctual\u0103, care protejeaz\u0103 cet\u0103\u021benii \u0219i, \u00een acela\u0219i timp, p\u0103streaz\u0103 disciplina \u0219i predictibilitatea cadrului fiscal&#8217;, a scris acesta pe pagina sa de Facebook. Potrivit sursei citate, prin aceast\u0103 prelungire cump\u0103r\u0103torii eligibili vor avea timpul necesar pentru finalizarea tranzac\u021biilor \u0219i vor putea beneficia \u00een continuare de cota redus\u0103 de TVA de 9%, evit\u00e2nd costuri suplimentare generate exclusiv de blocajele administrative. &#8216;Este o m\u0103sur\u0103 de echitate \u0219i de respect pentru to\u021bi cei angaja\u021bi \u00een tranzac\u021bii imobiliare, prin care asigur\u0103m predictibilitate at\u00e2t acestora c\u00e2t \u0219i tranzac\u021biilor din pia\u021ba imobiliar\u0103 \u00een perioada urm\u0103toare. Cred \u00een dialog, negociere \u0219i armonizarea obiectivelor. Atunci c\u00e2nd exist\u0103 argumente solide \u0219i preocupare real\u0103 pentru interesul public, putem construi pun\u021bi de negociere \u0219i solu\u021bii chiar \u0219i \u00een cele mai tensionate circumstan\u021be&#8217;, a subliniat Nazare. Senatul a adoptat, luni, \u00een sesiune extraordinar\u0103, propunerea legislativ\u0103 prin care cei care au \u00eencheiat precontracte de cump\u0103rare a locuin\u021belor p\u00e2n\u0103 la 31 iulie 2025 s\u0103 poat\u0103 s\u0103 \u00eencheie procedura f\u0103r\u0103 TVA majorat p\u00e2n\u0103 pe 30 septembrie anul curent, astfel \u00eenc\u00e2t s\u0103 nu fie afecta\u021bi de atacul cibernetic de la Agen\u021bia Na\u021bional\u0103 de Cadastru \u0219i Publicitate Imobiliar\u0103. Guvernul a transmis luni c\u0103 baza de date central\u0103 a sistemului cadastral, care con\u021bine eviden\u021ba propriet\u0103\u021bilor \u0219i a drepturilor reale asupra imobilelor, nu a fost afectat\u0103, \u00een urma atacului cibernetic, iar varianta optim\u0103 pentru momentul de fa\u021b\u0103 este repornirea sistemului pe versiunea actual\u0103, urmat\u0103 de actualiz\u0103ri ulterioare, men\u021bion\u00e2nd c\u0103 nu se poate \u00eenc\u0103 anun\u021ba o dat\u0103 ferm\u0103 de repunere \u00een func\u021biune. Agen\u021bia Na\u021bional\u0103 de Cadastru \u0219i Publicitate Imobiliar\u0103 a anun\u021bat miercuri, 15 iulie, c\u0103 a fost \u021binta unui atac cibernetic, care a generat cea mai ampl\u0103 \u00eentrerupere tehnic\u0103 din istoria institu\u021biei.<\/p>\n<p><strong>Apple, cea mai valoroas\u0103 companie listat\u0103 din lume<\/strong><\/p>\n<p>l compania poate atinge pentru prima dat\u0103 o capitalizare bursier\u0103 de 5.000 de miliarde de dolari<\/p>\n<p>Apple a atins mar\u0163i, pentru scurt timp, o capitalizare bursier\u0103 de 5.000 de miliarde de dolari, devenind prima companie care revine la acest prag dup\u0103 ce a dep\u0103\u015fit Nvidia \u015fi a redevenit cea mai valoroas\u0103 societate listat\u0103 la burs\u0103, transmite CNBC. Ac\u0163iunile produc\u0103torului iPhone au urcat cu 25% de la \u00eenceputul anului, dep\u0103\u015find evolu\u0163ia celorlalte mari companii din tehnologie. \u00cen \u015fedin\u0163a de mar\u0163i, titlurile au atins un maxim istoric de 342,89 dolari. Rezultatele financiare trimestriale ale Apple vor fi publicate joi. Ascensiunea Apple vine \u00eentr-un moment \u00een care investitorii se \u00eendep\u0103rteaz\u0103 de companiile care investesc masiv \u00een infrastructura pentru inteligen\u0163\u0103 artificial\u0103. \u00cen timp ce Alphabet, Amazon, Meta \u015fi Microsoft aloc\u0103 sute de miliarde de dolari pentru dezvoltarea centrelor de date \u015fi a infrastructurii AI, Apple \u015fi-a men\u0163inut investi\u0163iile de capital la un nivel redus \u015fi utilizeaz\u0103 infrastructur\u0103 cloud \u015fi tehnologii AI furnizate de Google. Anul trecut, investitorii criticau Apple pentru ritmul lent al investi\u0163iilor \u00een inteligen\u0163a artificial\u0103 \u015fi pentru am\u00e2narea lans\u0103rii unei versiuni \u00eembun\u0103t\u0103\u0163ite a asistentului Siri, programat\u0103 pentru aceast\u0103 toamn\u0103 odat\u0103 cu noua genera\u0163ie de iPhone. \u00centre timp, percep\u0163ia pie\u0163ei s-a schimbat, pe fondul temerilor c\u0103 investi\u0163iile uria\u015fe realizate de rivalii din tehnologie genereaz\u0103 datorii tot mai mari, f\u0103r\u0103 garan\u0163ia unor randamente pe m\u0103sur\u0103. Mar\u0163i, Apple a anun\u0163at programul Upgrade, prin care clien\u0163ii din Statele Unite vor putea \u00eenchiria iPhone-uri \u015fi alte produse \u00een loc s\u0103 le cumpere. Compania a majorat recent \u015fi pre\u0163urile pentru MacBook \u015fi iPad, transfer\u00e2nd c\u0103tre consumatori o parte din costurile generate de scumpirea memoriilor \u015fi a componentelor de stocare. Conferin\u0163a privind rezultatele financiare de joi va fi ultima sus\u0163inut\u0103 de Tim Cook \u00een calitate de director general, \u00eenainte ca John Ternus s\u0103 preia conducerea Apple, la 1 septembrie.<\/p>\n<p><strong>Cum s-au scurs 2,1 milioane de lei \u00een urma unor tranzac\u021bii de zeci de milioane \u00eentre firme<\/strong><\/p>\n<p>ANAF a identificat o nou\u0103 fraud\u0103 fiscal\u0103 de peste 2,1 milioane de lei produs\u0103 \u00een urma unor transferuri \u00eentre firme de 32 milioane de lei \u015fi taxe neachitate de 13 milioane de lei, \u00een acest caz fiind sesizate autorit\u0103\u0163ile de urm\u0103rire penal\u0103 competente. \u00cen urma investiga\u0163iilor ANAF, s-a descoperit c\u0103 societ\u0103\u0163ile din grupul de firme verificate au emis facturi de avans av\u00e2nd ca obiect livr\u0103ri viitoare de bunuri \u015fi echipamente, \u00een absen\u0163a unui fapt generator real, ob\u0163in\u00e2nd deduceri nelegale de TVA \u00een cuantum de peste 900.000 lei. De asemenea, societ\u0103\u0163ile respective au declarat obliga\u0163iile fiscale cu re\u0163inere la surs\u0103 reprezent\u00e2nd impozitul pe veniturile din salarii \u015fi contribu\u0163iile sociale obligatorii, \u00een cuantum de peste 13 milioane de lei, care nu au fost achitate \u00een termenul legal de maximum 60 de zile de la scaden\u0163\u0103. \u00cen acela\u015fi timp, a fost semnalat\u0103 existen\u0163a unui circuit documentar fictiv, realizat prin \u00eenregistrarea unor bunuri f\u0103r\u0103 leg\u0103tur\u0103 cu activitatea desf\u0103\u015furat\u0103, sub denumirea paravan de \u201ebunuri consumabile\u201d, care a adus un prejudiciu de peste 1,2 milioane de lei. \u201eANAF extinde investiga\u0163iile \u00eentr-un mecanism complex de fraud\u0103 fiscal\u0103: deducerea nelegal\u0103 a TVA \u015fi diminuarea artificial\u0103 a impozitului pe profit au generat un prejudiciu de peste 2,1 milioane de lei, \u00een timp ce transferurile \u00eentre societ\u0103\u0163i dep\u0103\u015fesc 32 de milioane de lei, iar obliga\u0163iile fiscale cu re\u0163inere la surs\u0103 neachitate dep\u0103\u015fesc 13 milioane de lei\u201d, se arat\u0103 \u00eentr-un comunicat al ANAF. \u00cen continuarea verific\u0103rilor prezentate \u00een octombrie 2025, care vizau o fraud\u0103 fiscal\u0103 de peste 55 milioane lei, const\u00e2nd \u00een TVA rambursat\u0103 ilegal \u015fi opera\u0163iuni fictive pentru a evita plata taxelor de un grup de firme care realizau activit\u0103\u0163i de la servicii de cur\u0103\u0163enie, p\u00e2n\u0103 la materiale de construc\u0163ii \u015fi echipamente medicale, Direc\u0163ia General\u0103 Antifraud\u0103 Fiscal\u0103 \u2013 Structura Central\u0103 a extins investiga\u0163iile asupra altor operatori economici \u015fi persoane fizice implicate \u00een acela\u015fi mecanism complex de fraud\u0103 fiscal\u0103, precizeaz\u0103 oficialii ANF. \u201eNoile verific\u0103ri efectuate eviden\u0163iaz\u0103 amploarea mecanismului fraudulos, fiind identificat faptul c\u0103 entit\u0103\u0163i afiliate, aflate sub conducerea aceluia\u015fi reprezentant legal, au utilizat disponibilit\u0103\u0163ile b\u0103ne\u015fti ale societ\u0103\u0163ilor pentru acordarea unor \u00eemprumuturi intercompanie \u00een valoare total\u0103 de peste 32 de milioane de lei, de\u015fi acestea \u00eenregistrau capitaluri proprii negative \u015fi obliga\u0163ii fiscale restante semnificative c\u0103tre bugetul general consolidat\u201d, se arat\u0103 \u00een comunicat. Reprezentantul legal a optat pentru decapitalizarea surselor proprii, de\u015fi entit\u0103\u0163ile verificate dispuneau de lichidit\u0103\u0163ile necesare achit\u0103rii debitelor fiscale restante, opera\u0163iunile \u00eentrunind elementele unor transferuri de resurse patrimoniale f\u0103r\u0103 justificare economic\u0103, prioritiz\u00e2nd interesele personale. Legat de comportamentul fiscal al entit\u0103\u0163ilor verificate, inspectorii ANAF au constatat c\u0103 nerespectarea obliga\u0163iilor de plat\u0103 reprezenta un comportament sistematic, iar persoana care controla \u00een fapt activitatea \u015fi fluxurile financiare ale grupului administra \u00een fapt \u015fi alte societ\u0103\u0163i comerciale cu un comportament similar, inclusiv din domeniul serviciilor de paz\u0103 \u015fi protec\u0163ie.<\/p>\n<p><strong>Mai mult de jum\u0103tate dintre ma\u0219inile noi \u00eenmatriculate \u00een Rom\u00e2nia sunt \u00een Bucure\u0219ti\u00a0<\/strong><\/p>\n<p>Peste jum\u0103tate dintre ma\u0219inile noi din Rom\u00e2nia sunt \u00eenmatriculate \u00een Bucure\u0219ti, dar \u00een acela\u0219i timp aproape \u0219apte din zece autoturisme \u00eenregistrate pe plan na\u021bional r\u0103m\u00e2n second-hand, reiese dintr-o analiz\u0103 de specialitate, bazat\u0103 pe datele oficiale ale Direc\u021biei Generale Permise de Conducere \u0219i \u00cenmatricul\u0103ri (DGPCI). Informa\u021biile centralizate de Plus Auto arat\u0103 c\u0103, \u00een primele \u0219ase luni ale anului 2026, au fost \u00eenmatriculate 64.850 de autoturisme noi \u00een Rom\u00e2nia, cu Dacia \u00een pozi\u021bia de lider, urmat\u0103 de Toyota \u0219i Skoda. Totodat\u0103, BYD a intrat \u00een top 10 al celor mai \u00eenmatriculate m\u0103rci noi. La nivel de jude\u021b, cele mai multe ma\u0219ini noi au fost \u00eenmatriculate \u00een: Bucure\u0219ti, Ilfov, Cluj, Timi\u0219, Arge\u0219, Constan\u021ba, Ia\u0219i \u0219i Mure\u0219. Pe segmentul celor mai preferate m\u0103rci de ma\u0219ini noi \u0219i second hand, Volkswagen r\u0103m\u00e2ne lider deta\u0219at al pie\u021bei, cu 33.468 de \u00eenmatricul\u0103ri (noi \u0219i rulate), \u00een intervalul analizat, urmat de BMW (23.404 unit\u0103\u021bi), Dacia (la doar 126 de unit\u0103\u021bi \u00een urma BMW). De asemenea, la ma\u0219ini noi, Dacia este cea mai cump\u0103rat\u0103 marc\u0103 (11.683 de unit\u0103\u021bi), apoi Toyota, Skoda \u0219i Volkswagen. \u00cen schimb, pe zona ma\u0219inilor rulate, Volkswagen conduce clar cu 16,7% din total, urmat de BMW (12,3%) \u0219i Audi (9,2%). Statistica pe jude\u021be eviden\u021biaz\u0103 o concentrare f\u0103r\u0103 echivalent \u00een Capital\u0103, cu 54,1% dintre toate ma\u0219inile noi \u00eenmatriculate \u00een Rom\u00e2nia, \u00een primul semestru, de peste zece ori mai mult dec\u00e2t \u00een jude\u021bul Ilfov, al doilea jude\u021b ca volum (2.942 unit\u0103\u021bi, 4,5%). Potrivit sursei citate, fenomenul este \u0219i mai pronun\u021bat la ma\u0219inile electrice. Astfel, 46,5% din toate vehiculele electrice noi din \u021bar\u0103 (2.565 din 5.522) s-au \u00eenmatriculat \u00een Capital\u0103, \u00een timp ce, la polul opus, segmentul de ma\u0219ini rulate arat\u0103 un tipar aparte, respectiv 37,9% sunt hibride, fa\u021b\u0103 de 11,3% la nivel na\u021bional (26,3% \u00een Ilfov). \u00cen ceea ce prive\u0219te m\u0103rcile de autovehicule ecologice, \u00een primul semestru din 2026, Tesla a totalizat 2.446 de \u00eenmatricul\u0103ri (1.459 noi \u0219i 987 rulate), iar BYD a ajuns la 2.340 de unit\u0103\u021bi, cu o structur\u0103 invers\u0103, respectiv 2.140 de ma\u0219ini noi \u0219i 200 rulate. Strict pe segmentul electric pur (f\u0103r\u0103 modelele hibride plug-in), BYD a urcat la 1.092 de unit\u0103\u021bi noi \u0219i s-a apropiat constant de cele 1.459 de unit\u0103\u021bi Tesla, cu un decalaj mult mai mic dec\u00e2t cel din primul trimestru.<\/p>\n<p><strong>ANOFM: Sc\u0103dere u\u0219oar\u0103 a ratei \u0219omajului la nivel na\u021bional, \u00een iunie<\/strong><\/p>\n<p>Rata \u0219omajului, la nivel na\u021bional, a sc\u0103zut u\u0219or \u00een luna iunie comparativ cu luna mai, la 3,2%, dar s-a majorat cu 0,05 puncte procentuale fa\u021b\u0103 de jum\u0103tate anului 2025, arat\u0103 datele centralizate de Agen\u021bia Na\u021bional\u0103 pentru Ocuparea For\u021bei de Munc\u0103 (ANOFM). Potrivit sursei citate, la finele lunii iunie 2026, num\u0103rul total de \u0219omeri a fost de 256.314 de persoane, din acest total, 55.957 fiind \u0219omeri indemniza\u021bi (-671 fa\u021b\u0103 de luna mai 2026) \u0219i 200.357 neindemniza\u021bi (\u00c2191). Pe medii de reziden\u021b\u0103, \u00een perioada analizat\u0103, 68.474 de \u0219omeri proveneau din mediul urban, iar 187.840 din mediul rural. Din totalul \u0219omerilor, la 30 iunie 2026, un num\u0103r de 124.433 erau femei \u0219i 131.881 b\u0103rba\u021bi. Datele ANOFM relev\u0103 faptul c\u0103 majoritatea \u0219omerilor aveau v\u00e2rsta de peste 55 ani (65.730), urma\u021bi de cei cu v\u00e2rsta \u00eentre 40 &#8211; 49 de ani (61.820), \u00een timp ce la polul opus se aflau persoanele \u00eentre 25 &#8211; 29 de ani (14.763). Referitor la structura \u0219omajului \u00een func\u021bie de nivelul de educa\u021bie, \u0219omerii f\u0103r\u0103 studii \u0219i cei cu nivel de educa\u021bie primar au o pondere \u00eensemnat\u0103 \u00een totalul \u0219omerilor \u00eenregistra\u021bi \u00een eviden\u021bele oficiale (29,67%). De asemenea, \u0219omerii cu nivel de educa\u021bie gimnazial reprezint\u0103 34,33% din totalul \u0219omerilor \u00eenregistra\u021bi, iar cei cu studii universitare, o pondere de 4,75%.<\/p>\n<p><strong>Google risc\u0103 un val de procese de p\u00e2n\u0103 la 10 miliarde de dolari<\/strong><\/p>\n<p>Google se confrunt\u0103 cu un nou val de procese \u00een Europa, dup\u0103 ce amenda de un miliard de dolari aplicat\u0103 \u00een baza Regulamentului privind Pie\u0163ele Digitale (DMA) a deschis calea pentru cereri de desp\u0103gubiri care ar putea ajunge la 10 miliarde de dolari, transmite Reuters. Potrivit avoca\u0163ilor \u015fi firmelor specializate \u00een finan\u0163area litigiilor, numero\u015fi competitori europeni preg\u0103tesc sau au depus deja ac\u0163iuni \u00een instan\u0163\u0103, sus\u0163in\u00e2nd c\u0103 au fost prejudicia\u0163i de practicile anticoncuren\u0163iale ale Google. Compania respinge acuza\u0163iile \u015fi afirm\u0103 c\u0103 reclaman\u0163ii urm\u0103resc ob\u0163inerea unor desp\u0103gubiri, \u00een loc s\u0103 investeasc\u0103 \u00een dezvoltarea propriilor produse. Amenda de un miliard de dolari aplicat\u0103 recent de Comisia European\u0103 este prima sanc\u0163iune impus\u0103 \u00een baza DMA \u015fi vizeaz\u0103 favorizarea propriilor servicii de c\u0103tre Google \u015fi restric\u0163ionarea dezvoltatorilor de aplica\u0163ii \u00een oferirea unor alternative mai ieftine \u00een afara magazinului Google Play.<\/p>\n<p><strong>Mercedes promite s\u0103-\u015fi protejeze afacerile din SUA<\/strong><\/p>\n<p>Directorul general al Mercedes-Benz, Ola Kaellenius, a declarat mar\u0163i c\u0103 produc\u0103torul german va lua toate m\u0103surile necesare pentru a-\u015fi proteja opera\u0163iunile din Statele Unite, dup\u0103 ce \u00een Congresul american au ap\u0103rut ini\u0163iative legislative care ar putea afecta companiile auto cu ac\u0163ionari chinezi, transmite Reuters. Declara\u0163iile au fost f\u0103cute odat\u0103 cu prezentarea rezultatelor financiare pentru trimestrul al doilea. S\u0103pt\u0103m\u00e2na trecut\u0103, Comisia pentru Comer\u0163 din Senatul SUA a aprobat un proiect de lege care \u00een\u0103spre\u015fte restric\u0163iile privind accesul produc\u0103torilor auto chinezi pe pia\u0163a american\u0103. \u00cen teorie, m\u0103sura ar putea afecta \u015fi Mercedes, deoarece cei mai mari doi ac\u0163ionari ai companiei sunt investitori chinezi. Kaellenius a afirmat c\u0103 grupul urm\u0103re\u015fte \u00eendeaproape evolu\u0163ia dezbaterilor \u015fi poart\u0103 discu\u0163ii cu autorit\u0103\u0163ile relevante. Pe fondul pr\u0103bu\u015firii v\u00e2nz\u0103rilor din China, unde constructorii germani au pierdut teren \u00een fa\u0163a produc\u0103torilor locali de automobile electrice, Mercedes \u00ee\u015fi extinde produc\u0163ia \u00een Statele Unite, una dintre pu\u0163inele pie\u0163e importante unde cererea pentru modelele sale r\u0103m\u00e2ne ridicat\u0103.<\/p>\n<p><strong>Boeing a consemnat pierderi peste estim\u0103ri<\/strong><\/p>\n<p>Boeing a \u00eenregistrat \u00een trimestrul al doilea o pierdere mai mare dec\u00e2t estimau anali\u015ftii, dup\u0103 ce programul \u00eent\u00e2rziat pentru noile aeronave Air Force One a generat costuri suplimentare semnificative, transmite CNBC. Constructorul american a \u00eenregistrat o pierdere de 280 de milioane de dolari, aferent\u0103 contractului pentru livrarea a dou\u0103 aeronave Boeing 747 care vor deveni viitoarele avioane preziden\u0163iale ale Statelor Unite. Compania estimeaz\u0103 \u00een continuare c\u0103 prima aeronav\u0103 va fi livrat\u0103 \u00een 2028. \u00cen trimestrul al doilea, Boeing a raportat venituri de 24,56 miliarde de dolari, \u00een cre\u015ftere cu 8% fa\u0163\u0103 de aceea\u015fi perioad\u0103 a anului trecut, peste estim\u0103rile anali\u015ftilor. Boeing a livrat 171 de aeronave comerciale \u00een trimestrul al doilea, cu 14% mai multe dec\u00e2t \u00een perioada similar\u0103 din 2025. Compania continu\u0103 s\u0103 majoreze produc\u0163ia modelului 737 Max, cel mai bine v\u00e2ndut avion al s\u0103u, ajung\u00e2nd la un ritm de 47 de aeronave pe lun\u0103.<\/p>\n<p>\u00a0<\/p>\n<hr>\n<div class=\"bloc-widget widget-rosu\">\n<p>\u00cen lipsa unui acord scris din partea Ziarului de Vrancea, pute\u0163i prelua maxim 500 de caractere din acest articol dac\u0103 preciza\u0163i sursa \u015fi insera\u0163i vizibil link-ul articolului:\u00a0<span>#insertcurrentlinkhere<\/span><\/p>\n<\/div>\n<div class=\"extra-articol listing-anunturi\">\n<h6>Anun\u021buri <span class=\"text-primary\">ZdV<\/span> Premium<\/h6>\n<div class=\"row\">\n<div class=\"col-lg-4 col-md-6 bloc-egal\"><a class=\"card-anunt\" href=\"https:\/\/ziaruldevrancea.ro\/anunturi\/imobiliare\/vanzari-terenuri\/vand-teren-in-panciu\"><strong class=\"titlu\">V\u00e2nz\u0103ri terenuri<\/strong><span class=\"text-anunt\">Teren Panciu 1170 mp, cu num\u0103r cas\u0103, ap\u0103&#8230;<\/span><span class=\"data-anunt\">29.07.2026  <\/span><\/a><\/div>\n<div class=\"col-lg-4 col-md-6 bloc-egal\"><a class=\"card-anunt\" href=\"https:\/\/ziaruldevrancea.ro\/anunturi\/altele\/anulare-acte\/vand-scrumbii-afumate-capturi-dunare\"><strong class=\"titlu\">Vanzari diverse<\/strong><span class=\"text-anunt\">Pret : 117 lei \/ kg . \u00a0 Este&#8230;<\/span><span class=\"data-anunt\">29.07.2026 , Gala\u021bi , Gala\u021bi<\/span><\/a><\/div>\n<div class=\"col-lg-4 col-md-6 bloc-egal\"><a class=\"card-anunt\" href=\"https:\/\/ziaruldevrancea.ro\/anunturi\/necrolog\/decese\/dumnezeu-sa-o-aseze-in-randul-celor-drepti\"><strong class=\"titlu\">Decese<\/strong><span class=\"text-anunt\">Cu profund\u0103 durere, familia anun\u021b\u0103 trecerea la&#8230;<\/span><span class=\"data-anunt\">28.07.2026  <\/span><\/a><\/div>\n<\/div>\n<\/div>\n<div class=\"extra-articol alte-articole\">\n<div class=\"row\">\n<div class=\"col-lg-6 bloc-egal\">\n<div class=\"card articol-listing\">\n<h6>\u00cen categoria <a href=\"https:\/\/ziaruldevrancea.ro\/special\/economic\">Economic<\/a><\/h6>\n<div class=\"grup-articol-listing\">\n<div class=\"cont-pils\"><a href=\"https:\/\/ziaruldevrancea.ro\/special\/economic\/mozaic-Stiri-economice-peste-1.000-de-miliarde-de-dolari-s-au-evaporat-din-valoarea-companiilor-de-cipuri\"><img decoding=\"async\" src=\"https:\/\/zdvi.cname.ro\/180_135\/special\/economic\/mozaic-Stiri-economice-peste-1.000-de-miliarde-de-dolari-s-au-evaporat-din-valoarea-companiilor-de-cipuri\/mediaPool\/u7KvYcX.jpg\" class=\"img-responsive img-180\" alt><\/a><\/div>\n<h2><a class=\"link-titlu\" href=\"https:\/\/ziaruldevrancea.ro\/special\/economic\/mozaic-Stiri-economice-peste-1.000-de-miliarde-de-dolari-s-au-evaporat-din-valoarea-companiilor-de-cipuri\">MOZAIC \u0218TIRI ECONOMICE: Peste 1.000 de miliarde de dolari s-au evaporat din valoarea companiilor de cipuri<\/a><\/h2>\n<div class=\"date-post\"><a href=\"https:\/\/ziaruldevrancea.ro\/autor\/radu-tomescu\">Radu Tomescu<\/a>, 29 iul 2026  <\/div>\n<\/div>\n<div class=\"grup-articol-listing\">\n<div class=\"cont-pils\"><a href=\"https:\/\/ziaruldevrancea.ro\/special\/economic\/mozaic-Stiri-economice-romanii-si-au-asigurat-anul-trecut-calatoriile-pentru-85-de-miliarde-de-lei\"><img decoding=\"async\" src=\"https:\/\/zdvi.cname.ro\/180_135\/special\/economic\/mozaic-Stiri-economice-romanii-si-au-asigurat-anul-trecut-calatoriile-pentru-85-de-miliarde-de-lei\/mediaPool\/uLlyonA.jpg\" class=\"img-responsive img-180\" alt><\/a><\/div>\n<h2><a class=\"link-titlu\" href=\"https:\/\/ziaruldevrancea.ro\/special\/economic\/mozaic-Stiri-economice-romanii-si-au-asigurat-anul-trecut-calatoriile-pentru-85-de-miliarde-de-lei\">MOZAIC \u0218TIRI ECONOMICE: Rom\u00e2nii \u015fi-au asigurat, anul trecut, c\u0103l\u0103toriile pentru 85 de miliarde de lei<\/a><\/h2>\n<div class=\"date-post\"><a href=\"https:\/\/ziaruldevrancea.ro\/autor\/rodica-condurache\">Rodica Condurache<\/a>, 27 iul 2026  <\/div>\n<\/div>\n<div class=\"grup-articol-listing\">\n<div class=\"cont-pils\"><a href=\"https:\/\/ziaruldevrancea.ro\/special\/economic\/mozaic-Stiri-economice-mai-mult-de-jumatate-dintre-romani-se-simt-nesiguri-din-punct-de-vedere-financiar\"><img decoding=\"async\" src=\"https:\/\/zdvi.cname.ro\/180_135\/special\/economic\/mozaic-Stiri-economice-mai-mult-de-jumatate-dintre-romani-se-simt-nesiguri-din-punct-de-vedere-financiar\/mediaPool\/uLWDAYP.jpg\" class=\"img-responsive img-180\" alt><\/a><\/div>\n<h2><a class=\"link-titlu\" href=\"https:\/\/ziaruldevrancea.ro\/special\/economic\/mozaic-Stiri-economice-mai-mult-de-jumatate-dintre-romani-se-simt-nesiguri-din-punct-de-vedere-financiar\">MOZAIC \u0218TIRI ECONOMICE: Mai mult de jum\u0103tate dintre rom\u00e2ni se simt nesiguri din punct de vedere financiar<\/a><\/h2>\n<div class=\"date-post\"><a href=\"https:\/\/ziaruldevrancea.ro\/autor\/rodica-condurache\">Rodica Condurache<\/a>, 26 iul 2026  <\/div>\n<\/div>\n<\/div>\n<\/div>\n<div class=\"col-lg-6 bloc-egal\">\n<div class=\"card articol-listing\">\n<h6>De acela\u0219i <a href=\"https:\/\/ziaruldevrancea.ro\/autor\/rodica-condurache\/\">autor<\/a><\/h6>\n<div class=\"grup-articol-listing\">\n<div class=\"cont-pils\"><a href=\"https:\/\/ziaruldevrancea.ro\/timp-liber\/astazi-despre-psihologul-clinician-andrei-partos---om-bun---nevoia-de-a-repune-muzica-si-poezia-romaneasca-la-un-loc-bun\"><img decoding=\"async\" src=\"https:\/\/zdvi.cname.ro\/180_135\/timp-liber\/astazi-despre-psihologul-clinician-andrei-partos---om-bun---nevoia-de-a-repune-muzica-si-poezia-romaneasca-la-un-loc-bun\/mediaPool\/uYSVhEO.jpg\" class=\"img-responsive img-180\" alt><\/a><\/div>\n<h2><a class=\"link-titlu\" href=\"https:\/\/ziaruldevrancea.ro\/timp-liber\/astazi-despre-psihologul-clinician-andrei-partos---om-bun---nevoia-de-a-repune-muzica-si-poezia-romaneasca-la-un-loc-bun\">VIDEO V\u0103 mai aminti\u021bi de \u201eRADIO VACAN\u021aA COSTINE\u0218TI\u201d? Ast\u0103zi despre vocea Costine\u015ftiului de alt\u0103dat\u0103. Andrei Parto\u0219 &#8211; Psihologul clinician care dup\u0103 zece ani de activitate s-a dedicat nevoii de a repune muzica \u015fi poezia rom\u00e2neasc\u0103 la un loc bun<\/a><\/h2>\n<div class=\"date-post\"><a href=\"https:\/\/ziaruldevrancea.ro\/autor\/rodica-condurache\">Rodica Condurache<\/a>, 31 iul 2026  <\/div>\n<\/div>\n<div class=\"grup-articol-listing\">\n<div class=\"cont-pils\"><a href=\"https:\/\/ziaruldevrancea.ro\/timp-liber\/horoscop-31-iulie-2026\"><img decoding=\"async\" src=\"https:\/\/zdvi.cname.ro\/180_135\/timp-liber\/horoscop-31-iulie-2026\/mediaPool\/uA8enxT.jpg\" class=\"img-responsive img-180\" alt><\/a><\/div>\n<h2><a class=\"link-titlu\" href=\"https:\/\/ziaruldevrancea.ro\/timp-liber\/horoscop-31-iulie-2026\">Horoscop 31 iulie 2026 <\/a><\/h2>\n<div class=\"date-post\"><a href=\"https:\/\/ziaruldevrancea.ro\/autor\/rodica-condurache\">Rodica Condurache<\/a>, 31 iul 2026  <\/div>\n<\/div>\n<div class=\"grup-articol-listing\">\n<div class=\"cont-pils\"><a href=\"https:\/\/ziaruldevrancea.ro\/timp-liber\/calendarul-zilei-de-31-iulie-evenimente-personalitati-si-momente-care-au-marcat-aceasta-zi\"><img decoding=\"async\" src=\"https:\/\/zdvi.cname.ro\/180_135\/timp-liber\/calendarul-zilei-de-31-iulie-evenimente-personalitati-si-momente-care-au-marcat-aceasta-zi\/mediaPool\/uVFdgAV.jpg\" class=\"img-responsive img-180\" alt><\/a><\/div>\n<h2><a class=\"link-titlu\" href=\"https:\/\/ziaruldevrancea.ro\/timp-liber\/calendarul-zilei-de-31-iulie-evenimente-personalitati-si-momente-care-au-marcat-aceasta-zi\">Calendarul zilei de 31 iulie | Evenimente, personalit\u0103\u021bi \u0219i momente care au marcat aceast\u0103 zi<\/a><\/h2>\n<div class=\"date-post\"><a href=\"https:\/\/ziaruldevrancea.ro\/autor\/rodica-condurache\">Rodica Condurache<\/a>, 31 iul 2026  <\/div>\n<\/div>\n<\/div>\n<\/div>\n<\/div>\n<\/div>\n<div class=\"extra-articol listing-anunturi\">\n<h6>Anun\u021buri <span class=\"text-primary\">ZdV<\/span> Premium<\/h6>\n<div class=\"row\">\n<div class=\"col-lg-4 col-md-6 bloc-egal\"><a class=\"card-anunt\" href=\"https:\/\/ziaruldevrancea.ro\/anunturi\/imobiliare\/vanzari-case\/vand-casa-si-teren-in-panciu-anunt-72818\"><strong class=\"titlu\">V\u00e2nz\u0103ri case<\/strong><span class=\"text-anunt\">V\u00e2nd cas\u0103 cu 2 camere, buc\u0103t\u0103rie, baie,&#8230;<\/span><span class=\"data-anunt\">23.07.2026  <\/span><\/a><\/div>\n<div class=\"col-lg-4 col-md-6 bloc-egal\"><a class=\"card-anunt\" href=\"https:\/\/ziaruldevrancea.ro\/anunturi\/angajari\/cereri-angajari\/doresc-angajare-anunt-72815\"><strong class=\"titlu\">Cereri<\/strong><span class=\"text-anunt\">Doresc s\u0103 am grij\u0103 de un copil de gradini\u021b\u0103&#8230;<\/span><span class=\"data-anunt\">21.07.2026  <\/span><\/a><\/div>\n<div class=\"col-lg-4 col-md-6 bloc-egal\"><a class=\"card-anunt\" href=\"https:\/\/ziaruldevrancea.ro\/anunturi\/inchirieri\/locuinte-oferte\/primesc-in-gazda-anunt-72816\"><strong class=\"titlu\">Locuin\u021be oferte<\/strong><span class=\"text-anunt\">\u00a0Primesc \u00een gazd\u0103 la cas\u0103.<\/p>\n<p>Tel&#8230;.<\/span><span class=\"data-anunt\">21.07.2026  <\/span><\/a><\/div>\n<\/div>\n<\/div>\n<div class=\"bloc-widget widget-albastru\">\n    Ziarul de Vrancea \u00a0nu este responsabil juridic pentru con\u0163inutul textelor din comentariile de mai jos. Responsabilitatea pentru mesajele dumneavoastra v\u0103 revine \u00een exclusivitate.\n<\/div>\n<div class=\"comentarii-articol\" id=\"comentarii\">\n<h3>Comentarii: <span class=\"text-primary\">0<\/span><\/h3>\n<p><a href=\"https:\/\/ziaruldevrancea.ro\/special\/economic\/mozaic-Stiri-economice-termenul-de-achizitie-a-locuintelor-cu-tva-redus-a-fost-prelungit\" class=\"btn btn-success btn-adauga-com\" data-toggle=\"modal\" data-parent=\"0\" data-target=\"#commentModal\">Adaug\u0103 comentariu<\/a><\/p>\n<div class=\"loadMask comments-mask\"><img decoding=\"async\" src=\"https:\/\/zdvs.cname.ro\/images\/loader_40.gif\"><\/div>\n<div class=\"comenteaza-jos\">Trebuie s\u0103 fii <a href=\"https:\/\/ziaruldevrancea.ro\/account\">autentificat<\/a> pentru a putea <a href=\"https:\/\/ziaruldevrancea.ro\/special\/economic\/mozaic-Stiri-economice-termenul-de-achizitie-a-locuintelor-cu-tva-redus-a-fost-prelungit\" class data-toggle=\"modal\" data-parent=\"0\" data-target=\"#commentModal\">posta un comentariu<\/a>.<\/div>\n<\/div>\n<div class=\"modal fade\" id=\"commentModal\" role=\"dialog\" aria-labelledby=\"commentModalLabel\">\n<div class=\"modal-dialog modal-lg\" role=\"document\">\n<div class=\"modal-content\">\n<div class=\"modal-header\">\n<h3 class=\"modal-title\" id=\"commentModalLabel\">Comenteaz\u0103<\/h3>\n<\/div>\n<div class=\"modal-body\">\n<div class=\"tabel tabel-full\">\n<div class=\"celula\">\n              Trebuie s\u0103 fii <a href=\"https:\/\/ziaruldevrancea.ro\/account\">autentificat<\/a> pentru a putea posta un comentariu.\n            <\/div>\n<\/div>\n<\/div>\n<div class=\"modal-footer\">\n<div id=\"commentPending\" class=\"formPending pull-left\"><img decoding=\"async\" src=\"https:\/\/zdvs.cname.ro\/images\/loader_40.gif\"> In curs de procesare&#8230;<\/div>\n<p><a href=\"https:\/\/ziaruldevrancea.ro\/special\/economic\/mozaic-Stiri-economice-termenul-de-achizitie-a-locuintelor-cu-tva-redus-a-fost-prelungit\" class=\"btn btn-default\" data-dismiss=\"modal\">Anuleaz\u0103<\/a><\/div>\n<\/div>\n<\/div>\n<\/div>\n<div class=\"modal fade\" id=\"commentReportModal\" role=\"dialog\" aria-labelledby=\"commentReportModalLabel\">\n<div class=\"modal-dialog modal-lg\" role=\"document\">\n<div class=\"modal-content\">\n<div class=\"modal-header\">\n<h3 class=\"modal-title\" id=\"commentReportModalLabel\">Raporteaza comentariu<\/h3>\n<\/div>\n<div class=\"modal-body\">\n<div class=\"tabel tabel-full\">\n<div class=\"celula\">\n              Trebuie s\u0103 fii <a href=\"https:\/\/ziaruldevrancea.ro\/account\">autentificat<\/a> pentru a putea raporta un comentariu.\n            <\/div>\n<\/div>\n<\/div>\n<div class=\"modal-footer\">\n<div id=\"commentReportPending\" class=\"formPending pull-left\"><img decoding=\"async\" src=\"https:\/\/zdvs.cname.ro\/images\/loader_40.gif\"> In curs de procesare&#8230;<\/div>\n<p><a href=\"https:\/\/ziaruldevrancea.ro\/special\/economic\/mozaic-Stiri-economice-termenul-de-achizitie-a-locuintelor-cu-tva-redus-a-fost-prelungit\" class=\"btn btn-default\" data-dismiss=\"modal\">Anuleaz\u0103<\/a><\/div>\n<\/div>\n<\/div>\n<\/div>\n<div class=\"modal fade\" id=\"commentLikeModal\" role=\"dialog\" aria-labelledby=\"commentLikeModalLabel\">\n<div class=\"modal-dialog modal-lg\" role=\"document\">\n<div class=\"modal-content\">\n<div class=\"modal-header\">\n<h3 class=\"modal-title\" id=\"commentReportModalLabel\">Apreciaza comentariu<\/h3>\n<\/div>\n<div class=\"modal-body\">\n<div class=\"tabel tabel-full\">\n<div class=\"celula\">\n            Trebuie s\u0103 fii <a href=\"https:\/\/ziaruldevrancea.ro\/account\">autentificat<\/a> pentru a putea aprecia un comentariu.\n          <\/div>\n<\/div>\n<\/div>\n<div class=\"modal-footer\"><a href=\"https:\/\/ziaruldevrancea.ro\/special\/economic\/mozaic-Stiri-economice-termenul-de-achizitie-a-locuintelor-cu-tva-redus-a-fost-prelungit\" class=\"btn btn-default\" data-dismiss=\"modal\">Anuleaz\u0103<\/a><\/div>\n<\/div>\n<\/div>\n<\/div>\n<div class=\"bloc-widget widget-rosu\"><span><small>Ziarul de Vrancea doreste ca acest site sa fie un spatiu al discutiilor civilizate, al comentariilor de bun simt. Din acest motiv, cei care posteaza comentarii la articole trebuie sa respecte urmatoarele reguli:<br \/>\n1. Sa se refere doar la articolul la care posteaza comentarii.<br \/>\n2. Sa foloseasca un limbaj civilizat, fara injurii, calomnii, comentarii antisemite, xenofobe sau rasiste.<br \/>\n3. Sunt interzise atacurile la adresa autorilor, daca acestea nu au legatura cu textul.<br \/>\n4. Username-ul sa nu fie nume de personalitati ale vietii publice sau parodieri ale acestora.<br \/>\nAutorul unui articol poate fi criticat pentru eventuale greseli, incoerenta, lipsa de documentare etc.<br \/>\nNerespectarea regulilor mentionate mai sus va duce la stergerea comentariilor, fara avertisment si fara explicatii.<br \/>\nAbaterile repetate vor avea drept consecinta interdictia accesului la aceasta facilitate a site-ului.<\/small><\/span><\/div>\n<\/div>\n<p>[analyse_source url=&#8221;https:\/\/ziaruldevrancea.ro\/special\/economic\/mozaic-Stiri-economice-termenul-de-achizitie-a-locuintelor-cu-tva-redus-a-fost-prelungit&#8221;]<\/p>\n","protected":false},"excerpt":{"rendered":"<p>[analyse_image type=&#8221;featured&#8221; src=&#8221;https:\/\/zdvi.cname.ro\/_\/mozaic-Stiri-economice-termenul-de-achizitie-a-locuintelor-cu-tva-redus-a-fost-prelungit\/mediaPool\/uFd4xKk.jpg&#8221;] Economic MOZAIC \u0218TIRI ECONOMICE: Termenul de achizi\u021bie a locuin\u021belor cu TVA redus a fost prelungit Distribuie: \u00a0 | Rodica Condurache 28 iul 2026233 vizualiz\u0103ri Ministerul Finan\u021belor a luat aceast\u0103 decizie pentru a evita costuri suplimentare \u00een urma blocajului ANCPI Ministerul Finan\u021belor a sus\u021binut prelungirea, p\u00e2n\u0103 la 30 septembrie, a unei cote reduse [&hellip;]<\/p>\n","protected":false},"author":1,"featured_media":0,"comment_status":"open","ping_status":"","sticky":false,"template":"","format":"standard","meta":{"footnotes":""},"categories":[89],"tags":[226,208],"class_list":["post-2070104","post","type-post","status-publish","format-standard","hentry","category-romania","tag-crawlmanager","tag-ziaruldevrancea-ro"],"_links":{"self":[{"href":"https:\/\/analyse.optim.biz\/index.php?rest_route=\/wp\/v2\/posts\/2070104","targetHints":{"allow":["GET"]}}],"collection":[{"href":"https:\/\/analyse.optim.biz\/index.php?rest_route=\/wp\/v2\/posts"}],"about":[{"href":"https:\/\/analyse.optim.biz\/index.php?rest_route=\/wp\/v2\/types\/post"}],"author":[{"embeddable":true,"href":"https:\/\/analyse.optim.biz\/index.php?rest_route=\/wp\/v2\/users\/1"}],"replies":[{"embeddable":true,"href":"https:\/\/analyse.optim.biz\/index.php?rest_route=%2Fwp%2Fv2%2Fcomments&post=2070104"}],"version-history":[{"count":0,"href":"https:\/\/analyse.optim.biz\/index.php?rest_route=\/wp\/v2\/posts\/2070104\/revisions"}],"wp:attachment":[{"href":"https:\/\/analyse.optim.biz\/index.php?rest_route=%2Fwp%2Fv2%2Fmedia&parent=2070104"}],"wp:term":[{"taxonomy":"category","embeddable":true,"href":"https:\/\/analyse.optim.biz\/index.php?rest_route=%2Fwp%2Fv2%2Fcategories&post=2070104"},{"taxonomy":"post_tag","embeddable":true,"href":"https:\/\/analyse.optim.biz\/index.php?rest_route=%2Fwp%2Fv2%2Ftags&post=2070104"}],"curies":[{"name":"wp","href":"https:\/\/api.w.org\/{rel}","templated":true}]}}