{"id":2070102,"date":"2026-07-27T00:00:00","date_gmt":"2026-07-26T21:00:00","guid":{"rendered":"https:\/\/analyse.optim.biz\/?p=2070102"},"modified":"2026-07-27T00:00:00","modified_gmt":"2026-07-26T21:00:00","slug":"mozaic-stiri-economice-romanii-si-au-asigurat-anul-trecut-calatoriile-pentru-85-de-miliarde-de-lei","status":"publish","type":"post","link":"https:\/\/analyse.optim.biz\/?p=2070102","title":{"rendered":"MOZAIC \u0218TIRI ECONOMICE: Rom\u00e2nii \u015fi-au asigurat, anul trecut, c\u0103l\u0103toriile pentru 85 de miliarde de lei"},"content":{"rendered":"<p>[analyse_image type=&#8221;featured&#8221; src=&#8221;https:\/\/zdvi.cname.ro\/_\/mozaic-Stiri-economice-romanii-si-au-asigurat-anul-trecut-calatoriile-pentru-85-de-miliarde-de-lei\/mediaPool\/uLlyonA.jpg&#8221;]<\/p>\n<div class=\"main-content detaliu-articol\"><a class=\"titlu-cat-list\" href=\"https:\/\/ziaruldevrancea.ro\/special\/economic\">Economic<\/a><\/p>\n<h1>MOZAIC \u0218TIRI ECONOMICE: Rom\u00e2nii \u015fi-au asigurat, anul trecut, c\u0103l\u0103toriile pentru 85 de miliarde de lei<\/h1>\n<div class=\"date-articol clearfix\">\n<div class=\"distribuie-articol dropdown\">\n    Distribuie: \u00a0<br \/>\n    <em>|<\/em><\/div>\n<div class=\"autor-articol\"><a href=\"https:\/\/ziaruldevrancea.ro\/autor\/rodica-condurache\/\"><img decoding=\"async\" class=\"img-circle\" src=\"https:\/\/zdvi.cname.ro\/50_50\/articleAuthor\/rodica-condurache\/articleAuthor\/uy6Kz5r.jpg\" alt><\/a><\/p>\n<h5><a href=\"https:\/\/ziaruldevrancea.ro\/autor\/rodica-condurache\/\">Rodica Condurache<\/a><\/h5>\n<div class=\"grup-spatiere\"><span class=\"cu-spatiere\">27 iul 2026<\/span><span class=\"cu-spatiere\">372 vizualiz\u0103ri<\/span><\/div>\n<\/div>\n<\/div>\n<div class=\"poza-mare\"><a href class=\"openGallery\"><img decoding=\"async\" class=\"img-responsive\" src=\"https:\/\/zdvi.cname.ro\/850_530\/mozaic-Stiri-economice-romanii-si-au-asigurat-anul-trecut-calatoriile-pentru-85-de-miliarde-de-lei\/article\/mediaPool\/uLlyonA.jpg\" alt><\/a><\/div>\n<p>Cele mai multe dosare de daun\u0103 majore au fost \u00eenregistrate pentru c\u0103l\u0103torii efectuate \u00een Statele Unite ale Americii, Grecia, Austria, Egipt \u015fi Turcia<\/p>\n<p>Sumele pl\u0103tite, anul trecut, de c\u0103tre rom\u00e2ni pentru a-\u015fi achizi\u0163iona asigur\u0103ri de c\u0103l\u0103torie au dep\u0103\u015fit 85 de miliarde de lei, firmele de asigur\u0103ri achit\u00e2nd desp\u0103gubiri de peste 81 de milioane de lei, cu peste 220.000 de lei pl\u0103ti\u0163i \u00een fiecare zi, pentru acoperirea costurilor generate de evenimentele neprev\u0103zute produse \u00een timpul vacan\u0163elor sau deplas\u0103rilor, potrivit Uniunii Na\u0163ionale a Societ\u0103\u0163ilor de Asigurare \u015fi Reasigurare din Rom\u00e2nia (UNSAR). Cele mai multe dosare de daun\u0103 majore au fost \u00eenregistrate pentru c\u0103l\u0103torii efectuate \u00een Statele Unite ale Americii, Grecia, Austria, Egipt \u015fi Turcia, fiind vorba, \u00een principal, de urgen\u0163e medicale \u015fi costuri ridicate de tratament sau repatriere. \u201eRom\u00e2nii \u015fi-au asigurat, anul trecut, c\u0103l\u0103toriile pentru peste 85 de miliarde de lei, arat\u0103 o analiz\u0103 a tuturor sumelor asigurate, realizat\u0103 \u00een r\u00e2ndul membrilor UNSAR. Mai mult, nivelul protec\u0163iei financiare oferite prin poli\u0163ele de c\u0103l\u0103torie a crescut cu 13% fa\u0163\u0103 de anul 2024, ceea ce reflect\u0103 o preocupare tot mai mare a rom\u00e2nilor pentru lini\u015ftea lor, mai ales \u00een timpul vacan\u0163elor\u201d, se arat\u0103 \u00eentr-un comunicat al UNSAR.\u00a0 Asigur\u0103torii au pl\u0103tit, \u00een 2025, \u00een baza poli\u0163elor de c\u0103l\u0103torie, desp\u0103gubiri de peste 81 de milioane de lei pentru acoperirea costurilor generate de evenimentele neprev\u0103zute ce au avut loc pe perioada vacan\u0163elor sau deplas\u0103rilor. \u201e\u00cen medie, doi turi\u015fti au fost desp\u0103gubi\u0163i \u00een fiecare or\u0103 a anului trecut \u00een baza asigur\u0103rilor de c\u0103l\u0103torie \u2013 semn c\u0103 evenimentele neprev\u0103zute pot transforma rapid o vacan\u0163\u0103 minunat\u0103 \u00eentr-o experien\u0163\u0103 costisitoare. O asigurare poate face diferen\u0163a \u00eentre un incident gestionabil \u015fi o povar\u0103 financiar\u0103 semnificativ\u0103\u201d, a declarat Alexandru Ciuncan, Pre\u015fedinte &amp; Director General al UNSAR. Cele peste 81 de milioane de lei pl\u0103tite drept desp\u0103gubiri \u00eenseamn\u0103, \u00een medie, peste 220.000 de lei achita\u0163i \u00een fiecare zi. Cele mai multe dosare de daun\u0103 majore, \u00een 2025, au fost \u00eenregistrate pentru c\u0103l\u0103torii efectuate \u00een Statele Unite ale Americii (9 cazuri), urmate de Grecia, Austria, Egipt \u015fi Turcia, cu c\u00e2te 5 cazuri fiecare. \u00cen clasament urmeaz\u0103 Italia, respectiv Canada \u015fi Emiratele Arabe Unite, fiind vorba de, urgen\u0163e medicale \u015fi costuri ridicate de tratament sau repatriere, \u00een principal. \u00a0\u201eCu peste 43.000 de euro achita\u0163i \u00een fiecare zi pentru costurile generate de evenimente neprev\u0103zute produse \u00een timpul c\u0103l\u0103toriilor, cifrele vorbesc de la sine: o asigurare de c\u0103l\u0103torie nu este un cost \u00een plus, ci una dintre cele mai importante investi\u0163ii pentru o vacan\u0163\u0103 f\u0103r\u0103 griji\u201d, a declarat Alina B\u0103rbulescu, Coordonator Sec\u0163iuni Asigur\u0103ri Generale \u00een cadrul UNSAR.<\/p>\n<p><strong>Cre\u015ftere moderat\u0103 a volumului produc\u0163iei \u00een construc\u0163ii<\/strong><\/p>\n<p>\u00a0l INS estimeaz\u0103 c\u0103 \u00een industria prelucr\u0103toare, comer\u0163 \u015fi servicii, \u00een perioada iulie &#8211; septembrie 2026 se a\u0219teapt\u0103 o stabilizare a activit\u0103\u021bii<\/p>\n<p>Managerii din construc\u0163ii prognozeaz\u0103 o tendin\u0163\u0103 de cre\u015ftere moderat\u0103 a volumului produc\u0163iei (sold conjunctural \u00c213%) pentru perioada iulie &#8211; septembrie 2026, \u00een timp ce \u00een sectoarele industriei prelucr\u0103toare, comer\u0163 cu am\u0103nuntul \u015fi servicii se estimeaz\u0103 o stabilitate a activit\u0103\u0163ii economice, informeaz\u0103, mar\u0163i, INS. \u00cen acela\u015fi timp, este a\u015fteptat\u0103 o cre\u015ftere a pre\u0163urilor \u00een toate sectoarele economice, cu un v\u00e2rf la pre\u0163urile lucr\u0103rilor de construc\u0163ii, care se reflect\u0103 printr-un sold conjunctural de \u00c236%. Rezultatele anchetei desf\u0103\u015furate \u00een luna iulie indic\u0103 pentru urm\u0103toarele trei luni relativ\u0103 stabilitate a volumului produc\u0163iei \u00een industria prelucr\u0103toare, reflectat\u0103 printr-un sold conjunctural de -2%. \u00cen ceea ce prive\u015fte num\u0103rul de salaria\u0163i, se estimeaz\u0103 relativ\u0103 stabilitate, soldul conjunctural fiind de -5%. \u00cen acela\u015fi timp, pre\u0163urile produselor industriale sunt a\u015fteptate s\u0103 creasc\u0103, tendin\u0163\u0103 indicat\u0103 printr-un sold conjunctural de \u00c220%. \u00cen construc\u0163ii, se prognozeaz\u0103 o tendin\u0163\u0103 de cre\u015ftere moderat\u0103 a volumului produc\u0163iei (sold conjunctural \u00c213%), dar \u015fi o stabilitate relativ\u0103 a num\u0103rului de salaria\u0163i (sold conjunctural \u00c22%), potrivit estim\u0103rilor din luna iulie pentru urm\u0103toarele trei luni. De asemenea, se a\u015fteapt\u0103 ca pre\u0163urile lucr\u0103rilor de construc\u0163ii s\u0103 \u00eenregistreze cre\u015ftere, situa\u0163ie reflectat\u0103 printr-un sold conjunctural de \u00c236%, arat\u0103 INS. \u00cen acela\u015fi timp, managerii din sectorul comer\u0163 cu am\u0103nuntul estimeaz\u0103 pentru urm\u0103toarele trei luni o relativ\u0103 stabilitate a cifrei de afaceri, soldul conjunctural fiind \u00c25%. Legat de for\u0163a de munc\u0103, angajatorii anticipeaz\u0103 tendin\u0163\u0103 de cre\u015ftere moderat\u0103 a num\u0103rului de salaria\u0163i (sold conjunctural \u00c28%). Major\u0103ri de pre\u0163uri sunt estimate de 38% dintre responden\u0163i, iar sc\u0103deri de doar 6%, soldul conjunctural de \u00c232% indic\u00e2nd cre\u015ftere.<\/p>\n<p><strong>Acciz\u0103 dinamic\u0103 la carburan\u021bi. Reduceri cuprinse \u00eentre 5 \u0219i 25%<\/strong><\/p>\n<p>Ministrul interimar al Finan\u0163elor, Alexandru Nazare, declar\u0103 c\u0103 problema pe pia\u0163a carburan\u0163ilor azi nu mai este doar c\u00e2t cost\u0103 combustibilul, ci dac\u0103 exist\u0103 suficient produs disponibil iar Ministerul Finan\u0163elor sus\u0163ine un mecanism de acciz\u0103 dinamic\u0103, care permite reducerea accizei \u00eentre 5% \u015fi 25%, \u00een func\u0163ie de evolu\u0163ia pre\u0163urilor la pomp\u0103. &#8220;Rom\u00e2nia nu se mai confrunt\u0103 doar cu o criz\u0103 a pre\u0163ului, ci cu un risc real de criz\u0103 de aprovizionare. Ministerul Finan\u0163elor sus\u0163ine o abordare responsabil\u0103 a interven\u0163iei. Problema pe pia\u0163a carburan\u0163ilor azi nu mai este doar c\u00e2t cost\u0103 combustibilul, ci dac\u0103 exist\u0103 suficient produs disponibil&#8221;, spune ministrul interimar pe Facebook. Nazare precizeaz\u0103 c\u0103 pia\u0163a european\u0103 se confrunt\u0103 cu un deficit de motorin\u0103 \u015fi alte produse petroliere, stocurile sunt ast\u0103zi \u00een sc\u0103dere, iar competi\u0163ia pentru volumele disponibile este una f\u0103r\u0103 precedent. &#8220;Rom\u00e2nia este cu at\u00e2t mai vulnerabil\u0103 cu c\u00e2t un procent semnificativ din necesarul de motorin\u0103 este acoperit din importuri, iar \u00een acest context orice m\u0103sur\u0103 de interven\u0163ie trebuie s\u0103 protejeze consumatorii f\u0103r\u0103 s\u0103 afecteze capacitatea de aprovizionare a pie\u0163ei. De aceea, am sus\u0163inut ast\u0103zi \u00een Parlament amendamentele interven\u0163iei pe pia\u0163a carburan\u0163ilor elaborate de Ministerul Finan\u0163elor, care promoveaz\u0103 o abordare sustenabil\u0103 a m\u0103surii&#8221;, arat\u0103 ministrul. Alexandru Nazare mai afirm\u0103 c\u0103, odat\u0103 cu expirarea mecanismelor temporare de temperare a pre\u0163urilor la 30 iunie, orice solu\u0163ie trebuie adoptat\u0103 responsabil \u015fi analizat\u0103 inclusiv prin impactul asupra deficitului bugetar, costurilor de finan\u0163are \u015fi credibilit\u0103\u0163ii Rom\u00e2niei \u00een dialogul cu agen\u0163iile interna\u0163ionale de rating. El anun\u0163\u0103 c\u0103 \u00een aceast\u0103 s\u0103pt\u0103m\u00e2n\u0103 a\u015ftept\u0103m evaluarea Fitch, iar s\u0103pt\u0103m\u00e2na viitoare evaluarea agen\u0163iei Moody&#8217;s, astfel c\u0103 este esen\u0163ial s\u0103 transmitem un semnal de responsabilitate fiscal\u0103. &#8220;\u00cenainte de sus\u0163inerea amendamentelor, am discutat propunerea Ministerului Finan\u0163elor cu reprezentan\u0163ii companiilor petroliere \u015fi ai operatorilor din pia\u0163a carburan\u0163ilor, \u00eempreun\u0103 cu secretarul de stat din Ministerul Energiei, Cristian Bu\u015foi. Mesajul nostru a fost unul clar: dac\u0103 intervenim \u00een pia\u0163\u0103, trebuie s\u0103 o facem adaptat la realit\u0103\u0163ile de ast\u0103zi, nu la cele din prim\u0103var\u0103. Nu mai vorbim doar despre pre\u0163uri ridicate, ci \u015fi despre volume limitate, lan\u0163uri regionale de aprovizionare tensionate \u015fi costuri mai mari pentru importuri. \u00cen aceste condi\u0163ii, un mecanism rigid poate accentua riscul de penurie din acest motiv, o interven\u0163ie bazat\u0103 pe reducerea TVA &#8211; incompatibil\u0103 cu legisla\u0163ia european\u0103 \u015fi cu efecte negative asupra credibilit\u0103\u0163ii fiscale &#8211; nu este una sustenabil\u0103. &#8220;, explic\u0103 ministrul interimar de Finan\u0163e. Nazare mai arat\u0103 c\u0103 Ministerul Finan\u0163elor sus\u0163ine un mecanism de acciz\u0103 dinamic\u0103, care permite reducerea accizei \u00eentre 5% \u015fi 25%, \u00een func\u0163ie de evolu\u0163ia pre\u0163urilor la pomp\u0103 \u015fi a cota\u0163iilor Brent \u015fi Platts \u015fi, la intrarea \u00een vigoare, reducerea va fi de 10%, urm\u00e2nd s\u0103 fie reevaluat\u0103 la fiecare dou\u0103 s\u0103pt\u0103m\u00e2ni.<\/p>\n<p><strong>Bijuteriile devin noul motor de cre\u015ftere al industriei bunurilor de lux<\/strong><\/p>\n<p>Investitorii acord\u0103 tot mai mult\u0103 aten\u0163ie diviziei de bijuterii, care \u00eencepe s\u0103 fac\u0103 diferen\u0163a \u00eentre c\u00e2\u015ftig\u0103torii \u015fi perdan\u0163ii industriei globale a bunurilor de lux, pe fondul \u00eencetinirii v\u00e2nz\u0103rilor de \u00eembr\u0103c\u0103minte \u015fi al reducerii consumului provocate de conflictul din Orientul Mijlociu, transmite Reuters. Anali\u015ftii estimeaz\u0103 c\u0103 sectorul de lux, evaluat la aproximativ 400 de miliarde de dolari, va reveni pe cre\u015ftere \u00een 2026 dup\u0103 doi ani de sc\u0103dere, \u00eens\u0103 cererea r\u0103m\u00e2ne afectat\u0103 de contextul geopolitic \u015fi de \u00eencetinirea consumului. \u00cen timp ce gen\u0163ile \u015fi articolele din piele \u00ee\u015fi pierd din atractivitate, mai ales \u00een r\u00e2ndul consumatorilor tineri, bijuteriile continu\u0103 s\u0103 \u00eenregistreze o cerere puternic\u0103 \u015fi marje de profit ridicate. Richemont, proprietarul m\u0103rcilor Cartier \u015fi Van Cleef &amp; Arpels, a raportat o cre\u015ftere de 24% a v\u00e2nz\u0103rilor de bijuterii \u00een trimestrul \u00eencheiat la 30 iunie. \u015ei LVMH, proprietarul m\u0103rcilor Tiffany \u015fi Bulgari, este a\u015fteptat s\u0103 \u00eenregistreze o evolu\u0163ie solid\u0103 \u00een acest segment, iar Barclays \u015fi-a majorat estimarea de cre\u015ftere pentru divizia de ceasuri \u015fi bijuterii la 8% \u00een acest an. Kering, proprietarul Pomellato \u015fi Boucheron, a anun\u0163at c\u0103 noua sa divizie de bijuterii a \u00eenregistrat o cre\u015ftere comparabil\u0103 de 22% \u00een primul trimestru. Potrivit anali\u015ftilor, tot mai multe grupuri de lux, inclusiv Herm\u00e8s, Prada \u015fi Gucci, \u00ee\u015fi concentreaz\u0103 investi\u0163iile asupra bijuteriilor, segmentul care ofer\u0103 \u00een prezent cele mai bune perspective de cre\u015ftere. Exper\u0163ii spun c\u0103 interesul consumatorilor s-a mutat treptat de la gen\u0163i \u015fi \u00eenc\u0103l\u0163\u0103minte c\u0103tre bijuterii, pe fondul lipsei de inova\u0163ie \u00een moda de lux \u015fi al cre\u015fterii pre\u0163ului aurului, care face din bijuterii \u015fi o investi\u0163ie atractiv\u0103. Aceast\u0103 schimbare reprezint\u0103 o provocare pentru produc\u0103torii tradi\u0163ionali de articole din piele, inclusiv Herm\u00e8s, al c\u0103rui model de afaceri s-a bazat ani la r\u00e2nd pe succesul gen\u0163ilor Birkin.<\/p>\n<p><strong>Pre\u0163urile petrolului scad brusc dup\u0103 o pauz\u0103 \u00een conflictul dintre SUA \u015fi Iran<\/strong><\/p>\n<p>Pre\u0163urile globale ale petrolului au \u00eenregistrat luni o sc\u0103dere brusc\u0103, dup\u0103 o pauz\u0103 \u00een conflictul dintre Statele Unite \u015fi Iran, \u00eenregistr\u00e2nd cea mai mare sc\u0103dere de la 8 aprilie, relateaz\u0103 CNN. Contractele futures pe Brent, indicatorul de referin\u0163\u0103 global, s-au \u00eenchis la 85,87 dolari pe baril, \u00een sc\u0103dere cu 11,3%. \u0162i\u0163eiul american a sc\u0103zut cu aproximativ 7%, ajung\u00e2nd la 82,61 dolari pe baril. Pre\u015fedintele Donald Trump a declarat c\u0103 SUA au suspendat atacurile asupra Iranului la cererea regimului iranian \u015fi a avertizat c\u0103 SUA vor relua atacurile dac\u0103 nu se va ajunge la un nou acord de \u00eencetare a focului. Traficul naval prin Str\u00e2mtoarea Ormuz r\u0103m\u00e2ne, de asemenea, cu mult sub nivelurile dinainte de r\u0103zboi. Conform datelor privind transportul maritim monitorizate de CNN, p\u00e2n\u0103 luni diminea\u0163\u0103, mai pu\u0163in de 10 nave de marf\u0103 au traversat str\u00e2mtoarea. \u00cenainte de r\u0103zboi, \u00eentr-o zi obi\u015fnuit\u0103, aproximativ 100 de nave comerciale traversau str\u00e2mtoarea. Comercian\u0163ii de petrol sunt de dou\u0103 ori mai precau\u0163i, av\u00e2nd \u00een vedere amenin\u0163area atacurilor asupra petrolierelor saudite din partea rebelilor Houthi, sus\u0163inu\u0163i de Iran, \u00een Str\u00e2mtoarea Bab al-Mandeb, la intrarea \u00een Marea Ro\u015fie. \u00centr-o not\u0103 publicat\u0103 luni, anali\u015ftii Deutsche Bank au afirmat c\u0103 atacurile Houthi ridic\u0103 \u201eperspectiva unei \u00eentreruperi simultane a rutelor de export at\u00e2t din Golful Persic, c\u00e2t \u015fi din Marea Ro\u015fie\u201d. \u201eA\u015fadar, (exist\u0103) o pauz\u0103 binevenit\u0103 din partea principalilor actori, dar una fragil\u0103, mai ales av\u00e2nd \u00een vedere luptele secundare care continu\u0103\u201d, au scris anali\u015ftii. \u00centre timp, luni, indicele Dow Jones a \u00eenregistrat o cre\u015ftere de 0,51%, indicele S&amp;P 500 a crescut cu 0,02%, iar indicele Nasdaq, dominat de companiile din sectorul tehnologic, a sc\u0103zut cu 0,18%.<\/p>\n<p><strong>Porsche va elimina 9.000 de locuri de munc\u0103 p\u00e2n\u0103 \u00een 2035<\/strong><\/p>\n<p>Constructorul german de automobile de lux Porsche va reduce aproximativ o cincime din for\u0163a sa de munc\u0103 p\u00e2n\u0103 \u00een 2035, ceea ce \u00eenseamn\u0103 desfiin\u0163area a circa 9.000 de locuri de munc\u0103, \u00een cadrul unui amplu program de restructurare al grupului Volkswagen, afectat de cererea slab\u0103 \u015fi concuren\u0163a tot mai puternic\u0103, transmite Reuters. Compania a anun\u0163at luni c\u0103, dup\u0103 mai multe luni de negocieri, conducerea \u015fi reprezentan\u0163ii angaja\u0163ilor au convenit eliminarea a \u00eenc\u0103 5.000 de posturi prin pension\u0103ri, plec\u0103ri voluntare \u015fi alte m\u0103suri care evit\u0103 concedierile obligatorii. Aceste reduceri se adaug\u0103 celor 3.900 de posturi eliminate \u00een baza unui acord \u00eencheiat \u00een februarie 2025 \u015fi altor 500 de locuri de munc\u0103 desfiin\u0163ate \u00een acest an, odat\u0103 cu \u00eenchiderea unor subsidiare. La sf\u00e2r\u015fitul anului 2024, Porsche avea aproximativ 42.600 de angaja\u0163i. Directorul general Michael Leiters a primit la \u00eenceputul acestui an mandatul de a restructura compania, dup\u0103 pr\u0103bu\u015firea v\u00e2nz\u0103rilor pe pia\u0163a chinez\u0103 \u015fi \u00eencetinirea strategiei de dezvoltare a vehiculelor electrice.<\/p>\n<p><strong>Apple, dat\u0103 \u00een judecat\u0103 din cauza unui fals portofel crypto<\/strong><\/p>\n<p>Gigantul american Apple a fost dat \u00een judecat\u0103 \u00een Statele Unite, unde este acuzat c\u0103 a distribuit prin App Store o aplica\u0163ie care a furat monedele digitale ale utilizatorilor. Trei persoane au pierdut, astfel, 1,8 milioane de dolari. \u00cen procesul intentat \u00een California, cei trei sus\u0163in c\u0103 au fost p\u0103c\u0103li\u0163i s\u0103 descarce din magazinul oficial de aplica\u0163ii false portofele crypto, care i-au l\u0103sat f\u0103r\u0103 monedele depuse. \u00cen centrul acuza\u0163iilor se afl\u0103 aplica\u0163ia Sparrow Wallet, care s-a dat drept aplica\u0163ia oficial\u0103 a portofelului digital Sparrow Bitcoin, fiind acceptat\u0103 \u015fi distribuit\u0103 prin App Store de Apple. Cei trei au salvat \u00een aplica\u0163ie echivalentul unor sume \u00een valoare de 875.000 de dolari, 840.000 de dolari, respectiv 120.000 de dolari, pe care le-au pierdut. Ace\u015ftia acuz\u0103 Apple c\u0103 i-a \u00een\u015felat, pretinz\u00e2nd c\u0103 App Store este un mediu sigur, \u00een vreme ce a acceptat false portofele digitale, care le-au furat banii. Apple folose\u015fte de mul\u0163i ani \u00een scopuri de marketing ideea siguran\u0163ei oferite de magazinul oficial de aplica\u0163ii \u015fi de \u00eentregul ecosistem pe care-l dezvolt\u0103.<\/p>\n<p><strong>Amazon solicit\u0103 aprobarea pentru lansarea a peste 5.100 de sateli\u0163i <\/strong><\/p>\n<p>Amazon a solicitat autorit\u0103\u0163ilor federale americane aprobarea pentru lansarea a p\u00e2n\u0103 la 5.105 sateli\u0163i de internet care vor face parte dintr-o re\u0163ea capabil\u0103 s\u0103 ofere conectivitate direct\u0103 c\u0103tre telefoane mobile \u015fi alte dispozitive, f\u0103r\u0103 utilizarea turnurilor clasice de telecomunica\u0163ii, relateaz\u0103 CNBC. Compania \u015fi-a prezentat pentru prima dat\u0103 planurile privind dezvoltarea unei re\u0163ele direct-to-device (D2D) \u00een aprilie, c\u00e2nd a anun\u0163at achizi\u0163ia operatorului de sateli\u0163i Globalstar \u00eentr-o tranzac\u0163ie evaluat\u0103 la aproximativ 11,6 miliarde de dolari. Re\u0163elele D2D permit conectarea direct\u0103 a telefoanelor inteligente \u015fi a altor dispozitive la sateli\u0163i, elimin\u00e2nd necesitatea utiliz\u0103rii infrastructurii tradi\u0163ionale de telefonie mobil\u0103. \u00cen documenta\u0163ia depus\u0103 s\u00e2mb\u0103t\u0103 la Comisia Federal\u0103 pentru Comunica\u0163ii (FCC), Amazon a precizat c\u0103 viitoarea re\u0163ea va combina infrastructura proprie cu sateli\u0163ii \u015fi spectrul radio de\u0163inute de Globalstar. Compania inten\u0163ioneaz\u0103 s\u0103 ofere servicii utilizatorilor care nu beneficiaz\u0103 de acoperire sau au acces limitat la re\u0163elele actuale de comunica\u0163ii.<\/p>\n<hr>\n<div class=\"bloc-widget widget-rosu\">\n<p>\u00cen lipsa unui acord scris din partea Ziarului de Vrancea, pute\u0163i prelua maxim 500 de caractere din acest articol dac\u0103 preciza\u0163i sursa \u015fi insera\u0163i vizibil link-ul articolului:\u00a0<span>#insertcurrentlinkhere<\/span><\/p>\n<\/div>\n<div class=\"extra-articol listing-anunturi\">\n<h6>Anun\u021buri <span class=\"text-primary\">ZdV<\/span> Premium<\/h6>\n<div class=\"row\">\n<div class=\"col-lg-4 col-md-6 bloc-egal\"><a class=\"card-anunt\" href=\"https:\/\/ziaruldevrancea.ro\/anunturi\/imobiliare\/vanzari-terenuri\/vand-teren-in-panciu\"><strong class=\"titlu\">V\u00e2nz\u0103ri terenuri<\/strong><span class=\"text-anunt\">Teren Panciu 1170 mp, cu num\u0103r cas\u0103, ap\u0103&#8230;<\/span><span class=\"data-anunt\">29.07.2026  <\/span><\/a><\/div>\n<div class=\"col-lg-4 col-md-6 bloc-egal\"><a class=\"card-anunt\" href=\"https:\/\/ziaruldevrancea.ro\/anunturi\/altele\/anulare-acte\/vand-scrumbii-afumate-capturi-dunare\"><strong class=\"titlu\">Vanzari diverse<\/strong><span class=\"text-anunt\">Pret : 117 lei \/ kg . \u00a0 Este&#8230;<\/span><span class=\"data-anunt\">29.07.2026 , Gala\u021bi , Gala\u021bi<\/span><\/a><\/div>\n<div class=\"col-lg-4 col-md-6 bloc-egal\"><a class=\"card-anunt\" href=\"https:\/\/ziaruldevrancea.ro\/anunturi\/necrolog\/decese\/dumnezeu-sa-o-aseze-in-randul-celor-drepti\"><strong class=\"titlu\">Decese<\/strong><span class=\"text-anunt\">Cu profund\u0103 durere, familia anun\u021b\u0103 trecerea la&#8230;<\/span><span class=\"data-anunt\">28.07.2026  <\/span><\/a><\/div>\n<\/div>\n<\/div>\n<div class=\"extra-articol alte-articole\">\n<div class=\"row\">\n<div class=\"col-lg-6 bloc-egal\">\n<div class=\"card articol-listing\">\n<h6>\u00cen categoria <a href=\"https:\/\/ziaruldevrancea.ro\/special\/economic\">Economic<\/a><\/h6>\n<div class=\"grup-articol-listing\">\n<div class=\"cont-pils\"><a href=\"https:\/\/ziaruldevrancea.ro\/special\/economic\/mozaic-Stiri-economice-peste-1.000-de-miliarde-de-dolari-s-au-evaporat-din-valoarea-companiilor-de-cipuri\"><img decoding=\"async\" src=\"https:\/\/zdvi.cname.ro\/180_135\/special\/economic\/mozaic-Stiri-economice-peste-1.000-de-miliarde-de-dolari-s-au-evaporat-din-valoarea-companiilor-de-cipuri\/mediaPool\/u7KvYcX.jpg\" class=\"img-responsive img-180\" alt><\/a><\/div>\n<h2><a class=\"link-titlu\" href=\"https:\/\/ziaruldevrancea.ro\/special\/economic\/mozaic-Stiri-economice-peste-1.000-de-miliarde-de-dolari-s-au-evaporat-din-valoarea-companiilor-de-cipuri\">MOZAIC \u0218TIRI ECONOMICE: Peste 1.000 de miliarde de dolari s-au evaporat din valoarea companiilor de cipuri<\/a><\/h2>\n<div class=\"date-post\"><a href=\"https:\/\/ziaruldevrancea.ro\/autor\/radu-tomescu\">Radu Tomescu<\/a>, 29 iul 2026  <\/div>\n<\/div>\n<div class=\"grup-articol-listing\">\n<div class=\"cont-pils\"><a href=\"https:\/\/ziaruldevrancea.ro\/special\/economic\/mozaic-Stiri-economice-termenul-de-achizitie-a-locuintelor-cu-tva-redus-a-fost-prelungit\"><img decoding=\"async\" src=\"https:\/\/zdvi.cname.ro\/180_135\/special\/economic\/mozaic-Stiri-economice-termenul-de-achizitie-a-locuintelor-cu-tva-redus-a-fost-prelungit\/mediaPool\/uFd4xKk.jpg\" class=\"img-responsive img-180\" alt><\/a><\/div>\n<h2><a class=\"link-titlu\" href=\"https:\/\/ziaruldevrancea.ro\/special\/economic\/mozaic-Stiri-economice-termenul-de-achizitie-a-locuintelor-cu-tva-redus-a-fost-prelungit\">MOZAIC \u0218TIRI ECONOMICE: Termenul de achizi\u021bie a locuin\u021belor cu TVA redus a fost prelungit <\/a><\/h2>\n<div class=\"date-post\"><a href=\"https:\/\/ziaruldevrancea.ro\/autor\/rodica-condurache\">Rodica Condurache<\/a>, 28 iul 2026  <\/div>\n<\/div>\n<div class=\"grup-articol-listing\">\n<div class=\"cont-pils\"><a href=\"https:\/\/ziaruldevrancea.ro\/special\/economic\/mozaic-Stiri-economice-mai-mult-de-jumatate-dintre-romani-se-simt-nesiguri-din-punct-de-vedere-financiar\"><img decoding=\"async\" src=\"https:\/\/zdvi.cname.ro\/180_135\/special\/economic\/mozaic-Stiri-economice-mai-mult-de-jumatate-dintre-romani-se-simt-nesiguri-din-punct-de-vedere-financiar\/mediaPool\/uLWDAYP.jpg\" class=\"img-responsive img-180\" alt><\/a><\/div>\n<h2><a class=\"link-titlu\" href=\"https:\/\/ziaruldevrancea.ro\/special\/economic\/mozaic-Stiri-economice-mai-mult-de-jumatate-dintre-romani-se-simt-nesiguri-din-punct-de-vedere-financiar\">MOZAIC \u0218TIRI ECONOMICE: Mai mult de jum\u0103tate dintre rom\u00e2ni se simt nesiguri din punct de vedere financiar<\/a><\/h2>\n<div class=\"date-post\"><a href=\"https:\/\/ziaruldevrancea.ro\/autor\/rodica-condurache\">Rodica Condurache<\/a>, 26 iul 2026  <\/div>\n<\/div>\n<\/div>\n<\/div>\n<div class=\"col-lg-6 bloc-egal\">\n<div class=\"card articol-listing\">\n<h6>De acela\u0219i <a href=\"https:\/\/ziaruldevrancea.ro\/autor\/rodica-condurache\/\">autor<\/a><\/h6>\n<div class=\"grup-articol-listing\">\n<div class=\"cont-pils\"><a href=\"https:\/\/ziaruldevrancea.ro\/timp-liber\/astazi-despre-psihologul-clinician-andrei-partos---om-bun---nevoia-de-a-repune-muzica-si-poezia-romaneasca-la-un-loc-bun\"><img decoding=\"async\" src=\"https:\/\/zdvi.cname.ro\/180_135\/timp-liber\/astazi-despre-psihologul-clinician-andrei-partos---om-bun---nevoia-de-a-repune-muzica-si-poezia-romaneasca-la-un-loc-bun\/mediaPool\/uYSVhEO.jpg\" class=\"img-responsive img-180\" alt><\/a><\/div>\n<h2><a class=\"link-titlu\" href=\"https:\/\/ziaruldevrancea.ro\/timp-liber\/astazi-despre-psihologul-clinician-andrei-partos---om-bun---nevoia-de-a-repune-muzica-si-poezia-romaneasca-la-un-loc-bun\">VIDEO V\u0103 mai aminti\u021bi de \u201eRADIO VACAN\u021aA COSTINE\u0218TI\u201d? Ast\u0103zi despre vocea Costine\u015ftiului de alt\u0103dat\u0103. Andrei Parto\u0219 &#8211; Psihologul clinician care dup\u0103 zece ani de activitate s-a dedicat nevoii de a repune muzica \u015fi poezia rom\u00e2neasc\u0103 la un loc bun<\/a><\/h2>\n<div class=\"date-post\"><a href=\"https:\/\/ziaruldevrancea.ro\/autor\/rodica-condurache\">Rodica Condurache<\/a>, 31 iul 2026  <\/div>\n<\/div>\n<div class=\"grup-articol-listing\">\n<div class=\"cont-pils\"><a href=\"https:\/\/ziaruldevrancea.ro\/timp-liber\/horoscop-31-iulie-2026\"><img decoding=\"async\" src=\"https:\/\/zdvi.cname.ro\/180_135\/timp-liber\/horoscop-31-iulie-2026\/mediaPool\/uA8enxT.jpg\" class=\"img-responsive img-180\" alt><\/a><\/div>\n<h2><a class=\"link-titlu\" href=\"https:\/\/ziaruldevrancea.ro\/timp-liber\/horoscop-31-iulie-2026\">Horoscop 31 iulie 2026 <\/a><\/h2>\n<div class=\"date-post\"><a href=\"https:\/\/ziaruldevrancea.ro\/autor\/rodica-condurache\">Rodica Condurache<\/a>, 31 iul 2026  <\/div>\n<\/div>\n<div class=\"grup-articol-listing\">\n<div class=\"cont-pils\"><a href=\"https:\/\/ziaruldevrancea.ro\/timp-liber\/calendarul-zilei-de-31-iulie-evenimente-personalitati-si-momente-care-au-marcat-aceasta-zi\"><img decoding=\"async\" src=\"https:\/\/zdvi.cname.ro\/180_135\/timp-liber\/calendarul-zilei-de-31-iulie-evenimente-personalitati-si-momente-care-au-marcat-aceasta-zi\/mediaPool\/uVFdgAV.jpg\" class=\"img-responsive img-180\" alt><\/a><\/div>\n<h2><a class=\"link-titlu\" href=\"https:\/\/ziaruldevrancea.ro\/timp-liber\/calendarul-zilei-de-31-iulie-evenimente-personalitati-si-momente-care-au-marcat-aceasta-zi\">Calendarul zilei de 31 iulie | Evenimente, personalit\u0103\u021bi \u0219i momente care au marcat aceast\u0103 zi<\/a><\/h2>\n<div class=\"date-post\"><a href=\"https:\/\/ziaruldevrancea.ro\/autor\/rodica-condurache\">Rodica Condurache<\/a>, 31 iul 2026  <\/div>\n<\/div>\n<\/div>\n<\/div>\n<\/div>\n<\/div>\n<div class=\"extra-articol listing-anunturi\">\n<h6>Anun\u021buri <span class=\"text-primary\">ZdV<\/span> Premium<\/h6>\n<div class=\"row\">\n<div class=\"col-lg-4 col-md-6 bloc-egal\"><a class=\"card-anunt\" href=\"https:\/\/ziaruldevrancea.ro\/anunturi\/imobiliare\/vanzari-case\/vand-casa-si-teren-in-panciu-anunt-72818\"><strong class=\"titlu\">V\u00e2nz\u0103ri case<\/strong><span class=\"text-anunt\">V\u00e2nd cas\u0103 cu 2 camere, buc\u0103t\u0103rie, baie,&#8230;<\/span><span class=\"data-anunt\">23.07.2026  <\/span><\/a><\/div>\n<div class=\"col-lg-4 col-md-6 bloc-egal\"><a class=\"card-anunt\" href=\"https:\/\/ziaruldevrancea.ro\/anunturi\/angajari\/cereri-angajari\/doresc-angajare-anunt-72815\"><strong class=\"titlu\">Cereri<\/strong><span class=\"text-anunt\">Doresc s\u0103 am grij\u0103 de un copil de gradini\u021b\u0103&#8230;<\/span><span class=\"data-anunt\">21.07.2026  <\/span><\/a><\/div>\n<div class=\"col-lg-4 col-md-6 bloc-egal\"><a class=\"card-anunt\" href=\"https:\/\/ziaruldevrancea.ro\/anunturi\/inchirieri\/locuinte-oferte\/primesc-in-gazda-anunt-72816\"><strong class=\"titlu\">Locuin\u021be oferte<\/strong><span class=\"text-anunt\">\u00a0Primesc \u00een gazd\u0103 la cas\u0103.<\/p>\n<p>Tel&#8230;.<\/span><span class=\"data-anunt\">21.07.2026  <\/span><\/a><\/div>\n<\/div>\n<\/div>\n<div class=\"bloc-widget widget-albastru\">\n    Ziarul de Vrancea \u00a0nu este responsabil juridic pentru con\u0163inutul textelor din comentariile de mai jos. Responsabilitatea pentru mesajele dumneavoastra v\u0103 revine \u00een exclusivitate.\n<\/div>\n<div class=\"comentarii-articol\" id=\"comentarii\">\n<h3>Comentarii: <span class=\"text-primary\">0<\/span><\/h3>\n<p><a href=\"https:\/\/ziaruldevrancea.ro\/special\/economic\/mozaic-Stiri-economice-romanii-si-au-asigurat-anul-trecut-calatoriile-pentru-85-de-miliarde-de-lei\" class=\"btn btn-success btn-adauga-com\" data-toggle=\"modal\" data-parent=\"0\" data-target=\"#commentModal\">Adaug\u0103 comentariu<\/a><\/p>\n<div class=\"loadMask comments-mask\"><img decoding=\"async\" src=\"https:\/\/zdvs.cname.ro\/images\/loader_40.gif\"><\/div>\n<div class=\"comenteaza-jos\">Trebuie s\u0103 fii <a href=\"https:\/\/ziaruldevrancea.ro\/account\">autentificat<\/a> pentru a putea <a href=\"https:\/\/ziaruldevrancea.ro\/special\/economic\/mozaic-Stiri-economice-romanii-si-au-asigurat-anul-trecut-calatoriile-pentru-85-de-miliarde-de-lei\" class data-toggle=\"modal\" data-parent=\"0\" data-target=\"#commentModal\">posta un comentariu<\/a>.<\/div>\n<\/div>\n<div class=\"modal fade\" id=\"commentModal\" role=\"dialog\" aria-labelledby=\"commentModalLabel\">\n<div class=\"modal-dialog modal-lg\" role=\"document\">\n<div class=\"modal-content\">\n<div class=\"modal-header\">\n<h3 class=\"modal-title\" id=\"commentModalLabel\">Comenteaz\u0103<\/h3>\n<\/div>\n<div class=\"modal-body\">\n<div class=\"tabel tabel-full\">\n<div class=\"celula\">\n              Trebuie s\u0103 fii <a href=\"https:\/\/ziaruldevrancea.ro\/account\">autentificat<\/a> pentru a putea posta un comentariu.\n            <\/div>\n<\/div>\n<\/div>\n<div class=\"modal-footer\">\n<div id=\"commentPending\" class=\"formPending pull-left\"><img decoding=\"async\" src=\"https:\/\/zdvs.cname.ro\/images\/loader_40.gif\"> In curs de procesare&#8230;<\/div>\n<p><a href=\"https:\/\/ziaruldevrancea.ro\/special\/economic\/mozaic-Stiri-economice-romanii-si-au-asigurat-anul-trecut-calatoriile-pentru-85-de-miliarde-de-lei\" class=\"btn btn-default\" data-dismiss=\"modal\">Anuleaz\u0103<\/a><\/div>\n<\/div>\n<\/div>\n<\/div>\n<div class=\"modal fade\" id=\"commentReportModal\" role=\"dialog\" aria-labelledby=\"commentReportModalLabel\">\n<div class=\"modal-dialog modal-lg\" role=\"document\">\n<div class=\"modal-content\">\n<div class=\"modal-header\">\n<h3 class=\"modal-title\" id=\"commentReportModalLabel\">Raporteaza comentariu<\/h3>\n<\/div>\n<div class=\"modal-body\">\n<div class=\"tabel tabel-full\">\n<div class=\"celula\">\n              Trebuie s\u0103 fii <a href=\"https:\/\/ziaruldevrancea.ro\/account\">autentificat<\/a> pentru a putea raporta un comentariu.\n            <\/div>\n<\/div>\n<\/div>\n<div class=\"modal-footer\">\n<div id=\"commentReportPending\" class=\"formPending pull-left\"><img decoding=\"async\" src=\"https:\/\/zdvs.cname.ro\/images\/loader_40.gif\"> In curs de procesare&#8230;<\/div>\n<p><a href=\"https:\/\/ziaruldevrancea.ro\/special\/economic\/mozaic-Stiri-economice-romanii-si-au-asigurat-anul-trecut-calatoriile-pentru-85-de-miliarde-de-lei\" class=\"btn btn-default\" data-dismiss=\"modal\">Anuleaz\u0103<\/a><\/div>\n<\/div>\n<\/div>\n<\/div>\n<div class=\"modal fade\" id=\"commentLikeModal\" role=\"dialog\" aria-labelledby=\"commentLikeModalLabel\">\n<div class=\"modal-dialog modal-lg\" role=\"document\">\n<div class=\"modal-content\">\n<div class=\"modal-header\">\n<h3 class=\"modal-title\" id=\"commentReportModalLabel\">Apreciaza comentariu<\/h3>\n<\/div>\n<div class=\"modal-body\">\n<div class=\"tabel tabel-full\">\n<div class=\"celula\">\n            Trebuie s\u0103 fii <a href=\"https:\/\/ziaruldevrancea.ro\/account\">autentificat<\/a> pentru a putea aprecia un comentariu.\n          <\/div>\n<\/div>\n<\/div>\n<div class=\"modal-footer\"><a href=\"https:\/\/ziaruldevrancea.ro\/special\/economic\/mozaic-Stiri-economice-romanii-si-au-asigurat-anul-trecut-calatoriile-pentru-85-de-miliarde-de-lei\" class=\"btn btn-default\" data-dismiss=\"modal\">Anuleaz\u0103<\/a><\/div>\n<\/div>\n<\/div>\n<\/div>\n<div class=\"bloc-widget widget-rosu\"><span><small>Ziarul de Vrancea doreste ca acest site sa fie un spatiu al discutiilor civilizate, al comentariilor de bun simt. Din acest motiv, cei care posteaza comentarii la articole trebuie sa respecte urmatoarele reguli:<br \/>\n1. Sa se refere doar la articolul la care posteaza comentarii.<br \/>\n2. Sa foloseasca un limbaj civilizat, fara injurii, calomnii, comentarii antisemite, xenofobe sau rasiste.<br \/>\n3. Sunt interzise atacurile la adresa autorilor, daca acestea nu au legatura cu textul.<br \/>\n4. Username-ul sa nu fie nume de personalitati ale vietii publice sau parodieri ale acestora.<br \/>\nAutorul unui articol poate fi criticat pentru eventuale greseli, incoerenta, lipsa de documentare etc.<br \/>\nNerespectarea regulilor mentionate mai sus va duce la stergerea comentariilor, fara avertisment si fara explicatii.<br \/>\nAbaterile repetate vor avea drept consecinta interdictia accesului la aceasta facilitate a site-ului.<\/small><\/span><\/div>\n<\/div>\n<p>[analyse_source url=&#8221;https:\/\/ziaruldevrancea.ro\/special\/economic\/mozaic-Stiri-economice-romanii-si-au-asigurat-anul-trecut-calatoriile-pentru-85-de-miliarde-de-lei&#8221;]<\/p>\n","protected":false},"excerpt":{"rendered":"<p>[analyse_image type=&#8221;featured&#8221; src=&#8221;https:\/\/zdvi.cname.ro\/_\/mozaic-Stiri-economice-romanii-si-au-asigurat-anul-trecut-calatoriile-pentru-85-de-miliarde-de-lei\/mediaPool\/uLlyonA.jpg&#8221;] Economic MOZAIC \u0218TIRI ECONOMICE: Rom\u00e2nii \u015fi-au asigurat, anul trecut, c\u0103l\u0103toriile pentru 85 de miliarde de lei Distribuie: \u00a0 | Rodica Condurache 27 iul 2026372 vizualiz\u0103ri Cele mai multe dosare de daun\u0103 majore au fost \u00eenregistrate pentru c\u0103l\u0103torii efectuate \u00een Statele Unite ale Americii, Grecia, Austria, Egipt \u015fi Turcia Sumele pl\u0103tite, anul trecut, [&hellip;]<\/p>\n","protected":false},"author":1,"featured_media":0,"comment_status":"open","ping_status":"","sticky":false,"template":"","format":"standard","meta":{"footnotes":""},"categories":[89],"tags":[226,208],"class_list":["post-2070102","post","type-post","status-publish","format-standard","hentry","category-romania","tag-crawlmanager","tag-ziaruldevrancea-ro"],"_links":{"self":[{"href":"https:\/\/analyse.optim.biz\/index.php?rest_route=\/wp\/v2\/posts\/2070102","targetHints":{"allow":["GET"]}}],"collection":[{"href":"https:\/\/analyse.optim.biz\/index.php?rest_route=\/wp\/v2\/posts"}],"about":[{"href":"https:\/\/analyse.optim.biz\/index.php?rest_route=\/wp\/v2\/types\/post"}],"author":[{"embeddable":true,"href":"https:\/\/analyse.optim.biz\/index.php?rest_route=\/wp\/v2\/users\/1"}],"replies":[{"embeddable":true,"href":"https:\/\/analyse.optim.biz\/index.php?rest_route=%2Fwp%2Fv2%2Fcomments&post=2070102"}],"version-history":[{"count":0,"href":"https:\/\/analyse.optim.biz\/index.php?rest_route=\/wp\/v2\/posts\/2070102\/revisions"}],"wp:attachment":[{"href":"https:\/\/analyse.optim.biz\/index.php?rest_route=%2Fwp%2Fv2%2Fmedia&parent=2070102"}],"wp:term":[{"taxonomy":"category","embeddable":true,"href":"https:\/\/analyse.optim.biz\/index.php?rest_route=%2Fwp%2Fv2%2Fcategories&post=2070102"},{"taxonomy":"post_tag","embeddable":true,"href":"https:\/\/analyse.optim.biz\/index.php?rest_route=%2Fwp%2Fv2%2Ftags&post=2070102"}],"curies":[{"name":"wp","href":"https:\/\/api.w.org\/{rel}","templated":true}]}}