{"id":2070100,"date":"2026-07-26T00:00:00","date_gmt":"2026-07-25T21:00:00","guid":{"rendered":"https:\/\/analyse.optim.biz\/?p=2070100"},"modified":"2026-07-26T00:00:00","modified_gmt":"2026-07-25T21:00:00","slug":"mozaic-stiri-economice-mai-mult-de-jumatate-dintre-romani-se-simt-nesiguri-din-punct-de-vedere-financiar","status":"publish","type":"post","link":"https:\/\/analyse.optim.biz\/?p=2070100","title":{"rendered":"MOZAIC \u0218TIRI ECONOMICE: Mai mult de jum\u0103tate dintre rom\u00e2ni se simt nesiguri din punct de vedere financiar"},"content":{"rendered":"<p>[analyse_image type=&#8221;featured&#8221; src=&#8221;https:\/\/zdvi.cname.ro\/_\/mozaic-Stiri-economice-mai-mult-de-jumatate-dintre-romani-se-simt-nesiguri-din-punct-de-vedere-financiar\/mediaPool\/uLWDAYP.jpg&#8221;]<\/p>\n<div class=\"main-content detaliu-articol\"><a class=\"titlu-cat-list\" href=\"https:\/\/ziaruldevrancea.ro\/special\/economic\">Economic<\/a><\/p>\n<h1>MOZAIC \u0218TIRI ECONOMICE: Mai mult de jum\u0103tate dintre rom\u00e2ni se simt nesiguri din punct de vedere financiar<\/h1>\n<div class=\"date-articol clearfix\">\n<div class=\"distribuie-articol dropdown\">\n    Distribuie: \u00a0<br \/>\n    <em>|<\/em><\/div>\n<div class=\"autor-articol\"><a href=\"https:\/\/ziaruldevrancea.ro\/autor\/rodica-condurache\/\"><img decoding=\"async\" class=\"img-circle\" src=\"https:\/\/zdvi.cname.ro\/50_50\/articleAuthor\/rodica-condurache\/articleAuthor\/uy6Kz5r.jpg\" alt><\/a><\/p>\n<h5><a href=\"https:\/\/ziaruldevrancea.ro\/autor\/rodica-condurache\/\">Rodica Condurache<\/a><\/h5>\n<div class=\"grup-spatiere\"><span class=\"cu-spatiere\">26 iul 2026<\/span><span class=\"cu-spatiere\">355 vizualiz\u0103ri<\/span><\/div>\n<\/div>\n<\/div>\n<div class=\"poza-mare\"><a href class=\"openGallery\"><img decoding=\"async\" class=\"img-responsive\" src=\"https:\/\/zdvi.cname.ro\/850_530\/mozaic-Stiri-economice-mai-mult-de-jumatate-dintre-romani-se-simt-nesiguri-din-punct-de-vedere-financiar\/article\/mediaPool\/uLWDAYP.jpg\" alt><\/a><\/div>\n<p>Mul\u0163i tr\u0103iesc de la un salariu la altul l stresul, o problem\u0103 pentru o treime dintre rom\u00e2ni, arat\u0103 un studiu Deloitte<\/p>\n<p>Rom\u00e2nii din genera\u0163iile Z (55%) \u015fi Millennials (66%) declar\u0103 c\u0103 se simt nesiguri din punct de vedere financiar, iar 46% dintre cei din Genera\u0163ia Z \u015fi 62% dintre Millennials afirm\u0103 c\u0103 tr\u0103iesc de la un salariu la altul, potrivit unui studiu Deloitte, realizat \u00een 44 de \u0163\u0103ri, printre care se num\u0103r\u0103 \u015fi Rom\u00e2nia. Procentul este cu mult mai mare c\u00e2nd vine vorba de posibilitatea de a-\u015fi permite o locuin\u0163\u0103 proprie, 78% dintre rom\u00e2nii din genera\u0163iile Z (n\u0103scu\u0163i \u00eentre ianuarie 1995 \u015fi decembrie 2007) \u015fi 85% din genera\u0163ia Millennials ((n\u0103scu\u0163i \u00eentre ianuarie 1983 \u015fi decembrie 1994) recunosc c\u0103 nu \u00ee\u015fi permit acest lucru, aproape dublu, raportat la media global\u0103. \u00cen acela\u015fi timp, nivelul de stres r\u0103m\u00e2ne ridicat, o treime dintre rom\u00e2ni recunosc\u00e2nd c\u0103 se simt stresa\u0163i \u00een cea mai mare parte a timpului, \u00een principal legat de situa\u0163ia financiar\u0103. \u201eRom\u00e2nii din genera\u0163iile Z (78%) \u015fi Millennials (85%) spun c\u0103 nu \u00ee\u015fi permit o locuin\u0163\u0103 proprie, procente mult mai ridicate dec\u00e2t mediile globale (51%, respectiv 40%), aspect care le influen\u0163eaz\u0103 semnificativ traiectoria profesional\u0103\u201d, conform studiului Deloitte Global Gen Z and Millennial Survey 2026. \u00cen acela\u015fi timp, mai mult de jum\u0103tate dintre participan\u0163ii din Rom\u00e2nia (55% din Genera\u0163ia Z \u015fi 66% dintre Millennials, spun c\u0103 se simt nesiguri din punct de vedere financiar. Raportat la media global\u0103, la noi se \u00eenregistreaz\u0103 un avans de\u00a0 zece puncte, respectiv 22 de puncte procentuale. Studiul mai arat\u0103 c\u0103 46% dintre tinerii din Genera\u0163ia Z \u015fi 62% dintre Millennials tr\u0103iesc de la un salariu la altul, iar mai mult de jum\u0103tate dintre rom\u00e2nii din ambele genera\u0163ii recunosc c\u0103 au am\u00e2nat decizii importante de via\u0163\u0103 din cauza situa\u0163iei financiare. Principala \u00eengrijorare a tinerilor rom\u00e2ni r\u0103m\u00e2ne legat\u0103 de costul vie\u0163ii de zi cu zi (50% din ambele genera\u0163ii), urm\u0103t\u0103 de instabilitatea politic\u0103 (26% din Genera\u0163ia Z, 34% dintre Millennials) \u015fi corup\u0163ia (25%, respectiv 30%). Nivelul de stres r\u0103m\u00e2ne ridicat \u2013 38% dintre rom\u00e2nii din Genera\u0163ia Z \u015fi 30% dintre Millennials\u00a0 declar\u0103 c\u0103 se simt stresa\u0163i \u00een cea mai mare parte a timpului, \u00een principal legat de situa\u0163ia financiar\u0103 pe termen lung (51% din Genera\u0163ia Z, 41% dintre Millennials), starea de s\u0103n\u0103tate \u015fi bun\u0103starea familiei (47%, respectiv 45%) \u015fi situa\u0163ia financiar\u0103 curent\u0103 (46%, respectiv 41%). C\u00e2t prive\u015fte adoptarea\u00a0 inteligen\u0163ei artificiale (AI) \u00een mediul profesional, tinerii de la noi consider\u0103 benefic impactul acesteia, 66% dintre reprezentan\u0163ii Genera\u0163iei Z \u015fi 48% dintre Millennials spun c\u0103 folosesc AI \u00een activitatea de zi cu zi, iar cei mai mul\u0163i sus\u0163in c\u0103 are un impact pozitiv at\u00e2t asupra vie\u0163ii personale (81% din Genera\u0163ia Z, 71% dintre Millennials), c\u00e2t \u015fi asupra vie\u0163ii profesionale (77%, re-spectiv 67%). Pe de alt\u0103 parte, un sfert dintre responden\u0163ii din ambele categorii spun c\u0103 nu au \u00eencredere \u00een rezultatele generate, iar al\u0163ii invoc\u0103 capabilit\u0103\u0163ile limitate ale instru-mentelor (22%) \u015fi integrarea slab\u0103 \u00een fluxurile de lucru.\u00a0 De asemenea, doar un sfert dintre responden\u0163ii din ambele genera\u0163ii consider\u0103 c\u0103 instrumentele AI puse la dispozi\u0163ie de angajatori sunt suficiente, semnificativ sub media global\u0103 de aproximativ 40%.<\/p>\n<p><strong>Cre\u0219te ponderea tranzac\u021biilor reziden\u021biale prin credit<\/strong><\/p>\n<p>La nivel na\u021bional, ipotecile intabulate \u00een primul semestru din 2026 reprezint\u0103 pu\u021bin peste 57% din totalul tranzac\u021biilor reziden\u021biale \u00eenregistrate<\/p>\n<p>Ponderea tranzac\u021biilor reziden\u021biale realizate prin credit ipotecar a crescut semnificativ \u00een ultimii ani, at\u00e2t la nivel na\u021bional, c\u00e2t \u0219i \u00een regiunea Bucure\u0219ti &#8211; Ilfov, potrivit unei analize Ipotecare.ro pe baza statisticilor oficiale. Astfel, totalul ipotecilor intabulate \u00een primele \u0219ase luni din 2026 \u00een Bucure\u0219ti \u0219i Ilfov a ajuns la aproape 59% din totalul v\u00e2nz\u0103rilor reziden\u021biale, \u00een sc\u0103dere de la aproape 63% \u00een 2025. Ponderea tranzac\u021biilor realizate prin credit ipotecar a fost \u00een 2022 de doar 50%, potrivit calculelor realizate pe baza datelor Agen\u021biei Na\u021bionale de Cadastru \u0219i Publicitate Imobiliar\u0103 (ANCPI), citate \u00een analiz\u0103. La nivel na\u021bional, ipotecile intabulate \u00een primul semestru din 2026 reprezint\u0103 pu\u021bin peste 57% din totalul tranzac\u021biilor reziden\u021biale \u00eenregistrate \u00een Rom\u00e2nia \u00een acest an, un procent similar cu cel din 2025, dar mult mai mare comparativ cu ponderea de doar 43,5% \u00eenregistrat\u0103 \u00een 2022. Conform anali\u0219tilor, cre\u0219terea mai accentuat\u0103 a tranzac\u021biilor realizate prin credit ipotecar la nivel na\u021bional s-a \u00eenregistrat \u00eentr-un context de majorare semnificativ\u0103 a pre\u021burilor locuin\u021belor \u00een ultimii ani, dar \u0219i a unor acumul\u0103ri de resurse proprii mai reduse comparativ cu cele \u00eenregistrate \u00een regiunea Bucure\u0219tiului. Concomitent, se are \u00een vedere c\u0103 totalul ipotecilor intabulate include \u0219i refinan\u021b\u0103rile ipotecare, num\u0103rul acestora reduc\u00e2ndu-se \u00eens\u0103 \u00een 2026, comparativ cu v\u00e2rfurile \u00eenregistrate \u00een perioada 2023 &#8211; 2025. Spre exemplu, doar 16% dintre creditele intermediate de c\u0103tre Ipotecare.ro \u00een 2026 au fost reprezentate de refinan\u021b\u0103ri, restul fiind credite noi destinate achizi\u021biei de imobile. &#8216;Ponderea tranzac\u021biilor reziden\u021biale realizate prin credit ipotecar a crescut \u0219i va continua s\u0103 se majoreze pe m\u0103sur\u0103 ce tinerii din Genera\u021bia Z, cu v\u00e2rste actuale de sub 30 de ani, vor deveni principala for\u021b\u0103 economic\u0103 activ\u0103 pe pia\u021ba imobiliar\u0103. De asemenea, num\u0103rul ipotecilor s-a majorat \u0219i ca urmare a cre\u0219terii pre\u021burilor locuin\u021belor din ultimii ani, acumularea de capital fiind posibil\u0103 \u00eentr-o propor\u021bie mai redus\u0103. Nu \u00een ultimul r\u00e2nd, sc\u0103derea constant\u0103 a dob\u00e2nzilor ipotecare \u0219i lansarea unor produse atractive au dus la cre\u0219terea interesului fa\u021b\u0103 de creditele ipotecare&#8217;, a explicat Lauren\u021biu Bogdan, managing partner Ipotecare.ro. Num\u0103rul locuin\u021belor v\u00e2ndute \u00een primele \u0219ase luni din 2026 \u00een Bucure\u0219ti \u0219i Ilfov a fost cu doar 1,4% mai mic comparativ cu cel \u00eenregistrat \u00een primele \u0219ase luni din 2025, \u00een timp ce la nivel na\u021bional s-a \u00eenregistrat o sc\u0103dere anual\u0103 de aproape 9% a v\u00e2nz\u0103rilor reziden\u021biale \u00eenregistrate \u00een primul semestru din acest an, potrivit datelor ANCPI.<\/p>\n<p><strong>ONRC: Aproape 75.000 de persoane fizice \u0219i juridice, \u00eenmatriculate \u00een primele \u0219ase luni<\/strong><\/p>\n<p>Num\u0103rul \u00eenmatricul\u0103rilor de persoane fizice \u0219i juridice a crescut \u00een primele \u0219ase luni din 2026 cu 7,86% comparativ cu aceea\u0219i perioad\u0103 din 2025, totaliz\u00e2nd 74.953 de \u00eenmatricul\u0103ri, din care 41.491 SRL, conform datelor publicate pe site-ul Oficiului Na\u021bional al Registrului Comer\u021bului (ONRC), consultate de AGERPRES. Cele mai multe \u00eenmatricul\u0103ri au fost \u00eenregistrate \u00een Municipiul Bucure\u0219ti, respectiv 17.492 (\u00c210,11% fa\u021b\u0103 de primele \u0219ase luni din 2025), \u0219i \u00een jude\u021bele Ilfov (4.809, \u00c210,37%), Cluj (3.689, \u00c29,50%), Timi\u0219 (3.657, \u00c29,79%), Ia\u0219i (3.006, \u00c23,33%), Constan\u021ba (2.887, \u00c224,28%) \u0219i Bihor (2.463, \u00c26,58%). La polul opus, num\u0103rul cel mai mic de \u00eenmatricul\u0103ri a fost consemnat \u00een jude\u021bele: Covasna (393, \u00c213,58% raportat la ianuarie-iunie 2025), Mehedin\u021bi (467, \u00c21,97%), Teleorman (469, -6,57%), Tulcea (470, \u00c21,51%) \u0219i Cara\u0219-Severin (523, \u00c29,19%). Cele mai mari cre\u0219teri ale num\u0103rului de \u00eenmatricul\u0103ri au fost consemnate \u00een jude\u021bele C\u0103l\u0103ra\u0219i (\u00c237,45%), Buz\u0103u (\u00c225,26%) \u0219i Giurgiu (\u00c224,33%), iar sc\u0103derile cele mai semnificative \u00een jude\u021bele Bac\u0103u (-9,02%), Teleorman (-6,57%) \u0219i Neam\u021b (-5,71%). Potrivit ONRC, domeniile \u00een care au fost realizate cele mai multe \u00eenmatricul\u0103ri sunt: transport \u0219i depozitare (12.609, \u00c26,36% comparativ cu primele patru \u0219ase din 2025), comer\u021bul cu ridicata \u0219i cu am\u0103nuntul (10.648, -10,84%) \u0219i activit\u0103\u021bi profesionale, \u0219tiin\u021bifice \u0219i tehnice (7.891, \u00c215,87%). \u00cen iunie 2026, au fost \u00eenmatriculate 11.265 de persoane fizice \u0219i juridice, cele mai multe \u00een Bucure\u0219ti (2.665), Ilfov (842), Cluj (564) \u0219i Timi\u0219 (520).\u00a0<\/p>\n<p><strong>Pre\u0163ul boabelor de cacao scade, dar ciocolata r\u0103m\u00e2ne scump\u0103<\/strong><\/p>\n<p>Pre\u0163urile boabelor de cacao au \u00eenceput s\u0103 scad\u0103 dup\u0103 cre\u015fterile record din ultimii doi ani, \u00eens\u0103 consumatorii nu ar trebui s\u0103 se a\u015ftepte la ieftinirea rapid\u0103 a ciocolatei. Cei mai mari produc\u0103tori din industrie \u00eencearc\u0103 \u00een schimb s\u0103 atrag\u0103 din nou cump\u0103r\u0103torii prin produse inspirate de re\u0163elele sociale, investi\u0163ii mai mari \u00een marketing digital \u015fi extinderea gamei premium, transmite CNBC. Contractele futures pentru cacao se tranzac\u0163ioneaz\u0103 \u00een prezent la aproximativ 5.327 de dolari pe ton\u0103, \u00een sc\u0103dere cu 34% fa\u0163\u0103 de acum un an. La sf\u00e2r\u015fitul lui 2024, pre\u0163ul dep\u0103\u015fise 11.900 de dolari pe ton\u0103, dup\u0103 ce, timp de aproape dou\u0103 decenii, acesta s-a situat \u00een mod obi\u015fnuit \u00eentre 2.000 \u015fi 3.000 de dolari pe ton\u0103. Produc\u0103torii elve\u0163ieni Lindt, Barry Callebaut \u015fi Nestl\u00e9 au declarat c\u0103 explozia pre\u0163ului la cacao a afectat at\u00e2t profitabilitatea, c\u00e2t \u015fi cererea. Lindt a anun\u0163at c\u0103 majorarea medie a pre\u0163urilor cu 11,8% a determinat o sc\u0103dere de 7,5% a volumului v\u00e2nz\u0103rilor \u00een prima jum\u0103tate a anului. Directorul general al companiei, Adalbert Lechner, a explicat c\u0103 pre\u0163urile record la cacao au obligat \u00eentreaga industrie s\u0103 opereze cre\u015fteri f\u0103r\u0103 precedent, \u00eentr-un context deja afectat de infla\u0163ie, incertitudini geopolitice \u015fi sl\u0103birea \u00eencrederii consumatorilor. El a ad\u0103ugat c\u0103 tensiunile din Orientul Mijlociu au redus \u015fi fluxurile turistice din Asia \u015fi Orientul Mijlociu c\u0103tre Europa, afect\u00e2nd v\u00e2nz\u0103rile din magazinele amplasate \u00een zone turistice. La r\u00e2ndul s\u0103u, Barry Callebaut, cel mai mare produc\u0103tor mondial de ciocolat\u0103 \u015fi ingrediente pe baz\u0103 de cacao, a precizat c\u0103, de\u015fi consumul global de ciocolat\u0103 a sc\u0103zut cu 4,4% \u00een trimestrul al treilea, volumele proprii de v\u00e2nz\u0103ri au crescut cu 5,7%, marc\u00e2nd prima evolu\u0163ie pozitiv\u0103 din ultimii peste doi ani. Compania a raportat \u015fi o cre\u015ftere de 18% a v\u00e2nz\u0103rilor de cacao, pe fondul corec\u0163iei recente a pie\u0163ei. Nestl\u00e9 a anun\u0163at c\u0103 pre\u0163urile ridicate ale cafelei \u015fi ale boabelor de cacao au redus cu 2,8% profitul opera\u0163ional din activitatea curent\u0103 \u00een primul semestru, \u00eens\u0103 estimeaz\u0103 c\u0103 sc\u0103derea costului materiei prime va contribui la \u00eembun\u0103t\u0103\u0163irea marjelor \u00een perioada urm\u0103toare. Cre\u015fterea spectaculoas\u0103 a pre\u0163urilor a fost provocat\u0103 \u00een principal de recoltele slabe din Africa de Vest, regiunea care produce aproximativ 60\u201370% din boabele de cacao la nivel mondial. Condi\u0163iile meteorologice au fost afectate de fenomenul El Ni\u00f1o, care a adus temperaturi ridicate, secet\u0103 \u015fi precipita\u0163ii neregulate \u00een Coasta de Filde\u015f \u015fi Ghana, cei mai mari produc\u0103tori mondiali.<\/p>\n<p><strong>\u201dDistilarea\u201d modelelor AI provoac\u0103 dispute \u00eentre gigan\u0163ii tehnologici <\/strong><\/p>\n<p>La \u00eenceputul acestui an, Jeff Dean, coordonatorul activit\u0103\u0163ilor de inteligen\u0163\u0103 artificial\u0103 ale Google, a discutat \u00eentr-un podcast despre un concept care, la vremea respectiv\u0103, era aproape necunoscut \u00een afara cercurilor specializate din industria tehnologic\u0103: distilarea, relateaz\u0103 CNBC. Vorbind despre dezvoltarea modelelor AI ale Google, Dean a explicat c\u0103 el \u015fi colegii s\u0103i au descoperit tehnici de distilare deoarece compania \u00eencerca s\u0103 \u00eembun\u0103t\u0103\u0163easc\u0103 performan\u0163ele sistemelor sale f\u0103r\u0103 s\u0103 depind\u0103 de un singur model de mari dimensiuni pentru recunoa\u015fterea imaginilor. &#8220;Prin distilare, care este o tehnic\u0103 esen\u0163ial\u0103 pentru cre\u015fterea capacit\u0103\u0163ii modelelor mai mici, trebuie s\u0103 ai mai \u00eent\u00e2i modelul de frontier\u0103, pentru ca apoi s\u0103 \u00eei transferi cuno\u015ftin\u0163ele c\u0103tre modelul mai mic&#8221;, a declarat Dean \u00een februarie. Cinci luni mai t\u00e2rziu, distilarea a devenit brusc un subiect intens dezb\u0103tut, din Silicon Valley p\u00e2n\u0103 la Washington, \u00een timp ce speciali\u015ftii din tehnologie \u015fi legislatorii analizeaz\u0103 dac\u0103 aceast\u0103 practic\u0103 se transform\u0103 \u00eentr-o amenin\u0163are la adresa securit\u0103\u0163ii na\u0163ionale \u015fi ajut\u0103 China s\u0103 recupereze decalajul fa\u0163\u0103 de Statele Unite \u00een cursa global\u0103 pentru inteligen\u0163a artificial\u0103. \u00cengrijor\u0103rile s-au amplificat la sf\u00e2r\u015fitul s\u0103pt\u0103m\u00e2nii trecute, dup\u0103 ce laboratorul chinez Moonshot AI a lansat modelul Kimi K3, iar utilizatorii au constatat rapid c\u0103 acesta poate concura cu unele dintre cele mai performante sisteme AI comerciale dezvoltate de Anthropic \u015fi OpenAI. Spre deosebire de principalele companii americane de inteligen\u0163\u0103 artificial\u0103, care v\u00e2nd acces la modele proprietare, Moonshot \u015fi alte laboratoare chineze ofer\u0103 modele cu parametri deschi\u015fi, care pot fi desc\u0103rcate, modificate \u015fi rulate de utilizatori pe propria infrastructur\u0103. Unii oficiali americani atribuie progresul rapid al Moonshot utiliz\u0103rii distil\u0103rii, pe care o descriu drept un furt de proprietate intelectual\u0103 american\u0103, realizat \u00een special prin integrarea cuno\u015ftin\u0163elor modelului de frontier\u0103 Fable, dezvoltat de Anthropic. &#8220;Avem informa\u0163ii potrivit c\u0103rora Moonshot AI a distilat modelul Fable al Anthropic pentru dezvoltarea modelului s\u0103u K3&#8221;, a scris miercuri pe platforma X consilierul Casei Albe Michael Kratsios. &#8220;Pentru a face acest lucru, compania a dezvoltat o platform\u0103 intern\u0103 sofisticat\u0103, capabil\u0103 s\u0103 realizeze distilarea la scar\u0103 larg\u0103 a modelelor americane, permi\u0163\u00e2ndu-i s\u0103 schimbe rapid metodele de acces pentru a evita detectarea&#8221;, a ad\u0103ugat el. \u00cen termeni generali, distilarea presupune folosirea r\u0103spunsurilor oferite de un chatbot sau a rezultatelor produse de un model AI avansat pentru antrenarea unui alt model.<\/p>\n<p><strong>Nestl\u00e9 cere reguli mai simple pentru etichetarea alimentelor \u00een SUA<\/strong><\/p>\n<p>Nestl\u00e9, produc\u0103torul cafelei Nescaf\u00e9 \u015fi al ciocolatei KitKat, face presiuni asupra autorit\u0103\u0163ilor americane pentru a permite utilizarea unor denumiri mai simple \u015fi mai u\u015for de \u00een\u0163eles pe etichetele produselor alimentare, \u00een contextul \u00een care consumatorii analizeaz\u0103 tot mai atent listele de ingrediente \u015fi evit\u0103 alimentele pe care le consider\u0103 excesiv procesate, transmite Reuters. Compania propune \u00eenlocuirea unor denumiri \u015ftiin\u0163ifice cu termeni familiari consumatorilor. De exemplu, \u201dacid ascorbic\u201d ar putea fi \u00eenlocuit cu \u201dvitamina C\u201d, iar \u201dbeta-caroten\u201d cu \u201dvitamina A\u201d, pentru a evita respingerea unor ingrediente care, de\u015fi au denumiri tehnice, sunt de origine natural\u0103 sau sunt considerate sigure de autorit\u0103\u0163ile de reglementare. \u201dUneori, modul \u00een care suntem obliga\u0163i s\u0103 descriem ingredientele \u00een Statele Unite le face s\u0103 par\u0103 ingrediente din alimente Frankenstein\u201d, a declarat pentru Reuters un fost director de rang \u00eenalt al Nestl\u00e9. \u201d\u00cen realitate, este vorba despre un ingredient natural, pe care consumatorii \u00eel cunosc sub o denumire obi\u015fnuit\u0103\u201d, a ad\u0103ugat acesta.<\/p>\n<p><strong>Pre\u0163ul petrolului este \u00een sc\u0103dere<\/strong><\/p>\n<p>Pre\u0163urile petrolului au sc\u0103zut luni, investitorii fiind u\u015fura\u0163i de faptul c\u0103 au trecut dou\u0103 nop\u0163i consecutive f\u0103r\u0103 atacuri americane \u00een Iran, ceea ce las\u0103 deschis\u0103 posibilitatea unor noi discu\u0163ii \u00eentre p\u0103r\u0163ile beligerante, relateaz\u0103 AFP. \u00cen jurul orei 4:30, pre\u0163ul barilului Brent din Marea Nordului, referin\u0163a interna\u0163ional\u0103 pentru petrol, a sc\u0103zut cu 3,61%, ajung\u00e2nd la 93,29 dolari. Acesta a sc\u0103zut chiar pentru scurt timp sub pragul de 90 de dolari, \u00eenregistr\u00e2nd o sc\u0103dere de peste 5%. Echivalentul s\u0103u american, barilul West Texas Intermediate (WTI), a sc\u0103zut cu 4,18%, ajung\u00e2nd la 85,59 dolari. Dup\u0103 dou\u0103 s\u0103pt\u0103m\u00e2ni de bombardamente conduse de Statele Unite \u00een Iran, nu a mai fost semnalat niciun nou atac \u00eencep\u00e2nd de vineri seara. \u201e\u00centruc\u00e2t strategia noastr\u0103 se bazeaz\u0103 \u00een esen\u0163\u0103 pe ripost\u0103, am \u00eentrerupt \u015fi noi opera\u0163iunile\u201d, a comentat purt\u0103torul de cuv\u00e2nt al armatei iraniene, Mohammad Akraminia. Potrivit ambasadorului SUA la ONU, Mike Waltz, Donald Trump las\u0103 \u201espa\u0163iu\u201d pentru negocieri cu Teheranul. Acesta a afirmat c\u0103 negocierile continu\u0103, subliniind totodat\u0103 c\u0103 \u015feful statului nu a renun\u0163at la o nou\u0103 escaladare cu care a amenin\u0163at Republica Islamic\u0103.<\/p>\n<p><strong>Apple ar fi decis am\u00e2narea primilor ochelari smart<\/strong><\/p>\n<p>Gigantul american Apple ar fi decis s\u0103 am\u00e2ne lansarea primei perechi de ochelari inteligen\u0163i, pentru a implementa func\u0163ii de protejare a intimit\u0103\u0163ii, dup\u0103 ce Meta a lansat ochelari cu func\u0163ii de recunoa\u015ftere facial\u0103 care au atras numeroase critici. Apple este a\u015fteptat\u0103 s\u0103 intre \u00een cur\u00e2nd pe pia\u0163a ochelarilor inteligen\u0163i &#8211; o categorie de produse privit\u0103 cu suspiciune de oameni din cauza problemelor ce \u0163in de intimitate. Google, prima companie care a ie\u015fit cu astfel de ochelari, a trebuit s\u0103 renun\u0163e, \u00een cele din urm\u0103, la dezvoltarea produsului, pe care oamenii l-au respins din cauza faptului c\u0103 putea fi folosit pentru a fotografia \u015fi filma f\u0103r\u0103 ca cei din jur s\u0103-\u015fi dea seama. Mai nou, ceva similar se \u00eent\u00e2mpl\u0103 din cauza Meta, care a permis fotografierea \u015fi filmarea cu ochelarii s\u0103i, al\u0103turi de aplicarea recunoa\u015fterii faciale, d\u00e2nd und\u0103 verde unei serii \u00eentregi de utiliz\u0103ri lipsite de etic\u0103 din partea purt\u0103torilor. Marea diferen\u0163\u0103 dintre cele dou\u0103 produse, peste timp, este c\u0103 ochelarii Meta arat\u0103 ca o pereche de ochelari obi\u015fnui\u0163i, nu ca un gadget futurist.<\/p>\n<p>\u00a0<\/p>\n<hr>\n<div class=\"bloc-widget widget-rosu\">\n<p>\u00cen lipsa unui acord scris din partea Ziarului de Vrancea, pute\u0163i prelua maxim 500 de caractere din acest articol dac\u0103 preciza\u0163i sursa \u015fi insera\u0163i vizibil link-ul articolului:\u00a0<span>#insertcurrentlinkhere<\/span><\/p>\n<\/div>\n<div class=\"extra-articol listing-anunturi\">\n<h6>Anun\u021buri <span class=\"text-primary\">ZdV<\/span> Premium<\/h6>\n<div class=\"row\">\n<div class=\"col-lg-4 col-md-6 bloc-egal\"><a class=\"card-anunt\" href=\"https:\/\/ziaruldevrancea.ro\/anunturi\/imobiliare\/vanzari-terenuri\/vand-teren-in-panciu\"><strong class=\"titlu\">V\u00e2nz\u0103ri terenuri<\/strong><span class=\"text-anunt\">Teren Panciu 1170 mp, cu num\u0103r cas\u0103, ap\u0103&#8230;<\/span><span class=\"data-anunt\">29.07.2026  <\/span><\/a><\/div>\n<div class=\"col-lg-4 col-md-6 bloc-egal\"><a class=\"card-anunt\" href=\"https:\/\/ziaruldevrancea.ro\/anunturi\/altele\/anulare-acte\/vand-scrumbii-afumate-capturi-dunare\"><strong class=\"titlu\">Vanzari diverse<\/strong><span class=\"text-anunt\">Pret : 117 lei \/ kg . \u00a0 Este&#8230;<\/span><span class=\"data-anunt\">29.07.2026 , Gala\u021bi , Gala\u021bi<\/span><\/a><\/div>\n<div class=\"col-lg-4 col-md-6 bloc-egal\"><a class=\"card-anunt\" href=\"https:\/\/ziaruldevrancea.ro\/anunturi\/necrolog\/decese\/dumnezeu-sa-o-aseze-in-randul-celor-drepti\"><strong class=\"titlu\">Decese<\/strong><span class=\"text-anunt\">Cu profund\u0103 durere, familia anun\u021b\u0103 trecerea la&#8230;<\/span><span class=\"data-anunt\">28.07.2026  <\/span><\/a><\/div>\n<\/div>\n<\/div>\n<div class=\"extra-articol alte-articole\">\n<div class=\"row\">\n<div class=\"col-lg-6 bloc-egal\">\n<div class=\"card articol-listing\">\n<h6>\u00cen categoria <a href=\"https:\/\/ziaruldevrancea.ro\/special\/economic\">Economic<\/a><\/h6>\n<div class=\"grup-articol-listing\">\n<div class=\"cont-pils\"><a href=\"https:\/\/ziaruldevrancea.ro\/special\/economic\/mozaic-Stiri-economice-peste-1.000-de-miliarde-de-dolari-s-au-evaporat-din-valoarea-companiilor-de-cipuri\"><img decoding=\"async\" src=\"https:\/\/zdvi.cname.ro\/180_135\/special\/economic\/mozaic-Stiri-economice-peste-1.000-de-miliarde-de-dolari-s-au-evaporat-din-valoarea-companiilor-de-cipuri\/mediaPool\/u7KvYcX.jpg\" class=\"img-responsive img-180\" alt><\/a><\/div>\n<h2><a class=\"link-titlu\" href=\"https:\/\/ziaruldevrancea.ro\/special\/economic\/mozaic-Stiri-economice-peste-1.000-de-miliarde-de-dolari-s-au-evaporat-din-valoarea-companiilor-de-cipuri\">MOZAIC \u0218TIRI ECONOMICE: Peste 1.000 de miliarde de dolari s-au evaporat din valoarea companiilor de cipuri<\/a><\/h2>\n<div class=\"date-post\"><a href=\"https:\/\/ziaruldevrancea.ro\/autor\/radu-tomescu\">Radu Tomescu<\/a>, 29 iul 2026  <\/div>\n<\/div>\n<div class=\"grup-articol-listing\">\n<div class=\"cont-pils\"><a href=\"https:\/\/ziaruldevrancea.ro\/special\/economic\/mozaic-Stiri-economice-termenul-de-achizitie-a-locuintelor-cu-tva-redus-a-fost-prelungit\"><img decoding=\"async\" src=\"https:\/\/zdvi.cname.ro\/180_135\/special\/economic\/mozaic-Stiri-economice-termenul-de-achizitie-a-locuintelor-cu-tva-redus-a-fost-prelungit\/mediaPool\/uFd4xKk.jpg\" class=\"img-responsive img-180\" alt><\/a><\/div>\n<h2><a class=\"link-titlu\" href=\"https:\/\/ziaruldevrancea.ro\/special\/economic\/mozaic-Stiri-economice-termenul-de-achizitie-a-locuintelor-cu-tva-redus-a-fost-prelungit\">MOZAIC \u0218TIRI ECONOMICE: Termenul de achizi\u021bie a locuin\u021belor cu TVA redus a fost prelungit <\/a><\/h2>\n<div class=\"date-post\"><a href=\"https:\/\/ziaruldevrancea.ro\/autor\/rodica-condurache\">Rodica Condurache<\/a>, 28 iul 2026  <\/div>\n<\/div>\n<div class=\"grup-articol-listing\">\n<div class=\"cont-pils\"><a href=\"https:\/\/ziaruldevrancea.ro\/special\/economic\/mozaic-Stiri-economice-romanii-si-au-asigurat-anul-trecut-calatoriile-pentru-85-de-miliarde-de-lei\"><img decoding=\"async\" src=\"https:\/\/zdvi.cname.ro\/180_135\/special\/economic\/mozaic-Stiri-economice-romanii-si-au-asigurat-anul-trecut-calatoriile-pentru-85-de-miliarde-de-lei\/mediaPool\/uLlyonA.jpg\" class=\"img-responsive img-180\" alt><\/a><\/div>\n<h2><a class=\"link-titlu\" href=\"https:\/\/ziaruldevrancea.ro\/special\/economic\/mozaic-Stiri-economice-romanii-si-au-asigurat-anul-trecut-calatoriile-pentru-85-de-miliarde-de-lei\">MOZAIC \u0218TIRI ECONOMICE: Rom\u00e2nii \u015fi-au asigurat, anul trecut, c\u0103l\u0103toriile pentru 85 de miliarde de lei<\/a><\/h2>\n<div class=\"date-post\"><a href=\"https:\/\/ziaruldevrancea.ro\/autor\/rodica-condurache\">Rodica Condurache<\/a>, 27 iul 2026  <\/div>\n<\/div>\n<\/div>\n<\/div>\n<div class=\"col-lg-6 bloc-egal\">\n<div class=\"card articol-listing\">\n<h6>De acela\u0219i <a href=\"https:\/\/ziaruldevrancea.ro\/autor\/rodica-condurache\/\">autor<\/a><\/h6>\n<div class=\"grup-articol-listing\">\n<div class=\"cont-pils\"><a href=\"https:\/\/ziaruldevrancea.ro\/timp-liber\/astazi-despre-psihologul-clinician-andrei-partos---om-bun---nevoia-de-a-repune-muzica-si-poezia-romaneasca-la-un-loc-bun\"><img decoding=\"async\" src=\"https:\/\/zdvi.cname.ro\/180_135\/timp-liber\/astazi-despre-psihologul-clinician-andrei-partos---om-bun---nevoia-de-a-repune-muzica-si-poezia-romaneasca-la-un-loc-bun\/mediaPool\/uYSVhEO.jpg\" class=\"img-responsive img-180\" alt><\/a><\/div>\n<h2><a class=\"link-titlu\" href=\"https:\/\/ziaruldevrancea.ro\/timp-liber\/astazi-despre-psihologul-clinician-andrei-partos---om-bun---nevoia-de-a-repune-muzica-si-poezia-romaneasca-la-un-loc-bun\">VIDEO V\u0103 mai aminti\u021bi de \u201eRADIO VACAN\u021aA COSTINE\u0218TI\u201d? Ast\u0103zi despre vocea Costine\u015ftiului de alt\u0103dat\u0103. Andrei Parto\u0219 &#8211; Psihologul clinician care dup\u0103 zece ani de activitate s-a dedicat nevoii de a repune muzica \u015fi poezia rom\u00e2neasc\u0103 la un loc bun<\/a><\/h2>\n<div class=\"date-post\"><a href=\"https:\/\/ziaruldevrancea.ro\/autor\/rodica-condurache\">Rodica Condurache<\/a>, 31 iul 2026  <\/div>\n<\/div>\n<div class=\"grup-articol-listing\">\n<div class=\"cont-pils\"><a href=\"https:\/\/ziaruldevrancea.ro\/timp-liber\/horoscop-31-iulie-2026\"><img decoding=\"async\" src=\"https:\/\/zdvi.cname.ro\/180_135\/timp-liber\/horoscop-31-iulie-2026\/mediaPool\/uA8enxT.jpg\" class=\"img-responsive img-180\" alt><\/a><\/div>\n<h2><a class=\"link-titlu\" href=\"https:\/\/ziaruldevrancea.ro\/timp-liber\/horoscop-31-iulie-2026\">Horoscop 31 iulie 2026 <\/a><\/h2>\n<div class=\"date-post\"><a href=\"https:\/\/ziaruldevrancea.ro\/autor\/rodica-condurache\">Rodica Condurache<\/a>, 31 iul 2026  <\/div>\n<\/div>\n<div class=\"grup-articol-listing\">\n<div class=\"cont-pils\"><a href=\"https:\/\/ziaruldevrancea.ro\/timp-liber\/calendarul-zilei-de-31-iulie-evenimente-personalitati-si-momente-care-au-marcat-aceasta-zi\"><img decoding=\"async\" src=\"https:\/\/zdvi.cname.ro\/180_135\/timp-liber\/calendarul-zilei-de-31-iulie-evenimente-personalitati-si-momente-care-au-marcat-aceasta-zi\/mediaPool\/uVFdgAV.jpg\" class=\"img-responsive img-180\" alt><\/a><\/div>\n<h2><a class=\"link-titlu\" href=\"https:\/\/ziaruldevrancea.ro\/timp-liber\/calendarul-zilei-de-31-iulie-evenimente-personalitati-si-momente-care-au-marcat-aceasta-zi\">Calendarul zilei de 31 iulie | Evenimente, personalit\u0103\u021bi \u0219i momente care au marcat aceast\u0103 zi<\/a><\/h2>\n<div class=\"date-post\"><a href=\"https:\/\/ziaruldevrancea.ro\/autor\/rodica-condurache\">Rodica Condurache<\/a>, 31 iul 2026  <\/div>\n<\/div>\n<\/div>\n<\/div>\n<\/div>\n<\/div>\n<div class=\"extra-articol listing-anunturi\">\n<h6>Anun\u021buri <span class=\"text-primary\">ZdV<\/span> Premium<\/h6>\n<div class=\"row\">\n<div class=\"col-lg-4 col-md-6 bloc-egal\"><a class=\"card-anunt\" href=\"https:\/\/ziaruldevrancea.ro\/anunturi\/imobiliare\/vanzari-case\/vand-casa-si-teren-in-panciu-anunt-72818\"><strong class=\"titlu\">V\u00e2nz\u0103ri case<\/strong><span class=\"text-anunt\">V\u00e2nd cas\u0103 cu 2 camere, buc\u0103t\u0103rie, baie,&#8230;<\/span><span class=\"data-anunt\">23.07.2026  <\/span><\/a><\/div>\n<div class=\"col-lg-4 col-md-6 bloc-egal\"><a class=\"card-anunt\" href=\"https:\/\/ziaruldevrancea.ro\/anunturi\/angajari\/cereri-angajari\/doresc-angajare-anunt-72815\"><strong class=\"titlu\">Cereri<\/strong><span class=\"text-anunt\">Doresc s\u0103 am grij\u0103 de un copil de gradini\u021b\u0103&#8230;<\/span><span class=\"data-anunt\">21.07.2026  <\/span><\/a><\/div>\n<div class=\"col-lg-4 col-md-6 bloc-egal\"><a class=\"card-anunt\" href=\"https:\/\/ziaruldevrancea.ro\/anunturi\/inchirieri\/locuinte-oferte\/primesc-in-gazda-anunt-72816\"><strong class=\"titlu\">Locuin\u021be oferte<\/strong><span class=\"text-anunt\">\u00a0Primesc \u00een gazd\u0103 la cas\u0103.<\/p>\n<p>Tel&#8230;.<\/span><span class=\"data-anunt\">21.07.2026  <\/span><\/a><\/div>\n<\/div>\n<\/div>\n<div class=\"bloc-widget widget-albastru\">\n    Ziarul de Vrancea \u00a0nu este responsabil juridic pentru con\u0163inutul textelor din comentariile de mai jos. Responsabilitatea pentru mesajele dumneavoastra v\u0103 revine \u00een exclusivitate.\n<\/div>\n<div class=\"comentarii-articol\" id=\"comentarii\">\n<h3>Comentarii: <span class=\"text-primary\">0<\/span><\/h3>\n<p><a href=\"https:\/\/ziaruldevrancea.ro\/special\/economic\/mozaic-Stiri-economice-mai-mult-de-jumatate-dintre-romani-se-simt-nesiguri-din-punct-de-vedere-financiar\" class=\"btn btn-success btn-adauga-com\" data-toggle=\"modal\" data-parent=\"0\" data-target=\"#commentModal\">Adaug\u0103 comentariu<\/a><\/p>\n<div class=\"loadMask comments-mask\"><img decoding=\"async\" src=\"https:\/\/zdvs.cname.ro\/images\/loader_40.gif\"><\/div>\n<div class=\"comenteaza-jos\">Trebuie s\u0103 fii <a href=\"https:\/\/ziaruldevrancea.ro\/account\">autentificat<\/a> pentru a putea <a href=\"https:\/\/ziaruldevrancea.ro\/special\/economic\/mozaic-Stiri-economice-mai-mult-de-jumatate-dintre-romani-se-simt-nesiguri-din-punct-de-vedere-financiar\" class data-toggle=\"modal\" data-parent=\"0\" data-target=\"#commentModal\">posta un comentariu<\/a>.<\/div>\n<\/div>\n<div class=\"modal fade\" id=\"commentModal\" role=\"dialog\" aria-labelledby=\"commentModalLabel\">\n<div class=\"modal-dialog modal-lg\" role=\"document\">\n<div class=\"modal-content\">\n<div class=\"modal-header\">\n<h3 class=\"modal-title\" id=\"commentModalLabel\">Comenteaz\u0103<\/h3>\n<\/div>\n<div class=\"modal-body\">\n<div class=\"tabel tabel-full\">\n<div class=\"celula\">\n              Trebuie s\u0103 fii <a href=\"https:\/\/ziaruldevrancea.ro\/account\">autentificat<\/a> pentru a putea posta un comentariu.\n            <\/div>\n<\/div>\n<\/div>\n<div class=\"modal-footer\">\n<div id=\"commentPending\" class=\"formPending pull-left\"><img decoding=\"async\" src=\"https:\/\/zdvs.cname.ro\/images\/loader_40.gif\"> In curs de procesare&#8230;<\/div>\n<p><a href=\"https:\/\/ziaruldevrancea.ro\/special\/economic\/mozaic-Stiri-economice-mai-mult-de-jumatate-dintre-romani-se-simt-nesiguri-din-punct-de-vedere-financiar\" class=\"btn btn-default\" data-dismiss=\"modal\">Anuleaz\u0103<\/a><\/div>\n<\/div>\n<\/div>\n<\/div>\n<div class=\"modal fade\" id=\"commentReportModal\" role=\"dialog\" aria-labelledby=\"commentReportModalLabel\">\n<div class=\"modal-dialog modal-lg\" role=\"document\">\n<div class=\"modal-content\">\n<div class=\"modal-header\">\n<h3 class=\"modal-title\" id=\"commentReportModalLabel\">Raporteaza comentariu<\/h3>\n<\/div>\n<div class=\"modal-body\">\n<div class=\"tabel tabel-full\">\n<div class=\"celula\">\n              Trebuie s\u0103 fii <a href=\"https:\/\/ziaruldevrancea.ro\/account\">autentificat<\/a> pentru a putea raporta un comentariu.\n            <\/div>\n<\/div>\n<\/div>\n<div class=\"modal-footer\">\n<div id=\"commentReportPending\" class=\"formPending pull-left\"><img decoding=\"async\" src=\"https:\/\/zdvs.cname.ro\/images\/loader_40.gif\"> In curs de procesare&#8230;<\/div>\n<p><a href=\"https:\/\/ziaruldevrancea.ro\/special\/economic\/mozaic-Stiri-economice-mai-mult-de-jumatate-dintre-romani-se-simt-nesiguri-din-punct-de-vedere-financiar\" class=\"btn btn-default\" data-dismiss=\"modal\">Anuleaz\u0103<\/a><\/div>\n<\/div>\n<\/div>\n<\/div>\n<div class=\"modal fade\" id=\"commentLikeModal\" role=\"dialog\" aria-labelledby=\"commentLikeModalLabel\">\n<div class=\"modal-dialog modal-lg\" role=\"document\">\n<div class=\"modal-content\">\n<div class=\"modal-header\">\n<h3 class=\"modal-title\" id=\"commentReportModalLabel\">Apreciaza comentariu<\/h3>\n<\/div>\n<div class=\"modal-body\">\n<div class=\"tabel tabel-full\">\n<div class=\"celula\">\n            Trebuie s\u0103 fii <a href=\"https:\/\/ziaruldevrancea.ro\/account\">autentificat<\/a> pentru a putea aprecia un comentariu.\n          <\/div>\n<\/div>\n<\/div>\n<div class=\"modal-footer\"><a href=\"https:\/\/ziaruldevrancea.ro\/special\/economic\/mozaic-Stiri-economice-mai-mult-de-jumatate-dintre-romani-se-simt-nesiguri-din-punct-de-vedere-financiar\" class=\"btn btn-default\" data-dismiss=\"modal\">Anuleaz\u0103<\/a><\/div>\n<\/div>\n<\/div>\n<\/div>\n<div class=\"bloc-widget widget-rosu\"><span><small>Ziarul de Vrancea doreste ca acest site sa fie un spatiu al discutiilor civilizate, al comentariilor de bun simt. Din acest motiv, cei care posteaza comentarii la articole trebuie sa respecte urmatoarele reguli:<br \/>\n1. Sa se refere doar la articolul la care posteaza comentarii.<br \/>\n2. Sa foloseasca un limbaj civilizat, fara injurii, calomnii, comentarii antisemite, xenofobe sau rasiste.<br \/>\n3. Sunt interzise atacurile la adresa autorilor, daca acestea nu au legatura cu textul.<br \/>\n4. Username-ul sa nu fie nume de personalitati ale vietii publice sau parodieri ale acestora.<br \/>\nAutorul unui articol poate fi criticat pentru eventuale greseli, incoerenta, lipsa de documentare etc.<br \/>\nNerespectarea regulilor mentionate mai sus va duce la stergerea comentariilor, fara avertisment si fara explicatii.<br \/>\nAbaterile repetate vor avea drept consecinta interdictia accesului la aceasta facilitate a site-ului.<\/small><\/span><\/div>\n<\/div>\n<p>[analyse_source url=&#8221;https:\/\/ziaruldevrancea.ro\/special\/economic\/mozaic-Stiri-economice-mai-mult-de-jumatate-dintre-romani-se-simt-nesiguri-din-punct-de-vedere-financiar&#8221;]<\/p>\n","protected":false},"excerpt":{"rendered":"<p>[analyse_image type=&#8221;featured&#8221; src=&#8221;https:\/\/zdvi.cname.ro\/_\/mozaic-Stiri-economice-mai-mult-de-jumatate-dintre-romani-se-simt-nesiguri-din-punct-de-vedere-financiar\/mediaPool\/uLWDAYP.jpg&#8221;] Economic MOZAIC \u0218TIRI ECONOMICE: Mai mult de jum\u0103tate dintre rom\u00e2ni se simt nesiguri din punct de vedere financiar Distribuie: \u00a0 | Rodica Condurache 26 iul 2026355 vizualiz\u0103ri Mul\u0163i tr\u0103iesc de la un salariu la altul l stresul, o problem\u0103 pentru o treime dintre rom\u00e2ni, arat\u0103 un studiu Deloitte Rom\u00e2nii din genera\u0163iile Z [&hellip;]<\/p>\n","protected":false},"author":1,"featured_media":0,"comment_status":"open","ping_status":"","sticky":false,"template":"","format":"standard","meta":{"footnotes":""},"categories":[89],"tags":[226,208],"class_list":["post-2070100","post","type-post","status-publish","format-standard","hentry","category-romania","tag-crawlmanager","tag-ziaruldevrancea-ro"],"_links":{"self":[{"href":"https:\/\/analyse.optim.biz\/index.php?rest_route=\/wp\/v2\/posts\/2070100","targetHints":{"allow":["GET"]}}],"collection":[{"href":"https:\/\/analyse.optim.biz\/index.php?rest_route=\/wp\/v2\/posts"}],"about":[{"href":"https:\/\/analyse.optim.biz\/index.php?rest_route=\/wp\/v2\/types\/post"}],"author":[{"embeddable":true,"href":"https:\/\/analyse.optim.biz\/index.php?rest_route=\/wp\/v2\/users\/1"}],"replies":[{"embeddable":true,"href":"https:\/\/analyse.optim.biz\/index.php?rest_route=%2Fwp%2Fv2%2Fcomments&post=2070100"}],"version-history":[{"count":0,"href":"https:\/\/analyse.optim.biz\/index.php?rest_route=\/wp\/v2\/posts\/2070100\/revisions"}],"wp:attachment":[{"href":"https:\/\/analyse.optim.biz\/index.php?rest_route=%2Fwp%2Fv2%2Fmedia&parent=2070100"}],"wp:term":[{"taxonomy":"category","embeddable":true,"href":"https:\/\/analyse.optim.biz\/index.php?rest_route=%2Fwp%2Fv2%2Fcategories&post=2070100"},{"taxonomy":"post_tag","embeddable":true,"href":"https:\/\/analyse.optim.biz\/index.php?rest_route=%2Fwp%2Fv2%2Ftags&post=2070100"}],"curies":[{"name":"wp","href":"https:\/\/api.w.org\/{rel}","templated":true}]}}