{"id":2070098,"date":"2026-07-30T00:00:00","date_gmt":"2026-07-29T21:00:00","guid":{"rendered":"https:\/\/analyse.optim.biz\/?p=2070098"},"modified":"2026-07-30T00:00:00","modified_gmt":"2026-07-29T21:00:00","slug":"vrancea-urca-pe-podium-la-cupa-buzaului-2026-aeromodelistii-centrului-cultural-vrancea-au-obtinut-mai-multe-clasari-pe-primele-locuri","status":"publish","type":"post","link":"https:\/\/analyse.optim.biz\/?p=2070098","title":{"rendered":"Vrancea urc\u0103 pe podium la \u201eCupa Buz\u0103ului\u201d 2026. Aeromodeli\u0219tii Centrului Cultural Vrancea au ob\u021binut mai multe clas\u0103ri pe primele locuri"},"content":{"rendered":"<p>[analyse_image type=&#8221;featured&#8221; src=&#8221;https:\/\/zdvi.cname.ro\/_\/vrancea-urca-pe-podium-la-cupa-buzaului-2026.-aeromodelistii-centrului-cultural-vrancea-au-obtinut-mai-multe-clasari-pe-primele-locuri\/mediaPool\/uTSRN1O.jpg&#8221;]<\/p>\n<div class=\"main-content detaliu-articol\"><a class=\"titlu-cat-list\" href=\"https:\/\/ziaruldevrancea.ro\/special\/sport\">Sport<\/a><\/p>\n<h1>Vrancea urc\u0103 pe podium la \u201eCupa Buz\u0103ului\u201d 2026. Aeromodeli\u0219tii Centrului Cultural Vrancea au ob\u021binut mai multe clas\u0103ri pe primele locuri<\/h1>\n<div class=\"date-articol clearfix\">\n<div class=\"distribuie-articol dropdown\">\n    Distribuie: \u00a0<br \/>\n    <em>|<\/em><\/div>\n<div class=\"autor-articol\"><a href=\"https:\/\/ziaruldevrancea.ro\/autor\/eduard-dascalu\/\"><img decoding=\"async\" class=\"img-circle\" src=\"https:\/\/zdvi.cname.ro\/50_50\/articleAuthor\/eduard-dascalu\/articleAuthor\/uMGQuqd.jpeg\" alt><\/a><\/p>\n<h5><a href=\"https:\/\/ziaruldevrancea.ro\/autor\/eduard-dascalu\/\">Eduard Dasc\u0103lu<\/a><\/h5>\n<div class=\"grup-spatiere\"><span class=\"cu-spatiere\">30 iul 2026<\/span><span class=\"cu-spatiere\">243 vizualiz\u0103ri<\/span><\/div>\n<\/div>\n<\/div>\n<div class=\"poza-mare\">\n<div class=\"poza-mare galerie-detaliu\">\n<div id=\"carousel-poza-mare\" class=\"carousel slide carusel-poza\" data-ride=\"carousel\" data-interval=\"0\">\n<div class=\"carousel-inner\" role=\"listbox\">\n<div class=\"item imagine-carusel active\"><a href class=\"openGallery\"><img decoding=\"async\" class=\"img-responsive\" src=\"https:\/\/zdvi.cname.ro\/850_530\/vrancea-urca-pe-podium-la-cupa-buzaului-2026.-aeromodelistii-centrului-cultural-vrancea-au-obtinut-mai-multe-clasari-pe-primele-locuri\/article\/mediaPool\/uTSRN1O.jpg\" alt><\/a><\/div>\n<div class=\"item imagine-carusel \"><a href class=\"openGallery\"><img decoding=\"async\" class=\"img-responsive\" src=\"https:\/\/zdvi.cname.ro\/850_530\/vrancea-urca-pe-podium-la-cupa-buzaului-2026.-aeromodelistii-centrului-cultural-vrancea-au-obtinut-mai-multe-clasari-pe-primele-locuri\/article\/mediaPool\/u0A5RvU.jpg\" alt><\/a><\/div>\n<div class=\"item imagine-carusel \"><a href class=\"openGallery\"><img decoding=\"async\" class=\"img-responsive\" src=\"https:\/\/zdvi.cname.ro\/850_530\/vrancea-urca-pe-podium-la-cupa-buzaului-2026.-aeromodelistii-centrului-cultural-vrancea-au-obtinut-mai-multe-clasari-pe-primele-locuri\/article\/mediaPool\/uwonHnD.jpg\" alt><\/a><\/div>\n<div class=\"item imagine-carusel \"><a href class=\"openGallery\"><img decoding=\"async\" class=\"img-responsive\" src=\"https:\/\/zdvi.cname.ro\/850_530\/vrancea-urca-pe-podium-la-cupa-buzaului-2026.-aeromodelistii-centrului-cultural-vrancea-au-obtinut-mai-multe-clasari-pe-primele-locuri\/article\/mediaPool\/u2dszfm.jpg\" alt><\/a><\/div>\n<div class=\"item imagine-carusel \"><a href class=\"openGallery\"><img decoding=\"async\" class=\"img-responsive\" src=\"https:\/\/zdvi.cname.ro\/850_530\/vrancea-urca-pe-podium-la-cupa-buzaului-2026.-aeromodelistii-centrului-cultural-vrancea-au-obtinut-mai-multe-clasari-pe-primele-locuri\/article\/mediaPool\/uMeTt74.jpg\" alt><\/a><\/div>\n<div class=\"item imagine-carusel \"><a href class=\"openGallery\"><img decoding=\"async\" class=\"img-responsive\" src=\"https:\/\/zdvi.cname.ro\/850_530\/vrancea-urca-pe-podium-la-cupa-buzaului-2026.-aeromodelistii-centrului-cultural-vrancea-au-obtinut-mai-multe-clasari-pe-primele-locuri\/article\/mediaPool\/ucwGqZN.jpg\" alt><\/a><\/div>\n<div class=\"item imagine-carusel \"><a href class=\"openGallery\"><img decoding=\"async\" class=\"img-responsive\" src=\"https:\/\/zdvi.cname.ro\/850_530\/vrancea-urca-pe-podium-la-cupa-buzaului-2026.-aeromodelistii-centrului-cultural-vrancea-au-obtinut-mai-multe-clasari-pe-primele-locuri\/article\/mediaPool\/uqq5qRw.jpg\" alt><\/a><\/div>\n<div class=\"item imagine-carusel \"><a href class=\"openGallery\"><img decoding=\"async\" class=\"img-responsive\" src=\"https:\/\/zdvi.cname.ro\/850_530\/vrancea-urca-pe-podium-la-cupa-buzaului-2026.-aeromodelistii-centrului-cultural-vrancea-au-obtinut-mai-multe-clasari-pe-primele-locuri\/article\/mediaPool\/uy9ItJf.jpg\" alt><\/a><\/div>\n<\/div>\n<\/div>\n<div id=\"carousel-poze-mici\" class=\"carousel slide carusel-mici\" data-ride=\"carousel\" data-interval=\"0\">\n<div class=\"carousel-inner\" role=\"listbox\">\n<div class=\"item active\">\n<ul class=\"navigare-carusel-imagini\">\n<li data-target=\"#carousel-poza-mare\" data-slide-to=\"0\"><img decoding=\"async\" class=\"img-responsive\" src=\"https:\/\/zdvi.cname.ro\/_90\/vrancea-urca-pe-podium-la-cupa-buzaului-2026.-aeromodelistii-centrului-cultural-vrancea-au-obtinut-mai-multe-clasari-pe-primele-locuri\/article\/mediaPool\/uTSRN1O.jpg\" alt><\/li>\n<li data-target=\"#carousel-poza-mare\" data-slide-to=\"1\"><img decoding=\"async\" class=\"img-responsive\" src=\"https:\/\/zdvi.cname.ro\/_90\/vrancea-urca-pe-podium-la-cupa-buzaului-2026.-aeromodelistii-centrului-cultural-vrancea-au-obtinut-mai-multe-clasari-pe-primele-locuri\/article\/mediaPool\/u0A5RvU.jpg\" alt><\/li>\n<li data-target=\"#carousel-poza-mare\" data-slide-to=\"2\"><img decoding=\"async\" class=\"img-responsive\" src=\"https:\/\/zdvi.cname.ro\/_90\/vrancea-urca-pe-podium-la-cupa-buzaului-2026.-aeromodelistii-centrului-cultural-vrancea-au-obtinut-mai-multe-clasari-pe-primele-locuri\/article\/mediaPool\/uwonHnD.jpg\" alt><\/li>\n<li data-target=\"#carousel-poza-mare\" data-slide-to=\"3\"><img decoding=\"async\" class=\"img-responsive\" src=\"https:\/\/zdvi.cname.ro\/_90\/vrancea-urca-pe-podium-la-cupa-buzaului-2026.-aeromodelistii-centrului-cultural-vrancea-au-obtinut-mai-multe-clasari-pe-primele-locuri\/article\/mediaPool\/u2dszfm.jpg\" alt><\/li>\n<li data-target=\"#carousel-poza-mare\" data-slide-to=\"4\"><img decoding=\"async\" class=\"img-responsive\" src=\"https:\/\/zdvi.cname.ro\/_90\/vrancea-urca-pe-podium-la-cupa-buzaului-2026.-aeromodelistii-centrului-cultural-vrancea-au-obtinut-mai-multe-clasari-pe-primele-locuri\/article\/mediaPool\/uMeTt74.jpg\" alt><\/li>\n<\/ul>\n<\/div>\n<div class=\"item \">\n<ul class=\"navigare-carusel-imagini\">\n<li data-target=\"#carousel-poza-mare\" data-slide-to=\"5\"><img decoding=\"async\" class=\"img-responsive\" src=\"https:\/\/zdvi.cname.ro\/_90\/vrancea-urca-pe-podium-la-cupa-buzaului-2026.-aeromodelistii-centrului-cultural-vrancea-au-obtinut-mai-multe-clasari-pe-primele-locuri\/article\/mediaPool\/ucwGqZN.jpg\" alt><\/li>\n<li data-target=\"#carousel-poza-mare\" data-slide-to=\"6\"><img decoding=\"async\" class=\"img-responsive\" src=\"https:\/\/zdvi.cname.ro\/_90\/vrancea-urca-pe-podium-la-cupa-buzaului-2026.-aeromodelistii-centrului-cultural-vrancea-au-obtinut-mai-multe-clasari-pe-primele-locuri\/article\/mediaPool\/uqq5qRw.jpg\" alt><\/li>\n<li data-target=\"#carousel-poza-mare\" data-slide-to=\"7\"><img decoding=\"async\" class=\"img-responsive\" src=\"https:\/\/zdvi.cname.ro\/_90\/vrancea-urca-pe-podium-la-cupa-buzaului-2026.-aeromodelistii-centrului-cultural-vrancea-au-obtinut-mai-multe-clasari-pe-primele-locuri\/article\/mediaPool\/uy9ItJf.jpg\" alt><\/li>\n<\/ul>\n<\/div>\n<\/div>\n<p><a class=\"control left\" href=\"https:\/\/ziaruldevrancea.ro\/special\/sport\/vrancea-urca-pe-podium-la-cupa-buzaului-2026.-aeromodelistii-centrului-cultural-vrancea-au-obtinut-mai-multe-clasari-pe-primele-locuri#carousel-poze-mici\" role=\"button\" data-slide=\"prev\"><span class=\"sr-only\">Previous<\/span><\/a><a class=\"control right\" href=\"https:\/\/ziaruldevrancea.ro\/special\/sport\/vrancea-urca-pe-podium-la-cupa-buzaului-2026.-aeromodelistii-centrului-cultural-vrancea-au-obtinut-mai-multe-clasari-pe-primele-locuri#carousel-poze-mici\" role=\"button\" data-slide=\"next\"><span class=\"sr-only\">Next<\/span><\/a><\/div>\n<\/div>\n<\/div>\n<p><strong>Sportivii Cercului de Aeromodele\/Rachetomodele din cadrul Centrului Cultural Vrancea au reprezentat jude\u021bul la Concursul Na\u021bional \u201eCupa Buz\u0103ului\u201d, revenind acas\u0103 cu titluri na\u021bionale, clas\u0103ri pe podium \u0219i rezultate importante at\u00e2t la seniori, c\u00e2t \u0219i la juniori.<\/strong><\/p>\n<p><strong>Vrancea urc\u0103 pe podium la \u201eCupa Buz\u0103ului\u201d 2026. Aeromodeli\u0219tii Centrului Cultural Vrancea au ob\u021binut mai multe clas\u0103ri pe primele locuri<\/strong><\/p>\n<p>Aeromodelismul vr\u00e2ncean continu\u0103 s\u0103 confirme la nivel na\u021bional. Sportivii Cercului de Aeromodele\/Rachetomodele din cadrul Centrului Cultural Vrancea au ob\u021binut rezultate remarcabile la Concursul Na\u021bional de Aeromodele <strong>\u201eCupa Buz\u0103ului\u201d<\/strong>, desf\u0103\u0219urat vineri, <strong>25 iulie 2026<\/strong>, competi\u021bie care a reunit echipe din \u00eentreaga \u021bar\u0103.<\/p>\n<p>Potrivit unei inform\u0103ri de pres\u0103 transmise redac\u021biei <strong>Ziarului de Vrancea<\/strong>, concursul a fost organizat de <strong>SCM Gloria Buz\u0103u<\/strong> \u0219i a adus la start <strong>10 echipe din 10 jude\u021be<\/strong>, care s-au \u00eentrecut la clasele de aeromodele captive <strong>F2B, F4B, F4Bs<\/strong> \u0219i aeromodele <strong>R\/C<\/strong>.<\/p>\n<p>Vrancea a fost reprezentat\u0103 de dou\u0103 echipe \u2013 una de seniori \u0219i una de juniori \u2013 coordonate de instructorul sportiv <strong>\u0218tefan Ionu\u021b-Valentin<\/strong>.<\/p>\n<p><strong>Rezultatele sportivilor vr\u00e2nceni<\/strong><\/p>\n<p>La categoria <strong>seniori<\/strong>, sportivii Cercului de Aeromodele\/Rachetomodele au ob\u021binut mai multe clas\u0103ri pe podium:<\/p>\n<ul>\n<li><strong>Romeo P\u0103tra\u0219c<\/strong> \u2013 <strong>Locul I<\/strong> la clasa <strong>F2B<\/strong>, <strong>Locul II<\/strong> pe echipe la clasa <strong>F4B<\/strong> \u0219i <strong>Locul II<\/strong> pe echipe la clasa <strong>F4Bs<\/strong>;<\/li>\n<li><strong>Alexandru Ghe\u021bu<\/strong> \u2013 <strong>Locul II<\/strong> la clasa <strong>F2B<\/strong> \u0219i <strong>Locul I<\/strong> pe echipe la aceea\u0219i clas\u0103.<\/li>\n<\/ul>\n<p>\u0218i echipa de <strong>juniori<\/strong> a avut o evolu\u021bie apreciat\u0103:<\/p>\n<ul>\n<li><strong>Emanuel Buznean<\/strong> \u2013 <strong>Locul II<\/strong> la clasa <strong>F2B \u2013 juniori<\/strong>;<\/li>\n<li><strong>Luca Munteanu<\/strong> \u2013 <strong>Locul III<\/strong> la clasa <strong>F2B \u2013 juniori<\/strong>.<\/li>\n<\/ul>\n<p>Rezultatele confirm\u0103 continuitatea preg\u0103tirii desf\u0103\u0219urate \u00een cadrul Cercului de Aeromodele\/Rachetomodele al Centrului Cultural Vrancea, unde tinerii pasiona\u021bi de acest sport tehnico-aplicativ \u00ee\u0219i dezvolt\u0103 at\u00e2t abilit\u0103\u021bile practice, c\u00e2t \u0219i spiritul competi\u021bional.<\/p>\n<p><strong>O competi\u021bie dedicat\u0103 pasiona\u021bilor de aeromodelism<\/strong><\/p>\n<p>\u201eCupa Buz\u0103ului\u201d este una dintre competi\u021biile na\u021bionale dedicate aeromodelismului, reunind sportivi cu experien\u021b\u0103 \u0219i tineri afla\u021bi la \u00eenceput de drum. Clasele de concurs solicit\u0103 precizie, control, cuno\u0219tin\u021be tehnice \u0219i ore \u00eendelungate de antrenament, iar rezultatele ob\u021binute reflect\u0103 nivelul de preg\u0103tire al participan\u021bilor.<\/p>\n<p>Participarea delega\u021biei vr\u00e2ncene \u0219i clas\u0103rile ob\u021binute demonstreaz\u0103 c\u0103 acest domeniu continu\u0103 s\u0103 fie reprezentat competitiv de sportivii Centrului Cultural Vrancea, at\u00e2t la nivel de seniori, c\u00e2t \u0219i de juniori.<\/p>\n<p>Prin performan\u021bele \u00eenregistrate la edi\u021bia din acest an a <strong>Cupei Buz\u0103ului<\/strong>, aeromodeli\u0219tii vr\u00e2nceni adaug\u0103 noi rezultate \u00een palmaresul jude\u021bului \u0219i confirm\u0103 poten\u021bialul unei discipline sportive mai pu\u021bin mediatizate, dar care presupune munc\u0103, disciplin\u0103 \u0219i pasiune.<\/p>\n<p><strong>Eduard Dasc\u0103lu\u00a0<\/strong><\/p>\n<hr>\n<div class=\"bloc-widget widget-rosu\">\n<p>\u00cen lipsa unui acord scris din partea Ziarului de Vrancea, pute\u0163i prelua maxim 500 de caractere din acest articol dac\u0103 preciza\u0163i sursa \u015fi insera\u0163i vizibil link-ul articolului:\u00a0<span>#insertcurrentlinkhere<\/span><\/p>\n<\/div>\n<div class=\"extra-articol listing-anunturi\">\n<h6>Anun\u021buri <span class=\"text-primary\">ZdV<\/span> Premium<\/h6>\n<div class=\"row\">\n<div class=\"col-lg-4 col-md-6 bloc-egal\"><a class=\"card-anunt\" href=\"https:\/\/ziaruldevrancea.ro\/anunturi\/imobiliare\/vanzari-terenuri\/vand-teren-in-panciu\"><strong class=\"titlu\">V\u00e2nz\u0103ri terenuri<\/strong><span class=\"text-anunt\">Teren Panciu 1170 mp, cu num\u0103r cas\u0103, ap\u0103&#8230;<\/span><span class=\"data-anunt\">29.07.2026  <\/span><\/a><\/div>\n<div class=\"col-lg-4 col-md-6 bloc-egal\"><a class=\"card-anunt\" href=\"https:\/\/ziaruldevrancea.ro\/anunturi\/altele\/anulare-acte\/vand-scrumbii-afumate-capturi-dunare\"><strong class=\"titlu\">Vanzari diverse<\/strong><span class=\"text-anunt\">Pret : 117 lei \/ kg . \u00a0 Este&#8230;<\/span><span class=\"data-anunt\">29.07.2026 , Gala\u021bi , Gala\u021bi<\/span><\/a><\/div>\n<div class=\"col-lg-4 col-md-6 bloc-egal\"><a class=\"card-anunt\" href=\"https:\/\/ziaruldevrancea.ro\/anunturi\/necrolog\/decese\/dumnezeu-sa-o-aseze-in-randul-celor-drepti\"><strong class=\"titlu\">Decese<\/strong><span class=\"text-anunt\">Cu profund\u0103 durere, familia anun\u021b\u0103 trecerea la&#8230;<\/span><span class=\"data-anunt\">28.07.2026  <\/span><\/a><\/div>\n<\/div>\n<\/div>\n<div class=\"extra-articol alte-articole\">\n<div class=\"row\">\n<div class=\"col-lg-6 bloc-egal\">\n<div class=\"card articol-listing\">\n<h6>\u00cen categoria <a href=\"https:\/\/ziaruldevrancea.ro\/special\/sport\">Sport<\/a><\/h6>\n<div class=\"grup-articol-listing\">\n<div class=\"cont-pils\"><a href=\"https:\/\/ziaruldevrancea.ro\/special\/sport\/csm-adjud-1946-incepe-cu-dreptul-noul-sezon-victorie-clara-la-ramnicu-sarat-si-calificare-in-turul-ii-al-cupei-romaniei\"><img decoding=\"async\" src=\"https:\/\/zdvi.cname.ro\/180_135\/special\/sport\/csm-adjud-1946-incepe-cu-dreptul-noul-sezon-victorie-clara-la-ramnicu-sarat-si-calificare-in-turul-ii-al-cupei-romaniei\/mediaPool\/u4RvUpU.jpg\" class=\"img-responsive img-180\" alt><\/a><\/div>\n<h2><a class=\"link-titlu\" href=\"https:\/\/ziaruldevrancea.ro\/special\/sport\/csm-adjud-1946-incepe-cu-dreptul-noul-sezon-victorie-clara-la-ramnicu-sarat-si-calificare-in-turul-ii-al-cupei-romaniei\">CSM Adjud 1946 \u00eencepe cu dreptul noul sezon: victorie clar\u0103 la R\u00e2mnicu S\u0103rat \u0219i calificare \u00een Turul II al Cupei Rom\u00e2niei<\/a><\/h2>\n<div class=\"date-post\"><a href=\"https:\/\/ziaruldevrancea.ro\/autor\/eduard-dascalu\">Eduard Dasc\u0103lu<\/a>, 29 iul 2026  <\/div>\n<\/div>\n<div class=\"grup-articol-listing\">\n<div class=\"cont-pils\"><a href=\"https:\/\/ziaruldevrancea.ro\/special\/sport\/patru-tineri-baschetbalisti-din-vrancea-convocati-la-loturile-nationale-ale-romaniei.-premiera-pentru-lps-focsani\"><img decoding=\"async\" src=\"https:\/\/zdvi.cname.ro\/180_135\/special\/sport\/patru-tineri-baschetbalisti-din-vrancea-convocati-la-loturile-nationale-ale-romaniei.-premiera-pentru-lps-focsani\/mediaPool\/uYWL2Dw.jpeg\" class=\"img-responsive img-180\" alt><\/a><\/div>\n<h2><a class=\"link-titlu\" href=\"https:\/\/ziaruldevrancea.ro\/special\/sport\/patru-tineri-baschetbalisti-din-vrancea-convocati-la-loturile-nationale-ale-romaniei.-premiera-pentru-lps-focsani\">Patru tineri baschetbali\u0219ti din Vrancea, convoca\u021bi la loturile na\u021bionale ale Rom\u00e2niei. Premier\u0103 pentru LPS Foc\u0219ani<\/a><\/h2>\n<div class=\"date-post\"><a href=\"https:\/\/ziaruldevrancea.ro\/autor\/eduard-dascalu\">Eduard Dasc\u0103lu<\/a>, 29 iul 2026  <\/div>\n<\/div>\n<div class=\"grup-articol-listing\">\n<div class=\"cont-pils\"><a href=\"https:\/\/ziaruldevrancea.ro\/special\/sport\/arhitectul-ion-daniel-munteanu-din-odobesti-va-reprezenta-romania-la-campionatul-european-de-biliard\"><img decoding=\"async\" src=\"https:\/\/zdvi.cname.ro\/180_135\/special\/sport\/arhitectul-ion-daniel-munteanu-din-odobesti-va-reprezenta-romania-la-campionatul-european-de-biliard\/mediaPool\/uczCuyL.jpg\" class=\"img-responsive img-180\" alt><\/a><\/div>\n<h2><a class=\"link-titlu\" href=\"https:\/\/ziaruldevrancea.ro\/special\/sport\/arhitectul-ion-daniel-munteanu-din-odobesti-va-reprezenta-romania-la-campionatul-european-de-biliard\">Arhitectul Ion Daniel Munteanu din Odobe\u0219ti va reprezenta Rom\u00e2nia la Campionatul European de Biliard<\/a><\/h2>\n<div class=\"date-post\"><a href=\"https:\/\/ziaruldevrancea.ro\/autor\/eduard-dascalu\">Eduard Dasc\u0103lu<\/a>, 29 iul 2026  <\/div>\n<\/div>\n<\/div>\n<\/div>\n<div class=\"col-lg-6 bloc-egal\">\n<div class=\"card articol-listing\">\n<h6>De acela\u0219i <a href=\"https:\/\/ziaruldevrancea.ro\/autor\/eduard-dascalu\/\">autor<\/a><\/h6>\n<div class=\"grup-articol-listing\">\n<div class=\"cont-pils\"><a href=\"https:\/\/ziaruldevrancea.ro\/promo\/brand-voice\/bazinul-de-inot-din-focsani-isi-amana-redeschiderea-pana-pe-8-august\"><img decoding=\"async\" src=\"https:\/\/zdvi.cname.ro\/180_135\/promo\/brand-voice\/bazinul-de-inot-din-focsani-isi-amana-redeschiderea-pana-pe-8-august\/mediaPool\/uZJhRn5.jpg\" class=\"img-responsive img-180\" alt><\/a><\/div>\n<h2><a class=\"link-titlu\" href=\"https:\/\/ziaruldevrancea.ro\/promo\/brand-voice\/bazinul-de-inot-din-focsani-isi-amana-redeschiderea-pana-pe-8-august\">Bazinul de \u00cenot din Foc\u0219ani \u00ee\u0219i am\u00e2n\u0103 redeschiderea p\u00e2n\u0103 pe 8 august<\/a><\/h2>\n<div class=\"date-post\"><a href=\"https:\/\/ziaruldevrancea.ro\/autor\/eduard-dascalu\">Eduard Dasc\u0103lu<\/a>, 30 iul 2026  <\/div>\n<\/div>\n<div class=\"grup-articol-listing\">\n<div class=\"cont-pils\"><a href=\"https:\/\/ziaruldevrancea.ro\/promo\/brand-voice\/clubul-de-fitness-city-gym-din-focsani-intra-intr-o-retea-nationala\"><img decoding=\"async\" src=\"https:\/\/zdvi.cname.ro\/180_135\/promo\/brand-voice\/clubul-de-fitness-city-gym-din-focsani-intra-intr-o-retea-nationala\/mediaPool\/unOJ3Dk.jpg\" class=\"img-responsive img-180\" alt><\/a><\/div>\n<h2><a class=\"link-titlu\" href=\"https:\/\/ziaruldevrancea.ro\/promo\/brand-voice\/clubul-de-fitness-city-gym-din-focsani-intra-intr-o-retea-nationala\">Clubul de fitness City Gym din Foc\u0219ani intr\u0103 \u00eentr-o re\u021bea na\u021bional\u0103<\/a><\/h2>\n<div class=\"date-post\"><a href=\"https:\/\/ziaruldevrancea.ro\/autor\/eduard-dascalu\">Eduard Dasc\u0103lu<\/a>, 30 iul 2026  <\/div>\n<\/div>\n<div class=\"grup-articol-listing\">\n<div class=\"cont-pils\"><a href=\"https:\/\/ziaruldevrancea.ro\/promo\/brand-voice\/cum-schimba-platformele-all-in-one-obiceiurile-jucatorilor-din-romania\"><img decoding=\"async\" src=\"https:\/\/zdvi.cname.ro\/180_135\/promo\/brand-voice\/cum-schimba-platformele-all-in-one-obiceiurile-jucatorilor-din-romania\/mediaPool\/uYeLDkW.jpg\" class=\"img-responsive img-180\" alt><\/a><\/div>\n<h2><a class=\"link-titlu\" href=\"https:\/\/ziaruldevrancea.ro\/promo\/brand-voice\/cum-schimba-platformele-all-in-one-obiceiurile-jucatorilor-din-romania\">Cum schimb\u0103 platformele all-in-one obiceiurile juc\u0103torilor din Rom\u00e2nia<\/a><\/h2>\n<div class=\"date-post\"><a href=\"https:\/\/ziaruldevrancea.ro\/autor\/eduard-dascalu\">Eduard Dasc\u0103lu<\/a>, 28 iul 2026  <\/div>\n<\/div>\n<\/div>\n<\/div>\n<\/div>\n<\/div>\n<div class=\"extra-articol listing-anunturi\">\n<h6>Anun\u021buri <span class=\"text-primary\">ZdV<\/span> Premium<\/h6>\n<div class=\"row\">\n<div class=\"col-lg-4 col-md-6 bloc-egal\"><a class=\"card-anunt\" href=\"https:\/\/ziaruldevrancea.ro\/anunturi\/imobiliare\/vanzari-case\/vand-casa-si-teren-in-panciu-anunt-72818\"><strong class=\"titlu\">V\u00e2nz\u0103ri case<\/strong><span class=\"text-anunt\">V\u00e2nd cas\u0103 cu 2 camere, buc\u0103t\u0103rie, baie,&#8230;<\/span><span class=\"data-anunt\">23.07.2026  <\/span><\/a><\/div>\n<div class=\"col-lg-4 col-md-6 bloc-egal\"><a class=\"card-anunt\" href=\"https:\/\/ziaruldevrancea.ro\/anunturi\/angajari\/cereri-angajari\/doresc-angajare-anunt-72815\"><strong class=\"titlu\">Cereri<\/strong><span class=\"text-anunt\">Doresc s\u0103 am grij\u0103 de un copil de gradini\u021b\u0103&#8230;<\/span><span class=\"data-anunt\">21.07.2026  <\/span><\/a><\/div>\n<div class=\"col-lg-4 col-md-6 bloc-egal\"><a class=\"card-anunt\" href=\"https:\/\/ziaruldevrancea.ro\/anunturi\/inchirieri\/locuinte-oferte\/primesc-in-gazda-anunt-72816\"><strong class=\"titlu\">Locuin\u021be oferte<\/strong><span class=\"text-anunt\">\u00a0Primesc \u00een gazd\u0103 la cas\u0103.<\/p>\n<p>Tel&#8230;.<\/span><span class=\"data-anunt\">21.07.2026  <\/span><\/a><\/div>\n<\/div>\n<\/div>\n<div class=\"bloc-widget widget-albastru\">\n    Ziarul de Vrancea \u00a0nu este responsabil juridic pentru con\u0163inutul textelor din comentariile de mai jos. Responsabilitatea pentru mesajele dumneavoastra v\u0103 revine \u00een exclusivitate.\n<\/div>\n<div class=\"comentarii-articol\" id=\"comentarii\">\n<h3>Comentarii: <span class=\"text-primary\">0<\/span><\/h3>\n<p><a href=\"https:\/\/ziaruldevrancea.ro\/special\/sport\/vrancea-urca-pe-podium-la-cupa-buzaului-2026.-aeromodelistii-centrului-cultural-vrancea-au-obtinut-mai-multe-clasari-pe-primele-locuri\" class=\"btn btn-success btn-adauga-com\" data-toggle=\"modal\" data-parent=\"0\" data-target=\"#commentModal\">Adaug\u0103 comentariu<\/a><\/p>\n<div class=\"loadMask comments-mask\"><img decoding=\"async\" src=\"https:\/\/zdvs.cname.ro\/images\/loader_40.gif\"><\/div>\n<div class=\"comenteaza-jos\">Trebuie s\u0103 fii <a href=\"https:\/\/ziaruldevrancea.ro\/account\">autentificat<\/a> pentru a putea <a href=\"https:\/\/ziaruldevrancea.ro\/special\/sport\/vrancea-urca-pe-podium-la-cupa-buzaului-2026.-aeromodelistii-centrului-cultural-vrancea-au-obtinut-mai-multe-clasari-pe-primele-locuri\" class data-toggle=\"modal\" data-parent=\"0\" data-target=\"#commentModal\">posta un comentariu<\/a>.<\/div>\n<\/div>\n<div class=\"modal fade\" id=\"commentModal\" role=\"dialog\" aria-labelledby=\"commentModalLabel\">\n<div class=\"modal-dialog modal-lg\" role=\"document\">\n<div class=\"modal-content\">\n<div class=\"modal-header\">\n<h3 class=\"modal-title\" id=\"commentModalLabel\">Comenteaz\u0103<\/h3>\n<\/div>\n<div class=\"modal-body\">\n<div class=\"tabel tabel-full\">\n<div class=\"celula\">\n              Trebuie s\u0103 fii <a href=\"https:\/\/ziaruldevrancea.ro\/account\">autentificat<\/a> pentru a putea posta un comentariu.\n            <\/div>\n<\/div>\n<\/div>\n<div class=\"modal-footer\">\n<div id=\"commentPending\" class=\"formPending pull-left\"><img decoding=\"async\" src=\"https:\/\/zdvs.cname.ro\/images\/loader_40.gif\"> In curs de procesare&#8230;<\/div>\n<p><a href=\"https:\/\/ziaruldevrancea.ro\/special\/sport\/vrancea-urca-pe-podium-la-cupa-buzaului-2026.-aeromodelistii-centrului-cultural-vrancea-au-obtinut-mai-multe-clasari-pe-primele-locuri\" class=\"btn btn-default\" data-dismiss=\"modal\">Anuleaz\u0103<\/a><\/div>\n<\/div>\n<\/div>\n<\/div>\n<div class=\"modal fade\" id=\"commentReportModal\" role=\"dialog\" aria-labelledby=\"commentReportModalLabel\">\n<div class=\"modal-dialog modal-lg\" role=\"document\">\n<div class=\"modal-content\">\n<div class=\"modal-header\">\n<h3 class=\"modal-title\" id=\"commentReportModalLabel\">Raporteaza comentariu<\/h3>\n<\/div>\n<div class=\"modal-body\">\n<div class=\"tabel tabel-full\">\n<div class=\"celula\">\n              Trebuie s\u0103 fii <a href=\"https:\/\/ziaruldevrancea.ro\/account\">autentificat<\/a> pentru a putea raporta un comentariu.\n            <\/div>\n<\/div>\n<\/div>\n<div class=\"modal-footer\">\n<div id=\"commentReportPending\" class=\"formPending pull-left\"><img decoding=\"async\" src=\"https:\/\/zdvs.cname.ro\/images\/loader_40.gif\"> In curs de procesare&#8230;<\/div>\n<p><a href=\"https:\/\/ziaruldevrancea.ro\/special\/sport\/vrancea-urca-pe-podium-la-cupa-buzaului-2026.-aeromodelistii-centrului-cultural-vrancea-au-obtinut-mai-multe-clasari-pe-primele-locuri\" class=\"btn btn-default\" data-dismiss=\"modal\">Anuleaz\u0103<\/a><\/div>\n<\/div>\n<\/div>\n<\/div>\n<div class=\"modal fade\" id=\"commentLikeModal\" role=\"dialog\" aria-labelledby=\"commentLikeModalLabel\">\n<div class=\"modal-dialog modal-lg\" role=\"document\">\n<div class=\"modal-content\">\n<div class=\"modal-header\">\n<h3 class=\"modal-title\" id=\"commentReportModalLabel\">Apreciaza comentariu<\/h3>\n<\/div>\n<div class=\"modal-body\">\n<div class=\"tabel tabel-full\">\n<div class=\"celula\">\n            Trebuie s\u0103 fii <a href=\"https:\/\/ziaruldevrancea.ro\/account\">autentificat<\/a> pentru a putea aprecia un comentariu.\n          <\/div>\n<\/div>\n<\/div>\n<div class=\"modal-footer\"><a href=\"https:\/\/ziaruldevrancea.ro\/special\/sport\/vrancea-urca-pe-podium-la-cupa-buzaului-2026.-aeromodelistii-centrului-cultural-vrancea-au-obtinut-mai-multe-clasari-pe-primele-locuri\" class=\"btn btn-default\" data-dismiss=\"modal\">Anuleaz\u0103<\/a><\/div>\n<\/div>\n<\/div>\n<\/div>\n<div class=\"bloc-widget widget-rosu\"><span><small>Ziarul de Vrancea doreste ca acest site sa fie un spatiu al discutiilor civilizate, al comentariilor de bun simt. Din acest motiv, cei care posteaza comentarii la articole trebuie sa respecte urmatoarele reguli:<br \/>\n1. Sa se refere doar la articolul la care posteaza comentarii.<br \/>\n2. Sa foloseasca un limbaj civilizat, fara injurii, calomnii, comentarii antisemite, xenofobe sau rasiste.<br \/>\n3. Sunt interzise atacurile la adresa autorilor, daca acestea nu au legatura cu textul.<br \/>\n4. Username-ul sa nu fie nume de personalitati ale vietii publice sau parodieri ale acestora.<br \/>\nAutorul unui articol poate fi criticat pentru eventuale greseli, incoerenta, lipsa de documentare etc.<br \/>\nNerespectarea regulilor mentionate mai sus va duce la stergerea comentariilor, fara avertisment si fara explicatii.<br \/>\nAbaterile repetate vor avea drept consecinta interdictia accesului la aceasta facilitate a site-ului.<\/small><\/span><\/div>\n<\/div>\n<p>[analyse_source url=&#8221;https:\/\/ziaruldevrancea.ro\/special\/sport\/vrancea-urca-pe-podium-la-cupa-buzaului-2026.-aeromodelistii-centrului-cultural-vrancea-au-obtinut-mai-multe-clasari-pe-primele-locuri&#8221;]<\/p>\n","protected":false},"excerpt":{"rendered":"<p>[analyse_image type=&#8221;featured&#8221; src=&#8221;https:\/\/zdvi.cname.ro\/_\/vrancea-urca-pe-podium-la-cupa-buzaului-2026.-aeromodelistii-centrului-cultural-vrancea-au-obtinut-mai-multe-clasari-pe-primele-locuri\/mediaPool\/uTSRN1O.jpg&#8221;] Sport Vrancea urc\u0103 pe podium la \u201eCupa Buz\u0103ului\u201d 2026. Aeromodeli\u0219tii Centrului Cultural Vrancea au ob\u021binut mai multe clas\u0103ri pe primele locuri Distribuie: \u00a0 | Eduard Dasc\u0103lu 30 iul 2026243 vizualiz\u0103ri PreviousNext Sportivii Cercului de Aeromodele\/Rachetomodele din cadrul Centrului Cultural Vrancea au reprezentat jude\u021bul la Concursul Na\u021bional \u201eCupa Buz\u0103ului\u201d, revenind acas\u0103 cu titluri [&hellip;]<\/p>\n","protected":false},"author":1,"featured_media":0,"comment_status":"open","ping_status":"","sticky":false,"template":"","format":"standard","meta":{"footnotes":""},"categories":[89],"tags":[226,208],"class_list":["post-2070098","post","type-post","status-publish","format-standard","hentry","category-romania","tag-crawlmanager","tag-ziaruldevrancea-ro"],"_links":{"self":[{"href":"https:\/\/analyse.optim.biz\/index.php?rest_route=\/wp\/v2\/posts\/2070098","targetHints":{"allow":["GET"]}}],"collection":[{"href":"https:\/\/analyse.optim.biz\/index.php?rest_route=\/wp\/v2\/posts"}],"about":[{"href":"https:\/\/analyse.optim.biz\/index.php?rest_route=\/wp\/v2\/types\/post"}],"author":[{"embeddable":true,"href":"https:\/\/analyse.optim.biz\/index.php?rest_route=\/wp\/v2\/users\/1"}],"replies":[{"embeddable":true,"href":"https:\/\/analyse.optim.biz\/index.php?rest_route=%2Fwp%2Fv2%2Fcomments&post=2070098"}],"version-history":[{"count":0,"href":"https:\/\/analyse.optim.biz\/index.php?rest_route=\/wp\/v2\/posts\/2070098\/revisions"}],"wp:attachment":[{"href":"https:\/\/analyse.optim.biz\/index.php?rest_route=%2Fwp%2Fv2%2Fmedia&parent=2070098"}],"wp:term":[{"taxonomy":"category","embeddable":true,"href":"https:\/\/analyse.optim.biz\/index.php?rest_route=%2Fwp%2Fv2%2Fcategories&post=2070098"},{"taxonomy":"post_tag","embeddable":true,"href":"https:\/\/analyse.optim.biz\/index.php?rest_route=%2Fwp%2Fv2%2Ftags&post=2070098"}],"curies":[{"name":"wp","href":"https:\/\/api.w.org\/{rel}","templated":true}]}}