{"id":2070096,"date":"2026-07-29T00:00:00","date_gmt":"2026-07-28T21:00:00","guid":{"rendered":"https:\/\/analyse.optim.biz\/?p=2070096"},"modified":"2026-07-29T00:00:00","modified_gmt":"2026-07-28T21:00:00","slug":"csm-adjud-1946-incepe-cu-dreptul-noul-sezon-victorie-clara-la-ramnicu-sarat-si-calificare-in-turul-ii-al-cupei-romaniei","status":"publish","type":"post","link":"https:\/\/analyse.optim.biz\/?p=2070096","title":{"rendered":"CSM Adjud 1946 \u00eencepe cu dreptul noul sezon: victorie clar\u0103 la R\u00e2mnicu S\u0103rat \u0219i calificare \u00een Turul II al Cupei Rom\u00e2niei"},"content":{"rendered":"<p>[analyse_image type=&#8221;featured&#8221; src=&#8221;https:\/\/zdvi.cname.ro\/_\/csm-adjud-1946-incepe-cu-dreptul-noul-sezon-victorie-clara-la-ramnicu-sarat-si-calificare-in-turul-ii-al-cupei-romaniei\/mediaPool\/u4RvUpU.jpg&#8221;]<\/p>\n<div class=\"main-content detaliu-articol\"><a class=\"titlu-cat-list\" href=\"https:\/\/ziaruldevrancea.ro\/special\/sport\">Sport<\/a><\/p>\n<h1>CSM Adjud 1946 \u00eencepe cu dreptul noul sezon: victorie clar\u0103 la R\u00e2mnicu S\u0103rat \u0219i calificare \u00een Turul II al Cupei Rom\u00e2niei<\/h1>\n<div class=\"date-articol clearfix\">\n<div class=\"distribuie-articol dropdown\">\n    Distribuie: \u00a0<br \/>\n    <em>|<\/em><\/div>\n<div class=\"autor-articol\"><a href=\"https:\/\/ziaruldevrancea.ro\/autor\/eduard-dascalu\/\"><img decoding=\"async\" class=\"img-circle\" src=\"https:\/\/zdvi.cname.ro\/50_50\/articleAuthor\/eduard-dascalu\/articleAuthor\/uMGQuqd.jpeg\" alt><\/a><\/p>\n<h5><a href=\"https:\/\/ziaruldevrancea.ro\/autor\/eduard-dascalu\/\">Eduard Dasc\u0103lu<\/a><\/h5>\n<div class=\"grup-spatiere\"><span class=\"cu-spatiere\">29 iul 2026<\/span><span class=\"cu-spatiere\">404 vizualiz\u0103ri<\/span><\/div>\n<\/div>\n<\/div>\n<div class=\"poza-mare\"><a href class=\"openGallery\"><img decoding=\"async\" class=\"img-responsive\" src=\"https:\/\/zdvi.cname.ro\/850_530\/csm-adjud-1946-incepe-cu-dreptul-noul-sezon-victorie-clara-la-ramnicu-sarat-si-calificare-in-turul-ii-al-cupei-romaniei\/article\/mediaPool\/u4RvUpU.jpg\" alt><\/a><\/div>\n<p><strong>Reprezentanta Vrancei s-a impus cu 3-0 \u00een deplasare \u00een fa\u021ba forma\u021biei CSM R\u00e2mnicu S\u0103rat \u0219i continu\u0103 parcursul \u00een Cupa Rom\u00e2niei. Urm\u0103torul meci oficial din competi\u021bie este programat pe 5 august.<\/strong><\/p>\n<p><strong>CSM Adjud 1946 \u00eencepe cu dreptul noul sezon: victorie clar\u0103 la R\u00e2mnicu S\u0103rat \u0219i calificare \u00een Turul II al Cupei Rom\u00e2niei<\/strong><\/p>\n<p>Debut reu\u0219it pentru <strong>CSM Adjud 1946<\/strong> \u00een sezonul competi\u021bional 2026-2027. Forma\u021bia vr\u00e2ncean\u0103 a c\u00e2\u0219tigat cu <strong>3-0<\/strong> partida disputat\u0103 miercuri, 29 iulie, \u00een deplasare, \u00eempotriva echipei <strong>CSM R\u00e2mnicu S\u0103rat<\/strong>, ob\u021bin\u00e2nd calificarea \u00een <strong>Turul al II-lea al Cupei Rom\u00e2niei<\/strong>.<\/p>\n<p>Rezultatul confirm\u0103 \u00eenceputul promi\u021b\u0103tor al echipei din Adjud, care \u0219i-a atins primul obiectiv oficial al sezonului, dup\u0103 ce \u00eenaintea jocului oficialii clubului avertizaser\u0103 c\u0103 \u00eent\u00e2lnirea nu va fi una u\u0219oar\u0103, \u00een ciuda statutului adversarei.<\/p>\n<p>Potrivit informa\u021biilor publicate pe site-ul oficial al <strong>CSM Adjud 1946<\/strong>, forma\u021bia vr\u00e2ncean\u0103 a controlat partida \u00eenc\u0103 din prima repriz\u0103, intr\u00e2nd la pauz\u0103 cu avantaj de <strong>2-0<\/strong>, pentru ca \u00een partea secund\u0103 s\u0103 mai \u00eenscrie o dat\u0103 \u0219i s\u0103 stabileasc\u0103 scorul final, <strong>3-0<\/strong>.<\/p>\n<p>Golurile echipei adjudene au fost marcate de:<\/p>\n<ul>\n<li><strong>Amaechi Christopher<\/strong><\/li>\n<li><strong>Adeniji Kolade<\/strong><\/li>\n<li><strong>Maeschi Rare\u0219<\/strong><\/li>\n<\/ul>\n<p>Prin aceast\u0103 victorie, CSM Adjud 1946 avanseaz\u0103 \u00een <strong>Turul al II-lea al Cupei Rom\u00e2niei<\/strong>, faz\u0103 programat\u0103 pentru <strong>5 august<\/strong>, unde va \u00eencerca s\u0103 \u00ee\u0219i continue parcursul \u00een competi\u021bia organizat\u0103 de Federa\u021bia Rom\u00e2n\u0103 de Fotbal.<\/p>\n<p>P\u00e2n\u0103 la urm\u0103torul joc oficial, echipa va disputa un nou meci de preg\u0103tire. S\u00e2mb\u0103t\u0103, de la ora <strong>10:00<\/strong>, CSM Adjud 1946 va \u00eent\u00e2lni forma\u021bia <strong>FC Bac\u0103u 2<\/strong>, \u00eentr-o partid\u0103 amical\u0103 programat\u0103 \u00een formatul a dou\u0103 reprize de c\u00e2te 60 de minute.<\/p>\n<p>\u00cen mesajul transmis dup\u0103 \u00eencheierea jocului, reprezentan\u021bii clubului au felicitat juc\u0103torii \u0219i stafful tehnic pentru presta\u021bia din primul meci oficial al sezonului, mul\u021bumind totodat\u0103 suporterilor care au f\u0103cut deplasarea la R\u00e2mnicu S\u0103rat pentru a sus\u021bine echipa.<\/p>\n<p>Clubul a adresat mul\u021bumiri \u0219i <strong>Prim\u0103riei Municipiului Adjud<\/strong>, primarului <strong>George Nica<\/strong>, precum \u0219i sponsorilor \u0219i partenerilor care sus\u021bin activitatea echipei.<\/p>\n<p>Cu aceast\u0103 victorie, fotbalul vr\u00e2ncean bifeaz\u0103 un \u00eenceput pozitiv \u00een noul sezon competi\u021bional, iar CSM Adjud 1946 \u00ee\u0219i continu\u0103 parcursul \u00een Cupa Rom\u00e2niei cu \u00eencredere \u00eenaintea urm\u0103toarei faze a competi\u021biei.<\/p>\n<p><strong>Eduard Dasc\u0103lu\u00a0<\/strong><\/p>\n<hr>\n<div class=\"bloc-widget widget-rosu\">\n<p>\u00cen lipsa unui acord scris din partea Ziarului de Vrancea, pute\u0163i prelua maxim 500 de caractere din acest articol dac\u0103 preciza\u0163i sursa \u015fi insera\u0163i vizibil link-ul articolului:\u00a0<span>#insertcurrentlinkhere<\/span><\/p>\n<\/div>\n<div class=\"extra-articol listing-anunturi\">\n<h6>Anun\u021buri <span class=\"text-primary\">ZdV<\/span> Premium<\/h6>\n<div class=\"row\">\n<div class=\"col-lg-4 col-md-6 bloc-egal\"><a class=\"card-anunt\" href=\"https:\/\/ziaruldevrancea.ro\/anunturi\/imobiliare\/vanzari-terenuri\/vand-teren-in-panciu\"><strong class=\"titlu\">V\u00e2nz\u0103ri terenuri<\/strong><span class=\"text-anunt\">Teren Panciu 1170 mp, cu num\u0103r cas\u0103, ap\u0103&#8230;<\/span><span class=\"data-anunt\">29.07.2026  <\/span><\/a><\/div>\n<div class=\"col-lg-4 col-md-6 bloc-egal\"><a class=\"card-anunt\" href=\"https:\/\/ziaruldevrancea.ro\/anunturi\/altele\/anulare-acte\/vand-scrumbii-afumate-capturi-dunare\"><strong class=\"titlu\">Vanzari diverse<\/strong><span class=\"text-anunt\">Pret : 117 lei \/ kg . \u00a0 Este&#8230;<\/span><span class=\"data-anunt\">29.07.2026 , Gala\u021bi , Gala\u021bi<\/span><\/a><\/div>\n<div class=\"col-lg-4 col-md-6 bloc-egal\"><a class=\"card-anunt\" href=\"https:\/\/ziaruldevrancea.ro\/anunturi\/necrolog\/decese\/dumnezeu-sa-o-aseze-in-randul-celor-drepti\"><strong class=\"titlu\">Decese<\/strong><span class=\"text-anunt\">Cu profund\u0103 durere, familia anun\u021b\u0103 trecerea la&#8230;<\/span><span class=\"data-anunt\">28.07.2026  <\/span><\/a><\/div>\n<\/div>\n<\/div>\n<div class=\"extra-articol alte-articole\">\n<div class=\"row\">\n<div class=\"col-lg-6 bloc-egal\">\n<div class=\"card articol-listing\">\n<h6>\u00cen categoria <a href=\"https:\/\/ziaruldevrancea.ro\/special\/sport\">Sport<\/a><\/h6>\n<div class=\"grup-articol-listing\">\n<div class=\"cont-pils\"><a href=\"https:\/\/ziaruldevrancea.ro\/special\/sport\/vrancea-urca-pe-podium-la-cupa-buzaului-2026.-aeromodelistii-centrului-cultural-vrancea-au-obtinut-mai-multe-clasari-pe-primele-locuri\"><img decoding=\"async\" src=\"https:\/\/zdvi.cname.ro\/180_135\/special\/sport\/vrancea-urca-pe-podium-la-cupa-buzaului-2026.-aeromodelistii-centrului-cultural-vrancea-au-obtinut-mai-multe-clasari-pe-primele-locuri\/mediaPool\/uTSRN1O.jpg\" class=\"img-responsive img-180\" alt><\/a><\/div>\n<h2><a class=\"link-titlu\" href=\"https:\/\/ziaruldevrancea.ro\/special\/sport\/vrancea-urca-pe-podium-la-cupa-buzaului-2026.-aeromodelistii-centrului-cultural-vrancea-au-obtinut-mai-multe-clasari-pe-primele-locuri\">Vrancea urc\u0103 pe podium la \u201eCupa Buz\u0103ului\u201d 2026. Aeromodeli\u0219tii Centrului Cultural Vrancea au ob\u021binut mai multe clas\u0103ri pe primele locuri<\/a><\/h2>\n<div class=\"date-post\"><a href=\"https:\/\/ziaruldevrancea.ro\/autor\/eduard-dascalu\">Eduard Dasc\u0103lu<\/a>, 30 iul 2026  <\/div>\n<\/div>\n<div class=\"grup-articol-listing\">\n<div class=\"cont-pils\"><a href=\"https:\/\/ziaruldevrancea.ro\/special\/sport\/patru-tineri-baschetbalisti-din-vrancea-convocati-la-loturile-nationale-ale-romaniei.-premiera-pentru-lps-focsani\"><img decoding=\"async\" src=\"https:\/\/zdvi.cname.ro\/180_135\/special\/sport\/patru-tineri-baschetbalisti-din-vrancea-convocati-la-loturile-nationale-ale-romaniei.-premiera-pentru-lps-focsani\/mediaPool\/uYWL2Dw.jpeg\" class=\"img-responsive img-180\" alt><\/a><\/div>\n<h2><a class=\"link-titlu\" href=\"https:\/\/ziaruldevrancea.ro\/special\/sport\/patru-tineri-baschetbalisti-din-vrancea-convocati-la-loturile-nationale-ale-romaniei.-premiera-pentru-lps-focsani\">Patru tineri baschetbali\u0219ti din Vrancea, convoca\u021bi la loturile na\u021bionale ale Rom\u00e2niei. Premier\u0103 pentru LPS Foc\u0219ani<\/a><\/h2>\n<div class=\"date-post\"><a href=\"https:\/\/ziaruldevrancea.ro\/autor\/eduard-dascalu\">Eduard Dasc\u0103lu<\/a>, 29 iul 2026  <\/div>\n<\/div>\n<div class=\"grup-articol-listing\">\n<div class=\"cont-pils\"><a href=\"https:\/\/ziaruldevrancea.ro\/special\/sport\/arhitectul-ion-daniel-munteanu-din-odobesti-va-reprezenta-romania-la-campionatul-european-de-biliard\"><img decoding=\"async\" src=\"https:\/\/zdvi.cname.ro\/180_135\/special\/sport\/arhitectul-ion-daniel-munteanu-din-odobesti-va-reprezenta-romania-la-campionatul-european-de-biliard\/mediaPool\/uczCuyL.jpg\" class=\"img-responsive img-180\" alt><\/a><\/div>\n<h2><a class=\"link-titlu\" href=\"https:\/\/ziaruldevrancea.ro\/special\/sport\/arhitectul-ion-daniel-munteanu-din-odobesti-va-reprezenta-romania-la-campionatul-european-de-biliard\">Arhitectul Ion Daniel Munteanu din Odobe\u0219ti va reprezenta Rom\u00e2nia la Campionatul European de Biliard<\/a><\/h2>\n<div class=\"date-post\"><a href=\"https:\/\/ziaruldevrancea.ro\/autor\/eduard-dascalu\">Eduard Dasc\u0103lu<\/a>, 29 iul 2026  <\/div>\n<\/div>\n<\/div>\n<\/div>\n<div class=\"col-lg-6 bloc-egal\">\n<div class=\"card articol-listing\">\n<h6>De acela\u0219i <a href=\"https:\/\/ziaruldevrancea.ro\/autor\/eduard-dascalu\/\">autor<\/a><\/h6>\n<div class=\"grup-articol-listing\">\n<div class=\"cont-pils\"><a href=\"https:\/\/ziaruldevrancea.ro\/promo\/brand-voice\/bazinul-de-inot-din-focsani-isi-amana-redeschiderea-pana-pe-8-august\"><img decoding=\"async\" src=\"https:\/\/zdvi.cname.ro\/180_135\/promo\/brand-voice\/bazinul-de-inot-din-focsani-isi-amana-redeschiderea-pana-pe-8-august\/mediaPool\/uZJhRn5.jpg\" class=\"img-responsive img-180\" alt><\/a><\/div>\n<h2><a class=\"link-titlu\" href=\"https:\/\/ziaruldevrancea.ro\/promo\/brand-voice\/bazinul-de-inot-din-focsani-isi-amana-redeschiderea-pana-pe-8-august\">Bazinul de \u00cenot din Foc\u0219ani \u00ee\u0219i am\u00e2n\u0103 redeschiderea p\u00e2n\u0103 pe 8 august<\/a><\/h2>\n<div class=\"date-post\"><a href=\"https:\/\/ziaruldevrancea.ro\/autor\/eduard-dascalu\">Eduard Dasc\u0103lu<\/a>, 30 iul 2026  <\/div>\n<\/div>\n<div class=\"grup-articol-listing\">\n<div class=\"cont-pils\"><a href=\"https:\/\/ziaruldevrancea.ro\/promo\/brand-voice\/clubul-de-fitness-city-gym-din-focsani-intra-intr-o-retea-nationala\"><img decoding=\"async\" src=\"https:\/\/zdvi.cname.ro\/180_135\/promo\/brand-voice\/clubul-de-fitness-city-gym-din-focsani-intra-intr-o-retea-nationala\/mediaPool\/unOJ3Dk.jpg\" class=\"img-responsive img-180\" alt><\/a><\/div>\n<h2><a class=\"link-titlu\" href=\"https:\/\/ziaruldevrancea.ro\/promo\/brand-voice\/clubul-de-fitness-city-gym-din-focsani-intra-intr-o-retea-nationala\">Clubul de fitness City Gym din Foc\u0219ani intr\u0103 \u00eentr-o re\u021bea na\u021bional\u0103<\/a><\/h2>\n<div class=\"date-post\"><a href=\"https:\/\/ziaruldevrancea.ro\/autor\/eduard-dascalu\">Eduard Dasc\u0103lu<\/a>, 30 iul 2026  <\/div>\n<\/div>\n<div class=\"grup-articol-listing\">\n<div class=\"cont-pils\"><a href=\"https:\/\/ziaruldevrancea.ro\/promo\/brand-voice\/cum-schimba-platformele-all-in-one-obiceiurile-jucatorilor-din-romania\"><img decoding=\"async\" src=\"https:\/\/zdvi.cname.ro\/180_135\/promo\/brand-voice\/cum-schimba-platformele-all-in-one-obiceiurile-jucatorilor-din-romania\/mediaPool\/uYeLDkW.jpg\" class=\"img-responsive img-180\" alt><\/a><\/div>\n<h2><a class=\"link-titlu\" href=\"https:\/\/ziaruldevrancea.ro\/promo\/brand-voice\/cum-schimba-platformele-all-in-one-obiceiurile-jucatorilor-din-romania\">Cum schimb\u0103 platformele all-in-one obiceiurile juc\u0103torilor din Rom\u00e2nia<\/a><\/h2>\n<div class=\"date-post\"><a href=\"https:\/\/ziaruldevrancea.ro\/autor\/eduard-dascalu\">Eduard Dasc\u0103lu<\/a>, 28 iul 2026  <\/div>\n<\/div>\n<\/div>\n<\/div>\n<\/div>\n<\/div>\n<div class=\"extra-articol listing-anunturi\">\n<h6>Anun\u021buri <span class=\"text-primary\">ZdV<\/span> Premium<\/h6>\n<div class=\"row\">\n<div class=\"col-lg-4 col-md-6 bloc-egal\"><a class=\"card-anunt\" href=\"https:\/\/ziaruldevrancea.ro\/anunturi\/imobiliare\/vanzari-case\/vand-casa-si-teren-in-panciu-anunt-72818\"><strong class=\"titlu\">V\u00e2nz\u0103ri case<\/strong><span class=\"text-anunt\">V\u00e2nd cas\u0103 cu 2 camere, buc\u0103t\u0103rie, baie,&#8230;<\/span><span class=\"data-anunt\">23.07.2026  <\/span><\/a><\/div>\n<div class=\"col-lg-4 col-md-6 bloc-egal\"><a class=\"card-anunt\" href=\"https:\/\/ziaruldevrancea.ro\/anunturi\/angajari\/cereri-angajari\/doresc-angajare-anunt-72815\"><strong class=\"titlu\">Cereri<\/strong><span class=\"text-anunt\">Doresc s\u0103 am grij\u0103 de un copil de gradini\u021b\u0103&#8230;<\/span><span class=\"data-anunt\">21.07.2026  <\/span><\/a><\/div>\n<div class=\"col-lg-4 col-md-6 bloc-egal\"><a class=\"card-anunt\" href=\"https:\/\/ziaruldevrancea.ro\/anunturi\/inchirieri\/locuinte-oferte\/primesc-in-gazda-anunt-72816\"><strong class=\"titlu\">Locuin\u021be oferte<\/strong><span class=\"text-anunt\">\u00a0Primesc \u00een gazd\u0103 la cas\u0103.<\/p>\n<p>Tel&#8230;.<\/span><span class=\"data-anunt\">21.07.2026  <\/span><\/a><\/div>\n<\/div>\n<\/div>\n<div class=\"bloc-widget widget-albastru\">\n    Ziarul de Vrancea \u00a0nu este responsabil juridic pentru con\u0163inutul textelor din comentariile de mai jos. Responsabilitatea pentru mesajele dumneavoastra v\u0103 revine \u00een exclusivitate.\n<\/div>\n<div class=\"comentarii-articol\" id=\"comentarii\">\n<h3>Comentarii: <span class=\"text-primary\">0<\/span><\/h3>\n<p><a href=\"https:\/\/ziaruldevrancea.ro\/special\/sport\/csm-adjud-1946-incepe-cu-dreptul-noul-sezon-victorie-clara-la-ramnicu-sarat-si-calificare-in-turul-ii-al-cupei-romaniei\" class=\"btn btn-success btn-adauga-com\" data-toggle=\"modal\" data-parent=\"0\" data-target=\"#commentModal\">Adaug\u0103 comentariu<\/a><\/p>\n<div class=\"loadMask comments-mask\"><img decoding=\"async\" src=\"https:\/\/zdvs.cname.ro\/images\/loader_40.gif\"><\/div>\n<div class=\"comenteaza-jos\">Trebuie s\u0103 fii <a href=\"https:\/\/ziaruldevrancea.ro\/account\">autentificat<\/a> pentru a putea <a href=\"https:\/\/ziaruldevrancea.ro\/special\/sport\/csm-adjud-1946-incepe-cu-dreptul-noul-sezon-victorie-clara-la-ramnicu-sarat-si-calificare-in-turul-ii-al-cupei-romaniei\" class data-toggle=\"modal\" data-parent=\"0\" data-target=\"#commentModal\">posta un comentariu<\/a>.<\/div>\n<\/div>\n<div class=\"modal fade\" id=\"commentModal\" role=\"dialog\" aria-labelledby=\"commentModalLabel\">\n<div class=\"modal-dialog modal-lg\" role=\"document\">\n<div class=\"modal-content\">\n<div class=\"modal-header\">\n<h3 class=\"modal-title\" id=\"commentModalLabel\">Comenteaz\u0103<\/h3>\n<\/div>\n<div class=\"modal-body\">\n<div class=\"tabel tabel-full\">\n<div class=\"celula\">\n              Trebuie s\u0103 fii <a href=\"https:\/\/ziaruldevrancea.ro\/account\">autentificat<\/a> pentru a putea posta un comentariu.\n            <\/div>\n<\/div>\n<\/div>\n<div class=\"modal-footer\">\n<div id=\"commentPending\" class=\"formPending pull-left\"><img decoding=\"async\" src=\"https:\/\/zdvs.cname.ro\/images\/loader_40.gif\"> In curs de procesare&#8230;<\/div>\n<p><a href=\"https:\/\/ziaruldevrancea.ro\/special\/sport\/csm-adjud-1946-incepe-cu-dreptul-noul-sezon-victorie-clara-la-ramnicu-sarat-si-calificare-in-turul-ii-al-cupei-romaniei\" class=\"btn btn-default\" data-dismiss=\"modal\">Anuleaz\u0103<\/a><\/div>\n<\/div>\n<\/div>\n<\/div>\n<div class=\"modal fade\" id=\"commentReportModal\" role=\"dialog\" aria-labelledby=\"commentReportModalLabel\">\n<div class=\"modal-dialog modal-lg\" role=\"document\">\n<div class=\"modal-content\">\n<div class=\"modal-header\">\n<h3 class=\"modal-title\" id=\"commentReportModalLabel\">Raporteaza comentariu<\/h3>\n<\/div>\n<div class=\"modal-body\">\n<div class=\"tabel tabel-full\">\n<div class=\"celula\">\n              Trebuie s\u0103 fii <a href=\"https:\/\/ziaruldevrancea.ro\/account\">autentificat<\/a> pentru a putea raporta un comentariu.\n            <\/div>\n<\/div>\n<\/div>\n<div class=\"modal-footer\">\n<div id=\"commentReportPending\" class=\"formPending pull-left\"><img decoding=\"async\" src=\"https:\/\/zdvs.cname.ro\/images\/loader_40.gif\"> In curs de procesare&#8230;<\/div>\n<p><a href=\"https:\/\/ziaruldevrancea.ro\/special\/sport\/csm-adjud-1946-incepe-cu-dreptul-noul-sezon-victorie-clara-la-ramnicu-sarat-si-calificare-in-turul-ii-al-cupei-romaniei\" class=\"btn btn-default\" data-dismiss=\"modal\">Anuleaz\u0103<\/a><\/div>\n<\/div>\n<\/div>\n<\/div>\n<div class=\"modal fade\" id=\"commentLikeModal\" role=\"dialog\" aria-labelledby=\"commentLikeModalLabel\">\n<div class=\"modal-dialog modal-lg\" role=\"document\">\n<div class=\"modal-content\">\n<div class=\"modal-header\">\n<h3 class=\"modal-title\" id=\"commentReportModalLabel\">Apreciaza comentariu<\/h3>\n<\/div>\n<div class=\"modal-body\">\n<div class=\"tabel tabel-full\">\n<div class=\"celula\">\n            Trebuie s\u0103 fii <a href=\"https:\/\/ziaruldevrancea.ro\/account\">autentificat<\/a> pentru a putea aprecia un comentariu.\n          <\/div>\n<\/div>\n<\/div>\n<div class=\"modal-footer\"><a href=\"https:\/\/ziaruldevrancea.ro\/special\/sport\/csm-adjud-1946-incepe-cu-dreptul-noul-sezon-victorie-clara-la-ramnicu-sarat-si-calificare-in-turul-ii-al-cupei-romaniei\" class=\"btn btn-default\" data-dismiss=\"modal\">Anuleaz\u0103<\/a><\/div>\n<\/div>\n<\/div>\n<\/div>\n<div class=\"bloc-widget widget-rosu\"><span><small>Ziarul de Vrancea doreste ca acest site sa fie un spatiu al discutiilor civilizate, al comentariilor de bun simt. Din acest motiv, cei care posteaza comentarii la articole trebuie sa respecte urmatoarele reguli:<br \/>\n1. Sa se refere doar la articolul la care posteaza comentarii.<br \/>\n2. Sa foloseasca un limbaj civilizat, fara injurii, calomnii, comentarii antisemite, xenofobe sau rasiste.<br \/>\n3. Sunt interzise atacurile la adresa autorilor, daca acestea nu au legatura cu textul.<br \/>\n4. Username-ul sa nu fie nume de personalitati ale vietii publice sau parodieri ale acestora.<br \/>\nAutorul unui articol poate fi criticat pentru eventuale greseli, incoerenta, lipsa de documentare etc.<br \/>\nNerespectarea regulilor mentionate mai sus va duce la stergerea comentariilor, fara avertisment si fara explicatii.<br \/>\nAbaterile repetate vor avea drept consecinta interdictia accesului la aceasta facilitate a site-ului.<\/small><\/span><\/div>\n<\/div>\n<p>[analyse_source url=&#8221;https:\/\/ziaruldevrancea.ro\/special\/sport\/csm-adjud-1946-incepe-cu-dreptul-noul-sezon-victorie-clara-la-ramnicu-sarat-si-calificare-in-turul-ii-al-cupei-romaniei&#8221;]<\/p>\n","protected":false},"excerpt":{"rendered":"<p>[analyse_image type=&#8221;featured&#8221; src=&#8221;https:\/\/zdvi.cname.ro\/_\/csm-adjud-1946-incepe-cu-dreptul-noul-sezon-victorie-clara-la-ramnicu-sarat-si-calificare-in-turul-ii-al-cupei-romaniei\/mediaPool\/u4RvUpU.jpg&#8221;] Sport CSM Adjud 1946 \u00eencepe cu dreptul noul sezon: victorie clar\u0103 la R\u00e2mnicu S\u0103rat \u0219i calificare \u00een Turul II al Cupei Rom\u00e2niei Distribuie: \u00a0 | Eduard Dasc\u0103lu 29 iul 2026404 vizualiz\u0103ri Reprezentanta Vrancei s-a impus cu 3-0 \u00een deplasare \u00een fa\u021ba forma\u021biei CSM R\u00e2mnicu S\u0103rat \u0219i continu\u0103 parcursul \u00een Cupa Rom\u00e2niei. Urm\u0103torul [&hellip;]<\/p>\n","protected":false},"author":1,"featured_media":0,"comment_status":"open","ping_status":"","sticky":false,"template":"","format":"standard","meta":{"footnotes":""},"categories":[89],"tags":[226,208],"class_list":["post-2070096","post","type-post","status-publish","format-standard","hentry","category-romania","tag-crawlmanager","tag-ziaruldevrancea-ro"],"_links":{"self":[{"href":"https:\/\/analyse.optim.biz\/index.php?rest_route=\/wp\/v2\/posts\/2070096","targetHints":{"allow":["GET"]}}],"collection":[{"href":"https:\/\/analyse.optim.biz\/index.php?rest_route=\/wp\/v2\/posts"}],"about":[{"href":"https:\/\/analyse.optim.biz\/index.php?rest_route=\/wp\/v2\/types\/post"}],"author":[{"embeddable":true,"href":"https:\/\/analyse.optim.biz\/index.php?rest_route=\/wp\/v2\/users\/1"}],"replies":[{"embeddable":true,"href":"https:\/\/analyse.optim.biz\/index.php?rest_route=%2Fwp%2Fv2%2Fcomments&post=2070096"}],"version-history":[{"count":0,"href":"https:\/\/analyse.optim.biz\/index.php?rest_route=\/wp\/v2\/posts\/2070096\/revisions"}],"wp:attachment":[{"href":"https:\/\/analyse.optim.biz\/index.php?rest_route=%2Fwp%2Fv2%2Fmedia&parent=2070096"}],"wp:term":[{"taxonomy":"category","embeddable":true,"href":"https:\/\/analyse.optim.biz\/index.php?rest_route=%2Fwp%2Fv2%2Fcategories&post=2070096"},{"taxonomy":"post_tag","embeddable":true,"href":"https:\/\/analyse.optim.biz\/index.php?rest_route=%2Fwp%2Fv2%2Ftags&post=2070096"}],"curies":[{"name":"wp","href":"https:\/\/api.w.org\/{rel}","templated":true}]}}