{"id":2070094,"date":"2026-07-29T00:00:00","date_gmt":"2026-07-28T21:00:00","guid":{"rendered":"https:\/\/analyse.optim.biz\/?p=2070094"},"modified":"2026-07-29T00:00:00","modified_gmt":"2026-07-28T21:00:00","slug":"patru-tineri-baschetbalisti-din-vrancea-convocati-la-loturile-nationale-ale-romaniei-premiera-pentru-lps-focsani","status":"publish","type":"post","link":"https:\/\/analyse.optim.biz\/?p=2070094","title":{"rendered":"Patru tineri baschetbali\u0219ti din Vrancea, convoca\u021bi la loturile na\u021bionale ale Rom\u00e2niei. Premier\u0103 pentru LPS Foc\u0219ani"},"content":{"rendered":"<p>[analyse_image type=&#8221;featured&#8221; src=&#8221;https:\/\/zdvi.cname.ro\/_\/patru-tineri-baschetbalisti-din-vrancea-convocati-la-loturile-nationale-ale-romaniei.-premiera-pentru-lps-focsani\/mediaPool\/uYWL2Dw.jpeg&#8221;]<\/p>\n<div class=\"main-content detaliu-articol\"><a class=\"titlu-cat-list\" href=\"https:\/\/ziaruldevrancea.ro\/special\/sport\">Sport<\/a><\/p>\n<h1>Patru tineri baschetbali\u0219ti din Vrancea, convoca\u021bi la loturile na\u021bionale ale Rom\u00e2niei. Premier\u0103 pentru LPS Foc\u0219ani<\/h1>\n<div class=\"date-articol clearfix\">\n<div class=\"distribuie-articol dropdown\">\n    Distribuie: \u00a0<br \/>\n    <em>|<\/em><\/div>\n<div class=\"autor-articol\"><a href=\"https:\/\/ziaruldevrancea.ro\/autor\/eduard-dascalu\/\"><img decoding=\"async\" class=\"img-circle\" src=\"https:\/\/zdvi.cname.ro\/50_50\/articleAuthor\/eduard-dascalu\/articleAuthor\/uMGQuqd.jpeg\" alt><\/a><\/p>\n<h5><a href=\"https:\/\/ziaruldevrancea.ro\/autor\/eduard-dascalu\/\">Eduard Dasc\u0103lu<\/a><\/h5>\n<div class=\"grup-spatiere\"><span class=\"cu-spatiere\">29 iul 2026<\/span><span class=\"cu-spatiere\">604 vizualiz\u0103ri<\/span><\/div>\n<\/div>\n<\/div>\n<div class=\"poza-mare\">\n<div class=\"poza-mare galerie-detaliu\">\n<div id=\"carousel-poza-mare\" class=\"carousel slide carusel-poza\" data-ride=\"carousel\" data-interval=\"0\">\n<div class=\"carousel-inner\" role=\"listbox\">\n<div class=\"item imagine-carusel active\"><a href class=\"openGallery\"><img decoding=\"async\" class=\"img-responsive\" src=\"https:\/\/zdvi.cname.ro\/850_530\/patru-tineri-baschetbalisti-din-vrancea-convocati-la-loturile-nationale-ale-romaniei.-premiera-pentru-lps-focsani\/article\/mediaPool\/uYWL2Dw.jpeg\" alt><\/a><\/div>\n<div class=\"item imagine-carusel \"><a href class=\"openGallery\"><img decoding=\"async\" class=\"img-responsive\" src=\"https:\/\/zdvi.cname.ro\/850_530\/patru-tineri-baschetbalisti-din-vrancea-convocati-la-loturile-nationale-ale-romaniei.-premiera-pentru-lps-focsani\/article\/mediaPool\/uw7ecAY.jpeg\" alt><\/a><\/div>\n<div class=\"item imagine-carusel \"><a href class=\"openGallery\"><img decoding=\"async\" class=\"img-responsive\" src=\"https:\/\/zdvi.cname.ro\/850_530\/patru-tineri-baschetbalisti-din-vrancea-convocati-la-loturile-nationale-ale-romaniei.-premiera-pentru-lps-focsani\/article\/mediaPool\/uV5Y493.jpeg\" alt><\/a><\/div>\n<div class=\"item imagine-carusel \"><a href class=\"openGallery\"><img decoding=\"async\" class=\"img-responsive\" src=\"https:\/\/zdvi.cname.ro\/850_530\/patru-tineri-baschetbalisti-din-vrancea-convocati-la-loturile-nationale-ale-romaniei.-premiera-pentru-lps-focsani\/article\/mediaPool\/ueNOZJ9.jpeg\" alt><\/a><\/div>\n<div class=\"item imagine-carusel \"><a href class=\"openGallery\"><img decoding=\"async\" class=\"img-responsive\" src=\"https:\/\/zdvi.cname.ro\/850_530\/patru-tineri-baschetbalisti-din-vrancea-convocati-la-loturile-nationale-ale-romaniei.-premiera-pentru-lps-focsani\/article\/mediaPool\/uLiwVjf.jpeg\" alt><\/a><\/div>\n<div class=\"item imagine-carusel \"><a href class=\"openGallery\"><img decoding=\"async\" class=\"img-responsive\" src=\"https:\/\/zdvi.cname.ro\/850_530\/patru-tineri-baschetbalisti-din-vrancea-convocati-la-loturile-nationale-ale-romaniei.-premiera-pentru-lps-focsani\/article\/mediaPool\/usHURTk.jpeg\" alt><\/a><\/div>\n<\/div>\n<\/div>\n<div id=\"carousel-poze-mici\" class=\"carousel slide carusel-mici\" data-ride=\"carousel\" data-interval=\"0\">\n<div class=\"carousel-inner\" role=\"listbox\">\n<div class=\"item active\">\n<ul class=\"navigare-carusel-imagini\">\n<li data-target=\"#carousel-poza-mare\" data-slide-to=\"0\"><img decoding=\"async\" class=\"img-responsive\" src=\"https:\/\/zdvi.cname.ro\/_90\/patru-tineri-baschetbalisti-din-vrancea-convocati-la-loturile-nationale-ale-romaniei.-premiera-pentru-lps-focsani\/article\/mediaPool\/uYWL2Dw.jpeg\" alt><\/li>\n<li data-target=\"#carousel-poza-mare\" data-slide-to=\"1\"><img decoding=\"async\" class=\"img-responsive\" src=\"https:\/\/zdvi.cname.ro\/_90\/patru-tineri-baschetbalisti-din-vrancea-convocati-la-loturile-nationale-ale-romaniei.-premiera-pentru-lps-focsani\/article\/mediaPool\/uw7ecAY.jpeg\" alt><\/li>\n<li data-target=\"#carousel-poza-mare\" data-slide-to=\"2\"><img decoding=\"async\" class=\"img-responsive\" src=\"https:\/\/zdvi.cname.ro\/_90\/patru-tineri-baschetbalisti-din-vrancea-convocati-la-loturile-nationale-ale-romaniei.-premiera-pentru-lps-focsani\/article\/mediaPool\/uV5Y493.jpeg\" alt><\/li>\n<li data-target=\"#carousel-poza-mare\" data-slide-to=\"3\"><img decoding=\"async\" class=\"img-responsive\" src=\"https:\/\/zdvi.cname.ro\/_90\/patru-tineri-baschetbalisti-din-vrancea-convocati-la-loturile-nationale-ale-romaniei.-premiera-pentru-lps-focsani\/article\/mediaPool\/ueNOZJ9.jpeg\" alt><\/li>\n<li data-target=\"#carousel-poza-mare\" data-slide-to=\"4\"><img decoding=\"async\" class=\"img-responsive\" src=\"https:\/\/zdvi.cname.ro\/_90\/patru-tineri-baschetbalisti-din-vrancea-convocati-la-loturile-nationale-ale-romaniei.-premiera-pentru-lps-focsani\/article\/mediaPool\/uLiwVjf.jpeg\" alt><\/li>\n<\/ul>\n<\/div>\n<div class=\"item \">\n<ul class=\"navigare-carusel-imagini\">\n<li data-target=\"#carousel-poza-mare\" data-slide-to=\"5\"><img decoding=\"async\" class=\"img-responsive\" src=\"https:\/\/zdvi.cname.ro\/_90\/patru-tineri-baschetbalisti-din-vrancea-convocati-la-loturile-nationale-ale-romaniei.-premiera-pentru-lps-focsani\/article\/mediaPool\/usHURTk.jpeg\" alt><\/li>\n<\/ul>\n<\/div>\n<\/div>\n<p><a class=\"control left\" href=\"https:\/\/ziaruldevrancea.ro\/special\/sport\/patru-tineri-baschetbalisti-din-vrancea-convocati-la-loturile-nationale-ale-romaniei.-premiera-pentru-lps-focsani#carousel-poze-mici\" role=\"button\" data-slide=\"prev\"><span class=\"sr-only\">Previous<\/span><\/a><a class=\"control right\" href=\"https:\/\/ziaruldevrancea.ro\/special\/sport\/patru-tineri-baschetbalisti-din-vrancea-convocati-la-loturile-nationale-ale-romaniei.-premiera-pentru-lps-focsani#carousel-poze-mici\" role=\"button\" data-slide=\"next\"><span class=\"sr-only\">Next<\/span><\/a><\/div>\n<\/div>\n<\/div>\n<p><strong>Baschetul juvenil vr\u00e2ncean confirm\u0103 din nou. Patru sportivi ai Liceului cu Program Sportiv Foc\u0219ani au fost selec\u021biona\u021bi pentru ac\u021biunile loturilor na\u021bionale U15 \u0219i U16, urm\u00e2nd s\u0103 participe la stagii de preg\u0103tire \u0219i la prestigiosul turneu interna\u021bional Slovenia Ball 2026.<\/strong><\/p>\n<p><strong>Patru tineri baschetbali\u0219ti din Vrancea, convoca\u021bi la loturile na\u021bionale ale Rom\u00e2niei. Premier\u0103 pentru LPS Foc\u0219ani<\/strong><\/p>\n<p><strong><img decoding=\"async\" alt src=\"https:\/\/zdvi.cname.ro\/_\/mediaPool-file\/mediaPool\/uYWL2Dw.jpeg\"><\/strong><\/p>\n<p>Baschetul juvenil din Vrancea continu\u0103 s\u0103 confirme la nivel na\u021bional. Patru sportivi legitima\u021bi la Liceul cu Program Sportiv (LPS) Foc\u0219ani au fost convoca\u021bi la ac\u021biunile loturilor na\u021bionale ale Rom\u00e2niei, o performan\u021b\u0103 pe care reprezentan\u021bii unit\u0103\u021bii de \u00eenv\u0103\u021b\u0103m\u00e2nt o consider\u0103 o premier\u0103 at\u00e2t pentru baschetul juvenil vr\u00e2ncean, c\u00e2t \u0219i prin amploarea ei, la nivel na\u021bional.<\/p>\n<p>Informa\u021bia a fost transmis\u0103 redac\u021biei <strong>Ziarului de Vrancea<\/strong> mar\u021bi, 28 iulie 2026, de reprezentan\u021bii LPS Foc\u0219ani, care subliniaz\u0103 c\u0103 rezultatele ob\u021binute \u00een ultimele sezoane \u00eencep s\u0103 fie confirmate \u0219i prin selec\u021biile la loturile na\u021bionale.<\/p>\n<p>Dup\u0103 evolu\u021biile apreciate din competi\u021biile juvenile \u0219i particip\u0103rile echipelor U14 \u0219i U15 la turneele <strong>Final Four<\/strong> disputate \u00een aceast\u0103 prim\u0103var\u0103, patru dintre componen\u021bii genera\u021biei U16 au primit convoc\u0103ri pentru reprezentativele Rom\u00e2niei.<\/p>\n<p><strong>Patru sportivi din aceea\u0219i echip\u0103, \u00een aten\u021bia Federa\u021biei Rom\u00e2ne de Baschet<\/strong><\/p>\n<p>La <strong>Lotul Na\u021bional U16<\/strong> au fost convoca\u021bi:<\/p>\n<p><img decoding=\"async\" alt src=\"https:\/\/zdvi.cname.ro\/_\/mediaPool-file\/mediaPool\/uIXuwzx.jpeg\"><\/p>\n<ul>\n<li><strong>Stoicescu Cezar Marius<\/strong><\/li>\n<li><strong><img decoding=\"async\" alt src=\"https:\/\/zdvi.cname.ro\/_\/mediaPool-file\/mediaPool\/ulBnB1t.jpeg\"><\/strong><\/li>\n<li>\u00a0<\/li>\n<li><strong>Cr\u00eenga\u0219u Robert Andrei<\/strong><\/li>\n<\/ul>\n<p>Cei doi vor participa la stagiile centralizate de preg\u0103tire organizate la <strong>Sighetu Marma\u021biei<\/strong> \u0219i <strong>Oradea<\/strong>, etape importante \u00een formarea lotului care va reprezenta Rom\u00e2nia \u00een competi\u021biile interna\u021bionale.<\/p>\n<p>\u00cen acela\u0219i timp, al\u021bi doi juc\u0103tori ai LPS Foc\u0219ani au fost selec\u021biona\u021bi la <strong>Lotul Na\u021bional U15<\/strong>:<\/p>\n<p><img decoding=\"async\" alt src=\"https:\/\/zdvi.cname.ro\/_\/mediaPool-file\/mediaPool\/u1giT0i.jpeg\"><\/p>\n<ul>\n<li><strong>N\u0103stac\u0103 Luca Mihai<\/strong><\/li>\n<li><strong><img decoding=\"async\" alt src=\"https:\/\/zdvi.cname.ro\/_\/mediaPool-file\/mediaPool\/u2jPmV4.jpeg\"><\/strong><\/li>\n<li><strong>Mihai David Ioan<\/strong><\/li>\n<\/ul>\n<p>Ace\u0219tia vor reprezenta Rom\u00e2nia la prestigiosul turneu interna\u021bional <strong>Slovenia Ball<\/strong>, programat \u00een perioada <strong>12\u201316 august 2026<\/strong>.<\/p>\n<p><strong>Rom\u00e2nia va \u00eent\u00e2lni trei adversari puternici la Slovenia Ball<\/strong><\/p>\n<p>Considerat unul dintre cele mai importante turnee europene dedicate baschetului juvenil, <strong>Slovenia Ball<\/strong> reune\u0219te anual unele dintre cele mai valoroase genera\u021bii de tineri baschetbali\u0219ti de pe continent. Evenimentul, aflat \u00een acest an la cea de-a 20-a edi\u021bie, a fost creat cu scopul de a oferi tinerelor talente posibilitatea de a evolua la un nivel competi\u021bional ridicat.<\/p>\n<p>Programul echipei Rom\u00e2niei este urm\u0103torul:<\/p>\n<ul>\n<li><strong>12 august 2026:<\/strong> Rom\u00e2nia \u2013 Croa\u021bia<\/li>\n<li><strong>13 august 2026:<\/strong> Rom\u00e2nia \u2013 Bosnia \u0219i Her\u021begovina<\/li>\n<li><strong>14 august 2026:<\/strong> Slovacia \u2013 Rom\u00e2nia<\/li>\n<\/ul>\n<p>Competi\u021bia reprezint\u0103 o oportunitate important\u0103 pentru tinerii sportivi de a acumula experien\u021b\u0103 interna\u021bional\u0103 \u0219i de a se confrunta cu unele dintre cele mai valoroase academii de baschet din Europa.<\/p>\n<p><strong>Munca echipei tehnice \u00eencepe s\u0103 dea rezultate<\/strong><\/p>\n<p>Reprezentan\u021bii LPS Foc\u0219ani apreciaz\u0103 c\u0103 selec\u021bia celor patru juc\u0103tori este rezultatul muncii desf\u0103\u0219urate \u00een ultimii ani at\u00e2t de sportivi, c\u00e2t \u0219i de staff-ul tehnic.<\/p>\n<p>Echipa U16 este preg\u0103tit\u0103 de profesorii-antrenori <strong>Mihai Petru\u021b<\/strong> \u0219i <strong>Florin Munteanu<\/strong>, \u00eempreun\u0103 cu preparatorul fizic <strong>Alex Sl\u0103voiu<\/strong>, care coordoneaz\u0103 preg\u0103tirea sportivilor pentru competi\u021biile na\u021bionale \u0219i interna\u021bionale.<\/p>\n<p>Potrivit reprezentan\u021bilor liceului, convocarea a patru juc\u0103tori din aceea\u0219i echip\u0103 reprezint\u0103 o recunoa\u0219tere a nivelului atins de baschetul juvenil din Foc\u0219ani \u0219i confirm\u0103 c\u0103 performan\u021ba se construie\u0219te prin talent, disciplin\u0103 \u0219i preg\u0103tire constant\u0103.<\/p>\n<p>Prin aceste convoc\u0103ri, LPS Foc\u0219ani \u00ee\u0219i consolideaz\u0103 pozi\u021bia \u00eentre centrele importante de formare a tinerilor baschetbali\u0219ti din Rom\u00e2nia, iar evolu\u021biile celor patru sportivi la loturile na\u021bionale vor fi urm\u0103rite cu interes \u0219i de iubitorii sportului din Vrancea.<\/p>\n<p><strong>Eduard Dasc\u0103lu\u00a0<\/strong><\/p>\n<hr>\n<div class=\"bloc-widget widget-rosu\">\n<p>\u00cen lipsa unui acord scris din partea Ziarului de Vrancea, pute\u0163i prelua maxim 500 de caractere din acest articol dac\u0103 preciza\u0163i sursa \u015fi insera\u0163i vizibil link-ul articolului:\u00a0<span>#insertcurrentlinkhere<\/span><\/p>\n<\/div>\n<div class=\"extra-articol listing-anunturi\">\n<h6>Anun\u021buri <span class=\"text-primary\">ZdV<\/span> Premium<\/h6>\n<div class=\"row\">\n<div class=\"col-lg-4 col-md-6 bloc-egal\"><a class=\"card-anunt\" href=\"https:\/\/ziaruldevrancea.ro\/anunturi\/imobiliare\/vanzari-terenuri\/vand-teren-in-panciu\"><strong class=\"titlu\">V\u00e2nz\u0103ri terenuri<\/strong><span class=\"text-anunt\">Teren Panciu 1170 mp, cu num\u0103r cas\u0103, ap\u0103&#8230;<\/span><span class=\"data-anunt\">29.07.2026  <\/span><\/a><\/div>\n<div class=\"col-lg-4 col-md-6 bloc-egal\"><a class=\"card-anunt\" href=\"https:\/\/ziaruldevrancea.ro\/anunturi\/altele\/anulare-acte\/vand-scrumbii-afumate-capturi-dunare\"><strong class=\"titlu\">Vanzari diverse<\/strong><span class=\"text-anunt\">Pret : 117 lei \/ kg . \u00a0 Este&#8230;<\/span><span class=\"data-anunt\">29.07.2026 , Gala\u021bi , Gala\u021bi<\/span><\/a><\/div>\n<div class=\"col-lg-4 col-md-6 bloc-egal\"><a class=\"card-anunt\" href=\"https:\/\/ziaruldevrancea.ro\/anunturi\/necrolog\/decese\/dumnezeu-sa-o-aseze-in-randul-celor-drepti\"><strong class=\"titlu\">Decese<\/strong><span class=\"text-anunt\">Cu profund\u0103 durere, familia anun\u021b\u0103 trecerea la&#8230;<\/span><span class=\"data-anunt\">28.07.2026  <\/span><\/a><\/div>\n<\/div>\n<\/div>\n<div class=\"extra-articol alte-articole\">\n<div class=\"row\">\n<div class=\"col-lg-6 bloc-egal\">\n<div class=\"card articol-listing\">\n<h6>\u00cen categoria <a href=\"https:\/\/ziaruldevrancea.ro\/special\/sport\">Sport<\/a><\/h6>\n<div class=\"grup-articol-listing\">\n<div class=\"cont-pils\"><a href=\"https:\/\/ziaruldevrancea.ro\/special\/sport\/vrancea-urca-pe-podium-la-cupa-buzaului-2026.-aeromodelistii-centrului-cultural-vrancea-au-obtinut-mai-multe-clasari-pe-primele-locuri\"><img decoding=\"async\" src=\"https:\/\/zdvi.cname.ro\/180_135\/special\/sport\/vrancea-urca-pe-podium-la-cupa-buzaului-2026.-aeromodelistii-centrului-cultural-vrancea-au-obtinut-mai-multe-clasari-pe-primele-locuri\/mediaPool\/uTSRN1O.jpg\" class=\"img-responsive img-180\" alt><\/a><\/div>\n<h2><a class=\"link-titlu\" href=\"https:\/\/ziaruldevrancea.ro\/special\/sport\/vrancea-urca-pe-podium-la-cupa-buzaului-2026.-aeromodelistii-centrului-cultural-vrancea-au-obtinut-mai-multe-clasari-pe-primele-locuri\">Vrancea urc\u0103 pe podium la \u201eCupa Buz\u0103ului\u201d 2026. Aeromodeli\u0219tii Centrului Cultural Vrancea au ob\u021binut mai multe clas\u0103ri pe primele locuri<\/a><\/h2>\n<div class=\"date-post\"><a href=\"https:\/\/ziaruldevrancea.ro\/autor\/eduard-dascalu\">Eduard Dasc\u0103lu<\/a>, 30 iul 2026  <\/div>\n<\/div>\n<div class=\"grup-articol-listing\">\n<div class=\"cont-pils\"><a href=\"https:\/\/ziaruldevrancea.ro\/special\/sport\/csm-adjud-1946-incepe-cu-dreptul-noul-sezon-victorie-clara-la-ramnicu-sarat-si-calificare-in-turul-ii-al-cupei-romaniei\"><img decoding=\"async\" src=\"https:\/\/zdvi.cname.ro\/180_135\/special\/sport\/csm-adjud-1946-incepe-cu-dreptul-noul-sezon-victorie-clara-la-ramnicu-sarat-si-calificare-in-turul-ii-al-cupei-romaniei\/mediaPool\/u4RvUpU.jpg\" class=\"img-responsive img-180\" alt><\/a><\/div>\n<h2><a class=\"link-titlu\" href=\"https:\/\/ziaruldevrancea.ro\/special\/sport\/csm-adjud-1946-incepe-cu-dreptul-noul-sezon-victorie-clara-la-ramnicu-sarat-si-calificare-in-turul-ii-al-cupei-romaniei\">CSM Adjud 1946 \u00eencepe cu dreptul noul sezon: victorie clar\u0103 la R\u00e2mnicu S\u0103rat \u0219i calificare \u00een Turul II al Cupei Rom\u00e2niei<\/a><\/h2>\n<div class=\"date-post\"><a href=\"https:\/\/ziaruldevrancea.ro\/autor\/eduard-dascalu\">Eduard Dasc\u0103lu<\/a>, 29 iul 2026  <\/div>\n<\/div>\n<div class=\"grup-articol-listing\">\n<div class=\"cont-pils\"><a href=\"https:\/\/ziaruldevrancea.ro\/special\/sport\/arhitectul-ion-daniel-munteanu-din-odobesti-va-reprezenta-romania-la-campionatul-european-de-biliard\"><img decoding=\"async\" src=\"https:\/\/zdvi.cname.ro\/180_135\/special\/sport\/arhitectul-ion-daniel-munteanu-din-odobesti-va-reprezenta-romania-la-campionatul-european-de-biliard\/mediaPool\/uczCuyL.jpg\" class=\"img-responsive img-180\" alt><\/a><\/div>\n<h2><a class=\"link-titlu\" href=\"https:\/\/ziaruldevrancea.ro\/special\/sport\/arhitectul-ion-daniel-munteanu-din-odobesti-va-reprezenta-romania-la-campionatul-european-de-biliard\">Arhitectul Ion Daniel Munteanu din Odobe\u0219ti va reprezenta Rom\u00e2nia la Campionatul European de Biliard<\/a><\/h2>\n<div class=\"date-post\"><a href=\"https:\/\/ziaruldevrancea.ro\/autor\/eduard-dascalu\">Eduard Dasc\u0103lu<\/a>, 29 iul 2026  <\/div>\n<\/div>\n<\/div>\n<\/div>\n<div class=\"col-lg-6 bloc-egal\">\n<div class=\"card articol-listing\">\n<h6>De acela\u0219i <a href=\"https:\/\/ziaruldevrancea.ro\/autor\/eduard-dascalu\/\">autor<\/a><\/h6>\n<div class=\"grup-articol-listing\">\n<div class=\"cont-pils\"><a href=\"https:\/\/ziaruldevrancea.ro\/promo\/brand-voice\/bazinul-de-inot-din-focsani-isi-amana-redeschiderea-pana-pe-8-august\"><img decoding=\"async\" src=\"https:\/\/zdvi.cname.ro\/180_135\/promo\/brand-voice\/bazinul-de-inot-din-focsani-isi-amana-redeschiderea-pana-pe-8-august\/mediaPool\/uZJhRn5.jpg\" class=\"img-responsive img-180\" alt><\/a><\/div>\n<h2><a class=\"link-titlu\" href=\"https:\/\/ziaruldevrancea.ro\/promo\/brand-voice\/bazinul-de-inot-din-focsani-isi-amana-redeschiderea-pana-pe-8-august\">Bazinul de \u00cenot din Foc\u0219ani \u00ee\u0219i am\u00e2n\u0103 redeschiderea p\u00e2n\u0103 pe 8 august<\/a><\/h2>\n<div class=\"date-post\"><a href=\"https:\/\/ziaruldevrancea.ro\/autor\/eduard-dascalu\">Eduard Dasc\u0103lu<\/a>, 30 iul 2026  <\/div>\n<\/div>\n<div class=\"grup-articol-listing\">\n<div class=\"cont-pils\"><a href=\"https:\/\/ziaruldevrancea.ro\/promo\/brand-voice\/clubul-de-fitness-city-gym-din-focsani-intra-intr-o-retea-nationala\"><img decoding=\"async\" src=\"https:\/\/zdvi.cname.ro\/180_135\/promo\/brand-voice\/clubul-de-fitness-city-gym-din-focsani-intra-intr-o-retea-nationala\/mediaPool\/unOJ3Dk.jpg\" class=\"img-responsive img-180\" alt><\/a><\/div>\n<h2><a class=\"link-titlu\" href=\"https:\/\/ziaruldevrancea.ro\/promo\/brand-voice\/clubul-de-fitness-city-gym-din-focsani-intra-intr-o-retea-nationala\">Clubul de fitness City Gym din Foc\u0219ani intr\u0103 \u00eentr-o re\u021bea na\u021bional\u0103<\/a><\/h2>\n<div class=\"date-post\"><a href=\"https:\/\/ziaruldevrancea.ro\/autor\/eduard-dascalu\">Eduard Dasc\u0103lu<\/a>, 30 iul 2026  <\/div>\n<\/div>\n<div class=\"grup-articol-listing\">\n<div class=\"cont-pils\"><a href=\"https:\/\/ziaruldevrancea.ro\/promo\/brand-voice\/cum-schimba-platformele-all-in-one-obiceiurile-jucatorilor-din-romania\"><img decoding=\"async\" src=\"https:\/\/zdvi.cname.ro\/180_135\/promo\/brand-voice\/cum-schimba-platformele-all-in-one-obiceiurile-jucatorilor-din-romania\/mediaPool\/uYeLDkW.jpg\" class=\"img-responsive img-180\" alt><\/a><\/div>\n<h2><a class=\"link-titlu\" href=\"https:\/\/ziaruldevrancea.ro\/promo\/brand-voice\/cum-schimba-platformele-all-in-one-obiceiurile-jucatorilor-din-romania\">Cum schimb\u0103 platformele all-in-one obiceiurile juc\u0103torilor din Rom\u00e2nia<\/a><\/h2>\n<div class=\"date-post\"><a href=\"https:\/\/ziaruldevrancea.ro\/autor\/eduard-dascalu\">Eduard Dasc\u0103lu<\/a>, 28 iul 2026  <\/div>\n<\/div>\n<\/div>\n<\/div>\n<\/div>\n<\/div>\n<div class=\"extra-articol listing-anunturi\">\n<h6>Anun\u021buri <span class=\"text-primary\">ZdV<\/span> Premium<\/h6>\n<div class=\"row\">\n<div class=\"col-lg-4 col-md-6 bloc-egal\"><a class=\"card-anunt\" href=\"https:\/\/ziaruldevrancea.ro\/anunturi\/imobiliare\/vanzari-case\/vand-casa-si-teren-in-panciu-anunt-72818\"><strong class=\"titlu\">V\u00e2nz\u0103ri case<\/strong><span class=\"text-anunt\">V\u00e2nd cas\u0103 cu 2 camere, buc\u0103t\u0103rie, baie,&#8230;<\/span><span class=\"data-anunt\">23.07.2026  <\/span><\/a><\/div>\n<div class=\"col-lg-4 col-md-6 bloc-egal\"><a class=\"card-anunt\" href=\"https:\/\/ziaruldevrancea.ro\/anunturi\/angajari\/cereri-angajari\/doresc-angajare-anunt-72815\"><strong class=\"titlu\">Cereri<\/strong><span class=\"text-anunt\">Doresc s\u0103 am grij\u0103 de un copil de gradini\u021b\u0103&#8230;<\/span><span class=\"data-anunt\">21.07.2026  <\/span><\/a><\/div>\n<div class=\"col-lg-4 col-md-6 bloc-egal\"><a class=\"card-anunt\" href=\"https:\/\/ziaruldevrancea.ro\/anunturi\/inchirieri\/locuinte-oferte\/primesc-in-gazda-anunt-72816\"><strong class=\"titlu\">Locuin\u021be oferte<\/strong><span class=\"text-anunt\">\u00a0Primesc \u00een gazd\u0103 la cas\u0103.<\/p>\n<p>Tel&#8230;.<\/span><span class=\"data-anunt\">21.07.2026  <\/span><\/a><\/div>\n<\/div>\n<\/div>\n<div class=\"bloc-widget widget-albastru\">\n    Ziarul de Vrancea \u00a0nu este responsabil juridic pentru con\u0163inutul textelor din comentariile de mai jos. Responsabilitatea pentru mesajele dumneavoastra v\u0103 revine \u00een exclusivitate.\n<\/div>\n<div class=\"comentarii-articol\" id=\"comentarii\">\n<h3>Comentarii: <span class=\"text-primary\">0<\/span><\/h3>\n<p><a href=\"https:\/\/ziaruldevrancea.ro\/special\/sport\/patru-tineri-baschetbalisti-din-vrancea-convocati-la-loturile-nationale-ale-romaniei.-premiera-pentru-lps-focsani\" class=\"btn btn-success btn-adauga-com\" data-toggle=\"modal\" data-parent=\"0\" data-target=\"#commentModal\">Adaug\u0103 comentariu<\/a><\/p>\n<div class=\"loadMask comments-mask\"><img decoding=\"async\" src=\"https:\/\/zdvs.cname.ro\/images\/loader_40.gif\"><\/div>\n<div class=\"comenteaza-jos\">Trebuie s\u0103 fii <a href=\"https:\/\/ziaruldevrancea.ro\/account\">autentificat<\/a> pentru a putea <a href=\"https:\/\/ziaruldevrancea.ro\/special\/sport\/patru-tineri-baschetbalisti-din-vrancea-convocati-la-loturile-nationale-ale-romaniei.-premiera-pentru-lps-focsani\" class data-toggle=\"modal\" data-parent=\"0\" data-target=\"#commentModal\">posta un comentariu<\/a>.<\/div>\n<\/div>\n<div class=\"modal fade\" id=\"commentModal\" role=\"dialog\" aria-labelledby=\"commentModalLabel\">\n<div class=\"modal-dialog modal-lg\" role=\"document\">\n<div class=\"modal-content\">\n<div class=\"modal-header\">\n<h3 class=\"modal-title\" id=\"commentModalLabel\">Comenteaz\u0103<\/h3>\n<\/div>\n<div class=\"modal-body\">\n<div class=\"tabel tabel-full\">\n<div class=\"celula\">\n              Trebuie s\u0103 fii <a href=\"https:\/\/ziaruldevrancea.ro\/account\">autentificat<\/a> pentru a putea posta un comentariu.\n            <\/div>\n<\/div>\n<\/div>\n<div class=\"modal-footer\">\n<div id=\"commentPending\" class=\"formPending pull-left\"><img decoding=\"async\" src=\"https:\/\/zdvs.cname.ro\/images\/loader_40.gif\"> In curs de procesare&#8230;<\/div>\n<p><a href=\"https:\/\/ziaruldevrancea.ro\/special\/sport\/patru-tineri-baschetbalisti-din-vrancea-convocati-la-loturile-nationale-ale-romaniei.-premiera-pentru-lps-focsani\" class=\"btn btn-default\" data-dismiss=\"modal\">Anuleaz\u0103<\/a><\/div>\n<\/div>\n<\/div>\n<\/div>\n<div class=\"modal fade\" id=\"commentReportModal\" role=\"dialog\" aria-labelledby=\"commentReportModalLabel\">\n<div class=\"modal-dialog modal-lg\" role=\"document\">\n<div class=\"modal-content\">\n<div class=\"modal-header\">\n<h3 class=\"modal-title\" id=\"commentReportModalLabel\">Raporteaza comentariu<\/h3>\n<\/div>\n<div class=\"modal-body\">\n<div class=\"tabel tabel-full\">\n<div class=\"celula\">\n              Trebuie s\u0103 fii <a href=\"https:\/\/ziaruldevrancea.ro\/account\">autentificat<\/a> pentru a putea raporta un comentariu.\n            <\/div>\n<\/div>\n<\/div>\n<div class=\"modal-footer\">\n<div id=\"commentReportPending\" class=\"formPending pull-left\"><img decoding=\"async\" src=\"https:\/\/zdvs.cname.ro\/images\/loader_40.gif\"> In curs de procesare&#8230;<\/div>\n<p><a href=\"https:\/\/ziaruldevrancea.ro\/special\/sport\/patru-tineri-baschetbalisti-din-vrancea-convocati-la-loturile-nationale-ale-romaniei.-premiera-pentru-lps-focsani\" class=\"btn btn-default\" data-dismiss=\"modal\">Anuleaz\u0103<\/a><\/div>\n<\/div>\n<\/div>\n<\/div>\n<div class=\"modal fade\" id=\"commentLikeModal\" role=\"dialog\" aria-labelledby=\"commentLikeModalLabel\">\n<div class=\"modal-dialog modal-lg\" role=\"document\">\n<div class=\"modal-content\">\n<div class=\"modal-header\">\n<h3 class=\"modal-title\" id=\"commentReportModalLabel\">Apreciaza comentariu<\/h3>\n<\/div>\n<div class=\"modal-body\">\n<div class=\"tabel tabel-full\">\n<div class=\"celula\">\n            Trebuie s\u0103 fii <a href=\"https:\/\/ziaruldevrancea.ro\/account\">autentificat<\/a> pentru a putea aprecia un comentariu.\n          <\/div>\n<\/div>\n<\/div>\n<div class=\"modal-footer\"><a href=\"https:\/\/ziaruldevrancea.ro\/special\/sport\/patru-tineri-baschetbalisti-din-vrancea-convocati-la-loturile-nationale-ale-romaniei.-premiera-pentru-lps-focsani\" class=\"btn btn-default\" data-dismiss=\"modal\">Anuleaz\u0103<\/a><\/div>\n<\/div>\n<\/div>\n<\/div>\n<div class=\"bloc-widget widget-rosu\"><span><small>Ziarul de Vrancea doreste ca acest site sa fie un spatiu al discutiilor civilizate, al comentariilor de bun simt. Din acest motiv, cei care posteaza comentarii la articole trebuie sa respecte urmatoarele reguli:<br \/>\n1. Sa se refere doar la articolul la care posteaza comentarii.<br \/>\n2. Sa foloseasca un limbaj civilizat, fara injurii, calomnii, comentarii antisemite, xenofobe sau rasiste.<br \/>\n3. Sunt interzise atacurile la adresa autorilor, daca acestea nu au legatura cu textul.<br \/>\n4. Username-ul sa nu fie nume de personalitati ale vietii publice sau parodieri ale acestora.<br \/>\nAutorul unui articol poate fi criticat pentru eventuale greseli, incoerenta, lipsa de documentare etc.<br \/>\nNerespectarea regulilor mentionate mai sus va duce la stergerea comentariilor, fara avertisment si fara explicatii.<br \/>\nAbaterile repetate vor avea drept consecinta interdictia accesului la aceasta facilitate a site-ului.<\/small><\/span><\/div>\n<\/div>\n<p>[analyse_source url=&#8221;https:\/\/ziaruldevrancea.ro\/special\/sport\/patru-tineri-baschetbalisti-din-vrancea-convocati-la-loturile-nationale-ale-romaniei.-premiera-pentru-lps-focsani&#8221;]<\/p>\n","protected":false},"excerpt":{"rendered":"<p>[analyse_image type=&#8221;featured&#8221; src=&#8221;https:\/\/zdvi.cname.ro\/_\/patru-tineri-baschetbalisti-din-vrancea-convocati-la-loturile-nationale-ale-romaniei.-premiera-pentru-lps-focsani\/mediaPool\/uYWL2Dw.jpeg&#8221;] Sport Patru tineri baschetbali\u0219ti din Vrancea, convoca\u021bi la loturile na\u021bionale ale Rom\u00e2niei. Premier\u0103 pentru LPS Foc\u0219ani Distribuie: \u00a0 | Eduard Dasc\u0103lu 29 iul 2026604 vizualiz\u0103ri PreviousNext Baschetul juvenil vr\u00e2ncean confirm\u0103 din nou. Patru sportivi ai Liceului cu Program Sportiv Foc\u0219ani au fost selec\u021biona\u021bi pentru ac\u021biunile loturilor na\u021bionale U15 \u0219i U16, urm\u00e2nd s\u0103 [&hellip;]<\/p>\n","protected":false},"author":1,"featured_media":0,"comment_status":"open","ping_status":"","sticky":false,"template":"","format":"standard","meta":{"footnotes":""},"categories":[89],"tags":[226,208],"class_list":["post-2070094","post","type-post","status-publish","format-standard","hentry","category-romania","tag-crawlmanager","tag-ziaruldevrancea-ro"],"_links":{"self":[{"href":"https:\/\/analyse.optim.biz\/index.php?rest_route=\/wp\/v2\/posts\/2070094","targetHints":{"allow":["GET"]}}],"collection":[{"href":"https:\/\/analyse.optim.biz\/index.php?rest_route=\/wp\/v2\/posts"}],"about":[{"href":"https:\/\/analyse.optim.biz\/index.php?rest_route=\/wp\/v2\/types\/post"}],"author":[{"embeddable":true,"href":"https:\/\/analyse.optim.biz\/index.php?rest_route=\/wp\/v2\/users\/1"}],"replies":[{"embeddable":true,"href":"https:\/\/analyse.optim.biz\/index.php?rest_route=%2Fwp%2Fv2%2Fcomments&post=2070094"}],"version-history":[{"count":0,"href":"https:\/\/analyse.optim.biz\/index.php?rest_route=\/wp\/v2\/posts\/2070094\/revisions"}],"wp:attachment":[{"href":"https:\/\/analyse.optim.biz\/index.php?rest_route=%2Fwp%2Fv2%2Fmedia&parent=2070094"}],"wp:term":[{"taxonomy":"category","embeddable":true,"href":"https:\/\/analyse.optim.biz\/index.php?rest_route=%2Fwp%2Fv2%2Fcategories&post=2070094"},{"taxonomy":"post_tag","embeddable":true,"href":"https:\/\/analyse.optim.biz\/index.php?rest_route=%2Fwp%2Fv2%2Ftags&post=2070094"}],"curies":[{"name":"wp","href":"https:\/\/api.w.org\/{rel}","templated":true}]}}