{"id":2070090,"date":"2026-07-29T00:00:00","date_gmt":"2026-07-28T21:00:00","guid":{"rendered":"https:\/\/analyse.optim.biz\/?p=2070090"},"modified":"2026-07-29T00:00:00","modified_gmt":"2026-07-28T21:00:00","slug":"mozaic-stiri-internationale-trump-anunta-ca-va-lovi-puternic-iranul","status":"publish","type":"post","link":"https:\/\/analyse.optim.biz\/?p=2070090","title":{"rendered":"MOZAIC \u0218TIRI INTERNA\u021aIONALE: Trump anun\u0163\u0103 c\u0103 va lovi \u201eputernic\u201d Iranul"},"content":{"rendered":"<p>[analyse_image type=&#8221;featured&#8221; src=&#8221;https:\/\/zdvi.cname.ro\/_\/mozaic-stiri-internationale-trump-anunta-ca-va-lovi-puternic-iranul\/mediaPool\/ukbtAx9.jpeg&#8221;]<\/p>\n<div class=\"main-content detaliu-articol\"><a class=\"titlu-cat-list\" href=\"https:\/\/ziaruldevrancea.ro\/actualitatea\/international\">Interna\u021bional<\/a><\/p>\n<h1>MOZAIC \u0218TIRI INTERNA\u021aIONALE: Trump anun\u0163\u0103 c\u0103 va lovi \u201eputernic\u201d Iranul<\/h1>\n<div class=\"date-articol clearfix\">\n<div class=\"distribuie-articol dropdown\">\n    Distribuie: \u00a0<br \/>\n    <em>|<\/em><\/div>\n<div class=\"autor-articol\"><a href=\"https:\/\/ziaruldevrancea.ro\/autor\/radu-tomescu\/\"><img decoding=\"async\" class=\"img-circle\" src=\"https:\/\/zdvi.cname.ro\/50_50\/articleAuthor\/radu-tomescu\/articleAuthor\/ucx2Ggg.PNG\" alt><\/a><\/p>\n<h5><a href=\"https:\/\/ziaruldevrancea.ro\/autor\/radu-tomescu\/\">Radu Tomescu<\/a><\/h5>\n<div class=\"grup-spatiere\"><span class=\"cu-spatiere\">29 iul 2026<\/span><span class=\"cu-spatiere\">88 vizualiz\u0103ri<\/span><\/div>\n<\/div>\n<\/div>\n<div class=\"poza-mare\"><a href class=\"openGallery\"><img decoding=\"async\" class=\"img-responsive\" src=\"https:\/\/zdvi.cname.ro\/850_530\/mozaic-stiri-internationale-trump-anunta-ca-va-lovi-puternic-iranul\/article\/mediaPool\/ukbtAx9.jpeg\" alt><\/a><\/div>\n<p>Pre\u015fedintele american Donald Trump a anun\u0163at miercuri c\u0103 Statele Unite vor lovi \u201eputernic\u201d Iranul \u00een urma unor tiruri iraniene viz\u00e2nd baze americane \u00een Iordania &#8211; relans\u00e2nd dup\u0103 c\u00e2teva zile de acalmie R\u0103zboiul din Orientul Mijlociu, care se extinde, relateaz\u0103 AFP.<\/p>\n<p>Armata american\u0103 a anun\u0163at c\u0103 a interceptat rachete provenind din Iran care-i vizau for\u0163ele &#8220;cu baza \u00een Orientul Mijlociu&#8221;. Televiziunea iranian\u0103 a anun\u0163at apoi atacuri americane \u00een nord-vestul Iranului.<\/p>\n<p>Aceast\u0103 reluare a ostilit\u0103\u0163ilor &#8211; suspendate de s\u00e2mb\u0103t\u0103 &#8211; a relansat \u00eengrijor\u0103ri cu privire la aprovizionarea cu petrol. \u201e\u00cei vom lovi puternic. Vor \u00eencasa b\u0103taie&#8221;, a declarat pre\u015fedintele american, citat de c\u0103tre un jurnalist de la postul Fox News.<\/p>\n<p>Iordania, aliata Washingtonului \u015fi \u0163inta Iranului, a anun\u0163at miercuri c\u0103 a dobor\u00e2t cinci rachete dinspre Iran. Gardienii Revolu\u0163iei, o for\u0163\u0103 armat\u0103 iranian\u0103 puternic\u0103, au revendicat un atac cu rachet\u0103 \u00eempotriva unei &#8220;baze aeriene \u015fi centrului Comandamentului Central al Statelor Unite&#8221;.<\/p>\n<p>Washingtonul a anun\u0163at, la r\u00e2ndul s\u0103u, atacuri \u00een Irak \u00eempotriva unor grup\u0103ri armate proiraniene, desf\u0103\u015furate \u00een comun cu Arabia Saudit\u0103, vizat\u0103 mai \u00eenainte de rachete provenind de pe teritoriul irakian.<\/p>\n<p>Aceste atacuri &#8211; \u00een mai multe ora\u015fe din Irak &#8211; s-au soldat cu 20 de mor\u0163i &#8211; inclusiv cinci iranieni &#8211; \u015fi 32 de r\u0103ni\u0163i \u00een r\u00e2ndul Hashd al-Shaabi, a anun\u0163at aceast\u0103 re\u0163ea de fac\u0163iuni majoritar \u015fiite, integrat\u0103 \u00een For\u0163ele Armate irakiene, din care fac parte grup\u0103ri proiraniene.<\/p>\n<p>Aceast\u0103 coali\u0163ie a denun\u0163at o &#8220;escaladare periculoas\u0103&#8221;. Trump a declarat, potrivit jurnalistului de la Fox News, c\u0103 atacurile erau &#8220;coordonate cu Guvernul irakian&#8221;, \u00eens\u0103 pre\u015fedin\u0163ia irakian\u0103 a denun\u0163at o &#8220;\u00eenc\u0103lcare flagrant\u0103 a suveranit\u0103\u0163ii Irakului&#8221;.<\/p>\n<p>Consiliul Ministerial irakian de Securitate Na\u0163ional\u0103 a anun\u0163at dup\u0103 aceea c\u0103 a adoptat &#8220;un plan de securitate global (&#8230;) pentru a \u00eenfrunta orice \u00eenc\u0103lcare a suveranit\u0103\u0163ii Irakului \u015fi \u00eempiedica orice entitate s\u0103 foloseasc\u0103 teritoriul irakian pentru a amenin\u0163a state vecine&#8221;.<\/p>\n<p>Grup\u0103rile proiraniene din Irak au dezmin\u0163it c\u0103 se afl\u0103 la originea tirurilor care au vizat instala\u0163ii petroliere \u00een estul Arabiei Saudite. &#8220;Avioane americane \u015fi saudite de lupt\u0103 au lovit mai multe instala\u0163ii logistice \u015fi de armament teroriste \u00een estul Irakului&#8221;, a anun\u0163at Comandamentul Militar american pentru Orientul Mijlociu (CENTCOM).<\/p>\n<p>Teheranul a condamnat atacurile \u00een Irakul vecin. Televiziunea iranian\u0103 de stat a anun\u0163at miercuri seara bombardamente americane \u00eentr-un ora\u015f de la frontiera cu Irakul. La Teheran, locuitorii se declarau s\u0103tui.<\/p>\n<p>&#8220;Nu \u015ftim cu adev\u0103rat dac\u0103 suntem \u00een r\u0103zboi sau pace (&#8230;). Ceea ce v\u0103d eu este o popula\u0163ie profund descurajat\u0103 \u015fi deprimat\u0103&#8221;, declar\u0103 AFP o pensionar\u0103, Golrokh, \u00een v\u00e2rst\u0103 de 60 de ani. \u00cenaintea acestor ultime schimburi de atacuri, R\u0103zboiul dintre Iran \u015fi Statele Unite s-a extins pe alt front, care a r\u0103mas relativ calm din 2022, \u00een care rebeli huthi din Yemen lupt\u0103 \u00eempotriva Arabiei Saudite.<\/p>\n<p>Riadul sus\u0163ine militar Guvernul din Yemen \u00eempotriva huthi, sus\u0163inu\u0163i de Iran. Rebelii au anun\u0163at mar\u0163i c\u0103 au atacat cu rachete un petrolier saudit la Marea Ro\u0163ie, pe carel-au acuzat de faptul c\u0103 a &#8220;\u00eenc\u0103lcat blocada naval\u0103&#8221; cu care amenin\u0163\u0103 regatul saudit, primul exportator de petrol brut \u00een lume.<\/p>\n<p><strong>\u201eR\u0103zboi cu procur\u0103\u201d<\/strong><\/p>\n<p>&#8220;Teheranul \u00ee\u015fi folose\u015fte de-acum re\u0163eaua din umbr\u0103 (proxy) (&#8230;). R\u0103zboiul cu procur\u0103 este continuarea r\u0103zboiului direct prin alte mijloace \u015fi el este desf\u0103\u015furat cu coeren\u0163\u0103 strategic\u0103 considerabil\u0103&#8221;, declar\u0103 AFP un analist \u015fi cercet\u0103tor saudit specializat \u00een probleme de securitate, Hesham Alghannam.<\/p>\n<p>Guvernul din Yemen i-a acuzat miercuri pe huthi de faptul c\u0103 vor s\u0103 impun\u0103 taxe de trecere navelor care tranziteaz\u0103 pe la Marea Ro\u015fie \u015fi prin Str\u00e2mtoarea Bab el-Mandeb, o trec\u0103toare situat\u0103 \u00een sudul extrem al \u0163\u0103rii. Arabia Saudit\u0103 conteaz\u0103 pe Marea Ro\u015fie pentru a-\u015fi continua exporturile, \u00een timp ce Iranul \u00eenchide din nou Str\u00e2mtoarea strategic\u0103 Ormuz, de cealalt\u0103 parte a peninsulei.<\/p>\n<p>Gardienii iranieni ai Revolu\u0163iei au anun\u0163at miercuri c\u0103 au lovit \u015fi oprit trei petroliere care \u00eencercau s\u0103 traverseze Str\u00e2mtoarea Ormuz, traversat\u0103 \u00eenainte de r\u0103zboi de 20% din petrolul \u015fi gazele naturale lichefiate (GNL) din lume. Washingtonul anun\u0163a s\u0103pt\u0103m\u00e2na trecut\u0103 c\u0103 vrea &#8220;s\u0103 lase loc negocierilor&#8221; cu iranienii, printr-o &#8220;pauz\u0103&#8221; \u00een ostilit\u0103\u0163i.<\/p>\n<p>Noile atacuri de miercuri au intervenit la o zi dup\u0103 o vizit\u0103 la Washington a premierului israelian Benjamin Netanyahu, care a fost primit de c\u0103tre Donald Trump pentru prima oar\u0103 dup\u0103 ce au lansat R\u0103zboiul din Iran, la 28 februarie, degenerat \u00een R\u0103zboiul din Orientul Mijlociu.<\/p>\n<p><strong>Fostul ministru ucrainean al Ap\u0103r\u0103rii spune c\u0103 schimb\u0103rile \u00een sistemul de achizi\u0163ii militare au dus la demiterea sa<\/strong><\/p>\n<p>Fostul ministru ucrainean al Ap\u0103r\u0103rii, Mihailo Fedorov, a declarat, \u00eentr-un interviu publicat miercuri, c\u0103 eforturile sale de a reforma sistemul de achizi\u0163ii al armatei au fost principalul motiv pentru care a fost demis \u00een aceast\u0103 lun\u0103, \u00een cadrul unei ample remanieri politice \u015fi militare.<\/p>\n<p>Fedorov, un expert \u00een tehnologie considerat de mul\u0163i un promotor al schimb\u0103rii \u00een r\u0103zboiul de aproape patru ani \u015fi jum\u0103tate \u00eempotriva Rusiei, a declarat pentru publica\u0163ia Ukrainska Pravda c\u0103 reformele propuse au \u00eent\u00e2mpinat rezisten\u0163\u0103 din partea unor oficiali din interiorul \u015fi din jurul Ministerului Ap\u0103r\u0103rii. &#8220;Motivul este legat de achizi\u0163ii, licita\u0163ii \u015fi de faptul c\u0103 am \u00eenceput s\u0103 reform\u0103m procesele din acest domeniu&#8221;, a declarat Fedorov, \u00een v\u00e2rst\u0103 de 35 de ani. &#8220;Acest lucru a provocat o nemul\u0163umire semnificativ\u0103 \u00een r\u00e2ndul multor persoane, care au \u00eenceput apoi s\u0103 exercite constant presiuni \u015fi s\u0103 r\u0103sp\u00e2ndeasc\u0103 informa\u0163ii negative, nu doar \u00een jurul pre\u015fedintelui, ci \u015fi \u00een spa\u0163iul public&#8221;, a sus\u0163inut el.<\/p>\n<p>Fedorov, care a ocupat func\u0163ia timp de \u015fase luni, a spus c\u0103 primul s\u0103u obiectiv dup\u0103 preluarea mandatului a fost introducerea unui sistem de licita\u0163ii pentru achizi\u0163iile militare. &#8220;Sarcina noastr\u0103 a fost s\u0103 rezolv\u0103m c\u00e2t mai rapid cauza principal\u0103 a problemei&#8221;, a afirmat el. &#8220;\u00cen primul r\u00e2nd, s\u0103 lans\u0103m licita\u0163iile. \u00cen al doilea r\u00e2nd, s\u0103 restructur\u0103m sistemul de conducere al Ministerului Ap\u0103r\u0103rii \u015fi s\u0103 alegem oamenii care lucreaz\u0103 acolo \u00een func\u0163ie de obiectivele cu care am venit&#8221;, a ad\u0103ugat el.<\/p>\n<p>El a spus c\u0103 a sim\u0163it presiuni &#8220;din toate p\u0103r\u0163ile&#8221;. &#8220;Asta \u00eensemna c\u0103 trebuia pur \u015fi simplu s\u0103 reconstruie\u015fti funda\u0163ia sistemului, iar problema urma s\u0103 fie rezolvat\u0103&#8221;, a explicat Fedorov.<\/p>\n<p>El a fost \u00eenl\u0103turat din guvernul pre\u015fedintelui Volodimir Zelenski \u015fi \u00eenlocuit de Evgheni Hmara, fost \u015fef al Serviciului de Securitate al Ucrainei (SBU), \u00een cadrul unei remanieri care a inclus \u015fi demiterea premierului Iulia Sv\u00eer\u00eedenko.<\/p>\n<p>Sus\u0163in\u0103torii s\u0103i au eviden\u0163iat rolul pe care l-a avut \u00een schimbarea raportului de for\u0163e pe c\u00e2mpul de lupt\u0103 \u00een favoarea Ucrainei, prin loviturile lansate asupra infrastructurii ruse. Demiterea sa a declan\u015fat mai multe zile de proteste, participan\u0163ii cer\u00e2nd reinstalarea sa \u00een func\u0163ie. Zelenski a declarat c\u0103 Fedorov se afla \u00een conflict cu comandantul-\u015fef al armatei, Oleksandr S\u00eerski, care a fost, de asemenea, ulterior demis.<\/p>\n<p>Fedorov a spus c\u0103 Zelenski l-a informat despre demiterea sa cu mai pu\u0163in de o or\u0103 \u00eenaintea unei reuniuni a grupului parlamentar al partidului preziden\u0163ial Slujitorul Poporului. El a negat \u00eens\u0103 existen\u0163a unui conflict personal cu S\u00eerski.<\/p>\n<p>&#8220;A fost mai degrab\u0103 un conflict de viziune. Noi aveam o anumit\u0103 perspectiv\u0103 asupra modului \u00een care trebuie purtat r\u0103zboiul&#8221;, consider\u0103 el. &#8220;Noi, ca Minister al Ap\u0103r\u0103rii, nu am blocat nicio decizie a Statului Major General sau a comandantului-\u015fef&#8221;, a sus\u0163inut el.<\/p>\n<p><strong>Sondaj: Trump pierde accelerat sprijin \u00een r\u00e2ndul americanilor<\/strong><\/p>\n<p>Un procent record de 73% dintre americani consider\u0103 c\u0103 pre\u0219edintele Donald Trump nu a reu\u0219it s\u0103 rezolve problemele cele mai urgente ale SUA, o nemul\u021bumire larg r\u0103sp\u00e2ndit\u0103 inclusiv \u00een r\u00e2ndul republicanilor, al c\u0103ror sprijin pentru el a sc\u0103zut la un nou minim, potrivit unui sondaj CNN publicat miercuri.<\/p>\n<p>Sondajul, efectuat pe un e\u0219antion reprezentativ de 1.225 de persoane, relev\u0103 c\u0103 numai 27% dintre cei chestiona\u021bi cred c\u0103 Trump a avut priorit\u0103\u021bile corecte \u00een perioada scurs\u0103 de la \u00eenceputul celui de-al doilea mandat, impresie care vine pe fondul r\u0103zboiului nepopular \u00eempotriva Iranului \u0219i a cre\u0219terii pre\u021burilor la combustibili \u0219i alimente.<\/p>\n<p>Pe ansamblu, rata de aprobare fa\u021b\u0103 de Trump este de 34%, egal\u00e2nd minimul istoric \u00eenregistrat la sf\u00e2r\u0219itul primului s\u0103u mandat (2017-2021), dup\u0103 ce sus\u021bin\u0103torii s\u0103i au luat atunci cu asalt Capitoliul pentru a \u00eencerca s\u0103 blocheze validarea victoriei democratului Joe Biden la alegerile preziden\u021biale din 2020. Jum\u0103tate dintre americanii chestiona\u021bi dezaprob\u0103 categoric modul \u00een care pre\u0219edintele gestioneaz\u0103 problemele \u021b\u0103rii, o rat\u0103 a dezaprob\u0103rii ajuns\u0103 astfel la cel mai ridicat nivel al pre\u0219edin\u021biei sale.<\/p>\n<p>Concomitent, rata sa de aprobare a sc\u0103zut la un minim istoric de 15%. \u00cen r\u00e2ndul membrilor propriului partid, Trump se bucur\u0103 de un sprijin de 78%, un nou minim pentru un politician care se laud\u0103 cu o sus\u021binere puternic\u0103 printre sus\u021bin\u0103torii s\u0103i. De asemenea, numai 19% dintre aleg\u0103torii republicani privesc cu entuziasm perioada r\u0103mas\u0103 din acest al doilea \u0219i ultim mandat preziden\u021bial al s\u0103u, o sc\u0103dere drastic\u0103 fa\u021b\u0103 de procentul de 38% \u00eenregistrat \u00eentr-un sondaj din prim\u0103var\u0103.<\/p>\n<p>Aceast\u0103 sc\u0103dere a nivelului de aprobare fa\u021b\u0103 de Trump pare determinat\u0103 de trei aspecte interconectate \u00eentre ele \u0219i care-\u0219i au originea \u00een r\u0103zboiul lansat de SUA \u0219i Israel \u00eempotriva Iranului pe 28 februarie. Modul \u00een care Trump a gestionat acest conflict, pe fondul unei noi escalad\u0103ri \u0219i f\u0103r\u0103 perspective clare pentru un acord de pace, este aprobat de numai 28% dintre cei chestiona\u021bi, \u00een timp ce doar 25% cred c\u0103 Trump a gestionat bine m\u0103surile economice menite s\u0103 tempereze infla\u021bia \u0219i 21% ac\u021biunile de \u021binere sub control a cre\u0219terii pre\u021burilor la combustibil.<\/p>\n<p>Un procent de 74% dintre americanii intervieva\u021bi \u00een sondaj spun c\u0103 cre\u0219terea pre\u021burilor la combustibil le-a provocat unele dificult\u0103\u021bi, fa\u021b\u0103 de 63% \u00eentr-un sondaj din martie, iar mai pu\u021bin de un sfert cred c\u0103 pre\u0219edintele are un plan pentru a rezolva aceast\u0103 problem\u0103. Mai mult, 71% dintre participan\u021bii la sondaj cred c\u0103 Trump nu a f\u0103cut suficient pentru a \u00eencerca s\u0103 reduc\u0103 pre\u021burile bunurilor de zi cu zi, fa\u021b\u0103 de 58% \u00eentr-un sondaj din urm\u0103 cu un an. C\u00e2t despre politica extern\u0103, 62% dintre cei chestiona\u021bi consider\u0103 c\u0103 Trump nu este un lider mondial capabil, o cre\u0219tere fa\u021b\u0103 de procentul de 54% \u00eenregistrat la \u00eenceputul celui de-al doilea mandat, \u00een ianuarie 2025.<\/p>\n<p><strong>Bilan\u0163ul puternicului cutremur din Japonia a ajuns la 17 mor\u0163i<\/strong><\/p>\n<p>Cel pu\u0163in 17 persoane \u015fi-au pierdut via\u0163a \u00een urma cutremurului puternic cu magnitudinea de 7,1 care a lovit mar\u0163i sud-vestul Japoniei, potrivit unui nou bilan\u0163 anun\u0163at joi de autorit\u0103\u0163ile locale, conform AFP.<\/p>\n<p>Biroul pentru gestionarea dezastrelor din prefectura Kumamoto a anun\u0163at, de asemenea, c\u0103 \u015fase persoane nu prezint\u0103 semne vitale, iar alte cinci sunt \u00een stare critic\u0103. Epicentrul cutremurului s-a situat la aproximativ 20 de kilometri sud de ora\u015ful Kumamoto, cel mai mare ora\u015f din centrul insulei Kyushu, cu o popula\u0163ie de aproximativ 700.000 de locuitori. Autorit\u0103\u0163ile au avertizat locuitorii din zonele \u00een care s-au resim\u0163it cele mai puternice mi\u015fc\u0103ri s\u0103 fie \u00een alert\u0103 pentru alte cutremure puternice timp de aproximativ o s\u0103pt\u0103m\u00e2n\u0103, precum \u015fi pentru riscul de alunec\u0103ri de teren.\u00a0Zeci de mii de locuin\u0163e sunt \u00eenc\u0103 f\u0103r\u0103 curent electric, iar unele spitale sunt supraaglomerate<\/p>\n<p><strong>Jurnalist\u0103 condamnat\u0103 \u00een Rusia la 12 ani de \u00eenchisoare sub acuza\u0163ia de tr\u0103dare<\/strong><\/p>\n<p>Jurnalista rus\u0103 Darya Shipacheva a fost condamnat\u0103 pentru tr\u0103dare de un tribunal din Moscova \u015fi a primit miercuri o pedeaps\u0103 de 12 ani \u00eentr-o colonie penal\u0103, a relatat agen\u0163ia de \u015ftiri Interfax. Procesul s-a desf\u0103\u015furat cu u\u015file \u00eenchise \u015fi nu au fost f\u0103cute publice oficial detalii despre caz. Interfax, cit\u00e2nd alte surse media, a relatat c\u0103 acuza\u0163iile se bazeaz\u0103 pe un presupus transfer de bani c\u0103tre Ucraina, scrie Reuters.<\/p>\n<p>Shipacheva \u015fi-a recunoscut vinov\u0103\u0163ia \u015fi a primit pedeapsa minim\u0103 prev\u0103zut\u0103 pentru infrac\u0163iunea respectiv\u0103. \u00centr-un scurt videoclip postat de agen\u0163ia independent\u0103 de \u015ftiri Mediazona din interiorul s\u0103lii de judecat\u0103, ea p\u0103rea \u015focat\u0103 \u00een momentul \u00een care a fost pronun\u0163at\u0103 sentin\u0163a. Potrivit Mediazona, aceasta s-a specializat \u00een jurnalism \u015ftiin\u0163ific \u015fi medical \u015fi a lucrat pentru mai multe institu\u0163ii media ruse de renume.<\/p>\n<p>Rusia a \u00een\u0103sprit legile privind cenzura \u015fi a intensificat presiunea asupra presei independente de la declan\u015farea r\u0103zboiului din Ucraina, \u00een 2022.<\/p>\n<p>\u00cenainte de pronun\u0163area verdictului, Comitetul pentru Protec\u0163ia Jurnali\u015ftilor, o organiza\u0163ie independent\u0103 f\u0103r\u0103 scop lucrativ care promoveaz\u0103 libertatea presei la nivel mondial, a declarat c\u0103 29 de jurnali\u015fti sunt \u00eenchi\u015fi \u00een Rusia \u00een leg\u0103tur\u0103 cu activitatea lor profesional\u0103.<\/p>\n<p><strong>DJ Kavinsky, cunoscut pentru piesa \u201eNightcall\u201d, a decedat la v\u00e2rsta de 50 de ani<\/strong><\/p>\n<p>DJ Kavinsky, pe numele s\u0103u real Vincent Belorgey, cunoscut pentru piesa \u201eNightcall\u201d, a decedat la v\u00e2rsta de 50 de ani, scrie presa francez\u0103. Corpul artistului a fost g\u0103sit mar\u0163i la domiciliul s\u0103u, iar procuratura a precizat c\u0103 a fost deschis\u0103 o anchet\u0103 pentru a stabili cauzele decesului. Echipele de interven\u0163ie rapid\u0103 nu au descoperit niciun element suspect la fa\u0163a locului.<\/p>\n<p>S-a f\u0103cut cunoscut publicului prin EP-ul s\u0103u lansat \u00een 2010 \u015fi intitulat &#8220;Nightcall&#8221;, scris \u015fi produs \u00een colaborare cu Guy-Manuel de Homem-Christo, unul dintre cei doi membri ai forma\u0163iei Daft Punk, \u00een mare parte datorit\u0103 utiliz\u0103rii piesei \u00een coloana sonor\u0103 a filmului &#8220;Drive&#8221;, cu Ryan Gosling.<\/p>\n<p>El a interpretat din nou piesa \u00een 2024, al\u0103turi de Ang\u00e8le \u015fi de forma\u0163ia Phoenix, cu ocazia ceremoniei de \u00eenchidere a Jocurilor Olimpice de la Paris.<\/p>\n<p>&#8220;Odat\u0103 cu dispari\u0163ia brusc\u0103 a lui Kavinsky, Fran\u0163a pierde una dintre cele mai deosebite voci ale sale&#8221;, a declarat pe X ministrul Culturii, Catherine P\u00e9gard. &#8220;De la filmul Drive p\u00e2n\u0103 la Jocurile Olimpice de la Paris, \u00eentreaga lume a vibrat pe ritmurile piesei Nightcall. Dansant\u0103 \u015fi nostalgic\u0103 \u00een acela\u015fi timp, muzica sa va continua s\u0103 traverseze genera\u0163iile \u015fi grani\u0163ele&#8221;.<\/p>\n<p>Pe contul s\u0103u de Facebook, Emmanuel Macron a reac\u0163ionat, de asemenea, la decesul artistului, afirm\u00e2nd c\u0103 acesta este &#8220;o m\u00e2ndrie a Fran\u0163ei pentru totdeauna&#8221;.<\/p>\n<p><strong>OpenAI anun\u0163\u0103 c\u0103 modelele sale AI au intrat pe patru platforme, \u00een pirateria \u201ef\u0103r\u0103 precedent\u201d de s\u0103pt\u0103m\u00e2na trecut\u0103<\/strong><\/p>\n<p>Dou\u0103 modele de inteligen\u0163\u0103 artificial\u0103 (AI) ale OpenAI care au ie\u015fit &#8211; din proprie ini\u0163iativ\u0103 &#8211; din mediul izolat \u00een care erau testate \u015fi au atacat site-ul Hugging Face au p\u0103truns pe alte patru platforme, anun\u0163\u0103 ChatGPT, relateaz\u0103 AFP.<\/p>\n<p>Una dintre ele a folosit ca releu \u00een preg\u0103tirea atacului de la Hugging Face, o bibliotec\u0103 AI pe care cele dou\u0103 modele au perchezi\u0163ionat-o pentru a g\u0103si r\u0103spunsuri la teste la care au fost supuse de c\u0103tre dezvoltatori OpenAI, a anun\u0163at \u00eentreprinderea.<\/p>\n<p>S\u0103pt\u0103m\u00e2na trecut\u0103, creatorul ChatGPT anun\u0163a c\u0103 modelele sale de inteligen\u0163\u0103 artificial\u0103 avansate au func\u0163ionat defectuos \u00een timpul unor teste de securitate \u015fi au piratat din propria ini\u0163iativ\u0103 o platform\u0103 popular\u0103 \u00een r\u00e2ndul programatorilor. \u00centreprinderea, cu sediul la San Francisco, a evocat un &#8220;incident cibernetic f\u0103r\u0103 precedent&#8221; \u015fi a anun\u0163at o anchet\u0103 comun\u0103 \u00eempreun\u0103 cu Hugging Face, o bibliotec\u0103 de coduri online, care a fost \u0163inta celor dou\u0103 AI.<\/p>\n<p>\u00a0<\/p>\n<p>\u00a0<\/p>\n<hr>\n<div class=\"bloc-widget widget-rosu\">\n<p>\u00cen lipsa unui acord scris din partea Ziarului de Vrancea, pute\u0163i prelua maxim 500 de caractere din acest articol dac\u0103 preciza\u0163i sursa \u015fi insera\u0163i vizibil link-ul articolului:\u00a0<span>#insertcurrentlinkhere<\/span><\/p>\n<\/div>\n<div class=\"extra-articol listing-anunturi\">\n<h6>Anun\u021buri <span class=\"text-primary\">ZdV<\/span> Premium<\/h6>\n<div class=\"row\">\n<div class=\"col-lg-4 col-md-6 bloc-egal\"><a class=\"card-anunt\" href=\"https:\/\/ziaruldevrancea.ro\/anunturi\/imobiliare\/vanzari-terenuri\/vand-teren-in-panciu\"><strong class=\"titlu\">V\u00e2nz\u0103ri terenuri<\/strong><span class=\"text-anunt\">Teren Panciu 1170 mp, cu num\u0103r cas\u0103, ap\u0103&#8230;<\/span><span class=\"data-anunt\">29.07.2026  <\/span><\/a><\/div>\n<div class=\"col-lg-4 col-md-6 bloc-egal\"><a class=\"card-anunt\" href=\"https:\/\/ziaruldevrancea.ro\/anunturi\/altele\/anulare-acte\/vand-scrumbii-afumate-capturi-dunare\"><strong class=\"titlu\">Vanzari diverse<\/strong><span class=\"text-anunt\">Pret : 117 lei \/ kg . \u00a0 Este&#8230;<\/span><span class=\"data-anunt\">29.07.2026 , Gala\u021bi , Gala\u021bi<\/span><\/a><\/div>\n<div class=\"col-lg-4 col-md-6 bloc-egal\"><a class=\"card-anunt\" href=\"https:\/\/ziaruldevrancea.ro\/anunturi\/necrolog\/decese\/dumnezeu-sa-o-aseze-in-randul-celor-drepti\"><strong class=\"titlu\">Decese<\/strong><span class=\"text-anunt\">Cu profund\u0103 durere, familia anun\u021b\u0103 trecerea la&#8230;<\/span><span class=\"data-anunt\">28.07.2026  <\/span><\/a><\/div>\n<\/div>\n<\/div>\n<div class=\"extra-articol alte-articole\">\n<div class=\"row\">\n<div class=\"col-lg-6 bloc-egal\">\n<div class=\"card articol-listing\">\n<h6>\u00cen categoria <a href=\"https:\/\/ziaruldevrancea.ro\/actualitatea\/international\">Interna\u021bional<\/a><\/h6>\n<div class=\"grup-articol-listing\">\n<div class=\"cont-pils\"><a href=\"https:\/\/ziaruldevrancea.ro\/actualitatea\/international\/mozaic-Stiri-internaTionale-zelenski-sugereaza-ca-i-a-demis-pe-fedorov-si-sirski-pentru-ca-ajunsese-sa-faca-pe-mediatorul-intre-cei-doi\"><img decoding=\"async\" src=\"https:\/\/zdvi.cname.ro\/180_135\/actualitatea\/international\/mozaic-Stiri-internaTionale-zelenski-sugereaza-ca-i-a-demis-pe-fedorov-si-sirski-pentru-ca-ajunsese-sa-faca-pe-mediatorul-intre-cei-doi\/mediaPool\/u0KMHjx.jpg\" class=\"img-responsive img-180\" alt><\/a><\/div>\n<h2><a class=\"link-titlu\" href=\"https:\/\/ziaruldevrancea.ro\/actualitatea\/international\/mozaic-Stiri-internaTionale-zelenski-sugereaza-ca-i-a-demis-pe-fedorov-si-sirski-pentru-ca-ajunsese-sa-faca-pe-mediatorul-intre-cei-doi\">MOZAIC \u0218TIRI INTERNA\u021aIONALE: Zelenski sugereaz\u0103 c\u0103 i-a demis pe Fedorov \u015fi S\u00eerski pentru c\u0103 ajunsese s\u0103 fac\u0103 pe mediatorul \u00eentre cei doi<\/a><\/h2>\n<div class=\"date-post\"><a href=\"https:\/\/ziaruldevrancea.ro\/autor\/rodica-condurache\">Rodica Condurache<\/a>, 26 iul 2026  <\/div>\n<\/div>\n<div class=\"grup-articol-listing\">\n<div class=\"cont-pils\"><a href=\"https:\/\/ziaruldevrancea.ro\/actualitatea\/international\/mozaic-Stiri-internaTionale-lupta-cu-focul-continua-in-spania-si-in-franta\"><img decoding=\"async\" src=\"https:\/\/zdvi.cname.ro\/180_135\/actualitatea\/international\/mozaic-Stiri-internaTionale-lupta-cu-focul-continua-in-spania-si-in-franta\/mediaPool\/uw8T1dH.jpeg\" class=\"img-responsive img-180\" alt><\/a><\/div>\n<h2><a class=\"link-titlu\" href=\"https:\/\/ziaruldevrancea.ro\/actualitatea\/international\/mozaic-Stiri-internaTionale-lupta-cu-focul-continua-in-spania-si-in-franta\">MOZAIC \u0218TIRI INTERNA\u021aIONALE: Lupta cu focul continu\u0103 \u00een Spania \u015fi \u00een Fran\u0163a<\/a><\/h2>\n<div class=\"date-post\"><a href=\"https:\/\/ziaruldevrancea.ro\/autor\/rodica-condurache\">Rodica Condurache<\/a>, 25 iul 2026  <\/div>\n<\/div>\n<div class=\"grup-articol-listing\">\n<div class=\"cont-pils\"><a href=\"https:\/\/ziaruldevrancea.ro\/actualitatea\/international\/mozaic-stiri-internationale-compania-wildberries-considerata-amazonul-rusiei-devine-tinta-ucrainei\"><img decoding=\"async\" src=\"https:\/\/zdvi.cname.ro\/180_135\/actualitatea\/international\/mozaic-stiri-internationale-compania-wildberries-considerata-amazonul-rusiei-devine-tinta-ucrainei\/mediaPool\/uC33JWk.jpg\" class=\"img-responsive img-180\" alt><\/a><\/div>\n<h2><a class=\"link-titlu\" href=\"https:\/\/ziaruldevrancea.ro\/actualitatea\/international\/mozaic-stiri-internationale-compania-wildberries-considerata-amazonul-rusiei-devine-tinta-ucrainei\">MOZAIC \u0218TIRI INTERNA\u021aIONALE: Compania Wildberries, considerat\u0103 \u201eAmazonul Rusiei\u201d, devine \u0163inta Ucrainei<\/a><\/h2>\n<div class=\"date-post\"><a href=\"https:\/\/ziaruldevrancea.ro\/autor\/rodica-condurache\">Rodica Condurache<\/a>, 22 iul 2026  <\/div>\n<\/div>\n<\/div>\n<\/div>\n<div class=\"col-lg-6 bloc-egal\">\n<div class=\"card articol-listing\">\n<h6>De acela\u0219i <a href=\"https:\/\/ziaruldevrancea.ro\/autor\/radu-tomescu\/\">autor<\/a><\/h6>\n<div class=\"grup-articol-listing\">\n<div class=\"cont-pils\"><a href=\"https:\/\/ziaruldevrancea.ro\/actualitatea\/stiri-locale\/dosar-de-trafic-de-droguri-in-vrancea-trei-persoane-cercetate-canabis-si-cocaina-vandute-in-adjud-potrivit-anchetatorilor\"><img decoding=\"async\" src=\"https:\/\/zdvi.cname.ro\/180_135\/actualitatea\/stiri-locale\/dosar-de-trafic-de-droguri-in-vrancea-trei-persoane-cercetate-canabis-si-cocaina-vandute-in-adjud-potrivit-anchetatorilor\/mediaPool\/ucfOmNt.JPG\" class=\"img-responsive img-180\" alt><\/a><\/div>\n<h2><a class=\"link-titlu\" href=\"https:\/\/ziaruldevrancea.ro\/actualitatea\/stiri-locale\/dosar-de-trafic-de-droguri-in-vrancea-trei-persoane-cercetate-canabis-si-cocaina-vandute-in-adjud-potrivit-anchetatorilor\">Dosar de trafic de droguri \u00een Vrancea: trei persoane cercetate, canabis \u0219i cocain\u0103 v\u00e2ndute \u00een Adjud, potrivit anchetatorilor<\/a><\/h2>\n<div class=\"date-post\"><a href=\"https:\/\/ziaruldevrancea.ro\/autor\/radu-tomescu\">Radu Tomescu<\/a>, 30 iul 2026  <\/div>\n<\/div>\n<div class=\"grup-articol-listing\">\n<div class=\"cont-pils\"><a href=\"https:\/\/ziaruldevrancea.ro\/actualitatea\/stiri-locale\/Sofer-din-vidra-depistat-baut-la-volan-pe-dn2d.-politistii-din-vrancea-au-deschis-dosar-penal\"><img decoding=\"async\" src=\"https:\/\/zdvi.cname.ro\/180_135\/actualitatea\/stiri-locale\/Sofer-din-vidra-depistat-baut-la-volan-pe-dn2d.-politistii-din-vrancea-au-deschis-dosar-penal\/mediaPool\/uRApAly.jpg\" class=\"img-responsive img-180\" alt><\/a><\/div>\n<h2><a class=\"link-titlu\" href=\"https:\/\/ziaruldevrancea.ro\/actualitatea\/stiri-locale\/Sofer-din-vidra-depistat-baut-la-volan-pe-dn2d.-politistii-din-vrancea-au-deschis-dosar-penal\">\u0218ofer din Vidra, depistat b\u0103ut la volan pe DN2D. Poli\u021bi\u0219tii din Vrancea au deschis dosar penal<\/a><\/h2>\n<div class=\"date-post\"><a href=\"https:\/\/ziaruldevrancea.ro\/autor\/radu-tomescu\">Radu Tomescu<\/a>, 30 iul 2026  <\/div>\n<\/div>\n<div class=\"grup-articol-listing\">\n<div class=\"cont-pils\"><a href=\"https:\/\/ziaruldevrancea.ro\/actualitatea\/stiri-locale\/accident-grav-in-vrancea-pieton-ranit-dupa-ce-a-fost-lovit-de-un-autoturism-la-dragosloveni-in-comuna-dumbraveni\"><img decoding=\"async\" src=\"https:\/\/zdvi.cname.ro\/180_135\/actualitatea\/stiri-locale\/accident-grav-in-vrancea-pieton-ranit-dupa-ce-a-fost-lovit-de-un-autoturism-la-dragosloveni-in-comuna-dumbraveni\/mediaPool\/u9KFdc2.jpg\" class=\"img-responsive img-180\" alt><\/a><\/div>\n<h2><a class=\"link-titlu\" href=\"https:\/\/ziaruldevrancea.ro\/actualitatea\/stiri-locale\/accident-grav-in-vrancea-pieton-ranit-dupa-ce-a-fost-lovit-de-un-autoturism-la-dragosloveni-in-comuna-dumbraveni\">Accident grav \u00een Vrancea: pieton r\u0103nit dup\u0103 ce a fost lovit de un autoturism la Dragosloveni, \u00een comuna Dumbr\u0103veni<\/a><\/h2>\n<div class=\"date-post\"><a href=\"https:\/\/ziaruldevrancea.ro\/autor\/radu-tomescu\">Radu Tomescu<\/a>, 30 iul 2026  <\/div>\n<\/div>\n<\/div>\n<\/div>\n<\/div>\n<\/div>\n<div class=\"extra-articol listing-anunturi\">\n<h6>Anun\u021buri <span class=\"text-primary\">ZdV<\/span> Premium<\/h6>\n<div class=\"row\">\n<div class=\"col-lg-4 col-md-6 bloc-egal\"><a class=\"card-anunt\" href=\"https:\/\/ziaruldevrancea.ro\/anunturi\/imobiliare\/vanzari-case\/vand-casa-si-teren-in-panciu-anunt-72818\"><strong class=\"titlu\">V\u00e2nz\u0103ri case<\/strong><span class=\"text-anunt\">V\u00e2nd cas\u0103 cu 2 camere, buc\u0103t\u0103rie, baie,&#8230;<\/span><span class=\"data-anunt\">23.07.2026  <\/span><\/a><\/div>\n<div class=\"col-lg-4 col-md-6 bloc-egal\"><a class=\"card-anunt\" href=\"https:\/\/ziaruldevrancea.ro\/anunturi\/angajari\/cereri-angajari\/doresc-angajare-anunt-72815\"><strong class=\"titlu\">Cereri<\/strong><span class=\"text-anunt\">Doresc s\u0103 am grij\u0103 de un copil de gradini\u021b\u0103&#8230;<\/span><span class=\"data-anunt\">21.07.2026  <\/span><\/a><\/div>\n<div class=\"col-lg-4 col-md-6 bloc-egal\"><a class=\"card-anunt\" href=\"https:\/\/ziaruldevrancea.ro\/anunturi\/inchirieri\/locuinte-oferte\/primesc-in-gazda-anunt-72816\"><strong class=\"titlu\">Locuin\u021be oferte<\/strong><span class=\"text-anunt\">\u00a0Primesc \u00een gazd\u0103 la cas\u0103.<\/p>\n<p>Tel&#8230;.<\/span><span class=\"data-anunt\">21.07.2026  <\/span><\/a><\/div>\n<\/div>\n<\/div>\n<div class=\"bloc-widget widget-albastru\">\n    Ziarul de Vrancea \u00a0nu este responsabil juridic pentru con\u0163inutul textelor din comentariile de mai jos. Responsabilitatea pentru mesajele dumneavoastra v\u0103 revine \u00een exclusivitate.\n<\/div>\n<div class=\"comentarii-articol\" id=\"comentarii\">\n<h3>Comentarii: <span class=\"text-primary\">0<\/span><\/h3>\n<p><a href=\"https:\/\/ziaruldevrancea.ro\/actualitatea\/international\/mozaic-stiri-internationale-trump-anunta-ca-va-lovi-puternic-iranul\" class=\"btn btn-success btn-adauga-com\" data-toggle=\"modal\" data-parent=\"0\" data-target=\"#commentModal\">Adaug\u0103 comentariu<\/a><\/p>\n<div class=\"loadMask comments-mask\"><img decoding=\"async\" src=\"https:\/\/zdvs.cname.ro\/images\/loader_40.gif\"><\/div>\n<div class=\"comenteaza-jos\">Trebuie s\u0103 fii <a href=\"https:\/\/ziaruldevrancea.ro\/account\">autentificat<\/a> pentru a putea <a href=\"https:\/\/ziaruldevrancea.ro\/actualitatea\/international\/mozaic-stiri-internationale-trump-anunta-ca-va-lovi-puternic-iranul\" class data-toggle=\"modal\" data-parent=\"0\" data-target=\"#commentModal\">posta un comentariu<\/a>.<\/div>\n<\/div>\n<div class=\"modal fade\" id=\"commentModal\" role=\"dialog\" aria-labelledby=\"commentModalLabel\">\n<div class=\"modal-dialog modal-lg\" role=\"document\">\n<div class=\"modal-content\">\n<div class=\"modal-header\">\n<h3 class=\"modal-title\" id=\"commentModalLabel\">Comenteaz\u0103<\/h3>\n<\/div>\n<div class=\"modal-body\">\n<div class=\"tabel tabel-full\">\n<div class=\"celula\">\n              Trebuie s\u0103 fii <a href=\"https:\/\/ziaruldevrancea.ro\/account\">autentificat<\/a> pentru a putea posta un comentariu.\n            <\/div>\n<\/div>\n<\/div>\n<div class=\"modal-footer\">\n<div id=\"commentPending\" class=\"formPending pull-left\"><img decoding=\"async\" src=\"https:\/\/zdvs.cname.ro\/images\/loader_40.gif\"> In curs de procesare&#8230;<\/div>\n<p><a href=\"https:\/\/ziaruldevrancea.ro\/actualitatea\/international\/mozaic-stiri-internationale-trump-anunta-ca-va-lovi-puternic-iranul\" class=\"btn btn-default\" data-dismiss=\"modal\">Anuleaz\u0103<\/a><\/div>\n<\/div>\n<\/div>\n<\/div>\n<div class=\"modal fade\" id=\"commentReportModal\" role=\"dialog\" aria-labelledby=\"commentReportModalLabel\">\n<div class=\"modal-dialog modal-lg\" role=\"document\">\n<div class=\"modal-content\">\n<div class=\"modal-header\">\n<h3 class=\"modal-title\" id=\"commentReportModalLabel\">Raporteaza comentariu<\/h3>\n<\/div>\n<div class=\"modal-body\">\n<div class=\"tabel tabel-full\">\n<div class=\"celula\">\n              Trebuie s\u0103 fii <a href=\"https:\/\/ziaruldevrancea.ro\/account\">autentificat<\/a> pentru a putea raporta un comentariu.\n            <\/div>\n<\/div>\n<\/div>\n<div class=\"modal-footer\">\n<div id=\"commentReportPending\" class=\"formPending pull-left\"><img decoding=\"async\" src=\"https:\/\/zdvs.cname.ro\/images\/loader_40.gif\"> In curs de procesare&#8230;<\/div>\n<p><a href=\"https:\/\/ziaruldevrancea.ro\/actualitatea\/international\/mozaic-stiri-internationale-trump-anunta-ca-va-lovi-puternic-iranul\" class=\"btn btn-default\" data-dismiss=\"modal\">Anuleaz\u0103<\/a><\/div>\n<\/div>\n<\/div>\n<\/div>\n<div class=\"modal fade\" id=\"commentLikeModal\" role=\"dialog\" aria-labelledby=\"commentLikeModalLabel\">\n<div class=\"modal-dialog modal-lg\" role=\"document\">\n<div class=\"modal-content\">\n<div class=\"modal-header\">\n<h3 class=\"modal-title\" id=\"commentReportModalLabel\">Apreciaza comentariu<\/h3>\n<\/div>\n<div class=\"modal-body\">\n<div class=\"tabel tabel-full\">\n<div class=\"celula\">\n            Trebuie s\u0103 fii <a href=\"https:\/\/ziaruldevrancea.ro\/account\">autentificat<\/a> pentru a putea aprecia un comentariu.\n          <\/div>\n<\/div>\n<\/div>\n<div class=\"modal-footer\"><a href=\"https:\/\/ziaruldevrancea.ro\/actualitatea\/international\/mozaic-stiri-internationale-trump-anunta-ca-va-lovi-puternic-iranul\" class=\"btn btn-default\" data-dismiss=\"modal\">Anuleaz\u0103<\/a><\/div>\n<\/div>\n<\/div>\n<\/div>\n<div class=\"bloc-widget widget-rosu\"><span><small>Ziarul de Vrancea doreste ca acest site sa fie un spatiu al discutiilor civilizate, al comentariilor de bun simt. Din acest motiv, cei care posteaza comentarii la articole trebuie sa respecte urmatoarele reguli:<br \/>\n1. Sa se refere doar la articolul la care posteaza comentarii.<br \/>\n2. Sa foloseasca un limbaj civilizat, fara injurii, calomnii, comentarii antisemite, xenofobe sau rasiste.<br \/>\n3. Sunt interzise atacurile la adresa autorilor, daca acestea nu au legatura cu textul.<br \/>\n4. Username-ul sa nu fie nume de personalitati ale vietii publice sau parodieri ale acestora.<br \/>\nAutorul unui articol poate fi criticat pentru eventuale greseli, incoerenta, lipsa de documentare etc.<br \/>\nNerespectarea regulilor mentionate mai sus va duce la stergerea comentariilor, fara avertisment si fara explicatii.<br \/>\nAbaterile repetate vor avea drept consecinta interdictia accesului la aceasta facilitate a site-ului.<\/small><\/span><\/div>\n<\/div>\n<p>[analyse_source url=&#8221;https:\/\/ziaruldevrancea.ro\/actualitatea\/international\/mozaic-stiri-internationale-trump-anunta-ca-va-lovi-puternic-iranul&#8221;]<\/p>\n","protected":false},"excerpt":{"rendered":"<p>[analyse_image type=&#8221;featured&#8221; src=&#8221;https:\/\/zdvi.cname.ro\/_\/mozaic-stiri-internationale-trump-anunta-ca-va-lovi-puternic-iranul\/mediaPool\/ukbtAx9.jpeg&#8221;] Interna\u021bional MOZAIC \u0218TIRI INTERNA\u021aIONALE: Trump anun\u0163\u0103 c\u0103 va lovi \u201eputernic\u201d Iranul Distribuie: \u00a0 | Radu Tomescu 29 iul 202688 vizualiz\u0103ri Pre\u015fedintele american Donald Trump a anun\u0163at miercuri c\u0103 Statele Unite vor lovi \u201eputernic\u201d Iranul \u00een urma unor tiruri iraniene viz\u00e2nd baze americane \u00een Iordania &#8211; relans\u00e2nd dup\u0103 c\u00e2teva zile de acalmie R\u0103zboiul [&hellip;]<\/p>\n","protected":false},"author":1,"featured_media":0,"comment_status":"open","ping_status":"","sticky":false,"template":"","format":"standard","meta":{"footnotes":""},"categories":[89],"tags":[226,208],"class_list":["post-2070090","post","type-post","status-publish","format-standard","hentry","category-romania","tag-crawlmanager","tag-ziaruldevrancea-ro"],"_links":{"self":[{"href":"https:\/\/analyse.optim.biz\/index.php?rest_route=\/wp\/v2\/posts\/2070090","targetHints":{"allow":["GET"]}}],"collection":[{"href":"https:\/\/analyse.optim.biz\/index.php?rest_route=\/wp\/v2\/posts"}],"about":[{"href":"https:\/\/analyse.optim.biz\/index.php?rest_route=\/wp\/v2\/types\/post"}],"author":[{"embeddable":true,"href":"https:\/\/analyse.optim.biz\/index.php?rest_route=\/wp\/v2\/users\/1"}],"replies":[{"embeddable":true,"href":"https:\/\/analyse.optim.biz\/index.php?rest_route=%2Fwp%2Fv2%2Fcomments&post=2070090"}],"version-history":[{"count":0,"href":"https:\/\/analyse.optim.biz\/index.php?rest_route=\/wp\/v2\/posts\/2070090\/revisions"}],"wp:attachment":[{"href":"https:\/\/analyse.optim.biz\/index.php?rest_route=%2Fwp%2Fv2%2Fmedia&parent=2070090"}],"wp:term":[{"taxonomy":"category","embeddable":true,"href":"https:\/\/analyse.optim.biz\/index.php?rest_route=%2Fwp%2Fv2%2Fcategories&post=2070090"},{"taxonomy":"post_tag","embeddable":true,"href":"https:\/\/analyse.optim.biz\/index.php?rest_route=%2Fwp%2Fv2%2Ftags&post=2070090"}],"curies":[{"name":"wp","href":"https:\/\/api.w.org\/{rel}","templated":true}]}}