{"id":2070086,"date":"2026-07-25T00:00:00","date_gmt":"2026-07-24T21:00:00","guid":{"rendered":"https:\/\/analyse.optim.biz\/?p=2070086"},"modified":"2026-07-25T00:00:00","modified_gmt":"2026-07-24T21:00:00","slug":"mozaic-stiri-internationale-lupta-cu-focul-continua-in-spania-si-in-franta","status":"publish","type":"post","link":"https:\/\/analyse.optim.biz\/?p=2070086","title":{"rendered":"MOZAIC \u0218TIRI INTERNA\u021aIONALE: Lupta cu focul continu\u0103 \u00een Spania \u015fi \u00een Fran\u0163a"},"content":{"rendered":"<p>[analyse_image type=&#8221;featured&#8221; src=&#8221;https:\/\/zdvi.cname.ro\/_\/mozaic-Stiri-internaTionale-lupta-cu-focul-continua-in-spania-si-in-franta\/mediaPool\/uw8T1dH.jpeg&#8221;]<\/p>\n<div class=\"main-content detaliu-articol\"><a class=\"titlu-cat-list\" href=\"https:\/\/ziaruldevrancea.ro\/actualitatea\/international\">Interna\u021bional<\/a><\/p>\n<h1>MOZAIC \u0218TIRI INTERNA\u021aIONALE: Lupta cu focul continu\u0103 \u00een Spania \u015fi \u00een Fran\u0163a<\/h1>\n<div class=\"date-articol clearfix\">\n<div class=\"distribuie-articol dropdown\">\n    Distribuie: \u00a0<br \/>\n    <em>|<\/em><\/div>\n<div class=\"autor-articol\"><a href=\"https:\/\/ziaruldevrancea.ro\/autor\/rodica-condurache\/\"><img decoding=\"async\" class=\"img-circle\" src=\"https:\/\/zdvi.cname.ro\/50_50\/articleAuthor\/rodica-condurache\/articleAuthor\/uy6Kz5r.jpg\" alt><\/a><\/p>\n<h5><a href=\"https:\/\/ziaruldevrancea.ro\/autor\/rodica-condurache\/\">Rodica Condurache<\/a><\/h5>\n<div class=\"grup-spatiere\"><span class=\"cu-spatiere\">25 iul 2026<\/span><span class=\"cu-spatiere\">365 vizualiz\u0103ri<\/span><\/div>\n<\/div>\n<\/div>\n<div class=\"poza-mare\"><a href class=\"openGallery\"><img decoding=\"async\" class=\"img-responsive\" src=\"https:\/\/zdvi.cname.ro\/850_530\/mozaic-Stiri-internaTionale-lupta-cu-focul-continua-in-spania-si-in-franta\/article\/mediaPool\/uw8T1dH.jpeg\" alt><\/a><\/div>\n<p>Peste 250.000 de persoane au fost evacuate din cauza incendiilor<\/p>\n<p>Incendiile de p\u0103dure care au sc\u0103pat de sub control \u00een Spania \u015fi Fran\u0163a au for\u0163at peste 250.000 de persoane s\u0103 se refugieze, au declarat autorit\u0103\u0163ile din ambele \u0163\u0103ri, care se lupt\u0103 s\u0103 \u0163in\u0103 sub control fl\u0103c\u0103rile, relateaz\u0103 The Guardian.<\/p>\n<p>Aproximativ 70.000 de persoane au fost evacuate din centrul Spaniei, \u00een timp ce 197.000 de persoane au fugit din Fran\u0163a, inclusiv zeci de mii din ora\u015ful Bordeaux, situat \u00een regiunea viticol\u0103.<\/p>\n<p>Spania a declarat stare de urgen\u0163\u0103 na\u0163ional\u0103, fiind prima dat\u0103 c\u00e2nd \u0163ara recurge la aceast\u0103 m\u0103sur\u0103 din cauza unui incendiu forestier. Evacu\u0103rile din Fran\u0163a au constituit &#8220;probabil&#8221; cea mai mare opera\u0163iune de evacuare din timp de pace pe care \u0163ara a cunoscut-o vreodat\u0103, a declarat ministrul de interne al acesteia. Sute de pompieri au lucrat pentru a st\u0103p\u00e2ni incendiile, care au fost alimentate de valurile de c\u0103ldur\u0103 persistente \u015fi de criza climatic\u0103, dar nu au reu\u015fit totu\u015fi s\u0103 opreasc\u0103 avansul acestora. \u00cen Spania, v\u00e2nturile puternice au agravat incendiile, iar dou\u0103 dintre cele trei focuri s-au contopit vineri.<\/p>\n<p>Ministrul francez al internelor, Laurent Nu\u00f1ez, a declarat c\u0103 un avion militar de transport de mari dimensiuni, modelul Airbus A400M Atlas, a fost mobilizat pentru a se al\u0103tura celorlalte 18 aeronave \u00een lupta &#8220;lung\u0103 \u015fi extrem de dificil\u0103&#8221; \u00eempotriva incendiilor forestiere din regiunea Gironde, din sud-vestul Fran\u0163ei.<\/p>\n<p>Guvernul francez a solicitat ajutorul armatei, mobiliz\u00e2nd 1.500 de solda\u0163i, \u015fi a distribuit de urgen\u0163\u0103 1,5 milioane de m\u0103\u015fti de protec\u0163ie pentru a proteja popula\u0163ia \u00eempotriva inhal\u0103rii fumului. Echipele de pompieri au s\u0103pat, de asemenea, \u015fan\u0163uri \u015fi au utilizat substan\u0163e ignifuge, av\u00e2nd \u00een vedere c\u0103 prognozele indicau c\u0103 v\u00e2ntul va \u00eempinge incendiile mai aproape de Bordeaux. Incendiile forestiere au fost semnalate la aproximativ 20 de mile vest de ora\u015f. Guvernul francez a ordonat evacuarea persoanelor aflate \u00een calea incendiului, inclusiv a celor din suburbiile vestice ale ora\u015fului Bordeaux. Poli\u0163ia a mers din u\u015f\u0103 \u00een u\u015f\u0103 pentru a le spune oamenilor s\u0103 plece, iar scene de panic\u0103 s-au desf\u0103\u015furat pe m\u0103sur\u0103 ce locuitorii \u00ee\u015fi p\u0103r\u0103seau casele sub un cer \u00eentunecat de fum.<\/p>\n<p>Prefectul regional al departamentului Gironde, Sophie Brocas, a declarat vineri c\u0103 v\u00e2nturile puternice \u00eempingeau focul spre zona metropolitan\u0103 a ora\u015fului Bordeaux \u015fi c\u0103 acesta a atins &#8220;o amploare f\u0103r\u0103 precedent&#8221;. Autorit\u0103\u0163ile au declarat c\u0103 incendiile izbucnite brusc au luat prin surprindere at\u00e2t locuitorii, c\u00e2t \u015fi autorit\u0103\u0163ile. Unii oameni din Fran\u0163a au fost nevoi\u0163i s\u0103 fug\u0103 cu barca atunci c\u00e2nd fl\u0103c\u0103rile s-au \u00eendreptat spre ora\u015fele de pe coast\u0103.<\/p>\n<p>Prim-ministrul francez, S\u00e9bastien Lecornu, a declarat c\u0103 incendiul din Gironde a fost at\u00e2t de puternic \u00eenc\u00e2t a \u00eenceput s\u0103-\u015fi genereze propriile v\u00e2nturi. &#8220;Incendiile care afecteaz\u0103 \u0163ara noastr\u0103 au atins un nivel nemai\u00eent\u00e2lnit p\u00e2n\u0103 acum&#8221;, a scris el pe X. &#8220;Prioritatea noastr\u0103 este clar\u0103: protejarea vie\u0163ilor omene\u015fti.&#8221; El a \u00eendemnat popula\u0163ia s\u0103 respecte ordinele de evacuare &#8220;f\u0103r\u0103 \u00eent\u00e2rziere&#8221;. Ministrul spaniol al s\u0103n\u0103t\u0103\u0163ii a \u00eendemnat locuitorii din Madrid s\u0103 nu ias\u0103 afar\u0103 din cauza calit\u0103\u0163ii precare a aerului.<\/p>\n<p>&#8220;Evita\u0163i activitatea fizic\u0103 \u015fi \u015federea \u00een aer liber. Dac\u0103 ie\u015fi\u0163i afar\u0103 \u015fi observa\u0163i fum sau cenu\u015f\u0103, purta\u0163i o masc\u0103&#8221;, a declarat M\u00f3nica Garc\u00eda pe X. S\u00e2mb\u0103t\u0103 seara, Ministerul de Interne al Spaniei a anun\u0163at c\u0103 un b\u0103rbat a murit \u00eentr-un incendiu din Manises, \u00een Valencia. Acesta a fost g\u0103sit \u00eentr-o ma\u015fin\u0103 \u00eentr-o r\u00e2p\u0103, au precizat oficialii.<\/p>\n<p>Incendiul a fost un incident distinct de marile incendii care fac ravagii la vest de Madrid, care p\u00e2n\u0103 \u00een prezent nu au provocat, conform rapoartelor, nicio victim\u0103.<\/p>\n<p><strong>\u201eRecord istoric\u201d<\/strong><\/p>\n<p>Valurile de c\u0103ldur\u0103 \u00eendelungate \u015fi succesive din Europa au uscat p\u0103durile, transform\u00e2ndu-le \u00een combustibil pentru incendii forestiere. Incendiile au distrus deja 130.000 de hectare (320.000 de acri) de p\u0103dure \u00een acest an \u00een Spania, cu aproximativ o treime mai mult dec\u00e2t media anual\u0103 a \u0163\u0103rii, a declarat, s\u00e2mb\u0103t\u0103, premierul spaniol, Pedro S\u00e1nchez.<\/p>\n<p>\u00cen Fran\u0163a, incendiile au distrus peste 98.000 de hectare, fapt pe care ministrul francez al afacerilor interne l-a calificat drept un &#8220;record istoric&#8221;.<\/p>\n<p>S\u00e1nchez a declarat c\u0103 vremea mai r\u0103coroas\u0103 de s\u00e2mb\u0103t\u0103 a oferit pompierilor o &#8220;fereastr\u0103 de oportunitate&#8221; pentru a contribui la st\u0103p\u00e2nirea incendiilor. &#8220;Ne a\u015fteapt\u0103 c\u00e2teva ore dificile, deoarece, de\u015fi temperaturile au sc\u0103zut, nu \u015ftim exact cum se va comporta v\u00e2ntul \u015fi c\u00e2t de puternic va fi&#8221;, a ad\u0103ugat el.<\/p>\n<p>Alte \u0163\u0103ri europene au venit \u00een ajutorul celor dou\u0103 \u0163\u0103ri \u00een lupta \u00eempotriva incendiilor, Croa\u0163ia, Republica Ceh\u0103, Grecia, Italia, \u0162\u0103rile de Jos, Portugalia \u015fi Slovacia trimi\u0163\u00e2nd ajutoare \u015fi avioane de stingere a incendiilor \u00een Fran\u0163a \u015fi Spania.<\/p>\n<p>Pre\u015fedinta Comisiei Europene, Ursula von der Leyen, a promis c\u0103 se va acorda \u015fi mai mult ajutor. &#8220;Europa este al\u0103turi de Fran\u0163a \u015fi Spania \u00een fa\u0163a incendiilor devastatoare care le afecteaz\u0103 teritoriile. Cinci avioane \u015fi dou\u0103 elicoptere din flota de salvare sunt acum mobilizate \u00een Fran\u0163a, iar patru avioane sosesc ast\u0103zi \u00een Spania&#8221;, a declarat ea pe X.<\/p>\n<p><strong>Un mort \u015fi 16 r\u0103ni\u0163i, dup\u0103 ce o ma\u015fin\u0103 a intrat \u00een mul\u0163ime la parada Gay Pride de la Berlin<\/strong><\/p>\n<p>Incidentul \u00een care a fost implicat un vehicul utilitar\u00eecu ocazia paradei Gay Pride, s\u00e2mb\u0103t\u0103 seara, la Berlin, s-a soldat cu un mort \u015fi 16 r\u0103ni\u0163i, relateaz\u0103 AFP. Printre ace\u015ftia \u201ese afl\u0103 trei persoane r\u0103nite grav, a c\u0103ror stare este critic\u0103, opt persoane r\u0103nite grav \u015fi cinci persoane r\u0103nite u\u015for\u201d, a declarat Dominik Pretz, purt\u0103torul de cuv\u00e2nt al pompierilor din Berlin.<\/p>\n<p>Un presupus suspect \u00een acest incident, \u201eidentificat\u201d dar \u00eenc\u0103 nere\u0163inut\u201d, ar avea leg\u0103turi cu \u201emediul islamist\u201d, a declarat purt\u0103torul de cuv\u00e2nt al poli\u0163iei. Autorul sau autorii presupu\u015fi, care au abandonat vehiculul la fa\u0163a locului, la c\u00e2teva sute de metri de centrul festivit\u0103\u0163ilor din cadrul mar\u015fului m\u00e2ndriei, sunt c\u0103uta\u0163i \u00eenc\u0103 \u00een \u00eentreaga capital\u0103 german\u0103. \u201eSe presupune c\u0103 un vehicul a p\u0103truns \u00een parcul Tiergarten, a lovit mai multe persoane \u015fi le-a r\u0103nit. R\u0103ni\u0163ii sunt \u00een prezent \u00eengriji\u0163i de serviciile de urgen\u0163\u0103. C\u0103ut\u0103m \u00een mod activ persoanele suspectate de implicare \u00een aceste fapte\u201d, a declarat poli\u0163ia.<\/p>\n<p>Publica\u0163ia german\u0103 Bild, cit\u00e2nd un martor ocular, \u201erelateaz\u0103 c\u0103 o dubi\u0163\u0103 alb\u0103 a intrat \u00een mul\u0163ime \u00een parcul Tiergarten. Incidentul s-ar fi produs \u00een jurul orei 22:00\u201d. Poli\u0163ia a folosit elicoptere \u015fi camere cu imagistic\u0103 termic\u0103 pentru a-l localiza pe suspectul sau pe suspec\u0163ii implica\u0163i \u00een incident, a declarat un purt\u0103tor de cuv\u00e2nt pentru AFP. \u00cen prezent, poli\u0163ia \u015fi-a extins c\u0103ut\u0103rile la \u00eentregul ora\u015f, a afirmat Florian Nath.<\/p>\n<p>El a oferit, de asemenea, detalii despre vehiculul suspect implicat, preciz\u00e2nd c\u0103 acesta era \u201easem\u0103n\u0103tor unui minivan sau unui SUV mic\u201d. Ocupantul sau ocupan\u0163ii autoutilitarei au fugit, vehiculul abandonat fiind g\u0103sit, a indicat poli\u0163ia, care \u201eporne\u015fte de la premisa c\u0103 nu mai exist\u0103 pericol\u201d pentru popula\u0163ie, dar nu \u00eel poate exclude \u00een totalitate. Primarul Berlinului a denun\u0163at \u201eun atac \u00eempotriva societ\u0103\u0163ii noastre libere \u015fi deschise c\u0103tre lume\u201d pe X. \u201eDup\u0103 un Mar\u015f al M\u00e2ndriei pa\u015fnic \u015fi plin de culoare, adunarea pentru un Berlin tolerant \u015fi pa\u015fnic a fost luat\u0103 \u00een vizor \u00een cel mai brutal mod cu putin\u0163\u0103. Berlinul este ora\u015ful libert\u0103\u0163ii \u2013 iar libertatea noastr\u0103 a fost atacat\u0103 ast\u0103zi \u00een cel mai teribil mod\u201d, a reac\u0163ionat Kai Wegner.<\/p>\n<p>Cancelarul german Friedrich Merz a cerut s\u00e2mb\u0103t\u0103 \u201el\u0103murirea complet\u0103\u201d a incidentului, pe care l-a calificat drept un \u201eact abominabil\u201d. \u015eeful guvernului \u015fi ministrul s\u0103u de interne \u201ese vor implica cu o determinare deosebit\u0103 pentru a l\u0103muri complet acest act abominabil \u015fi pentru a asigura pedepsirea celui vinovat\u201d, a declarat un purt\u0103tor de cuv\u00e2nt \u00eentr-o prim\u0103 reac\u0163ie transmis\u0103 prin comunicat.<\/p>\n<p><strong>Cazul Hugging Face: Inginerii OpenAI nu \u015fi-au dat seama dec\u00e2t dup\u0103 mai multe zile c\u0103 AI-ul a sc\u0103pat de sub control<\/strong><\/p>\n<p>Mai multe surse anonime citate de Reuters \u015fi Bloomberg ofer\u0103 detalii despre modul \u00een care inteligen\u0163a artificial\u0103 dezvoltat\u0103 de OpenAI a sc\u0103pat de sub control \u015fi a atacat pe cont propriu re\u0163eaua Hugging Face.<\/p>\n<p>Pe 9 iulie, OpenAI a demarat un test \u00eentr-un mediu controlat, \u00een care o combina\u0163ie de mai multe modele lingvistice proprii, inclusiv unul \u00eenc\u0103 nelansat, realizau sarcini cibernetice \u00cen principiu, sarcinile cibernetice constau \u00een descoperirea \u015fi repararea autonom\u0103 g\u0103urilor de securitate software de c\u0103tre AI-ul companiei, \u00een \u00eencercarea de a concura cu Mythos, liderul acestei ni\u015fe, dezvoltat de Anthropic.<\/p>\n<p>Conform Reuters, modelele au reu\u015fit s\u0103 ias\u0103 din zona restric\u0163ionat\u0103 impus\u0103 de inginerii OpenAI pe 11 iulie \u015fi au \u00eenceput s\u0103 ia cu asalt infrastructura online a platformei Hugging Face. Atacul propriu-zis a \u00eenceput pe 13 iulie, la dou\u0103 zile dup\u0103 ce modelele au sc\u0103pat de sub control, f\u0103r\u0103 ca angaja\u0163ii OpenAI s\u0103 \u00ee\u015fi dea seama, sus\u0163ine co-fondatorul platformei Thomas Wolf.<\/p>\n<p>Inginerii OpenAI \u015fi-au dat seama c\u0103 atacul este opera propriilor modele abia dup\u0103 alte c\u00e2teva zile, iar cele dou\u0103 companii au f\u0103cut publice primele informa\u0163ii dup\u0103 20 iulie. Surse citate de Bloomberg sus\u0163in c\u0103 AI-ul a avut nevoie de numai c\u00e2teva ore pentru a derula cu succes un atac de asemenea magnitudine, pentru care oamenilor le-ar fi luat mai multe s\u0103pt\u0103m\u00e2ni s\u0103-l duc\u0103 la bun sf\u00e2r\u015fit.<\/p>\n<p>Incidentul, care i-a \u00eengrijorat at\u00e2t pe speciali\u015fti, c\u00e2t \u015fi opinia public\u0103, este primul de acest gen, \u00een care AI-ul actual scap\u0103 de sub control \u015fi atac\u0103 o infrastructur\u0103 cibernetic\u0103.<\/p>\n<p><strong>Candidatul la pre\u015fedin\u0163ia francez\u0103 \u00c9douard Philippe, vizat \u00eentr-o opera\u0163iune rus\u0103 de dezinformare<\/strong><\/p>\n<p>O opera\u0163iune de dezinformare desf\u0103\u015furat\u0103 de c\u0103tre o re\u0163ea prorus\u0103 l-a vizat pe \u00c9douard Philippe, un candidat declarat \u00een alegerile preziden\u0163iale din Fran\u0163a \u00een 2027, prima \u00eempotriva unui candidat \u00een acest scrutin, \u00een care autorit\u0103\u0163ile se tem de un amestec str\u0103in puternic, potrivit unor surse din domeniul securit\u0103\u0163ii, relateaz\u0103 AFP.<\/p>\n<p>Aceast\u0103 campanie \u00eempotriva primarului din Havre &#8211; &#8220;pu\u0163in vizibil\u0103&#8221; &#8211; a fost desf\u0103\u015furat\u0103 de re\u0163eaua rus\u0103 Storm-1516, a declarat AFP o surs\u0103 din domeniul securit\u0103\u0163ii, confirm\u00e2nd o dezv\u0103luire a postului TF1.<\/p>\n<p>Este vorba despre prima opera\u0163iune \u00eempotriva unui candidat declarat \u00een alegerile preziden\u0163iale, al c\u0103ror prim tur este programat la 18 august 2027, a precizat vineri aceast\u0103 surs\u0103, din cadrul unui serviciu al statului. \u00c9douard Philippe, candidatul centrului-dreapta, un fost premier \u015fi primar al ora\u015fului Havre, a fost vizat, s\u0103pt\u0103m\u00e2na aceasta \u00een post\u0103ri pe re\u0163ele de socializare \u00een informa\u0163ii false despre starea s\u0103n\u0103t\u0103\u0163ii sale.<\/p>\n<p>Aceast\u0103 opera\u0163iune, detectat\u0103 mar\u0163i, face &#8220;parte din rutina obi\u015fnuit\u0103 a atacurilor ruse\u015fti care nu rup niciodat\u0103 bariera sunetului&#8221; deoarece sunt &#8220;pu\u0163in vizibile&#8221; \u015fi vehiculeaz\u0103 &#8220;o poveste care nu func\u0163ioneaz\u0103, pentru c\u0103 este u\u015for de dezmin\u0163it&#8221;, a declarat sursa citat\u0103. Re\u0163eaua Storm-1516 este acuzat\u0103 de faptul c\u0103 se afl\u0103 \u00een spatele multor opera\u0163iuni de dezinformare \u00een Fran\u0163a \u015fi alte \u0163\u0103ri europene.<\/p>\n<p>Viginum &#8211; serviciul \u00eens\u0103rcinat cu lupta \u00eempotriva amestecurilor digitale str\u0103ine \u00een Fran\u0163a &#8211; i-a atribuit 205 opera\u0163iuni de acest tip \u00eencep\u00e2nd din august 2023.<\/p>\n<p>Premierul francez S\u00e9bastien Lecornu avertiza la 8 iulie \u00eempotriva unui risc &#8220;foarte acut&#8221; al unor amestecuri str\u0103ine \u00een viitoarele alegeri din Fran\u0163a, alegerile preziden\u0163iale, dar \u015fi alegerile regionale \u015fi departamentale prev\u0103zute \u00een 2028. Guvernul francez a prezentat miercuri un proiect de lege \u00een vederea unei \u00eembun\u0103t\u0103\u0163iri a luptei \u00eempotriva amestecurilor str\u0103ine care prevede o \u00een\u0103sprire a pedepselor persoanelor care difuzeaz\u0103 informa\u0163ii false \u00eentr-un context electoral.<\/p>\n<p><strong>Costa Rica: \u201eEl Diablo\u201d, unul dintre cei mai c\u0103uta\u0163i trafican\u0163i de droguri, a fost arestat<\/strong><\/p>\n<p>Poli\u0163ia din Costa Rica l-a arestat, vineri, pe cel mai c\u0103utat traficant de droguri din \u0163ar\u0103, Alejandro Arias Monge (alias \u201eEl Diablo\u201d), \u00een cadrul unei opera\u0163iuni soldate cu un mort \u015fi opt r\u0103ni\u0163i, au anun\u0163at autorit\u0103\u0163ile, citate de AFP.<\/p>\n<p>&#8220;El Diablo&#8221;, pentru capul c\u0103ruia Statele Unite oferiser\u0103 o recompens\u0103 de 500.000 de dolari, a fost capturat vineri diminea\u0163\u0103 la Rio Frio, \u00een provincia Heredia (nord-est), a declarat \u00een cadrul unei conferin\u0163e de pres\u0103 procurorul general al Costa Rica, Carlos Diaz. Diaz a explicat c\u0103 Arias a fost re\u0163inut \u00eentr-o proprietate rural\u0103 \u00een timpul unei \u00eent\u00e2lniri cu liderii altor organiza\u0163ii criminale, dintre care unul, Roney Rios, a fost ucis \u00een timpul confrunt\u0103rii cu for\u0163ele de ordine, iar altul, Jonathan P\u00e9rez M\u00e9ndez, alias &#8220;Tan&#8221;, a fost arestat. Opt poli\u0163i\u015fti au fost r\u0103ni\u0163i \u00een timpul opera\u0163iunii, \u00een cursul c\u0103reia s-au tras aproximativ 2.500 de focuri de arm\u0103, a precizat acesta.<\/p>\n<p>Arias, Rios \u015fi P\u00e9rez erau &#8220;cele trei persoane cele mai c\u0103utate din \u0163ar\u0103&#8221;, a declarat procurorul, potrivit c\u0103ruia organiza\u0163iile acestora au la activ aproximativ 360 de asasinate.<\/p>\n<p>&#8220;El Diablo&#8221; era c\u0103utat de aproximativ zece ani. Autorit\u0103\u0163ile costaricane \u00eel suspecteaz\u0103 c\u0103 s-ar fi refugiat o perioad\u0103 \u00een \u0163ara vecin\u0103, Nicaragua. \u00cen ultimii ani, Costa Rica a \u00eencetat s\u0103 mai fie cea mai sigur\u0103 \u0163ar\u0103 din America Central\u0103 din cauza traficului de stupefiante. \u00cen 2025, a \u00eenregistrat o rat\u0103 de 16,8 omucideri la 100.000 de locuitori.<\/p>\n<p>\u00a0<\/p>\n<hr>\n<div class=\"bloc-widget widget-rosu\">\n<p>\u00cen lipsa unui acord scris din partea Ziarului de Vrancea, pute\u0163i prelua maxim 500 de caractere din acest articol dac\u0103 preciza\u0163i sursa \u015fi insera\u0163i vizibil link-ul articolului:\u00a0<span>#insertcurrentlinkhere<\/span><\/p>\n<\/div>\n<div class=\"extra-articol listing-anunturi\">\n<h6>Anun\u021buri <span class=\"text-primary\">ZdV<\/span> Premium<\/h6>\n<div class=\"row\">\n<div class=\"col-lg-4 col-md-6 bloc-egal\"><a class=\"card-anunt\" href=\"https:\/\/ziaruldevrancea.ro\/anunturi\/imobiliare\/vanzari-terenuri\/vand-teren-in-panciu\"><strong class=\"titlu\">V\u00e2nz\u0103ri terenuri<\/strong><span class=\"text-anunt\">Teren Panciu 1170 mp, cu num\u0103r cas\u0103, ap\u0103&#8230;<\/span><span class=\"data-anunt\">29.07.2026  <\/span><\/a><\/div>\n<div class=\"col-lg-4 col-md-6 bloc-egal\"><a class=\"card-anunt\" href=\"https:\/\/ziaruldevrancea.ro\/anunturi\/altele\/anulare-acte\/vand-scrumbii-afumate-capturi-dunare\"><strong class=\"titlu\">Vanzari diverse<\/strong><span class=\"text-anunt\">Pret : 117 lei \/ kg . \u00a0 Este&#8230;<\/span><span class=\"data-anunt\">29.07.2026 , Gala\u021bi , Gala\u021bi<\/span><\/a><\/div>\n<div class=\"col-lg-4 col-md-6 bloc-egal\"><a class=\"card-anunt\" href=\"https:\/\/ziaruldevrancea.ro\/anunturi\/necrolog\/decese\/dumnezeu-sa-o-aseze-in-randul-celor-drepti\"><strong class=\"titlu\">Decese<\/strong><span class=\"text-anunt\">Cu profund\u0103 durere, familia anun\u021b\u0103 trecerea la&#8230;<\/span><span class=\"data-anunt\">28.07.2026  <\/span><\/a><\/div>\n<\/div>\n<\/div>\n<div class=\"extra-articol alte-articole\">\n<div class=\"row\">\n<div class=\"col-lg-6 bloc-egal\">\n<div class=\"card articol-listing\">\n<h6>\u00cen categoria <a href=\"https:\/\/ziaruldevrancea.ro\/actualitatea\/international\">Interna\u021bional<\/a><\/h6>\n<div class=\"grup-articol-listing\">\n<div class=\"cont-pils\"><a href=\"https:\/\/ziaruldevrancea.ro\/actualitatea\/international\/mozaic-stiri-internationale-trump-anunta-ca-va-lovi-puternic-iranul\"><img decoding=\"async\" src=\"https:\/\/zdvi.cname.ro\/180_135\/actualitatea\/international\/mozaic-stiri-internationale-trump-anunta-ca-va-lovi-puternic-iranul\/mediaPool\/ukbtAx9.jpeg\" class=\"img-responsive img-180\" alt><\/a><\/div>\n<h2><a class=\"link-titlu\" href=\"https:\/\/ziaruldevrancea.ro\/actualitatea\/international\/mozaic-stiri-internationale-trump-anunta-ca-va-lovi-puternic-iranul\">MOZAIC \u0218TIRI INTERNA\u021aIONALE: Trump anun\u0163\u0103 c\u0103 va lovi \u201eputernic\u201d Iranul<\/a><\/h2>\n<div class=\"date-post\"><a href=\"https:\/\/ziaruldevrancea.ro\/autor\/radu-tomescu\">Radu Tomescu<\/a>, 29 iul 2026  <\/div>\n<\/div>\n<div class=\"grup-articol-listing\">\n<div class=\"cont-pils\"><a href=\"https:\/\/ziaruldevrancea.ro\/actualitatea\/international\/mozaic-Stiri-internaTionale-zelenski-sugereaza-ca-i-a-demis-pe-fedorov-si-sirski-pentru-ca-ajunsese-sa-faca-pe-mediatorul-intre-cei-doi\"><img decoding=\"async\" src=\"https:\/\/zdvi.cname.ro\/180_135\/actualitatea\/international\/mozaic-Stiri-internaTionale-zelenski-sugereaza-ca-i-a-demis-pe-fedorov-si-sirski-pentru-ca-ajunsese-sa-faca-pe-mediatorul-intre-cei-doi\/mediaPool\/u0KMHjx.jpg\" class=\"img-responsive img-180\" alt><\/a><\/div>\n<h2><a class=\"link-titlu\" href=\"https:\/\/ziaruldevrancea.ro\/actualitatea\/international\/mozaic-Stiri-internaTionale-zelenski-sugereaza-ca-i-a-demis-pe-fedorov-si-sirski-pentru-ca-ajunsese-sa-faca-pe-mediatorul-intre-cei-doi\">MOZAIC \u0218TIRI INTERNA\u021aIONALE: Zelenski sugereaz\u0103 c\u0103 i-a demis pe Fedorov \u015fi S\u00eerski pentru c\u0103 ajunsese s\u0103 fac\u0103 pe mediatorul \u00eentre cei doi<\/a><\/h2>\n<div class=\"date-post\"><a href=\"https:\/\/ziaruldevrancea.ro\/autor\/rodica-condurache\">Rodica Condurache<\/a>, 26 iul 2026  <\/div>\n<\/div>\n<div class=\"grup-articol-listing\">\n<div class=\"cont-pils\"><a href=\"https:\/\/ziaruldevrancea.ro\/actualitatea\/international\/mozaic-stiri-internationale-compania-wildberries-considerata-amazonul-rusiei-devine-tinta-ucrainei\"><img decoding=\"async\" src=\"https:\/\/zdvi.cname.ro\/180_135\/actualitatea\/international\/mozaic-stiri-internationale-compania-wildberries-considerata-amazonul-rusiei-devine-tinta-ucrainei\/mediaPool\/uC33JWk.jpg\" class=\"img-responsive img-180\" alt><\/a><\/div>\n<h2><a class=\"link-titlu\" href=\"https:\/\/ziaruldevrancea.ro\/actualitatea\/international\/mozaic-stiri-internationale-compania-wildberries-considerata-amazonul-rusiei-devine-tinta-ucrainei\">MOZAIC \u0218TIRI INTERNA\u021aIONALE: Compania Wildberries, considerat\u0103 \u201eAmazonul Rusiei\u201d, devine \u0163inta Ucrainei<\/a><\/h2>\n<div class=\"date-post\"><a href=\"https:\/\/ziaruldevrancea.ro\/autor\/rodica-condurache\">Rodica Condurache<\/a>, 22 iul 2026  <\/div>\n<\/div>\n<\/div>\n<\/div>\n<div class=\"col-lg-6 bloc-egal\">\n<div class=\"card articol-listing\">\n<h6>De acela\u0219i <a href=\"https:\/\/ziaruldevrancea.ro\/autor\/rodica-condurache\/\">autor<\/a><\/h6>\n<div class=\"grup-articol-listing\">\n<div class=\"cont-pils\"><a href=\"https:\/\/ziaruldevrancea.ro\/timp-liber\/astazi-despre-psihologul-clinician-andrei-partos---om-bun---nevoia-de-a-repune-muzica-si-poezia-romaneasca-la-un-loc-bun\"><img decoding=\"async\" src=\"https:\/\/zdvi.cname.ro\/180_135\/timp-liber\/astazi-despre-psihologul-clinician-andrei-partos---om-bun---nevoia-de-a-repune-muzica-si-poezia-romaneasca-la-un-loc-bun\/mediaPool\/uYSVhEO.jpg\" class=\"img-responsive img-180\" alt><\/a><\/div>\n<h2><a class=\"link-titlu\" href=\"https:\/\/ziaruldevrancea.ro\/timp-liber\/astazi-despre-psihologul-clinician-andrei-partos---om-bun---nevoia-de-a-repune-muzica-si-poezia-romaneasca-la-un-loc-bun\">VIDEO V\u0103 mai aminti\u021bi de \u201eRADIO VACAN\u021aA COSTINE\u0218TI\u201d? Ast\u0103zi despre vocea Costine\u015ftiului de alt\u0103dat\u0103. Andrei Parto\u0219 &#8211; Psihologul clinician care dup\u0103 zece ani de activitate s-a dedicat nevoii de a repune muzica \u015fi poezia rom\u00e2neasc\u0103 la un loc bun<\/a><\/h2>\n<div class=\"date-post\"><a href=\"https:\/\/ziaruldevrancea.ro\/autor\/rodica-condurache\">Rodica Condurache<\/a>, 31 iul 2026  <\/div>\n<\/div>\n<div class=\"grup-articol-listing\">\n<div class=\"cont-pils\"><a href=\"https:\/\/ziaruldevrancea.ro\/timp-liber\/horoscop-31-iulie-2026\"><img decoding=\"async\" src=\"https:\/\/zdvi.cname.ro\/180_135\/timp-liber\/horoscop-31-iulie-2026\/mediaPool\/uA8enxT.jpg\" class=\"img-responsive img-180\" alt><\/a><\/div>\n<h2><a class=\"link-titlu\" href=\"https:\/\/ziaruldevrancea.ro\/timp-liber\/horoscop-31-iulie-2026\">Horoscop 31 iulie 2026 <\/a><\/h2>\n<div class=\"date-post\"><a href=\"https:\/\/ziaruldevrancea.ro\/autor\/rodica-condurache\">Rodica Condurache<\/a>, 31 iul 2026  <\/div>\n<\/div>\n<div class=\"grup-articol-listing\">\n<div class=\"cont-pils\"><a href=\"https:\/\/ziaruldevrancea.ro\/timp-liber\/calendarul-zilei-de-31-iulie-evenimente-personalitati-si-momente-care-au-marcat-aceasta-zi\"><img decoding=\"async\" src=\"https:\/\/zdvi.cname.ro\/180_135\/timp-liber\/calendarul-zilei-de-31-iulie-evenimente-personalitati-si-momente-care-au-marcat-aceasta-zi\/mediaPool\/uVFdgAV.jpg\" class=\"img-responsive img-180\" alt><\/a><\/div>\n<h2><a class=\"link-titlu\" href=\"https:\/\/ziaruldevrancea.ro\/timp-liber\/calendarul-zilei-de-31-iulie-evenimente-personalitati-si-momente-care-au-marcat-aceasta-zi\">Calendarul zilei de 31 iulie | Evenimente, personalit\u0103\u021bi \u0219i momente care au marcat aceast\u0103 zi<\/a><\/h2>\n<div class=\"date-post\"><a href=\"https:\/\/ziaruldevrancea.ro\/autor\/rodica-condurache\">Rodica Condurache<\/a>, 31 iul 2026  <\/div>\n<\/div>\n<\/div>\n<\/div>\n<\/div>\n<\/div>\n<div class=\"extra-articol listing-anunturi\">\n<h6>Anun\u021buri <span class=\"text-primary\">ZdV<\/span> Premium<\/h6>\n<div class=\"row\">\n<div class=\"col-lg-4 col-md-6 bloc-egal\"><a class=\"card-anunt\" href=\"https:\/\/ziaruldevrancea.ro\/anunturi\/imobiliare\/vanzari-case\/vand-casa-si-teren-in-panciu-anunt-72818\"><strong class=\"titlu\">V\u00e2nz\u0103ri case<\/strong><span class=\"text-anunt\">V\u00e2nd cas\u0103 cu 2 camere, buc\u0103t\u0103rie, baie,&#8230;<\/span><span class=\"data-anunt\">23.07.2026  <\/span><\/a><\/div>\n<div class=\"col-lg-4 col-md-6 bloc-egal\"><a class=\"card-anunt\" href=\"https:\/\/ziaruldevrancea.ro\/anunturi\/angajari\/cereri-angajari\/doresc-angajare-anunt-72815\"><strong class=\"titlu\">Cereri<\/strong><span class=\"text-anunt\">Doresc s\u0103 am grij\u0103 de un copil de gradini\u021b\u0103&#8230;<\/span><span class=\"data-anunt\">21.07.2026  <\/span><\/a><\/div>\n<div class=\"col-lg-4 col-md-6 bloc-egal\"><a class=\"card-anunt\" href=\"https:\/\/ziaruldevrancea.ro\/anunturi\/inchirieri\/locuinte-oferte\/primesc-in-gazda-anunt-72816\"><strong class=\"titlu\">Locuin\u021be oferte<\/strong><span class=\"text-anunt\">\u00a0Primesc \u00een gazd\u0103 la cas\u0103.<\/p>\n<p>Tel&#8230;.<\/span><span class=\"data-anunt\">21.07.2026  <\/span><\/a><\/div>\n<\/div>\n<\/div>\n<div class=\"bloc-widget widget-albastru\">\n    Ziarul de Vrancea \u00a0nu este responsabil juridic pentru con\u0163inutul textelor din comentariile de mai jos. Responsabilitatea pentru mesajele dumneavoastra v\u0103 revine \u00een exclusivitate.\n<\/div>\n<div class=\"comentarii-articol\" id=\"comentarii\">\n<h3>Comentarii: <span class=\"text-primary\">0<\/span><\/h3>\n<p><a href=\"https:\/\/ziaruldevrancea.ro\/actualitatea\/international\/mozaic-Stiri-internaTionale-lupta-cu-focul-continua-in-spania-si-in-franta\" class=\"btn btn-success btn-adauga-com\" data-toggle=\"modal\" data-parent=\"0\" data-target=\"#commentModal\">Adaug\u0103 comentariu<\/a><\/p>\n<div class=\"loadMask comments-mask\"><img decoding=\"async\" src=\"https:\/\/zdvs.cname.ro\/images\/loader_40.gif\"><\/div>\n<div class=\"comenteaza-jos\">Trebuie s\u0103 fii <a href=\"https:\/\/ziaruldevrancea.ro\/account\">autentificat<\/a> pentru a putea <a href=\"https:\/\/ziaruldevrancea.ro\/actualitatea\/international\/mozaic-Stiri-internaTionale-lupta-cu-focul-continua-in-spania-si-in-franta\" class data-toggle=\"modal\" data-parent=\"0\" data-target=\"#commentModal\">posta un comentariu<\/a>.<\/div>\n<\/div>\n<div class=\"modal fade\" id=\"commentModal\" role=\"dialog\" aria-labelledby=\"commentModalLabel\">\n<div class=\"modal-dialog modal-lg\" role=\"document\">\n<div class=\"modal-content\">\n<div class=\"modal-header\">\n<h3 class=\"modal-title\" id=\"commentModalLabel\">Comenteaz\u0103<\/h3>\n<\/div>\n<div class=\"modal-body\">\n<div class=\"tabel tabel-full\">\n<div class=\"celula\">\n              Trebuie s\u0103 fii <a href=\"https:\/\/ziaruldevrancea.ro\/account\">autentificat<\/a> pentru a putea posta un comentariu.\n            <\/div>\n<\/div>\n<\/div>\n<div class=\"modal-footer\">\n<div id=\"commentPending\" class=\"formPending pull-left\"><img decoding=\"async\" src=\"https:\/\/zdvs.cname.ro\/images\/loader_40.gif\"> In curs de procesare&#8230;<\/div>\n<p><a href=\"https:\/\/ziaruldevrancea.ro\/actualitatea\/international\/mozaic-Stiri-internaTionale-lupta-cu-focul-continua-in-spania-si-in-franta\" class=\"btn btn-default\" data-dismiss=\"modal\">Anuleaz\u0103<\/a><\/div>\n<\/div>\n<\/div>\n<\/div>\n<div class=\"modal fade\" id=\"commentReportModal\" role=\"dialog\" aria-labelledby=\"commentReportModalLabel\">\n<div class=\"modal-dialog modal-lg\" role=\"document\">\n<div class=\"modal-content\">\n<div class=\"modal-header\">\n<h3 class=\"modal-title\" id=\"commentReportModalLabel\">Raporteaza comentariu<\/h3>\n<\/div>\n<div class=\"modal-body\">\n<div class=\"tabel tabel-full\">\n<div class=\"celula\">\n              Trebuie s\u0103 fii <a href=\"https:\/\/ziaruldevrancea.ro\/account\">autentificat<\/a> pentru a putea raporta un comentariu.\n            <\/div>\n<\/div>\n<\/div>\n<div class=\"modal-footer\">\n<div id=\"commentReportPending\" class=\"formPending pull-left\"><img decoding=\"async\" src=\"https:\/\/zdvs.cname.ro\/images\/loader_40.gif\"> In curs de procesare&#8230;<\/div>\n<p><a href=\"https:\/\/ziaruldevrancea.ro\/actualitatea\/international\/mozaic-Stiri-internaTionale-lupta-cu-focul-continua-in-spania-si-in-franta\" class=\"btn btn-default\" data-dismiss=\"modal\">Anuleaz\u0103<\/a><\/div>\n<\/div>\n<\/div>\n<\/div>\n<div class=\"modal fade\" id=\"commentLikeModal\" role=\"dialog\" aria-labelledby=\"commentLikeModalLabel\">\n<div class=\"modal-dialog modal-lg\" role=\"document\">\n<div class=\"modal-content\">\n<div class=\"modal-header\">\n<h3 class=\"modal-title\" id=\"commentReportModalLabel\">Apreciaza comentariu<\/h3>\n<\/div>\n<div class=\"modal-body\">\n<div class=\"tabel tabel-full\">\n<div class=\"celula\">\n            Trebuie s\u0103 fii <a href=\"https:\/\/ziaruldevrancea.ro\/account\">autentificat<\/a> pentru a putea aprecia un comentariu.\n          <\/div>\n<\/div>\n<\/div>\n<div class=\"modal-footer\"><a href=\"https:\/\/ziaruldevrancea.ro\/actualitatea\/international\/mozaic-Stiri-internaTionale-lupta-cu-focul-continua-in-spania-si-in-franta\" class=\"btn btn-default\" data-dismiss=\"modal\">Anuleaz\u0103<\/a><\/div>\n<\/div>\n<\/div>\n<\/div>\n<div class=\"bloc-widget widget-rosu\"><span><small>Ziarul de Vrancea doreste ca acest site sa fie un spatiu al discutiilor civilizate, al comentariilor de bun simt. Din acest motiv, cei care posteaza comentarii la articole trebuie sa respecte urmatoarele reguli:<br \/>\n1. Sa se refere doar la articolul la care posteaza comentarii.<br \/>\n2. Sa foloseasca un limbaj civilizat, fara injurii, calomnii, comentarii antisemite, xenofobe sau rasiste.<br \/>\n3. Sunt interzise atacurile la adresa autorilor, daca acestea nu au legatura cu textul.<br \/>\n4. Username-ul sa nu fie nume de personalitati ale vietii publice sau parodieri ale acestora.<br \/>\nAutorul unui articol poate fi criticat pentru eventuale greseli, incoerenta, lipsa de documentare etc.<br \/>\nNerespectarea regulilor mentionate mai sus va duce la stergerea comentariilor, fara avertisment si fara explicatii.<br \/>\nAbaterile repetate vor avea drept consecinta interdictia accesului la aceasta facilitate a site-ului.<\/small><\/span><\/div>\n<\/div>\n<p>[analyse_source url=&#8221;https:\/\/ziaruldevrancea.ro\/actualitatea\/international\/mozaic-Stiri-internaTionale-lupta-cu-focul-continua-in-spania-si-in-franta&#8221;]<\/p>\n","protected":false},"excerpt":{"rendered":"<p>[analyse_image type=&#8221;featured&#8221; src=&#8221;https:\/\/zdvi.cname.ro\/_\/mozaic-Stiri-internaTionale-lupta-cu-focul-continua-in-spania-si-in-franta\/mediaPool\/uw8T1dH.jpeg&#8221;] Interna\u021bional MOZAIC \u0218TIRI INTERNA\u021aIONALE: Lupta cu focul continu\u0103 \u00een Spania \u015fi \u00een Fran\u0163a Distribuie: \u00a0 | Rodica Condurache 25 iul 2026365 vizualiz\u0103ri Peste 250.000 de persoane au fost evacuate din cauza incendiilor Incendiile de p\u0103dure care au sc\u0103pat de sub control \u00een Spania \u015fi Fran\u0163a au for\u0163at peste 250.000 de persoane s\u0103 [&hellip;]<\/p>\n","protected":false},"author":1,"featured_media":0,"comment_status":"open","ping_status":"","sticky":false,"template":"","format":"standard","meta":{"footnotes":""},"categories":[89],"tags":[226,208],"class_list":["post-2070086","post","type-post","status-publish","format-standard","hentry","category-romania","tag-crawlmanager","tag-ziaruldevrancea-ro"],"_links":{"self":[{"href":"https:\/\/analyse.optim.biz\/index.php?rest_route=\/wp\/v2\/posts\/2070086","targetHints":{"allow":["GET"]}}],"collection":[{"href":"https:\/\/analyse.optim.biz\/index.php?rest_route=\/wp\/v2\/posts"}],"about":[{"href":"https:\/\/analyse.optim.biz\/index.php?rest_route=\/wp\/v2\/types\/post"}],"author":[{"embeddable":true,"href":"https:\/\/analyse.optim.biz\/index.php?rest_route=\/wp\/v2\/users\/1"}],"replies":[{"embeddable":true,"href":"https:\/\/analyse.optim.biz\/index.php?rest_route=%2Fwp%2Fv2%2Fcomments&post=2070086"}],"version-history":[{"count":0,"href":"https:\/\/analyse.optim.biz\/index.php?rest_route=\/wp\/v2\/posts\/2070086\/revisions"}],"wp:attachment":[{"href":"https:\/\/analyse.optim.biz\/index.php?rest_route=%2Fwp%2Fv2%2Fmedia&parent=2070086"}],"wp:term":[{"taxonomy":"category","embeddable":true,"href":"https:\/\/analyse.optim.biz\/index.php?rest_route=%2Fwp%2Fv2%2Fcategories&post=2070086"},{"taxonomy":"post_tag","embeddable":true,"href":"https:\/\/analyse.optim.biz\/index.php?rest_route=%2Fwp%2Fv2%2Ftags&post=2070086"}],"curies":[{"name":"wp","href":"https:\/\/api.w.org\/{rel}","templated":true}]}}