{"id":2070082,"date":"2026-07-30T00:00:00","date_gmt":"2026-07-29T21:00:00","guid":{"rendered":"https:\/\/analyse.optim.biz\/?p=2070082"},"modified":"2026-07-30T00:00:00","modified_gmt":"2026-07-29T21:00:00","slug":"video-foto-41-de-elevi-din-mediul-rural-din-judetul-vrancea-recompensati-pentru-performantele-obtinute-la-evaluarea-nationala","status":"publish","type":"post","link":"https:\/\/analyse.optim.biz\/?p=2070082","title":{"rendered":"VIDEO + Foto | 41 de elevi din mediul rural din jude\u021bul Vrancea, recompensa\u021bi pentru performan\u021bele ob\u021binute la Evaluarea Na\u021bional\u0103"},"content":{"rendered":"<p>[analyse_image type=&#8221;featured&#8221; src=&#8221;https:\/\/zdvi.cname.ro\/_\/video&#8211;foto-41-de-elevi-din-mediul-rural-din-judetul-vrancea-recompensati-pentru-performantele-obtinute-la-evaluarea-nationala\/mediaPool\/uWHTj9m.jpeg&#8221;]<\/p>\n<div class=\"main-content detaliu-articol\"><a class=\"titlu-cat-list\" href=\"https:\/\/ziaruldevrancea.ro\/promo\/evenimente-speciale\">Evenimente speciale<\/a><\/p>\n<h1>VIDEO + Foto | 41 de elevi din mediul rural din jude\u021bul Vrancea, recompensa\u021bi pentru performan\u021bele ob\u021binute la Evaluarea Na\u021bional\u0103 <\/h1>\n<div class=\"date-articol clearfix\">\n<div class=\"distribuie-articol dropdown\">\n    Distribuie: \u00a0<br \/>\n    <em>|<\/em><\/div>\n<div class=\"autor-articol\"><a href=\"https:\/\/ziaruldevrancea.ro\/autor\/anca-vasiliu\/\"><img decoding=\"async\" class=\"img-circle\" src=\"https:\/\/zdvi.cname.ro\/50_50\/articleAuthor\/anca-vasiliu\/articleAuthor\/u3OxgX4.PNG\" alt><\/a><\/p>\n<h5><a href=\"https:\/\/ziaruldevrancea.ro\/autor\/anca-vasiliu\/\">Anca Vasiliu<\/a><\/h5>\n<div class=\"grup-spatiere\"><span class=\"cu-spatiere\">30 iul 2026<\/span><span class=\"cu-spatiere\">713 vizualiz\u0103ri<\/span><\/div>\n<\/div>\n<\/div>\n<div class=\"poza-mare\">\n<div class=\"poza-mare galerie-detaliu\">\n<div id=\"carousel-poza-mare\" class=\"carousel slide carusel-poza\" data-ride=\"carousel\" data-interval=\"0\">\n<div class=\"carousel-inner\" role=\"listbox\">\n<div class=\"item imagine-carusel active\"><a href class=\"openGallery\"><img decoding=\"async\" class=\"img-responsive\" src=\"https:\/\/zdvi.cname.ro\/850_530\/video--foto-41-de-elevi-din-mediul-rural-din-judetul-vrancea-recompensati-pentru-performantele-obtinute-la-evaluarea-nationala\/article\/mediaPool\/uWHTj9m.jpeg\" alt><\/a><\/div>\n<div class=\"item imagine-carusel \"><a href class=\"openGallery\"><img decoding=\"async\" class=\"img-responsive\" src=\"https:\/\/zdvi.cname.ro\/850_530\/video--foto-41-de-elevi-din-mediul-rural-din-judetul-vrancea-recompensati-pentru-performantele-obtinute-la-evaluarea-nationala\/article\/mediaPool\/uCSQaSV.jpeg\" alt><\/a><\/div>\n<div class=\"item imagine-carusel \"><a href class=\"openGallery\"><img decoding=\"async\" class=\"img-responsive\" src=\"https:\/\/zdvi.cname.ro\/850_530\/video--foto-41-de-elevi-din-mediul-rural-din-judetul-vrancea-recompensati-pentru-performantele-obtinute-la-evaluarea-nationala\/article\/mediaPool\/uBwrTp0.jpeg\" alt><\/a><\/div>\n<div class=\"item imagine-carusel \"><a href class=\"openGallery\"><img decoding=\"async\" class=\"img-responsive\" src=\"https:\/\/zdvi.cname.ro\/850_530\/video--foto-41-de-elevi-din-mediul-rural-din-judetul-vrancea-recompensati-pentru-performantele-obtinute-la-evaluarea-nationala\/article\/mediaPool\/uyXaFX4.jpeg\" alt><\/a><\/div>\n<div class=\"item imagine-carusel \"><a href class=\"openGallery\"><img decoding=\"async\" class=\"img-responsive\" src=\"https:\/\/zdvi.cname.ro\/850_530\/video--foto-41-de-elevi-din-mediul-rural-din-judetul-vrancea-recompensati-pentru-performantele-obtinute-la-evaluarea-nationala\/article\/mediaPool\/uXyEtv9.jpeg\" alt><\/a><\/div>\n<div class=\"item imagine-carusel \"><a href class=\"openGallery\"><img decoding=\"async\" class=\"img-responsive\" src=\"https:\/\/zdvi.cname.ro\/850_530\/video--foto-41-de-elevi-din-mediul-rural-din-judetul-vrancea-recompensati-pentru-performantele-obtinute-la-evaluarea-nationala\/article\/mediaPool\/uO8Wm3d.jpeg\" alt><\/a><\/div>\n<div class=\"item imagine-carusel \"><a href class=\"openGallery\"><img decoding=\"async\" class=\"img-responsive\" src=\"https:\/\/zdvi.cname.ro\/850_530\/video--foto-41-de-elevi-din-mediul-rural-din-judetul-vrancea-recompensati-pentru-performantele-obtinute-la-evaluarea-nationala\/article\/mediaPool\/uBEHjBi.jpeg\" alt><\/a><\/div>\n<div class=\"item imagine-carusel \"><a href class=\"openGallery\"><img decoding=\"async\" class=\"img-responsive\" src=\"https:\/\/zdvi.cname.ro\/850_530\/video--foto-41-de-elevi-din-mediul-rural-din-judetul-vrancea-recompensati-pentru-performantele-obtinute-la-evaluarea-nationala\/article\/mediaPool\/udzNoHr.jpeg\" alt><\/a><\/div>\n<div class=\"item imagine-carusel \"><a href class=\"openGallery\"><img decoding=\"async\" class=\"img-responsive\" src=\"https:\/\/zdvi.cname.ro\/850_530\/video--foto-41-de-elevi-din-mediul-rural-din-judetul-vrancea-recompensati-pentru-performantele-obtinute-la-evaluarea-nationala\/article\/mediaPool\/uGpjyfw.jpeg\" alt><\/a><\/div>\n<div class=\"item imagine-carusel \"><a href class=\"openGallery\"><img decoding=\"async\" class=\"img-responsive\" src=\"https:\/\/zdvi.cname.ro\/850_530\/video--foto-41-de-elevi-din-mediul-rural-din-judetul-vrancea-recompensati-pentru-performantele-obtinute-la-evaluarea-nationala\/article\/mediaPool\/ubidMNA.jpeg\" alt><\/a><\/div>\n<div class=\"item imagine-carusel \"><a href class=\"openGallery\"><img decoding=\"async\" class=\"img-responsive\" src=\"https:\/\/zdvi.cname.ro\/850_530\/video--foto-41-de-elevi-din-mediul-rural-din-judetul-vrancea-recompensati-pentru-performantele-obtinute-la-evaluarea-nationala\/article\/mediaPool\/ug1xaZC.jpg\" alt><\/a><\/div>\n<div class=\"item imagine-carusel \"><a href class=\"openGallery\"><img decoding=\"async\" class=\"img-responsive\" src=\"https:\/\/zdvi.cname.ro\/850_530\/video--foto-41-de-elevi-din-mediul-rural-din-judetul-vrancea-recompensati-pentru-performantele-obtinute-la-evaluarea-nationala\/article\/mediaPool\/uWLSNTH.jpg\" alt><\/a><\/div>\n<div class=\"item imagine-carusel \"><a href class=\"openGallery\"><img decoding=\"async\" class=\"img-responsive\" src=\"https:\/\/zdvi.cname.ro\/850_530\/video--foto-41-de-elevi-din-mediul-rural-din-judetul-vrancea-recompensati-pentru-performantele-obtinute-la-evaluarea-nationala\/article\/mediaPool\/uKRBuOM.jpg\" alt><\/a><\/div>\n<div class=\"item imagine-carusel \"><a href class=\"openGallery\"><img decoding=\"async\" class=\"img-responsive\" src=\"https:\/\/zdvi.cname.ro\/850_530\/video--foto-41-de-elevi-din-mediul-rural-din-judetul-vrancea-recompensati-pentru-performantele-obtinute-la-evaluarea-nationala\/article\/mediaPool\/umgBeJR.jpg\" alt><\/a><\/div>\n<\/div>\n<\/div>\n<div id=\"carousel-poze-mici\" class=\"carousel slide carusel-mici\" data-ride=\"carousel\" data-interval=\"0\">\n<div class=\"carousel-inner\" role=\"listbox\">\n<div class=\"item active\">\n<ul class=\"navigare-carusel-imagini\">\n<li data-target=\"#carousel-poza-mare\" data-slide-to=\"0\"><img decoding=\"async\" class=\"img-responsive\" src=\"https:\/\/zdvi.cname.ro\/_90\/video--foto-41-de-elevi-din-mediul-rural-din-judetul-vrancea-recompensati-pentru-performantele-obtinute-la-evaluarea-nationala\/article\/mediaPool\/uWHTj9m.jpeg\" alt><\/li>\n<li data-target=\"#carousel-poza-mare\" data-slide-to=\"1\"><img decoding=\"async\" class=\"img-responsive\" src=\"https:\/\/zdvi.cname.ro\/_90\/video--foto-41-de-elevi-din-mediul-rural-din-judetul-vrancea-recompensati-pentru-performantele-obtinute-la-evaluarea-nationala\/article\/mediaPool\/uCSQaSV.jpeg\" alt><\/li>\n<li data-target=\"#carousel-poza-mare\" data-slide-to=\"2\"><img decoding=\"async\" class=\"img-responsive\" src=\"https:\/\/zdvi.cname.ro\/_90\/video--foto-41-de-elevi-din-mediul-rural-din-judetul-vrancea-recompensati-pentru-performantele-obtinute-la-evaluarea-nationala\/article\/mediaPool\/uBwrTp0.jpeg\" alt><\/li>\n<li data-target=\"#carousel-poza-mare\" data-slide-to=\"3\"><img decoding=\"async\" class=\"img-responsive\" src=\"https:\/\/zdvi.cname.ro\/_90\/video--foto-41-de-elevi-din-mediul-rural-din-judetul-vrancea-recompensati-pentru-performantele-obtinute-la-evaluarea-nationala\/article\/mediaPool\/uyXaFX4.jpeg\" alt><\/li>\n<li data-target=\"#carousel-poza-mare\" data-slide-to=\"4\"><img decoding=\"async\" class=\"img-responsive\" src=\"https:\/\/zdvi.cname.ro\/_90\/video--foto-41-de-elevi-din-mediul-rural-din-judetul-vrancea-recompensati-pentru-performantele-obtinute-la-evaluarea-nationala\/article\/mediaPool\/uXyEtv9.jpeg\" alt><\/li>\n<\/ul>\n<\/div>\n<div class=\"item \">\n<ul class=\"navigare-carusel-imagini\">\n<li data-target=\"#carousel-poza-mare\" data-slide-to=\"5\"><img decoding=\"async\" class=\"img-responsive\" src=\"https:\/\/zdvi.cname.ro\/_90\/video--foto-41-de-elevi-din-mediul-rural-din-judetul-vrancea-recompensati-pentru-performantele-obtinute-la-evaluarea-nationala\/article\/mediaPool\/uO8Wm3d.jpeg\" alt><\/li>\n<li data-target=\"#carousel-poza-mare\" data-slide-to=\"6\"><img decoding=\"async\" class=\"img-responsive\" src=\"https:\/\/zdvi.cname.ro\/_90\/video--foto-41-de-elevi-din-mediul-rural-din-judetul-vrancea-recompensati-pentru-performantele-obtinute-la-evaluarea-nationala\/article\/mediaPool\/uBEHjBi.jpeg\" alt><\/li>\n<li data-target=\"#carousel-poza-mare\" data-slide-to=\"7\"><img decoding=\"async\" class=\"img-responsive\" src=\"https:\/\/zdvi.cname.ro\/_90\/video--foto-41-de-elevi-din-mediul-rural-din-judetul-vrancea-recompensati-pentru-performantele-obtinute-la-evaluarea-nationala\/article\/mediaPool\/udzNoHr.jpeg\" alt><\/li>\n<li data-target=\"#carousel-poza-mare\" data-slide-to=\"8\"><img decoding=\"async\" class=\"img-responsive\" src=\"https:\/\/zdvi.cname.ro\/_90\/video--foto-41-de-elevi-din-mediul-rural-din-judetul-vrancea-recompensati-pentru-performantele-obtinute-la-evaluarea-nationala\/article\/mediaPool\/uGpjyfw.jpeg\" alt><\/li>\n<li data-target=\"#carousel-poza-mare\" data-slide-to=\"9\"><img decoding=\"async\" class=\"img-responsive\" src=\"https:\/\/zdvi.cname.ro\/_90\/video--foto-41-de-elevi-din-mediul-rural-din-judetul-vrancea-recompensati-pentru-performantele-obtinute-la-evaluarea-nationala\/article\/mediaPool\/ubidMNA.jpeg\" alt><\/li>\n<\/ul>\n<\/div>\n<div class=\"item \">\n<ul class=\"navigare-carusel-imagini\">\n<li data-target=\"#carousel-poza-mare\" data-slide-to=\"10\"><img decoding=\"async\" class=\"img-responsive\" src=\"https:\/\/zdvi.cname.ro\/_90\/video--foto-41-de-elevi-din-mediul-rural-din-judetul-vrancea-recompensati-pentru-performantele-obtinute-la-evaluarea-nationala\/article\/mediaPool\/ug1xaZC.jpg\" alt><\/li>\n<li data-target=\"#carousel-poza-mare\" data-slide-to=\"11\"><img decoding=\"async\" class=\"img-responsive\" src=\"https:\/\/zdvi.cname.ro\/_90\/video--foto-41-de-elevi-din-mediul-rural-din-judetul-vrancea-recompensati-pentru-performantele-obtinute-la-evaluarea-nationala\/article\/mediaPool\/uWLSNTH.jpg\" alt><\/li>\n<li data-target=\"#carousel-poza-mare\" data-slide-to=\"12\"><img decoding=\"async\" class=\"img-responsive\" src=\"https:\/\/zdvi.cname.ro\/_90\/video--foto-41-de-elevi-din-mediul-rural-din-judetul-vrancea-recompensati-pentru-performantele-obtinute-la-evaluarea-nationala\/article\/mediaPool\/uKRBuOM.jpg\" alt><\/li>\n<li data-target=\"#carousel-poza-mare\" data-slide-to=\"13\"><img decoding=\"async\" class=\"img-responsive\" src=\"https:\/\/zdvi.cname.ro\/_90\/video--foto-41-de-elevi-din-mediul-rural-din-judetul-vrancea-recompensati-pentru-performantele-obtinute-la-evaluarea-nationala\/article\/mediaPool\/umgBeJR.jpg\" alt><\/li>\n<\/ul>\n<\/div>\n<\/div>\n<p><a class=\"control left\" href=\"https:\/\/ziaruldevrancea.ro\/promo\/evenimente-speciale\/video--foto-41-de-elevi-din-mediul-rural-din-judetul-vrancea-recompensati-pentru-performantele-obtinute-la-evaluarea-nationala#carousel-poze-mici\" role=\"button\" data-slide=\"prev\"><span class=\"sr-only\">Previous<\/span><\/a><a class=\"control right\" href=\"https:\/\/ziaruldevrancea.ro\/promo\/evenimente-speciale\/video--foto-41-de-elevi-din-mediul-rural-din-judetul-vrancea-recompensati-pentru-performantele-obtinute-la-evaluarea-nationala#carousel-poze-mici\" role=\"button\" data-slide=\"next\"><span class=\"sr-only\">Next<\/span><\/a><\/div>\n<\/div>\n<\/div>\n<p><strong>\u00a041 de elevi din mediul rural din jude\u021bul Vrancea, premia\u021bi pentru rezultatele de la Evaluarea Na\u021bional\u0103 2026 la o ceremonie organizat\u0103 de ACoR<\/strong><\/p>\n<p><strong>Festivitatea desf\u0103\u0219urat\u0103 la Muzeul Vrancei a reunit elevi, profesori, p\u0103rin\u021bi, primari \u0219i reprezentan\u021bi ai administra\u021biei jude\u021bene, \u00eentr-un eveniment dedicat recunoa\u0219terii performan\u021belor \u0219colare ob\u021binute \u00een comunele vr\u00e2ncene.<\/strong><\/p>\n<p><strong>41 de elevi din mediul rural, premia\u021bi pentru rezultatele de la Evaluarea Na\u021bional\u0103 2026 la o ceremonie organizat\u0103 de ACoR<\/strong><\/p>\n<iframe loading=\"lazy\" frameborder height=\"560\" scrolling=\"no\" src=\"https:\/\/www.youtube.com\/embed\/dN_1DzwxQrc?si=OPVfCXS5CXZlRLjm\" width=\"100%\"><\/iframe>\n<p>Patruzeci \u0219i unu de elevi din 17 unit\u0103\u021bi de \u00eenv\u0103\u021b\u0103m\u00e2nt din mediul rural vr\u00e2ncean, care au ob\u021binut medii peste 9,00 la Evaluarea Na\u021bional\u0103 2026, au fost recompensa\u021bi miercuri, 29 iulie, \u00een cadrul unei festivit\u0103\u021bi organizate de Filiala Jude\u021bean\u0103 Vrancea a Asocia\u021biei Comunelor din Rom\u00e2nia (ACoR). Evenimentul a avut loc la Muzeul Vrancei din Foc\u0219ani \u0219i a reunit elevi, profesori, p\u0103rin\u021bi, primari \u0219i reprezentan\u021bi ai institu\u021biilor jude\u021bene.<\/p>\n<p>Potrivit informa\u021biilor prezentate de Filiala Jude\u021bean\u0103 Vrancea ACoR, ceremonia a avut ca scop recunoa\u0219terea rezultatelor ob\u021binute de elevii care au \u00eencheiat ciclul gimnazial cu performan\u021be remarcabile, dar \u0219i eviden\u021bierea contribu\u021biei profesorilor, familiilor \u0219i comunit\u0103\u021bilor locale la aceste reu\u0219ite.<\/p>\n<p>La eveniment au participat, al\u0103turi de elevii premia\u021bi \u0219i de reprezentan\u021bii \u0219colilor, pre\u0219edintele Consiliului Jude\u021bean Vrancea, <strong>Nicu\u0219or Halici<\/strong>, inspectorul \u0219colar general adjunct <strong>Lauriana Ailincu\u021bei<\/strong>, precum \u0219i numero\u0219i primari din comunele vr\u00e2ncene.<\/p>\n<p>Festivitatea a fost deschis\u0103 de directorul Muzeului Vrancei, <strong>Valentin Musc\u0103<\/strong>, care i-a felicitat pe elevi pentru rezultatele ob\u021binute \u0219i a eviden\u021biat rolul profesorilor, al familiilor \u0219i al administra\u021biilor locale \u00een sus\u021binerea educa\u021biei.<\/p>\n<p>\u00cen interven\u021bia sa, pre\u0219edintele Filialei Jude\u021bene Vrancea ACoR, <strong>Viorel M\u00eerza<\/strong>, a transmis aprecierea organiza\u021biei pentru elevii premian\u021bi \u0219i pentru toate administra\u021biile locale care au sprijinit aceast\u0103 ini\u021biativ\u0103.<\/p>\n<p>Acesta a subliniat c\u0103 investi\u021biile realizate de prim\u0103rii \u00een infrastructura \u0219colar\u0103 \u2013 prin construirea \u0219i modernizarea unit\u0103\u021bilor de \u00eenv\u0103\u021b\u0103m\u00e2nt, dotarea acestora cu mobilier, echipamente digitale \u0219i materiale didactice, precum \u0219i amenajarea spa\u021biilor pentru activit\u0103\u021bi educa\u021bionale \u0219i sportive \u2013 contribuie la crearea unor condi\u021bii mai bune pentru procesul educa\u021bional.<\/p>\n<p>Totodat\u0103, Viorel M\u00eerza a eviden\u021biat importan\u021ba colabor\u0103rii dintre \u0219coal\u0103, familie \u0219i administra\u021bia local\u0103 \u00een ob\u021binerea rezultatelor \u0219colare.<\/p>\n<blockquote>\n<p><strong>\u201eRezultatele acestor copii sunt rodul colabor\u0103rii dintre \u0219coal\u0103, familie \u0219i primari, iar reu\u0219ita lor reprezint\u0103 o m\u00e2ndrie pentru comunit\u0103\u021bile locale \u0219i pentru jude\u021bul Vrancea\u201d<\/strong>, a transmis <strong>pre\u0219edintele Filialei Jude\u021bene Vrancea ACoR.<\/strong><\/p>\n<\/blockquote>\n<p><strong>Mesajul pre\u0219edintelui Consiliului Jude\u021bean Vrancea<\/strong><\/p>\n<p>\u00centr-un comunicat transmis dup\u0103 eveniment, Consiliul Jude\u021bean Vrancea a ar\u0103tat c\u0103 sus\u021bine ini\u021biativele dedicate promov\u0103rii performan\u021bei \u00een educa\u021bie \u0219i \u00eencuraj\u0103rii tinerilor care ob\u021bin rezultate deosebite.<\/p>\n<p>Pre\u0219edintele Consiliului Jude\u021bean, <strong>Nicu\u0219or Halici<\/strong>, i-a felicitat pe elevi, pe profesorii \u0219i pe p\u0103rin\u021bii acestora pentru rezultatele ob\u021binute \u0219i le-a transmis absolven\u021bilor un mesaj de \u00eencurajare pentru etapa urm\u0103toare a parcursului educa\u021bional.<\/p>\n<p>Totodat\u0103, acesta a adresat felicit\u0103ri conducerii Filialei Vrancea a ACoR \u0219i primarilor implica\u021bi \u00een organizarea ceremoniei, apreciind c\u0103 astfel de ini\u021biative transmit un mesaj important privind recunoa\u0219terea \u0219i sus\u021binerea performan\u021bei \u0219colare.<\/p>\n<p>Potrivit comunicatului Consiliului Jude\u021bean Vrancea, institu\u021bia \u00ee\u0219i propune s\u0103 continue sprijinirea proiectelor dedicate educa\u021biei \u0219i dezvolt\u0103rii tinerilor din jude\u021b.<\/p>\n<p><img decoding=\"async\" alt src=\"https:\/\/zdvi.cname.ro\/_\/mediaPool-file\/mediaPool\/uGA6z2e.jpg\"><\/p>\n<p><img decoding=\"async\" alt src=\"https:\/\/zdvi.cname.ro\/_\/mediaPool-file\/mediaPool\/uEIojO8.jpg\"><\/p>\n<p>Prin aceast\u0103 ceremonie, organizatorii au urm\u0103rit s\u0103 eviden\u021bieze performan\u021bele ob\u021binute de elevii din mediul rural \u0219i s\u0103 \u00eencurajeze continuarea investi\u021biilor \u00een educa\u021bie, considerat\u0103 un element important pentru dezvoltarea comunit\u0103\u021bilor locale \u0219i pentru formarea noilor genera\u021bii.<\/p>\n<p><strong>Anca Vasiliu<\/strong><\/p>\n<hr>\n<div class=\"bloc-widget widget-rosu\">\n<p>\u00cen lipsa unui acord scris din partea Ziarului de Vrancea, pute\u0163i prelua maxim 500 de caractere din acest articol dac\u0103 preciza\u0163i sursa \u015fi insera\u0163i vizibil link-ul articolului:\u00a0<span>#insertcurrentlinkhere<\/span><\/p>\n<\/div>\n<div class=\"extra-articol listing-anunturi\">\n<h6>Anun\u021buri <span class=\"text-primary\">ZdV<\/span> Premium<\/h6>\n<div class=\"row\">\n<div class=\"col-lg-4 col-md-6 bloc-egal\"><a class=\"card-anunt\" href=\"https:\/\/ziaruldevrancea.ro\/anunturi\/imobiliare\/vanzari-terenuri\/vand-teren-in-panciu\"><strong class=\"titlu\">V\u00e2nz\u0103ri terenuri<\/strong><span class=\"text-anunt\">Teren Panciu 1170 mp, cu num\u0103r cas\u0103, ap\u0103&#8230;<\/span><span class=\"data-anunt\">29.07.2026  <\/span><\/a><\/div>\n<div class=\"col-lg-4 col-md-6 bloc-egal\"><a class=\"card-anunt\" href=\"https:\/\/ziaruldevrancea.ro\/anunturi\/altele\/anulare-acte\/vand-scrumbii-afumate-capturi-dunare\"><strong class=\"titlu\">Vanzari diverse<\/strong><span class=\"text-anunt\">Pret : 117 lei \/ kg . \u00a0 Este&#8230;<\/span><span class=\"data-anunt\">29.07.2026 , Gala\u021bi , Gala\u021bi<\/span><\/a><\/div>\n<div class=\"col-lg-4 col-md-6 bloc-egal\"><a class=\"card-anunt\" href=\"https:\/\/ziaruldevrancea.ro\/anunturi\/necrolog\/decese\/dumnezeu-sa-o-aseze-in-randul-celor-drepti\"><strong class=\"titlu\">Decese<\/strong><span class=\"text-anunt\">Cu profund\u0103 durere, familia anun\u021b\u0103 trecerea la&#8230;<\/span><span class=\"data-anunt\">28.07.2026  <\/span><\/a><\/div>\n<\/div>\n<\/div>\n<div class=\"extra-articol alte-articole\">\n<div class=\"row\">\n<div class=\"col-lg-6 bloc-egal\">\n<div class=\"card articol-listing\">\n<h6>\u00cen categoria <a href=\"https:\/\/ziaruldevrancea.ro\/promo\/evenimente-speciale\">Evenimente speciale<\/a><\/h6>\n<div class=\"grup-articol-listing\">\n<div class=\"cont-pils\"><a href=\"https:\/\/ziaruldevrancea.ro\/promo\/evenimente-speciale\/astazi-este-ziua-spitalului-militar-de-urgenta-dr.-alexandru-popescu-focsani.implineste-194-de-ani.la-multi-ani\"><img decoding=\"async\" src=\"https:\/\/zdvi.cname.ro\/180_135\/promo\/evenimente-speciale\/astazi-este-ziua-spitalului-militar-de-urgenta-dr.-alexandru-popescu-focsani.implineste-194-de-ani.la-multi-ani\/mediaPool\/uphkTuP.jpg\" class=\"img-responsive img-180\" alt><\/a><\/div>\n<h2><a class=\"link-titlu\" href=\"https:\/\/ziaruldevrancea.ro\/promo\/evenimente-speciale\/astazi-este-ziua-spitalului-militar-de-urgenta-dr.-alexandru-popescu-focsani.implineste-194-de-ani.la-multi-ani\">Ast\u0103zi este Ziua Spitalului Militar de Urgen\u021b\u0103 \u201eDr. Alexandru Popescu\u201d din Foc\u0219ani. \u00cempline\u0219te 194 de ani. La mul\u021bi ani!<\/a><\/h2>\n<div class=\"date-post\"><a href=\"https:\/\/ziaruldevrancea.ro\/autor\/radu-tomescu\">Radu Tomescu<\/a>, 30 iul 2026  <\/div>\n<\/div>\n<div class=\"grup-articol-listing\">\n<div class=\"cont-pils\"><a href=\"https:\/\/ziaruldevrancea.ro\/promo\/evenimente-speciale\/un-nou-motiv-de-mandrie-pentru-vrancea-catalin-olteanu-din-ciorasti-convocat-din-nou-la-nationala-soferilor-romaniei-pentru-meciul-caritabil-cu-spania\"><img decoding=\"async\" src=\"https:\/\/zdvi.cname.ro\/180_135\/promo\/evenimente-speciale\/un-nou-motiv-de-mandrie-pentru-vrancea-catalin-olteanu-din-ciorasti-convocat-din-nou-la-nationala-soferilor-romaniei-pentru-meciul-caritabil-cu-spania\/mediaPool\/utt9MaV.jpg\" class=\"img-responsive img-180\" alt><\/a><\/div>\n<h2><a class=\"link-titlu\" href=\"https:\/\/ziaruldevrancea.ro\/promo\/evenimente-speciale\/un-nou-motiv-de-mandrie-pentru-vrancea-catalin-olteanu-din-ciorasti-convocat-din-nou-la-nationala-soferilor-romaniei-pentru-meciul-caritabil-cu-spania\">VIDEO | C\u0103t\u0103lin Olteanu, din Cior\u0103\u0219ti, convocat din nou la Na\u021bionala \u0218oferilor Rom\u00e2niei pentru meciul caritabil cu Spania<\/a><\/h2>\n<div class=\"date-post\"><a href=\"https:\/\/ziaruldevrancea.ro\/autor\/eduard-dascalu\">Eduard Dasc\u0103lu<\/a>, 28 iul 2026  <\/div>\n<\/div>\n<div class=\"grup-articol-listing\">\n<div class=\"cont-pils\"><a href=\"https:\/\/ziaruldevrancea.ro\/promo\/evenimente-speciale\/sediul-modernizat-al-primariei-focsani-a-fost-sfintit\"><img decoding=\"async\" src=\"https:\/\/zdvi.cname.ro\/180_135\/promo\/evenimente-speciale\/sediul-modernizat-al-primariei-focsani-a-fost-sfintit\/mediaPool\/uhoIssI.jpg\" class=\"img-responsive img-180\" alt><\/a><\/div>\n<h2><a class=\"link-titlu\" href=\"https:\/\/ziaruldevrancea.ro\/promo\/evenimente-speciale\/sediul-modernizat-al-primariei-focsani-a-fost-sfintit\">Sediul modernizat al Prim\u0103riei Foc\u0219ani a fost sfin\u021bit<\/a><\/h2>\n<div class=\"date-post\"><a href=\"https:\/\/ziaruldevrancea.ro\/autor\/paul-petrache\">Paul Petrache<\/a>, 27 iul 2026  <\/div>\n<\/div>\n<\/div>\n<\/div>\n<div class=\"col-lg-6 bloc-egal\">\n<div class=\"card articol-listing\">\n<h6>De acela\u0219i <a href=\"https:\/\/ziaruldevrancea.ro\/autor\/anca-vasiliu\/\">autor<\/a><\/h6>\n<div class=\"grup-articol-listing\">\n<div class=\"cont-pils\"><a href=\"https:\/\/ziaruldevrancea.ro\/special\/educatie\/inca-o-echipa-de-elevi-ai-colegiului-national-unirea-din-focsani-pe-podium-la-festivalul-international-boovie-2026\"><img decoding=\"async\" src=\"https:\/\/zdvi.cname.ro\/180_135\/special\/educatie\/inca-o-echipa-de-elevi-ai-colegiului-national-unirea-din-focsani-pe-podium-la-festivalul-international-boovie-2026\/mediaPool\/utlFpD9.jpg\" class=\"img-responsive img-180\" alt><\/a><\/div>\n<h2><a class=\"link-titlu\" href=\"https:\/\/ziaruldevrancea.ro\/special\/educatie\/inca-o-echipa-de-elevi-ai-colegiului-national-unirea-din-focsani-pe-podium-la-festivalul-international-boovie-2026\">\u00cenc\u0103 o echip\u0103 de elevi ai Colegiului Na\u021bional \u201eUnirea\u201d din Foc\u0219ani pe podium la Festivalul Interna\u021bional Boovie 2026<\/a><\/h2>\n<div class=\"date-post\"><a href=\"https:\/\/ziaruldevrancea.ro\/autor\/anca-vasiliu\">Anca Vasiliu<\/a>, 29 iul 2026  <\/div>\n<\/div>\n<div class=\"grup-articol-listing\">\n<div class=\"cont-pils\"><a href=\"https:\/\/ziaruldevrancea.ro\/actualitatea\/stiri-locale\/doliu-la-spitalul-judetean-focsani-dr.-stelian-ghinea-medicul-radiolog-care-a-dedicat-35-de-ani-sanatatii-vrancenilor-a-incetat-din-viata-la-84-de-ani\"><img decoding=\"async\" src=\"https:\/\/zdvi.cname.ro\/180_135\/actualitatea\/stiri-locale\/doliu-la-spitalul-judetean-focsani-dr.-stelian-ghinea-medicul-radiolog-care-a-dedicat-35-de-ani-sanatatii-vrancenilor-a-incetat-din-viata-la-84-de-ani\/mediaPool\/uBkQiQj.jpg\" class=\"img-responsive img-180\" alt><\/a><\/div>\n<h2><a class=\"link-titlu\" href=\"https:\/\/ziaruldevrancea.ro\/actualitatea\/stiri-locale\/doliu-la-spitalul-judetean-focsani-dr.-stelian-ghinea-medicul-radiolog-care-a-dedicat-35-de-ani-sanatatii-vrancenilor-a-incetat-din-viata-la-84-de-ani\">Doliu la Spitalul Jude\u021bean Foc\u0219ani: Dr. Stelian Ghinea, medicul radiolog care a dedicat 35 de ani s\u0103n\u0103t\u0103\u021bii vr\u00e2ncenilor, a \u00eencetat din via\u021b\u0103 la 84 de ani<\/a><\/h2>\n<div class=\"date-post\"><a href=\"https:\/\/ziaruldevrancea.ro\/autor\/anca-vasiliu\">Anca Vasiliu<\/a>, 28 iul 2026  <\/div>\n<\/div>\n<div class=\"grup-articol-listing\">\n<div class=\"cont-pils\"><a href=\"https:\/\/ziaruldevrancea.ro\/actualitatea\/stiri-locale\/19-ani-fara-dumitru-pricop.-vrancea-il-comemoreaza-pe-poetul-vrancei-una-dintre-marile-voci-ale-literaturii-locale\"><img decoding=\"async\" src=\"https:\/\/zdvi.cname.ro\/180_135\/actualitatea\/stiri-locale\/19-ani-fara-dumitru-pricop.-vrancea-il-comemoreaza-pe-poetul-vrancei-una-dintre-marile-voci-ale-literaturii-locale\/mediaPool\/usza3i3.jpg\" class=\"img-responsive img-180\" alt><\/a><\/div>\n<h2><a class=\"link-titlu\" href=\"https:\/\/ziaruldevrancea.ro\/actualitatea\/stiri-locale\/19-ani-fara-dumitru-pricop.-vrancea-il-comemoreaza-pe-poetul-vrancei-una-dintre-marile-voci-ale-literaturii-locale\">19 ani f\u0103r\u0103 Dumitru Pricop. Vrancea \u00eel comemoreaz\u0103 pe \u201ePoetul Vrancei\u201d, una dintre marile voci ale literaturii locale<\/a><\/h2>\n<div class=\"date-post\"><a href=\"https:\/\/ziaruldevrancea.ro\/autor\/anca-vasiliu\">Anca Vasiliu<\/a>, 27 iul 2026  <\/div>\n<\/div>\n<\/div>\n<\/div>\n<\/div>\n<\/div>\n<div class=\"extra-articol listing-anunturi\">\n<h6>Anun\u021buri <span class=\"text-primary\">ZdV<\/span> Premium<\/h6>\n<div class=\"row\">\n<div class=\"col-lg-4 col-md-6 bloc-egal\"><a class=\"card-anunt\" href=\"https:\/\/ziaruldevrancea.ro\/anunturi\/imobiliare\/vanzari-case\/vand-casa-si-teren-in-panciu-anunt-72818\"><strong class=\"titlu\">V\u00e2nz\u0103ri case<\/strong><span class=\"text-anunt\">V\u00e2nd cas\u0103 cu 2 camere, buc\u0103t\u0103rie, baie,&#8230;<\/span><span class=\"data-anunt\">23.07.2026  <\/span><\/a><\/div>\n<div class=\"col-lg-4 col-md-6 bloc-egal\"><a class=\"card-anunt\" href=\"https:\/\/ziaruldevrancea.ro\/anunturi\/angajari\/cereri-angajari\/doresc-angajare-anunt-72815\"><strong class=\"titlu\">Cereri<\/strong><span class=\"text-anunt\">Doresc s\u0103 am grij\u0103 de un copil de gradini\u021b\u0103&#8230;<\/span><span class=\"data-anunt\">21.07.2026  <\/span><\/a><\/div>\n<div class=\"col-lg-4 col-md-6 bloc-egal\"><a class=\"card-anunt\" href=\"https:\/\/ziaruldevrancea.ro\/anunturi\/inchirieri\/locuinte-oferte\/primesc-in-gazda-anunt-72816\"><strong class=\"titlu\">Locuin\u021be oferte<\/strong><span class=\"text-anunt\">\u00a0Primesc \u00een gazd\u0103 la cas\u0103.<\/p>\n<p>Tel&#8230;.<\/span><span class=\"data-anunt\">21.07.2026  <\/span><\/a><\/div>\n<\/div>\n<\/div>\n<div class=\"bloc-widget widget-albastru\">\n    Ziarul de Vrancea \u00a0nu este responsabil juridic pentru con\u0163inutul textelor din comentariile de mai jos. Responsabilitatea pentru mesajele dumneavoastra v\u0103 revine \u00een exclusivitate.\n<\/div>\n<div class=\"comentarii-articol\" id=\"comentarii\">\n<h3>Comentarii: <span class=\"text-primary\">0<\/span><\/h3>\n<p><a href=\"https:\/\/ziaruldevrancea.ro\/promo\/evenimente-speciale\/video--foto-41-de-elevi-din-mediul-rural-din-judetul-vrancea-recompensati-pentru-performantele-obtinute-la-evaluarea-nationala\" class=\"btn btn-success btn-adauga-com\" data-toggle=\"modal\" data-parent=\"0\" data-target=\"#commentModal\">Adaug\u0103 comentariu<\/a><\/p>\n<div class=\"loadMask comments-mask\"><img decoding=\"async\" src=\"https:\/\/zdvs.cname.ro\/images\/loader_40.gif\"><\/div>\n<div class=\"comenteaza-jos\">Trebuie s\u0103 fii <a href=\"https:\/\/ziaruldevrancea.ro\/account\">autentificat<\/a> pentru a putea <a href=\"https:\/\/ziaruldevrancea.ro\/promo\/evenimente-speciale\/video--foto-41-de-elevi-din-mediul-rural-din-judetul-vrancea-recompensati-pentru-performantele-obtinute-la-evaluarea-nationala\" class data-toggle=\"modal\" data-parent=\"0\" data-target=\"#commentModal\">posta un comentariu<\/a>.<\/div>\n<\/div>\n<div class=\"modal fade\" id=\"commentModal\" role=\"dialog\" aria-labelledby=\"commentModalLabel\">\n<div class=\"modal-dialog modal-lg\" role=\"document\">\n<div class=\"modal-content\">\n<div class=\"modal-header\">\n<h3 class=\"modal-title\" id=\"commentModalLabel\">Comenteaz\u0103<\/h3>\n<\/div>\n<div class=\"modal-body\">\n<div class=\"tabel tabel-full\">\n<div class=\"celula\">\n              Trebuie s\u0103 fii <a href=\"https:\/\/ziaruldevrancea.ro\/account\">autentificat<\/a> pentru a putea posta un comentariu.\n            <\/div>\n<\/div>\n<\/div>\n<div class=\"modal-footer\">\n<div id=\"commentPending\" class=\"formPending pull-left\"><img decoding=\"async\" src=\"https:\/\/zdvs.cname.ro\/images\/loader_40.gif\"> In curs de procesare&#8230;<\/div>\n<p><a href=\"https:\/\/ziaruldevrancea.ro\/promo\/evenimente-speciale\/video--foto-41-de-elevi-din-mediul-rural-din-judetul-vrancea-recompensati-pentru-performantele-obtinute-la-evaluarea-nationala\" class=\"btn btn-default\" data-dismiss=\"modal\">Anuleaz\u0103<\/a><\/div>\n<\/div>\n<\/div>\n<\/div>\n<div class=\"modal fade\" id=\"commentReportModal\" role=\"dialog\" aria-labelledby=\"commentReportModalLabel\">\n<div class=\"modal-dialog modal-lg\" role=\"document\">\n<div class=\"modal-content\">\n<div class=\"modal-header\">\n<h3 class=\"modal-title\" id=\"commentReportModalLabel\">Raporteaza comentariu<\/h3>\n<\/div>\n<div class=\"modal-body\">\n<div class=\"tabel tabel-full\">\n<div class=\"celula\">\n              Trebuie s\u0103 fii <a href=\"https:\/\/ziaruldevrancea.ro\/account\">autentificat<\/a> pentru a putea raporta un comentariu.\n            <\/div>\n<\/div>\n<\/div>\n<div class=\"modal-footer\">\n<div id=\"commentReportPending\" class=\"formPending pull-left\"><img decoding=\"async\" src=\"https:\/\/zdvs.cname.ro\/images\/loader_40.gif\"> In curs de procesare&#8230;<\/div>\n<p><a href=\"https:\/\/ziaruldevrancea.ro\/promo\/evenimente-speciale\/video--foto-41-de-elevi-din-mediul-rural-din-judetul-vrancea-recompensati-pentru-performantele-obtinute-la-evaluarea-nationala\" class=\"btn btn-default\" data-dismiss=\"modal\">Anuleaz\u0103<\/a><\/div>\n<\/div>\n<\/div>\n<\/div>\n<div class=\"modal fade\" id=\"commentLikeModal\" role=\"dialog\" aria-labelledby=\"commentLikeModalLabel\">\n<div class=\"modal-dialog modal-lg\" role=\"document\">\n<div class=\"modal-content\">\n<div class=\"modal-header\">\n<h3 class=\"modal-title\" id=\"commentReportModalLabel\">Apreciaza comentariu<\/h3>\n<\/div>\n<div class=\"modal-body\">\n<div class=\"tabel tabel-full\">\n<div class=\"celula\">\n            Trebuie s\u0103 fii <a href=\"https:\/\/ziaruldevrancea.ro\/account\">autentificat<\/a> pentru a putea aprecia un comentariu.\n          <\/div>\n<\/div>\n<\/div>\n<div class=\"modal-footer\"><a href=\"https:\/\/ziaruldevrancea.ro\/promo\/evenimente-speciale\/video--foto-41-de-elevi-din-mediul-rural-din-judetul-vrancea-recompensati-pentru-performantele-obtinute-la-evaluarea-nationala\" class=\"btn btn-default\" data-dismiss=\"modal\">Anuleaz\u0103<\/a><\/div>\n<\/div>\n<\/div>\n<\/div>\n<div class=\"bloc-widget widget-rosu\"><span><small>Ziarul de Vrancea doreste ca acest site sa fie un spatiu al discutiilor civilizate, al comentariilor de bun simt. Din acest motiv, cei care posteaza comentarii la articole trebuie sa respecte urmatoarele reguli:<br \/>\n1. Sa se refere doar la articolul la care posteaza comentarii.<br \/>\n2. Sa foloseasca un limbaj civilizat, fara injurii, calomnii, comentarii antisemite, xenofobe sau rasiste.<br \/>\n3. Sunt interzise atacurile la adresa autorilor, daca acestea nu au legatura cu textul.<br \/>\n4. Username-ul sa nu fie nume de personalitati ale vietii publice sau parodieri ale acestora.<br \/>\nAutorul unui articol poate fi criticat pentru eventuale greseli, incoerenta, lipsa de documentare etc.<br \/>\nNerespectarea regulilor mentionate mai sus va duce la stergerea comentariilor, fara avertisment si fara explicatii.<br \/>\nAbaterile repetate vor avea drept consecinta interdictia accesului la aceasta facilitate a site-ului.<\/small><\/span><\/div>\n<\/div>\n<p>[analyse_source url=&#8221;https:\/\/ziaruldevrancea.ro\/promo\/evenimente-speciale\/video&#8211;foto-41-de-elevi-din-mediul-rural-din-judetul-vrancea-recompensati-pentru-performantele-obtinute-la-evaluarea-nationala&#8221;]<\/p>\n","protected":false},"excerpt":{"rendered":"<p>[analyse_image type=&#8221;featured&#8221; src=&#8221;https:\/\/zdvi.cname.ro\/_\/video&#8211;foto-41-de-elevi-din-mediul-rural-din-judetul-vrancea-recompensati-pentru-performantele-obtinute-la-evaluarea-nationala\/mediaPool\/uWHTj9m.jpeg&#8221;] Evenimente speciale VIDEO + Foto | 41 de elevi din mediul rural din jude\u021bul Vrancea, recompensa\u021bi pentru performan\u021bele ob\u021binute la Evaluarea Na\u021bional\u0103 Distribuie: \u00a0 | Anca Vasiliu 30 iul 2026713 vizualiz\u0103ri PreviousNext \u00a041 de elevi din mediul rural din jude\u021bul Vrancea, premia\u021bi pentru rezultatele de la Evaluarea Na\u021bional\u0103 2026 la o ceremonie [&hellip;]<\/p>\n","protected":false},"author":1,"featured_media":0,"comment_status":"open","ping_status":"","sticky":false,"template":"","format":"standard","meta":{"footnotes":""},"categories":[89],"tags":[226,208],"class_list":["post-2070082","post","type-post","status-publish","format-standard","hentry","category-romania","tag-crawlmanager","tag-ziaruldevrancea-ro"],"_links":{"self":[{"href":"https:\/\/analyse.optim.biz\/index.php?rest_route=\/wp\/v2\/posts\/2070082","targetHints":{"allow":["GET"]}}],"collection":[{"href":"https:\/\/analyse.optim.biz\/index.php?rest_route=\/wp\/v2\/posts"}],"about":[{"href":"https:\/\/analyse.optim.biz\/index.php?rest_route=\/wp\/v2\/types\/post"}],"author":[{"embeddable":true,"href":"https:\/\/analyse.optim.biz\/index.php?rest_route=\/wp\/v2\/users\/1"}],"replies":[{"embeddable":true,"href":"https:\/\/analyse.optim.biz\/index.php?rest_route=%2Fwp%2Fv2%2Fcomments&post=2070082"}],"version-history":[{"count":0,"href":"https:\/\/analyse.optim.biz\/index.php?rest_route=\/wp\/v2\/posts\/2070082\/revisions"}],"wp:attachment":[{"href":"https:\/\/analyse.optim.biz\/index.php?rest_route=%2Fwp%2Fv2%2Fmedia&parent=2070082"}],"wp:term":[{"taxonomy":"category","embeddable":true,"href":"https:\/\/analyse.optim.biz\/index.php?rest_route=%2Fwp%2Fv2%2Fcategories&post=2070082"},{"taxonomy":"post_tag","embeddable":true,"href":"https:\/\/analyse.optim.biz\/index.php?rest_route=%2Fwp%2Fv2%2Ftags&post=2070082"}],"curies":[{"name":"wp","href":"https:\/\/api.w.org\/{rel}","templated":true}]}}