{"id":2070074,"date":"2026-07-27T00:00:00","date_gmt":"2026-07-26T21:00:00","guid":{"rendered":"https:\/\/analyse.optim.biz\/?p=2070074"},"modified":"2026-07-27T00:00:00","modified_gmt":"2026-07-26T21:00:00","slug":"sediul-modernizat-al-primariei-focsani-a-fost-sfintit","status":"publish","type":"post","link":"https:\/\/analyse.optim.biz\/?p=2070074","title":{"rendered":"Sediul modernizat al Prim\u0103riei Foc\u0219ani a fost sfin\u021bit"},"content":{"rendered":"<p>[analyse_image type=&#8221;featured&#8221; src=&#8221;https:\/\/zdvi.cname.ro\/_\/sediul-modernizat-al-primariei-focsani-a-fost-sfintit\/mediaPool\/uhoIssI.jpg&#8221;]<\/p>\n<div class=\"main-content detaliu-articol\"><a class=\"titlu-cat-list\" href=\"https:\/\/ziaruldevrancea.ro\/promo\/evenimente-speciale\">Evenimente speciale<\/a><\/p>\n<h1>Sediul modernizat al Prim\u0103riei Foc\u0219ani a fost sfin\u021bit<\/h1>\n<div class=\"date-articol clearfix\">\n<div class=\"distribuie-articol dropdown\">\n    Distribuie: \u00a0<br \/>\n    <em>|<\/em><\/div>\n<div class=\"autor-articol\"><a href=\"https:\/\/ziaruldevrancea.ro\/autor\/paul-petrache\/\"><img decoding=\"async\" class=\"img-circle\" src=\"https:\/\/zdvi.cname.ro\/50_50\/articleAuthor\/paul-petrache\/articleAuthor\/uNItZQs.PNG\" alt><\/a><\/p>\n<h5><a href=\"https:\/\/ziaruldevrancea.ro\/autor\/paul-petrache\/\">Paul Petrache<\/a><\/h5>\n<div class=\"grup-spatiere\"><span class=\"cu-spatiere\">27 iul 2026<\/span><span class=\"cu-spatiere\">1169 vizualiz\u0103ri<\/span><\/div>\n<\/div>\n<\/div>\n<div class=\"poza-mare\">\n<div class=\"poza-mare galerie-detaliu\">\n<div id=\"carousel-poza-mare\" class=\"carousel slide carusel-poza\" data-ride=\"carousel\" data-interval=\"0\">\n<div class=\"carousel-inner\" role=\"listbox\">\n<div class=\"item imagine-carusel active\"><a href class=\"openGallery\"><img decoding=\"async\" class=\"img-responsive\" src=\"https:\/\/zdvi.cname.ro\/850_530\/sediul-modernizat-al-primariei-focsani-a-fost-sfintit\/article\/mediaPool\/uhoIssI.jpg\" alt><\/a><\/div>\n<div class=\"item imagine-carusel \"><a href class=\"openGallery\"><img decoding=\"async\" class=\"img-responsive\" src=\"https:\/\/zdvi.cname.ro\/850_530\/sediul-modernizat-al-primariei-focsani-a-fost-sfintit\/article\/mediaPool\/uZL36ZF.jpg\" alt><\/a><\/div>\n<div class=\"item imagine-carusel \"><a href class=\"openGallery\"><img decoding=\"async\" class=\"img-responsive\" src=\"https:\/\/zdvi.cname.ro\/850_530\/sediul-modernizat-al-primariei-focsani-a-fost-sfintit\/article\/mediaPool\/uFfuQUK.jpg\" alt><\/a><\/div>\n<div class=\"item imagine-carusel \"><a href class=\"openGallery\"><img decoding=\"async\" class=\"img-responsive\" src=\"https:\/\/zdvi.cname.ro\/850_530\/sediul-modernizat-al-primariei-focsani-a-fost-sfintit\/article\/mediaPool\/uvjEgnN.jpg\" alt><\/a><\/div>\n<div class=\"item imagine-carusel \"><a href class=\"openGallery\"><img decoding=\"async\" class=\"img-responsive\" src=\"https:\/\/zdvi.cname.ro\/850_530\/sediul-modernizat-al-primariei-focsani-a-fost-sfintit\/article\/mediaPool\/u5sJIPP.jpg\" alt><\/a><\/div>\n<div class=\"item imagine-carusel \"><a href class=\"openGallery\"><img decoding=\"async\" class=\"img-responsive\" src=\"https:\/\/zdvi.cname.ro\/850_530\/sediul-modernizat-al-primariei-focsani-a-fost-sfintit\/article\/mediaPool\/uFSBciS.jpg\" alt><\/a><\/div>\n<div class=\"item imagine-carusel \"><a href class=\"openGallery\"><img decoding=\"async\" class=\"img-responsive\" src=\"https:\/\/zdvi.cname.ro\/850_530\/sediul-modernizat-al-primariei-focsani-a-fost-sfintit\/article\/mediaPool\/utKqIKU.jpg\" alt><\/a><\/div>\n<div class=\"item imagine-carusel \"><a href class=\"openGallery\"><img decoding=\"async\" class=\"img-responsive\" src=\"https:\/\/zdvi.cname.ro\/850_530\/sediul-modernizat-al-primariei-focsani-a-fost-sfintit\/article\/mediaPool\/ubawhdX.jpg\" alt><\/a><\/div>\n<div class=\"item imagine-carusel \"><a href class=\"openGallery\"><img decoding=\"async\" class=\"img-responsive\" src=\"https:\/\/zdvi.cname.ro\/850_530\/sediul-modernizat-al-primariei-focsani-a-fost-sfintit\/article\/mediaPool\/uRV6TFZ.jpg\" alt><\/a><\/div>\n<\/div>\n<\/div>\n<div id=\"carousel-poze-mici\" class=\"carousel slide carusel-mici\" data-ride=\"carousel\" data-interval=\"0\">\n<div class=\"carousel-inner\" role=\"listbox\">\n<div class=\"item active\">\n<ul class=\"navigare-carusel-imagini\">\n<li data-target=\"#carousel-poza-mare\" data-slide-to=\"0\"><img decoding=\"async\" class=\"img-responsive\" src=\"https:\/\/zdvi.cname.ro\/_90\/sediul-modernizat-al-primariei-focsani-a-fost-sfintit\/article\/mediaPool\/uhoIssI.jpg\" alt><\/li>\n<li data-target=\"#carousel-poza-mare\" data-slide-to=\"1\"><img decoding=\"async\" class=\"img-responsive\" src=\"https:\/\/zdvi.cname.ro\/_90\/sediul-modernizat-al-primariei-focsani-a-fost-sfintit\/article\/mediaPool\/uZL36ZF.jpg\" alt><\/li>\n<li data-target=\"#carousel-poza-mare\" data-slide-to=\"2\"><img decoding=\"async\" class=\"img-responsive\" src=\"https:\/\/zdvi.cname.ro\/_90\/sediul-modernizat-al-primariei-focsani-a-fost-sfintit\/article\/mediaPool\/uFfuQUK.jpg\" alt><\/li>\n<li data-target=\"#carousel-poza-mare\" data-slide-to=\"3\"><img decoding=\"async\" class=\"img-responsive\" src=\"https:\/\/zdvi.cname.ro\/_90\/sediul-modernizat-al-primariei-focsani-a-fost-sfintit\/article\/mediaPool\/uvjEgnN.jpg\" alt><\/li>\n<li data-target=\"#carousel-poza-mare\" data-slide-to=\"4\"><img decoding=\"async\" class=\"img-responsive\" src=\"https:\/\/zdvi.cname.ro\/_90\/sediul-modernizat-al-primariei-focsani-a-fost-sfintit\/article\/mediaPool\/u5sJIPP.jpg\" alt><\/li>\n<\/ul>\n<\/div>\n<div class=\"item \">\n<ul class=\"navigare-carusel-imagini\">\n<li data-target=\"#carousel-poza-mare\" data-slide-to=\"5\"><img decoding=\"async\" class=\"img-responsive\" src=\"https:\/\/zdvi.cname.ro\/_90\/sediul-modernizat-al-primariei-focsani-a-fost-sfintit\/article\/mediaPool\/uFSBciS.jpg\" alt><\/li>\n<li data-target=\"#carousel-poza-mare\" data-slide-to=\"6\"><img decoding=\"async\" class=\"img-responsive\" src=\"https:\/\/zdvi.cname.ro\/_90\/sediul-modernizat-al-primariei-focsani-a-fost-sfintit\/article\/mediaPool\/utKqIKU.jpg\" alt><\/li>\n<li data-target=\"#carousel-poza-mare\" data-slide-to=\"7\"><img decoding=\"async\" class=\"img-responsive\" src=\"https:\/\/zdvi.cname.ro\/_90\/sediul-modernizat-al-primariei-focsani-a-fost-sfintit\/article\/mediaPool\/ubawhdX.jpg\" alt><\/li>\n<li data-target=\"#carousel-poza-mare\" data-slide-to=\"8\"><img decoding=\"async\" class=\"img-responsive\" src=\"https:\/\/zdvi.cname.ro\/_90\/sediul-modernizat-al-primariei-focsani-a-fost-sfintit\/article\/mediaPool\/uRV6TFZ.jpg\" alt><\/li>\n<\/ul>\n<\/div>\n<\/div>\n<p><a class=\"control left\" href=\"https:\/\/ziaruldevrancea.ro\/promo\/evenimente-speciale\/sediul-modernizat-al-primariei-focsani-a-fost-sfintit#carousel-poze-mici\" role=\"button\" data-slide=\"prev\"><span class=\"sr-only\">Previous<\/span><\/a><a class=\"control right\" href=\"https:\/\/ziaruldevrancea.ro\/promo\/evenimente-speciale\/sediul-modernizat-al-primariei-focsani-a-fost-sfintit#carousel-poze-mici\" role=\"button\" data-slide=\"next\"><span class=\"sr-only\">Next<\/span><\/a><\/div>\n<\/div>\n<\/div>\n<p><strong>\u00cenaltpreasfin\u021bitul Ciprian a oficiat slujba de binecuv\u00e2ntare a cl\u0103dirii reabilitate prin PNRR.<\/strong><\/p>\n<p><strong>Un nou moment simbolic pentru administra\u021bia local\u0103 din Vrancea: dup\u0103 finalizarea investi\u021biei de peste 27 de milioane de lei \u0219i revenirea activit\u0103\u021bii \u00een sediul reabilitat, Prim\u0103ria Foc\u0219ani a fost binecuv\u00e2ntat\u0103 \u00een cadrul unei ceremonii religioase la care au participat reprezentan\u021bi ai administra\u021biei jude\u021bene \u0219i locale.<\/strong><\/p>\n<hr>\n<p><strong>Sediul modernizat al Prim\u0103riei Foc\u0219ani a fost sfin\u021bit. \u00cenaltpreasfin\u021bitul Ciprian a oficiat slujba de binecuv\u00e2ntare a cl\u0103dirii reabilitate prin PNRR<\/strong><\/p>\n<p>Prim\u0103ria Municipiului Foc\u0219ani a g\u0103zduit luni, 27 iulie 2026, ceremonia de sfin\u021bire a sediului administrativ recent reabilitat \u0219i modernizat prin fonduri europene. Slujba a fost oficiat\u0103 de \u00cenaltpreasfin\u021bitul Ciprian, Arhiepiscopul Buz\u0103ului \u0219i Vrancei, \u00een prezen\u021ba conducerii administra\u021biei locale \u0219i jude\u021bene, a consilierilor, func\u021bionarilor publici \u0219i a altor invita\u021bi.<\/p>\n<p>Evenimentul marcheaz\u0103 un nou moment \u00een procesul de redeschidere a cl\u0103dirii administrative de pe Bulevardul Dimitrie Cantemir, dup\u0103 finalizarea lucr\u0103rilor de renovare finan\u021bate prin Planul Na\u021bional de Redresare \u0219i Rezilien\u021b\u0103 (PNRR).<\/p>\n<p><strong>Primarul Cristi Valentin Mis\u0103il\u0103: \u201eO binecuv\u00e2ntare pentru munca depus\u0103 \u0219i pentru comunitate\u201d<\/strong><\/p>\n<p>\u00centr-o postare publicat\u0103 pe pagina sa de Facebook, primarul municipiului Foc\u0219ani, Cristi Valentin Mis\u0103il\u0103, a transmis c\u0103 slujba de sfin\u021bire reprezint\u0103 un moment cu o semnifica\u021bie aparte pentru administra\u021bia local\u0103 \u0219i pentru comunitate.<\/p>\n<p>Edilul a precizat c\u0103 i-a oferit \u00cenaltpreasfin\u021bitului Ciprian o plachet\u0103 \u00een semn de apreciere \u0219i recuno\u0219tin\u021b\u0103 pentru activitatea pastoral\u0103 desf\u0103\u0219urat\u0103 \u00een jude\u021bul Vrancea \u0219i pentru binecuv\u00e2ntarea acordat\u0103 noului sediu.<\/p>\n<p>Potrivit mesajului publicat de primar, ceremonia religioas\u0103 simbolizeaz\u0103 \u00eencheierea unei investi\u021bii importante \u0219i exprim\u0103 speran\u021ba ca activitatea administra\u021biei locale s\u0103 se desf\u0103\u0219oare \u00een continuare \u00een spiritul responsabilit\u0103\u021bii \u0219i al serviciului public dedicat cet\u0103\u021benilor.<\/p>\n<p><strong>La ceremonie a participat \u0219i pre\u0219edintele Consiliului Jude\u021bean Vrancea<\/strong><\/p>\n<p>Printre participan\u021bi s-a num\u0103rat \u0219i pre\u0219edintele Consiliului Jude\u021bean Vrancea, Nicu\u0219or Halici, care a fost prezent la invita\u021bia primarului municipiului Foc\u0219ani.<\/p>\n<p>\u00cen mesajul publicat ulterior pe re\u021belele sociale, acesta a felicitat administra\u021bia local\u0103 pentru finalizarea proiectului \u0219i a apreciat c\u0103 sediul modernizat este preg\u0103tit s\u0103 ofere condi\u021bii mai bune at\u00e2t angaja\u021bilor, c\u00e2t \u0219i cet\u0103\u021benilor care beneficiaz\u0103 de serviciile administra\u021biei publice.<\/p>\n<p>Totodat\u0103, pre\u0219edintele CJ Vrancea a reiterat disponibilitatea institu\u021biei jude\u021bene de a colabora cu administra\u021biile locale din \u00eentreg jude\u021bul, subliniind importan\u021ba dialogului \u0219i a cooper\u0103rii pentru dezvoltarea comunit\u0103\u021bilor.<\/p>\n<p><strong>Investi\u021bie european\u0103 de peste 27 de milioane de lei<\/strong><\/p>\n<p>Ceremonia religioas\u0103 are loc la c\u00e2teva s\u0103pt\u0103m\u00e2ni dup\u0103 revenirea efectiv\u0103 a activit\u0103\u021bii Prim\u0103riei Foc\u0219ani \u00een sediul de pe Bulevardul Dimitrie Cantemir nr. 1 Bis.<\/p>\n<p>A\u0219a cum <strong>Ziarul de Vrancea<\/strong> informa anterior, cl\u0103direa a fost complet renovat\u0103 \u0219i modernizat\u0103 prin proiectul \u201eCre\u0219terea performan\u021bei energetice a cl\u0103dirii Prim\u0103riei Municipiului Foc\u0219ani\u201d, finan\u021bat prin PNRR.<\/p>\n<p>Valoarea total\u0103 a investi\u021biei dep\u0103\u0219e\u0219te <strong>27,4 milioane de lei<\/strong>, iar lucr\u0103rile au inclus:<\/p>\n<ul>\n<li>cre\u0219terea eficien\u021bei energetice;<\/li>\n<li>modernizarea instala\u021biilor electrice \u0219i de climatizare;<\/li>\n<li>recompartimentarea spa\u021biilor;<\/li>\n<li>refacerea acoperi\u0219ului;<\/li>\n<li>instalarea unui lift pentru persoanele cu dizabilit\u0103\u021bi;<\/li>\n<li>m\u0103suri suplimentare privind siguran\u021ba la incendiu \u0219i accesibilitatea.<\/li>\n<\/ul>\n<p>Obiectivul investi\u021biei este reducerea consumului energetic, \u00eembun\u0103t\u0103\u021birea condi\u021biilor de lucru pentru angaja\u021bi \u0219i oferirea unor servicii publice \u00eentr-un spa\u021biu adaptat standardelor actuale.<\/p>\n<p><strong>Majoritatea serviciilor func\u021bioneaz\u0103 din nou \u00een sediul renovat<\/strong><\/p>\n<p>Din 1 iulie 2026, cele mai multe direc\u021bii \u0219i compartimente ale Prim\u0103riei Municipiului Foc\u0219ani \u0219i-au reluat activitatea \u00een sediul modernizat de pe Bulevardul Dimitrie Cantemir.<\/p>\n<p>Serviciul de Impozite \u0219i Taxe Locale continu\u0103 \u00eens\u0103 s\u0103 func\u021bioneze la sediul din strada Prof. Gheorghe Longinescu, unde contribuabilii se pot adresa pentru opera\u021biunile specifice.<\/p>\n<p>Prin finalizarea investi\u021biei \u0219i organizarea ceremoniei de sfin\u021bire, administra\u021bia local\u0103 marcheaz\u0103 \u00eencheierea unuia dintre cele mai importante proiecte de modernizare a infrastructurii administrative realizate \u00een ultimii ani \u00een municipiul Foc\u0219ani, urm\u00e2nd ca efectele investi\u021biei s\u0103 fie evaluate \u00een perioada urm\u0103toare prin prisma eficien\u021bei energetice \u0219i a calit\u0103\u021bii serviciilor oferite cet\u0103\u021benilor.<\/p>\n<p><strong>Paul Petrache<\/strong><\/p>\n<hr>\n<div class=\"bloc-widget widget-rosu\">\n<p>\u00cen lipsa unui acord scris din partea Ziarului de Vrancea, pute\u0163i prelua maxim 500 de caractere din acest articol dac\u0103 preciza\u0163i sursa \u015fi insera\u0163i vizibil link-ul articolului:\u00a0<span>#insertcurrentlinkhere<\/span><\/p>\n<\/div>\n<div class=\"extra-articol listing-anunturi\">\n<h6>Anun\u021buri <span class=\"text-primary\">ZdV<\/span> Premium<\/h6>\n<div class=\"row\">\n<div class=\"col-lg-4 col-md-6 bloc-egal\"><a class=\"card-anunt\" href=\"https:\/\/ziaruldevrancea.ro\/anunturi\/imobiliare\/vanzari-terenuri\/vand-teren-in-panciu\"><strong class=\"titlu\">V\u00e2nz\u0103ri terenuri<\/strong><span class=\"text-anunt\">Teren Panciu 1170 mp, cu num\u0103r cas\u0103, ap\u0103&#8230;<\/span><span class=\"data-anunt\">29.07.2026  <\/span><\/a><\/div>\n<div class=\"col-lg-4 col-md-6 bloc-egal\"><a class=\"card-anunt\" href=\"https:\/\/ziaruldevrancea.ro\/anunturi\/altele\/anulare-acte\/vand-scrumbii-afumate-capturi-dunare\"><strong class=\"titlu\">Vanzari diverse<\/strong><span class=\"text-anunt\">Pret : 117 lei \/ kg . \u00a0 Este&#8230;<\/span><span class=\"data-anunt\">29.07.2026 , Gala\u021bi , Gala\u021bi<\/span><\/a><\/div>\n<div class=\"col-lg-4 col-md-6 bloc-egal\"><a class=\"card-anunt\" href=\"https:\/\/ziaruldevrancea.ro\/anunturi\/necrolog\/decese\/dumnezeu-sa-o-aseze-in-randul-celor-drepti\"><strong class=\"titlu\">Decese<\/strong><span class=\"text-anunt\">Cu profund\u0103 durere, familia anun\u021b\u0103 trecerea la&#8230;<\/span><span class=\"data-anunt\">28.07.2026  <\/span><\/a><\/div>\n<\/div>\n<\/div>\n<div class=\"extra-articol alte-articole\">\n<div class=\"row\">\n<div class=\"col-lg-6 bloc-egal\">\n<div class=\"card articol-listing\">\n<h6>\u00cen categoria <a href=\"https:\/\/ziaruldevrancea.ro\/promo\/evenimente-speciale\">Evenimente speciale<\/a><\/h6>\n<div class=\"grup-articol-listing\">\n<div class=\"cont-pils\"><a href=\"https:\/\/ziaruldevrancea.ro\/promo\/evenimente-speciale\/video--foto-41-de-elevi-din-mediul-rural-din-judetul-vrancea-recompensati-pentru-performantele-obtinute-la-evaluarea-nationala\"><img decoding=\"async\" src=\"https:\/\/zdvi.cname.ro\/180_135\/promo\/evenimente-speciale\/video--foto-41-de-elevi-din-mediul-rural-din-judetul-vrancea-recompensati-pentru-performantele-obtinute-la-evaluarea-nationala\/mediaPool\/uWHTj9m.jpeg\" class=\"img-responsive img-180\" alt><\/a><\/div>\n<h2><a class=\"link-titlu\" href=\"https:\/\/ziaruldevrancea.ro\/promo\/evenimente-speciale\/video--foto-41-de-elevi-din-mediul-rural-din-judetul-vrancea-recompensati-pentru-performantele-obtinute-la-evaluarea-nationala\">VIDEO + Foto | 41 de elevi din mediul rural din jude\u021bul Vrancea, recompensa\u021bi pentru performan\u021bele ob\u021binute la Evaluarea Na\u021bional\u0103 <\/a><\/h2>\n<div class=\"date-post\"><a href=\"https:\/\/ziaruldevrancea.ro\/autor\/anca-vasiliu\">Anca Vasiliu<\/a>, 30 iul 2026  <\/div>\n<\/div>\n<div class=\"grup-articol-listing\">\n<div class=\"cont-pils\"><a href=\"https:\/\/ziaruldevrancea.ro\/promo\/evenimente-speciale\/astazi-este-ziua-spitalului-militar-de-urgenta-dr.-alexandru-popescu-focsani.implineste-194-de-ani.la-multi-ani\"><img decoding=\"async\" src=\"https:\/\/zdvi.cname.ro\/180_135\/promo\/evenimente-speciale\/astazi-este-ziua-spitalului-militar-de-urgenta-dr.-alexandru-popescu-focsani.implineste-194-de-ani.la-multi-ani\/mediaPool\/uphkTuP.jpg\" class=\"img-responsive img-180\" alt><\/a><\/div>\n<h2><a class=\"link-titlu\" href=\"https:\/\/ziaruldevrancea.ro\/promo\/evenimente-speciale\/astazi-este-ziua-spitalului-militar-de-urgenta-dr.-alexandru-popescu-focsani.implineste-194-de-ani.la-multi-ani\">Ast\u0103zi este Ziua Spitalului Militar de Urgen\u021b\u0103 \u201eDr. Alexandru Popescu\u201d din Foc\u0219ani. \u00cempline\u0219te 194 de ani. La mul\u021bi ani!<\/a><\/h2>\n<div class=\"date-post\"><a href=\"https:\/\/ziaruldevrancea.ro\/autor\/radu-tomescu\">Radu Tomescu<\/a>, 30 iul 2026  <\/div>\n<\/div>\n<div class=\"grup-articol-listing\">\n<div class=\"cont-pils\"><a href=\"https:\/\/ziaruldevrancea.ro\/promo\/evenimente-speciale\/un-nou-motiv-de-mandrie-pentru-vrancea-catalin-olteanu-din-ciorasti-convocat-din-nou-la-nationala-soferilor-romaniei-pentru-meciul-caritabil-cu-spania\"><img decoding=\"async\" src=\"https:\/\/zdvi.cname.ro\/180_135\/promo\/evenimente-speciale\/un-nou-motiv-de-mandrie-pentru-vrancea-catalin-olteanu-din-ciorasti-convocat-din-nou-la-nationala-soferilor-romaniei-pentru-meciul-caritabil-cu-spania\/mediaPool\/utt9MaV.jpg\" class=\"img-responsive img-180\" alt><\/a><\/div>\n<h2><a class=\"link-titlu\" href=\"https:\/\/ziaruldevrancea.ro\/promo\/evenimente-speciale\/un-nou-motiv-de-mandrie-pentru-vrancea-catalin-olteanu-din-ciorasti-convocat-din-nou-la-nationala-soferilor-romaniei-pentru-meciul-caritabil-cu-spania\">VIDEO | C\u0103t\u0103lin Olteanu, din Cior\u0103\u0219ti, convocat din nou la Na\u021bionala \u0218oferilor Rom\u00e2niei pentru meciul caritabil cu Spania<\/a><\/h2>\n<div class=\"date-post\"><a href=\"https:\/\/ziaruldevrancea.ro\/autor\/eduard-dascalu\">Eduard Dasc\u0103lu<\/a>, 28 iul 2026  <\/div>\n<\/div>\n<\/div>\n<\/div>\n<div class=\"col-lg-6 bloc-egal\">\n<div class=\"card articol-listing\">\n<h6>De acela\u0219i <a href=\"https:\/\/ziaruldevrancea.ro\/autor\/paul-petrache\/\">autor<\/a><\/h6>\n<div class=\"grup-articol-listing\">\n<div class=\"cont-pils\"><a href=\"https:\/\/ziaruldevrancea.ro\/actualitatea\/stiri-locale\/victima-accidentului-grav-de-la-dumbraveni-transferata-de-urgenta-la-neurochirurgie-in-galati\"><img decoding=\"async\" src=\"https:\/\/zdvi.cname.ro\/180_135\/actualitatea\/stiri-locale\/victima-accidentului-grav-de-la-dumbraveni-transferata-de-urgenta-la-neurochirurgie-in-galati\/mediaPool\/u6ByeiU.jpg\" class=\"img-responsive img-180\" alt><\/a><\/div>\n<h2><a class=\"link-titlu\" href=\"https:\/\/ziaruldevrancea.ro\/actualitatea\/stiri-locale\/victima-accidentului-grav-de-la-dumbraveni-transferata-de-urgenta-la-neurochirurgie-in-galati\">Victima accidentului grav de la Dumbr\u0103veni, transferat\u0103 de urgen\u021b\u0103 la Neurochirurgie \u00een Gala\u021bi<\/a><\/h2>\n<div class=\"date-post\"><a href=\"https:\/\/ziaruldevrancea.ro\/autor\/paul-petrache\">Paul Petrache<\/a>, 30 iul 2026  <\/div>\n<\/div>\n<div class=\"grup-articol-listing\">\n<div class=\"cont-pils\"><a href=\"https:\/\/ziaruldevrancea.ro\/actualitatea\/stiri-locale\/autostrada-moldovei-a7-lotul-adjud---racaciuni-este-aproape-gata-dar-soferii-din-vrancea-mai-au-de-asteptat\"><img decoding=\"async\" src=\"https:\/\/zdvi.cname.ro\/180_135\/actualitatea\/stiri-locale\/autostrada-moldovei-a7-lotul-adjud---racaciuni-este-aproape-gata-dar-soferii-din-vrancea-mai-au-de-asteptat\/mediaPool\/u4Aktew.jpg\" class=\"img-responsive img-180\" alt><\/a><\/div>\n<h2><a class=\"link-titlu\" href=\"https:\/\/ziaruldevrancea.ro\/actualitatea\/stiri-locale\/autostrada-moldovei-a7-lotul-adjud---racaciuni-este-aproape-gata-dar-soferii-din-vrancea-mai-au-de-asteptat\">Autostrada Moldovei A7: lotul Adjud \u2013 R\u0103c\u0103ciuni este aproape gata, dar \u0219oferii din Vrancea mai au de a\u0219teptat<\/a><\/h2>\n<div class=\"date-post\"><a href=\"https:\/\/ziaruldevrancea.ro\/autor\/paul-petrache\">Paul Petrache<\/a>, 30 iul 2026  <\/div>\n<\/div>\n<div class=\"grup-articol-listing\">\n<div class=\"cont-pils\"><a href=\"https:\/\/ziaruldevrancea.ro\/actualitatea\/stiri-locale\/pompierii-isu-vrancea-in-competitie-la-iasi\"><img decoding=\"async\" src=\"https:\/\/zdvi.cname.ro\/180_135\/actualitatea\/stiri-locale\/pompierii-isu-vrancea-in-competitie-la-iasi\/mediaPool\/uMPa1uQ.jpg\" class=\"img-responsive img-180\" alt><\/a><\/div>\n<h2><a class=\"link-titlu\" href=\"https:\/\/ziaruldevrancea.ro\/actualitatea\/stiri-locale\/pompierii-isu-vrancea-in-competitie-la-iasi\">Pompierii ISU Vrancea, \u00een competi\u021bie la Ia\u0219i<\/a><\/h2>\n<div class=\"date-post\"><a href=\"https:\/\/ziaruldevrancea.ro\/autor\/paul-petrache\">Paul Petrache<\/a>, 29 iul 2026  <\/div>\n<\/div>\n<\/div>\n<\/div>\n<\/div>\n<\/div>\n<div class=\"extra-articol listing-anunturi\">\n<h6>Anun\u021buri <span class=\"text-primary\">ZdV<\/span> Premium<\/h6>\n<div class=\"row\">\n<div class=\"col-lg-4 col-md-6 bloc-egal\"><a class=\"card-anunt\" href=\"https:\/\/ziaruldevrancea.ro\/anunturi\/imobiliare\/vanzari-case\/vand-casa-si-teren-in-panciu-anunt-72818\"><strong class=\"titlu\">V\u00e2nz\u0103ri case<\/strong><span class=\"text-anunt\">V\u00e2nd cas\u0103 cu 2 camere, buc\u0103t\u0103rie, baie,&#8230;<\/span><span class=\"data-anunt\">23.07.2026  <\/span><\/a><\/div>\n<div class=\"col-lg-4 col-md-6 bloc-egal\"><a class=\"card-anunt\" href=\"https:\/\/ziaruldevrancea.ro\/anunturi\/angajari\/cereri-angajari\/doresc-angajare-anunt-72815\"><strong class=\"titlu\">Cereri<\/strong><span class=\"text-anunt\">Doresc s\u0103 am grij\u0103 de un copil de gradini\u021b\u0103&#8230;<\/span><span class=\"data-anunt\">21.07.2026  <\/span><\/a><\/div>\n<div class=\"col-lg-4 col-md-6 bloc-egal\"><a class=\"card-anunt\" href=\"https:\/\/ziaruldevrancea.ro\/anunturi\/inchirieri\/locuinte-oferte\/primesc-in-gazda-anunt-72816\"><strong class=\"titlu\">Locuin\u021be oferte<\/strong><span class=\"text-anunt\">\u00a0Primesc \u00een gazd\u0103 la cas\u0103.<\/p>\n<p>Tel&#8230;.<\/span><span class=\"data-anunt\">21.07.2026  <\/span><\/a><\/div>\n<\/div>\n<\/div>\n<div class=\"bloc-widget widget-albastru\">\n    Ziarul de Vrancea \u00a0nu este responsabil juridic pentru con\u0163inutul textelor din comentariile de mai jos. Responsabilitatea pentru mesajele dumneavoastra v\u0103 revine \u00een exclusivitate.\n<\/div>\n<div class=\"comentarii-articol\" id=\"comentarii\">\n<h3>Comentarii: <span class=\"text-primary\">0<\/span><\/h3>\n<p><a href=\"https:\/\/ziaruldevrancea.ro\/promo\/evenimente-speciale\/sediul-modernizat-al-primariei-focsani-a-fost-sfintit\" class=\"btn btn-success btn-adauga-com\" data-toggle=\"modal\" data-parent=\"0\" data-target=\"#commentModal\">Adaug\u0103 comentariu<\/a><\/p>\n<div class=\"loadMask comments-mask\"><img decoding=\"async\" src=\"https:\/\/zdvs.cname.ro\/images\/loader_40.gif\"><\/div>\n<div class=\"comenteaza-jos\">Trebuie s\u0103 fii <a href=\"https:\/\/ziaruldevrancea.ro\/account\">autentificat<\/a> pentru a putea <a href=\"https:\/\/ziaruldevrancea.ro\/promo\/evenimente-speciale\/sediul-modernizat-al-primariei-focsani-a-fost-sfintit\" class data-toggle=\"modal\" data-parent=\"0\" data-target=\"#commentModal\">posta un comentariu<\/a>.<\/div>\n<\/div>\n<div class=\"modal fade\" id=\"commentModal\" role=\"dialog\" aria-labelledby=\"commentModalLabel\">\n<div class=\"modal-dialog modal-lg\" role=\"document\">\n<div class=\"modal-content\">\n<div class=\"modal-header\">\n<h3 class=\"modal-title\" id=\"commentModalLabel\">Comenteaz\u0103<\/h3>\n<\/div>\n<div class=\"modal-body\">\n<div class=\"tabel tabel-full\">\n<div class=\"celula\">\n              Trebuie s\u0103 fii <a href=\"https:\/\/ziaruldevrancea.ro\/account\">autentificat<\/a> pentru a putea posta un comentariu.\n            <\/div>\n<\/div>\n<\/div>\n<div class=\"modal-footer\">\n<div id=\"commentPending\" class=\"formPending pull-left\"><img decoding=\"async\" src=\"https:\/\/zdvs.cname.ro\/images\/loader_40.gif\"> In curs de procesare&#8230;<\/div>\n<p><a href=\"https:\/\/ziaruldevrancea.ro\/promo\/evenimente-speciale\/sediul-modernizat-al-primariei-focsani-a-fost-sfintit\" class=\"btn btn-default\" data-dismiss=\"modal\">Anuleaz\u0103<\/a><\/div>\n<\/div>\n<\/div>\n<\/div>\n<div class=\"modal fade\" id=\"commentReportModal\" role=\"dialog\" aria-labelledby=\"commentReportModalLabel\">\n<div class=\"modal-dialog modal-lg\" role=\"document\">\n<div class=\"modal-content\">\n<div class=\"modal-header\">\n<h3 class=\"modal-title\" id=\"commentReportModalLabel\">Raporteaza comentariu<\/h3>\n<\/div>\n<div class=\"modal-body\">\n<div class=\"tabel tabel-full\">\n<div class=\"celula\">\n              Trebuie s\u0103 fii <a href=\"https:\/\/ziaruldevrancea.ro\/account\">autentificat<\/a> pentru a putea raporta un comentariu.\n            <\/div>\n<\/div>\n<\/div>\n<div class=\"modal-footer\">\n<div id=\"commentReportPending\" class=\"formPending pull-left\"><img decoding=\"async\" src=\"https:\/\/zdvs.cname.ro\/images\/loader_40.gif\"> In curs de procesare&#8230;<\/div>\n<p><a href=\"https:\/\/ziaruldevrancea.ro\/promo\/evenimente-speciale\/sediul-modernizat-al-primariei-focsani-a-fost-sfintit\" class=\"btn btn-default\" data-dismiss=\"modal\">Anuleaz\u0103<\/a><\/div>\n<\/div>\n<\/div>\n<\/div>\n<div class=\"modal fade\" id=\"commentLikeModal\" role=\"dialog\" aria-labelledby=\"commentLikeModalLabel\">\n<div class=\"modal-dialog modal-lg\" role=\"document\">\n<div class=\"modal-content\">\n<div class=\"modal-header\">\n<h3 class=\"modal-title\" id=\"commentReportModalLabel\">Apreciaza comentariu<\/h3>\n<\/div>\n<div class=\"modal-body\">\n<div class=\"tabel tabel-full\">\n<div class=\"celula\">\n            Trebuie s\u0103 fii <a href=\"https:\/\/ziaruldevrancea.ro\/account\">autentificat<\/a> pentru a putea aprecia un comentariu.\n          <\/div>\n<\/div>\n<\/div>\n<div class=\"modal-footer\"><a href=\"https:\/\/ziaruldevrancea.ro\/promo\/evenimente-speciale\/sediul-modernizat-al-primariei-focsani-a-fost-sfintit\" class=\"btn btn-default\" data-dismiss=\"modal\">Anuleaz\u0103<\/a><\/div>\n<\/div>\n<\/div>\n<\/div>\n<div class=\"bloc-widget widget-rosu\"><span><small>Ziarul de Vrancea doreste ca acest site sa fie un spatiu al discutiilor civilizate, al comentariilor de bun simt. Din acest motiv, cei care posteaza comentarii la articole trebuie sa respecte urmatoarele reguli:<br \/>\n1. Sa se refere doar la articolul la care posteaza comentarii.<br \/>\n2. Sa foloseasca un limbaj civilizat, fara injurii, calomnii, comentarii antisemite, xenofobe sau rasiste.<br \/>\n3. Sunt interzise atacurile la adresa autorilor, daca acestea nu au legatura cu textul.<br \/>\n4. Username-ul sa nu fie nume de personalitati ale vietii publice sau parodieri ale acestora.<br \/>\nAutorul unui articol poate fi criticat pentru eventuale greseli, incoerenta, lipsa de documentare etc.<br \/>\nNerespectarea regulilor mentionate mai sus va duce la stergerea comentariilor, fara avertisment si fara explicatii.<br \/>\nAbaterile repetate vor avea drept consecinta interdictia accesului la aceasta facilitate a site-ului.<\/small><\/span><\/div>\n<\/div>\n<p>[analyse_source url=&#8221;https:\/\/ziaruldevrancea.ro\/promo\/evenimente-speciale\/sediul-modernizat-al-primariei-focsani-a-fost-sfintit&#8221;]<\/p>\n","protected":false},"excerpt":{"rendered":"<p>[analyse_image type=&#8221;featured&#8221; src=&#8221;https:\/\/zdvi.cname.ro\/_\/sediul-modernizat-al-primariei-focsani-a-fost-sfintit\/mediaPool\/uhoIssI.jpg&#8221;] Evenimente speciale Sediul modernizat al Prim\u0103riei Foc\u0219ani a fost sfin\u021bit Distribuie: \u00a0 | Paul Petrache 27 iul 20261169 vizualiz\u0103ri PreviousNext \u00cenaltpreasfin\u021bitul Ciprian a oficiat slujba de binecuv\u00e2ntare a cl\u0103dirii reabilitate prin PNRR. Un nou moment simbolic pentru administra\u021bia local\u0103 din Vrancea: dup\u0103 finalizarea investi\u021biei de peste 27 de milioane de lei \u0219i [&hellip;]<\/p>\n","protected":false},"author":1,"featured_media":0,"comment_status":"open","ping_status":"","sticky":false,"template":"","format":"standard","meta":{"footnotes":""},"categories":[89],"tags":[226,208],"class_list":["post-2070074","post","type-post","status-publish","format-standard","hentry","category-romania","tag-crawlmanager","tag-ziaruldevrancea-ro"],"_links":{"self":[{"href":"https:\/\/analyse.optim.biz\/index.php?rest_route=\/wp\/v2\/posts\/2070074","targetHints":{"allow":["GET"]}}],"collection":[{"href":"https:\/\/analyse.optim.biz\/index.php?rest_route=\/wp\/v2\/posts"}],"about":[{"href":"https:\/\/analyse.optim.biz\/index.php?rest_route=\/wp\/v2\/types\/post"}],"author":[{"embeddable":true,"href":"https:\/\/analyse.optim.biz\/index.php?rest_route=\/wp\/v2\/users\/1"}],"replies":[{"embeddable":true,"href":"https:\/\/analyse.optim.biz\/index.php?rest_route=%2Fwp%2Fv2%2Fcomments&post=2070074"}],"version-history":[{"count":0,"href":"https:\/\/analyse.optim.biz\/index.php?rest_route=\/wp\/v2\/posts\/2070074\/revisions"}],"wp:attachment":[{"href":"https:\/\/analyse.optim.biz\/index.php?rest_route=%2Fwp%2Fv2%2Fmedia&parent=2070074"}],"wp:term":[{"taxonomy":"category","embeddable":true,"href":"https:\/\/analyse.optim.biz\/index.php?rest_route=%2Fwp%2Fv2%2Fcategories&post=2070074"},{"taxonomy":"post_tag","embeddable":true,"href":"https:\/\/analyse.optim.biz\/index.php?rest_route=%2Fwp%2Fv2%2Ftags&post=2070074"}],"curies":[{"name":"wp","href":"https:\/\/api.w.org\/{rel}","templated":true}]}}