{"id":2070072,"date":"2026-07-30T00:00:00","date_gmt":"2026-07-29T21:00:00","guid":{"rendered":"https:\/\/analyse.optim.biz\/?p=2070072"},"modified":"2026-07-30T00:00:00","modified_gmt":"2026-07-29T21:00:00","slug":"dosar-de-trafic-de-droguri-in-vrancea-trei-persoane-cercetate-canabis-si-cocaina-vandute-in-adjud-potrivit-anchetatorilor","status":"publish","type":"post","link":"https:\/\/analyse.optim.biz\/?p=2070072","title":{"rendered":"Dosar de trafic de droguri \u00een Vrancea: trei persoane cercetate, canabis \u0219i cocain\u0103 v\u00e2ndute \u00een Adjud, potrivit anchetatorilor"},"content":{"rendered":"<p>[analyse_image type=&#8221;featured&#8221; src=&#8221;https:\/\/zdvi.cname.ro\/_\/dosar-de-trafic-de-droguri-in-vrancea-trei-persoane-cercetate-canabis-si-cocaina-vandute-in-adjud-potrivit-anchetatorilor\/mediaPool\/ucfOmNt.JPG&#8221;]<\/p>\n<div class=\"main-content detaliu-articol\"><a class=\"titlu-cat-list\" href=\"https:\/\/ziaruldevrancea.ro\/actualitatea\/stiri-locale\">Local<\/a><\/p>\n<h1>Dosar de trafic de droguri \u00een Vrancea: trei persoane cercetate, canabis \u0219i cocain\u0103 v\u00e2ndute \u00een Adjud, potrivit anchetatorilor<\/h1>\n<div class=\"date-articol clearfix\">\n<div class=\"distribuie-articol dropdown\">\n    Distribuie: \u00a0<br \/>\n    <em>|<\/em><\/div>\n<div class=\"autor-articol\"><a href=\"https:\/\/ziaruldevrancea.ro\/autor\/radu-tomescu\/\"><img decoding=\"async\" class=\"img-circle\" src=\"https:\/\/zdvi.cname.ro\/50_50\/articleAuthor\/radu-tomescu\/articleAuthor\/ucx2Ggg.PNG\" alt><\/a><\/p>\n<h5><a href=\"https:\/\/ziaruldevrancea.ro\/autor\/radu-tomescu\/\">Radu Tomescu<\/a><\/h5>\n<div class=\"grup-spatiere\"><span class=\"cu-spatiere\">30 iul 2026<\/span><span class=\"cu-spatiere\">1112 vizualiz\u0103ri<\/span><\/div>\n<\/div>\n<\/div>\n<div class=\"poza-mare\"><a href class=\"openGallery\"><img decoding=\"async\" class=\"img-responsive\" src=\"https:\/\/zdvi.cname.ro\/850_530\/dosar-de-trafic-de-droguri-in-vrancea-trei-persoane-cercetate-canabis-si-cocaina-vandute-in-adjud-potrivit-anchetatorilor\/article\/mediaPool\/ucfOmNt.JPG\" alt><\/a><\/div>\n<p><strong>Procurorii DIICOT \u2013 Biroul Teritorial Vrancea \u0219i poli\u021bi\u0219tii SCCO Vrancea au documentat un dosar privind trafic de droguri de risc \u0219i de mare risc. Anchetatorii sus\u021bin c\u0103 drogurile ar fi fost aduse din Spania prin firme de colet\u0103rie \u0219i comercializate \u00een municipiul Adjud.<\/strong><\/p>\n<p>\u00centr-un nou dosar privind combaterea traficului de droguri \u00een jude\u021bul Vrancea, poli\u021bi\u0219tii Serviciului de Combatere a Criminalit\u0103\u021bii Organizate (SCCO) Vrancea, \u00eempreun\u0103 cu procurorii Direc\u021biei de Investigare a Infrac\u021biunilor de Criminalitate Organizat\u0103 \u0219i Terorism (DIICOT) \u2013 Biroul Teritorial Vrancea, au documentat activitatea infrac\u021bional\u0103 a trei persoane cu v\u00e2rste cuprinse \u00eentre 21 \u0219i 30 de ani, cercetate pentru trafic \u0219i de\u021binere de droguri.<\/p>\n<p>Potrivit anchetatorilor, cele trei persoane sunt cercetate pentru s\u0103v\u00e2r\u0219irea infrac\u021biunilor de trafic de droguri de risc \u0219i de mare risc \u00een form\u0103 continuat\u0103, precum \u0219i pentru de\u021binere de droguri de risc \u00een vederea consumului propriu. \u00cen cazul uneia dintre persoane, procurorii au re\u021binut \u0219i acuza\u021bia de trafic interna\u021bional de droguri de risc \u00een form\u0103 continuat\u0103.<\/p>\n<p>Conform informa\u021biilor rezultate din anchet\u0103, \u00een perioada noiembrie 2025 \u2013 iulie 2026, un b\u0103rbat \u00een v\u00e2rst\u0103 de 30 de ani, cu sprijinul unei alte persoane cercetate \u00een cauz\u0103, ar fi procurat din Spania diferite cantit\u0103\u021bi de canabis. Drogurile ar fi fost introduse \u00een Rom\u00e2nia prin intermediul unor firme de colet\u0103rie \u0219i ar fi fost destinate comercializ\u0103rii.<\/p>\n<p>Totodat\u0103, anchetatorii sus\u021bin c\u0103, \u00een cursul lunii iunie 2026, aceea\u0219i persoan\u0103, \u00eempreun\u0103 cu ceilal\u021bi doi suspec\u021bi, ar fi comercializat canabis \u0219i cocain\u0103 \u00een municipiul Adjud.<\/p>\n<p>Pe parcursul urm\u0103ririi penale, autorit\u0103\u021bile au indisponibilizat cantit\u0103\u021bi de droguri de risc \u0219i de mare risc despre care sus\u021bin c\u0103 au fost tranzac\u021bionate de persoanele cercetate. De asemenea, \u00een urma perchezi\u021biilor domiciliare au fost descoperite \u0219i ridicate mai multe mijloace de prob\u0103 care vor fi analizate \u00een cadrul dosarului.<\/p>\n<p>La data de 28 iulie 2026, procurorii DIICOT \u2013 Biroul Teritorial Vrancea au dispus re\u021binerea a dou\u0103 persoane, \u00een v\u00e2rst\u0103 de 21 \u0219i 30 de ani, iar fa\u021b\u0103 de o a treia persoan\u0103, de 22 de ani, a fost dispus\u0103 m\u0103sura controlului judiciar.<\/p>\n<p>Ulterior, judec\u0103torul de drepturi \u0219i libert\u0103\u021bi din cadrul Tribunalului Vrancea a decis plasarea \u00een arest la domiciliu a persoanei \u00een v\u00e2rst\u0103 de 30 de ani. \u00cen ceea ce \u00eel prive\u0219te pe t\u00e2n\u0103rul de 21 de ani, procurorii au dispus m\u0103sura controlului judiciar pentru o perioad\u0103 de 60 de zile.<\/p>\n<p>Ac\u021biunea a fost desf\u0103\u0219urat\u0103 cu sprijinul poli\u021bi\u0219tilor din cadrul Inspectoratului de Poli\u021bie Jude\u021bean Vrancea, al brig\u0103zilor de combatere a criminalit\u0103\u021bii organizate din Gala\u021bi \u0219i Bac\u0103u, precum \u0219i al jandarmilor Inspectoratului de Jandarmi Jude\u021bean Vrancea.<\/p>\n<p>Reprezentan\u021bii autorit\u0103\u021bilor subliniaz\u0103 c\u0103, pe \u00eentreaga durat\u0103 a procesului penal, persoanele cercetate beneficiaz\u0103 de toate drepturile \u0219i garan\u021biile procesuale prev\u0103zute de Codul de procedur\u0103 penal\u0103, precum \u0219i de prezum\u021bia de nevinov\u0103\u021bie, p\u00e2n\u0103 la pronun\u021barea unei hot\u0103r\u00e2ri judec\u0103tore\u0219ti definitive.<\/p>\n<p><strong>Citi\u021bi \u0219i con\u021binutul integral al inform\u0103rii de \u00a0de pres\u0103 f\u0103cut\u0103 public ast\u0103zi, 30 iulie\u00a02026 de purt\u0103torul de cuv\u00e2nt al IPJ Vrancea<\/strong><strong> \u00een leg\u0103tur\u0103 cu aceast\u0103 \u0219tire:\u00a0<\/strong><\/p>\n<p><strong>Informare de pres\u0103, joi 30iulie 2026 ora 18:00, IPJ Vrancea:PERSOANE CERCETATE PENTRU TRAFIC \u0218I DE\u021aINERE DE DROGURI<\/strong><\/p>\n<p>Poli\u021bi\u0219tii Serviciului de Combatere a Criminalit\u0103\u021bii Organizate Vrancea, \u00eempreun\u0103 cu procurorii Direc\u021biei de Investigare a Infrac\u021biunilor de Criminalitate Organizat\u0103 \u0219i Terorism \u2013 Biroul Teritorial Vrancea, au documentat activitatea infrac\u021bional\u0103 a trei persoane, cu v\u00e2rste \u00eentre 21 \u0219i 30 de ani, cercetate pentru s\u0103v\u00e2r\u0219irea infrac\u021biunilor de trafic de droguri de risc \u015fi de mare risc \u00een form\u0103 continuat\u0103 \u0219i de\u0163inere de droguri de risc \u00een vederea consumului propriu.\u00cen sarcina unei persoane s-a re\u021binut \u0219i comiterea infrac\u021biunii de trafic interna\u021bional de droguri de risc \u00een form\u0103 continuat\u0103.Din actele de urm\u0103rire penal\u0103 a reie\u0219it faptul c\u0103, \u00een perioada noiembrie 2025 &#8211; iulie 2026, o persoan\u0103, de 30 de ani, cu sprijinul unei alte persoane cercetate, ar fi procurat din Spania \u0219i ar fi introdus \u00een \u021bar\u0103, prin intermediul unor firme de colet\u0103rie, diferite cantit\u0103\u021bi de canabis, destinate comercializ\u0103rii.De asemenea, din cercet\u0103ri a rezultat faptul c\u0103, pe parcursul lunii iunie 2026, aceea\u0219i persoan\u0103, de 30 de ani, \u00eempreun\u0103 cu cele dou\u0103 persoane cercetate, ar fi v\u00e2ndut \u00een municipiul Adjud, canabis \u0219i cocain\u0103.Pe parcursul urm\u0103rii penale au fost indisponibilizate cantit\u0103\u021bi de droguri de risc \u0219i mare risc tranzac\u021bionate de c\u0103tre persoanele \u00een cauz\u0103, iar, pe parcursul perchezi\u021biilor efectuate, au fost descoperite \u0219i ridicate mijloace de prob\u0103.La data de 28 iulie 2026, procurorii Direc\u021biei de Investigare a Infrac\u021biunilor de Criminalitate Organizat\u0103 \u0219i Terorism \u2013 Biroul Teritorial Vrancea au dispus re\u021binerea a dou\u0103 persoane, de 21 \u0219i 30 de ani \u0219i m\u0103sura controlului judiciar fa\u021b\u0103 de o alt\u0103 persoan\u0103, de 22 de ani.Ieri, judec\u0103torul de drepturi \u0219i libert\u0103\u021bi din cadrul Tribunalului Vrancea a dispus m\u0103sura arestului la domiciliu fa\u021b\u0103 de persoana de 30 de ani.\u00a0Totodat\u0103, fa\u021b\u0103 de persoana de 21 de ani, procurorii D.I.I.C.O.T. &#8211; Biroul Teritorial Vrancea au luat m\u0103sura controlului judiciar, pentru 60 de zile.Ac\u021biunea a beneficiat de sprijinul poli\u021bi\u0219tilor din cadrul Inspectoratului de Poli\u021bie Jude\u021bean Vrancea, poli\u021bi\u0219tilor brig\u0103zilor de combatere a criminalit\u0103\u021bii organizate Gala\u021bi \u0219i Bac\u0103u \u0219i jandarmilor Inspectoratului de Jandarmi Jude\u021bean Vrancea.Facem precizarea c\u0103, pe parcursul \u00eentregului proces penal, persoanele cercetate beneficiaz\u0103 de drepturile \u0219i garan\u021biile procesuale prev\u0103zute de Codul de procedur\u0103 penal\u0103, precum \u0219i de prezum\u021bia de nevinov\u0103\u021bie<\/p>\n<hr>\n<div class=\"bloc-widget widget-rosu\">\n<p>\u00cen lipsa unui acord scris din partea Ziarului de Vrancea, pute\u0163i prelua maxim 500 de caractere din acest articol dac\u0103 preciza\u0163i sursa \u015fi insera\u0163i vizibil link-ul articolului:\u00a0<span>#insertcurrentlinkhere<\/span><\/p>\n<\/div>\n<div class=\"extra-articol listing-anunturi\">\n<h6>Anun\u021buri <span class=\"text-primary\">ZdV<\/span> Premium<\/h6>\n<div class=\"row\">\n<div class=\"col-lg-4 col-md-6 bloc-egal\"><a class=\"card-anunt\" href=\"https:\/\/ziaruldevrancea.ro\/anunturi\/imobiliare\/vanzari-terenuri\/vand-teren-in-panciu\"><strong class=\"titlu\">V\u00e2nz\u0103ri terenuri<\/strong><span class=\"text-anunt\">Teren Panciu 1170 mp, cu num\u0103r cas\u0103, ap\u0103&#8230;<\/span><span class=\"data-anunt\">29.07.2026  <\/span><\/a><\/div>\n<div class=\"col-lg-4 col-md-6 bloc-egal\"><a class=\"card-anunt\" href=\"https:\/\/ziaruldevrancea.ro\/anunturi\/altele\/anulare-acte\/vand-scrumbii-afumate-capturi-dunare\"><strong class=\"titlu\">Vanzari diverse<\/strong><span class=\"text-anunt\">Pret : 117 lei \/ kg . \u00a0 Este&#8230;<\/span><span class=\"data-anunt\">29.07.2026 , Gala\u021bi , Gala\u021bi<\/span><\/a><\/div>\n<div class=\"col-lg-4 col-md-6 bloc-egal\"><a class=\"card-anunt\" href=\"https:\/\/ziaruldevrancea.ro\/anunturi\/necrolog\/decese\/dumnezeu-sa-o-aseze-in-randul-celor-drepti\"><strong class=\"titlu\">Decese<\/strong><span class=\"text-anunt\">Cu profund\u0103 durere, familia anun\u021b\u0103 trecerea la&#8230;<\/span><span class=\"data-anunt\">28.07.2026  <\/span><\/a><\/div>\n<\/div>\n<\/div>\n<div class=\"extra-articol alte-articole\">\n<div class=\"row\">\n<div class=\"col-lg-6 bloc-egal\">\n<div class=\"card articol-listing\">\n<h6>\u00cen categoria <a href=\"https:\/\/ziaruldevrancea.ro\/actualitatea\/stiri-locale\">Local<\/a><\/h6>\n<div class=\"grup-articol-listing\">\n<div class=\"cont-pils\"><a href=\"https:\/\/ziaruldevrancea.ro\/actualitatea\/stiri-locale\/avarie-la-uzina-de-apa-focsani\"><img decoding=\"async\" src=\"https:\/\/zdvi.cname.ro\/180_135\/actualitatea\/stiri-locale\/avarie-la-uzina-de-apa-focsani\/mediaPool\/uGwcwuU.jpg\" class=\"img-responsive img-180\" alt><\/a><\/div>\n<h2><a class=\"link-titlu\" href=\"https:\/\/ziaruldevrancea.ro\/actualitatea\/stiri-locale\/avarie-la-uzina-de-apa-focsani\">Avarie la Uzina de Ap\u0103 Foc\u0219ani<\/a><\/h2>\n<div class=\"date-post\"><a href=\"https:\/\/ziaruldevrancea.ro\/autor\/mircea-pavel\">Mircea Pavel<\/a>, 30 iul 2026  <\/div>\n<\/div>\n<div class=\"grup-articol-listing\">\n<div class=\"cont-pils\"><a href=\"https:\/\/ziaruldevrancea.ro\/actualitatea\/stiri-locale\/Sofer-din-vidra-depistat-baut-la-volan-pe-dn2d.-politistii-din-vrancea-au-deschis-dosar-penal\"><img decoding=\"async\" src=\"https:\/\/zdvi.cname.ro\/180_135\/actualitatea\/stiri-locale\/Sofer-din-vidra-depistat-baut-la-volan-pe-dn2d.-politistii-din-vrancea-au-deschis-dosar-penal\/mediaPool\/uRApAly.jpg\" class=\"img-responsive img-180\" alt><\/a><\/div>\n<h2><a class=\"link-titlu\" href=\"https:\/\/ziaruldevrancea.ro\/actualitatea\/stiri-locale\/Sofer-din-vidra-depistat-baut-la-volan-pe-dn2d.-politistii-din-vrancea-au-deschis-dosar-penal\">\u0218ofer din Vidra, depistat b\u0103ut la volan pe DN2D. Poli\u021bi\u0219tii din Vrancea au deschis dosar penal<\/a><\/h2>\n<div class=\"date-post\"><a href=\"https:\/\/ziaruldevrancea.ro\/autor\/radu-tomescu\">Radu Tomescu<\/a>, 30 iul 2026  <\/div>\n<\/div>\n<div class=\"grup-articol-listing\">\n<div class=\"cont-pils\"><a href=\"https:\/\/ziaruldevrancea.ro\/actualitatea\/stiri-locale\/victima-accidentului-grav-de-la-dumbraveni-transferata-de-urgenta-la-neurochirurgie-in-galati\"><img decoding=\"async\" src=\"https:\/\/zdvi.cname.ro\/180_135\/actualitatea\/stiri-locale\/victima-accidentului-grav-de-la-dumbraveni-transferata-de-urgenta-la-neurochirurgie-in-galati\/mediaPool\/u6ByeiU.jpg\" class=\"img-responsive img-180\" alt><\/a><\/div>\n<h2><a class=\"link-titlu\" href=\"https:\/\/ziaruldevrancea.ro\/actualitatea\/stiri-locale\/victima-accidentului-grav-de-la-dumbraveni-transferata-de-urgenta-la-neurochirurgie-in-galati\">Victima accidentului grav de la Dumbr\u0103veni, transferat\u0103 de urgen\u021b\u0103 la Neurochirurgie \u00een Gala\u021bi<\/a><\/h2>\n<div class=\"date-post\"><a href=\"https:\/\/ziaruldevrancea.ro\/autor\/paul-petrache\">Paul Petrache<\/a>, 30 iul 2026  <\/div>\n<\/div>\n<\/div>\n<\/div>\n<div class=\"col-lg-6 bloc-egal\">\n<div class=\"card articol-listing\">\n<h6>De acela\u0219i <a href=\"https:\/\/ziaruldevrancea.ro\/autor\/radu-tomescu\/\">autor<\/a><\/h6>\n<div class=\"grup-articol-listing\">\n<div class=\"cont-pils\"><a href=\"https:\/\/ziaruldevrancea.ro\/actualitatea\/stiri-locale\/accident-grav-in-vrancea-pieton-ranit-dupa-ce-a-fost-lovit-de-un-autoturism-la-dragosloveni-in-comuna-dumbraveni\"><img decoding=\"async\" src=\"https:\/\/zdvi.cname.ro\/180_135\/actualitatea\/stiri-locale\/accident-grav-in-vrancea-pieton-ranit-dupa-ce-a-fost-lovit-de-un-autoturism-la-dragosloveni-in-comuna-dumbraveni\/mediaPool\/u9KFdc2.jpg\" class=\"img-responsive img-180\" alt><\/a><\/div>\n<h2><a class=\"link-titlu\" href=\"https:\/\/ziaruldevrancea.ro\/actualitatea\/stiri-locale\/accident-grav-in-vrancea-pieton-ranit-dupa-ce-a-fost-lovit-de-un-autoturism-la-dragosloveni-in-comuna-dumbraveni\">Accident grav \u00een Vrancea: pieton r\u0103nit dup\u0103 ce a fost lovit de un autoturism la Dragosloveni, \u00een comuna Dumbr\u0103veni<\/a><\/h2>\n<div class=\"date-post\"><a href=\"https:\/\/ziaruldevrancea.ro\/autor\/radu-tomescu\">Radu Tomescu<\/a>, 30 iul 2026  <\/div>\n<\/div>\n<div class=\"grup-articol-listing\">\n<div class=\"cont-pils\"><a href=\"https:\/\/ziaruldevrancea.ro\/actualitatea\/stiri-locale\/amenzi-in-urma-controalelor-pentru-protectia-animalelor-la-adjud.-politistii-au-verificat-14-animale-si-au-sanctionat-neregulile\"><img decoding=\"async\" src=\"https:\/\/zdvi.cname.ro\/180_135\/actualitatea\/stiri-locale\/amenzi-in-urma-controalelor-pentru-protectia-animalelor-la-adjud.-politistii-au-verificat-14-animale-si-au-sanctionat-neregulile\/mediaPool\/uO2mXja.jpg\" class=\"img-responsive img-180\" alt><\/a><\/div>\n<h2><a class=\"link-titlu\" href=\"https:\/\/ziaruldevrancea.ro\/actualitatea\/stiri-locale\/amenzi-in-urma-controalelor-pentru-protectia-animalelor-la-adjud.-politistii-au-verificat-14-animale-si-au-sanctionat-neregulile\">Amenzi \u00een urma controalelor pentru protec\u021bia animalelor la Adjud. Poli\u021bi\u0219tii au verificat 14 animale \u0219i au sanc\u021bionat neregulile<\/a><\/h2>\n<div class=\"date-post\"><a href=\"https:\/\/ziaruldevrancea.ro\/autor\/radu-tomescu\">Radu Tomescu<\/a>, 30 iul 2026  <\/div>\n<\/div>\n<div class=\"grup-articol-listing\">\n<div class=\"cont-pils\"><a href=\"https:\/\/ziaruldevrancea.ro\/jurnalism-cetatenesc\/administrarea-asociatiilor-de-proprietari-din-adjud-in-centrul-unei-dispute.-sesizare-transmisa-ziarului-de-vrancea\"><img decoding=\"async\" src=\"https:\/\/zdvi.cname.ro\/180_135\/jurnalism-cetatenesc\/administrarea-asociatiilor-de-proprietari-din-adjud-in-centrul-unei-dispute.-sesizare-transmisa-ziarului-de-vrancea\/mediaPool\/uMls7Ni.jpg\" class=\"img-responsive img-180\" alt><\/a><\/div>\n<h2><a class=\"link-titlu\" href=\"https:\/\/ziaruldevrancea.ro\/jurnalism-cetatenesc\/administrarea-asociatiilor-de-proprietari-din-adjud-in-centrul-unei-dispute.-sesizare-transmisa-ziarului-de-vrancea\">Administrarea asocia\u021biilor de proprietari din Adjud, \u00een centrul unei dispute. Sesizare transmis\u0103 Ziarului de Vrancea<\/a><\/h2>\n<div class=\"date-post\"><a href=\"https:\/\/ziaruldevrancea.ro\/autor\/radu-tomescu\">Radu Tomescu<\/a>, 30 iul 2026  <\/div>\n<\/div>\n<\/div>\n<\/div>\n<\/div>\n<\/div>\n<div class=\"extra-articol listing-anunturi\">\n<h6>Anun\u021buri <span class=\"text-primary\">ZdV<\/span> Premium<\/h6>\n<div class=\"row\">\n<div class=\"col-lg-4 col-md-6 bloc-egal\"><a class=\"card-anunt\" href=\"https:\/\/ziaruldevrancea.ro\/anunturi\/imobiliare\/vanzari-case\/vand-casa-si-teren-in-panciu-anunt-72818\"><strong class=\"titlu\">V\u00e2nz\u0103ri case<\/strong><span class=\"text-anunt\">V\u00e2nd cas\u0103 cu 2 camere, buc\u0103t\u0103rie, baie,&#8230;<\/span><span class=\"data-anunt\">23.07.2026  <\/span><\/a><\/div>\n<div class=\"col-lg-4 col-md-6 bloc-egal\"><a class=\"card-anunt\" href=\"https:\/\/ziaruldevrancea.ro\/anunturi\/angajari\/cereri-angajari\/doresc-angajare-anunt-72815\"><strong class=\"titlu\">Cereri<\/strong><span class=\"text-anunt\">Doresc s\u0103 am grij\u0103 de un copil de gradini\u021b\u0103&#8230;<\/span><span class=\"data-anunt\">21.07.2026  <\/span><\/a><\/div>\n<div class=\"col-lg-4 col-md-6 bloc-egal\"><a class=\"card-anunt\" href=\"https:\/\/ziaruldevrancea.ro\/anunturi\/inchirieri\/locuinte-oferte\/primesc-in-gazda-anunt-72816\"><strong class=\"titlu\">Locuin\u021be oferte<\/strong><span class=\"text-anunt\">\u00a0Primesc \u00een gazd\u0103 la cas\u0103.<\/p>\n<p>Tel&#8230;.<\/span><span class=\"data-anunt\">21.07.2026  <\/span><\/a><\/div>\n<\/div>\n<\/div>\n<div class=\"bloc-widget widget-albastru\">\n    Ziarul de Vrancea \u00a0nu este responsabil juridic pentru con\u0163inutul textelor din comentariile de mai jos. Responsabilitatea pentru mesajele dumneavoastra v\u0103 revine \u00een exclusivitate.\n<\/div>\n<div class=\"comentarii-articol\" id=\"comentarii\">\n<h3>Comentarii: <span class=\"text-primary\">0<\/span><\/h3>\n<p><a href=\"https:\/\/ziaruldevrancea.ro\/actualitatea\/stiri-locale\/dosar-de-trafic-de-droguri-in-vrancea-trei-persoane-cercetate-canabis-si-cocaina-vandute-in-adjud-potrivit-anchetatorilor\" class=\"btn btn-success btn-adauga-com\" data-toggle=\"modal\" data-parent=\"0\" data-target=\"#commentModal\">Adaug\u0103 comentariu<\/a><\/p>\n<div class=\"loadMask comments-mask\"><img decoding=\"async\" src=\"https:\/\/zdvs.cname.ro\/images\/loader_40.gif\"><\/div>\n<div class=\"comenteaza-jos\">Trebuie s\u0103 fii <a href=\"https:\/\/ziaruldevrancea.ro\/account\">autentificat<\/a> pentru a putea <a href=\"https:\/\/ziaruldevrancea.ro\/actualitatea\/stiri-locale\/dosar-de-trafic-de-droguri-in-vrancea-trei-persoane-cercetate-canabis-si-cocaina-vandute-in-adjud-potrivit-anchetatorilor\" class data-toggle=\"modal\" data-parent=\"0\" data-target=\"#commentModal\">posta un comentariu<\/a>.<\/div>\n<\/div>\n<div class=\"modal fade\" id=\"commentModal\" role=\"dialog\" aria-labelledby=\"commentModalLabel\">\n<div class=\"modal-dialog modal-lg\" role=\"document\">\n<div class=\"modal-content\">\n<div class=\"modal-header\">\n<h3 class=\"modal-title\" id=\"commentModalLabel\">Comenteaz\u0103<\/h3>\n<\/div>\n<div class=\"modal-body\">\n<div class=\"tabel tabel-full\">\n<div class=\"celula\">\n              Trebuie s\u0103 fii <a href=\"https:\/\/ziaruldevrancea.ro\/account\">autentificat<\/a> pentru a putea posta un comentariu.\n            <\/div>\n<\/div>\n<\/div>\n<div class=\"modal-footer\">\n<div id=\"commentPending\" class=\"formPending pull-left\"><img decoding=\"async\" src=\"https:\/\/zdvs.cname.ro\/images\/loader_40.gif\"> In curs de procesare&#8230;<\/div>\n<p><a href=\"https:\/\/ziaruldevrancea.ro\/actualitatea\/stiri-locale\/dosar-de-trafic-de-droguri-in-vrancea-trei-persoane-cercetate-canabis-si-cocaina-vandute-in-adjud-potrivit-anchetatorilor\" class=\"btn btn-default\" data-dismiss=\"modal\">Anuleaz\u0103<\/a><\/div>\n<\/div>\n<\/div>\n<\/div>\n<div class=\"modal fade\" id=\"commentReportModal\" role=\"dialog\" aria-labelledby=\"commentReportModalLabel\">\n<div class=\"modal-dialog modal-lg\" role=\"document\">\n<div class=\"modal-content\">\n<div class=\"modal-header\">\n<h3 class=\"modal-title\" id=\"commentReportModalLabel\">Raporteaza comentariu<\/h3>\n<\/div>\n<div class=\"modal-body\">\n<div class=\"tabel tabel-full\">\n<div class=\"celula\">\n              Trebuie s\u0103 fii <a href=\"https:\/\/ziaruldevrancea.ro\/account\">autentificat<\/a> pentru a putea raporta un comentariu.\n            <\/div>\n<\/div>\n<\/div>\n<div class=\"modal-footer\">\n<div id=\"commentReportPending\" class=\"formPending pull-left\"><img decoding=\"async\" src=\"https:\/\/zdvs.cname.ro\/images\/loader_40.gif\"> In curs de procesare&#8230;<\/div>\n<p><a href=\"https:\/\/ziaruldevrancea.ro\/actualitatea\/stiri-locale\/dosar-de-trafic-de-droguri-in-vrancea-trei-persoane-cercetate-canabis-si-cocaina-vandute-in-adjud-potrivit-anchetatorilor\" class=\"btn btn-default\" data-dismiss=\"modal\">Anuleaz\u0103<\/a><\/div>\n<\/div>\n<\/div>\n<\/div>\n<div class=\"modal fade\" id=\"commentLikeModal\" role=\"dialog\" aria-labelledby=\"commentLikeModalLabel\">\n<div class=\"modal-dialog modal-lg\" role=\"document\">\n<div class=\"modal-content\">\n<div class=\"modal-header\">\n<h3 class=\"modal-title\" id=\"commentReportModalLabel\">Apreciaza comentariu<\/h3>\n<\/div>\n<div class=\"modal-body\">\n<div class=\"tabel tabel-full\">\n<div class=\"celula\">\n            Trebuie s\u0103 fii <a href=\"https:\/\/ziaruldevrancea.ro\/account\">autentificat<\/a> pentru a putea aprecia un comentariu.\n          <\/div>\n<\/div>\n<\/div>\n<div class=\"modal-footer\"><a href=\"https:\/\/ziaruldevrancea.ro\/actualitatea\/stiri-locale\/dosar-de-trafic-de-droguri-in-vrancea-trei-persoane-cercetate-canabis-si-cocaina-vandute-in-adjud-potrivit-anchetatorilor\" class=\"btn btn-default\" data-dismiss=\"modal\">Anuleaz\u0103<\/a><\/div>\n<\/div>\n<\/div>\n<\/div>\n<div class=\"bloc-widget widget-rosu\"><span><small>Ziarul de Vrancea doreste ca acest site sa fie un spatiu al discutiilor civilizate, al comentariilor de bun simt. Din acest motiv, cei care posteaza comentarii la articole trebuie sa respecte urmatoarele reguli:<br \/>\n1. Sa se refere doar la articolul la care posteaza comentarii.<br \/>\n2. Sa foloseasca un limbaj civilizat, fara injurii, calomnii, comentarii antisemite, xenofobe sau rasiste.<br \/>\n3. Sunt interzise atacurile la adresa autorilor, daca acestea nu au legatura cu textul.<br \/>\n4. Username-ul sa nu fie nume de personalitati ale vietii publice sau parodieri ale acestora.<br \/>\nAutorul unui articol poate fi criticat pentru eventuale greseli, incoerenta, lipsa de documentare etc.<br \/>\nNerespectarea regulilor mentionate mai sus va duce la stergerea comentariilor, fara avertisment si fara explicatii.<br \/>\nAbaterile repetate vor avea drept consecinta interdictia accesului la aceasta facilitate a site-ului.<\/small><\/span><\/div>\n<\/div>\n<p>[analyse_source url=&#8221;https:\/\/ziaruldevrancea.ro\/actualitatea\/stiri-locale\/dosar-de-trafic-de-droguri-in-vrancea-trei-persoane-cercetate-canabis-si-cocaina-vandute-in-adjud-potrivit-anchetatorilor&#8221;]<\/p>\n","protected":false},"excerpt":{"rendered":"<p>[analyse_image type=&#8221;featured&#8221; src=&#8221;https:\/\/zdvi.cname.ro\/_\/dosar-de-trafic-de-droguri-in-vrancea-trei-persoane-cercetate-canabis-si-cocaina-vandute-in-adjud-potrivit-anchetatorilor\/mediaPool\/ucfOmNt.JPG&#8221;] Local Dosar de trafic de droguri \u00een Vrancea: trei persoane cercetate, canabis \u0219i cocain\u0103 v\u00e2ndute \u00een Adjud, potrivit anchetatorilor Distribuie: \u00a0 | Radu Tomescu 30 iul 20261112 vizualiz\u0103ri Procurorii DIICOT \u2013 Biroul Teritorial Vrancea \u0219i poli\u021bi\u0219tii SCCO Vrancea au documentat un dosar privind trafic de droguri de risc \u0219i de mare risc. [&hellip;]<\/p>\n","protected":false},"author":1,"featured_media":0,"comment_status":"open","ping_status":"","sticky":false,"template":"","format":"standard","meta":{"footnotes":""},"categories":[89],"tags":[226,208],"class_list":["post-2070072","post","type-post","status-publish","format-standard","hentry","category-romania","tag-crawlmanager","tag-ziaruldevrancea-ro"],"_links":{"self":[{"href":"https:\/\/analyse.optim.biz\/index.php?rest_route=\/wp\/v2\/posts\/2070072","targetHints":{"allow":["GET"]}}],"collection":[{"href":"https:\/\/analyse.optim.biz\/index.php?rest_route=\/wp\/v2\/posts"}],"about":[{"href":"https:\/\/analyse.optim.biz\/index.php?rest_route=\/wp\/v2\/types\/post"}],"author":[{"embeddable":true,"href":"https:\/\/analyse.optim.biz\/index.php?rest_route=\/wp\/v2\/users\/1"}],"replies":[{"embeddable":true,"href":"https:\/\/analyse.optim.biz\/index.php?rest_route=%2Fwp%2Fv2%2Fcomments&post=2070072"}],"version-history":[{"count":0,"href":"https:\/\/analyse.optim.biz\/index.php?rest_route=\/wp\/v2\/posts\/2070072\/revisions"}],"wp:attachment":[{"href":"https:\/\/analyse.optim.biz\/index.php?rest_route=%2Fwp%2Fv2%2Fmedia&parent=2070072"}],"wp:term":[{"taxonomy":"category","embeddable":true,"href":"https:\/\/analyse.optim.biz\/index.php?rest_route=%2Fwp%2Fv2%2Fcategories&post=2070072"},{"taxonomy":"post_tag","embeddable":true,"href":"https:\/\/analyse.optim.biz\/index.php?rest_route=%2Fwp%2Fv2%2Ftags&post=2070072"}],"curies":[{"name":"wp","href":"https:\/\/api.w.org\/{rel}","templated":true}]}}