{"id":207007,"date":"2014-04-26T03:02:50","date_gmt":"2014-04-26T00:02:50","guid":{"rendered":"https:\/\/analyse.optim.biz\/?p=207007"},"modified":"2014-04-26T03:02:50","modified_gmt":"2014-04-26T00:02:50","slug":"analiza-tribuna-institutiilor-statului-folosita-pentru-contre-politice-in-campania-electorala-duelul-basescu-corlatean","status":"publish","type":"post","link":"https:\/\/analyse.optim.biz\/?p=207007","title":{"rendered":"ANALIZ\u0102. Tribuna institu\u021biilor statului, folosit\u0103 pentru contre politice \u00een campania electoral\u0103: duelul B\u0103sescu-Corl\u0103\u021bean"},"content":{"rendered":"<div class=\"entry data-app-meta data-app-meta-article\" data-embed-base-url-canonical=\"https:\/\/www.digi24.ro\/embed\/stiri\/actualitate\/politica\/analiza-tribuna-institutiilor-statului-folosita-pentru-contre-politice-in-campania-electorala-duelul-basescu-corlatean-234907\">\n<p data-index=\"1\"><img decoding=\"async\" src=\"https:\/\/analyse.optim.biz\/wp-content\/uploads\/2024\/09\/njfhnjbimjqxzmq5ngfkzdg3ztywogm5y2q0yte3nzk-thumb_.jpg\" data-skip-htmlfix=\"1\" title=\"njfhnjbimjqxzmq5ngfkzdg3ztywogm5y2q0yte3nzk-thumb_\"><strong>sursa foto: presidency.ro<\/strong><\/p>\n<p data-index=\"2\">Cele dou\u0103 institu\u021bii nu sunt pe aceea\u0219i lungime de und\u0103 nici m\u0103car \u00een ceea ce prive\u0219te \u00eenceperea campaniei electorale. Pre\u0219edintele a precizat c\u0103 face declara\u021biile \u201e\u00een prima zi de campanie\u201d, \u00een timp ce Ministerul de Externe \u00eel acuz\u0103 c\u0103 \u201ea declan\u0219at campania electoral\u0103 \u00eenainte de termenul legal\u201d.<\/p>\n<p data-index=\"3\">Motivul contrelor dintre pre\u0219edinte \u0219i \u0219eful diploma\u021biei l-a reprezentat, printre altele, pre\u0219edintele Parlamentului European, socialistul <strong>Martin Schulz<\/strong>.<\/p>\n<p data-index=\"4\">\u00centr-o declara\u021bie de pres\u0103 f\u0103cut\u0103 la <strong>Palatul Cotroceni<\/strong>, pre\u0219edintele Traian B\u0103sescu \u2013 sub pretextul unei <a href=\"https:\/\/www.digi24.ro\/Stiri\/Digi24\/Actualitate\/Politica\/Traian+Basescu+declaratii+25+aprilie+\" target=\"_blank\" data-skip-linkfix=\"1\" rel=\"noopener\">disponibilit\u0103\u021bi de a discuta \u00een campanie pe teme europene<\/a> &#8211; \u0219i-a ap\u0103rat familia politic\u0103 \u2013 <strong>PPE<\/strong> \u2013 \u0219i l-a atacat pe <strong>Martin Schulz<\/strong>, actualul pre\u0219edinte al Parlamentului European. Ministrul <strong>Titus Corl\u0103\u021bean<\/strong>, care face parte din familia politic\u0103 a sociali\u0219tilor, s-a sim\u021bit dator s\u0103 r\u0103spund\u0103 amplu \u0219i \u00een termeni duri, \u00eentr-o <strong>declara\u021bie de pres\u0103 purt\u00e2nd sigla MAE<\/strong>, <a href=\"http:\/\/www.mae.ro\/node\/26234\" target=\"_blank\" data-skip-linkfix=\"1\" rel=\"noopener\">publicat\u0103 chiar pe site-ul institu\u021biei.<\/a><\/p>\n<p data-index=\"5\">Pre\u015fedintele a \u0163inut vineri o conferin\u0163\u0103 de pres\u0103 la Cotroceni ca s\u0103-\u015fi anun\u0163e &#8211; \u201e\u00een prima zi de campanie\u201d -disponibilitatea de a participa la dezbateri pe teme europene. Traian B\u0103sescu a atras aten\u0163ia c\u0103 partidul european care va c\u00e2\u015ftiga scrutinul din 25 mai va fi cel care va da urm\u0103torul pre\u015fedinte al Comisiei Europene. A fost o ocazie bun\u0103 s\u0103-l critice pe Martin Schulz, candidatul sociali\u015ftilor.<\/p>\n<p data-index=\"6\">Traian B\u0103sescu a declarat c\u0103 ar fi important de dezb\u0103tut \u00een campania pentru euroalegeri motivele pentru care ar trebui s\u0103 fie condus\u0103 <strong>Comisia European\u0103<\/strong>, de acum \u00eenainte, de <strong>Jean Claude Juncker<\/strong> \u2013 candidatul PPE &#8211; sau de <strong>Martin Schulz<\/strong>, candidatul sociali\u0219tilor. \u201eMai ales dac\u0103 privim lucrurile prin prisma ultimelor declara\u0163ii \u015fi ac\u0163iuni ale sociali\u015ftilor\u201d, a ad\u0103ugat pre\u0219edintele. El a men\u021bionat c\u0103 grupul socialist a fost extrem de greu de convins s\u0103 dea un vot care s\u0103 creeze o perspectiv\u0103 european\u0103 Republicii Moldova.<\/p>\n<p data-index=\"7\">\u201ePentru domnul Schulz, anexarea Crimeei era un fapt \u00eemplinit \u0219i asta e \u0219i trebuie s\u0103 fim linisti\u021bi! Probabil aceea\u0219i abordare va avea dac\u0103 se \u00eent\u00e2mpl\u0103 \u0219i alte evolu\u021bii negative \u00een defavoarea Rom\u00e2niei\u201d, a explicat Traian B\u0103sescu, referindu-se la o <a href=\"https:\/\/www.digi24.ro\/Stiri\/Digi24\/Extern\/Europa\/Adina+Valean+catre+Martin+Schulz+Nu+toti+vrem+sa+ne+vindem+sufle\" target=\"_blank\" data-skip-linkfix=\"1\" rel=\"noopener\">dezbatere care a avut loc \u00een Parlamentul European<\/a>.<\/p>\n<p data-index=\"8\">Pre\u015fedintele a spus c\u0103 se poate face o discu\u021bie pe aceast\u0103 tem\u0103, \u015fi anume ce este \u00een avantajul Rom\u00e2nei &#8211; s\u0103 avem un pre\u015fedinte al Comisiei Europene socialist sau un un pre\u015fedinte de Comisie din spectrul PPE?<\/p>\n<p data-index=\"9\">\u201eNu mai vorbim de faptul c\u0103 trebuie s\u0103 ne uit\u0103m \u015fi la dimensiunile \u0163\u0103rilor, nu cumva risc\u0103m s\u0103 cre\u0103m o for\u0163\u0103 incredibil\u0103 unui singur stat, care, oricum, este extrem de influent, prin crearea condi\u0163iilor ca domnul Schulz s\u0103 devin\u0103 pre\u015fedinte al Comisiei Europene?&#8221;, a mai spus Traian B\u0103sescu, \u00eentr-o aluzie la Germania.<\/p>\n<h5>Diploma\u021bia, \u00een slujba replicilor date pre\u0219edintelui<\/h5>\n<p data-index=\"10\">Replica la declara\u0163iile pre\u015fedintelui a venit de la ministrul de Externe, <strong>Titus Corl\u0103\u0163ean<\/strong>, sub forma unei declara\u021bii publicate pe site-ul MAE. O declara\u021bie ampl\u0103, \u00een care, probabil din graba redact\u0103rii, s-a strecurat \u0219i o gre\u0219eal\u0103 de gramatic\u0103. Cuvintele sunt dure \u0219i par mai degrab\u0103 proprii unei polemici electorale: limbajul diplomatic nu prea \u00ee\u0219i face loc. Se renun\u021b\u0103 chiar, la un moment dat, la orice titulatur\u0103 protocolar\u0103 de tipul \u201epre\u0219edintele\u201d, \u201edomnul\u201d, \u0219eful statului fiind numit simplu \u201eB\u0103sescu\u201d. Pre\u0219edintele este asemuit unui comisar sovietic:<\/p>\n<p data-index=\"11\">\u201e<em>Pre\u0219edintele dore\u0219te s\u0103 impun\u0103 nu o agend\u0103 a dezbaterii politice \u2013 ceea ce \u00een ultim\u0103 instan\u021b\u0103 poate fi eventual \u00een\u021beles \u2013 ci,<strong> asemenea unui comisar sovietic <\/strong>(s.n), propriile sale op\u021biuni \u0219i r\u0103spunsuri, dorind astfel s\u0103 manipuleze opinia alegatorilor \u0219i s\u0103 creeze falsa impresie c\u0103 \u00een Rom\u00e2nia este singurul care are r\u0103spunsuri \u0219i c\u0103 doar partizanii s\u0103i sunt vizionari \u0219i dedica\u021bi interesului na\u021bional<\/em>\u201d, se arat\u0103 \u00een declara\u021bia ministrului de Externe.<\/p>\n<p data-index=\"12\">Ministrul rom\u00e2n de externe sus\u0163ine c\u0103 \u015feful statului \u00eencalc\u0103 prevederea constitu\u021bional\u0103 privind neutralitatea politic\u0103 prin declara\u021biile sale. \u201eOpiniile exprimate sunt fie banale, fie eronate\u201d, apreciaz\u0103 Titus Corl\u0103\u021bean. <em>\u201e<\/em><em>Pre\u0219edintele, ca de fiecare dat\u0103 \u00een ie\u0219irile sale publice, <strong>minte<\/strong> sau manipuleaz\u0103 adev\u0103ruri \u00een func\u021bie de propriul s\u0103u interes\u201d<\/em>, spune ministrul de Externe.<\/p>\n<p data-index=\"13\">De asemenea, \u015feful diploma\u0163iei rom\u00e2ne a fost deranjat \u015fi de atacul lui Traian B\u0103sescu la adresa \u015fefului sociali\u015ftilor europeni.<\/p>\n<p data-index=\"14\">\u201e<em>Atacul la domnul Schulz este o mistificare neru\u0219inat\u0103. A induce public ideea c\u0103 sociali\u0219ti europeni \u0219i Germania trateaz\u0103 anexarea Crimei (<\/em>sic! &#8211; n.r<em>.) ca un fapt \u00eemplinit este o dovad\u0103 c\u0103 nu are niciun respect pentru adev\u0103r \u0219i c\u0103 este gata s\u0103-\u0219i terfeleasc\u0103 partenerii occidentali, care ani de zile i-au dat credit, pentru interesele sale partizane<\/em>\u201d.<\/p>\n<p data-index=\"15\">Titus Corl\u0103\u0163ean este de p\u0103rere c\u0103 atacul la adresa germanului Martin Schulz \u015fi a Germaniei este de natur\u0103 s\u0103 afecteze rela\u021biile Rom\u00e2niei cu acest stat \u0219i \u00eel acuz\u0103 pe Traian B\u0103sescu de subminarea viitorului politic al \u021b\u0103rii: \u201e<em>Aflat la sf\u00e2r\u0219itul unei <strong>cariere politice cu efecte dezastroase pentru \u021bar\u0103<\/strong>, pre\u0219edintele dore\u0219te prin astfel de mesaje publice s\u0103 izoleze Rom\u00e2nia \u0219i <strong>s\u0103 submineze viitorul politic al \u021b\u0103rii<\/strong><\/em>\u201d.<\/p>\n<p data-index=\"16\"><img decoding=\"async\" src=\"https:\/\/analyse.optim.biz\/wp-content\/uploads\/2024\/09\/ptgwmczoyxnopty3mddjnddjyzyymdfintbhzjm0otlmnjflztvknzhm-thumb_.jpg\" data-skip-htmlfix=\"1\" title=\"ptgwmczoyxnopty3mddjnddjyzyymdfintbhzjm0otlmnjflztvknzhm-thumb_\"><\/p>\n<p data-index=\"17\">Politicienii din Rom\u00e2nia \u00ee\u0219i disput\u0103 \u0219i curteaz\u0103 electoratul din Republica Moldova. O dovede\u0219te f\u0103r\u0103 t\u0103gad\u0103 declara\u021bia lui Titus Corl\u0103\u021bean, <strong>publicat\u0103 pe site-ul MAE<\/strong>: \u201e<em>Este timpul s\u0103 ne adres\u0103m \u0219i electoratului din Republica Moldova, care va vota pentru aceste alegeri europene. Este un mit fals c\u0103 singurul suporter al intereselor cet\u0103\u021benilor Republicii Moldova este pre\u0219edintele B\u0103sescu. El este doar un <strong>propagandist de tip sovietic<\/strong>, care manipuleaz\u0103 sentimentele \u0219i aspira\u021biile oamenilor. Noi consider\u0103m c\u0103 Republica Moldova are nevoie de sprijin concret \u0219i de ac\u021biune diplomatic\u0103 responsabil\u0103. \u00cen acest moment declara\u021biile electoraliste ale domnului B\u0103sescu fac mai mult r\u0103u dec\u00e2t bine procesului de apropiere dintre Republica Moldova \u0219i Uniunea European\u0103<\/em>\u201d.<\/p>\n<p data-index=\"18\">Titus Corl\u0103\u021bean \u00eel acuz\u0103 pe Traian B\u0103sescu \u0219i de \u00eencercare de timorare a partidelor: \u201e<em>Apelul la \u0219efii de partide \u0219i la electorat de a nu participa la acte de corup\u021bie \u00een timpul campaniei este o alt\u0103 \u00eencercare de a timora partidele. Nu respectarea legii \u0219i independen\u021bei justi\u021biei este ceea ce <strong>ne transmite B\u0103sescu<\/strong>, ci amenin\u021barea voalat\u0103 c\u0103 se va folosi de justi\u021bie, la fel ca la referendumul din 2012, pentru a distorsiona rezultatul alegerilor<\/em>\u201d.<\/p>\n<p data-index=\"19\">Declara\u021bia ministrului de Externe, <strong>publicat\u0103 pe site-ul MAE<\/strong>, se \u00eencheie cu o recomandare \u00een cel mai pur stil electoral-propagandist: \u201e<em>Votul cet\u0103\u021benilor Rom\u00e2ni la 25 mai ar trebui s\u0103 fie nu numai o op\u021biune pentru viitorul Europei, ci \u0219i o sanc\u021biune disciplinar\u0103 la adresa unui pre\u0219edinte care reprezint\u0103 deja trecutul<\/em>\u201d. O fraz\u0103 frumos me\u0219te\u0219ugit\u0103, dar care poate \u0219i-ar fi g\u0103sit mai bine locul dac\u0103 nu era publicat\u0103 sub antetul MAE, ci al celor trei trandafiri social-democra\u021bi.<\/p>\n<p data-index=\"20\">Dincolo de dezam\u0103girea pe care o provoac\u0103 aleg\u0103torului folosirea f\u0103\u021bi\u0219\u0103 a institu\u021biilor statului ca suport de propagand\u0103 electoral\u0103 \u0219i contre politice, se pune &#8211; \u00eendrept\u0103\u021bit &#8211; \u00eentrebarea:<strong> cum func\u021bioneaz\u0103 dialogul institu\u021bional dintre \u0219eful MAE \u0219i pre\u0219edinte, \u00eentr-o perioad\u0103 c\u00e2nd <a href=\"https:\/\/www.digi24.ro\/Stiri\/Digi24\/Extern\/Europa\/Moscova+someaza+Kievul+sa+inceteze+operatiunile+militare+din+est\" target=\"_blank\" data-skip-linkfix=\"1\" rel=\"noopener\">contextul regional<\/a> este extrem de fragil, iar diploma\u021bia \u0219i politica extern\u0103 devin foarte importante? \u00a0<\/strong><\/p>\n<p data-index=\"21\"><strong>Luana P\u0103v\u0103luc\u0103<\/strong><\/p>\n<\/div>\n<p> Source URL: https:\/\/www.digi24.ro\/stiri\/actualitate\/politica\/analiza-tribuna-institutiilor-statului-folosita-pentru-contre-politice-in-campania-electorala-duelul-basescu-corlatean-234907<\/p>\n","protected":false},"excerpt":{"rendered":"<p>sursa foto: presidency.ro Cele dou\u0103 institu\u021bii nu sunt pe aceea\u0219i lungime de und\u0103 nici m\u0103car \u00een ceea ce prive\u0219te \u00eenceperea campaniei electorale. Pre\u0219edintele a precizat c\u0103 face declara\u021biile \u201e\u00een prima zi de campanie\u201d, \u00een timp ce Ministerul de Externe \u00eel acuz\u0103 c\u0103 \u201ea declan\u0219at campania electoral\u0103 \u00eenainte de termenul legal\u201d. Motivul contrelor dintre pre\u0219edinte \u0219i [&hellip;]<\/p>\n","protected":false},"author":1,"featured_media":207008,"comment_status":"open","ping_status":"","sticky":false,"template":"","format":"standard","meta":{"footnotes":""},"categories":[2],"tags":[11],"class_list":["post-207007","post","type-post","status-publish","format-standard","has-post-thumbnail","hentry","category-politics","tag-digi24"],"_links":{"self":[{"href":"https:\/\/analyse.optim.biz\/index.php?rest_route=\/wp\/v2\/posts\/207007","targetHints":{"allow":["GET"]}}],"collection":[{"href":"https:\/\/analyse.optim.biz\/index.php?rest_route=\/wp\/v2\/posts"}],"about":[{"href":"https:\/\/analyse.optim.biz\/index.php?rest_route=\/wp\/v2\/types\/post"}],"author":[{"embeddable":true,"href":"https:\/\/analyse.optim.biz\/index.php?rest_route=\/wp\/v2\/users\/1"}],"replies":[{"embeddable":true,"href":"https:\/\/analyse.optim.biz\/index.php?rest_route=%2Fwp%2Fv2%2Fcomments&post=207007"}],"version-history":[{"count":0,"href":"https:\/\/analyse.optim.biz\/index.php?rest_route=\/wp\/v2\/posts\/207007\/revisions"}],"wp:featuredmedia":[{"embeddable":true,"href":"https:\/\/analyse.optim.biz\/index.php?rest_route=\/wp\/v2\/media\/207008"}],"wp:attachment":[{"href":"https:\/\/analyse.optim.biz\/index.php?rest_route=%2Fwp%2Fv2%2Fmedia&parent=207007"}],"wp:term":[{"taxonomy":"category","embeddable":true,"href":"https:\/\/analyse.optim.biz\/index.php?rest_route=%2Fwp%2Fv2%2Fcategories&post=207007"},{"taxonomy":"post_tag","embeddable":true,"href":"https:\/\/analyse.optim.biz\/index.php?rest_route=%2Fwp%2Fv2%2Ftags&post=207007"}],"curies":[{"name":"wp","href":"https:\/\/api.w.org\/{rel}","templated":true}]}}