{"id":2070064,"date":"2026-07-29T13:06:15","date_gmt":"2026-07-29T10:06:15","guid":{"rendered":"https:\/\/analyse.optim.biz\/?p=2070064"},"modified":"2026-07-29T13:06:15","modified_gmt":"2026-07-29T10:06:15","slug":"timisoara-program-prelungit-pentru-transportul-public-de-ziua-timisoarei-curse-suplimentare-dupa-miezul-noptii","status":"publish","type":"post","link":"https:\/\/analyse.optim.biz\/?p=2070064","title":{"rendered":"Timi\u0219oara: Program prelungit pentru transportul public, de Ziua Timi\u0219oarei. Curse suplimentare dup\u0103 miezul nop\u021bii"},"content":{"rendered":"<p>[analyse_image type=&#8221;featured&#8221; src=&#8221;http:\/\/www.banatulmeu.ro\/wp-content\/uploads\/2025\/12\/troleibuz-e1767093168337.jpg&#8221;]<\/p>\n<div class=\"post-content-bd\">\n<p>Societatea de Transport Public Timi\u0219oara va prelungi programul de circula\u021bie pe mai multe linii, cu ocazia evenimentelor organizate de Ziua Timi\u0219oarei \u2013 Timi\u0219oara City Celebration, \u00een perioada 31 iulie \u2013 3 august.<\/p>\n<p>A\u0219adar, \u00een fiecare dintre cele patru seri vor fi introduse curse suplimentare dup\u0103 ora 00:00, pe liniile 1, 2, 6, 9, 11, 14, 15, 16, 18, 33, 40, E1, E2, E3 \u0219i E7.<\/p>\n<p>M\u0103sura este menit\u0103 s\u0103 asigure transportul participan\u021bilor dup\u0103 \u00eencheierea manifest\u0103rilor care vor avea loc \u00een zona Bulevardului I.C. Br\u0103tianu \u0219i a Parcului Civic \u0219i s\u0103 faciliteze deplasarea acestora c\u0103tre principalele cartiere ale ora\u0219ului.<\/p>\n<p>Reprezentan\u021bii STPT \u00eei \u00eendeamn\u0103 pe timi\u0219oreni \u0219i pe vizitatori s\u0103 foloseasc\u0103 transportul public pentru deplasarea la evenimente, pentru reducerea aglomera\u021biei din trafic \u0219i desf\u0103\u0219urarea \u00een bune condi\u021bii a manifest\u0103rilor dedicate Zilei Timi\u0219oarei.<\/p>\n<\/div>\n<p>[analyse_source url=&#8221;https:\/\/www.banatulmeu.ro\/timisoara-program-prelungit-pentru-transportul-public-de-ziua-timisoarei-curse-suplimentare-dupa-miezul-noptii\/&#8221;]<\/p>\n","protected":false},"excerpt":{"rendered":"<p>[analyse_image type=&#8221;featured&#8221; src=&#8221;http:\/\/www.banatulmeu.ro\/wp-content\/uploads\/2025\/12\/troleibuz-e1767093168337.jpg&#8221;] Societatea de Transport Public Timi\u0219oara va prelungi programul de circula\u021bie pe mai multe linii, cu ocazia evenimentelor organizate de Ziua Timi\u0219oarei \u2013 Timi\u0219oara City Celebration, \u00een perioada 31 iulie \u2013 3 august. A\u0219adar, \u00een fiecare dintre cele patru seri vor fi introduse curse suplimentare dup\u0103 ora 00:00, pe liniile 1, 2, 6, [&hellip;]<\/p>\n","protected":false},"author":1,"featured_media":0,"comment_status":"open","ping_status":"","sticky":false,"template":"","format":"standard","meta":{"footnotes":""},"categories":[89],"tags":[204,226],"class_list":["post-2070064","post","type-post","status-publish","format-standard","hentry","category-romania","tag-banatulmeu-ro","tag-crawlmanager"],"_links":{"self":[{"href":"https:\/\/analyse.optim.biz\/index.php?rest_route=\/wp\/v2\/posts\/2070064","targetHints":{"allow":["GET"]}}],"collection":[{"href":"https:\/\/analyse.optim.biz\/index.php?rest_route=\/wp\/v2\/posts"}],"about":[{"href":"https:\/\/analyse.optim.biz\/index.php?rest_route=\/wp\/v2\/types\/post"}],"author":[{"embeddable":true,"href":"https:\/\/analyse.optim.biz\/index.php?rest_route=\/wp\/v2\/users\/1"}],"replies":[{"embeddable":true,"href":"https:\/\/analyse.optim.biz\/index.php?rest_route=%2Fwp%2Fv2%2Fcomments&post=2070064"}],"version-history":[{"count":0,"href":"https:\/\/analyse.optim.biz\/index.php?rest_route=\/wp\/v2\/posts\/2070064\/revisions"}],"wp:attachment":[{"href":"https:\/\/analyse.optim.biz\/index.php?rest_route=%2Fwp%2Fv2%2Fmedia&parent=2070064"}],"wp:term":[{"taxonomy":"category","embeddable":true,"href":"https:\/\/analyse.optim.biz\/index.php?rest_route=%2Fwp%2Fv2%2Fcategories&post=2070064"},{"taxonomy":"post_tag","embeddable":true,"href":"https:\/\/analyse.optim.biz\/index.php?rest_route=%2Fwp%2Fv2%2Ftags&post=2070064"}],"curies":[{"name":"wp","href":"https:\/\/api.w.org\/{rel}","templated":true}]}}