{"id":2070044,"date":"2026-07-30T08:57:57","date_gmt":"2026-07-30T05:57:57","guid":{"rendered":"https:\/\/analyse.optim.biz\/?p=2070044"},"modified":"2026-07-30T08:57:57","modified_gmt":"2026-07-30T05:57:57","slug":"anthony-fauci-a-refuzat-sa-depuna-marturie-in-fata-senatului-sua","status":"publish","type":"post","link":"https:\/\/analyse.optim.biz\/?p=2070044","title":{"rendered":"Anthony Fauci a refuzat s\u0103 depun\u0103 m\u0103rturie \u00een fa\u021ba Senatului SUA"},"content":{"rendered":"<p>[analyse_image type=&#8221;featured&#8221; src=&#8221;https:\/\/ortodoxinfo.ro\/wp-content\/uploads\/2026\/07\/anthony-fauci-audiere.pnghttps:\/\/ortodoxinfo.ro\/wp-content\/uploads\/2026\/07\/anthony-fauci-audiere.png&#8221;]<\/p>\n<article id=\"post-253364\" class=\"post-253364 post type-post status-publish format-standard has-post-thumbnail category-plandemia-covid-19\">\n<header class=\"single-header\">\n<aside class=\"breadcrumb-wrap breadcrumb-yoast s-breadcrumb\">\n<div class=\"breadcrumb-inner\"><span><span><a href=\"https:\/\/ortodoxinfo.ro\/\">Prima pagin\u0103<\/a><\/span> \u00bb <span><a href=\"https:\/\/ortodoxinfo.ro\/blog\/\">Blog<\/a><\/span> \u00bb <span class=\"breadcrumb_last\" aria-current=\"page\">Anthony Fauci a refuzat s\u0103 depun\u0103 m\u0103rturie \u00een fa\u021ba Senatului SUA<\/span><\/span><\/div>\n<\/aside>\n<h1 class=\"s-title fw-headline\">Anthony Fauci a refuzat s\u0103 depun\u0103 m\u0103rturie \u00een fa\u021ba Senatului SUA<\/h1>\n<div class=\"single-meta meta-s-default yes-0\">\n<div class=\"smeta-in\"><a class=\"meta-el meta-avatar\" href=\"https:\/\/ortodoxinfo.ro\/author\/redactor\/\"><img loading=\"lazy\" decoding=\"async\" alt=\"OrtodoxINFO\" src=\"https:\/\/secure.gravatar.com\/avatar\/21010332354a182ce4de6016685c5586f21c51866d0ec5bc8ef383240b3c3e02?s=120&amp;r=g\" class=\"avatar avatar-120 photo\" height=\"120\" width=\"120\"><\/a><\/p>\n<div class=\"smeta-sec\">\n<div class=\"p-meta\">\n<div class=\"meta-inner is-meta\"><span class=\"meta-el meta-date\"><time datetime=\"2026-07-30T11:04:33+03:00\">30 iulie 2026<\/time><\/span><span class=\"meta-el meta-category meta-bold\"><a class=\"meta-separate category-19229\" href=\"https:\/\/ortodoxinfo.ro\/category\/anti-sistem\/reducerea-populatiei\/plandemia-covid-19\/\">plandemia covid-19<\/a><\/span><span class=\"meta-el meta-view\">5.8k vizualiz\u0103ri\t\t<\/span><span class=\"meta-el meta-comment mobile-last-meta tablet-last-meta\"><a href=\"https:\/\/ortodoxinfo.ro\/2026\/07\/30\/anthony-fauci-a-refuzat-sa-depuna-marturie-in-fata-senatului-sua\/#respond\">Comentarii<\/a><\/span><\/div>\n<\/div>\n<\/div>\n<\/div>\n<div class=\"smeta-extra\">\n<div class=\"t-shared-sec tooltips-n has-read-meta is-color\">\n<div class=\"t-shared-header is-meta\"><span class=\"share-label\">Share<\/span><\/div>\n<\/div>\n<div class=\"single-right-meta single-time-read is-meta\"><span class=\"meta-el meta-read\">9 Min Read<\/span><\/div>\n<\/div>\n<\/div>\n<\/header>\n<div class=\"grid-container\">\n<div class=\"s-ct\">\n<div class=\"s-feat-outer\">\n<div class=\"s-feat\">\n<div class=\"featured-lightbox-trigger\" data-source=\"https:\/\/ortodoxinfo.ro\/wp-content\/uploads\/2026\/07\/anthony-fauci-audiere.png\" data-caption data-attribution><img fetchpriority=\"high\" decoding=\"async\" width=\"843\" height=\"450\" src=\"https:\/\/ortodoxinfo.ro\/wp-content\/uploads\/2026\/07\/anthony-fauci-audiere.png\" class=\"attachment-foxiz_crop_o1 size-foxiz_crop_o1 wp-post-image\" alt loading=\"eager\"><\/div>\n<\/div>\n<\/div>\n<div class=\"s-ct-wrap has-lsl\">\n<div class=\"s-ct-inner\">\n<div class=\"l-shared-sec-outer show-mobile\">\n<div class=\"l-shared-sec\">\n<div class=\"l-shared-header meta-text\"><span class=\"share-label\">SHARE<\/span><\/div>\n<\/div>\n<\/div>\n<div class=\"e-ct-outer\">\n<div class=\"entry-top\">\n<div id=\"custom_html-3\" class=\"widget_text widget entry-widget clearfix widget_custom_html\">\n<div class=\"textwidget custom-html-widget\">\n<div><small><br \/>\n    OrtodoxINFO este supus unui sabotaj sistematic din partea reprezentan\u021bilor Google Rom\u00e2nia, at\u00e2t la afi\u0219\u0103ri c\u00e2t \u0219i \u00een rezultatele de c\u0103utare.<br \/>\n        Astfel c\u0103 veniturile din publicitate au sc\u0103zut de p\u00e2n\u0103 la <strong>10 ori<\/strong>. Situa\u021bia este similar\u0103 \u0219i pe Facebook.<\/p>\n<p>        V\u0103 invit\u0103m s\u0103 accesa\u021bi direct site-ul \u0219i s\u0103 v\u0103 abona\u021bi la notific\u0103ri.<\/p>\n<p>    Dac\u0103 dori\u021bi s\u0103 ne sus\u021bine\u021bi \u00een aceast\u0103 perioad\u0103 dificil\u0103, orice <a href=\"https:\/\/ortodoxinfo.ro\/donatii\/\">dona\u021bie<\/a> este binevenit\u0103.<br \/>\n    Dumnezeu s\u0103 v\u0103 r\u0103spl\u0103teasc\u0103!<br \/>\n<\/small><\/div>\n<\/div>\n<\/div>\n<\/div>\n<div class=\"entry-content rbct clearfix is-highlight-shares\">\n<div class=\"ruby-table-contents rbtoc table-left table-fw-single-col\">\n<div class=\"toc-header\"><span class=\"h3\">Sumar<\/span><\/div>\n<div class=\"toc-content h5\"><a href=\"https:\/\/ortodoxinfo.ro\/2026\/07\/30\/anthony-fauci-a-refuzat-sa-depuna-marturie-in-fata-senatului-sua\/#fauci-invoca-dreptul-la-tacere-in-fata-senatorului-rand-paul\" class=\"table-link no-link anchor-link\" data-index=\"rb-heading-index-0\">Fauci invoc\u0103 dreptul la t\u0103cere \u00een fa\u021ba senatorului Rand Paul<\/a><a href=\"https:\/\/ortodoxinfo.ro\/2026\/07\/30\/anthony-fauci-a-refuzat-sa-depuna-marturie-in-fata-senatului-sua\/#esti-o-rusine-totala-pentru-aceasta-tara\" class=\"table-link no-link anchor-link\" data-index=\"rb-heading-index-1\">\u201eE\u0219ti o ru\u0219ine total\u0103 pentru aceast\u0103 \u021bar\u0103!\u201d<\/a><a href=\"https:\/\/ortodoxinfo.ro\/2026\/07\/30\/anthony-fauci-a-refuzat-sa-depuna-marturie-in-fata-senatului-sua\/#gratierea-preventiva-de-la-biden%c2%a0\" class=\"table-link no-link anchor-link\" data-index=\"rb-heading-index-2\">Gra\u021bierea preventiv\u0103 de la Biden\u00a0<\/a><a href=\"https:\/\/ortodoxinfo.ro\/2026\/07\/30\/anthony-fauci-a-refuzat-sa-depuna-marturie-in-fata-senatului-sua\/#avocatul-lui-fauci-dat-afara-din-sala-de-judecata\" class=\"table-link no-link anchor-link\" data-index=\"rb-heading-index-3\">Avocatul lui Fauci, dat afar\u0103 din sala de judecat\u0103<\/a><a href=\"https:\/\/ortodoxinfo.ro\/2026\/07\/30\/anthony-fauci-a-refuzat-sa-depuna-marturie-in-fata-senatului-sua\/#reactia-lui-donald-trump-si-scandalul-legat-de-laboratorul-din-wuhan\" class=\"table-link no-link anchor-link\" data-index=\"rb-heading-index-4\">Reac\u021bia lui Donald Trump \u0219i scandalul legat de laboratorul din Wuhan<\/a><a href=\"https:\/\/ortodoxinfo.ro\/2026\/07\/30\/anthony-fauci-a-refuzat-sa-depuna-marturie-in-fata-senatului-sua\/#ce-scria-in-jurnalul-secret-al-lui-anthony-fauci-despre-originea-covid\" class=\"table-link no-link anchor-link\" data-index=\"rb-heading-index-5\">Ce scria \u00een jurnalul secret al lui Anthony Fauci despre originea Covid<\/a><\/div>\n<\/div>\n<p id=\"p-0\"><strong>Fostul director al Institutului Na\u021bional de Alergii \u0219i Boli Infec\u021bioase, Dr. Anthony Fauci, a fost audiat \u00een fa\u021ba unei subcomisii a Senatului cu privire la r\u0103spunsul SUA la pandemia de COVID-19. Republicanii \u00eel acuz\u0103 de mult timp c\u0103 ascuinde informa\u021bii \u0219i c\u0103 a min\u021bit \u00een leg\u0103tur\u0103 cu pericolele pandemiei.<\/strong><\/p>\n<p id=\"p-1\"><span><strong>Fauci <\/strong><\/span>a refuzat s\u0103 r\u0103spund\u0103 la \u00eentreb\u0103ri \u00een cadrul unei audieri tensionate. \u00centre 2020 \u0219i 2022, el a gestionat pandemia de COVID-19, rezult\u00e2nd 146 milioane de cazuri confirmate \u0219i 1.238.563 de decese, potrivit rapoartelor oficiale<\/p>\n<h3 id=\"fauci-invoca-dreptul-la-tacere-in-fata-senatorului-rand-paul\" class=\"rb-heading-index-0\"><strong><span data-markdown-start-index=\"2457\">Fauci invoc\u0103 dreptul la t\u0103cere \u00een fa\u021ba senatorului Rand Paul<\/span><\/strong><\/h3>\n<p id=\"p-8\">\u00cenf\u0103\u021bi\u0219at dup\u0103 ce a fost citat de senatorul Rand Paul, Fauci \u0219i-a invocat dreptul \u00eempotriva autoincrimin\u0103rii, garantat de cel de-al Cincilea Amendament. A refuzat s\u0103 depun\u0103 m\u0103rturie la doar c\u00e2teva minute dup\u0103 \u00eenceperea audierii.<\/p>\n<blockquote>\n<p id=\"p-10\"><strong><em>\u201eDe\u0219i m\u0103 doare s\u0103 fac acest lucru din cauza respectului pe care \u00eel am pentru ramura legislativ\u0103 a guvernului\u2026 la sfatul avoca\u021bilor mei, \u00eemi voi invoca dreptul conform celui de-al Cincilea Amendament al Constitu\u021biei de a m\u0103 ab\u021bine de la a r\u0103spunde la \u00eentreb\u0103rile dumneavoastr\u0103<\/em><\/strong>\u201d, a spus Fauci.<\/p>\n<\/blockquote>\n<p id=\"p-11\">Cel de-al Cincilea Amendament prevedete c\u0103 nimeni nu poate fi \u201eobligat \u00een niciun caz penal s\u0103 fie martor \u00eempotriva sa\u201d. Pentru Fauci, poate fi periculos din punct de vedere legal s\u0103 se contrazic\u0103 dac\u0103 este sub jur\u0103m\u00e2nt. El a negat toate acuza\u021biile, pe care le-a considerat \u201epur \u0219i simplu absurde\u201d.<\/p>\n<h3 id=\"esti-o-rusine-totala-pentru-aceasta-tara\" class=\"rb-heading-index-1\"><strong><span data-markdown-start-index=\"2631\">\u201eE\u0219ti o ru\u0219ine total\u0103 pentru aceast\u0103 \u021bar\u0103!\u201d<\/span><\/strong><\/h3>\n<p id=\"p-12\">\u00cen v\u00e2rst\u0103 de 85 de ani, Fauci spune c\u0103 se teme s\u0103 depun\u0103 m\u0103rturie. El crede c\u0103 republicanii \u00eei vor folosi m\u0103rturia pentru a-l acuza de sperjur. Senatorul republican Bernie Moreno i-a transmis personal fostului consilier medical \u0219ef al pre\u0219edintelui Joe Biden:<\/p>\n<blockquote>\n<p id=\"p-13\"><em><strong>\u201eAcum 6 ani, am decis s\u0103 renun\u021b la afaceri, s\u0103 le v\u00e2nd pe toate, s\u0103 candidez pentru Senat, \u0219i iat\u0103-m\u0103 acuma st\u00e2nd 6 ani mai t\u00e2rziu, \u00eentreb\u00e2ndu-m\u0103:<\/strong><\/em><\/p>\n<p id=\"p-14\"><span><em><strong>\u201eCine dracu\u2019 te crezi c\u0103 e\u0219ti de faci asta? E\u0219ti o ru\u0219ine total\u0103 pentru ceea ce ai f\u0103cut acestei \u021b\u0103ri.\u201d<\/strong><\/em><\/span><\/p>\n<\/blockquote>\n<p id=\"p-16\">Prezentatoarea Fox News, Laura Ingraham, a stat chiar \u00een spatele lui Anthony Fauci \u00een timpul audierii. Senatorul republican Bernie Moreno a folosit-o ca exemplu \u00een timpul audierii, ca o \u201epersoan\u0103 care s-a sim\u021bit \u201eru\u0219inat\u0103\u201d de ceea ce a spus despre Covid-19\u201d.<\/p>\n<h3 id=\"gratierea-preventiva-de-la-biden%c2%a0\" class=\"rb-heading-index-2\"><strong><span data-markdown-start-index=\"2836\">Gra\u021bierea preventiv\u0103 de la Biden\u00a0<\/span><\/strong><\/h3>\n<p id=\"p-17\">De\u0219i fostul pre\u0219edinte american Joe Biden i-a acordat o gra\u021biere preventiv\u0103 pentru a-l proteja de urm\u0103rirea penal\u0103 federal\u0103 pentru ac\u021biunile sale din anii 2014-2025, Fauci este acuzat \u00een continuare pentru fapte din acest interval, inclusiv pentru declara\u021biile \u0219i atitudinea sa fa\u021b\u0103 de Comisia Senatului.<\/p>\n<p id=\"p-18\">El s-ar putea confrunta cu acuza\u021bii la nivel statal sau local. \u00cen declara\u021bia sa adresat\u0103 Comitetului Senatului pentru Securitate Intern\u0103 de miercuri, Fauci a spus c\u0103 senatorul republican Rand Paul, care a prezidat audierea, are o \u201eobsesie evident\u0103\u201d de a-l urm\u0103ri penal \u0219i acest lucru l-a determinat\u00a0 s\u0103 refuze s\u0103 r\u0103spund\u0103 la \u00eentreb\u0103ri, a relatat<a href=\"https:\/\/www.bbc.com\/news\/articles\/cdx85vkk0gko\"> BBC<\/a>.<\/p>\n<blockquote>\n<p id=\"p-21\"><em><strong>\u201eSingura concluzie la care pot ajunge este c\u0103 singurul motiv pentru care m\u0103 cheam\u0103 \u00een fa\u021ba acestui comitet este s\u0103 m\u0103 fac\u0103 s\u0103 spun ceva \u2013 orice \u2013 care ar putea justifica promisiunile sale publice repetate c\u0103 voi ajunge, \u00een cuvintele sale, \u00ab\u00een spatele gratiilor\u00bb\u201d,<\/strong><\/em>a spus Fauci.<\/p>\n<\/blockquote>\n<p id=\"p-22\">Paul, care a lucrat ca chirurg oftalmolog \u00eenainte de a se al\u0103tura Congresului, a continuat s\u0103-l interogheze pe Fauci, \u00een ciuda refuzului s\u0103u de a r\u0103spunde. Senatorul din Kentucky l-a invitat \u00een repetate r\u00e2nduri pe Fauci s\u0103 \u201e\u00ee\u0219i cear\u0103 scuze\u201d \u0219i a spus c\u0103 comitetul va vota s\u0103pt\u0103m\u00e2na viitoare o rezolu\u021bie care \u00eel acuz\u0103 de sfidarea Congresului.<\/p>\n<div class=\"inline-single-ad ad_single_3_index alignfull\">\n<div class=\"ad-wrap ad-script-wrap\">\n<div class=\"ad-script non-adsense edge-padding\">\n<div>\n\u203c\ufe0f\u203c\ufe0f NU recunoa\u0219tem ca pre\u0219edinte al Rom\u00e2niei pe marioneta retard\u0103 Nicu\u0219or Dan! Rom\u00e2ni, boicota\u021bi aceast\u0103 f\u0103c\u0103tur\u0103, care ne face \u021bara de r\u00e2s! NU rom\u00e2nii l-au votat pe Nicusoro\u0219 &#8211; cu unele excep\u021bii de persoane infantile, manipulabile \u0219i chiar idioate &#8211; ci l-au ajutat Maia Soro\u0219, Emanuel Macrou \u0219i tr\u0103d\u0103torii de la B.E.C. \u0219i CCR!<br \/>\n La \u00eenchisoare cu cei care au fraudat alegerile!\n<\/div>\n<\/div>\n<\/div>\n<\/div>\n<p id=\"p-23\">Republicanii l-au \u00eentrebat pe Fauci despre schimbarea \u00eendrum\u0103rilor \u00een domeniul s\u0103n\u0103t\u0103\u021bii, care s-au schimbat \u00een timpul pandemiei, pe m\u0103sur\u0103 ce oficialii din domeniul s\u0103n\u0103t\u0103\u021bii au aflat mai multe despre boal\u0103.<\/p>\n<h3 id=\"avocatul-lui-fauci-dat-afara-din-sala-de-judecata\" class=\"rb-heading-index-3\"><strong><span data-markdown-start-index=\"3035\">Avocatul lui Fauci, dat afar\u0103 din sala de judecat\u0103<\/span><\/strong><\/h3>\n<p id=\"p-25\">Fauci \u0219i-a ap\u0103rat anterior pozi\u021biile politice. Unul dintre avoca\u021bii lui Fauci, David Schertler, care st\u0103tea l\u00e2ng\u0103 el, a \u00eencercat \u00een repetate r\u00e2nduri s\u0103 intervin\u0103 \u00een timpul interogatoriului lui Paul \u0219i a fost dat afar\u0103 din camer\u0103. Schertler a considerat c\u0103 este \u201escandalos\u201d ca Paul s\u0103 \u201er\u0103m\u00e2n\u0103 f\u0103r\u0103 avocat pentru c\u0103 a prezentat un punct de vedere juridic legitim\u201d.<\/p>\n<p id=\"p-26\"><strong><em>\u201eAcest lucru dovede\u0219te natura nefondat\u0103 \u0219i vindicativ\u0103 a acestei proceduri \u0219i vendetta personal\u0103 a lui Rand Paul \u00eempotriva Dr. Fauci<\/em><\/strong>\u201d, a ad\u0103ugat Schertler \u00eentr-un comunicat.<\/p>\n<h3 id=\"reactia-lui-donald-trump-si-scandalul-legat-de-laboratorul-din-wuhan\" class=\"rb-heading-index-4\"><strong><span data-markdown-start-index=\"3191\">Reac\u021bia lui Donald Trump \u0219i scandalul legat de laboratorul din Wuhan<\/span><\/strong><\/h3>\n<p id=\"p-27\">\u00cen timpul audierii, pre\u0219edintele Donald Trump a folosit re\u021belele de socializare pentru a-l numi pe Fauci \u201enebun\u201d.<\/p>\n<p id=\"p-28\"><em><strong>\u201eAm spus de la \u00eenceput c\u0103 virusul provine de la Laboratorul Wuhan din China. Fauci nu a fost de acord cu t\u0103rie, \u00eencerc\u00e2nd \u00eentotdeauna s\u0103 protejeze China<\/strong><\/em>\u201d, a spus Trump.<\/p>\n<p id=\"p-29\">Originile pandemiei au fost un subiect de dezbatere aprins\u0103 \u00een SUA, inclusiv \u00eentre Trump, care era \u00een func\u021bie c\u00e2nd a \u00eenceput \u00een 2020, \u0219i oficialii din domeniul s\u0103n\u0103t\u0103\u021bii publice, inclusiv Fauci. Cei doi s-au certat frecvent pe tema gestion\u0103rii pandemiei, inclusiv atunci c\u00e2nd Trump a sugerat tratamente nedovedite, precum injectarea cu dezinfectant.<\/p>\n<p id=\"p-30\">\u00cen cadrul audierii, Paul a sugerat c\u0103, de\u0219i Fauci a spus public c\u0103 virusul era de provenien\u021b\u0103 natural\u0103, ar fi crezut \u00een sinea lui c\u0103 virusul \u00ee\u0219i are originea \u00eentr-un laborator medical. Senatorul a promovat \u00een mod repetat teoria c\u0103 virusul a sc\u0103pat din\u00a0 laboratorul din China.<\/p>\n<p id=\"p-31\">Organiza\u021bia Mondial\u0103 a S\u0103n\u0103t\u0103\u021bii a reconfirmat anul trecut c\u0103 virusul este de origine natural\u0103 \u0219i c\u0103 se transmite de la animale la oameni\u00a0 \u0219i c\u0103 este teoria \u201ecea mai bine sus\u021binut\u0103\u201d din dovezile disponibile, dar c\u0103 p\u00e2n\u0103 c\u00e2nd nu vor ap\u0103rea mai multe informa\u021bii, problema este \u201eneconcludent\u0103\u201d.<\/p>\n<h3 id=\"ce-scria-in-jurnalul-secret-al-lui-anthony-fauci-despre-originea-covid\" class=\"rb-heading-index-5\"><strong><span data-markdown-start-index=\"3397\">Ce scria \u00een jurnalul secret al lui Anthony Fauci despre originea Covid<\/span><\/strong><\/h3>\n<p id=\"p-32\">La \u00eenceputul acestei s\u0103pt\u0103m\u00e2ni, Paul a publicat noti\u021be din jurnalul lui Fauci din epoca pandemiei, \u00een care acesta a meditat la faim\u0103 \u0219i la originile Covid. Fauci chiar luase \u00een considerare posibilitatea ca virusul s\u0103 fi provenit din laboratorul din Wuhan,\u00a0 \u00eenainte de a deveni ferm convins c\u0103 are o origine natural\u0103.<\/p>\n<p id=\"p-33\">\u00centr-o alt\u0103 not\u0103 de jurnal din februarie 2020, \u00een care se discut\u0103 despre o conferin\u021b\u0103 telefonic\u0103 \u00eentre oamenii de \u0219tiin\u021b\u0103 specializa\u021bi \u00een COVID,\u00a0 Fauci spune c\u0103 medicii nu au fost de acord \u00een totalitate cu privire la provenien\u021ba virusului.\u00a0Mai t\u00e2rziu, el scrie c\u0103 \u201eeste aproape sigur c\u0103 virusul a evoluat natural, chiar dac\u0103\u2026 a fost deschis cu privire la posibilitatea unei scurgeri dintr-un laborator\u201d.<\/p>\n<p id=\"p-35\">\u201eDoar pentru c\u0103 dou\u0103 alternative\u00a0 sunt posibile, asta nu \u00eenseamn\u0103 c\u0103 sunt la fel de probabile\u201d, a scris Fauci.<\/p>\n<p id=\"p-36\">Decizia sa de a nu depune m\u0103rturie i-a sup\u0103rat pe republicani, inclusiv pe senatorul Ron Johnson, care i-a spus lui Fauci c\u0103 inten\u021bioneaz\u0103 s\u0103 fac\u0103 presiuni pentru a-l cita \u00een fa\u021ba instan\u021bei.<\/p>\n<p id=\"p-37\">Dup\u0103 \u00eencheierea audierii, procurorul general al Floridei, un republican, a declarat c\u0103 va deschide o anchet\u0103 asupra lui Fauci. \u00centre timp, mai mul\u021bi democra\u021bi au ie\u0219it \u00een ap\u0103rarea lui Fauci, inclusiv senatoarea Maggie Hassan, care a spus c\u0103 audierea a fost \u201econceput\u0103 pentru a-l prinde \u00een capcan\u0103\u201d.<\/p>\n<p id=\"p-38\">Fauci s-a confruntat cu amenin\u021b\u0103ri cu moartea \u00een timpul \u0219i dup\u0103 pandemia de coronavirus. Trump i-a retras anul trecut protec\u021bia de securitate.<\/p>\n<\/div>\n<\/div>\n<\/div>\n<div class=\"e-shared-sec entry-sec\">\n<div class=\"e-shared-header h4\"><span>Distribuie<\/span><\/div>\n<div class=\"rbbsl tooltips-n effect-fadeout is-bg\"><a class=\"share-action share-trigger icon-facebook\" aria-label=\"Share on Facebook\" href=\"https:\/\/www.facebook.com\/sharer.php?u=https%3A%2F%2Fortodoxinfo.ro%2F2026%2F07%2F30%2Fanthony-fauci-a-refuzat-sa-depuna-marturie-in-fata-senatului-sua%2F\" data-title=\"Facebook\" rel=\"nofollow\"><span>Facebook<\/span><\/a><a class=\"share-action share-trigger icon-twitter\" aria-label=\"Share on X\" href=\"https:\/\/twitter.com\/intent\/tweet?text=Anthony+Fauci+a+refuzat+s%C4%83+depun%C4%83+m%C4%83rturie+%C3%AEn+fa%C8%9Ba+Senatului+SUA&amp;url=https%3A%2F%2Fortodoxinfo.ro%2F2026%2F07%2F30%2Fanthony-fauci-a-refuzat-sa-depuna-marturie-in-fata-senatului-sua%2F&amp;via=ortodoxinforo\" data-title=\"X\" rel=\"nofollow\"><span>X<\/span><\/a><a class=\"share-action icon-whatsapp is-web\" aria-label=\"Share on Whatsapp\" href=\"https:\/\/web.whatsapp.com\/send?text=Anthony+Fauci+a+refuzat+s%C4%83+depun%C4%83+m%C4%83rturie+%C3%AEn+fa%C8%9Ba+Senatului+SUA%20%E2%98%9E%20https%3A%2F%2Fortodoxinfo.ro%2F2026%2F07%2F30%2Fanthony-fauci-a-refuzat-sa-depuna-marturie-in-fata-senatului-sua%2F\" target=\"_blank\" data-title=\"WhatsApp\" rel=\"nofollow\"><span>Whatsapp<\/span><\/a><a class=\"share-action icon-whatsapp is-mobile\" aria-label=\"Share on Whatsapp\" href=\"\/\/send?text=Anthony+Fauci+a+refuzat+s%C4%83+depun%C4%83+m%C4%83rturie+%C3%AEn+fa%C8%9Ba+Senatului+SUA%20%E2%98%9E%20https%3A%2F%2Fortodoxinfo.ro%2F2026%2F07%2F30%2Fanthony-fauci-a-refuzat-sa-depuna-marturie-in-fata-senatului-sua%2F\" target=\"_blank\" data-title=\"WhatsApp\" rel=\"nofollow\"><span>Whatsapp<\/span><\/a><a class=\"share-action share-trigger icon-telegram\" aria-label=\"Share on Telegram\" href=\"https:\/\/t.me\/share\/?url=https%3A%2F%2Fortodoxinfo.ro%2F2026%2F07%2F30%2Fanthony-fauci-a-refuzat-sa-depuna-marturie-in-fata-senatului-sua%2F&amp;text=Anthony+Fauci+a+refuzat+s%C4%83+depun%C4%83+m%C4%83rturie+%C3%AEn+fa%C8%9Ba+Senatului+SUA\" data-title=\"Telegram\" rel=\"nofollow\"><span>Telegram<\/span><\/a><a class=\"share-action icon-copy copy-trigger\" aria-label=\"Copy Link\" href=\"https:\/\/ortodoxinfo.ro\/2026\/07\/30\/anthony-fauci-a-refuzat-sa-depuna-marturie-in-fata-senatului-sua\/\" data-copied=\"Copied!\" data-link=\"https:\/\/ortodoxinfo.ro\/2026\/07\/30\/anthony-fauci-a-refuzat-sa-depuna-marturie-in-fata-senatului-sua\/\" rel=\"nofollow\" data-copy=\"Copy Link\"><span>Copy Link<\/span><\/a><a class=\"share-action icon-print\" aria-label=\"Print\" rel=\"nofollow\" data-title=\"Print\"><span>Print<\/span><\/a><\/div>\n<\/div>\n<\/div>\n<div id=\"tabs\" class=\"dntplgn_form_wrapper\"><span><\/p>\n<h2>\u0218tirile sunt sub cenzur\u0103! Sprijini\u021bi OrtodoxINFO!<\/h2>\n<p>Guvernul nu dore\u0219te aflarea adev\u0103rului despre lovitura de stat \u0219i \u00eengenuncherea Rom\u00e2niei. \u00cencerc\u0103m s\u0103 men\u021binem viu acest site \u0219i s\u0103 v\u0103 punem la dispozi\u021bie informa\u021bii care s\u0103 fac\u0103 lumin\u0103 \u00een cea mai mare provocare pe care o tr\u0103im. Jurnalismul independent al portalului OrtodoxINFO func\u021bioneaz\u0103 strict cu ajutorul cititorilor.<br \/>\nNe pute\u021bi sprijini printr-o <b><a href=\"https:\/\/ortodoxinfo.ro\/donatii\/\">dona\u021bie bancar\u0103<\/a> sau prin PayPal, complet\u00e2nd formularul de mai jos.<\/b><\/span><\/p>\n<ul>\n<li><a href=\"https:\/\/ortodoxinfo.ro\/2026\/07\/30\/anthony-fauci-a-refuzat-sa-depuna-marturie-in-fata-senatului-sua\/#tabs-1\">Dona\u021bie lunar\u0103<\/a><\/li>\n<li><a href=\"https:\/\/ortodoxinfo.ro\/2026\/07\/30\/anthony-fauci-a-refuzat-sa-depuna-marturie-in-fata-senatului-sua\/#tabs-2\">Doar acum<\/a><\/li>\n<\/ul>\n<div id=\"tabs-1\"><img loading=\"lazy\" decoding=\"async\" alt border=\"0\" src=\"https:\/\/www.paypalobjects.com\/en_US\/i\/scr\/pixel.gif\" width=\"1\" height=\"1\"><\/div>\n<div id=\"tabs-2\">\n<p>\t\t     \u20ac<\/p>\n<p>\t\t    <img loading=\"lazy\" decoding=\"async\" alt border=\"0\" src=\"https:\/\/www.paypalobjects.com\/en_US\/i\/scr\/pixel.gif\" width=\"1\" height=\"1\"><\/div>\n<p>Mul\u021bumim celor care ne-au ajutat p\u00e2n\u0103 acum!\n\t<\/p><\/div>\n<div class=\"comment-box-wrap entry-sec\">\n<div class=\"comment-box-header\"><span class=\"h3\">Las\u0103 un comentariu<\/span><\/div>\n<div class=\"comment-holder no-comment\">\n<div id=\"comments\" class=\"comments-area\">\n<div id=\"respond\" class=\"comment-respond\">\n<h3 id=\"reply-title\" class=\"comment-reply-title\">Las\u0103 un r\u0103spuns <small><a rel=\"nofollow\" id=\"cancel-comment-reply-link\" href=\"https:\/\/ortodoxinfo.ro\/2026\/07\/30\/anthony-fauci-a-refuzat-sa-depuna-marturie-in-fata-senatului-sua\/#respond\">Anuleaz\u0103 r\u0103spunsul<\/a><\/small><\/h3>\n<p class=\"comment-notes\"><span id=\"email-notes\">Adresa ta de email nu va fi publicat\u0103.<\/span><span class=\"required-field-message\">C\u00e2mpurile obligatorii sunt marcate cu <span class=\"required\">*<\/span><\/span><\/p>\n<\/div>\n<\/div>\n<\/div>\n<\/div>\n<\/div>\n<div class=\"sidebar-wrap single-sidebar\">\n<div class=\"sidebar-inner clearfix\">\n<div id=\"widget-post-2\" class=\"widget rb-section w-sidebar clearfix widget-post\">\n<div class=\"block-h widget-heading heading-layout-1\">\n<div class=\"heading-inner\">\n<h4 class=\"heading-title\"><span>Articole recente<\/span><\/h4>\n<\/div>\n<\/div>\n<div class=\"widget-p-listing\">\n<div class=\"p-wrap p-small p-list-small-2\" data-pid=\"253527\">\n<div class=\"feat-holder\">\n<div class=\"p-featured ratio-v1\"><a class=\"p-flink\" href=\"https:\/\/ortodoxinfo.ro\/2026\/07\/30\/harpalete-isi-infiinteaza-ministerul-adevarului-cand-combaterea-dezinformarii-devine-instrument-de-control-al-spatiului-public\/\" title=\"Harpalete \u00ee\u0219i lanseaz\u0103 \u201eMinisterul Adev\u0103rului\u201d: c\u00e2nd \u201ecombaterea dezinform\u0103rii\u201d devine instrument de control al spa\u021biului public\"><img decoding=\"async\" width=\"150\" height=\"150\" src=\"https:\/\/ortodoxinfo.ro\/wp-content\/uploads\/2026\/07\/grok_1785424703416-150x150.jpg\" class=\"featured-img wp-post-image\" alt loading=\"lazy\"><\/a><\/div>\n<\/div>\n<div class=\"p-content\">\n<h5 class=\"entry-title\"><a class=\"p-url\" href=\"https:\/\/ortodoxinfo.ro\/2026\/07\/30\/harpalete-isi-infiinteaza-ministerul-adevarului-cand-combaterea-dezinformarii-devine-instrument-de-control-al-spatiului-public\/\" rel=\"bookmark\">Harpalete \u00ee\u0219i lanseaz\u0103 \u201eMinisterul Adev\u0103rului\u201d: c\u00e2nd \u201ecombaterea dezinform\u0103rii\u201d devine instrument de control al spa\u021biului public<\/a><\/h5>\n<div class=\"p-meta\">\n<div class=\"meta-inner is-meta\"><span class=\"meta-el meta-date\"><time datetime=\"2026-07-30T18:23:53+03:00\">30 iulie 2026<\/time><\/span><span class=\"meta-el meta-category meta-bold\"><a class=\"meta-separate category-1596\" href=\"https:\/\/ortodoxinfo.ro\/category\/anti-sistem\/big-brother\/\">Big brother<\/a><\/span><span class=\"meta-el meta-view\">4.6k vizualiz\u0103ri\t\t<\/span><\/div>\n<\/div>\n<\/div>\n<\/div>\n<div class=\"p-wrap p-small p-list-small-2\" data-pid=\"253454\">\n<div class=\"feat-holder\">\n<div class=\"p-featured ratio-v1\"><a class=\"p-flink\" href=\"https:\/\/ortodoxinfo.ro\/2026\/07\/30\/acum-e-momentul-s-a-dat-semnalul-pentru-debarcarea-puterii-din-romania-azi-incepe-mega-protestul-care-asteapta-diaspora-acasa\/\" title=\"ACUM e momentul! S-a dat semnalul pentru debarcarea puterii din Rom\u00e2nia. AZI \u00eencepe MEGA-PROTESTUL care a\u0219teapt\u0103 DIASPORA acas\u0103\"><img decoding=\"async\" width=\"150\" height=\"150\" src=\"https:\/\/ortodoxinfo.ro\/wp-content\/uploads\/2026\/07\/protest_ciobani_30_iulie-150x150.webp\" class=\"featured-img wp-post-image\" alt loading=\"lazy\"><\/a><\/div>\n<\/div>\n<div class=\"p-content\">\n<h5 class=\"entry-title\"><a class=\"p-url\" href=\"https:\/\/ortodoxinfo.ro\/2026\/07\/30\/acum-e-momentul-s-a-dat-semnalul-pentru-debarcarea-puterii-din-romania-azi-incepe-mega-protestul-care-asteapta-diaspora-acasa\/\" rel=\"bookmark\">ACUM e momentul! S-a dat semnalul pentru debarcarea puterii din Rom\u00e2nia. AZI \u00eencepe MEGA-PROTESTUL care a\u0219teapt\u0103 DIASPORA acas\u0103<\/a><\/h5>\n<div class=\"p-meta\">\n<div class=\"meta-inner is-meta\"><span class=\"meta-el meta-date\"><time datetime=\"2026-07-30T16:20:45+03:00\">30 iulie 2026<\/time><\/span><span class=\"meta-el meta-category meta-bold\"><a class=\"meta-separate category-19866\" href=\"https:\/\/ortodoxinfo.ro\/category\/lupta-pentru-romania\/\">Lupt\u0103 pentru Rom\u00e2nia<\/a><\/span><span class=\"meta-el meta-view\">41.8k vizualiz\u0103ri\t\t<\/span><\/div>\n<\/div>\n<\/div>\n<\/div>\n<div class=\"p-wrap p-small p-list-small-2\" data-pid=\"253409\">\n<div class=\"feat-holder\">\n<div class=\"p-featured ratio-v1\"><a class=\"p-flink\" href=\"https:\/\/ortodoxinfo.ro\/2026\/07\/30\/un-expert-explica-felul-in-care-concurenta-din-ucraina-baga-in-faliment-agricultura-romaneasca-folosesc-tehnologii-interzise-in-ue\/\" title=\"Un expert explic\u0103 felul \u00een care concuren\u021ba din Ucraina bag\u0103 \u00een faliment agricultura rom\u00e2neasc\u0103: Folosesc tehnologii interzise \u00een UE\"><img decoding=\"async\" width=\"150\" height=\"150\" src=\"https:\/\/ortodoxinfo.ro\/wp-content\/uploads\/2026\/07\/protest-fermieri-si-transportatori-romani-e1704819833365-150x150.png\" class=\"featured-img wp-post-image\" alt loading=\"lazy\"><\/a><\/div>\n<\/div>\n<div class=\"p-content\">\n<h5 class=\"entry-title\"><a class=\"p-url\" href=\"https:\/\/ortodoxinfo.ro\/2026\/07\/30\/un-expert-explica-felul-in-care-concurenta-din-ucraina-baga-in-faliment-agricultura-romaneasca-folosesc-tehnologii-interzise-in-ue\/\" rel=\"bookmark\">Un expert explic\u0103 felul \u00een care concuren\u021ba din Ucraina bag\u0103 \u00een faliment agricultura rom\u00e2neasc\u0103: Folosesc tehnologii interzise \u00een UE<\/a><\/h5>\n<div class=\"p-meta\">\n<div class=\"meta-inner is-meta\"><span class=\"meta-el meta-date\"><time datetime=\"2026-07-30T10:55:30+03:00\">30 iulie 2026<\/time><\/span><span class=\"meta-el meta-category meta-bold\"><a class=\"meta-separate category-19885\" href=\"https:\/\/ortodoxinfo.ro\/category\/anti-sistem\/anti-romanism\/asasinii-tarii\/\">Asasinii \u021b\u0103rii<\/a><\/span><span class=\"meta-el meta-view\">5.2k vizualiz\u0103ri\t\t<\/span><\/div>\n<\/div>\n<\/div>\n<\/div>\n<div class=\"p-wrap p-small p-list-small-2\" data-pid=\"253235\">\n<div class=\"feat-holder\">\n<div class=\"p-featured ratio-v1\"><a class=\"p-flink\" href=\"https:\/\/ortodoxinfo.ro\/2026\/07\/29\/romania-onesta-socant-societatea-civila-face-rapoarte-secrete-pentru-harpalete\/\" title=\"\u201dRom\u00e2nia onest\u0103\u201d \u2013 \u0219ocant: societatea civil\u0103 face rapoarte secrete pentru Harpalete\"><img decoding=\"async\" width=\"150\" height=\"150\" src=\"https:\/\/ortodoxinfo.ro\/wp-content\/uploads\/2026\/07\/GettyImages-2282716617-150x150.jpg\" class=\"featured-img wp-post-image\" alt loading=\"lazy\"><\/a><\/div>\n<\/div>\n<div class=\"p-content\">\n<h5 class=\"entry-title\"><a class=\"p-url\" href=\"https:\/\/ortodoxinfo.ro\/2026\/07\/29\/romania-onesta-socant-societatea-civila-face-rapoarte-secrete-pentru-harpalete\/\" rel=\"bookmark\">\u201dRom\u00e2nia onest\u0103\u201d \u2013 \u0219ocant: societatea civil\u0103 face rapoarte secrete pentru Harpalete<\/a><\/h5>\n<div class=\"p-meta\">\n<div class=\"meta-inner is-meta\"><span class=\"meta-el meta-date\"><time datetime=\"2026-07-29T22:08:46+03:00\">29 iulie 2026<\/time><\/span><span class=\"meta-el meta-category meta-bold\"><a class=\"meta-separate category-19885\" href=\"https:\/\/ortodoxinfo.ro\/category\/anti-sistem\/anti-romanism\/asasinii-tarii\/\">Asasinii \u021b\u0103rii<\/a><\/span><span class=\"meta-el meta-view\">9.6k vizualiz\u0103ri\t\t<\/span><\/div>\n<\/div>\n<\/div>\n<\/div>\n<\/div>\n<\/div>\n<div id=\"custom_html-2\" class=\"widget_text widget rb-section w-sidebar clearfix widget_custom_html\">\n<div class=\"block-h widget-heading heading-layout-1\">\n<div class=\"heading-inner\">\n<h4 class=\"heading-title\"><span>DONA\u021aII \u00een cont bancar<\/span><\/h4>\n<\/div>\n<\/div>\n<div class=\"textwidget custom-html-widget\">\n<table class=\"donatii\">\n<tbody>\n<tr>\n<th colspan=\"2\"><strong><span>Asicia\u021bia SMI-B<\/span><\/strong><\/th>\n<\/tr>\n<tr>\n<th>Cont LEI<\/th>\n<td>RO67CECEB00030RON2081955<\/td>\n<\/tr>\n<tr>\n<th>Cont EURO<\/th>\n<td>RO33CECEB000C1EUR2081978<\/td>\n<\/tr>\n<tr>\n<th>Cod SWIFT<\/th>\n<td>CECEROBU<\/td>\n<\/tr>\n<tr>\n<th colspan=\"2\"><strong>CEC BANK SA<\/strong><\/th>\n<\/tr>\n<\/tbody>\n<\/table>\n<\/div>\n<\/div>\n<\/div>\n<\/div>\n<\/div>\n<\/article>\n<div class=\"entry-content rbct clearfix is-highlight-shares\">\n<div class=\"ruby-table-contents rbtoc table-left table-fw-single-col\">\n<div class=\"toc-header\"><span class=\"h3\">Sumar<\/span><\/div>\n<div class=\"toc-content h5\"><a href=\"https:\/\/ortodoxinfo.ro\/2026\/07\/30\/anthony-fauci-a-refuzat-sa-depuna-marturie-in-fata-senatului-sua\/#fauci-invoca-dreptul-la-tacere-in-fata-senatorului-rand-paul\" class=\"table-link no-link anchor-link\" data-index=\"rb-heading-index-0\">Fauci invoc\u0103 dreptul la t\u0103cere \u00een fa\u021ba senatorului Rand Paul<\/a><a href=\"https:\/\/ortodoxinfo.ro\/2026\/07\/30\/anthony-fauci-a-refuzat-sa-depuna-marturie-in-fata-senatului-sua\/#esti-o-rusine-totala-pentru-aceasta-tara\" class=\"table-link no-link anchor-link\" data-index=\"rb-heading-index-1\">\u201eE\u0219ti o ru\u0219ine total\u0103 pentru aceast\u0103 \u021bar\u0103!\u201d<\/a><a href=\"https:\/\/ortodoxinfo.ro\/2026\/07\/30\/anthony-fauci-a-refuzat-sa-depuna-marturie-in-fata-senatului-sua\/#gratierea-preventiva-de-la-biden%c2%a0\" class=\"table-link no-link anchor-link\" data-index=\"rb-heading-index-2\">Gra\u021bierea preventiv\u0103 de la Biden\u00a0<\/a><a href=\"https:\/\/ortodoxinfo.ro\/2026\/07\/30\/anthony-fauci-a-refuzat-sa-depuna-marturie-in-fata-senatului-sua\/#avocatul-lui-fauci-dat-afara-din-sala-de-judecata\" class=\"table-link no-link anchor-link\" data-index=\"rb-heading-index-3\">Avocatul lui Fauci, dat afar\u0103 din sala de judecat\u0103<\/a><a href=\"https:\/\/ortodoxinfo.ro\/2026\/07\/30\/anthony-fauci-a-refuzat-sa-depuna-marturie-in-fata-senatului-sua\/#reactia-lui-donald-trump-si-scandalul-legat-de-laboratorul-din-wuhan\" class=\"table-link no-link anchor-link\" data-index=\"rb-heading-index-4\">Reac\u021bia lui Donald Trump \u0219i scandalul legat de laboratorul din Wuhan<\/a><a href=\"https:\/\/ortodoxinfo.ro\/2026\/07\/30\/anthony-fauci-a-refuzat-sa-depuna-marturie-in-fata-senatului-sua\/#ce-scria-in-jurnalul-secret-al-lui-anthony-fauci-despre-originea-covid\" class=\"table-link no-link anchor-link\" data-index=\"rb-heading-index-5\">Ce scria \u00een jurnalul secret al lui Anthony Fauci despre originea Covid<\/a><\/div>\n<\/div>\n<p id=\"p-0\"><strong>Fostul director al Institutului Na\u021bional de Alergii \u0219i Boli Infec\u021bioase, Dr. Anthony Fauci, a fost audiat \u00een fa\u021ba unei subcomisii a Senatului cu privire la r\u0103spunsul SUA la pandemia de COVID-19. Republicanii \u00eel acuz\u0103 de mult timp c\u0103 ascuinde informa\u021bii \u0219i c\u0103 a min\u021bit \u00een leg\u0103tur\u0103 cu pericolele pandemiei.<\/strong><\/p>\n<p id=\"p-1\"><span><strong>Fauci <\/strong><\/span>a refuzat s\u0103 r\u0103spund\u0103 la \u00eentreb\u0103ri \u00een cadrul unei audieri tensionate. \u00centre 2020 \u0219i 2022, el a gestionat pandemia de COVID-19, rezult\u00e2nd 146 milioane de cazuri confirmate \u0219i 1.238.563 de decese, potrivit rapoartelor oficiale<\/p>\n<h3 id=\"fauci-invoca-dreptul-la-tacere-in-fata-senatorului-rand-paul\" class=\"rb-heading-index-0\"><strong><span data-markdown-start-index=\"2457\">Fauci invoc\u0103 dreptul la t\u0103cere \u00een fa\u021ba senatorului Rand Paul<\/span><\/strong><\/h3>\n<p id=\"p-8\">\u00cenf\u0103\u021bi\u0219at dup\u0103 ce a fost citat de senatorul Rand Paul, Fauci \u0219i-a invocat dreptul \u00eempotriva autoincrimin\u0103rii, garantat de cel de-al Cincilea Amendament. A refuzat s\u0103 depun\u0103 m\u0103rturie la doar c\u00e2teva minute dup\u0103 \u00eenceperea audierii.<\/p>\n<blockquote>\n<p id=\"p-10\"><strong><em>\u201eDe\u0219i m\u0103 doare s\u0103 fac acest lucru din cauza respectului pe care \u00eel am pentru ramura legislativ\u0103 a guvernului\u2026 la sfatul avoca\u021bilor mei, \u00eemi voi invoca dreptul conform celui de-al Cincilea Amendament al Constitu\u021biei de a m\u0103 ab\u021bine de la a r\u0103spunde la \u00eentreb\u0103rile dumneavoastr\u0103<\/em><\/strong>\u201d, a spus Fauci.<\/p>\n<\/blockquote>\n<p id=\"p-11\">Cel de-al Cincilea Amendament prevedete c\u0103 nimeni nu poate fi \u201eobligat \u00een niciun caz penal s\u0103 fie martor \u00eempotriva sa\u201d. Pentru Fauci, poate fi periculos din punct de vedere legal s\u0103 se contrazic\u0103 dac\u0103 este sub jur\u0103m\u00e2nt. El a negat toate acuza\u021biile, pe care le-a considerat \u201epur \u0219i simplu absurde\u201d.<\/p>\n<h3 id=\"esti-o-rusine-totala-pentru-aceasta-tara\" class=\"rb-heading-index-1\"><strong><span data-markdown-start-index=\"2631\">\u201eE\u0219ti o ru\u0219ine total\u0103 pentru aceast\u0103 \u021bar\u0103!\u201d<\/span><\/strong><\/h3>\n<p id=\"p-12\">\u00cen v\u00e2rst\u0103 de 85 de ani, Fauci spune c\u0103 se teme s\u0103 depun\u0103 m\u0103rturie. El crede c\u0103 republicanii \u00eei vor folosi m\u0103rturia pentru a-l acuza de sperjur. Senatorul republican Bernie Moreno i-a transmis personal fostului consilier medical \u0219ef al pre\u0219edintelui Joe Biden:<\/p>\n<blockquote>\n<p id=\"p-13\"><em><strong>\u201eAcum 6 ani, am decis s\u0103 renun\u021b la afaceri, s\u0103 le v\u00e2nd pe toate, s\u0103 candidez pentru Senat, \u0219i iat\u0103-m\u0103 acuma st\u00e2nd 6 ani mai t\u00e2rziu, \u00eentreb\u00e2ndu-m\u0103:<\/strong><\/em><\/p>\n<p id=\"p-14\"><span><em><strong>\u201eCine dracu\u2019 te crezi c\u0103 e\u0219ti de faci asta? E\u0219ti o ru\u0219ine total\u0103 pentru ceea ce ai f\u0103cut acestei \u021b\u0103ri.\u201d<\/strong><\/em><\/span><\/p>\n<\/blockquote>\n<p id=\"p-16\">Prezentatoarea Fox News, Laura Ingraham, a stat chiar \u00een spatele lui Anthony Fauci \u00een timpul audierii. Senatorul republican Bernie Moreno a folosit-o ca exemplu \u00een timpul audierii, ca o \u201epersoan\u0103 care s-a sim\u021bit \u201eru\u0219inat\u0103\u201d de ceea ce a spus despre Covid-19\u201d.<\/p>\n<h3 id=\"gratierea-preventiva-de-la-biden%c2%a0\" class=\"rb-heading-index-2\"><strong><span data-markdown-start-index=\"2836\">Gra\u021bierea preventiv\u0103 de la Biden\u00a0<\/span><\/strong><\/h3>\n<p id=\"p-17\">De\u0219i fostul pre\u0219edinte american Joe Biden i-a acordat o gra\u021biere preventiv\u0103 pentru a-l proteja de urm\u0103rirea penal\u0103 federal\u0103 pentru ac\u021biunile sale din anii 2014-2025, Fauci este acuzat \u00een continuare pentru fapte din acest interval, inclusiv pentru declara\u021biile \u0219i atitudinea sa fa\u021b\u0103 de Comisia Senatului.<\/p>\n<p id=\"p-18\">El s-ar putea confrunta cu acuza\u021bii la nivel statal sau local. \u00cen declara\u021bia sa adresat\u0103 Comitetului Senatului pentru Securitate Intern\u0103 de miercuri, Fauci a spus c\u0103 senatorul republican Rand Paul, care a prezidat audierea, are o \u201eobsesie evident\u0103\u201d de a-l urm\u0103ri penal \u0219i acest lucru l-a determinat\u00a0 s\u0103 refuze s\u0103 r\u0103spund\u0103 la \u00eentreb\u0103ri, a relatat<a href=\"https:\/\/www.bbc.com\/news\/articles\/cdx85vkk0gko\"> BBC<\/a>.<\/p>\n<blockquote>\n<p id=\"p-21\"><em><strong>\u201eSingura concluzie la care pot ajunge este c\u0103 singurul motiv pentru care m\u0103 cheam\u0103 \u00een fa\u021ba acestui comitet este s\u0103 m\u0103 fac\u0103 s\u0103 spun ceva \u2013 orice \u2013 care ar putea justifica promisiunile sale publice repetate c\u0103 voi ajunge, \u00een cuvintele sale, \u00ab\u00een spatele gratiilor\u00bb\u201d,<\/strong><\/em>a spus Fauci.<\/p>\n<\/blockquote>\n<p id=\"p-22\">Paul, care a lucrat ca chirurg oftalmolog \u00eenainte de a se al\u0103tura Congresului, a continuat s\u0103-l interogheze pe Fauci, \u00een ciuda refuzului s\u0103u de a r\u0103spunde. Senatorul din Kentucky l-a invitat \u00een repetate r\u00e2nduri pe Fauci s\u0103 \u201e\u00ee\u0219i cear\u0103 scuze\u201d \u0219i a spus c\u0103 comitetul va vota s\u0103pt\u0103m\u00e2na viitoare o rezolu\u021bie care \u00eel acuz\u0103 de sfidarea Congresului.<\/p>\n<div class=\"inline-single-ad ad_single_3_index alignfull\">\n<div class=\"ad-wrap ad-script-wrap\">\n<div class=\"ad-script non-adsense edge-padding\">\n<div>\n\u203c\ufe0f\u203c\ufe0f NU recunoa\u0219tem ca pre\u0219edinte al Rom\u00e2niei pe marioneta retard\u0103 Nicu\u0219or Dan! Rom\u00e2ni, boicota\u021bi aceast\u0103 f\u0103c\u0103tur\u0103, care ne face \u021bara de r\u00e2s! NU rom\u00e2nii l-au votat pe Nicusoro\u0219 &#8211; cu unele excep\u021bii de persoane infantile, manipulabile \u0219i chiar idioate &#8211; ci l-au ajutat Maia Soro\u0219, Emanuel Macrou \u0219i tr\u0103d\u0103torii de la B.E.C. \u0219i CCR!<br \/>\n La \u00eenchisoare cu cei care au fraudat alegerile!\n<\/div>\n<\/div>\n<\/div>\n<\/div>\n<p id=\"p-23\">Republicanii l-au \u00eentrebat pe Fauci despre schimbarea \u00eendrum\u0103rilor \u00een domeniul s\u0103n\u0103t\u0103\u021bii, care s-au schimbat \u00een timpul pandemiei, pe m\u0103sur\u0103 ce oficialii din domeniul s\u0103n\u0103t\u0103\u021bii au aflat mai multe despre boal\u0103.<\/p>\n<h3 id=\"avocatul-lui-fauci-dat-afara-din-sala-de-judecata\" class=\"rb-heading-index-3\"><strong><span data-markdown-start-index=\"3035\">Avocatul lui Fauci, dat afar\u0103 din sala de judecat\u0103<\/span><\/strong><\/h3>\n<p id=\"p-25\">Fauci \u0219i-a ap\u0103rat anterior pozi\u021biile politice. Unul dintre avoca\u021bii lui Fauci, David Schertler, care st\u0103tea l\u00e2ng\u0103 el, a \u00eencercat \u00een repetate r\u00e2nduri s\u0103 intervin\u0103 \u00een timpul interogatoriului lui Paul \u0219i a fost dat afar\u0103 din camer\u0103. Schertler a considerat c\u0103 este \u201escandalos\u201d ca Paul s\u0103 \u201er\u0103m\u00e2n\u0103 f\u0103r\u0103 avocat pentru c\u0103 a prezentat un punct de vedere juridic legitim\u201d.<\/p>\n<p id=\"p-26\"><strong><em>\u201eAcest lucru dovede\u0219te natura nefondat\u0103 \u0219i vindicativ\u0103 a acestei proceduri \u0219i vendetta personal\u0103 a lui Rand Paul \u00eempotriva Dr. Fauci<\/em><\/strong>\u201d, a ad\u0103ugat Schertler \u00eentr-un comunicat.<\/p>\n<h3 id=\"reactia-lui-donald-trump-si-scandalul-legat-de-laboratorul-din-wuhan\" class=\"rb-heading-index-4\"><strong><span data-markdown-start-index=\"3191\">Reac\u021bia lui Donald Trump \u0219i scandalul legat de laboratorul din Wuhan<\/span><\/strong><\/h3>\n<p id=\"p-27\">\u00cen timpul audierii, pre\u0219edintele Donald Trump a folosit re\u021belele de socializare pentru a-l numi pe Fauci \u201enebun\u201d.<\/p>\n<p id=\"p-28\"><em><strong>\u201eAm spus de la \u00eenceput c\u0103 virusul provine de la Laboratorul Wuhan din China. Fauci nu a fost de acord cu t\u0103rie, \u00eencerc\u00e2nd \u00eentotdeauna s\u0103 protejeze China<\/strong><\/em>\u201d, a spus Trump.<\/p>\n<p id=\"p-29\">Originile pandemiei au fost un subiect de dezbatere aprins\u0103 \u00een SUA, inclusiv \u00eentre Trump, care era \u00een func\u021bie c\u00e2nd a \u00eenceput \u00een 2020, \u0219i oficialii din domeniul s\u0103n\u0103t\u0103\u021bii publice, inclusiv Fauci. Cei doi s-au certat frecvent pe tema gestion\u0103rii pandemiei, inclusiv atunci c\u00e2nd Trump a sugerat tratamente nedovedite, precum injectarea cu dezinfectant.<\/p>\n<p id=\"p-30\">\u00cen cadrul audierii, Paul a sugerat c\u0103, de\u0219i Fauci a spus public c\u0103 virusul era de provenien\u021b\u0103 natural\u0103, ar fi crezut \u00een sinea lui c\u0103 virusul \u00ee\u0219i are originea \u00eentr-un laborator medical. Senatorul a promovat \u00een mod repetat teoria c\u0103 virusul a sc\u0103pat din\u00a0 laboratorul din China.<\/p>\n<p id=\"p-31\">Organiza\u021bia Mondial\u0103 a S\u0103n\u0103t\u0103\u021bii a reconfirmat anul trecut c\u0103 virusul este de origine natural\u0103 \u0219i c\u0103 se transmite de la animale la oameni\u00a0 \u0219i c\u0103 este teoria \u201ecea mai bine sus\u021binut\u0103\u201d din dovezile disponibile, dar c\u0103 p\u00e2n\u0103 c\u00e2nd nu vor ap\u0103rea mai multe informa\u021bii, problema este \u201eneconcludent\u0103\u201d.<\/p>\n<h3 id=\"ce-scria-in-jurnalul-secret-al-lui-anthony-fauci-despre-originea-covid\" class=\"rb-heading-index-5\"><strong><span data-markdown-start-index=\"3397\">Ce scria \u00een jurnalul secret al lui Anthony Fauci despre originea Covid<\/span><\/strong><\/h3>\n<p id=\"p-32\">La \u00eenceputul acestei s\u0103pt\u0103m\u00e2ni, Paul a publicat noti\u021be din jurnalul lui Fauci din epoca pandemiei, \u00een care acesta a meditat la faim\u0103 \u0219i la originile Covid. Fauci chiar luase \u00een considerare posibilitatea ca virusul s\u0103 fi provenit din laboratorul din Wuhan,\u00a0 \u00eenainte de a deveni ferm convins c\u0103 are o origine natural\u0103.<\/p>\n<p id=\"p-33\">\u00centr-o alt\u0103 not\u0103 de jurnal din februarie 2020, \u00een care se discut\u0103 despre o conferin\u021b\u0103 telefonic\u0103 \u00eentre oamenii de \u0219tiin\u021b\u0103 specializa\u021bi \u00een COVID,\u00a0 Fauci spune c\u0103 medicii nu au fost de acord \u00een totalitate cu privire la provenien\u021ba virusului.\u00a0Mai t\u00e2rziu, el scrie c\u0103 \u201eeste aproape sigur c\u0103 virusul a evoluat natural, chiar dac\u0103\u2026 a fost deschis cu privire la posibilitatea unei scurgeri dintr-un laborator\u201d.<\/p>\n<p id=\"p-35\">\u201eDoar pentru c\u0103 dou\u0103 alternative\u00a0 sunt posibile, asta nu \u00eenseamn\u0103 c\u0103 sunt la fel de probabile\u201d, a scris Fauci.<\/p>\n<p id=\"p-36\">Decizia sa de a nu depune m\u0103rturie i-a sup\u0103rat pe republicani, inclusiv pe senatorul Ron Johnson, care i-a spus lui Fauci c\u0103 inten\u021bioneaz\u0103 s\u0103 fac\u0103 presiuni pentru a-l cita \u00een fa\u021ba instan\u021bei.<\/p>\n<p id=\"p-37\">Dup\u0103 \u00eencheierea audierii, procurorul general al Floridei, un republican, a declarat c\u0103 va deschide o anchet\u0103 asupra lui Fauci. \u00centre timp, mai mul\u021bi democra\u021bi au ie\u0219it \u00een ap\u0103rarea lui Fauci, inclusiv senatoarea Maggie Hassan, care a spus c\u0103 audierea a fost \u201econceput\u0103 pentru a-l prinde \u00een capcan\u0103\u201d.<\/p>\n<p id=\"p-38\">Fauci s-a confruntat cu amenin\u021b\u0103ri cu moartea \u00een timpul \u0219i dup\u0103 pandemia de coronavirus. Trump i-a retras anul trecut protec\u021bia de securitate.<\/p>\n<\/div>\n<p>[analyse_source url=&#8221;https:\/\/ortodoxinfo.ro\/2026\/07\/30\/anthony-fauci-a-refuzat-sa-depuna-marturie-in-fata-senatului-sua\/&#8221;]<\/p>\n","protected":false},"excerpt":{"rendered":"<p>[analyse_image type=&#8221;featured&#8221; src=&#8221;https:\/\/ortodoxinfo.ro\/wp-content\/uploads\/2026\/07\/anthony-fauci-audiere.pnghttps:\/\/ortodoxinfo.ro\/wp-content\/uploads\/2026\/07\/anthony-fauci-audiere.png&#8221;] Prima pagin\u0103 \u00bb Blog \u00bb Anthony Fauci a refuzat s\u0103 depun\u0103 m\u0103rturie \u00een fa\u021ba Senatului SUA Anthony Fauci a refuzat s\u0103 depun\u0103 m\u0103rturie \u00een fa\u021ba Senatului SUA 30 iulie 2026plandemia covid-195.8k vizualiz\u0103ri Comentarii Share 9 Min Read SHARE OrtodoxINFO este supus unui sabotaj sistematic din partea reprezentan\u021bilor Google Rom\u00e2nia, at\u00e2t la afi\u0219\u0103ri [&hellip;]<\/p>\n","protected":false},"author":1,"featured_media":0,"comment_status":"open","ping_status":"","sticky":false,"template":"","format":"standard","meta":{"footnotes":""},"categories":[89],"tags":[226,94],"class_list":["post-2070044","post","type-post","status-publish","format-standard","hentry","category-romania","tag-crawlmanager","tag-ortodoxinfo-ro"],"_links":{"self":[{"href":"https:\/\/analyse.optim.biz\/index.php?rest_route=\/wp\/v2\/posts\/2070044","targetHints":{"allow":["GET"]}}],"collection":[{"href":"https:\/\/analyse.optim.biz\/index.php?rest_route=\/wp\/v2\/posts"}],"about":[{"href":"https:\/\/analyse.optim.biz\/index.php?rest_route=\/wp\/v2\/types\/post"}],"author":[{"embeddable":true,"href":"https:\/\/analyse.optim.biz\/index.php?rest_route=\/wp\/v2\/users\/1"}],"replies":[{"embeddable":true,"href":"https:\/\/analyse.optim.biz\/index.php?rest_route=%2Fwp%2Fv2%2Fcomments&post=2070044"}],"version-history":[{"count":0,"href":"https:\/\/analyse.optim.biz\/index.php?rest_route=\/wp\/v2\/posts\/2070044\/revisions"}],"wp:attachment":[{"href":"https:\/\/analyse.optim.biz\/index.php?rest_route=%2Fwp%2Fv2%2Fmedia&parent=2070044"}],"wp:term":[{"taxonomy":"category","embeddable":true,"href":"https:\/\/analyse.optim.biz\/index.php?rest_route=%2Fwp%2Fv2%2Fcategories&post=2070044"},{"taxonomy":"post_tag","embeddable":true,"href":"https:\/\/analyse.optim.biz\/index.php?rest_route=%2Fwp%2Fv2%2Ftags&post=2070044"}],"curies":[{"name":"wp","href":"https:\/\/api.w.org\/{rel}","templated":true}]}}