{"id":2070040,"date":"2026-07-30T11:07:21","date_gmt":"2026-07-30T08:07:21","guid":{"rendered":"https:\/\/analyse.optim.biz\/?p=2070040"},"modified":"2026-07-30T11:07:21","modified_gmt":"2026-07-30T08:07:21","slug":"acum-e-momentul-s-a-dat-semnalul-pentru-debarcarea-puterii-din-romania-azi-incepe-mega-protestul-care-asteapta-diaspora-acasa","status":"publish","type":"post","link":"https:\/\/analyse.optim.biz\/?p=2070040","title":{"rendered":"ACUM e momentul! S-a dat semnalul pentru debarcarea puterii din Rom\u00e2nia. AZI \u00eencepe MEGA-PROTESTUL care a\u0219teapt\u0103 DIASPORA acas\u0103"},"content":{"rendered":"<p>[analyse_image type=&#8221;featured&#8221; src=&#8221;https:\/\/ortodoxinfo.ro\/wp-content\/uploads\/2026\/07\/protest_ciobani_30_iulie.webphttps:\/\/ortodoxinfo.ro\/wp-content\/uploads\/2026\/07\/protest_ciobani_30_iulie.webp&#8221;]<\/p>\n<article id=\"post-253454\" class=\"post-253454 post type-post status-publish format-standard has-post-thumbnail category-lupta-pentru-romania\">\n<header class=\"single-header\">\n<aside class=\"breadcrumb-wrap breadcrumb-yoast s-breadcrumb\">\n<div class=\"breadcrumb-inner\"><span><span><a href=\"https:\/\/ortodoxinfo.ro\/\">Prima pagin\u0103<\/a><\/span> \u00bb <span><a href=\"https:\/\/ortodoxinfo.ro\/blog\/\">Blog<\/a><\/span> \u00bb <span class=\"breadcrumb_last\" aria-current=\"page\">ACUM e momentul! S-a dat semnalul pentru debarcarea puterii din Rom\u00e2nia. AZI \u00eencepe MEGA-PROTESTUL care a\u0219teapt\u0103 DIASPORA acas\u0103<\/span><\/span><\/div>\n<\/aside>\n<h1 class=\"s-title fw-headline\">ACUM e momentul! S-a dat semnalul pentru debarcarea puterii din Rom\u00e2nia. AZI \u00eencepe MEGA-PROTESTUL care a\u0219teapt\u0103 DIASPORA acas\u0103<\/h1>\n<div class=\"single-meta meta-s-default yes-0\">\n<div class=\"smeta-in\"><a class=\"meta-el meta-avatar\" href=\"https:\/\/ortodoxinfo.ro\/author\/redactor\/\"><img loading=\"lazy\" decoding=\"async\" alt=\"OrtodoxINFO\" src=\"https:\/\/secure.gravatar.com\/avatar\/21010332354a182ce4de6016685c5586f21c51866d0ec5bc8ef383240b3c3e02?s=120&amp;r=g\" class=\"avatar avatar-120 photo\" height=\"120\" width=\"120\"><\/a><\/p>\n<div class=\"smeta-sec\">\n<div class=\"p-meta\">\n<div class=\"meta-inner is-meta\"><span class=\"meta-el meta-date\"><time datetime=\"2026-07-30T16:20:45+03:00\">30 iulie 2026<\/time><\/span><span class=\"meta-el meta-category meta-bold\"><a class=\"meta-separate category-19866\" href=\"https:\/\/ortodoxinfo.ro\/category\/lupta-pentru-romania\/\">Lupt\u0103 pentru Rom\u00e2nia<\/a><\/span><span class=\"meta-el meta-view\">41.7k vizualiz\u0103ri\t\t<\/span><span class=\"meta-el meta-comment mobile-last-meta tablet-last-meta\"><a href=\"https:\/\/ortodoxinfo.ro\/2026\/07\/30\/acum-e-momentul-s-a-dat-semnalul-pentru-debarcarea-puterii-din-romania-azi-incepe-mega-protestul-care-asteapta-diaspora-acasa\/#comments\">2 comentarii<\/a><\/span><\/div>\n<\/div>\n<\/div>\n<\/div>\n<div class=\"smeta-extra\">\n<div class=\"t-shared-sec tooltips-n has-read-meta is-color\">\n<div class=\"t-shared-header is-meta\"><span class=\"share-label\">Share<\/span><\/div>\n<\/div>\n<div class=\"single-right-meta single-time-read is-meta\"><span class=\"meta-el meta-read\">3 Min Read<\/span><\/div>\n<\/div>\n<\/div>\n<\/header>\n<div class=\"grid-container\">\n<div class=\"s-ct\">\n<div class=\"s-feat-outer\">\n<div class=\"s-feat\">\n<div class=\"featured-lightbox-trigger\" data-source=\"https:\/\/ortodoxinfo.ro\/wp-content\/uploads\/2026\/07\/protest_ciobani_30_iulie.webp\" data-caption data-attribution><img fetchpriority=\"high\" decoding=\"async\" width=\"860\" height=\"645\" src=\"https:\/\/ortodoxinfo.ro\/wp-content\/uploads\/2026\/07\/protest_ciobani_30_iulie-860x645.webp\" class=\"attachment-foxiz_crop_o1 size-foxiz_crop_o1 wp-post-image\" alt loading=\"eager\"><\/div>\n<\/div>\n<\/div>\n<div class=\"s-ct-wrap has-lsl\">\n<div class=\"s-ct-inner\">\n<div class=\"l-shared-sec-outer show-mobile\">\n<div class=\"l-shared-sec\">\n<div class=\"l-shared-header meta-text\"><span class=\"share-label\">SHARE<\/span><\/div>\n<\/div>\n<\/div>\n<div class=\"e-ct-outer\">\n<div class=\"entry-top\">\n<div id=\"custom_html-3\" class=\"widget_text widget entry-widget clearfix widget_custom_html\">\n<div class=\"textwidget custom-html-widget\">\n<div><small><br \/>\n    OrtodoxINFO este supus unui sabotaj sistematic din partea reprezentan\u021bilor Google Rom\u00e2nia, at\u00e2t la afi\u0219\u0103ri c\u00e2t \u0219i \u00een rezultatele de c\u0103utare.<br \/>\n        Astfel c\u0103 veniturile din publicitate au sc\u0103zut de p\u00e2n\u0103 la <strong>10 ori<\/strong>. Situa\u021bia este similar\u0103 \u0219i pe Facebook.<\/p>\n<p>        V\u0103 invit\u0103m s\u0103 accesa\u021bi direct site-ul \u0219i s\u0103 v\u0103 abona\u021bi la notific\u0103ri.<\/p>\n<p>    Dac\u0103 dori\u021bi s\u0103 ne sus\u021bine\u021bi \u00een aceast\u0103 perioad\u0103 dificil\u0103, orice <a href=\"https:\/\/ortodoxinfo.ro\/donatii\/\">dona\u021bie<\/a> este binevenit\u0103.<br \/>\n    Dumnezeu s\u0103 v\u0103 r\u0103spl\u0103teasc\u0103!<br \/>\n<\/small><\/div>\n<\/div>\n<\/div>\n<\/div>\n<div class=\"entry-content rbct clearfix is-highlight-shares\">\n<div class=\"ruby-table-contents rbtoc table-left table-fw-single-col\">\n<div class=\"toc-header\"><span class=\"h3\">Sumar<\/span><\/div>\n<div class=\"toc-content h5\"><a href=\"https:\/\/ortodoxinfo.ro\/2026\/07\/30\/acum-e-momentul-s-a-dat-semnalul-pentru-debarcarea-puterii-din-romania-azi-incepe-mega-protestul-care-asteapta-diaspora-acasa\/#protestul-ciobanilor-e-doar-inceputul\" class=\"table-link no-link anchor-link\" data-index=\"rb-heading-index-0\">Protestul ciobanilor e doar \u00eenceputul<\/a><a href=\"https:\/\/ortodoxinfo.ro\/2026\/07\/30\/acum-e-momentul-s-a-dat-semnalul-pentru-debarcarea-puterii-din-romania-azi-incepe-mega-protestul-care-asteapta-diaspora-acasa\/#diaspora-va-prelua-protestul-si-va-alunga-actuala-putere\" class=\"table-link no-link anchor-link\" data-index=\"rb-heading-index-1\">DIASPORA va prelua protestul \u0219i va alunga actuala putere<\/a><a href=\"https:\/\/ortodoxinfo.ro\/2026\/07\/30\/acum-e-momentul-s-a-dat-semnalul-pentru-debarcarea-puterii-din-romania-azi-incepe-mega-protestul-care-asteapta-diaspora-acasa\/#important\" class=\"table-link no-link anchor-link\" data-index=\"rb-heading-index-2\">IMPORTANT!<\/a><\/div>\n<\/div>\n<p>E gata, fra\u021bilor! A\u0219teptarea noastr\u0103 a luat sf\u00e2r\u0219it! Semnalul de pe peste Ocean a venit zilele acestea. Guvernarea \u0219oro\u0219ist\u0103 de la Bucure\u0219ti nu mai are nici cel mai mic sprijin din partea administra\u021biei Trump. Adoptarea programului SAFE, care va duce la re\u00eenarmarea masiv\u0103 a Germaniei, dar \u0219i excluderea aproape \u00een totalitate a companiilor americane a pus pe jar Departamentul de R\u0103zboi al SUA. Contactele diplomatice cu opozi\u021bia din Rom\u00e2nia sunt un alt semn c\u0103 SUA vor o schimbare de regim la Bucure\u0219ti, \u00een condi\u021biile \u00een care 90% din popula\u021bie nu este de acord cu direc\u021bia pe care a luat-o Rom\u00e2nia. Totul \u00eens\u0103 depinde de voin\u021ba poporului rom\u00e2n. Deja societatea d\u0103 \u00een clocot de ceva vreme \u0219i mai lipsea un semn care s\u0103 declan\u0219eze totul.<\/p>\n<h3 id=\"protestul-ciobanilor-e-doar-inceputul\" class=\"rb-heading-index-0\">Protestul ciobanilor e doar \u00eenceputul<\/h3>\n<p>Ast\u0103zi a \u00eenceput protestul ciobanilor, c\u0103rora le-au fost ucise oile \u0219i astfel sunt l\u0103sa\u021bi f\u0103r\u0103 nicio surs\u0103 de supravie\u021buire. Acest protest se vrea a fi prelungit p\u00e2n\u0103 ajung din \u021bar\u0103 alte categorii ale popula\u021biei, care s\u0103 preia \u0219i s\u0103 duc\u0103 protestul \u00een urm\u0103toarele zile. Este important ca Pia\u021ba Victoriei s\u0103 aib\u0103 continuu c\u00e2teva mii de oameni. Bucure\u0219tenii care au posibilitate sunt ruga\u021bi s\u0103 le asigure hrana \u0219i mai ales apa celor care rezist\u0103 \u00een strad\u0103.<\/p>\n<h3 id=\"diaspora-va-prelua-protestul-si-va-alunga-actuala-putere\" class=\"rb-heading-index-1\">DIASPORA va prelua protestul \u0219i va alunga actuala putere<\/h3>\n<p>Pe 1 \u0219i 2 August sunt a\u0219tepta\u021bi zeci de mii de rom\u00e2ni care vin \u00een \u021bar\u0103 \u00een concedii. Ace\u0219tia vor prelua protestul men\u021binut de cei din \u021bar\u0103 \u0219i \u00een printr-un efort comun cu restul rom\u00e2nilor vom reu\u0219i s\u0103 punem pe fug\u0103 actuala putere. Jandarmeria va fi la \u00eenceput \u00eempotriva, dar odat\u0103 cu num\u0103rul mare de oameni se va retrage. Exist\u0103 riscul ca s\u0103 fie adu\u0219i jandarmi din alte \u021b\u0103ri. Doar c\u0103 aici vor interveni solda\u021bii americani care sunt prezen\u021bi \u00een Rom\u00e2nia, iar poporul rom\u00e2n va fi ap\u0103rat.<\/p>\n<h3 id=\"important\" class=\"rb-heading-index-2\">IMPORTANT!<\/h3>\n<p>Forma\u021bi grupuri mici \u0219i alege\u021bi-v\u0103 2 zile \u00een care s\u0103 merge\u021bi la Bucure\u0219ti, apoi la MEGA-protestul diasporei s\u0103 fim cu to\u021bii! P\u00e2n\u0103 atunci, sprijini\u021bi cu ce pute\u021bi pe cei care acum protesteaz\u0103 \u0219i informa\u021bi c\u00e2t mai mul\u021bi cunoscu\u021bi despre aceste ac\u021biuni! Haide\u021bi c\u0103 mai e pu\u021bin! ACUM e momentul s\u0103 ac\u021bion\u0103m!<\/p>\n<\/div>\n<\/div>\n<\/div>\n<div class=\"e-shared-sec entry-sec\">\n<div class=\"e-shared-header h4\"><span>Distribuie<\/span><\/div>\n<div class=\"rbbsl tooltips-n effect-fadeout is-bg\"><a class=\"share-action share-trigger icon-facebook\" aria-label=\"Share on Facebook\" href=\"https:\/\/www.facebook.com\/sharer.php?u=https%3A%2F%2Fortodoxinfo.ro%2F2026%2F07%2F30%2Facum-e-momentul-s-a-dat-semnalul-pentru-debarcarea-puterii-din-romania-azi-incepe-mega-protestul-care-asteapta-diaspora-acasa%2F\" data-title=\"Facebook\" rel=\"nofollow\"><span>Facebook<\/span><\/a><a class=\"share-action share-trigger icon-twitter\" aria-label=\"Share on X\" href=\"https:\/\/twitter.com\/intent\/tweet?text=ACUM+e+momentul%21+S-a+dat+semnalul+pentru+debarcarea+puterii+din+Rom%C3%A2nia.+AZI+%C3%AEncepe+MEGA-PROTESTUL+care+a%C8%99teapt%C4%83+DIASPORA+acas%C4%83&amp;url=https%3A%2F%2Fortodoxinfo.ro%2F2026%2F07%2F30%2Facum-e-momentul-s-a-dat-semnalul-pentru-debarcarea-puterii-din-romania-azi-incepe-mega-protestul-care-asteapta-diaspora-acasa%2F&amp;via=ortodoxinforo\" data-title=\"X\" rel=\"nofollow\"><span>X<\/span><\/a><a class=\"share-action icon-whatsapp is-web\" aria-label=\"Share on Whatsapp\" href=\"https:\/\/web.whatsapp.com\/send?text=ACUM+e+momentul%21+S-a+dat+semnalul+pentru+debarcarea+puterii+din+Rom%C3%A2nia.+AZI+%C3%AEncepe+MEGA-PROTESTUL+care+a%C8%99teapt%C4%83+DIASPORA+acas%C4%83%20%E2%98%9E%20https%3A%2F%2Fortodoxinfo.ro%2F2026%2F07%2F30%2Facum-e-momentul-s-a-dat-semnalul-pentru-debarcarea-puterii-din-romania-azi-incepe-mega-protestul-care-asteapta-diaspora-acasa%2F\" target=\"_blank\" data-title=\"WhatsApp\" rel=\"nofollow\"><span>Whatsapp<\/span><\/a><a class=\"share-action icon-whatsapp is-mobile\" aria-label=\"Share on Whatsapp\" href=\"\/\/send?text=ACUM+e+momentul%21+S-a+dat+semnalul+pentru+debarcarea+puterii+din+Rom%C3%A2nia.+AZI+%C3%AEncepe+MEGA-PROTESTUL+care+a%C8%99teapt%C4%83+DIASPORA+acas%C4%83%20%E2%98%9E%20https%3A%2F%2Fortodoxinfo.ro%2F2026%2F07%2F30%2Facum-e-momentul-s-a-dat-semnalul-pentru-debarcarea-puterii-din-romania-azi-incepe-mega-protestul-care-asteapta-diaspora-acasa%2F\" target=\"_blank\" data-title=\"WhatsApp\" rel=\"nofollow\"><span>Whatsapp<\/span><\/a><a class=\"share-action share-trigger icon-telegram\" aria-label=\"Share on Telegram\" href=\"https:\/\/t.me\/share\/?url=https%3A%2F%2Fortodoxinfo.ro%2F2026%2F07%2F30%2Facum-e-momentul-s-a-dat-semnalul-pentru-debarcarea-puterii-din-romania-azi-incepe-mega-protestul-care-asteapta-diaspora-acasa%2F&amp;text=ACUM+e+momentul%21+S-a+dat+semnalul+pentru+debarcarea+puterii+din+Rom%C3%A2nia.+AZI+%C3%AEncepe+MEGA-PROTESTUL+care+a%C8%99teapt%C4%83+DIASPORA+acas%C4%83\" data-title=\"Telegram\" rel=\"nofollow\"><span>Telegram<\/span><\/a><a class=\"share-action icon-copy copy-trigger\" aria-label=\"Copy Link\" href=\"https:\/\/ortodoxinfo.ro\/2026\/07\/30\/acum-e-momentul-s-a-dat-semnalul-pentru-debarcarea-puterii-din-romania-azi-incepe-mega-protestul-care-asteapta-diaspora-acasa\/\" data-copied=\"Copied!\" data-link=\"https:\/\/ortodoxinfo.ro\/2026\/07\/30\/acum-e-momentul-s-a-dat-semnalul-pentru-debarcarea-puterii-din-romania-azi-incepe-mega-protestul-care-asteapta-diaspora-acasa\/\" rel=\"nofollow\" data-copy=\"Copy Link\"><span>Copy Link<\/span><\/a><a class=\"share-action icon-print\" aria-label=\"Print\" rel=\"nofollow\" data-title=\"Print\"><span>Print<\/span><\/a><\/div>\n<\/div>\n<\/div>\n<div id=\"tabs\" class=\"dntplgn_form_wrapper\"><span><\/p>\n<h2>\u0218tirile sunt sub cenzur\u0103! Sprijini\u021bi OrtodoxINFO!<\/h2>\n<p>Guvernul nu dore\u0219te aflarea adev\u0103rului despre lovitura de stat \u0219i \u00eengenuncherea Rom\u00e2niei. \u00cencerc\u0103m s\u0103 men\u021binem viu acest site \u0219i s\u0103 v\u0103 punem la dispozi\u021bie informa\u021bii care s\u0103 fac\u0103 lumin\u0103 \u00een cea mai mare provocare pe care o tr\u0103im. Jurnalismul independent al portalului OrtodoxINFO func\u021bioneaz\u0103 strict cu ajutorul cititorilor.<br \/>\nNe pute\u021bi sprijini printr-o <b><a href=\"https:\/\/ortodoxinfo.ro\/donatii\/\">dona\u021bie bancar\u0103<\/a> sau prin PayPal, complet\u00e2nd formularul de mai jos.<\/b><\/span><\/p>\n<ul>\n<li><a href=\"https:\/\/ortodoxinfo.ro\/2026\/07\/30\/acum-e-momentul-s-a-dat-semnalul-pentru-debarcarea-puterii-din-romania-azi-incepe-mega-protestul-care-asteapta-diaspora-acasa\/#tabs-1\">Dona\u021bie lunar\u0103<\/a><\/li>\n<li><a href=\"https:\/\/ortodoxinfo.ro\/2026\/07\/30\/acum-e-momentul-s-a-dat-semnalul-pentru-debarcarea-puterii-din-romania-azi-incepe-mega-protestul-care-asteapta-diaspora-acasa\/#tabs-2\">Doar acum<\/a><\/li>\n<\/ul>\n<div id=\"tabs-1\"><img loading=\"lazy\" decoding=\"async\" alt border=\"0\" src=\"https:\/\/www.paypalobjects.com\/en_US\/i\/scr\/pixel.gif\" width=\"1\" height=\"1\"><\/div>\n<div id=\"tabs-2\">\n<p>\t\t     \u20ac<\/p>\n<p>\t\t    <img loading=\"lazy\" decoding=\"async\" alt border=\"0\" src=\"https:\/\/www.paypalobjects.com\/en_US\/i\/scr\/pixel.gif\" width=\"1\" height=\"1\"><\/div>\n<p>Mul\u021bumim celor care ne-au ajutat p\u00e2n\u0103 acum!\n\t<\/p><\/div>\n<div class=\"comment-box-wrap entry-sec\">\n<div class=\"comment-box-header\"><span class=\"h3\">2 comentarii<\/span><\/div>\n<div class=\"comment-holder\">\n<div id=\"comments\" class=\"comments-area\">\n<div class=\"rb-section\">\n<ul class=\"comment-list entry\">\n<li id=\"comment-250736\" class=\"comment even thread-even depth-1\">\n<article id=\"div-comment-250736\" class=\"comment-body\">\n<footer class=\"comment-meta\">\n<div class=\"comment-author vcard\"><img loading=\"lazy\" decoding=\"async\" alt src=\"https:\/\/secure.gravatar.com\/avatar\/03aa1bbf7d18517b733165a8aa07d06ef8688d4514dec9ed1908c7310053bc69?s=100&amp;r=g\" class=\"avatar avatar-100 photo\" height=\"100\" width=\"100\"><b class=\"fn\">haurista revoltata<\/b><span class=\"says\">spune:<\/span><\/div>\n<div class=\"comment-metadata\"><a href=\"https:\/\/ortodoxinfo.ro\/2026\/07\/30\/acum-e-momentul-s-a-dat-semnalul-pentru-debarcarea-puterii-din-romania-azi-incepe-mega-protestul-care-asteapta-diaspora-acasa\/#comment-250736\"><time datetime=\"2026-07-30T14:28:51+03:00\">30 iulie 2026 la 14:28<\/time><\/a><\/div>\n<\/footer>\n<div class=\"comment-content\">\n<p>\u0102sta este iar un protest din \u0103la MASIV al lu\u2019 haur?<\/p>\n<\/div>\n<div class=\"reply\"><a rel=\"nofollow\" class=\"comment-reply-link\" href=\"https:\/\/ortodoxinfo.ro\/2026\/07\/30\/acum-e-momentul-s-a-dat-semnalul-pentru-debarcarea-puterii-din-romania-azi-incepe-mega-protestul-care-asteapta-diaspora-acasa\/#comment-250736\" data-commentid=\"250736\" data-postid=\"253454\" data-belowelement=\"div-comment-250736\" data-respondelement=\"respond\" data-replyto=\"R\u0103spunde-i lui haurista revoltata\" aria-label=\"R\u0103spunde-i lui haurista revoltata\">R\u0103spunde<\/a><\/div>\n<\/article>\n<\/li>\n<li id=\"comment-250739\" class=\"comment odd alt thread-odd thread-alt depth-1\">\n<article id=\"div-comment-250739\" class=\"comment-body\">\n<footer class=\"comment-meta\">\n<div class=\"comment-author vcard\"><img loading=\"lazy\" decoding=\"async\" alt src=\"https:\/\/secure.gravatar.com\/avatar\/7b40984240bc725e4cbbc0ef4c62376b03709feced35076bcdbf3a63e0cea9dd?s=100&amp;r=g\" class=\"avatar avatar-100 photo\" height=\"100\" width=\"100\"><b class=\"fn\">Adolf Putin<\/b><span class=\"says\">spune:<\/span><\/div>\n<div class=\"comment-metadata\"><a href=\"https:\/\/ortodoxinfo.ro\/2026\/07\/30\/acum-e-momentul-s-a-dat-semnalul-pentru-debarcarea-puterii-din-romania-azi-incepe-mega-protestul-care-asteapta-diaspora-acasa\/#comment-250739\"><time datetime=\"2026-07-30T15:52:13+03:00\">30 iulie 2026 la 15:52<\/time><\/a><\/div>\n<\/footer>\n<div class=\"comment-content\">\n<p>marsh fah usr isto la Oradea. hai in PV daca ai curaj.<\/p>\n<\/div>\n<div class=\"reply\"><a rel=\"nofollow\" class=\"comment-reply-link\" href=\"https:\/\/ortodoxinfo.ro\/2026\/07\/30\/acum-e-momentul-s-a-dat-semnalul-pentru-debarcarea-puterii-din-romania-azi-incepe-mega-protestul-care-asteapta-diaspora-acasa\/#comment-250739\" data-commentid=\"250739\" data-postid=\"253454\" data-belowelement=\"div-comment-250739\" data-respondelement=\"respond\" data-replyto=\"R\u0103spunde-i lui Adolf Putin\" aria-label=\"R\u0103spunde-i lui Adolf Putin\">R\u0103spunde<\/a><\/div>\n<\/article>\n<\/li>\n<\/ul>\n<\/div>\n<div id=\"respond\" class=\"comment-respond\">\n<h3 id=\"reply-title\" class=\"comment-reply-title\">Las\u0103 un r\u0103spuns <small><a rel=\"nofollow\" id=\"cancel-comment-reply-link\" href=\"https:\/\/ortodoxinfo.ro\/2026\/07\/30\/acum-e-momentul-s-a-dat-semnalul-pentru-debarcarea-puterii-din-romania-azi-incepe-mega-protestul-care-asteapta-diaspora-acasa\/#respond\">Anuleaz\u0103 r\u0103spunsul<\/a><\/small><\/h3>\n<p class=\"comment-notes\"><span id=\"email-notes\">Adresa ta de email nu va fi publicat\u0103.<\/span><span class=\"required-field-message\">C\u00e2mpurile obligatorii sunt marcate cu <span class=\"required\">*<\/span><\/span><\/p>\n<\/div>\n<\/div>\n<\/div>\n<\/div>\n<\/div>\n<div class=\"sidebar-wrap single-sidebar\">\n<div class=\"sidebar-inner clearfix\">\n<div id=\"widget-post-2\" class=\"widget rb-section w-sidebar clearfix widget-post\">\n<div class=\"block-h widget-heading heading-layout-1\">\n<div class=\"heading-inner\">\n<h4 class=\"heading-title\"><span>Articole recente<\/span><\/h4>\n<\/div>\n<\/div>\n<div class=\"widget-p-listing\">\n<div class=\"p-wrap p-small p-list-small-2\" data-pid=\"253527\">\n<div class=\"feat-holder\">\n<div class=\"p-featured ratio-v1\"><a class=\"p-flink\" href=\"https:\/\/ortodoxinfo.ro\/2026\/07\/30\/harpalete-isi-infiinteaza-ministerul-adevarului-cand-combaterea-dezinformarii-devine-instrument-de-control-al-spatiului-public\/\" title=\"Harpalete \u00ee\u0219i lanseaz\u0103 \u201eMinisterul Adev\u0103rului\u201d: c\u00e2nd \u201ecombaterea dezinform\u0103rii\u201d devine instrument de control al spa\u021biului public\"><img decoding=\"async\" width=\"150\" height=\"150\" src=\"https:\/\/ortodoxinfo.ro\/wp-content\/uploads\/2026\/07\/grok_1785424703416-150x150.jpg\" class=\"featured-img wp-post-image\" alt loading=\"lazy\"><\/a><\/div>\n<\/div>\n<div class=\"p-content\">\n<h5 class=\"entry-title\"><a class=\"p-url\" href=\"https:\/\/ortodoxinfo.ro\/2026\/07\/30\/harpalete-isi-infiinteaza-ministerul-adevarului-cand-combaterea-dezinformarii-devine-instrument-de-control-al-spatiului-public\/\" rel=\"bookmark\">Harpalete \u00ee\u0219i lanseaz\u0103 \u201eMinisterul Adev\u0103rului\u201d: c\u00e2nd \u201ecombaterea dezinform\u0103rii\u201d devine instrument de control al spa\u021biului public<\/a><\/h5>\n<div class=\"p-meta\">\n<div class=\"meta-inner is-meta\"><span class=\"meta-el meta-date\"><time datetime=\"2026-07-30T18:23:53+03:00\">30 iulie 2026<\/time><\/span><span class=\"meta-el meta-category meta-bold\"><a class=\"meta-separate category-1596\" href=\"https:\/\/ortodoxinfo.ro\/category\/anti-sistem\/big-brother\/\">Big brother<\/a><\/span><span class=\"meta-el meta-view\">4.6k vizualiz\u0103ri\t\t<\/span><\/div>\n<\/div>\n<\/div>\n<\/div>\n<div class=\"p-wrap p-small p-list-small-2\" data-pid=\"253364\">\n<div class=\"feat-holder\">\n<div class=\"p-featured ratio-v1\"><a class=\"p-flink\" href=\"https:\/\/ortodoxinfo.ro\/2026\/07\/30\/anthony-fauci-a-refuzat-sa-depuna-marturie-in-fata-senatului-sua\/\" title=\"Anthony Fauci a refuzat s\u0103 depun\u0103 m\u0103rturie \u00een fa\u021ba Senatului SUA\"><img decoding=\"async\" width=\"150\" height=\"150\" src=\"https:\/\/ortodoxinfo.ro\/wp-content\/uploads\/2026\/07\/anthony-fauci-audiere-150x150.png\" class=\"featured-img wp-post-image\" alt loading=\"lazy\"><\/a><\/div>\n<\/div>\n<div class=\"p-content\">\n<h5 class=\"entry-title\"><a class=\"p-url\" href=\"https:\/\/ortodoxinfo.ro\/2026\/07\/30\/anthony-fauci-a-refuzat-sa-depuna-marturie-in-fata-senatului-sua\/\" rel=\"bookmark\">Anthony Fauci a refuzat s\u0103 depun\u0103 m\u0103rturie \u00een fa\u021ba Senatului SUA<\/a><\/h5>\n<div class=\"p-meta\">\n<div class=\"meta-inner is-meta\"><span class=\"meta-el meta-date\"><time datetime=\"2026-07-30T11:04:33+03:00\">30 iulie 2026<\/time><\/span><span class=\"meta-el meta-category meta-bold\"><a class=\"meta-separate category-19229\" href=\"https:\/\/ortodoxinfo.ro\/category\/anti-sistem\/reducerea-populatiei\/plandemia-covid-19\/\">plandemia covid-19<\/a><\/span><span class=\"meta-el meta-view\">5.8k vizualiz\u0103ri\t\t<\/span><\/div>\n<\/div>\n<\/div>\n<\/div>\n<div class=\"p-wrap p-small p-list-small-2\" data-pid=\"253409\">\n<div class=\"feat-holder\">\n<div class=\"p-featured ratio-v1\"><a class=\"p-flink\" href=\"https:\/\/ortodoxinfo.ro\/2026\/07\/30\/un-expert-explica-felul-in-care-concurenta-din-ucraina-baga-in-faliment-agricultura-romaneasca-folosesc-tehnologii-interzise-in-ue\/\" title=\"Un expert explic\u0103 felul \u00een care concuren\u021ba din Ucraina bag\u0103 \u00een faliment agricultura rom\u00e2neasc\u0103: Folosesc tehnologii interzise \u00een UE\"><img decoding=\"async\" width=\"150\" height=\"150\" src=\"https:\/\/ortodoxinfo.ro\/wp-content\/uploads\/2026\/07\/protest-fermieri-si-transportatori-romani-e1704819833365-150x150.png\" class=\"featured-img wp-post-image\" alt loading=\"lazy\"><\/a><\/div>\n<\/div>\n<div class=\"p-content\">\n<h5 class=\"entry-title\"><a class=\"p-url\" href=\"https:\/\/ortodoxinfo.ro\/2026\/07\/30\/un-expert-explica-felul-in-care-concurenta-din-ucraina-baga-in-faliment-agricultura-romaneasca-folosesc-tehnologii-interzise-in-ue\/\" rel=\"bookmark\">Un expert explic\u0103 felul \u00een care concuren\u021ba din Ucraina bag\u0103 \u00een faliment agricultura rom\u00e2neasc\u0103: Folosesc tehnologii interzise \u00een UE<\/a><\/h5>\n<div class=\"p-meta\">\n<div class=\"meta-inner is-meta\"><span class=\"meta-el meta-date\"><time datetime=\"2026-07-30T10:55:30+03:00\">30 iulie 2026<\/time><\/span><span class=\"meta-el meta-category meta-bold\"><a class=\"meta-separate category-19885\" href=\"https:\/\/ortodoxinfo.ro\/category\/anti-sistem\/anti-romanism\/asasinii-tarii\/\">Asasinii \u021b\u0103rii<\/a><\/span><span class=\"meta-el meta-view\">5.2k vizualiz\u0103ri\t\t<\/span><\/div>\n<\/div>\n<\/div>\n<\/div>\n<div class=\"p-wrap p-small p-list-small-2\" data-pid=\"253235\">\n<div class=\"feat-holder\">\n<div class=\"p-featured ratio-v1\"><a class=\"p-flink\" href=\"https:\/\/ortodoxinfo.ro\/2026\/07\/29\/romania-onesta-socant-societatea-civila-face-rapoarte-secrete-pentru-harpalete\/\" title=\"\u201dRom\u00e2nia onest\u0103\u201d \u2013 \u0219ocant: societatea civil\u0103 face rapoarte secrete pentru Harpalete\"><img decoding=\"async\" width=\"150\" height=\"150\" src=\"https:\/\/ortodoxinfo.ro\/wp-content\/uploads\/2026\/07\/GettyImages-2282716617-150x150.jpg\" class=\"featured-img wp-post-image\" alt loading=\"lazy\"><\/a><\/div>\n<\/div>\n<div class=\"p-content\">\n<h5 class=\"entry-title\"><a class=\"p-url\" href=\"https:\/\/ortodoxinfo.ro\/2026\/07\/29\/romania-onesta-socant-societatea-civila-face-rapoarte-secrete-pentru-harpalete\/\" rel=\"bookmark\">\u201dRom\u00e2nia onest\u0103\u201d \u2013 \u0219ocant: societatea civil\u0103 face rapoarte secrete pentru Harpalete<\/a><\/h5>\n<div class=\"p-meta\">\n<div class=\"meta-inner is-meta\"><span class=\"meta-el meta-date\"><time datetime=\"2026-07-29T22:08:46+03:00\">29 iulie 2026<\/time><\/span><span class=\"meta-el meta-category meta-bold\"><a class=\"meta-separate category-19885\" href=\"https:\/\/ortodoxinfo.ro\/category\/anti-sistem\/anti-romanism\/asasinii-tarii\/\">Asasinii \u021b\u0103rii<\/a><\/span><span class=\"meta-el meta-view\">9.6k vizualiz\u0103ri\t\t<\/span><\/div>\n<\/div>\n<\/div>\n<\/div>\n<\/div>\n<\/div>\n<div id=\"custom_html-2\" class=\"widget_text widget rb-section w-sidebar clearfix widget_custom_html\">\n<div class=\"block-h widget-heading heading-layout-1\">\n<div class=\"heading-inner\">\n<h4 class=\"heading-title\"><span>DONA\u021aII \u00een cont bancar<\/span><\/h4>\n<\/div>\n<\/div>\n<div class=\"textwidget custom-html-widget\">\n<table class=\"donatii\">\n<tbody>\n<tr>\n<th colspan=\"2\"><strong><span>Asicia\u021bia SMI-B<\/span><\/strong><\/th>\n<\/tr>\n<tr>\n<th>Cont LEI<\/th>\n<td>RO67CECEB00030RON2081955<\/td>\n<\/tr>\n<tr>\n<th>Cont EURO<\/th>\n<td>RO33CECEB000C1EUR2081978<\/td>\n<\/tr>\n<tr>\n<th>Cod SWIFT<\/th>\n<td>CECEROBU<\/td>\n<\/tr>\n<tr>\n<th colspan=\"2\"><strong>CEC BANK SA<\/strong><\/th>\n<\/tr>\n<\/tbody>\n<\/table>\n<\/div>\n<\/div>\n<\/div>\n<\/div>\n<\/div>\n<\/article>\n<div class=\"entry-content rbct clearfix is-highlight-shares\">\n<div class=\"ruby-table-contents rbtoc table-left table-fw-single-col\">\n<div class=\"toc-header\"><span class=\"h3\">Sumar<\/span><\/div>\n<div class=\"toc-content h5\"><a href=\"https:\/\/ortodoxinfo.ro\/2026\/07\/30\/acum-e-momentul-s-a-dat-semnalul-pentru-debarcarea-puterii-din-romania-azi-incepe-mega-protestul-care-asteapta-diaspora-acasa\/#protestul-ciobanilor-e-doar-inceputul\" class=\"table-link no-link anchor-link\" data-index=\"rb-heading-index-0\">Protestul ciobanilor e doar \u00eenceputul<\/a><a href=\"https:\/\/ortodoxinfo.ro\/2026\/07\/30\/acum-e-momentul-s-a-dat-semnalul-pentru-debarcarea-puterii-din-romania-azi-incepe-mega-protestul-care-asteapta-diaspora-acasa\/#diaspora-va-prelua-protestul-si-va-alunga-actuala-putere\" class=\"table-link no-link anchor-link\" data-index=\"rb-heading-index-1\">DIASPORA va prelua protestul \u0219i va alunga actuala putere<\/a><a href=\"https:\/\/ortodoxinfo.ro\/2026\/07\/30\/acum-e-momentul-s-a-dat-semnalul-pentru-debarcarea-puterii-din-romania-azi-incepe-mega-protestul-care-asteapta-diaspora-acasa\/#important\" class=\"table-link no-link anchor-link\" data-index=\"rb-heading-index-2\">IMPORTANT!<\/a><\/div>\n<\/div>\n<p>E gata, fra\u021bilor! A\u0219teptarea noastr\u0103 a luat sf\u00e2r\u0219it! Semnalul de pe peste Ocean a venit zilele acestea. Guvernarea \u0219oro\u0219ist\u0103 de la Bucure\u0219ti nu mai are nici cel mai mic sprijin din partea administra\u021biei Trump. Adoptarea programului SAFE, care va duce la re\u00eenarmarea masiv\u0103 a Germaniei, dar \u0219i excluderea aproape \u00een totalitate a companiilor americane a pus pe jar Departamentul de R\u0103zboi al SUA. Contactele diplomatice cu opozi\u021bia din Rom\u00e2nia sunt un alt semn c\u0103 SUA vor o schimbare de regim la Bucure\u0219ti, \u00een condi\u021biile \u00een care 90% din popula\u021bie nu este de acord cu direc\u021bia pe care a luat-o Rom\u00e2nia. Totul \u00eens\u0103 depinde de voin\u021ba poporului rom\u00e2n. Deja societatea d\u0103 \u00een clocot de ceva vreme \u0219i mai lipsea un semn care s\u0103 declan\u0219eze totul.<\/p>\n<h3 id=\"protestul-ciobanilor-e-doar-inceputul\" class=\"rb-heading-index-0\">Protestul ciobanilor e doar \u00eenceputul<\/h3>\n<p>Ast\u0103zi a \u00eenceput protestul ciobanilor, c\u0103rora le-au fost ucise oile \u0219i astfel sunt l\u0103sa\u021bi f\u0103r\u0103 nicio surs\u0103 de supravie\u021buire. Acest protest se vrea a fi prelungit p\u00e2n\u0103 ajung din \u021bar\u0103 alte categorii ale popula\u021biei, care s\u0103 preia \u0219i s\u0103 duc\u0103 protestul \u00een urm\u0103toarele zile. Este important ca Pia\u021ba Victoriei s\u0103 aib\u0103 continuu c\u00e2teva mii de oameni. Bucure\u0219tenii care au posibilitate sunt ruga\u021bi s\u0103 le asigure hrana \u0219i mai ales apa celor care rezist\u0103 \u00een strad\u0103.<\/p>\n<h3 id=\"diaspora-va-prelua-protestul-si-va-alunga-actuala-putere\" class=\"rb-heading-index-1\">DIASPORA va prelua protestul \u0219i va alunga actuala putere<\/h3>\n<p>Pe 1 \u0219i 2 August sunt a\u0219tepta\u021bi zeci de mii de rom\u00e2ni care vin \u00een \u021bar\u0103 \u00een concedii. Ace\u0219tia vor prelua protestul men\u021binut de cei din \u021bar\u0103 \u0219i \u00een printr-un efort comun cu restul rom\u00e2nilor vom reu\u0219i s\u0103 punem pe fug\u0103 actuala putere. Jandarmeria va fi la \u00eenceput \u00eempotriva, dar odat\u0103 cu num\u0103rul mare de oameni se va retrage. Exist\u0103 riscul ca s\u0103 fie adu\u0219i jandarmi din alte \u021b\u0103ri. Doar c\u0103 aici vor interveni solda\u021bii americani care sunt prezen\u021bi \u00een Rom\u00e2nia, iar poporul rom\u00e2n va fi ap\u0103rat.<\/p>\n<h3 id=\"important\" class=\"rb-heading-index-2\">IMPORTANT!<\/h3>\n<p>Forma\u021bi grupuri mici \u0219i alege\u021bi-v\u0103 2 zile \u00een care s\u0103 merge\u021bi la Bucure\u0219ti, apoi la MEGA-protestul diasporei s\u0103 fim cu to\u021bii! P\u00e2n\u0103 atunci, sprijini\u021bi cu ce pute\u021bi pe cei care acum protesteaz\u0103 \u0219i informa\u021bi c\u00e2t mai mul\u021bi cunoscu\u021bi despre aceste ac\u021biuni! Haide\u021bi c\u0103 mai e pu\u021bin! ACUM e momentul s\u0103 ac\u021bion\u0103m!<\/p>\n<\/div>\n<p>[analyse_source url=&#8221;https:\/\/ortodoxinfo.ro\/2026\/07\/30\/acum-e-momentul-s-a-dat-semnalul-pentru-debarcarea-puterii-din-romania-azi-incepe-mega-protestul-care-asteapta-diaspora-acasa\/&#8221;]<\/p>\n","protected":false},"excerpt":{"rendered":"<p>[analyse_image type=&#8221;featured&#8221; src=&#8221;https:\/\/ortodoxinfo.ro\/wp-content\/uploads\/2026\/07\/protest_ciobani_30_iulie.webphttps:\/\/ortodoxinfo.ro\/wp-content\/uploads\/2026\/07\/protest_ciobani_30_iulie.webp&#8221;] Prima pagin\u0103 \u00bb Blog \u00bb ACUM e momentul! S-a dat semnalul pentru debarcarea puterii din Rom\u00e2nia. AZI \u00eencepe MEGA-PROTESTUL care a\u0219teapt\u0103 DIASPORA acas\u0103 ACUM e momentul! S-a dat semnalul pentru debarcarea puterii din Rom\u00e2nia. AZI \u00eencepe MEGA-PROTESTUL care a\u0219teapt\u0103 DIASPORA acas\u0103 30 iulie 2026Lupt\u0103 pentru Rom\u00e2nia41.7k vizualiz\u0103ri 2 comentarii Share 3 Min [&hellip;]<\/p>\n","protected":false},"author":1,"featured_media":0,"comment_status":"open","ping_status":"","sticky":false,"template":"","format":"standard","meta":{"footnotes":""},"categories":[89],"tags":[226,94],"class_list":["post-2070040","post","type-post","status-publish","format-standard","hentry","category-romania","tag-crawlmanager","tag-ortodoxinfo-ro"],"_links":{"self":[{"href":"https:\/\/analyse.optim.biz\/index.php?rest_route=\/wp\/v2\/posts\/2070040","targetHints":{"allow":["GET"]}}],"collection":[{"href":"https:\/\/analyse.optim.biz\/index.php?rest_route=\/wp\/v2\/posts"}],"about":[{"href":"https:\/\/analyse.optim.biz\/index.php?rest_route=\/wp\/v2\/types\/post"}],"author":[{"embeddable":true,"href":"https:\/\/analyse.optim.biz\/index.php?rest_route=\/wp\/v2\/users\/1"}],"replies":[{"embeddable":true,"href":"https:\/\/analyse.optim.biz\/index.php?rest_route=%2Fwp%2Fv2%2Fcomments&post=2070040"}],"version-history":[{"count":0,"href":"https:\/\/analyse.optim.biz\/index.php?rest_route=\/wp\/v2\/posts\/2070040\/revisions"}],"wp:attachment":[{"href":"https:\/\/analyse.optim.biz\/index.php?rest_route=%2Fwp%2Fv2%2Fmedia&parent=2070040"}],"wp:term":[{"taxonomy":"category","embeddable":true,"href":"https:\/\/analyse.optim.biz\/index.php?rest_route=%2Fwp%2Fv2%2Fcategories&post=2070040"},{"taxonomy":"post_tag","embeddable":true,"href":"https:\/\/analyse.optim.biz\/index.php?rest_route=%2Fwp%2Fv2%2Ftags&post=2070040"}],"curies":[{"name":"wp","href":"https:\/\/api.w.org\/{rel}","templated":true}]}}