{"id":2070030,"date":"2026-07-30T18:10:19","date_gmt":"2026-07-30T15:10:19","guid":{"rendered":"https:\/\/analyse.optim.biz\/?p=2070030"},"modified":"2026-07-30T18:10:19","modified_gmt":"2026-07-30T15:10:19","slug":"doliu-in-invatamantul-buzoian-a-murit-profesoara-maria-voicu-fost-director-al-liceului-tehnologic-henri-coanda","status":"publish","type":"post","link":"https:\/\/analyse.optim.biz\/?p=2070030","title":{"rendered":"Doliu \u00een \u00eenv\u0103\u021b\u0103m\u00e2ntul buzoian. A murit profesoara Maria Voicu, fost director al Liceului Tehnologic \u201eHenri Coand\u0103\u201d"},"content":{"rendered":"<p>[analyse_image type=&#8221;featured&#8221; src=&#8221;https:\/\/gazetabuzoiana.ro\/wp-content\/uploads\/2026\/07\/colaj_doliu_maria_voicu.jpg&#8221;]<\/p>\n<div class=\"entry-content entry clearfix\">\n<p class=\"wp-block-paragraph\">Comunitatea educa\u021bional\u0103 din Buz\u0103u este \u00een doliu dup\u0103 moartea profesoarei Maria Voicu, fost director al Liceului Tehnologic \u201eHenri Coand\u0103\u201d. Cadrul didactic s-a stins din via\u021b\u0103 miercuri, la v\u00e2rsta de 66 de ani, \u00eentr-un spital din Bucure\u0219ti, potrivit publica\u021biei <em>Reporter Buzoian.<\/em><\/p>\n<p class=\"wp-block-paragraph\">Vestea dispari\u021biei sale a fost anun\u021bat\u0103 de reprezentan\u021bii Liceului Tehnologic \u201eHenri Coand\u0103\u201d, care au transmis un mesaj de r\u0103mas-bun \u00een memoria celei care a dedicat zeci de ani educa\u021biei \u0219i form\u0103rii genera\u021biilor de elevi.<\/p>\n<p class=\"wp-block-paragraph\">\u00cen mesajul publicat pe pagina de Facebook a institu\u021biei, colegii o descriu pe Maria Voicu drept un profesor de chimie apreciat, un director implicat \u0219i un om care \u0219i-a transformat profesia \u00eentr-o adev\u0103rat\u0103 voca\u021bie.<\/p>\n<p class=\"wp-block-paragraph\">\u201eAst\u0103zi, peste \u0219coala noastr\u0103 se a\u0219terne o t\u0103cere ad\u00e2nc\u0103. A plecat dintre noi un om care a adus lumin\u0103 \u00een s\u0103lile de clas\u0103 \u0219i \u00een cancelarie, un profesor de chimie des\u0103v\u00e2r\u0219it, un director dedicat, un diriginte implicat \u0219i un coleg de o rar\u0103 valoare. Pentru dumneaei, catedra nu a fost doar o profesie, ci o voca\u021bie, iar \u0219coala a fost \u00eentotdeauna a doua cas\u0103\u201d, au transmis reprezentan\u021bii liceului.<\/p>\n<p class=\"wp-block-paragraph\">Potrivit colegilor, Maria Voicu a contribuit la formarea a numeroase genera\u021bii de elevi, remarc\u00e2ndu-se prin profesionalism, rigoare \u0219i devotament. Cei care au cunoscut-o spun c\u0103, dincolo de activitatea didactic\u0103 \u0219i managerial\u0103, a fost un sprijin pentru colegi \u0219i un mentor pentru elevi.<\/p>\n<p class=\"wp-block-paragraph\">Colectivul liceului a transmis condolean\u021be familiei \u00eendoliate \u0219i a subliniat c\u0103 amintirea fostei profesoare va r\u0103m\u00e2ne vie \u00een comunitatea \u0219colar\u0103.<\/p>\n<p class=\"wp-block-paragraph\">\u201ePlecarea sa las\u0103 un gol imens \u00een comunitatea Liceului Tehnologic \u00abHenri Coand\u0103\u00bb, un gol pe care timpul \u00eel va putea doar alina, niciodat\u0103 umple. Dumnezeu s\u0103 o odihneasc\u0103 \u00een pace!\u201d, este unul dintre mesajele transmise de colegii s\u0103i.<\/p>\n<div class=\"post-bottom-meta post-bottom-tags post-tags-modern\">\n<div class=\"post-bottom-meta-title\"> Etichete<\/div>\n<p><span class=\"tagcloud\"><a href=\"https:\/\/gazetabuzoiana.ro\/tag\/buzau-2\/\" rel=\"tag\">Buz\u0103u<\/a><a href=\"https:\/\/gazetabuzoiana.ro\/tag\/deces\/\" rel=\"tag\">deces<\/a><a href=\"https:\/\/gazetabuzoiana.ro\/tag\/educatie\/\" rel=\"tag\">educa\u021bie<\/a><a href=\"https:\/\/gazetabuzoiana.ro\/tag\/fost-director\/\" rel=\"tag\">fost director<\/a><a href=\"https:\/\/gazetabuzoiana.ro\/tag\/invatamant\/\" rel=\"tag\">\u00eenv\u0103\u021b\u0103m\u00e2nt<\/a><a href=\"https:\/\/gazetabuzoiana.ro\/tag\/liceul-tehnologic-henri-coanda\/\" rel=\"tag\">Liceul Tehnologic Henri Coand\u0103<\/a><a href=\"https:\/\/gazetabuzoiana.ro\/tag\/maria-voicu\/\" rel=\"tag\">Maria Voicu<\/a><a href=\"https:\/\/gazetabuzoiana.ro\/tag\/profesor-de-chimie\/\" rel=\"tag\">profesor de chimie<\/a><\/span><\/div>\n<\/div>\n<p>[analyse_source url=&#8221;https:\/\/gazetabuzoiana.ro\/2026\/07\/30\/doliu-in-invatamantul-buzoian-a-murit-profesoara-maria-voicu-fost-director-al-liceului-tehnologic-henri-coanda\/&#8221;]<\/p>\n","protected":false},"excerpt":{"rendered":"<p>[analyse_image type=&#8221;featured&#8221; src=&#8221;https:\/\/gazetabuzoiana.ro\/wp-content\/uploads\/2026\/07\/colaj_doliu_maria_voicu.jpg&#8221;] Comunitatea educa\u021bional\u0103 din Buz\u0103u este \u00een doliu dup\u0103 moartea profesoarei Maria Voicu, fost director al Liceului Tehnologic \u201eHenri Coand\u0103\u201d. Cadrul didactic s-a stins din via\u021b\u0103 miercuri, la v\u00e2rsta de 66 de ani, \u00eentr-un spital din Bucure\u0219ti, potrivit publica\u021biei Reporter Buzoian. Vestea dispari\u021biei sale a fost anun\u021bat\u0103 de reprezentan\u021bii Liceului Tehnologic \u201eHenri Coand\u0103\u201d, [&hellip;]<\/p>\n","protected":false},"author":1,"featured_media":0,"comment_status":"open","ping_status":"","sticky":false,"template":"","format":"standard","meta":{"footnotes":""},"categories":[2],"tags":[226,38],"class_list":["post-2070030","post","type-post","status-publish","format-standard","hentry","category-politics","tag-crawlmanager","tag-gazetabuzoiana-ro"],"_links":{"self":[{"href":"https:\/\/analyse.optim.biz\/index.php?rest_route=\/wp\/v2\/posts\/2070030","targetHints":{"allow":["GET"]}}],"collection":[{"href":"https:\/\/analyse.optim.biz\/index.php?rest_route=\/wp\/v2\/posts"}],"about":[{"href":"https:\/\/analyse.optim.biz\/index.php?rest_route=\/wp\/v2\/types\/post"}],"author":[{"embeddable":true,"href":"https:\/\/analyse.optim.biz\/index.php?rest_route=\/wp\/v2\/users\/1"}],"replies":[{"embeddable":true,"href":"https:\/\/analyse.optim.biz\/index.php?rest_route=%2Fwp%2Fv2%2Fcomments&post=2070030"}],"version-history":[{"count":0,"href":"https:\/\/analyse.optim.biz\/index.php?rest_route=\/wp\/v2\/posts\/2070030\/revisions"}],"wp:attachment":[{"href":"https:\/\/analyse.optim.biz\/index.php?rest_route=%2Fwp%2Fv2%2Fmedia&parent=2070030"}],"wp:term":[{"taxonomy":"category","embeddable":true,"href":"https:\/\/analyse.optim.biz\/index.php?rest_route=%2Fwp%2Fv2%2Fcategories&post=2070030"},{"taxonomy":"post_tag","embeddable":true,"href":"https:\/\/analyse.optim.biz\/index.php?rest_route=%2Fwp%2Fv2%2Ftags&post=2070030"}],"curies":[{"name":"wp","href":"https:\/\/api.w.org\/{rel}","templated":true}]}}