{"id":2070023,"date":"2026-07-30T14:30:27","date_gmt":"2026-07-30T11:30:27","guid":{"rendered":"https:\/\/analyse.optim.biz\/?p=2070023"},"modified":"2026-07-30T14:30:27","modified_gmt":"2026-07-30T11:30:27","slug":"trans-bus-suplimenteaza-cursele-spre-sarata-monteoru-in-timpul-opa-buzau-greek-fest","status":"publish","type":"post","link":"https:\/\/analyse.optim.biz\/?p=2070023","title":{"rendered":"Trans Bus suplimenteaz\u0103 cursele spre S\u0103rata Monteoru \u00een timpul \u201eOpa! Buz\u0103u Greek Fest\u201d"},"content":{"rendered":"<p>[analyse_image type=&#8221;featured&#8221; src=&#8221;https:\/\/gazetabuzoiana.ro\/wp-content\/uploads\/2024\/11\/Trans-Bus-b-768&#215;437-1.jpg&#8221;]<\/p>\n<div class=\"entry-content entry clearfix\">\n<p class=\"wp-block-paragraph\">Persoanele care vor participa la evenimentul \u201eOpa! Buz\u0103u Greek Fest\u201d vor avea la dispozi\u021bie mai multe curse de autobuz c\u0103tre \u0219i dinspre S\u0103rata Monteoru. Operatorul Trans Bus a anun\u021bat c\u0103 va suplimenta traseul 19 cu trei curse suplimentare \u00een fiecare dintre cele dou\u0103 zile ale festivalului, pentru a facilita transportul participan\u021bilor.<\/p>\n<p class=\"wp-block-paragraph\">M\u0103sura este valabil\u0103 vineri, 31 iulie, \u0219i s\u00e2mb\u0103t\u0103, 1 august, c\u00e2nd festivalul organizat de Consiliul Jude\u021bean Buz\u0103u, Centrul Jude\u021bean de Cultur\u0103 \u0219i Art\u0103 Buz\u0103u \u0219i Greek Dance Romania se va desf\u0103\u0219ura la S\u0103rata Monteoru. Curse suplimentare vor fi introduse \u00een intervalul 17:00 \u2013 22:30, perioad\u0103 \u00een care este a\u0219teptat cel mai mare flux de participan\u021bi.<\/p>\n<p class=\"wp-block-paragraph\">Pe sensul C.I.T. Buz\u0103u \u2013 S\u0103rata Monteoru, autobuzele vor pleca suplimentar la orele 17:00, 18:00 \u0219i 19:00, at\u00e2t vineri, c\u00e2t \u0219i s\u00e2mb\u0103t\u0103. La \u00eentoarcere, din S\u0103rata Monteoru \u2013 Cantina Ceres, vor fi efectuate curse suplimentare seara, ultima plecare fiind programat\u0103 la ora 22:30, pentru ca participan\u021bii s\u0103 poat\u0103 reveni \u00een municipiul Buz\u0103u dup\u0103 \u00eencheierea programului artistic.<\/p>\n<p class=\"wp-block-paragraph\">Programul complet al traseului 19 este disponibil pe canalele oficiale ale Trans Bus \u0219i include toate orele de plecare pentru cele dou\u0103 zile de festival.<\/p>\n<figure class=\"wp-block-image size-large\"><img loading=\"lazy\" decoding=\"async\" width=\"723\" height=\"1024\" src=\"https:\/\/gazetabuzoiana.ro\/wp-content\/uploads\/2026\/07\/greek-723x1024.jpeg\" alt class=\"wp-image-21747\"><\/figure>\n<div class=\"post-bottom-meta post-bottom-tags post-tags-modern\">\n<div class=\"post-bottom-meta-title\"> Etichete<\/div>\n<p><span class=\"tagcloud\"><a href=\"https:\/\/gazetabuzoiana.ro\/tag\/autobuze\/\" rel=\"tag\">autobuze<\/a><a href=\"https:\/\/gazetabuzoiana.ro\/tag\/buzau-2\/\" rel=\"tag\">Buz\u0103u<\/a><a href=\"https:\/\/gazetabuzoiana.ro\/tag\/consiliul-judetean-buzau\/\" rel=\"tag\">Consiliul Jude\u021bean Buz\u0103u<\/a><a href=\"https:\/\/gazetabuzoiana.ro\/tag\/festival\/\" rel=\"tag\">festival<\/a><a href=\"https:\/\/gazetabuzoiana.ro\/tag\/opa-buzau-greek-fest\/\" rel=\"tag\">Opa Buz\u0103u Greek Fest<\/a><a href=\"https:\/\/gazetabuzoiana.ro\/tag\/sarata-monteoru-2\/\" rel=\"tag\">S\u0103rata Monteoru<\/a><a href=\"https:\/\/gazetabuzoiana.ro\/tag\/trans-bus\/\" rel=\"tag\">Trans Bus<\/a><a href=\"https:\/\/gazetabuzoiana.ro\/tag\/transport-public\/\" rel=\"tag\">transport public<\/a><a href=\"https:\/\/gazetabuzoiana.ro\/tag\/traseul-19\/\" rel=\"tag\">traseul 19<\/a><\/span><\/div>\n<\/div>\n<p>[analyse_source url=&#8221;https:\/\/gazetabuzoiana.ro\/2026\/07\/30\/trans-bus-suplimenteaza-cursele-spre-sarata-monteoru-in-timpul-opa-buzau-greek-fest\/&#8221;]<\/p>\n","protected":false},"excerpt":{"rendered":"<p>[analyse_image type=&#8221;featured&#8221; src=&#8221;https:\/\/gazetabuzoiana.ro\/wp-content\/uploads\/2024\/11\/Trans-Bus-b-768&#215;437-1.jpg&#8221;] Persoanele care vor participa la evenimentul \u201eOpa! Buz\u0103u Greek Fest\u201d vor avea la dispozi\u021bie mai multe curse de autobuz c\u0103tre \u0219i dinspre S\u0103rata Monteoru. Operatorul Trans Bus a anun\u021bat c\u0103 va suplimenta traseul 19 cu trei curse suplimentare \u00een fiecare dintre cele dou\u0103 zile ale festivalului, pentru a facilita transportul participan\u021bilor. M\u0103sura [&hellip;]<\/p>\n","protected":false},"author":1,"featured_media":0,"comment_status":"open","ping_status":"","sticky":false,"template":"","format":"standard","meta":{"footnotes":""},"categories":[2],"tags":[226,38],"class_list":["post-2070023","post","type-post","status-publish","format-standard","hentry","category-politics","tag-crawlmanager","tag-gazetabuzoiana-ro"],"_links":{"self":[{"href":"https:\/\/analyse.optim.biz\/index.php?rest_route=\/wp\/v2\/posts\/2070023","targetHints":{"allow":["GET"]}}],"collection":[{"href":"https:\/\/analyse.optim.biz\/index.php?rest_route=\/wp\/v2\/posts"}],"about":[{"href":"https:\/\/analyse.optim.biz\/index.php?rest_route=\/wp\/v2\/types\/post"}],"author":[{"embeddable":true,"href":"https:\/\/analyse.optim.biz\/index.php?rest_route=\/wp\/v2\/users\/1"}],"replies":[{"embeddable":true,"href":"https:\/\/analyse.optim.biz\/index.php?rest_route=%2Fwp%2Fv2%2Fcomments&post=2070023"}],"version-history":[{"count":0,"href":"https:\/\/analyse.optim.biz\/index.php?rest_route=\/wp\/v2\/posts\/2070023\/revisions"}],"wp:attachment":[{"href":"https:\/\/analyse.optim.biz\/index.php?rest_route=%2Fwp%2Fv2%2Fmedia&parent=2070023"}],"wp:term":[{"taxonomy":"category","embeddable":true,"href":"https:\/\/analyse.optim.biz\/index.php?rest_route=%2Fwp%2Fv2%2Fcategories&post=2070023"},{"taxonomy":"post_tag","embeddable":true,"href":"https:\/\/analyse.optim.biz\/index.php?rest_route=%2Fwp%2Fv2%2Ftags&post=2070023"}],"curies":[{"name":"wp","href":"https:\/\/api.w.org\/{rel}","templated":true}]}}