{"id":2070019,"date":"2026-07-30T14:22:38","date_gmt":"2026-07-30T11:22:38","guid":{"rendered":"https:\/\/analyse.optim.biz\/?p=2070019"},"modified":"2026-07-30T14:22:38","modified_gmt":"2026-07-30T11:22:38","slug":"peste-32-milioane-de-lei-vor-fi-investiti-in-sase-unitati-de-invatamant-dupa-redistribuirea-fondurilor-retrase-de-la-spectrum","status":"publish","type":"post","link":"https:\/\/analyse.optim.biz\/?p=2070019","title":{"rendered":"Peste 3,2 milioane de lei vor fi investi\u021bi \u00een \u0219ase unit\u0103\u021bi de \u00eenv\u0103\u021b\u0103m\u00e2nt, dup\u0103 redistribuirea fondurilor retrase de la Spectrum"},"content":{"rendered":"<p>[analyse_image type=&#8221;featured&#8221; src=&#8221;https:\/\/gazetabuzoiana.ro\/wp-content\/uploads\/2026\/06\/spectrum-2.jpg&#8221;]<\/p>\n<div class=\"entry-content entry clearfix\">\n<p class=\"wp-block-paragraph\">Consiliul Local Municipal Buz\u0103u a aprobat, joi, la prima rectificare bugetar\u0103 din acest an, redistribuirea celor 3,2 milioane de lei care fuseser\u0103 prev\u0103zu\u021bi ini\u021bial pentru o investi\u021bie la \u0219coala privat\u0103 <em>Spectrum<\/em>. Fondurile vor fi folosite pentru amenajarea unor terenuri de sport \u0219i spa\u021bii educative \u00een \u0219ase unit\u0103\u021bi de \u00eenv\u0103\u021b\u0103m\u00e2nt din municipiu.<\/p>\n<div class=\"wp-block-image\">\n<figure class=\"alignleft size-full\"><img loading=\"lazy\" decoding=\"async\" width=\"487\" height=\"731\" src=\"https:\/\/gazetabuzoiana.ro\/wp-content\/uploads\/2026\/07\/huditoiu-2-1-edited.jpg\" alt class=\"wp-image-21860\"><\/figure>\n<\/div>\n<p class=\"wp-block-paragraph\">Suma a r\u0103mas disponibil\u0103 dup\u0103 ce, \u00een luna aprilie, consilierii locali au renun\u021bat la finan\u021barea destinat\u0103 moderniz\u0103rii cl\u0103dirii \u0219colii <em>Spectrum<\/em>. La acel moment, doi consilieri PSD au depus un amendament prin care au solicitat ca banii s\u0103 nu fie aloca\u021bi institu\u021biei private \u0219i s\u0103 fie p\u0103stra\u021bi p\u00e2n\u0103 la identificarea unor investi\u021bii cu impact mai larg \u00een sistemul public de educa\u021bie.<\/p>\n<p class=\"wp-block-paragraph\">La \u0219edin\u021ba de joi, liderul informal al grupului PSD din Consiliul Local, Bogdan Hudi\u021boiu, a propus ca fondurile s\u0103 fie direc\u021bionate c\u0103tre proiecte de modernizare \u00een mai multe unit\u0103\u021bi de \u00eenv\u0103\u021b\u0103m\u00e2nt din municipiu, propunere care a fost aprobat\u0103 de consilieri.<\/p>\n<p class=\"wp-block-paragraph\">Investi\u021biile vizeaz\u0103:<\/p>\n<p class=\"wp-block-paragraph\">-Liceul cu Program Sportiv \u201eIolanda Bala\u0219 Soter\u201d \u2013 construire teren de volei \u0219i amenajare parcare, investi\u021bie estimat\u0103 la 786.000 de lei;<br \/>\u2013 Liceul Agricol \u201eDr. C. Angelescu\u201d \u2013 amenajarea unui teren de sport multifunc\u021bional, \u00een valoare de 722.000 de lei;<br \/>\u2013 Liceul Tehnologic \u201eAlexandru Ioan Cuza\u201d \u2013 teren de sport multifunc\u021bional, investi\u021bie de 378.000 de lei;<br \/>\u2013 \u0218coala Gimnazial\u0103 \u201eEpiscop Dionisie Romano\u201d \u2013 teren de sport multifunc\u021bional, cu o valoare de 116.000 de lei;<br \/>\u2013 Liceul Teoretic \u201eAlexandru Marghiloman\u201d \u2013 amenajarea unor terenuri multifunc\u021bionale pentru fotbal, handbal \u0219i baschet, investi\u021bie de 550.000 de lei;<br \/>\u2013 Gr\u0103dini\u021ba cu Program Prelungit \u201eBoboceii\u201d din Micro 3 \u2013 construire \u0219i amenajare de spa\u021bii exterioare multifunc\u021bionale educative, proiect estimat la 649.000 de lei.<\/p>\n<p class=\"wp-block-paragraph\">Valoarea total\u0103 a investi\u021biilor este de 3.201.000 de lei, sum\u0103 care, potrivit proiectului de hot\u0103r\u00e2re, corespunde fondurilor disponibile la capitolul \u201e\u00cenv\u0103\u021b\u0103m\u00e2nt\u201d din bugetul local.<\/p>\n<p class=\"wp-block-paragraph\">Prin aceast\u0103 redistribuire, banii care urmau s\u0103 finan\u021beze o investi\u021bie la o \u0219coal\u0103 privat\u0103 vor fi utiliza\u021bi pentru proiecte destinate mai multor unit\u0103\u021bi de \u00eenv\u0103\u021b\u0103m\u00e2nt din municipiu \u0219i unui num\u0103r mult mai mare de elevi.<\/p>\n<div class=\"post-bottom-meta post-bottom-tags post-tags-modern\">\n<div class=\"post-bottom-meta-title\"> Etichete<\/div>\n<p><span class=\"tagcloud\"><a href=\"https:\/\/gazetabuzoiana.ro\/tag\/bogdan-huditoiu-2\/\" rel=\"tag\">Bogdan Hudi\u021boiu<\/a><a href=\"https:\/\/gazetabuzoiana.ro\/tag\/buget-local\/\" rel=\"tag\">buget local<\/a><a href=\"https:\/\/gazetabuzoiana.ro\/tag\/buzau-2\/\" rel=\"tag\">Buz\u0103u<\/a><a href=\"https:\/\/gazetabuzoiana.ro\/tag\/consiliul-local-buzau\/\" rel=\"tag\">Consiliul Local Buz\u0103u<\/a><a href=\"https:\/\/gazetabuzoiana.ro\/tag\/educatie\/\" rel=\"tag\">educa\u021bie<\/a><a href=\"https:\/\/gazetabuzoiana.ro\/tag\/invatamant\/\" rel=\"tag\">\u00eenv\u0103\u021b\u0103m\u00e2nt<\/a><a href=\"https:\/\/gazetabuzoiana.ro\/tag\/investitii-in-scoli\/\" rel=\"tag\">investi\u021bii \u00een \u0219coli<\/a><a href=\"https:\/\/gazetabuzoiana.ro\/tag\/primaria-buzau\/\" rel=\"tag\">Prim\u0103ria Buz\u0103u<\/a><a href=\"https:\/\/gazetabuzoiana.ro\/tag\/rectificare-bugetara\/\" rel=\"tag\">rectificare bugetar\u0103<\/a><a href=\"https:\/\/gazetabuzoiana.ro\/tag\/scoli-buzau\/\" rel=\"tag\">\u0219coli Buz\u0103u<\/a><a href=\"https:\/\/gazetabuzoiana.ro\/tag\/spectrum\/\" rel=\"tag\">Spectrum<\/a><a href=\"https:\/\/gazetabuzoiana.ro\/tag\/terenuri-de-sport\/\" rel=\"tag\">terenuri de sport<\/a><\/span><\/div>\n<\/div>\n<p>[analyse_source url=&#8221;https:\/\/gazetabuzoiana.ro\/2026\/07\/30\/peste-32-milioane-de-lei-vor-fi-investiti-in-sase-unitati-de-invatamant-dupa-redistribuirea-fondurilor-retrase-de-la-spectrum\/&#8221;]<\/p>\n","protected":false},"excerpt":{"rendered":"<p>[analyse_image type=&#8221;featured&#8221; src=&#8221;https:\/\/gazetabuzoiana.ro\/wp-content\/uploads\/2026\/06\/spectrum-2.jpg&#8221;] Consiliul Local Municipal Buz\u0103u a aprobat, joi, la prima rectificare bugetar\u0103 din acest an, redistribuirea celor 3,2 milioane de lei care fuseser\u0103 prev\u0103zu\u021bi ini\u021bial pentru o investi\u021bie la \u0219coala privat\u0103 Spectrum. Fondurile vor fi folosite pentru amenajarea unor terenuri de sport \u0219i spa\u021bii educative \u00een \u0219ase unit\u0103\u021bi de \u00eenv\u0103\u021b\u0103m\u00e2nt din municipiu. Suma [&hellip;]<\/p>\n","protected":false},"author":1,"featured_media":0,"comment_status":"open","ping_status":"","sticky":false,"template":"","format":"standard","meta":{"footnotes":""},"categories":[2],"tags":[226,38],"class_list":["post-2070019","post","type-post","status-publish","format-standard","hentry","category-politics","tag-crawlmanager","tag-gazetabuzoiana-ro"],"_links":{"self":[{"href":"https:\/\/analyse.optim.biz\/index.php?rest_route=\/wp\/v2\/posts\/2070019","targetHints":{"allow":["GET"]}}],"collection":[{"href":"https:\/\/analyse.optim.biz\/index.php?rest_route=\/wp\/v2\/posts"}],"about":[{"href":"https:\/\/analyse.optim.biz\/index.php?rest_route=\/wp\/v2\/types\/post"}],"author":[{"embeddable":true,"href":"https:\/\/analyse.optim.biz\/index.php?rest_route=\/wp\/v2\/users\/1"}],"replies":[{"embeddable":true,"href":"https:\/\/analyse.optim.biz\/index.php?rest_route=%2Fwp%2Fv2%2Fcomments&post=2070019"}],"version-history":[{"count":0,"href":"https:\/\/analyse.optim.biz\/index.php?rest_route=\/wp\/v2\/posts\/2070019\/revisions"}],"wp:attachment":[{"href":"https:\/\/analyse.optim.biz\/index.php?rest_route=%2Fwp%2Fv2%2Fmedia&parent=2070019"}],"wp:term":[{"taxonomy":"category","embeddable":true,"href":"https:\/\/analyse.optim.biz\/index.php?rest_route=%2Fwp%2Fv2%2Fcategories&post=2070019"},{"taxonomy":"post_tag","embeddable":true,"href":"https:\/\/analyse.optim.biz\/index.php?rest_route=%2Fwp%2Fv2%2Ftags&post=2070019"}],"curies":[{"name":"wp","href":"https:\/\/api.w.org\/{rel}","templated":true}]}}