{"id":2070016,"date":"2026-07-30T13:21:04","date_gmt":"2026-07-30T10:21:04","guid":{"rendered":"https:\/\/analyse.optim.biz\/?p=2070016"},"modified":"2026-07-30T13:21:04","modified_gmt":"2026-07-30T10:21:04","slug":"vorbiti-la-comisii-nu-in-sedinta-consiliului-local-municipal-de-ce-o-astfel-de-abordare-contrazice-spiritul-administratiei-publice-dar-si-rolul-dezbaterii-publice","status":"publish","type":"post","link":"https:\/\/analyse.optim.biz\/?p=2070016","title":{"rendered":"\u201eVorbi\u021bi la comisii, nu \u00een \u0219edin\u021ba Consiliului Local Municipal\u201d. De ce o astfel de abordare contrazice spiritul administra\u021biei publice, dar \u0219i rolul dezbaterii publice"},"content":{"rendered":"<p>[analyse_image type=&#8221;featured&#8221; src=&#8221;https:\/\/gazetabuzoiana.ro\/wp-content\/uploads\/2026\/06\/721596-palatul-comunal-buzau.jpg&#8221;]<\/p>\n<div class=\"entry-content entry clearfix\">\n<p class=\"wp-block-paragraph\">\u00cen \u0219edin\u021ba de joi a Consiliului Local Municipal Buz\u0103u nu s-a discutat doar despre proiectele aflate pe ordinea de zi. Odat\u0103 cu interven\u021biile unor cet\u0103\u021beni \u0219i reprezentan\u021bi ai societ\u0103\u021bii civile,s-a ridicat \u0219i problema  dac\u0103 ace\u0219tia mai au sau nu loc s\u0103 ia cuv\u00e2ntul \u00een dezbaterile din plen. Este aceea\u0219i viziune pe care unii ale\u0219i locali o sus\u021bin de mai mult timp \u0219i anume c\u0103 cet\u0103\u021benii ar trebui s\u0103 \u00ee\u0219i spun\u0103 punctul de vedere \u00een comisiile de specialitate, nu \u0219i \u00een plenul CLM.<\/p>\n<div class=\"wp-block-image\">\n<figure class=\"alignleft size-full is-resized\"><img loading=\"lazy\" decoding=\"async\" width=\"295\" height=\"300\" src=\"https:\/\/gazetabuzoiana.ro\/wp-content\/uploads\/2026\/07\/Voicu-Ionut-Consilier-295x300-1.jpg\" alt class=\"wp-image-21851\"><\/figure>\n<\/div>\n<p class=\"wp-block-paragraph\">Dup\u0103 dezbaterile pe marginea unor proiecte de hot\u0103r\u00e2re, \u00een cadrul c\u0103rora au luat cuv\u00e2ntul expertul juridic Haritina Crai\u021ba \u0219i Sorin Udrea, pre\u0219edintele Asocia\u021biei pentru Protec\u021bia Animalelor \u201eH\u0103plu\u021b \u0219i Prietenii\u201d, consilierul municipal Ionu\u021b Voicu a sus\u021binut c\u0103 astfel de interven\u021bii ar trebui f\u0103cute \u00een comisiile de specialitate, nu \u00een \u0219edin\u021bele Consiliului Local, motiv\u00e2nd c\u0103 proiectele sunt discutate prea mult.<\/p>\n<p class=\"wp-block-paragraph\">Nu este pentru prima dat\u0103 c\u00e2nd o asemenea pozi\u021bie este exprimat\u0103 de ale\u0219ii municipiului buz\u0103u. De-a lungul timpului, aceea\u0219i idee a fost sus\u021binut\u0103 \u0219i de viceprimarul Oana Gheorghiu, care a afirmat \u00een repetate r\u00e2nduri c\u0103, dac\u0103 proiectele au fost discutate \u00een comisiile de specialitate, nu ar mai exista motive pentru reluarea dezbaterilor \u00een plenul CLM.<\/p>\n<p class=\"wp-block-paragraph\">\u0218i atunci ne \u00eentreb\u0103m, pe bun\u0103 dreptate, care mai este rolul \u0219edin\u021bei publice a Consiliului Local?<\/p>\n<p class=\"wp-block-paragraph\">Comisiile de specialitate au un rol consultativ \u0219i preg\u0103titor, pentru c\u0103 \u00een cadrul lor se analizeaz\u0103 proiectele \u0219i se emit avize, \u00eens\u0103 acolo nu se adopt\u0103 hot\u0103r\u00e2ri. Decizia final\u0103 apar\u021bine \u00eentregului plenului CLM, iar aceasta este luat\u0103 exclusiv \u00een \u0219edin\u021ba public\u0103.<\/p>\n<p class=\"wp-block-paragraph\">Mai mult, nu to\u021bi consilierii fac parte din aceea\u0219i comisie. Un cet\u0103\u021bean care \u00ee\u0219i prezint\u0103 argumentele doar \u00een fa\u021ba a trei sau patru consilieri nu are nicio garan\u021bie c\u0103 observa\u021biile sale vor fi prezentate complet \u0219i fidel tuturor celor care urmeaz\u0103 s\u0103 voteze proiectul aflat \u00een discu\u021bie, contestat de cet\u0103\u021bean.<\/p>\n<p class=\"wp-block-paragraph\">Tocmai de aceea, Codul Administrativ prevede posibilitatea ca persoanele interesate s\u0103 participe la \u0219edin\u021bele Consiliului Local \u0219i s\u0103 ia cuv\u00e2ntul, \u00een condi\u021biile regulamentului de organizare \u0219i func\u021bionare al autorit\u0103\u021bii. Legiuitorul a \u00een\u021beles c\u0103 dezbaterea public\u0103 trebuie s\u0103 aib\u0103 loc \u00een fa\u021ba tuturor celor care voteaz\u0103, nu doar \u00eentr-o etap\u0103 preg\u0103titoare.<\/p>\n<p class=\"wp-block-paragraph\">\u00cen acest context, solicitarea ca cet\u0103\u021benii s\u0103 se limiteze la comisiile de specialitate este \u00eempotriva principiilor transparen\u021bei decizionale \u0219i ale particip\u0103rii publice. O administra\u021bie deschis\u0103 nu \u00eenseamn\u0103 doar adoptarea proiectelor, ci \u0219i ascultarea argumentelor cet\u0103\u021benilor, nu doar ale ale\u0219ilor, \u00eenainte de vot. Pentru c\u0103 \u0219edin\u021ba plenului nu este un simplu moment \u00een care consilierii ridic\u0103 m\u00e2na pentru sau \u00eempotriva unui proiect. Ea reprezint\u0103 spa\u021biul public \u00een care fiecare ales local trebuie s\u0103 aud\u0103 direct argumentele, criticile \u0219i propunerile formulate de cet\u0103\u021beni \u0219i de reprezentan\u021bii societ\u0103\u021bii civile.<\/p>\n<p class=\"wp-block-paragraph\">\u00cen fond, tocmai acesta este unul dintre motivele pentru care \u0219edin\u021bele sunt publice.<\/p>\n<p class=\"wp-block-paragraph\">Este firesc ca dezbaterile s\u0103 prelungeasc\u0103 durata unei \u0219edin\u021be. Mai pu\u021bin firesc ar fi ca, din dorin\u021ba de a economisi timp, s\u0103 fie limitat\u0103 participarea celor afecta\u021bi direct de hot\u0103r\u00e2rile care urmeaz\u0103 s\u0103 fie adoptate.<\/p>\n<p class=\"wp-block-paragraph\">Consilierii locali au fost ale\u0219i pentru a reprezenta comunitatea, iar reprezentarea presupune \u0219i disponibilitatea de a asculta comunitatea, chiar \u0219i atunci c\u00e2nd opiniile exprimate sunt incomode sau critice.<\/p>\n<p class=\"wp-block-paragraph\">\u00centr-o democra\u021bie local\u0103 autentic\u0103, dezbaterea nu este o piedic\u0103, u deranj, ci una dintre condi\u021biile unei decizii bine fundamentate. Iar atunci c\u00e2nd un ales local consider\u0103 c\u0103 interven\u021biile cet\u0103\u021benilor sunt prea multe sau prea lungi, problema nu este existen\u021ba dezbaterii, ci modul \u00een care \u0219i-a \u00een\u021beles rolul pe care \u00eel are un Consiliu Local \u00eentr-o administra\u021bie transparent\u0103 \u0219i responsabil\u0103.<\/p>\n<div class=\"post-bottom-meta post-bottom-tags post-tags-modern\">\n<div class=\"post-bottom-meta-title\"> Etichete<\/div>\n<p><span class=\"tagcloud\"><a href=\"https:\/\/gazetabuzoiana.ro\/tag\/administratie-publica\/\" rel=\"tag\">administra\u021bie public\u0103<\/a><a href=\"https:\/\/gazetabuzoiana.ro\/tag\/alesi-locali\/\" rel=\"tag\">ale\u0219i locali<\/a><a href=\"https:\/\/gazetabuzoiana.ro\/tag\/buzau-2\/\" rel=\"tag\">Buz\u0103u<\/a><a href=\"https:\/\/gazetabuzoiana.ro\/tag\/clm-buzau-2\/\" rel=\"tag\">CLM BUz\u0103u<\/a><a href=\"https:\/\/gazetabuzoiana.ro\/tag\/codul-administrativ\/\" rel=\"tag\">Codul administrativ<\/a><a href=\"https:\/\/gazetabuzoiana.ro\/tag\/comisii-de-specialitate\/\" rel=\"tag\">comisii de specialitate<\/a><a href=\"https:\/\/gazetabuzoiana.ro\/tag\/consiliul-local-municipal-buzau\/\" rel=\"tag\">Consiliul Local Municipal Buz\u0103u<\/a><a href=\"https:\/\/gazetabuzoiana.ro\/tag\/dezbatere-publica\/\" rel=\"tag\">dezbatere public\u0103<\/a><a href=\"https:\/\/gazetabuzoiana.ro\/tag\/dreptul-cetatenilor\/\" rel=\"tag\">dreptul cet\u0103\u021benilor<\/a><a href=\"https:\/\/gazetabuzoiana.ro\/tag\/haritina-craita-3\/\" rel=\"tag\">Haritina Crai\u021ba<\/a><a href=\"https:\/\/gazetabuzoiana.ro\/tag\/ionut-voicu-2\/\" rel=\"tag\">Ionu\u021b Voicu<\/a><a href=\"https:\/\/gazetabuzoiana.ro\/tag\/oana-matache\/\" rel=\"tag\">oana matache<\/a><a href=\"https:\/\/gazetabuzoiana.ro\/tag\/oug-57-2019\/\" rel=\"tag\">OUG 57\/2019<\/a><a href=\"https:\/\/gazetabuzoiana.ro\/tag\/participare-publica\/\" rel=\"tag\">participare public\u0103<\/a><a href=\"https:\/\/gazetabuzoiana.ro\/tag\/proiecte-de-hotarare-2\/\" rel=\"tag\">proiecte de hot\u0103r\u00e2re<\/a><a href=\"https:\/\/gazetabuzoiana.ro\/tag\/sedinta-clm-buzau\/\" rel=\"tag\">\u0219edin\u021b\u0103 CLM Buz\u0103u<\/a><a href=\"https:\/\/gazetabuzoiana.ro\/tag\/sorin-udrea\/\" rel=\"tag\">Sorin Udrea<\/a><a href=\"https:\/\/gazetabuzoiana.ro\/tag\/transparenta-decizionala-2\/\" rel=\"tag\">transparen\u021b\u0103 decizional\u0103<\/a><\/span><\/div>\n<\/div>\n<p>[analyse_source url=&#8221;https:\/\/gazetabuzoiana.ro\/2026\/07\/30\/vorbiti-la-comisii-nu-in-sedinta-consiliului-local-municipal-de-ce-o-astfel-de-abordare-contrazice-spiritul-administratiei-publice-dar-si-rolul-dezbaterii-publice\/&#8221;]<\/p>\n","protected":false},"excerpt":{"rendered":"<p>[analyse_image type=&#8221;featured&#8221; src=&#8221;https:\/\/gazetabuzoiana.ro\/wp-content\/uploads\/2026\/06\/721596-palatul-comunal-buzau.jpg&#8221;] \u00cen \u0219edin\u021ba de joi a Consiliului Local Municipal Buz\u0103u nu s-a discutat doar despre proiectele aflate pe ordinea de zi. Odat\u0103 cu interven\u021biile unor cet\u0103\u021beni \u0219i reprezentan\u021bi ai societ\u0103\u021bii civile,s-a ridicat \u0219i problema dac\u0103 ace\u0219tia mai au sau nu loc s\u0103 ia cuv\u00e2ntul \u00een dezbaterile din plen. Este aceea\u0219i viziune pe care [&hellip;]<\/p>\n","protected":false},"author":1,"featured_media":0,"comment_status":"open","ping_status":"","sticky":false,"template":"","format":"standard","meta":{"footnotes":""},"categories":[2],"tags":[226,38],"class_list":["post-2070016","post","type-post","status-publish","format-standard","hentry","category-politics","tag-crawlmanager","tag-gazetabuzoiana-ro"],"_links":{"self":[{"href":"https:\/\/analyse.optim.biz\/index.php?rest_route=\/wp\/v2\/posts\/2070016","targetHints":{"allow":["GET"]}}],"collection":[{"href":"https:\/\/analyse.optim.biz\/index.php?rest_route=\/wp\/v2\/posts"}],"about":[{"href":"https:\/\/analyse.optim.biz\/index.php?rest_route=\/wp\/v2\/types\/post"}],"author":[{"embeddable":true,"href":"https:\/\/analyse.optim.biz\/index.php?rest_route=\/wp\/v2\/users\/1"}],"replies":[{"embeddable":true,"href":"https:\/\/analyse.optim.biz\/index.php?rest_route=%2Fwp%2Fv2%2Fcomments&post=2070016"}],"version-history":[{"count":0,"href":"https:\/\/analyse.optim.biz\/index.php?rest_route=\/wp\/v2\/posts\/2070016\/revisions"}],"wp:attachment":[{"href":"https:\/\/analyse.optim.biz\/index.php?rest_route=%2Fwp%2Fv2%2Fmedia&parent=2070016"}],"wp:term":[{"taxonomy":"category","embeddable":true,"href":"https:\/\/analyse.optim.biz\/index.php?rest_route=%2Fwp%2Fv2%2Fcategories&post=2070016"},{"taxonomy":"post_tag","embeddable":true,"href":"https:\/\/analyse.optim.biz\/index.php?rest_route=%2Fwp%2Fv2%2Ftags&post=2070016"}],"curies":[{"name":"wp","href":"https:\/\/api.w.org\/{rel}","templated":true}]}}