{"id":2070013,"date":"2026-07-30T11:47:53","date_gmt":"2026-07-30T08:47:53","guid":{"rendered":"https:\/\/analyse.optim.biz\/?p=2070013"},"modified":"2026-07-30T11:47:53","modified_gmt":"2026-07-30T08:47:53","slug":"tensiuni-in-clm-buzau-pe-proiectul-bloomberg-haritina-craita-a-cerut-protejarea-crangului-si-a-parcului-marghiloman-consilierul-dragos-giurgea-ce-vreti-doamna-sa-ne-manance-serpii","status":"publish","type":"post","link":"https:\/\/analyse.optim.biz\/?p=2070013","title":{"rendered":"TENSIUNI \u00een CLM Buz\u0103u pe proiectul Bloomberg | Haritina Cr\u0103i\u021b\u0103 a cerut protejarea Cr\u00e2ngului \u0219i a Parcului Marghiloman. Consilierul Drago\u0219 Giurgea: \u201eCe vre\u021bi, doamn\u0103, s\u0103 ne m\u0103n\u00e2nce \u0219erpii?\u201d"},"content":{"rendered":"<p>[analyse_image type=&#8221;featured&#8221; src=&#8221;https:\/\/gazetabuzoiana.ro\/wp-content\/uploads\/2026\/07\/haritina.jpeg&#8221;]<\/p>\n<div class=\"entry-content entry clearfix\">\n<p class=\"wp-block-paragraph\">\u0218edin\u021ba de joi a Consiliului Local Municipal Buz\u0103u, \u00een care a fost dezb\u0103tut proiectul privind participarea municipiului \u00een programul <em>\u201eYouth Climate Action Fund\u201d<\/em>, finan\u021bat de Bloomberg Philanthropies, a fost marcat\u0103 de un schimb de replici \u00eentre expertul judiciar Haritina Cr\u0103i\u021b\u0103, reprezentan\u021bii Executivului \u0219i unii consilieri municipali.<\/p>\n<p class=\"wp-block-paragraph\">Invitat\u0103 s\u0103 \u00ee\u0219i prezinte observa\u021biile,  Haritina Cr\u0103i\u021b\u0103 a sus\u021binut mai multe amendamente prin care a solicitat introducerea unor garan\u021bii explicite privind protejarea P\u0103durii Cr\u00e2ng \u0219i a Parcului Dendrologic Alexandru Marghiloman.<\/p>\n<p class=\"wp-block-paragraph\">Ea a cerut ca proiectele ce vor putea fi finan\u021bate prin program s\u0103 nu poat\u0103 fi implementate pe suprafe\u021bele acestor arii \u0219i s\u0103 fie interzise orice interven\u021bii care ar putea afecta biodiversitatea.<\/p>\n<p class=\"wp-block-paragraph\"><em><mark class=\"has-inline-color has-vivid-red-color\">\u201eInsist s\u0103 fie introdus acest amendament. Vreau s\u0103 fie foarte clar c\u0103 nu ne putem atinge cu niciun fel de proiect de Parcul Cr\u00e2ng \u0219i de Parcul Marghiloman\u201d<\/mark><\/em>, a declarat Haritina Cr\u0103i\u021b\u0103.<\/p>\n<p class=\"wp-block-paragraph\">\u00cen interven\u021bia sa, aceasta a reluat \u0219i criticile privind modul \u00een care este administrat\u0103 P\u0103durea Cr\u00e2ng, afirm\u00e2nd c\u0103 hot\u0103r\u00e2rile judec\u0103tore\u0219ti privind regimul de protec\u021bie al acesteia nu sunt respectate \u0219i c\u0103 amenajamentul silvic nu a fost modificat nici p\u00e2n\u0103 \u00een prezent.<\/p>\n<figure class=\"wp-block-image size-large\"><img loading=\"lazy\" decoding=\"async\" width=\"1024\" height=\"585\" src=\"https:\/\/gazetabuzoiana.ro\/wp-content\/uploads\/2026\/07\/giurgea-1024x585.jpeg\" alt class=\"wp-image-21846\"><\/figure>\n<p class=\"wp-block-paragraph\">Momentul a fost \u00eentrerupt de interven\u021bia consilierului municipal Drago\u0219 Giurgea, care i s-a adresat Haritinei Cr\u0103i\u021b\u0103 din sal\u0103:<\/p>\n<p class=\"wp-block-paragraph\"><strong><mark class=\"has-inline-color has-vivid-red-color\">\u201eDar ce vre\u021bi, doamn\u0103, s\u0103 ne m\u0103n\u00e2nce \u0219erpii \u0219i b\u0103l\u0103riile, \u00een Cr\u00e2ng?\u201d<\/mark><\/strong><\/p>\n<p class=\"wp-block-paragraph\">Cr\u0103i\u021b\u0103 i-a r\u0103spuns imediat:<\/p>\n<p class=\"wp-block-paragraph\"><strong><mark class=\"has-inline-color has-vivid-red-color\">\u201eCare \u0219erpi, domnule? P\u0103durea e p\u0103dure.\u201d<\/mark><\/strong><\/p>\n<p class=\"wp-block-paragraph\">Aleg\u00e2nd o astfel de abordare \u00een locul unui dialog pe marginea amendamentelor propuse de Cr\u0103i\u021b\u0103, Drago\u0219 Giurgea a mutat discu\u021bia \u00eentr-un registru care nu \u00ee\u0219i avea locul \u00eentr-o \u0219edin\u021b\u0103 a CLM.<\/p>\n<p class=\"wp-block-paragraph\">Schimbul de replici a st\u00e2rnit reac\u021bii \u00een sala de \u0219edin\u021b\u0103, iar pre\u0219edintele de \u0219edin\u021b\u0103 a intervenit pentru continuarea dezbaterilor.<\/p>\n<h1 class=\"wp-block-heading\">Discu\u021bie aprins\u0103 cu viceprimarul Ionu\u021b Apostu<\/h1>\n<figure class=\"wp-block-image size-large\"><img decoding=\"async\" loading=\"lazy\" width=\"1024\" height=\"577\" src=\"https:\/\/gazetabuzoiana.ro\/wp-content\/uploads\/2026\/07\/apostu-1024x577.jpeg\" alt class=\"wp-image-21845\"><\/figure>\n<p class=\"wp-block-paragraph\">\u00cen timpul interven\u021biei, Haritina Cr\u0103i\u021b\u0103 a avut un schimb de replici \u0219i cu viceprimarul Ionu\u021b Apostu, pe tema m\u0103surilor privind P\u0103durea Cr\u00e2ng \u0219i a efectelor proceselor c\u00e2\u0219tigate \u00een instan\u021b\u0103. Aceasta a respins afirma\u021biile potrivit c\u0103rora ac\u021biunile sale \u00een instan\u021b\u0103 ar fi blocat interven\u021biile necesare \u00een p\u0103dure \u0219i a sus\u021binut c\u0103 demersurile sale au urm\u0103rit exclusiv instituirea unor m\u0103suri de protec\u021bie \u0219i respectarea regimului de rezerva\u021bie natural\u0103.<\/p>\n<p class=\"wp-block-paragraph\"><strong><mark class=\"has-inline-color has-vivid-red-color\">\u201eProcesul meu pentru Cr\u00e2ng a vizat cu totul altceva: protejarea Cr\u00e2ngului \u0219i instituirea zonelor de protec\u021bie strict\u0103\u201d<\/mark><\/strong>, a afirmat aceasta.<\/p>\n<p class=\"wp-block-paragraph\">Ulterior, viceprimarul Ionu\u021b Apostu a precizat c\u0103 amendamentul privind protejarea spa\u021biilor verzi nu a fost preluat deoarece, \u00een opinia executivului, finan\u021barea Bloomberg este destinat\u0103 exclusiv unor proiecte de mici dimensiuni.<\/p>\n<p class=\"wp-block-paragraph\"><strong><mark class=\"has-inline-color has-vivid-red-color\">\u201eFinan\u021barea prin Fondul pentru Ac\u021biune Climatic\u0103 a Tinerilor este destinat\u0103 unor proiecte locale de mici dimensiuni, cu caracter educa\u021bional, comunitar \u0219i de implicare civic\u0103 a tinerilor, nu unor interven\u021bii care presupun transformarea terenurilor, decopert\u0103ri sau lucr\u0103ri cu impact asupra ariilor naturale ori spa\u021biilor verzi\u201d<\/mark><\/strong>, a declarat viceprimarul.<\/p>\n<p class=\"wp-block-paragraph\">De\u0219i propunerile sale nu au fost preluate \u00een forma solicitat\u0103, Haritina Cr\u0103i\u021b\u0103 \u0219i-a sus\u021binut p\u00e2n\u0103 la cap\u0103t punctul de vedere \u00een fa\u021ba Consiliului Local, \u00een pofida schimburilor de replici \u0219i a interven\u021biilor care i-au \u00eentrerupt discursul. Prezen\u021ba sa a transformat o \u0219edin\u021b\u0103 ce p\u0103rea una de rutin\u0103 \u00eentr-o dezbatere pe fondul proiectului \u0219i asupra modului \u00een care acesta urmeaz\u0103 s\u0103 fie implementat.<\/p>\n<p class=\"wp-block-paragraph\">\u00cen final, proiectul de hot\u0103r\u00e2re privind participarea Municipiului Buz\u0103u \u00een programul <em>Youth Climate Action Fund<\/em> a fost supus votului CLM \u0219i a fost aprobat.<\/p>\n<div class=\"post-bottom-meta post-bottom-tags post-tags-modern\">\n<div class=\"post-bottom-meta-title\"> Etichete<\/div>\n<p><span class=\"tagcloud\"><a href=\"https:\/\/gazetabuzoiana.ro\/tag\/amendamente\/\" rel=\"tag\">amendamente<\/a><a href=\"https:\/\/gazetabuzoiana.ro\/tag\/bloomberg-philanthropies\/\" rel=\"tag\">Bloomberg Philanthropies<\/a><a href=\"https:\/\/gazetabuzoiana.ro\/tag\/clm-buzau-2\/\" rel=\"tag\">CLM BUz\u0103u<\/a><a href=\"https:\/\/gazetabuzoiana.ro\/tag\/consiliul-local-buzau\/\" rel=\"tag\">Consiliul Local Buz\u0103u<\/a><a href=\"https:\/\/gazetabuzoiana.ro\/tag\/dragos-giurgea-2\/\" rel=\"tag\">Drago\u0219 Giurgea<\/a><a href=\"https:\/\/gazetabuzoiana.ro\/tag\/haritina-craita-2\/\" rel=\"tag\">Haritina Cr\u0103i\u021b\u0103<\/a><a href=\"https:\/\/gazetabuzoiana.ro\/tag\/ionut-apostu\/\" rel=\"tag\">Ionu\u021b Apostu<\/a><a href=\"https:\/\/gazetabuzoiana.ro\/tag\/padurea-crang-2\/\" rel=\"tag\">P\u0103durea Cr\u00e2ng<\/a><a href=\"https:\/\/gazetabuzoiana.ro\/tag\/parcul-marghiloman\/\" rel=\"tag\">Parcul Marghiloman<\/a><a href=\"https:\/\/gazetabuzoiana.ro\/tag\/primaria-buzau\/\" rel=\"tag\">Prim\u0103ria Buz\u0103u<\/a><a href=\"https:\/\/gazetabuzoiana.ro\/tag\/protectia-mediului\/\" rel=\"tag\">protec\u021bia mediului<\/a><a href=\"https:\/\/gazetabuzoiana.ro\/tag\/sedinta-clm-2\/\" rel=\"tag\">\u0219edin\u021b\u0103 CLM<\/a><a href=\"https:\/\/gazetabuzoiana.ro\/tag\/youth-climate-action-fund\/\" rel=\"tag\">Youth Climate Action Fund<\/a><\/span><\/div>\n<\/div>\n<p>[analyse_source url=&#8221;https:\/\/gazetabuzoiana.ro\/2026\/07\/30\/tensiuni-in-clm-buzau-pe-proiectul-bloomberg-haritina-craita-a-cerut-protejarea-crangului-si-a-parcului-marghiloman-consilierul-dragos-giurgea-ce-vreti-doamna-sa-ne-manance-serpii\/&#8221;]<\/p>\n","protected":false},"excerpt":{"rendered":"<p>[analyse_image type=&#8221;featured&#8221; src=&#8221;https:\/\/gazetabuzoiana.ro\/wp-content\/uploads\/2026\/07\/haritina.jpeg&#8221;] \u0218edin\u021ba de joi a Consiliului Local Municipal Buz\u0103u, \u00een care a fost dezb\u0103tut proiectul privind participarea municipiului \u00een programul \u201eYouth Climate Action Fund\u201d, finan\u021bat de Bloomberg Philanthropies, a fost marcat\u0103 de un schimb de replici \u00eentre expertul judiciar Haritina Cr\u0103i\u021b\u0103, reprezentan\u021bii Executivului \u0219i unii consilieri municipali. Invitat\u0103 s\u0103 \u00ee\u0219i prezinte observa\u021biile, Haritina [&hellip;]<\/p>\n","protected":false},"author":1,"featured_media":0,"comment_status":"open","ping_status":"","sticky":false,"template":"","format":"standard","meta":{"footnotes":""},"categories":[2],"tags":[226,38],"class_list":["post-2070013","post","type-post","status-publish","format-standard","hentry","category-politics","tag-crawlmanager","tag-gazetabuzoiana-ro"],"_links":{"self":[{"href":"https:\/\/analyse.optim.biz\/index.php?rest_route=\/wp\/v2\/posts\/2070013","targetHints":{"allow":["GET"]}}],"collection":[{"href":"https:\/\/analyse.optim.biz\/index.php?rest_route=\/wp\/v2\/posts"}],"about":[{"href":"https:\/\/analyse.optim.biz\/index.php?rest_route=\/wp\/v2\/types\/post"}],"author":[{"embeddable":true,"href":"https:\/\/analyse.optim.biz\/index.php?rest_route=\/wp\/v2\/users\/1"}],"replies":[{"embeddable":true,"href":"https:\/\/analyse.optim.biz\/index.php?rest_route=%2Fwp%2Fv2%2Fcomments&post=2070013"}],"version-history":[{"count":0,"href":"https:\/\/analyse.optim.biz\/index.php?rest_route=\/wp\/v2\/posts\/2070013\/revisions"}],"wp:attachment":[{"href":"https:\/\/analyse.optim.biz\/index.php?rest_route=%2Fwp%2Fv2%2Fmedia&parent=2070013"}],"wp:term":[{"taxonomy":"category","embeddable":true,"href":"https:\/\/analyse.optim.biz\/index.php?rest_route=%2Fwp%2Fv2%2Fcategories&post=2070013"},{"taxonomy":"post_tag","embeddable":true,"href":"https:\/\/analyse.optim.biz\/index.php?rest_route=%2Fwp%2Fv2%2Ftags&post=2070013"}],"curies":[{"name":"wp","href":"https:\/\/api.w.org\/{rel}","templated":true}]}}