{"id":2070011,"date":"2026-07-30T11:13:27","date_gmt":"2026-07-30T08:13:27","guid":{"rendered":"https:\/\/analyse.optim.biz\/?p=2070011"},"modified":"2026-07-30T11:13:27","modified_gmt":"2026-07-30T08:13:27","slug":"dupa-luni-de-blocaj-clm-buzau-aproba-noul-serviciu-pentru-cainii-fara-stapan-asociatia-care-a-castigat-primul-proces-anunta-o-noua-actiune-in-instanta","status":"publish","type":"post","link":"https:\/\/analyse.optim.biz\/?p=2070011","title":{"rendered":"Dup\u0103 luni de blocaj, CLM Buz\u0103u aprob\u0103 noul serviciu pentru c\u00e2inii f\u0103r\u0103 st\u0103p\u00e2n. Asocia\u021bia care a c\u00e2\u0219tigat primul proces anun\u021b\u0103 o nou\u0103 ac\u021biune \u00een instan\u021b\u0103"},"content":{"rendered":"<p>[analyse_image type=&#8221;featured&#8221; src=&#8221;https:\/\/gazetabuzoiana.ro\/wp-content\/uploads\/2026\/07\/sedinta-CLM-iunie-2026.jpg&#8221;]<\/p>\n<div class=\"entry-content entry clearfix\">\n<p class=\"wp-block-paragraph\">Consiliul Local Municipal Buz\u0103u a aprobat joi, cu 15 voturi pentru \u0219i 6 \u00eempotriv\u0103, proiectul de hot\u0103r\u00e2re privind \u00eenfiin\u021barea noului <em>Serviciu pentru gestionarea c\u00e2inilor f\u0103r\u0103 st\u0103p\u00e2n<\/em>. Hot\u0103r\u00e2rea vine dup\u0103 luni \u00eentregi \u00een care municipiul a r\u0103mas f\u0103r\u0103 un serviciu func\u021bional de capturare a c\u00e2inilor, \u00een urma anul\u0103rii definitive, de c\u0103tre Curtea de Apel Ploie\u0219ti, a vechii hot\u0103r\u00e2ri prin care acesta fusese \u00eenfiin\u021bat.<\/p>\n<p class=\"wp-block-paragraph\">Blocajul a alimentat nemul\u021bumirile locuitorilor, pe fondul numeroaselor sesiz\u0103ri privind prezen\u021ba c\u00e2inilor f\u0103r\u0103 st\u0103p\u00e2n pe str\u0103zile municipiului. Administra\u021bia local\u0103 a pus situa\u021bia pe seama ac\u021biunilor \u00een instan\u021b\u0103 formulate de organiza\u021biile pentru protec\u021bia animalelor. Acestea sus\u021bin \u00eens\u0103 c\u0103 responsabilitatea apar\u021bine Prim\u0103riei, care a insistat s\u0103 promoveze proiecte pe care le consider\u0103 neconforme cu legea.<\/p>\n<p class=\"wp-block-paragraph\">Acela\u0219i conflict s-a v\u0103zut \u0219i \u00een \u0219edin\u021ba de joi, \u00eenainte de votul consilierilor.<\/p>\n<h1 class=\"wp-block-heading\">Sorin Udrea: \u201eFelicit\u0103ri, domnule primar!\u201d<\/h1>\n<p class=\"wp-block-paragraph\">\u00cen cele trei minute acordate pentru luarea de cuv\u00e2nt, pre\u0219edintele unei asocia\u021bii de protec\u021bie a animalelor, Sorin Udrea, \u0219i-a \u00eenceput interven\u021bia cu un mesaj ironic adresat primarului Constantin Toma.<\/p>\n<p class=\"wp-block-paragraph\">Acesta l-a \u201efelicitat\u201d pe edil pentru faptul c\u0103 nu \u0219i-a mai asumat ini\u021bierea proiectului de hot\u0103r\u00e2re, apreciind c\u0103 a preferat s\u0103 lase documentul \u00een responsabilitatea Consiliului Local Municipal:<\/p>\n<p class=\"wp-block-paragraph\"><strong><mark class=\"has-inline-color has-vivid-red-color\">\u201e\u00cen primul r\u00e2nd doresc s\u0103-l fericit pe domnul primar care \u00een calitatea d\u00e2nsului de \u0219ef al serviciului public. Nu a ini\u021biat proiectul, l\u0103s\u00e2nd vina penal\u0103 pe consilierii care vor aproba o \u00eenc\u0103lcare a legii. Da, v\u0103 fericit! \u00cen al doilea r\u00e2nd, am expus at\u00e2t \u00een \u0219edin\u021ba trecut\u0103 c\u00e2t \u0219i \u00een memoriu pe care vi l-am trimis, modul \u00een care se \u00eencearc\u0103 din nou \u00eenc\u0103lcarea legii, adic\u0103 o atribuire \u00een continuare c\u0103tre societatea <em>Ursbis Serv SRL<\/em> care nu are care nu are competen\u021b\u0103 \u00een acest sens.\u201d<\/mark><\/strong><\/p>\n<p class=\"wp-block-paragraph\">Potrivit lui Udrea, aceast\u0103 schimbare reprezint\u0103 o \u00eencercare de evitare a r\u0103spunderii juridice, \u00een condi\u021biile \u00een care asocia\u021bia pe care o reprezint\u0103 va ataca \u0219i aceast\u0103 hot\u0103r\u00e2re \u00een instan\u021b\u0103.<\/p>\n<h1 class=\"wp-block-heading\">Critici privind legalitatea proiectului<\/h1>\n<p class=\"wp-block-paragraph\">\u00cen interven\u021bia sa, Udrea a sus\u021binut c\u0103 noul regulament p\u0103streaz\u0103 prevederi pe care le consider\u0103 contrare legisla\u021biei.<\/p>\n<p class=\"wp-block-paragraph\">Acesta a afirmat c\u0103 administra\u021bia continu\u0103 s\u0103 trateze fenomenul aproape exclusiv prin capturarea c\u00e2inilor, f\u0103r\u0103 m\u0103suri eficiente privind sterilizarea, prevenirea abandonului \u0219i promovarea adop\u021biilor.<\/p>\n<p class=\"wp-block-paragraph\">Un alt punct criticat a fost indicatorul de performan\u021b\u0103 introdus \u00een caietul de sarcini.<\/p>\n<p class=\"wp-block-paragraph\">Udrea a sus\u021binut c\u0103 documenta\u021bia oblig\u0103 viitorul concesionar s\u0103 captureze un num\u0103r minim de c\u00e2ini anual \u0219i a cerut explica\u021bii privind fundamentarea acestei cifre, \u00een condi\u021biile \u00een care statisticile prezentate chiar de Prim\u0103rie indic\u0103, \u00een anii anteriori, \u00eentre 250 \u0219i 750 de c\u00e2ini captura\u021bi anual.<\/p>\n<p class=\"wp-block-paragraph\">Totodat\u0103, acesta a sus\u021binut c\u0103 proiectul nu respect\u0103 prevederile articolului 2 alineatul (4) din OUG nr. 155\/2001 privind obliga\u021biile concesionarului.<\/p>\n<h1 class=\"wp-block-heading\">Viceprimarul Apostu l-a \u00eentrerupt \u00een repetate r\u00e2nduri<\/h1>\n<p class=\"wp-block-paragraph\">Discursul lui Sorin Udrea a fost \u00eentrerupt \u00een mod repetat de viceprimarul Ionu\u021b Apostu, care l-a acuzat c\u0103 face afirma\u021bii false \u0219i i-a cerut s\u0103 indice exact textele din documenta\u021bie la care face referire.<\/p>\n<p class=\"wp-block-paragraph\">Unul dintre momentele tensionate ale dezbaterii a vizat indicatorul de performan\u021b\u0103 privind num\u0103rul de c\u00e2ini care ar urma s\u0103 fie captura\u021bi anual. Sorin Udrea a afirmat ini\u021bial c\u0103 proiectul prevede capturarea a minimum 1.000 de c\u00e2ini, afirma\u021bie contestat\u0103 imediat de viceprimarul Ionu\u021b Apostu. Pentru a l\u0103muri disputa, reprezentantul asocia\u021biei a citit din caietul de sarcini, unde este prev\u0103zut un prag de 800 de c\u00e2ini pe an. Dup\u0103 clarificarea acestui aspect, Udrea \u0219i-a continuat expunerea, \u00eentreb\u00e2nd administra\u021bia cum a fost stabilit acest indicator, \u00een condi\u021biile \u00een care statisticile din ultimii ani indic\u0103 un num\u0103r anual de capturi cuprins \u00eentre aproximativ 250 \u0219i 750 de c\u00e2ini.<\/p>\n<p class=\"wp-block-paragraph\">Ulterior, Apostu a respins criticile formulate de reprezentantul asocia\u021biei.<\/p>\n<p class=\"wp-block-paragraph\"><strong><mark class=\"has-inline-color has-vivid-red-color\">\u201eCred c\u0103 am ajuns la stadiul de satura\u021bie ca aceste minciuni lansate de domnul Udrea \u00een spa\u021biul public s\u0103 provoace un blocaj complet \u00een privin\u021ba c\u00e2inilor f\u0103r\u0103 st\u0103p\u00e2n din municipiul Buz\u0103u\u201d<\/mark><\/strong>, a declarat viceprimarul.<\/p>\n<p class=\"wp-block-paragraph\">Acesta a sus\u021binut \u00een continuare c\u0103 noul regulament respect\u0103 legisla\u021bia \u0219i c\u0103 serviciul nu este destinat unei societ\u0103\u021bi comerciale anume.<\/p>\n<p class=\"wp-block-paragraph\"><strong><mark class=\"has-inline-color has-vivid-red-color\">\u201eVa avea loc o licita\u021bie la care poate participa oricine se \u00eencadreaz\u0103 \u00een caietul de sarcini. V\u0103 mul\u021bumesc, v\u0103 rog s\u0103 vot\u0103m proiectul de hot\u0103r\u00e2re\u201d,<\/mark><\/strong> le-a transmis Apostu consilierilor locali.<\/p>\n<h1 class=\"wp-block-heading\">Cine poart\u0103 responsabilitatea pentru blocaj?<\/h1>\n<p class=\"wp-block-paragraph\">Principala disput\u0103 r\u0103m\u00e2ne cine este responsabil pentru blocajul serviciului de gestionare a c\u00e2inilor f\u0103r\u0103 st\u0103p\u00e2n din ultimele luni.<\/p>\n<p class=\"wp-block-paragraph\">Administra\u021bia local\u0103 sus\u021bine c\u0103 blocajul este rezultatul contesta\u021biilor ini\u021biate de organiza\u021biile pentru protec\u021bia animalelor.<\/p>\n<p class=\"wp-block-paragraph\">Reprezentan\u021bii acestora afirm\u0103 \u00eens\u0103 c\u0103 acestea au fost generate chiar de modul \u00een care Prim\u0103ria a ales s\u0103 organizeze serviciul. Ei invoc\u0103 faptul c\u0103 vechea hot\u0103r\u00e2re a fost anulat\u0103 definitiv de Curtea de Apel Ploie\u0219ti, iar prima variant\u0103 a noului proiect a fost retras\u0103 dup\u0103 argumentele privind nelegalitatea sa. \u00cen opinia acestora, dac\u0103 administra\u021bia ar fi promovat de la \u00eenceput o hot\u0103r\u00e2re conform\u0103 cu legea, serviciul nu ar fi ajuns \u00een aceast\u0103 situa\u021bie de blocaj.<\/p>\n<p class=\"wp-block-paragraph\">\u00cen plus, organiza\u021biile contest\u0103 faptul c\u0103 noul regulament pune accentul pe capturarea c\u00e2inilor, \u00een timp ce m\u0103surile de preven\u021bie, adic\u0103 sterilizarea, combaterea abandonului \u0219i promovarea adop\u021biilor, care r\u0103m\u00e2n, \u00een opinia lor, insuficient dezvoltate.<\/p>\n<h1 class=\"wp-block-heading\">Conflictul continu\u0103 \u00een instan\u021b\u0103<\/h1>\n<p class=\"wp-block-paragraph\">Hot\u0103r\u00e2rea a fost adoptat\u0103 cu 15 voturi pentru \u0219i 6 \u00eempotriv\u0103, \u00eens\u0103 disputa este departe de a se \u00eencheia.<\/p>\n<p class=\"wp-block-paragraph\">Sorin Udrea a anun\u021bat \u00een plenul Consiliului Local c\u0103 noul act administrativ va fi atacat \u00een instan\u021b\u0103, la fel ca hot\u0103r\u00e2rea anterioar\u0103, anulat\u0103 definitiv de Curtea de Apel Ploie\u0219ti.<\/p>\n<p class=\"wp-block-paragraph\">Votul de joi nu \u00eencheie disputa, ci deschide un nou capitol. Dup\u0103 ce a ob\u021binut anularea \u00een instan\u021b\u0103 a vechiului serviciu, asocia\u021bia condus\u0103 de Sorin Udrea anun\u021b\u0103 c\u0103 va ataca \u0219i hot\u0103r\u00e2rea adoptat\u0103 acum. Dac\u0103 instan\u021ba \u00eei va da din nou dreptate, Prim\u0103ria Buz\u0103u s-ar putea afla pentru a doua oar\u0103 \u00een situa\u021bia de a reface din temelii modul \u00een care organizeaz\u0103 serviciul de gestionare a c\u00e2inilor f\u0103r\u0103 st\u0103p\u00e2n.<\/p>\n<p class=\"wp-block-paragraph\">Hot\u0103r\u00e2rea a fost adoptat\u0103, \u00eens\u0103 dezbaterea privind legalitatea ei abia \u00eencepe. La fel ca \u00een cazul regulamentului anterior, ultimul cuv\u00e2nt nu \u00eel vor avea consilierii locali, ci instan\u021ba de judecat\u0103.<\/p>\n<div class=\"post-bottom-meta post-bottom-tags post-tags-modern\">\n<div class=\"post-bottom-meta-title\"> Etichete<\/div>\n<p><span class=\"tagcloud\"><a href=\"https:\/\/gazetabuzoiana.ro\/tag\/actiune-in-instanta\/\" rel=\"tag\">ac\u021biune \u00een instan\u021b\u0103<\/a><a href=\"https:\/\/gazetabuzoiana.ro\/tag\/administratie-locala-buzau\/\" rel=\"tag\">administra\u021bie local\u0103 Buz\u0103u<\/a><a href=\"https:\/\/gazetabuzoiana.ro\/tag\/adoptii-caini\/\" rel=\"tag\">adop\u021bii c\u00e2ini<\/a><a href=\"https:\/\/gazetabuzoiana.ro\/tag\/buzau-2\/\" rel=\"tag\">Buz\u0103u<\/a><a href=\"https:\/\/gazetabuzoiana.ro\/tag\/caini-fara-stapan\/\" rel=\"tag\">c\u00e2ini f\u0103r\u0103 st\u0103p\u00e2n<\/a><a href=\"https:\/\/gazetabuzoiana.ro\/tag\/capturare-caini\/\" rel=\"tag\">capturare c\u00e2ini<\/a><a href=\"https:\/\/gazetabuzoiana.ro\/tag\/clm-buzau-2\/\" rel=\"tag\">CLM BUz\u0103u<\/a><a href=\"https:\/\/gazetabuzoiana.ro\/tag\/consiliul-local-buzau\/\" rel=\"tag\">Consiliul Local Buz\u0103u<\/a><a href=\"https:\/\/gazetabuzoiana.ro\/tag\/consiliul-local-municipal-buzau\/\" rel=\"tag\">Consiliul Local Municipal Buz\u0103u<\/a><a href=\"https:\/\/gazetabuzoiana.ro\/tag\/constantin-toma\/\" rel=\"tag\">constantin toma<\/a><a href=\"https:\/\/gazetabuzoiana.ro\/tag\/curtea-de-apel-ploiesti\/\" rel=\"tag\">Curtea de Apel Ploie\u0219ti<\/a><a href=\"https:\/\/gazetabuzoiana.ro\/tag\/ecarisaj-buzau\/\" rel=\"tag\">ecarisaj Buz\u0103u<\/a><a href=\"https:\/\/gazetabuzoiana.ro\/tag\/george-epurescu\/\" rel=\"tag\">George Epurescu<\/a><a href=\"https:\/\/gazetabuzoiana.ro\/tag\/ionut-apostu\/\" rel=\"tag\">Ionu\u021b Apostu<\/a><a href=\"https:\/\/gazetabuzoiana.ro\/tag\/licitatie-publica\/\" rel=\"tag\">licita\u021bie public\u0103<\/a><a href=\"https:\/\/gazetabuzoiana.ro\/tag\/oana-gheorghiu\/\" rel=\"tag\">oana gheorghiu<\/a><a href=\"https:\/\/gazetabuzoiana.ro\/tag\/oug-155-2001\/\" rel=\"tag\">OUG 155\/2001<\/a><a href=\"https:\/\/gazetabuzoiana.ro\/tag\/primaria-buzau\/\" rel=\"tag\">Prim\u0103ria Buz\u0103u<\/a><a href=\"https:\/\/gazetabuzoiana.ro\/tag\/proiect-de-hotarare-nr-144\/\" rel=\"tag\">proiect de hot\u0103r\u00e2re nr. 144<\/a><a href=\"https:\/\/gazetabuzoiana.ro\/tag\/protectia-animalelor\/\" rel=\"tag\">protec\u021bia animalelor<\/a><a href=\"https:\/\/gazetabuzoiana.ro\/tag\/regulament-ecarisaj\/\" rel=\"tag\">regulament ecarisaj<\/a><a href=\"https:\/\/gazetabuzoiana.ro\/tag\/serviciul-de-gestionare-a-cainilor-fara-stapan\/\" rel=\"tag\">serviciul de gestionare a c\u00e2inilor f\u0103r\u0103 st\u0103p\u00e2n<\/a><a href=\"https:\/\/gazetabuzoiana.ro\/tag\/sorin-udrea\/\" rel=\"tag\">Sorin Udrea<\/a><a href=\"https:\/\/gazetabuzoiana.ro\/tag\/sterilizare-caini\/\" rel=\"tag\">sterilizare c\u00e2ini<\/a><a href=\"https:\/\/gazetabuzoiana.ro\/tag\/urbis-serv\/\" rel=\"tag\">Urbis Serv<\/a><\/span><\/div>\n<\/div>\n<p>[analyse_source url=&#8221;https:\/\/gazetabuzoiana.ro\/2026\/07\/30\/dupa-luni-de-blocaj-clm-buzau-aproba-noul-serviciu-pentru-cainii-fara-stapan-asociatia-care-a-castigat-primul-proces-anunta-o-noua-actiune-in-instanta\/&#8221;]<\/p>\n","protected":false},"excerpt":{"rendered":"<p>[analyse_image type=&#8221;featured&#8221; src=&#8221;https:\/\/gazetabuzoiana.ro\/wp-content\/uploads\/2026\/07\/sedinta-CLM-iunie-2026.jpg&#8221;] Consiliul Local Municipal Buz\u0103u a aprobat joi, cu 15 voturi pentru \u0219i 6 \u00eempotriv\u0103, proiectul de hot\u0103r\u00e2re privind \u00eenfiin\u021barea noului Serviciu pentru gestionarea c\u00e2inilor f\u0103r\u0103 st\u0103p\u00e2n. Hot\u0103r\u00e2rea vine dup\u0103 luni \u00eentregi \u00een care municipiul a r\u0103mas f\u0103r\u0103 un serviciu func\u021bional de capturare a c\u00e2inilor, \u00een urma anul\u0103rii definitive, de c\u0103tre Curtea de [&hellip;]<\/p>\n","protected":false},"author":1,"featured_media":0,"comment_status":"open","ping_status":"","sticky":false,"template":"","format":"standard","meta":{"footnotes":""},"categories":[2],"tags":[226,38],"class_list":["post-2070011","post","type-post","status-publish","format-standard","hentry","category-politics","tag-crawlmanager","tag-gazetabuzoiana-ro"],"_links":{"self":[{"href":"https:\/\/analyse.optim.biz\/index.php?rest_route=\/wp\/v2\/posts\/2070011","targetHints":{"allow":["GET"]}}],"collection":[{"href":"https:\/\/analyse.optim.biz\/index.php?rest_route=\/wp\/v2\/posts"}],"about":[{"href":"https:\/\/analyse.optim.biz\/index.php?rest_route=\/wp\/v2\/types\/post"}],"author":[{"embeddable":true,"href":"https:\/\/analyse.optim.biz\/index.php?rest_route=\/wp\/v2\/users\/1"}],"replies":[{"embeddable":true,"href":"https:\/\/analyse.optim.biz\/index.php?rest_route=%2Fwp%2Fv2%2Fcomments&post=2070011"}],"version-history":[{"count":0,"href":"https:\/\/analyse.optim.biz\/index.php?rest_route=\/wp\/v2\/posts\/2070011\/revisions"}],"wp:attachment":[{"href":"https:\/\/analyse.optim.biz\/index.php?rest_route=%2Fwp%2Fv2%2Fmedia&parent=2070011"}],"wp:term":[{"taxonomy":"category","embeddable":true,"href":"https:\/\/analyse.optim.biz\/index.php?rest_route=%2Fwp%2Fv2%2Fcategories&post=2070011"},{"taxonomy":"post_tag","embeddable":true,"href":"https:\/\/analyse.optim.biz\/index.php?rest_route=%2Fwp%2Fv2%2Ftags&post=2070011"}],"curies":[{"name":"wp","href":"https:\/\/api.w.org\/{rel}","templated":true}]}}