{"id":2070009,"date":"2026-07-30T06:16:15","date_gmt":"2026-07-30T03:16:15","guid":{"rendered":"https:\/\/analyse.optim.biz\/?p=2070009"},"modified":"2026-07-30T06:16:15","modified_gmt":"2026-07-30T03:16:15","slug":"maracineni-intra-in-cursa-pentru-titlul-de-sat-european-de-tineret-2027-primarul-constantin-dumitru-ii-cheama-pe-tineri-sa-se-implice","status":"publish","type":"post","link":"https:\/\/analyse.optim.biz\/?p=2070009","title":{"rendered":"M\u0103r\u0103cineni intr\u0103 \u00een cursa pentru titlul de \u201eSat European de Tineret 2027\u201d. Primarul Constantin Dumitru \u00eei cheam\u0103 pe tineri s\u0103 se implice"},"content":{"rendered":"<p>[analyse_image type=&#8221;featured&#8221; src=&#8221;https:\/\/gazetabuzoiana.ro\/wp-content\/uploads\/2025\/09\/primaria-maracineni.jpg&#8221;]<\/p>\n<div class=\"entry-content entry clearfix\">\n<p class=\"wp-block-paragraph\">Comuna M\u0103r\u0103cineni ar putea deveni <em>Sat European de Tineret \u00een 2027,<\/em> dac\u0103 un grup de tineri din localitate va decide s\u0103 depun\u0103 candidatura \u00een cadrul apelului lansat de Consiliul Jude\u021bean Buz\u0103u. Anun\u021bul a fost f\u0103cut de primarul comunei, Constantin Dumitru, printr-o postare publicat\u0103 pe pagina sa de Facebook.<\/p>\n<p class=\"wp-block-paragraph\">Edilul \u00eei \u00eencurajeaz\u0103 pe tinerii din M\u0103r\u0103cineni s\u0103 profite de aceast\u0103 oportunitate \u0219i \u00eei asigur\u0103 c\u0103 administra\u021bia local\u0103 le va oferi tot sprijinul necesar pentru preg\u0103tirea dosarului de candidatur\u0103.<\/p>\n<p class=\"wp-block-paragraph\"><strong><mark class=\"has-inline-color has-vivid-red-color\">\u201e\u0218i M\u0103r\u0103cineni poate fi Sat European de Tineret \u00een 2027! Haide\u021bi s\u0103 \u00eencerc\u0103m \u0219i s\u0103 aplic\u0103m \u00eempreun\u0103 pentru proiecte care ne pot face via\u021ba mai frumoas\u0103 acas\u0103, la noi, la M\u0103r\u0103cineni! Concret, Consiliul Jude\u021bean Buz\u0103u anun\u021b\u0103 lansarea apelului pentru titlul de Sat European de Tineret \u00een 2027. Documentul-provocare se adreseaz\u0103 din start tinerilor din comunitate care pot contribui activ la schimbare. Tinerii care au idei ce pot schimba comuna noastr\u0103 \u0219i decid s\u0103 aplice la acest apel, trebuie s\u0103 \u0219tie c\u0103, dac\u0103 aduc acas\u0103 acest titlu, ei \u00een\u0219i\u0219i au parte de mentorat, formare \u0219i sprijin, astfel \u00eenc\u00e2t ideile lor s\u0103 devin\u0103 ac\u021biuni cu impact local.\u201d<\/mark><\/strong>, a transmis primarul Constantin Dumitru.<\/p>\n<p class=\"wp-block-paragraph\">Potrivit informa\u021biilor prezentate de edil, apelul este destinat satelor \u0219i comunelor din Rom\u00e2nia \u0219i presupune constituirea unui grup informal de ini\u021biativ\u0103 format din 5 p\u00e2n\u0103 la 10 tineri cu v\u00e2rste \u00eentre 16 \u0219i 30 de ani, care s\u0103 preg\u0103teasc\u0103 \u0219i s\u0103 depun\u0103 candidatura, cu sprijinul administra\u021biei publice locale.<\/p>\n<p class=\"wp-block-paragraph\">Constantin Dumitru subliniaz\u0103 c\u0103 ob\u021binerea titlului ar aduce beneficii importante at\u00e2t pentru tineri, c\u00e2t \u0219i pentru \u00eentreaga comunitate. Participan\u021bii ar beneficia de mentorat, sesiuni de formare \u0219i sprijin pentru transformarea ideilor lor \u00een proiecte concrete cu impact local. \u00cen acela\u0219i timp, M\u0103r\u0103cineni ar avea acces la o re\u021bea na\u021bional\u0103 \u0219i european\u0103 de comunit\u0103\u021bi active, cu posibilitatea organiz\u0103rii unor proiecte educa\u021bionale, culturale \u0219i de voluntariat.<\/p>\n<p class=\"wp-block-paragraph\">Primarul precizeaz\u0103 c\u0103 termenul-limit\u0103 pentru depunerea candidaturilor este 4 septembrie 2026, iar Prim\u0103ria M\u0103r\u0103cineni este preg\u0103tit\u0103 s\u0103 ofere sprijin \u00een \u00eentocmirea documenta\u021biei necesare.<\/p>\n<p class=\"wp-block-paragraph\">\u201eAr fi o bucurie \u0219i un pas \u00eenainte pentru comunitatea noastr\u0103 s\u0103 putem beneficia de titlul de Sat European de Tineret \u00een 2027. Noi v\u0103 putem ajuta cu partea cea mai dificil\u0103 \u2013 alc\u0103tuirea actelor necesare. Ce spune\u021bi, devenim Sat European de Tineret \u00een 2027?\u201d, este mesajul transmis de edil c\u0103tre locuitorii comunei.<\/p>\n<p class=\"wp-block-paragraph\">Mai multe informa\u021bii despre apelul de candidaturi \u0219i documenta\u021bia necesar\u0103 sunt disponibile \u00een anun\u021bul publicat de Consiliul Jude\u021bean Buz\u0103u.<\/p>\n<figure class=\"wp-block-image size-full is-resized\"><img loading=\"lazy\" decoding=\"async\" width=\"509\" height=\"720\" src=\"https:\/\/gazetabuzoiana.ro\/wp-content\/uploads\/2026\/07\/cd.jpeg\" alt class=\"wp-image-21825\"><\/figure>\n<div class=\"post-bottom-meta post-bottom-tags post-tags-modern\">\n<div class=\"post-bottom-meta-title\"> Etichete<\/div>\n<p><span class=\"tagcloud\"><a href=\"https:\/\/gazetabuzoiana.ro\/tag\/administratie-locala\/\" rel=\"tag\">administra\u021bie local\u0103<\/a><a href=\"https:\/\/gazetabuzoiana.ro\/tag\/buzau-2\/\" rel=\"tag\">Buz\u0103u<\/a><a href=\"https:\/\/gazetabuzoiana.ro\/tag\/comunitate\/\" rel=\"tag\">comunitate<\/a><a href=\"https:\/\/gazetabuzoiana.ro\/tag\/consiliul-judetean-buzau\/\" rel=\"tag\">Consiliul Jude\u021bean Buz\u0103u<\/a><a href=\"https:\/\/gazetabuzoiana.ro\/tag\/constantin-dumitru\/\" rel=\"tag\">constantin dumitru<\/a><a href=\"https:\/\/gazetabuzoiana.ro\/tag\/maracineni\/\" rel=\"tag\">m\u0103r\u0103cineni<\/a><a href=\"https:\/\/gazetabuzoiana.ro\/tag\/proiecte-europene\/\" rel=\"tag\">proiecte europene<\/a><a href=\"https:\/\/gazetabuzoiana.ro\/tag\/sat-european-de-tineret-2027\/\" rel=\"tag\">Sat European de Tineret 2027<\/a><a href=\"https:\/\/gazetabuzoiana.ro\/tag\/tineri\/\" rel=\"tag\">tineri<\/a><\/span><\/div>\n<\/div>\n<p>[analyse_source url=&#8221;https:\/\/gazetabuzoiana.ro\/2026\/07\/30\/maracineni-intra-in-cursa-pentru-titlul-de-sat-european-de-tineret-2027-primarul-constantin-dumitru-ii-cheama-pe-tineri-sa-se-implice\/&#8221;]<\/p>\n","protected":false},"excerpt":{"rendered":"<p>[analyse_image type=&#8221;featured&#8221; src=&#8221;https:\/\/gazetabuzoiana.ro\/wp-content\/uploads\/2025\/09\/primaria-maracineni.jpg&#8221;] Comuna M\u0103r\u0103cineni ar putea deveni Sat European de Tineret \u00een 2027, dac\u0103 un grup de tineri din localitate va decide s\u0103 depun\u0103 candidatura \u00een cadrul apelului lansat de Consiliul Jude\u021bean Buz\u0103u. Anun\u021bul a fost f\u0103cut de primarul comunei, Constantin Dumitru, printr-o postare publicat\u0103 pe pagina sa de Facebook. Edilul \u00eei \u00eencurajeaz\u0103 pe [&hellip;]<\/p>\n","protected":false},"author":1,"featured_media":0,"comment_status":"open","ping_status":"","sticky":false,"template":"","format":"standard","meta":{"footnotes":""},"categories":[2],"tags":[226,38],"class_list":["post-2070009","post","type-post","status-publish","format-standard","hentry","category-politics","tag-crawlmanager","tag-gazetabuzoiana-ro"],"_links":{"self":[{"href":"https:\/\/analyse.optim.biz\/index.php?rest_route=\/wp\/v2\/posts\/2070009","targetHints":{"allow":["GET"]}}],"collection":[{"href":"https:\/\/analyse.optim.biz\/index.php?rest_route=\/wp\/v2\/posts"}],"about":[{"href":"https:\/\/analyse.optim.biz\/index.php?rest_route=\/wp\/v2\/types\/post"}],"author":[{"embeddable":true,"href":"https:\/\/analyse.optim.biz\/index.php?rest_route=\/wp\/v2\/users\/1"}],"replies":[{"embeddable":true,"href":"https:\/\/analyse.optim.biz\/index.php?rest_route=%2Fwp%2Fv2%2Fcomments&post=2070009"}],"version-history":[{"count":0,"href":"https:\/\/analyse.optim.biz\/index.php?rest_route=\/wp\/v2\/posts\/2070009\/revisions"}],"wp:attachment":[{"href":"https:\/\/analyse.optim.biz\/index.php?rest_route=%2Fwp%2Fv2%2Fmedia&parent=2070009"}],"wp:term":[{"taxonomy":"category","embeddable":true,"href":"https:\/\/analyse.optim.biz\/index.php?rest_route=%2Fwp%2Fv2%2Fcategories&post=2070009"},{"taxonomy":"post_tag","embeddable":true,"href":"https:\/\/analyse.optim.biz\/index.php?rest_route=%2Fwp%2Fv2%2Ftags&post=2070009"}],"curies":[{"name":"wp","href":"https:\/\/api.w.org\/{rel}","templated":true}]}}