{"id":2070008,"date":"2026-07-30T17:58:25","date_gmt":"2026-07-30T14:58:25","guid":{"rendered":"https:\/\/analyse.optim.biz\/?p=2070008"},"modified":"2026-07-30T17:58:25","modified_gmt":"2026-07-30T14:58:25","slug":"ultima-ora-copil-de-12-ani-grav-ranit-cu-o-trotineta-electrica-parintii-au-sarit-la-scandal-in-timpul-interventiei-ambulantei","status":"publish","type":"post","link":"https:\/\/analyse.optim.biz\/?p=2070008","title":{"rendered":"ULTIMA OR\u0102 | Copil de 12 ani, grav r\u0103nit cu o trotinet\u0103 electric\u0103. P\u0103rin\u021bii au s\u0103rit la scandal \u00een timpul interven\u021biei ambulan\u021bei"},"content":{"rendered":"<p>[analyse_image type=&#8221;featured&#8221; src=&#8221;https:\/\/gazetabuzoiana.ro\/wp-content\/uploads\/2026\/07\/accident-trotineta-electrica-copil-deva-860&#215;484-1.jpeg&#8221;]<\/p>\n<div class=\"entry-content entry clearfix\">\n<p class=\"wp-block-paragraph\">Un copil \u00een v\u00e2rst\u0103 de 12 ani a fost grav r\u0103nit, joi sear\u0103, \u00een comuna Po\u0219ta C\u00e2ln\u0103u, dup\u0103 ce s-a deplasat pe str\u0103zile localit\u0103\u021bii cu o trotinet\u0103 electric\u0103 de mare putere. La fa\u021ba locului a fost solicitat de urgen\u021b\u0103 un echipaj al Serviciului de Ambulan\u021b\u0103, \u00eens\u0103 interven\u021bia a fost \u00eengreunat\u0103 de reac\u021bia p\u0103rin\u021bilor minorului.<\/p>\n<p class=\"wp-block-paragraph\">Potrivit informa\u021biilor ob\u021binute de <em>Gazeta Buzoian\u0103<\/em>, copilul a suferit traumatisme severe \u00een urma accidentului. La un moment dat, acesta \u0219i-a pierdut cuno\u0219tin\u021ba, iar echipajul medical a \u00eenceput imediat manevrele de evaluare \u0219i acordare a primului ajutor.<\/p>\n<p class=\"wp-block-paragraph\">Surse prezente la interven\u021bie sus\u021bin c\u0103 p\u0103rin\u021bii copilului au devenit extrem de agita\u021bi \u0219i i-au acuzat pe ambulan\u021bieri c\u0103 nu intervin suficient de repede. Situa\u021bia a degenerat \u00eentr-un conflict verbal \u0219i au existat momente \u00een care personalul medical s-a temut c\u0103 ar putea fi agresat fizic. Din cauza tensiunilor, cadrele medicale au fost \u00eempiedicate pentru scurt timp s\u0103 \u00ee\u0219i desf\u0103\u0219oare activitatea \u00een condi\u021bii normale.<\/p>\n<p class=\"wp-block-paragraph\">\u00cen ciuda acestor dificult\u0103\u021bi, ambulan\u021bierii au reu\u0219it s\u0103 \u00eel stabilizeze, astfel \u00eenc\u00e2t copilul s\u0103 poat\u0103 fi transportat \u00een siguran\u021b\u0103 la spital. Minorul prezenta escoria\u021bii extinse la nivelul capului, trunchiului, m\u00e2inilor \u0219i picioarelor, precum \u0219i fracturi la ambele membre superioare.<\/p>\n<p class=\"wp-block-paragraph\">Copilul a fost transportat de urgen\u021b\u0103 la spital, unde a fost preluat de medicii de gard\u0103 pentru investiga\u021bii \u0219i tratament de specialitate.<\/p>\n<p class=\"wp-block-paragraph\">Accidentul readuce \u00een aten\u021bie riscurile utiliz\u0103rii trotinetelor electrice de mare putere de c\u0103tre minori. \u00cen lipsa experien\u021bei \u0219i a echipamentului de protec\u021bie, un astfel de vehicul poate provoca accidente cu urm\u0103ri extrem de grave.<\/p>\n<p class=\"wp-block-paragraph\">Vom reveni cu informa\u021bii oficiale privind circumstan\u021bele producerii accidentului \u0219i starea copilului, imediat ce acestea vor fi disponibile.<\/p>\n<div class=\"post-bottom-meta post-bottom-tags post-tags-modern\">\n<div class=\"post-bottom-meta-title\"> Etichete<\/div>\n<p><span class=\"tagcloud\"><a href=\"https:\/\/gazetabuzoiana.ro\/tag\/accident\/\" rel=\"tag\">accident<\/a><a href=\"https:\/\/gazetabuzoiana.ro\/tag\/accident-grav\/\" rel=\"tag\">accident grav<\/a><a href=\"https:\/\/gazetabuzoiana.ro\/tag\/ambulanta\/\" rel=\"tag\">ambulan\u021b\u0103<\/a><a href=\"https:\/\/gazetabuzoiana.ro\/tag\/buzau-2\/\" rel=\"tag\">Buz\u0103u<\/a><a href=\"https:\/\/gazetabuzoiana.ro\/tag\/copil-ranit\/\" rel=\"tag\">copil r\u0103nit<\/a><a href=\"https:\/\/gazetabuzoiana.ro\/tag\/interventie\/\" rel=\"tag\">interven\u021bie<\/a><a href=\"https:\/\/gazetabuzoiana.ro\/tag\/minor\/\" rel=\"tag\">minor<\/a><a href=\"https:\/\/gazetabuzoiana.ro\/tag\/posta-calnau-3\/\" rel=\"tag\">Po\u0219ta C\u00e2ln\u0103u<\/a><a href=\"https:\/\/gazetabuzoiana.ro\/tag\/serviciul-de-ambulanta-buzau\/\" rel=\"tag\">Serviciul de Ambulan\u021b\u0103 Buz\u0103u<\/a><a href=\"https:\/\/gazetabuzoiana.ro\/tag\/trotineta-electrica\/\" rel=\"tag\">trotinet\u0103 electric\u0103<\/a><\/span><\/div>\n<\/div>\n<p>[analyse_source url=&#8221;https:\/\/gazetabuzoiana.ro\/2026\/07\/30\/ultima-ora-copil-de-12-ani-grav-ranit-cu-o-trotineta-electrica-parintii-au-sarit-la-scandal-in-timpul-interventiei-ambulantei\/&#8221;]<\/p>\n","protected":false},"excerpt":{"rendered":"<p>[analyse_image type=&#8221;featured&#8221; src=&#8221;https:\/\/gazetabuzoiana.ro\/wp-content\/uploads\/2026\/07\/accident-trotineta-electrica-copil-deva-860&#215;484-1.jpeg&#8221;] Un copil \u00een v\u00e2rst\u0103 de 12 ani a fost grav r\u0103nit, joi sear\u0103, \u00een comuna Po\u0219ta C\u00e2ln\u0103u, dup\u0103 ce s-a deplasat pe str\u0103zile localit\u0103\u021bii cu o trotinet\u0103 electric\u0103 de mare putere. La fa\u021ba locului a fost solicitat de urgen\u021b\u0103 un echipaj al Serviciului de Ambulan\u021b\u0103, \u00eens\u0103 interven\u021bia a fost \u00eengreunat\u0103 de reac\u021bia [&hellip;]<\/p>\n","protected":false},"author":1,"featured_media":0,"comment_status":"open","ping_status":"","sticky":false,"template":"","format":"standard","meta":{"footnotes":""},"categories":[2],"tags":[226,38],"class_list":["post-2070008","post","type-post","status-publish","format-standard","hentry","category-politics","tag-crawlmanager","tag-gazetabuzoiana-ro"],"_links":{"self":[{"href":"https:\/\/analyse.optim.biz\/index.php?rest_route=\/wp\/v2\/posts\/2070008","targetHints":{"allow":["GET"]}}],"collection":[{"href":"https:\/\/analyse.optim.biz\/index.php?rest_route=\/wp\/v2\/posts"}],"about":[{"href":"https:\/\/analyse.optim.biz\/index.php?rest_route=\/wp\/v2\/types\/post"}],"author":[{"embeddable":true,"href":"https:\/\/analyse.optim.biz\/index.php?rest_route=\/wp\/v2\/users\/1"}],"replies":[{"embeddable":true,"href":"https:\/\/analyse.optim.biz\/index.php?rest_route=%2Fwp%2Fv2%2Fcomments&post=2070008"}],"version-history":[{"count":0,"href":"https:\/\/analyse.optim.biz\/index.php?rest_route=\/wp\/v2\/posts\/2070008\/revisions"}],"wp:attachment":[{"href":"https:\/\/analyse.optim.biz\/index.php?rest_route=%2Fwp%2Fv2%2Fmedia&parent=2070008"}],"wp:term":[{"taxonomy":"category","embeddable":true,"href":"https:\/\/analyse.optim.biz\/index.php?rest_route=%2Fwp%2Fv2%2Fcategories&post=2070008"},{"taxonomy":"post_tag","embeddable":true,"href":"https:\/\/analyse.optim.biz\/index.php?rest_route=%2Fwp%2Fv2%2Ftags&post=2070008"}],"curies":[{"name":"wp","href":"https:\/\/api.w.org\/{rel}","templated":true}]}}