{"id":2070003,"date":"2026-07-30T16:22:00","date_gmt":"2026-07-30T13:22:00","guid":{"rendered":"https:\/\/analyse.optim.biz\/?p=2070003"},"modified":"2026-07-30T16:22:00","modified_gmt":"2026-07-30T13:22:00","slug":"muzica-dans-si-delicii-culinare-grecesti-atmosfera-din-renumitele-taverne-se-muta-la-sarata-monteoru","status":"publish","type":"post","link":"https:\/\/analyse.optim.biz\/?p=2070003","title":{"rendered":"Muzic\u0103, dans \u0219i delicii culinare grece\u0219ti. Atmosfera din renumitele taverne se mut\u0103 la S\u0103rata Monteoru"},"content":{"rendered":"<p>[analyse_image type=&#8221;featured&#8221; src=&#8221;https:\/\/www.campusbuzau.ro\/wp-content\/uploads\/2026\/07\/ionut-galani.jpghttps:\/\/www.campusbuzau.ro\/wp-content\/uploads\/2026\/07\/ionut-galani.jpg&#8221;]<\/p>\n<div class=\"entry-content\">\n<p><strong><em><mark class=\"has-inline-color has-maincolor-color\">Buzoienii sunt invita\u021bi \u00een acest weekend s\u0103 descopere atmosfera specific\u0103 Greciei. Este vorba despre festivalul \u201eOpa! Buz\u0103u Greek Fest\u201d, care se va desf\u0103\u0219ura, at\u00e2t la S\u0103rata-Monteoru, c\u00e2t \u0219i \u00een municipiul Buz\u0103u, \u00een perioada 31 iulie \u2013 2 august.<\/mark><\/em><\/strong><\/p>\n<p>Organizatorii, Consiliul Jude\u021bean Buz\u0103u, Centrul Jude\u021bean de Cultur\u0103 \u0219i Art\u0103 Buz\u0103u \u0219i Greek Dance Romania, promit trei zile de s\u0103rb\u0103toare, cu muzic\u0103 live, dansuri grece\u0219ti, preparate culinare autentice \u0219i momente inspirate din atmosfera inconfundabil\u0103 a tavernelor elene. <\/p>\n<p>\u201eOpa! Buz\u0103u Greek Fest\u201d \u00eei aduce \u00een fa\u021ba publicului pe Ionu\u021b Galani, unul dintre cei mai cunoscu\u021bi promotori ai muzicii grece\u0219ti din Rom\u00e2nia, precum \u0219i forma\u021biile Greek 4U \u0219i Meet the Greeks. <\/p>\n<figure class=\"wp-block-image size-full\"><img loading=\"lazy\" decoding=\"async\" width=\"600\" height=\"849\" src=\"https:\/\/www.campusbuzau.ro\/wp-content\/uploads\/2026\/07\/afis-greek-fest.jpg\" alt class=\"wp-image-155970\"><\/figure>\n<p>Festivalul va pune \u00een valoare \u00eens\u0103 \u0219i tradi\u021biile rom\u00e2ne\u0219ti, prin participarea a numeroase grupuri folclorice din jude\u021bul Buz\u0103u. \u00a0<\/p>\n<figure class=\"wp-block-image size-full is-resized\"><img loading=\"lazy\" decoding=\"async\" width=\"900\" height=\"520\" src=\"https:\/\/www.campusbuzau.ro\/wp-content\/uploads\/2026\/07\/public-spectacol-monteoru.jpg\" alt class=\"wp-image-155968\"><\/figure>\n<p>Pe l\u00e2ng\u0103 spectacolele de pe scen\u0103, participan\u021bii la eveniment vor fi a\u0219tepta\u021bi cu preparate autentice din buc\u0103t\u0103ria elen\u0103.<\/p>\n<p>\u00cen ultima zi a festivalului, duminic\u0103, 2 august 2026, de la ora 18.00, publicul este a\u0219teptat pe B-dul Nicolae B\u0103lcescu, \u00een dreptul sediului Consiliului Jude\u021bean Buz\u0103u, unde va avea loc un spectacol de dans grecesc.<\/p>\n<figure class=\"wp-block-embed is-type-video is-provider-youtube wp-block-embed-youtube wp-embed-aspect-16-9 wp-has-aspect-ratio\">\n<div class=\"wp-block-embed__wrapper\">\n<iframe loading=\"lazy\" title=\"MUZIC\u0102, DANS \u015eI DELICII CULINARE GRECE\u015eTI LA OPA BUZ\u0102U GREEK FEST 31 IULIE - 2 AUGUST, MONTEORU\" width=\"500\" height=\"281\" src=\"https:\/\/www.youtube.com\/embed\/V9Ouu-iI_fY?feature=oembed\" frameborder allow=\"accelerometer; autoplay; clipboard-write; encrypted-media; gyroscope; picture-in-picture; web-share\" referrerpolicy=\"strict-origin-when-cross-origin\" allowfullscreen><\/iframe>\n<\/div>\n<\/figure>\n<\/div>\n<p>[analyse_source url=&#8221;https:\/\/www.campusbuzau.ro\/muzica-dans-si-delicii-culinare-grecesti-atmosfera-din-renumitele-taverne-se-muta-la-sarata-monteoru\/&#8221;]<\/p>\n","protected":false},"excerpt":{"rendered":"<p>[analyse_image type=&#8221;featured&#8221; src=&#8221;https:\/\/www.campusbuzau.ro\/wp-content\/uploads\/2026\/07\/ionut-galani.jpghttps:\/\/www.campusbuzau.ro\/wp-content\/uploads\/2026\/07\/ionut-galani.jpg&#8221;] Buzoienii sunt invita\u021bi \u00een acest weekend s\u0103 descopere atmosfera specific\u0103 Greciei. Este vorba despre festivalul \u201eOpa! Buz\u0103u Greek Fest\u201d, care se va desf\u0103\u0219ura, at\u00e2t la S\u0103rata-Monteoru, c\u00e2t \u0219i \u00een municipiul Buz\u0103u, \u00een perioada 31 iulie \u2013 2 august. Organizatorii, Consiliul Jude\u021bean Buz\u0103u, Centrul Jude\u021bean de Cultur\u0103 \u0219i Art\u0103 Buz\u0103u \u0219i Greek Dance [&hellip;]<\/p>\n","protected":false},"author":1,"featured_media":0,"comment_status":"open","ping_status":"","sticky":false,"template":"","format":"standard","meta":{"footnotes":""},"categories":[2],"tags":[118,226],"class_list":["post-2070003","post","type-post","status-publish","format-standard","hentry","category-politics","tag-campusbuzau-ro","tag-crawlmanager"],"_links":{"self":[{"href":"https:\/\/analyse.optim.biz\/index.php?rest_route=\/wp\/v2\/posts\/2070003","targetHints":{"allow":["GET"]}}],"collection":[{"href":"https:\/\/analyse.optim.biz\/index.php?rest_route=\/wp\/v2\/posts"}],"about":[{"href":"https:\/\/analyse.optim.biz\/index.php?rest_route=\/wp\/v2\/types\/post"}],"author":[{"embeddable":true,"href":"https:\/\/analyse.optim.biz\/index.php?rest_route=\/wp\/v2\/users\/1"}],"replies":[{"embeddable":true,"href":"https:\/\/analyse.optim.biz\/index.php?rest_route=%2Fwp%2Fv2%2Fcomments&post=2070003"}],"version-history":[{"count":0,"href":"https:\/\/analyse.optim.biz\/index.php?rest_route=\/wp\/v2\/posts\/2070003\/revisions"}],"wp:attachment":[{"href":"https:\/\/analyse.optim.biz\/index.php?rest_route=%2Fwp%2Fv2%2Fmedia&parent=2070003"}],"wp:term":[{"taxonomy":"category","embeddable":true,"href":"https:\/\/analyse.optim.biz\/index.php?rest_route=%2Fwp%2Fv2%2Fcategories&post=2070003"},{"taxonomy":"post_tag","embeddable":true,"href":"https:\/\/analyse.optim.biz\/index.php?rest_route=%2Fwp%2Fv2%2Ftags&post=2070003"}],"curies":[{"name":"wp","href":"https:\/\/api.w.org\/{rel}","templated":true}]}}