{"id":206996,"date":"2014-04-26T11:53:15","date_gmt":"2014-04-26T08:53:15","guid":{"rendered":"https:\/\/analyse.optim.biz\/?p=206996"},"modified":"2014-04-26T11:53:15","modified_gmt":"2014-04-26T08:53:15","slug":"victor-ponta-la-congresul-pc-il-invidiez-pe-voiculescu-cred-ca-basescu-il-uraste-mai-mult-lui-ii-spune-motanul-felix-mie-doar-pisic","status":"publish","type":"post","link":"https:\/\/analyse.optim.biz\/?p=206996","title":{"rendered":"Victor Ponta, la Congresul PC: \u00cel invidiez pe Voiculescu, cred c\u0103 B\u0103sescu \u00eel ur\u0103\u015fte mai mult. Lui \u00eei spune motanul Felix, mie doar pisic"},"content":{"rendered":"<div class=\"entry data-app-meta data-app-meta-article\" data-embed-base-url-canonical=\"https:\/\/www.digi24.ro\/embed\/stiri\/actualitate\/politica\/victor-ponta-la-congresul-pc-il-invidiez-pe-voiculescu-cred-ca-basescu-il-uraste-mai-mult-lui-ii-spune-motanul-felix-mie-doar-pisic-234966\">\n<p data-index=\"1\">Premierul a spus c\u0103 nu va candida la Pre\u015fedin\u0163ie dec\u00e2t dac\u0103 va avea sprijinul PC. \u201eCa s\u0103 \u00eel lini\u015ftesc pe Daniel (Daniel Constantin \u2013 n.r.) o s\u0103 c\u00e2\u015ftig\u0103m \u00eempreun\u0103 alegerile preziden\u0163iale\u201d, a spus <strong>Victor Ponta<\/strong>, la Congresul PC, fiind aplaudat pe participan\u0163i.<\/p>\n<p data-index=\"2\">\u201eCred c\u0103 am o mic\u0103 invidie pe domnul Voiculescu, cred c\u0103 B\u0103sescu \u00eel ur\u0103\u015fte pe el mai mult dec\u00e2t pe mine. Lui \u00eei spune motanul Felix, mie doar pisic. Nu m-a ridicat la nivelul cel mai \u00eenalt. Vreau s\u0103 \u00eei amintesc ce i-am spus mai demult cu pisicul bl\u00e2nd care zg\u00e2rie r\u0103u, o s\u0103 \u00eel doar\u0103 tot mai r\u0103u. O s\u0103 o doar\u0103 \u015fi pe doamna cu blugi \u015fi cu pantofii de 1000 de euro\u201d, a spus Victor Ponta.<\/p>\n<p data-index=\"3\">Congresul extraordinar al Partidului Conservator, \u00een care se va alege pre\u015fedintele forma\u0163iunii \u015fi noua structur\u0103 de conducere, a \u00eenceput, s\u00e2mb\u0103t\u0103 diminea\u0163\u0103, la Romexpo, la eveniment fiind prezen\u0163i, al\u0103turi de liderii conservatori, pre\u015fedintele PSD, Victor Ponta \u015fi liderul UNPR Gabriel Oprea.<\/p>\n<p data-index=\"4\">Sloganul congresului PC este \u201eImplic\u0103-te! Schimbarea \u00eencepe acum!\u201d. Conservatorii urmeaz\u0103 s\u0103 \u00ee\u015fi aleag\u0103 \u00een cadrul Congresului pre\u015fedintele, pre\u015fedintele executiv, prim-vicepre\u015fedintele \u015fi secretarul general.<\/p>\n<p data-index=\"5\">Pentru pre\u015fedin\u0163ia partidului s-a \u00eenscris \u00een curs\u0103 actualul pre\u015fedinte al partidului, Daniel Constantin.<\/p>\n<p data-index=\"6\">\n<\/div>\n<p> Source URL: https:\/\/www.digi24.ro\/stiri\/actualitate\/politica\/victor-ponta-la-congresul-pc-il-invidiez-pe-voiculescu-cred-ca-basescu-il-uraste-mai-mult-lui-ii-spune-motanul-felix-mie-doar-pisic-234966<\/p>\n","protected":false},"excerpt":{"rendered":"<p>Premierul a spus c\u0103 nu va candida la Pre\u015fedin\u0163ie dec\u00e2t dac\u0103 va avea sprijinul PC. \u201eCa s\u0103 \u00eel lini\u015ftesc pe Daniel (Daniel Constantin \u2013 n.r.) o s\u0103 c\u00e2\u015ftig\u0103m \u00eempreun\u0103 alegerile preziden\u0163iale\u201d, a spus Victor Ponta, la Congresul PC, fiind aplaudat pe participan\u0163i. \u201eCred c\u0103 am o mic\u0103 invidie pe domnul Voiculescu, cred c\u0103 B\u0103sescu \u00eel [&hellip;]<\/p>\n","protected":false},"author":1,"featured_media":206997,"comment_status":"open","ping_status":"","sticky":false,"template":"","format":"standard","meta":{"footnotes":""},"categories":[2],"tags":[11],"class_list":["post-206996","post","type-post","status-publish","format-standard","has-post-thumbnail","hentry","category-politics","tag-digi24"],"_links":{"self":[{"href":"https:\/\/analyse.optim.biz\/index.php?rest_route=\/wp\/v2\/posts\/206996","targetHints":{"allow":["GET"]}}],"collection":[{"href":"https:\/\/analyse.optim.biz\/index.php?rest_route=\/wp\/v2\/posts"}],"about":[{"href":"https:\/\/analyse.optim.biz\/index.php?rest_route=\/wp\/v2\/types\/post"}],"author":[{"embeddable":true,"href":"https:\/\/analyse.optim.biz\/index.php?rest_route=\/wp\/v2\/users\/1"}],"replies":[{"embeddable":true,"href":"https:\/\/analyse.optim.biz\/index.php?rest_route=%2Fwp%2Fv2%2Fcomments&post=206996"}],"version-history":[{"count":0,"href":"https:\/\/analyse.optim.biz\/index.php?rest_route=\/wp\/v2\/posts\/206996\/revisions"}],"wp:featuredmedia":[{"embeddable":true,"href":"https:\/\/analyse.optim.biz\/index.php?rest_route=\/wp\/v2\/media\/206997"}],"wp:attachment":[{"href":"https:\/\/analyse.optim.biz\/index.php?rest_route=%2Fwp%2Fv2%2Fmedia&parent=206996"}],"wp:term":[{"taxonomy":"category","embeddable":true,"href":"https:\/\/analyse.optim.biz\/index.php?rest_route=%2Fwp%2Fv2%2Fcategories&post=206996"},{"taxonomy":"post_tag","embeddable":true,"href":"https:\/\/analyse.optim.biz\/index.php?rest_route=%2Fwp%2Fv2%2Ftags&post=206996"}],"curies":[{"name":"wp","href":"https:\/\/api.w.org\/{rel}","templated":true}]}}