{"id":206985,"date":"2014-04-26T15:33:12","date_gmt":"2014-04-26T12:33:12","guid":{"rendered":"https:\/\/analyse.optim.biz\/?p=206985"},"modified":"2014-04-26T15:33:12","modified_gmt":"2014-04-26T12:33:12","slug":"victor-ponta-pregatit-pentru-cotroceni-daca-veti-considera-ca-eu-trebuie-sa-fiu-voi-fi-acel-candidat","status":"publish","type":"post","link":"https:\/\/analyse.optim.biz\/?p=206985","title":{"rendered":"Victor Ponta, preg\u0103tit pentru Cotroceni: Dac\u0103 ve\u021bi considera c\u0103 eu trebuie s\u0103 fiu, voi fi acel candidat"},"content":{"rendered":"<div class=\"entry data-app-meta data-app-meta-article\" data-embed-base-url-canonical=\"https:\/\/www.digi24.ro\/embed\/stiri\/actualitate\/politica\/victor-ponta-pregatit-pentru-cotroceni-daca-veti-considera-ca-eu-trebuie-sa-fiu-voi-fi-acel-candidat-235004\">\n<p data-index=\"1\">\u201e<span>Vom g\u0103si acel pre\u015fedinte \u0219i \u00eel vom sprijini, care poate s\u0103 fac\u0103 acele lucruri pe care rom\u00e2nii le a\u015fteapt\u0103. O s\u0103 fiu din nou \u00een prima linie a acestei b\u0103t\u0103lii. De data asta cred c\u0103 voi c\u00e2\u015ftiga. Dac\u0103 ve\u021bi considera c\u0103 eu trebuie s\u0103 fiu, bine\u00een\u021beles c\u0103 voi fi acel candidat\u201d, a declarat Victor Ponta.<\/span><\/p>\n<p data-index=\"2\">Mesajul a fost lansat la prezentarea candida\u0163ilor alian\u0163ei PSD-UNPR-PC pentru europarlamentare.<\/p>\n<\/div>\n<p> Source URL: https:\/\/www.digi24.ro\/stiri\/actualitate\/politica\/victor-ponta-pregatit-pentru-cotroceni-daca-veti-considera-ca-eu-trebuie-sa-fiu-voi-fi-acel-candidat-235004<\/p>\n","protected":false},"excerpt":{"rendered":"<p>\u201eVom g\u0103si acel pre\u015fedinte \u0219i \u00eel vom sprijini, care poate s\u0103 fac\u0103 acele lucruri pe care rom\u00e2nii le a\u015fteapt\u0103. O s\u0103 fiu din nou \u00een prima linie a acestei b\u0103t\u0103lii. De data asta cred c\u0103 voi c\u00e2\u015ftiga. Dac\u0103 ve\u021bi considera c\u0103 eu trebuie s\u0103 fiu, bine\u00een\u021beles c\u0103 voi fi acel candidat\u201d, a declarat Victor Ponta. [&hellip;]<\/p>\n","protected":false},"author":1,"featured_media":206986,"comment_status":"open","ping_status":"","sticky":false,"template":"","format":"standard","meta":{"footnotes":""},"categories":[2],"tags":[11],"class_list":["post-206985","post","type-post","status-publish","format-standard","has-post-thumbnail","hentry","category-politics","tag-digi24"],"_links":{"self":[{"href":"https:\/\/analyse.optim.biz\/index.php?rest_route=\/wp\/v2\/posts\/206985","targetHints":{"allow":["GET"]}}],"collection":[{"href":"https:\/\/analyse.optim.biz\/index.php?rest_route=\/wp\/v2\/posts"}],"about":[{"href":"https:\/\/analyse.optim.biz\/index.php?rest_route=\/wp\/v2\/types\/post"}],"author":[{"embeddable":true,"href":"https:\/\/analyse.optim.biz\/index.php?rest_route=\/wp\/v2\/users\/1"}],"replies":[{"embeddable":true,"href":"https:\/\/analyse.optim.biz\/index.php?rest_route=%2Fwp%2Fv2%2Fcomments&post=206985"}],"version-history":[{"count":0,"href":"https:\/\/analyse.optim.biz\/index.php?rest_route=\/wp\/v2\/posts\/206985\/revisions"}],"wp:featuredmedia":[{"embeddable":true,"href":"https:\/\/analyse.optim.biz\/index.php?rest_route=\/wp\/v2\/media\/206986"}],"wp:attachment":[{"href":"https:\/\/analyse.optim.biz\/index.php?rest_route=%2Fwp%2Fv2%2Fmedia&parent=206985"}],"wp:term":[{"taxonomy":"category","embeddable":true,"href":"https:\/\/analyse.optim.biz\/index.php?rest_route=%2Fwp%2Fv2%2Fcategories&post=206985"},{"taxonomy":"post_tag","embeddable":true,"href":"https:\/\/analyse.optim.biz\/index.php?rest_route=%2Fwp%2Fv2%2Ftags&post=206985"}],"curies":[{"name":"wp","href":"https:\/\/api.w.org\/{rel}","templated":true}]}}